{"id":1003,"date":"2010-06-16T01:22:21","date_gmt":"2010-06-16T06:22:21","guid":{"rendered":"http:\/\/akunq.net\/tr\/?p=1003"},"modified":"2010-06-16T01:22:21","modified_gmt":"2010-06-16T06:22:21","slug":"albay-gulmen-kafes-eylem-plani-gelecegi-parlak-subaylarin-yukselmesini-onlemek-icin-hazirlandi","status":"publish","type":"post","link":"https:\/\/akunq.net\/turkish\/2010\/06\/16\/albay-gulmen-kafes-eylem-plani-gelecegi-parlak-subaylarin-yukselmesini-onlemek-icin-hazirlandi\/","title":{"rendered":"Albay G\u00fclmen: Kafes Eylem Plan\u0131, gelece\u011fi parlak subaylar\u0131n y\u00fckselmesini \u00f6nlemek i\u00e7in haz\u0131rland\u0131"},"content":{"rendered":"<p style=\"text-align: justify\"><ins><span style=\"color: #000000\">\u0130stanbul 12. A\u011f\u0131r Ceza Mahkemesi&#8217;nde devam eden duru\u015fmada Albay Levent G\u00fclmen savunmas\u0131n\u0131 tamamlad\u0131. G\u00fclmen, gerek ihbar mektuplar\u0131 ve gerekse Kafes Eylem Plan\u0131 belgelerinde \u00e7ok say\u0131da askerin adlar\u0131 ve bilgilerinin yer ald\u0131\u011f\u0131n\u0131 belirtti. <\/span><\/ins><\/p>\n<p style=\"text-align: justify\"><ins><span style=\"color: #000000\">Az\u0131nl\u0131k okullar\u0131na g\u00f6nderildi\u011fi belirtilen tehdit mektuplar\u0131ndan, &#8220;Unutmay\u0131n\u0131z ki; Bu \u00fclkede ya\u015fayan bir\u00e7ok Ermeni vatanda\u015flar\u0131m\u0131zla yine Ermenistan vatanda\u015f\u0131 olup ekonomik zorluklar alt\u0131nda ya\u015fayan, ge\u00e7imini y\u0131llard\u0131r T\u00fcrkiye&#8217;de ve \u0130stanbul&#8217;da s\u00fcrd\u00fcren ka\u00e7ak Ermeniler bulunmaktad\u0131r. Bunlar\u0131n say\u0131s\u0131 100 bine yak\u0131nd\u0131r. \u00c7al\u0131\u015ft\u0131klar\u0131 i\u015fyerleri ve ikametleri de malum olarak yine bilinmektedir.&#8221; b\u00f6l\u00fcm\u00fcn\u00fc okuyan G\u00fclmen, &#8220;Bu ibareler size bir yerlerden tan\u0131d\u0131k gelmiyor mu? Say\u0131n Ba\u015fbakan&#8217;\u0131n, bundan bir ka\u00e7 ay \u00f6nce \u0130ngiltere&#8217;ye yapm\u0131\u015f oldu\u011fu ziyarette, BBC Radyosu&#8217;na verdi\u011fi bir deme\u00e7te, bire bir ayn\u0131 ibareleri kullanmas\u0131 tamamen bir tesad\u00fcf m\u00fc? E\u011fer 3 y\u0131l \u00f6ncesinden bu metni yazan, az\u0131nl\u0131klar\u0131 tehdit ediyor diye nitelendiriliyor ise as\u0131l tehdidi say\u0131n Ba\u015fbakan&#8217;\u0131n kendisi milyonlarca insana ula\u015facak \u015fekilde ve yurt i\u00e7indeki yay\u0131n kurulu\u015flar\u0131nda da defalarca tekrar ederken de yapm\u0131\u015f olmuyor mu? Bu durumda Say\u0131n Ba\u015fbakan da m\u0131 Kafes Operasyonu Eylem Plan\u0131&#8217;n\u0131n bir uygulay\u0131c\u0131s\u0131 ya da s\u00f6zc\u00fcs\u00fcd\u00fcr?&#8221; diye konu\u015ftu. <\/span><\/ins><\/p>\n<p style=\"text-align: justify\"><span style=\"color: #000000\">\u00a0\u00a015 Haziran 2010 Sal\u0131 &#8211; 20:38<strong> <\/strong><\/span><\/p>\n<p style=\"text-align: justify\"><a href=\"http:\/\/www.beyazgazete.com\/haber\/2010\/06\/15\/albay-gulmen-kafes-eylem-plani-gelecegi-parlak-subaylarin-yukselmesini-onlemek-icin-hazirlandi.html\"><span style=\"color: #000000\">http:\/\/www.beyazgazete.com\/haber\/2010\/06\/15\/albay-gulmen-kafes-eylem-plani-gelecegi-parlak-subaylarin-yukselmesini-onlemek-icin-hazirlandi.html<\/span><\/a><\/p>\n","protected":false},"excerpt":{"rendered":"<p>\u0130stanbul 12. A\u011f\u0131r Ceza Mahkemesi&#8217;nde devam eden duru\u015fmada Albay Levent G\u00fclmen savunmas\u0131n\u0131 tamamlad\u0131. G\u00fclmen, gerek ihbar mektuplar\u0131 ve gerekse Kafes Eylem Plan\u0131 belgelerinde \u00e7ok say\u0131da askerin adlar\u0131 ve bilgilerinin yer ald\u0131\u011f\u0131n\u0131 belirtti. Az\u0131nl\u0131k okullar\u0131na g\u00f6nderildi\u011fi belirtilen tehdit mektuplar\u0131ndan, &#8220;Unutmay\u0131n\u0131z ki; Bu \u00fclkede ya\u015fayan bir\u00e7ok Ermeni vatanda\u015flar\u0131m\u0131zla yine Ermenistan vatanda\u015f\u0131 olup ekonomik zorluklar alt\u0131nda ya\u015fayan, ge\u00e7imini [&hellip;]<\/p>\n","protected":false},"author":3,"featured_media":0,"comment_status":"closed","ping_status":"open","sticky":false,"template":"","format":"standard","meta":{"footnotes":""},"categories":[14],"tags":[],"class_list":["post-1003","post","type-post","status-publish","format-standard","hentry","category-haberler"],"yoast_head":"<!-- This site is optimized with the Yoast SEO plugin v27.4 - https:\/\/yoast.com\/product\/yoast-seo-wordpress\/ -->\n<title>Albay G\u00fclmen: Kafes Eylem Plan\u0131, gelece\u011fi parlak subaylar\u0131n y\u00fckselmesini \u00f6nlemek i\u00e7in haz\u0131rland\u0131 - Bati Ermenistan Ve Bati Ermenileri Sorunlari Ara\u015ftirmalar Merkezi<\/title>\n<meta name=\"robots\" content=\"index, follow, max-snippet:-1, max-image-preview:large, max-video-preview:-1\" \/>\n<link rel=\"canonical\" href=\"https:\/\/akunq.net\/turkish\/2010\/06\/16\/albay-gulmen-kafes-eylem-plani-gelecegi-parlak-subaylarin-yukselmesini-onlemek-icin-hazirlandi\/\" \/>\n<meta property=\"og:locale\" content=\"en_US\" \/>\n<meta property=\"og:type\" content=\"article\" \/>\n<meta property=\"og:title\" content=\"Albay G\u00fclmen: Kafes Eylem Plan\u0131, gelece\u011fi parlak subaylar\u0131n y\u00fckselmesini \u00f6nlemek i\u00e7in haz\u0131rland\u0131 - Bati Ermenistan Ve Bati Ermenileri Sorunlari Ara\u015ftirmalar Merkezi\" \/>\n<meta property=\"og:description\" content=\"\u0130stanbul 12. A\u011f\u0131r Ceza Mahkemesi&#8217;nde devam eden duru\u015fmada Albay Levent G\u00fclmen savunmas\u0131n\u0131 tamamlad\u0131. G\u00fclmen, gerek ihbar mektuplar\u0131 ve gerekse Kafes Eylem Plan\u0131 belgelerinde \u00e7ok say\u0131da askerin adlar\u0131 ve bilgilerinin yer ald\u0131\u011f\u0131n\u0131 belirtti. Az\u0131nl\u0131k okullar\u0131na g\u00f6nderildi\u011fi belirtilen tehdit mektuplar\u0131ndan, &#8220;Unutmay\u0131n\u0131z ki; Bu \u00fclkede ya\u015fayan bir\u00e7ok Ermeni vatanda\u015flar\u0131m\u0131zla yine Ermenistan vatanda\u015f\u0131 olup ekonomik zorluklar alt\u0131nda ya\u015fayan, ge\u00e7imini [&hellip;]\" \/>\n<meta property=\"og:url\" content=\"https:\/\/akunq.net\/turkish\/2010\/06\/16\/albay-gulmen-kafes-eylem-plani-gelecegi-parlak-subaylarin-yukselmesini-onlemek-icin-hazirlandi\/\" \/>\n<meta property=\"og:site_name\" content=\"Bati Ermenistan Ve Bati Ermenileri Sorunlari Ara\u015ftirmalar Merkezi\" \/>\n<meta property=\"article:published_time\" content=\"2010-06-16T06:22:21+00:00\" \/>\n<meta name=\"author\" content=\"kalem\" \/>\n<meta name=\"twitter:card\" content=\"summary_large_image\" \/>\n<meta name=\"twitter:label1\" content=\"Written by\" \/>\n\t<meta name=\"twitter:data1\" content=\"kalem\" \/>\n\t<meta name=\"twitter:label2\" content=\"Est. reading time\" \/>\n\t<meta name=\"twitter:data2\" content=\"1 minute\" \/>\n<script type=\"application\/ld+json\" class=\"yoast-schema-graph\">{\"@context\":\"https:\\\/\\\/schema.org\",\"@graph\":[{\"@type\":\"Article\",\"@id\":\"https:\\\/\\\/akunq.net\\\/turkish\\\/2010\\\/06\\\/16\\\/albay-gulmen-kafes-eylem-plani-gelecegi-parlak-subaylarin-yukselmesini-onlemek-icin-hazirlandi\\\/#article\",\"isPartOf\":{\"@id\":\"https:\\\/\\\/akunq.net\\\/turkish\\\/2010\\\/06\\\/16\\\/albay-gulmen-kafes-eylem-plani-gelecegi-parlak-subaylarin-yukselmesini-onlemek-icin-hazirlandi\\\/\"},\"author\":{\"name\":\"kalem\",\"@id\":\"https:\\\/\\\/akunq.net\\\/turkish\\\/#\\\/schema\\\/person\\\/135e7923d1aeb8887890799619969a6c\"},\"headline\":\"Albay G\u00fclmen: Kafes Eylem Plan\u0131, gelece\u011fi parlak subaylar\u0131n y\u00fckselmesini \u00f6nlemek i\u00e7in haz\u0131rland\u0131\",\"datePublished\":\"2010-06-16T06:22:21+00:00\",\"mainEntityOfPage\":{\"@id\":\"https:\\\/\\\/akunq.net\\\/turkish\\\/2010\\\/06\\\/16\\\/albay-gulmen-kafes-eylem-plani-gelecegi-parlak-subaylarin-yukselmesini-onlemek-icin-hazirlandi\\\/\"},\"wordCount\":264,\"articleSection\":[\"Haberler\"],\"inLanguage\":\"en-US\"},{\"@type\":\"WebPage\",\"@id\":\"https:\\\/\\\/akunq.net\\\/turkish\\\/2010\\\/06\\\/16\\\/albay-gulmen-kafes-eylem-plani-gelecegi-parlak-subaylarin-yukselmesini-onlemek-icin-hazirlandi\\\/\",\"url\":\"https:\\\/\\\/akunq.net\\\/turkish\\\/2010\\\/06\\\/16\\\/albay-gulmen-kafes-eylem-plani-gelecegi-parlak-subaylarin-yukselmesini-onlemek-icin-hazirlandi\\\/\",\"name\":\"Albay G\u00fclmen: Kafes Eylem Plan\u0131, gelece\u011fi parlak subaylar\u0131n y\u00fckselmesini \u00f6nlemek i\u00e7in haz\u0131rland\u0131 - Bati Ermenistan Ve Bati Ermenileri Sorunlari Ara\u015ftirmalar Merkezi\",\"isPartOf\":{\"@id\":\"https:\\\/\\\/akunq.net\\\/turkish\\\/#website\"},\"datePublished\":\"2010-06-16T06:22:21+00:00\",\"author\":{\"@id\":\"https:\\\/\\\/akunq.net\\\/turkish\\\/#\\\/schema\\\/person\\\/135e7923d1aeb8887890799619969a6c\"},\"breadcrumb\":{\"@id\":\"https:\\\/\\\/akunq.net\\\/turkish\\\/2010\\\/06\\\/16\\\/albay-gulmen-kafes-eylem-plani-gelecegi-parlak-subaylarin-yukselmesini-onlemek-icin-hazirlandi\\\/#breadcrumb\"},\"inLanguage\":\"en-US\",\"potentialAction\":[{\"@type\":\"ReadAction\",\"target\":[\"https:\\\/\\\/akunq.net\\\/turkish\\\/2010\\\/06\\\/16\\\/albay-gulmen-kafes-eylem-plani-gelecegi-parlak-subaylarin-yukselmesini-onlemek-icin-hazirlandi\\\/\"]}]},{\"@type\":\"BreadcrumbList\",\"@id\":\"https:\\\/\\\/akunq.net\\\/turkish\\\/2010\\\/06\\\/16\\\/albay-gulmen-kafes-eylem-plani-gelecegi-parlak-subaylarin-yukselmesini-onlemek-icin-hazirlandi\\\/#breadcrumb\",\"itemListElement\":[{\"@type\":\"ListItem\",\"position\":1,\"name\":\"Home\",\"item\":\"https:\\\/\\\/akunq.net\\\/turkish\\\/\"},{\"@type\":\"ListItem\",\"position\":2,\"name\":\"Albay G\u00fclmen: Kafes Eylem Plan\u0131, gelece\u011fi parlak subaylar\u0131n y\u00fckselmesini \u00f6nlemek i\u00e7in haz\u0131rland\u0131\"}]},{\"@type\":\"WebSite\",\"@id\":\"https:\\\/\\\/akunq.net\\\/turkish\\\/#website\",\"url\":\"https:\\\/\\\/akunq.net\\\/turkish\\\/\",\"name\":\"Bati Ermenistan Ve Bati Ermenileri Sorunlari Ara\u015ftirmalar Merkezi\",\"description\":\"\",\"potentialAction\":[{\"@type\":\"SearchAction\",\"target\":{\"@type\":\"EntryPoint\",\"urlTemplate\":\"https:\\\/\\\/akunq.net\\\/turkish\\\/?s={search_term_string}\"},\"query-input\":{\"@type\":\"PropertyValueSpecification\",\"valueRequired\":true,\"valueName\":\"search_term_string\"}}],\"inLanguage\":\"en-US\"},{\"@type\":\"Person\",\"@id\":\"https:\\\/\\\/akunq.net\\\/turkish\\\/#\\\/schema\\\/person\\\/135e7923d1aeb8887890799619969a6c\",\"name\":\"kalem\",\"image\":{\"@type\":\"ImageObject\",\"inLanguage\":\"en-US\",\"@id\":\"https:\\\/\\\/secure.gravatar.com\\\/avatar\\\/a06875e4b25feb5674296adf8e8a7ae1e587cebce2493fe63c456109967e27d3?s=96&d=mm&r=g\",\"url\":\"https:\\\/\\\/secure.gravatar.com\\\/avatar\\\/a06875e4b25feb5674296adf8e8a7ae1e587cebce2493fe63c456109967e27d3?s=96&d=mm&r=g\",\"contentUrl\":\"https:\\\/\\\/secure.gravatar.com\\\/avatar\\\/a06875e4b25feb5674296adf8e8a7ae1e587cebce2493fe63c456109967e27d3?s=96&d=mm&r=g\",\"caption\":\"kalem\"},\"url\":\"https:\\\/\\\/akunq.net\\\/turkish\\\/author\\\/kalem\\\/\"}]}<\/script>\n<!-- \/ Yoast SEO plugin. -->","yoast_head_json":{"title":"Albay G\u00fclmen: Kafes Eylem Plan\u0131, gelece\u011fi parlak subaylar\u0131n y\u00fckselmesini \u00f6nlemek i\u00e7in haz\u0131rland\u0131 - Bati Ermenistan Ve Bati Ermenileri Sorunlari Ara\u015ftirmalar Merkezi","robots":{"index":"index","follow":"follow","max-snippet":"max-snippet:-1","max-image-preview":"max-image-preview:large","max-video-preview":"max-video-preview:-1"},"canonical":"https:\/\/akunq.net\/turkish\/2010\/06\/16\/albay-gulmen-kafes-eylem-plani-gelecegi-parlak-subaylarin-yukselmesini-onlemek-icin-hazirlandi\/","og_locale":"en_US","og_type":"article","og_title":"Albay G\u00fclmen: Kafes Eylem Plan\u0131, gelece\u011fi parlak subaylar\u0131n y\u00fckselmesini \u00f6nlemek i\u00e7in haz\u0131rland\u0131 - Bati Ermenistan Ve Bati Ermenileri Sorunlari Ara\u015ftirmalar Merkezi","og_description":"\u0130stanbul 12. A\u011f\u0131r Ceza Mahkemesi&#8217;nde devam eden duru\u015fmada Albay Levent G\u00fclmen savunmas\u0131n\u0131 tamamlad\u0131. G\u00fclmen, gerek ihbar mektuplar\u0131 ve gerekse Kafes Eylem Plan\u0131 belgelerinde \u00e7ok say\u0131da askerin adlar\u0131 ve bilgilerinin yer ald\u0131\u011f\u0131n\u0131 belirtti. Az\u0131nl\u0131k okullar\u0131na g\u00f6nderildi\u011fi belirtilen tehdit mektuplar\u0131ndan, &#8220;Unutmay\u0131n\u0131z ki; Bu \u00fclkede ya\u015fayan bir\u00e7ok Ermeni vatanda\u015flar\u0131m\u0131zla yine Ermenistan vatanda\u015f\u0131 olup ekonomik zorluklar alt\u0131nda ya\u015fayan, ge\u00e7imini [&hellip;]","og_url":"https:\/\/akunq.net\/turkish\/2010\/06\/16\/albay-gulmen-kafes-eylem-plani-gelecegi-parlak-subaylarin-yukselmesini-onlemek-icin-hazirlandi\/","og_site_name":"Bati Ermenistan Ve Bati Ermenileri Sorunlari Ara\u015ftirmalar Merkezi","article_published_time":"2010-06-16T06:22:21+00:00","author":"kalem","twitter_card":"summary_large_image","twitter_misc":{"Written by":"kalem","Est. reading time":"1 minute"},"schema":{"@context":"https:\/\/schema.org","@graph":[{"@type":"Article","@id":"https:\/\/akunq.net\/turkish\/2010\/06\/16\/albay-gulmen-kafes-eylem-plani-gelecegi-parlak-subaylarin-yukselmesini-onlemek-icin-hazirlandi\/#article","isPartOf":{"@id":"https:\/\/akunq.net\/turkish\/2010\/06\/16\/albay-gulmen-kafes-eylem-plani-gelecegi-parlak-subaylarin-yukselmesini-onlemek-icin-hazirlandi\/"},"author":{"name":"kalem","@id":"https:\/\/akunq.net\/turkish\/#\/schema\/person\/135e7923d1aeb8887890799619969a6c"},"headline":"Albay G\u00fclmen: Kafes Eylem Plan\u0131, gelece\u011fi parlak subaylar\u0131n y\u00fckselmesini \u00f6nlemek i\u00e7in haz\u0131rland\u0131","datePublished":"2010-06-16T06:22:21+00:00","mainEntityOfPage":{"@id":"https:\/\/akunq.net\/turkish\/2010\/06\/16\/albay-gulmen-kafes-eylem-plani-gelecegi-parlak-subaylarin-yukselmesini-onlemek-icin-hazirlandi\/"},"wordCount":264,"articleSection":["Haberler"],"inLanguage":"en-US"},{"@type":"WebPage","@id":"https:\/\/akunq.net\/turkish\/2010\/06\/16\/albay-gulmen-kafes-eylem-plani-gelecegi-parlak-subaylarin-yukselmesini-onlemek-icin-hazirlandi\/","url":"https:\/\/akunq.net\/turkish\/2010\/06\/16\/albay-gulmen-kafes-eylem-plani-gelecegi-parlak-subaylarin-yukselmesini-onlemek-icin-hazirlandi\/","name":"Albay G\u00fclmen: Kafes Eylem Plan\u0131, gelece\u011fi parlak subaylar\u0131n y\u00fckselmesini \u00f6nlemek i\u00e7in haz\u0131rland\u0131 - Bati Ermenistan Ve Bati Ermenileri Sorunlari Ara\u015ftirmalar Merkezi","isPartOf":{"@id":"https:\/\/akunq.net\/turkish\/#website"},"datePublished":"2010-06-16T06:22:21+00:00","author":{"@id":"https:\/\/akunq.net\/turkish\/#\/schema\/person\/135e7923d1aeb8887890799619969a6c"},"breadcrumb":{"@id":"https:\/\/akunq.net\/turkish\/2010\/06\/16\/albay-gulmen-kafes-eylem-plani-gelecegi-parlak-subaylarin-yukselmesini-onlemek-icin-hazirlandi\/#breadcrumb"},"inLanguage":"en-US","potentialAction":[{"@type":"ReadAction","target":["https:\/\/akunq.net\/turkish\/2010\/06\/16\/albay-gulmen-kafes-eylem-plani-gelecegi-parlak-subaylarin-yukselmesini-onlemek-icin-hazirlandi\/"]}]},{"@type":"BreadcrumbList","@id":"https:\/\/akunq.net\/turkish\/2010\/06\/16\/albay-gulmen-kafes-eylem-plani-gelecegi-parlak-subaylarin-yukselmesini-onlemek-icin-hazirlandi\/#breadcrumb","itemListElement":[{"@type":"ListItem","position":1,"name":"Home","item":"https:\/\/akunq.net\/turkish\/"},{"@type":"ListItem","position":2,"name":"Albay G\u00fclmen: Kafes Eylem Plan\u0131, gelece\u011fi parlak subaylar\u0131n y\u00fckselmesini \u00f6nlemek i\u00e7in haz\u0131rland\u0131"}]},{"@type":"WebSite","@id":"https:\/\/akunq.net\/turkish\/#website","url":"https:\/\/akunq.net\/turkish\/","name":"Bati Ermenistan Ve Bati Ermenileri Sorunlari Ara\u015ftirmalar Merkezi","description":"","potentialAction":[{"@type":"SearchAction","target":{"@type":"EntryPoint","urlTemplate":"https:\/\/akunq.net\/turkish\/?s={search_term_string}"},"query-input":{"@type":"PropertyValueSpecification","valueRequired":true,"valueName":"search_term_string"}}],"inLanguage":"en-US"},{"@type":"Person","@id":"https:\/\/akunq.net\/turkish\/#\/schema\/person\/135e7923d1aeb8887890799619969a6c","name":"kalem","image":{"@type":"ImageObject","inLanguage":"en-US","@id":"https:\/\/secure.gravatar.com\/avatar\/a06875e4b25feb5674296adf8e8a7ae1e587cebce2493fe63c456109967e27d3?s=96&d=mm&r=g","url":"https:\/\/secure.gravatar.com\/avatar\/a06875e4b25feb5674296adf8e8a7ae1e587cebce2493fe63c456109967e27d3?s=96&d=mm&r=g","contentUrl":"https:\/\/secure.gravatar.com\/avatar\/a06875e4b25feb5674296adf8e8a7ae1e587cebce2493fe63c456109967e27d3?s=96&d=mm&r=g","caption":"kalem"},"url":"https:\/\/akunq.net\/turkish\/author\/kalem\/"}]}},"_links":{"self":[{"href":"https:\/\/akunq.net\/turkish\/wp-json\/wp\/v2\/posts\/1003","targetHints":{"allow":["GET"]}}],"collection":[{"href":"https:\/\/akunq.net\/turkish\/wp-json\/wp\/v2\/posts"}],"about":[{"href":"https:\/\/akunq.net\/turkish\/wp-json\/wp\/v2\/types\/post"}],"author":[{"embeddable":true,"href":"https:\/\/akunq.net\/turkish\/wp-json\/wp\/v2\/users\/3"}],"replies":[{"embeddable":true,"href":"https:\/\/akunq.net\/turkish\/wp-json\/wp\/v2\/comments?post=1003"}],"version-history":[{"count":0,"href":"https:\/\/akunq.net\/turkish\/wp-json\/wp\/v2\/posts\/1003\/revisions"}],"wp:attachment":[{"href":"https:\/\/akunq.net\/turkish\/wp-json\/wp\/v2\/media?parent=1003"}],"wp:term":[{"taxonomy":"category","embeddable":true,"href":"https:\/\/akunq.net\/turkish\/wp-json\/wp\/v2\/categories?post=1003"},{"taxonomy":"post_tag","embeddable":true,"href":"https:\/\/akunq.net\/turkish\/wp-json\/wp\/v2\/tags?post=1003"}],"curies":[{"name":"wp","href":"https:\/\/api.w.org\/{rel}","templated":true}]}}