{"id":87143,"date":"2026-09-04T01:02:18","date_gmt":"2026-09-04T06:02:18","guid":{"rendered":"https:\/\/akunq.net\/tr\/?p=87143"},"modified":"2026-09-04T01:02:18","modified_gmt":"2026-09-04T06:02:18","slug":"kapali-sinira-ragmen-ermeni-ve-turk-is-insanlari-is-birligini-surduruyor","status":"publish","type":"post","link":"https:\/\/akunq.net\/tr\/?p=87143","title":{"rendered":"Kapal\u0131 s\u0131n\u0131ra ra\u011fmen Ermeni ve T\u00fcrk i\u015f insanlar\u0131 i\u015f birli\u011fini s\u00fcrd\u00fcr\u00fcyor"},"content":{"rendered":"\n<p class=\"wp-block-paragraph\"><strong><em>Ermenistan ve T\u00fcrkiye aras\u0131ndaki diplomatik ili\u015fkilerin bulunmad\u0131\u011f\u0131 ve s\u0131n\u0131r\u0131n kapal\u0131 tutuldu\u011fu ko\u015fullarda dahi iki \u00fclke i\u015f insanlar\u0131 aras\u0131ndaki ili\u015fkilerin kesilmedi\u011fi belirtildi. Ermenistan-T\u00fcrkiye s\u0131n\u0131r\u0131n\u0131n a\u00e7\u0131lmas\u0131n\u0131n ula\u015f\u0131m maliyetlerini \u00f6nemli \u00f6l\u00e7\u00fcde azaltaca\u011f\u0131, kom\u015fu b\u00f6lgeler aras\u0131ndaki ticareti geli\u015ftirece\u011fi ve ortak yat\u0131r\u0131m projelerinin hayata ge\u00e7irilmesine imkan sa\u011flayaca\u011f\u0131 ifade edildi.<\/em><\/strong><\/p>\n\n\n\n<p class=\"wp-block-paragraph\">Ermenistan Sanayiciler ve \u0130\u015fadamlar\u0131 Birli\u011fi Ba\u015fkan\u0131 Arsen Ghazaryan, Yerevan\u2019da d\u00fczenlenen Ermenistan-T\u00fcrkiye \u0130\u015f Forumu\u2019nda yapt\u0131\u011f\u0131 konu\u015fmada bu de\u011ferlendirmelerde bulundu.<\/p>\n\n\n\n<p class=\"wp-block-paragraph\">Ghazaryan, Avrupa Birli\u011fi\u2019ne Ermenistan-T\u00fcrkiye ili\u015fkilerinin normalle\u015fmesini destekleyen program\u0131 onaylay\u0131p hayata ge\u00e7irdi\u011fi i\u00e7in, T\u00fcrk taraf\u0131ndaki ortaklar\u0131na ise giri\u015fime kat\u0131ld\u0131klar\u0131 i\u00e7in te\u015fekk\u00fcr etti.<\/p>\n\n\n\n<p class=\"wp-block-paragraph\">\u201c\u00d6ncelikle AB B\u00fcy\u00fckel\u00e7imize bu program\u0131 onaylad\u0131\u011f\u0131 ve hayata ge\u00e7irdi\u011fi i\u00e7in te\u015fekk\u00fcr etmek istiyorum. T\u00fcrk taraf\u0131ndan ortaklar\u0131m\u0131za da tarihi a\u00e7\u0131dan b\u00f6ylesine \u00f6nemli bir d\u00f6nemde bu \u00e7al\u0131\u015fmaya dahil olduklar\u0131 i\u00e7in te\u015fekk\u00fcr ediyorum.<\/p>\n\n\n\n<p class=\"wp-block-paragraph\">Bu, Ermeni-T\u00fcrk ekonomik, toplumsal ve k\u00fclt\u00fcrel ili\u015fkilerinin yeniden tesis edilmesini incelemeye, anlamaya ve desteklemeye y\u00f6nelik ikinci giri\u015fimimiz\u201d dedi.<\/p>\n\n\n\n<p class=\"wp-block-paragraph\">Ghazaryan, program\u0131n iki \u00fclke aras\u0131ndaki ili\u015fkilerin normalle\u015fmesini ama\u00e7lad\u0131\u011f\u0131n\u0131, ancak Ermeni ve T\u00fcrk i\u015f insanlar\u0131 aras\u0131ndaki ili\u015fkilerin kendi a\u00e7\u0131s\u0131ndan onlarca y\u0131ld\u0131r normal \u015fekilde devam etti\u011fini vurgulad\u0131.<\/p>\n\n\n\n<p class=\"wp-block-paragraph\">\u201cProgram\u0131n amac\u0131n\u0131n i\u015f insanlar\u0131 aras\u0131ndaki ili\u015fkileri normalle\u015ftirmek oldu\u011funu s\u00f6yledi\u011fimizde, asl\u0131nda b\u00f6yle bir durum s\u00f6z konusu de\u011fil. \u0130\u015f insanlar\u0131 olarak bizim ili\u015fkilerimiz 1993 y\u0131l\u0131ndan bu yana normal.<\/p>\n\n\n\n<p class=\"wp-block-paragraph\">S\u0131n\u0131r, 1993 y\u0131l\u0131nda T\u00fcrkiye\u2019nin tek tarafl\u0131 ve gayriresmi talimat\u0131yla kapat\u0131ld\u0131. Ermenistan s\u0131n\u0131r\u0131 ise hi\u00e7bir zaman resmi olarak kapat\u0131lmad\u0131\u201d diye konu\u015ftu.<\/p>\n\n\n\n<p class=\"wp-block-paragraph\">Ghazaryan\u2019a g\u00f6re, s\u0131n\u0131r\u0131n kapal\u0131 olmas\u0131na ra\u011fmen T\u00fcrk mallar\u0131 ve hizmetleri Ermenistan\u2019a girmeye devam ederken, Ermenistan\u2019dan T\u00fcrkiye\u2019ye ihracat imkanlar\u0131 son derece s\u0131n\u0131rl\u0131 kald\u0131 ve b\u00fcy\u00fck \u00f6l\u00e7\u00fcde \u00fc\u00e7\u00fcnc\u00fc \u00fclkeler \u00fczerinden ger\u00e7ekle\u015ftirildi.<\/p>\n\n\n\n<p class=\"wp-block-paragraph\">\u201c1993 y\u0131l\u0131ndan bug\u00fcne kadar T\u00fcrk mallar\u0131 ve hizmetleri Ermenistan\u2019a T\u00fcrk mal\u0131 olarak girmeye devam ediyor ve bunun hacmi 150, 200, 300 milyon dolara ula\u015f\u0131yor. Bizim T\u00fcrkiye\u2019ye bir \u00e7\u00f6p \u00e7ubu\u011fu veya kibrit bile ihra\u00e7 etme hakk\u0131m\u0131z yok. Ermenistan\u2019dan T\u00fcrkiye\u2019ye ihracat dolamba\u00e7l\u0131 yollarla ger\u00e7ekle\u015ftiriliyor.<\/p>\n\n\n\n<p class=\"wp-block-paragraph\">Dolay\u0131s\u0131yla i\u015f insanlar\u0131 birbirleriyle \u00e7al\u0131\u015f\u0131yor. \u00d6zellikle \u0130stanbul b\u00f6lgesindeki i\u015f insanlar\u0131yla bizim i\u015f insanlar\u0131m\u0131z \u00e7al\u0131\u015fmaya devam ediyor\u201d ifadelerini kulland\u0131.<\/p>\n\n\n\n<p class=\"wp-block-paragraph\">Ghazaryan, diplomatik ili\u015fkilerin yan\u0131 s\u0131ra i\u015f d\u00fcnyas\u0131na y\u00f6nelik devlet deste\u011fi ve koruma mekanizmalar\u0131n\u0131n bulunmad\u0131\u011f\u0131 ko\u015fullarda dahi Ermeni ve T\u00fcrk i\u015f insanlar\u0131n\u0131n i\u015f birli\u011fi yapmay\u0131 ve projelerini geli\u015ftirmeyi ba\u015fard\u0131\u011f\u0131n\u0131 vurgulad\u0131.<\/p>\n\n\n\n<p class=\"wp-block-paragraph\">\u201cBu y\u0131llar boyunca diplomatik ili\u015fkiler olmamas\u0131na, devlet taraf\u0131ndan i\u015f d\u00fcnyas\u0131na destek ve koruma sa\u011flanmamas\u0131na ra\u011fmen Ermeni ve T\u00fcrk i\u015f insanlar\u0131 normal \u015fekilde, T\u00fcrklerin deyimiyle \u2018ta\u015f gibi\u2019 \u00e7al\u0131\u015ft\u0131lar ve i\u015f projelerini geli\u015ftirmeye devam ettiler\u201d dedi.<\/p>\n\n\n\n<p class=\"wp-block-paragraph\">Ghazaryan, mevcut durumda ise ko\u015fullar\u0131n de\u011fi\u015fti\u011fini ve i\u015f d\u00fcnyas\u0131n\u0131n yeniden Ermenistan ile T\u00fcrkiye aras\u0131ndaki s\u0131n\u0131r\u0131n a\u00e7\u0131lmas\u0131n\u0131 bekledi\u011fini s\u00f6yledi.<\/p>\n\n\n\n<p class=\"wp-block-paragraph\">\u201cBug\u00fcn durum de\u011fi\u015fiyor. Bir kez daha s\u0131n\u0131r\u0131n yak\u0131nda a\u00e7\u0131lmas\u0131n\u0131 bekliyorlar. \u2018Yak\u0131nda\u2019\u2026 33 y\u0131ld\u0131r s\u0131n\u0131r\u0131n yak\u0131nda a\u00e7\u0131laca\u011f\u0131 s\u00f6yleniyor\u201d diye konu\u015ftu.<\/p>\n\n\n\n<h3 class=\"wp-block-heading\">\u201cVan, I\u011fd\u0131r ve Kars\u2019tan Erivan\u2019a 45 dakikada ula\u015f\u0131labilir\u201d<\/h3>\n\n\n\n<p class=\"wp-block-paragraph\">Ghazaryan, foruma kat\u0131lmak \u00fczere \u00f6zellikle s\u0131n\u0131r b\u00f6lgeleri olan Van, I\u011fd\u0131r ve Kars\u2019tan i\u015f insanlar\u0131n\u0131n Ermenistan\u2019a gelmesinden duydu\u011fu memnuniyeti dile getirdi.<\/p>\n\n\n\n<p class=\"wp-block-paragraph\">\u201cS\u0131n\u0131r a\u00e7\u0131k olsayd\u0131, bug\u00fcn gelen kom\u015fular\u0131m\u0131z, Van, I\u011fd\u0131r ve Kars\u2019tan i\u015f insanlar\u0131, 45 dakika i\u00e7inde Erivan\u2019a gelebilir veya G\u00fcmr\u00fc\u2019ye ula\u015fabilir ve bu kadar zorluk ya\u015famazd\u0131\u201d dedi.<\/p>\n\n\n\n<p class=\"wp-block-paragraph\">Ghazaryan, T\u00fcrk i\u015f insanlar\u0131na Ermenistan\u2019\u0131n ekonomik ve yat\u0131r\u0131m imkanlar\u0131n\u0131 ayr\u0131nt\u0131l\u0131 bi\u00e7imde incelemeleri, forum kapsam\u0131nda ger\u00e7ekle\u015ftirilen ikili B2B g\u00f6r\u00fc\u015fmelerine aktif \u015fekilde kat\u0131lmalar\u0131 ve Ermenistan\u2019da ortaklar bulmalar\u0131 \u00e7a\u011fr\u0131s\u0131nda bulundu.<\/p>\n\n\n\n<p class=\"wp-block-paragraph\">\u201cErmenistan T\u00fcrkiye ile kar\u015f\u0131la\u015ft\u0131r\u0131ld\u0131\u011f\u0131nda hem ekonomisi hem de n\u00fcfusu a\u00e7\u0131s\u0131ndan k\u00fc\u00e7\u00fck g\u00f6r\u00fcnebilir. Ancak \u00e7ok b\u00fcy\u00fck bir potansiyele sahibiz ve bunu uluslararas\u0131 i\u015f d\u00fcnyas\u0131nda, ticarette ve birbirimizle, \u00f6zellikle de T\u00fcrk i\u015f insanlar\u0131yla \u00e7al\u0131\u015f\u0131rken kan\u0131tlad\u0131k.<\/p>\n\n\n\n<p class=\"wp-block-paragraph\">Sizden ricam, Ermenistan\u2019\u0131 dikkatle incelemeniz, B2B g\u00f6r\u00fc\u015fmelerinde aktif \u015fekilde \u00e7al\u0131\u015fman\u0131z, kendinize ortaklar bulman\u0131z ve kom\u015fu \u00fclkeler aras\u0131ndaki ticareti geli\u015ftirmeniz\u201d ifadelerini kulland\u0131.<\/p>\n\n\n\n<p class=\"wp-block-paragraph\">Ghazaryan\u2019a g\u00f6re Ermeni-T\u00fcrk s\u0131n\u0131r\u0131n\u0131n a\u00e7\u0131lmas\u0131, iki \u00fclkenin s\u0131n\u0131r b\u00f6lgelerindeki i\u015f insanlar\u0131n\u0131n kar\u015f\u0131 kar\u015f\u0131ya oldu\u011fu ek ula\u015f\u0131m maliyetlerini neredeyse tamamen ortadan kald\u0131racak. Ayn\u0131 zamanda ortak projelerin hayata ge\u00e7irilmesi i\u00e7in yeni bir ihtiya\u00e7 ve f\u0131rsat alan\u0131 olu\u015fturacak.<\/p>\n\n\n\n<p class=\"wp-block-paragraph\">\u201cS\u0131n\u0131r\u0131n a\u00e7\u0131lmas\u0131 halinde ula\u015f\u0131m maliyeti neredeyse ortadan kalk\u0131yor. Birlikte projeler ger\u00e7ekle\u015ftirmek bir gereklilik haline geliyor.<\/p>\n\n\n\n<p class=\"wp-block-paragraph\">Her zaman bir \u00fclkede daha geli\u015fmi\u015f, di\u011ferinde ise daha az geli\u015fmi\u015f \u00fcr\u00fcnler, \u00fcretimler ve hizmetler olacakt\u0131r. Bunlar\u0131n birbirini tamamlamas\u0131 gerekiyor\u201d diye konu\u015ftu.<\/p>\n\n\n\n<h3 class=\"wp-block-heading\">\u201cDiplomatik ili\u015fkiler ortak yat\u0131r\u0131mlar\u0131n \u00f6n\u00fcn\u00fc a\u00e7acak\u201d<\/h3>\n\n\n\n<p class=\"wp-block-paragraph\">Ghazaryan, Ermenistan ile T\u00fcrkiye aras\u0131nda diplomatik ili\u015fkilerin kurulmas\u0131n\u0131n da \u00f6nem ta\u015f\u0131d\u0131\u011f\u0131n\u0131 belirterek bunun iki \u00fclkenin i\u015f insanlar\u0131n\u0131n ortak yat\u0131r\u0131m projeleri ger\u00e7ekle\u015ftirmesine imkan sa\u011flayaca\u011f\u0131n\u0131 s\u00f6yledi.<\/p>\n\n\n\n<p class=\"wp-block-paragraph\">Ghazaryan, \u015fimdiye kadar T\u00fcrkiye\u2019den Ermenistan\u2019a do\u011frudan yat\u0131r\u0131m yap\u0131lmas\u0131n\u0131n s\u0131n\u0131rl\u0131 oldu\u011funu ve bu t\u00fcr i\u015flemlerin \u00e7o\u011funlukla \u00fc\u00e7\u00fcnc\u00fc \u00fclkeler \u00fczerinden ger\u00e7ekle\u015ftirildi\u011fini ifade etti.<\/p>\n\n\n\n<p class=\"wp-block-paragraph\">\u201cE\u011fer nihayet diplomatik ili\u015fkiler kurulursa, birlikte yat\u0131r\u0131m projeleri de ger\u00e7ekle\u015ftirebilece\u011fiz.<\/p>\n\n\n\n<p class=\"wp-block-paragraph\">Bug\u00fcne kadar T\u00fcrkiye\u2019den herhangi bir yat\u0131r\u0131m yap\u0131lmas\u0131 yasakt\u0131. Bunlar \u00fc\u00e7\u00fcnc\u00fc \u00fclkeler \u00fczerinden ger\u00e7ekle\u015ftiriliyordu ve T\u00fcrk ve Ermeni bayraklar\u0131n\u0131 yan yana koyma imkan\u0131m\u0131z bile yoktu. D\u00fczen b\u00f6yleydi, \u015fimdi durum de\u011fi\u015fiyor\u201d dedi.<\/p>\n\n\n\n<p class=\"wp-block-paragraph\">Ermenistan Sanayiciler ve \u0130\u015fadamlar\u0131 Birli\u011fi Ba\u015fkan\u0131, T\u00fcrk i\u015f insanlar\u0131na de\u011fi\u015fen ko\u015fullardan yararlanma, yeni ili\u015fkiler kurma, ortaklar bulma ve pazarda faaliyet g\u00f6stermeye haz\u0131rlanma \u00e7a\u011fr\u0131s\u0131nda bulundu.<\/p>\n\n\n\n<p class=\"wp-block-paragraph\">\u201cErmenistan\u2019a \u00e7ok do\u011fru bir zamanda geldiniz. Bu f\u0131rsattan yararlanmal\u0131, yeni ili\u015fkiler kurmak i\u00e7in bir \u00f6rnek olu\u015fturmal\u0131, ortaklar edinmeli ve pazarda \u00e7al\u0131\u015fmal\u0131s\u0131n\u0131z\u201d ifadelerini kulland\u0131.<\/p>\n\n\n\n<h3 class=\"wp-block-heading\">\u0130\u015f d\u00fcnyas\u0131ndan yeni ba\u011flant\u0131lar \u00e7a\u011fr\u0131s\u0131<\/h3>\n\n\n\n<p class=\"wp-block-paragraph\">Konu\u015fmas\u0131n\u0131n sonunda T\u00fcrk heyeti \u00fcyelerine forumun iki g\u00fcn\u00fcn\u00fc verimli \u015fekilde de\u011ferlendirme \u00e7a\u011fr\u0131s\u0131nda bulunan Ghazaryan, Ermenistan Sanayiciler ve \u0130\u015fadamlar\u0131 Birli\u011fi, Van Ticaret ve Sanayi Odas\u0131 ve I\u011fd\u0131r\u2019daki i\u015f d\u00fcnyas\u0131 kurulu\u015flar\u0131n\u0131n yeni ba\u011flant\u0131lar\u0131n kurulmas\u0131 ve g\u00fcvenilir ortaklar\u0131n se\u00e7ilmesi konusunda destek vermeye haz\u0131r oldu\u011funu s\u00f6yledi.<\/p>\n\n\n\n<p class=\"wp-block-paragraph\">\u201cBir kez daha ho\u015f geldiniz demek istiyorum. Bu iki g\u00fcn\u00fc verimli \u015fekilde de\u011ferlendirmeye \u00e7al\u0131\u015f\u0131n.<\/p>\n\n\n\n<p class=\"wp-block-paragraph\">Biz kurumlar olarak \u2014 Ermenistan Sanayiciler ve \u0130\u015fadamlar\u0131 Birli\u011fi, Van Ticaret ve Sanayi Odas\u0131 ve I\u011fd\u0131r \u0130hracat\u00e7\u0131lar Birli\u011fi \u2014 ba\u011flant\u0131lar\u0131n kurulmas\u0131na ve ortaklar\u0131n se\u00e7ilmesine destek olmaya, sizi garanti alt\u0131na almaya ve yan\u0131n\u0131zda durmaya haz\u0131r\u0131z.<\/p>\n\n\n\n<p class=\"wp-block-paragraph\">Umar\u0131m bir s\u00fcre sonra bu i\u015f g\u00f6r\u00fc\u015fmelerinden ve temaslardan elde edece\u011fimiz sonu\u00e7lar\u0131 kamuoyuna, Avrupa Birli\u011fi\u2019ne ve devletlerimize de sunabilece\u011fiz\u201d diyerek s\u00f6zlerini tamamlad\u0131.<\/p>\n\n\n\n<p class=\"wp-block-paragraph\"><strong><em>Kaynak:\u00a0<a href=\"https:\/\/ermenihaber.am\/\">Ermeni Haber<\/a><\/em><\/strong><\/p>\n","protected":false},"excerpt":{"rendered":"<p>Ermenistan ve T\u00fcrkiye aras\u0131ndaki diplomatik ili\u015fkilerin bulunmad\u0131\u011f\u0131 ve s\u0131n\u0131r\u0131n kapal\u0131 tutuldu\u011fu ko\u015fullarda dahi iki \u00fclke i\u015f insanlar\u0131 aras\u0131ndaki ili\u015fkilerin kesilmedi\u011fi belirtildi. Ermenistan-T\u00fcrkiye s\u0131n\u0131r\u0131n\u0131n a\u00e7\u0131lmas\u0131n\u0131n ula\u015f\u0131m maliyetlerini \u00f6nemli \u00f6l\u00e7\u00fcde azaltaca\u011f\u0131, kom\u015fu b\u00f6lgeler aras\u0131ndaki ticareti geli\u015ftirece\u011fi ve ortak yat\u0131r\u0131m projelerinin hayata ge\u00e7irilmesine imkan sa\u011flayaca\u011f\u0131 ifade edildi. Ermenistan Sanayiciler ve \u0130\u015fadamlar\u0131 Birli\u011fi Ba\u015fkan\u0131 Arsen Ghazaryan, Yerevan\u2019da d\u00fczenlenen Ermenistan-T\u00fcrkiye [&hellip;]<\/p>\n","protected":false},"author":1,"featured_media":87144,"comment_status":"open","ping_status":"open","sticky":false,"template":"","format":"standard","meta":{"footnotes":""},"categories":[55,1],"tags":[],"class_list":["post-87143","post","type-post","status-publish","format-standard","has-post-thumbnail","hentry","category-ermenistan-turkiye","category-haberler"],"yoast_head":"<!-- This site is optimized with the Yoast SEO plugin v28.1 - https:\/\/yoast.com\/product\/yoast-seo-wordpress\/ -->\n<title>Kapal\u0131 s\u0131n\u0131ra ra\u011fmen Ermeni ve T\u00fcrk i\u015f insanlar\u0131 i\u015f birli\u011fini s\u00fcrd\u00fcr\u00fcyor - Bati Ermenistan Ve Bati Ermenileri Sorunlari Ara\u015ftirmalar Merkezi<\/title>\n<meta name=\"robots\" content=\"index, follow, max-snippet:-1, max-image-preview:large, max-video-preview:-1\" \/>\n<link rel=\"canonical\" href=\"https:\/\/akunq.net\/tr\/?p=87143\" \/>\n<meta property=\"og:locale\" content=\"en_US\" \/>\n<meta property=\"og:type\" content=\"article\" \/>\n<meta property=\"og:title\" content=\"Kapal\u0131 s\u0131n\u0131ra ra\u011fmen Ermeni ve T\u00fcrk i\u015f insanlar\u0131 i\u015f birli\u011fini s\u00fcrd\u00fcr\u00fcyor - Bati Ermenistan Ve Bati Ermenileri Sorunlari Ara\u015ftirmalar Merkezi\" \/>\n<meta property=\"og:description\" content=\"Ermenistan ve T\u00fcrkiye aras\u0131ndaki diplomatik ili\u015fkilerin bulunmad\u0131\u011f\u0131 ve s\u0131n\u0131r\u0131n kapal\u0131 tutuldu\u011fu ko\u015fullarda dahi iki \u00fclke i\u015f insanlar\u0131 aras\u0131ndaki ili\u015fkilerin kesilmedi\u011fi belirtildi. Ermenistan-T\u00fcrkiye s\u0131n\u0131r\u0131n\u0131n a\u00e7\u0131lmas\u0131n\u0131n ula\u015f\u0131m maliyetlerini \u00f6nemli \u00f6l\u00e7\u00fcde azaltaca\u011f\u0131, kom\u015fu b\u00f6lgeler aras\u0131ndaki ticareti geli\u015ftirece\u011fi ve ortak yat\u0131r\u0131m projelerinin hayata ge\u00e7irilmesine imkan sa\u011flayaca\u011f\u0131 ifade edildi. Ermenistan Sanayiciler ve \u0130\u015fadamlar\u0131 Birli\u011fi Ba\u015fkan\u0131 Arsen Ghazaryan, Yerevan\u2019da d\u00fczenlenen Ermenistan-T\u00fcrkiye [&hellip;]\" \/>\n<meta property=\"og:url\" content=\"https:\/\/akunq.net\/tr\/?p=87143\" \/>\n<meta property=\"og:site_name\" content=\"Bati Ermenistan Ve Bati Ermenileri Sorunlari Ara\u015ftirmalar Merkezi\" \/>\n<meta property=\"article:published_time\" content=\"2026-09-04T06:02:18+00:00\" \/>\n<meta property=\"og:image\" content=\"https:\/\/akunq.net\/tr\/wp-content\/uploads\/sites\/6\/2026\/09\/Arsen-Ghazaryan.jpg\" \/>\n\t<meta property=\"og:image:width\" content=\"480\" \/>\n\t<meta property=\"og:image:height\" content=\"411\" \/>\n\t<meta property=\"og:image:type\" content=\"image\/jpeg\" \/>\n<meta name=\"author\" content=\"admin\" \/>\n<meta name=\"twitter:card\" content=\"summary_large_image\" \/>\n<meta name=\"twitter:label1\" content=\"Written by\" \/>\n\t<meta name=\"twitter:data1\" content=\"admin\" \/>\n\t<meta name=\"twitter:label2\" content=\"Est. reading time\" \/>\n\t<meta name=\"twitter:data2\" content=\"4 minutes\" \/>\n<script type=\"application\/ld+json\" class=\"yoast-schema-graph\">{\"@context\":\"https:\\\/\\\/schema.org\",\"@graph\":[{\"@type\":\"Article\",\"@id\":\"https:\\\/\\\/akunq.net\\\/tr\\\/?p=87143#article\",\"isPartOf\":{\"@id\":\"https:\\\/\\\/akunq.net\\\/tr\\\/?p=87143\"},\"author\":{\"name\":\"admin\",\"@id\":\"https:\\\/\\\/akunq.net\\\/tr\\\/#\\\/schema\\\/person\\\/42a46675f00a8f1e84520e8c56500de3\"},\"headline\":\"Kapal\u0131 s\u0131n\u0131ra ra\u011fmen Ermeni ve T\u00fcrk i\u015f insanlar\u0131 i\u015f birli\u011fini s\u00fcrd\u00fcr\u00fcyor\",\"datePublished\":\"2026-09-04T06:02:18+00:00\",\"mainEntityOfPage\":{\"@id\":\"https:\\\/\\\/akunq.net\\\/tr\\\/?p=87143\"},\"wordCount\":1362,\"commentCount\":0,\"image\":{\"@id\":\"https:\\\/\\\/akunq.net\\\/tr\\\/?p=87143#primaryimage\"},\"thumbnailUrl\":\"https:\\\/\\\/akunq.net\\\/tr\\\/wp-content\\\/uploads\\\/sites\\\/6\\\/2026\\\/09\\\/Arsen-Ghazaryan.jpg\",\"articleSection\":[\"Ermenistan-T\u00fcrkiye\",\"Haberler\"],\"inLanguage\":\"en-US\",\"potentialAction\":[{\"@type\":\"CommentAction\",\"name\":\"Comment\",\"target\":[\"https:\\\/\\\/akunq.net\\\/tr\\\/?p=87143#respond\"]}]},{\"@type\":\"WebPage\",\"@id\":\"https:\\\/\\\/akunq.net\\\/tr\\\/?p=87143\",\"url\":\"https:\\\/\\\/akunq.net\\\/tr\\\/?p=87143\",\"name\":\"Kapal\u0131 s\u0131n\u0131ra ra\u011fmen Ermeni ve T\u00fcrk i\u015f insanlar\u0131 i\u015f birli\u011fini s\u00fcrd\u00fcr\u00fcyor - Bati Ermenistan Ve Bati Ermenileri Sorunlari Ara\u015ftirmalar Merkezi\",\"isPartOf\":{\"@id\":\"https:\\\/\\\/akunq.net\\\/tr\\\/#website\"},\"primaryImageOfPage\":{\"@id\":\"https:\\\/\\\/akunq.net\\\/tr\\\/?p=87143#primaryimage\"},\"image\":{\"@id\":\"https:\\\/\\\/akunq.net\\\/tr\\\/?p=87143#primaryimage\"},\"thumbnailUrl\":\"https:\\\/\\\/akunq.net\\\/tr\\\/wp-content\\\/uploads\\\/sites\\\/6\\\/2026\\\/09\\\/Arsen-Ghazaryan.jpg\",\"datePublished\":\"2026-09-04T06:02:18+00:00\",\"author\":{\"@id\":\"https:\\\/\\\/akunq.net\\\/tr\\\/#\\\/schema\\\/person\\\/42a46675f00a8f1e84520e8c56500de3\"},\"breadcrumb\":{\"@id\":\"https:\\\/\\\/akunq.net\\\/tr\\\/?p=87143#breadcrumb\"},\"inLanguage\":\"en-US\",\"potentialAction\":[{\"@type\":\"ReadAction\",\"target\":[\"https:\\\/\\\/akunq.net\\\/tr\\\/?p=87143\"]}]},{\"@type\":\"ImageObject\",\"inLanguage\":\"en-US\",\"@id\":\"https:\\\/\\\/akunq.net\\\/tr\\\/?p=87143#primaryimage\",\"url\":\"https:\\\/\\\/akunq.net\\\/tr\\\/wp-content\\\/uploads\\\/sites\\\/6\\\/2026\\\/09\\\/Arsen-Ghazaryan.jpg\",\"contentUrl\":\"https:\\\/\\\/akunq.net\\\/tr\\\/wp-content\\\/uploads\\\/sites\\\/6\\\/2026\\\/09\\\/Arsen-Ghazaryan.jpg\",\"width\":480,\"height\":411},{\"@type\":\"BreadcrumbList\",\"@id\":\"https:\\\/\\\/akunq.net\\\/tr\\\/?p=87143#breadcrumb\",\"itemListElement\":[{\"@type\":\"ListItem\",\"position\":1,\"name\":\"Home\",\"item\":\"https:\\\/\\\/akunq.net\\\/tr\"},{\"@type\":\"ListItem\",\"position\":2,\"name\":\"Kapal\u0131 s\u0131n\u0131ra ra\u011fmen Ermeni ve T\u00fcrk i\u015f insanlar\u0131 i\u015f birli\u011fini s\u00fcrd\u00fcr\u00fcyor\"}]},{\"@type\":\"WebSite\",\"@id\":\"https:\\\/\\\/akunq.net\\\/tr\\\/#website\",\"url\":\"https:\\\/\\\/akunq.net\\\/tr\\\/\",\"name\":\"Bati Ermenistan Ve Bati Ermenileri Sorunlari Ara\u015ftirmalar Merkezi\",\"description\":\"\",\"potentialAction\":[{\"@type\":\"SearchAction\",\"target\":{\"@type\":\"EntryPoint\",\"urlTemplate\":\"https:\\\/\\\/akunq.net\\\/tr\\\/?s={search_term_string}\"},\"query-input\":{\"@type\":\"PropertyValueSpecification\",\"valueRequired\":true,\"valueName\":\"search_term_string\"}}],\"inLanguage\":\"en-US\"},{\"@type\":\"Person\",\"@id\":\"https:\\\/\\\/akunq.net\\\/tr\\\/#\\\/schema\\\/person\\\/42a46675f00a8f1e84520e8c56500de3\",\"name\":\"admin\",\"url\":\"https:\\\/\\\/akunq.net\\\/tr\\\/?author=1\"}]}<\/script>\n<!-- \/ Yoast SEO plugin. -->","yoast_head_json":{"title":"Kapal\u0131 s\u0131n\u0131ra ra\u011fmen Ermeni ve T\u00fcrk i\u015f insanlar\u0131 i\u015f birli\u011fini s\u00fcrd\u00fcr\u00fcyor - Bati Ermenistan Ve Bati Ermenileri Sorunlari Ara\u015ftirmalar Merkezi","robots":{"index":"index","follow":"follow","max-snippet":"max-snippet:-1","max-image-preview":"max-image-preview:large","max-video-preview":"max-video-preview:-1"},"canonical":"https:\/\/akunq.net\/tr\/?p=87143","og_locale":"en_US","og_type":"article","og_title":"Kapal\u0131 s\u0131n\u0131ra ra\u011fmen Ermeni ve T\u00fcrk i\u015f insanlar\u0131 i\u015f birli\u011fini s\u00fcrd\u00fcr\u00fcyor - Bati Ermenistan Ve Bati Ermenileri Sorunlari Ara\u015ftirmalar Merkezi","og_description":"Ermenistan ve T\u00fcrkiye aras\u0131ndaki diplomatik ili\u015fkilerin bulunmad\u0131\u011f\u0131 ve s\u0131n\u0131r\u0131n kapal\u0131 tutuldu\u011fu ko\u015fullarda dahi iki \u00fclke i\u015f insanlar\u0131 aras\u0131ndaki ili\u015fkilerin kesilmedi\u011fi belirtildi. Ermenistan-T\u00fcrkiye s\u0131n\u0131r\u0131n\u0131n a\u00e7\u0131lmas\u0131n\u0131n ula\u015f\u0131m maliyetlerini \u00f6nemli \u00f6l\u00e7\u00fcde azaltaca\u011f\u0131, kom\u015fu b\u00f6lgeler aras\u0131ndaki ticareti geli\u015ftirece\u011fi ve ortak yat\u0131r\u0131m projelerinin hayata ge\u00e7irilmesine imkan sa\u011flayaca\u011f\u0131 ifade edildi. Ermenistan Sanayiciler ve \u0130\u015fadamlar\u0131 Birli\u011fi Ba\u015fkan\u0131 Arsen Ghazaryan, Yerevan\u2019da d\u00fczenlenen Ermenistan-T\u00fcrkiye [&hellip;]","og_url":"https:\/\/akunq.net\/tr\/?p=87143","og_site_name":"Bati Ermenistan Ve Bati Ermenileri Sorunlari Ara\u015ftirmalar Merkezi","article_published_time":"2026-09-04T06:02:18+00:00","og_image":[{"width":480,"height":411,"url":"https:\/\/akunq.net\/tr\/wp-content\/uploads\/sites\/6\/2026\/09\/Arsen-Ghazaryan.jpg","type":"image\/jpeg"}],"author":"admin","twitter_card":"summary_large_image","twitter_misc":{"Written by":"admin","Est. reading time":"4 minutes"},"schema":{"@context":"https:\/\/schema.org","@graph":[{"@type":"Article","@id":"https:\/\/akunq.net\/tr\/?p=87143#article","isPartOf":{"@id":"https:\/\/akunq.net\/tr\/?p=87143"},"author":{"name":"admin","@id":"https:\/\/akunq.net\/tr\/#\/schema\/person\/42a46675f00a8f1e84520e8c56500de3"},"headline":"Kapal\u0131 s\u0131n\u0131ra ra\u011fmen Ermeni ve T\u00fcrk i\u015f insanlar\u0131 i\u015f birli\u011fini s\u00fcrd\u00fcr\u00fcyor","datePublished":"2026-09-04T06:02:18+00:00","mainEntityOfPage":{"@id":"https:\/\/akunq.net\/tr\/?p=87143"},"wordCount":1362,"commentCount":0,"image":{"@id":"https:\/\/akunq.net\/tr\/?p=87143#primaryimage"},"thumbnailUrl":"https:\/\/akunq.net\/tr\/wp-content\/uploads\/sites\/6\/2026\/09\/Arsen-Ghazaryan.jpg","articleSection":["Ermenistan-T\u00fcrkiye","Haberler"],"inLanguage":"en-US","potentialAction":[{"@type":"CommentAction","name":"Comment","target":["https:\/\/akunq.net\/tr\/?p=87143#respond"]}]},{"@type":"WebPage","@id":"https:\/\/akunq.net\/tr\/?p=87143","url":"https:\/\/akunq.net\/tr\/?p=87143","name":"Kapal\u0131 s\u0131n\u0131ra ra\u011fmen Ermeni ve T\u00fcrk i\u015f insanlar\u0131 i\u015f birli\u011fini s\u00fcrd\u00fcr\u00fcyor - Bati Ermenistan Ve Bati Ermenileri Sorunlari Ara\u015ftirmalar Merkezi","isPartOf":{"@id":"https:\/\/akunq.net\/tr\/#website"},"primaryImageOfPage":{"@id":"https:\/\/akunq.net\/tr\/?p=87143#primaryimage"},"image":{"@id":"https:\/\/akunq.net\/tr\/?p=87143#primaryimage"},"thumbnailUrl":"https:\/\/akunq.net\/tr\/wp-content\/uploads\/sites\/6\/2026\/09\/Arsen-Ghazaryan.jpg","datePublished":"2026-09-04T06:02:18+00:00","author":{"@id":"https:\/\/akunq.net\/tr\/#\/schema\/person\/42a46675f00a8f1e84520e8c56500de3"},"breadcrumb":{"@id":"https:\/\/akunq.net\/tr\/?p=87143#breadcrumb"},"inLanguage":"en-US","potentialAction":[{"@type":"ReadAction","target":["https:\/\/akunq.net\/tr\/?p=87143"]}]},{"@type":"ImageObject","inLanguage":"en-US","@id":"https:\/\/akunq.net\/tr\/?p=87143#primaryimage","url":"https:\/\/akunq.net\/tr\/wp-content\/uploads\/sites\/6\/2026\/09\/Arsen-Ghazaryan.jpg","contentUrl":"https:\/\/akunq.net\/tr\/wp-content\/uploads\/sites\/6\/2026\/09\/Arsen-Ghazaryan.jpg","width":480,"height":411},{"@type":"BreadcrumbList","@id":"https:\/\/akunq.net\/tr\/?p=87143#breadcrumb","itemListElement":[{"@type":"ListItem","position":1,"name":"Home","item":"https:\/\/akunq.net\/tr"},{"@type":"ListItem","position":2,"name":"Kapal\u0131 s\u0131n\u0131ra ra\u011fmen Ermeni ve T\u00fcrk i\u015f insanlar\u0131 i\u015f birli\u011fini s\u00fcrd\u00fcr\u00fcyor"}]},{"@type":"WebSite","@id":"https:\/\/akunq.net\/tr\/#website","url":"https:\/\/akunq.net\/tr\/","name":"Bati Ermenistan Ve Bati Ermenileri Sorunlari Ara\u015ftirmalar Merkezi","description":"","potentialAction":[{"@type":"SearchAction","target":{"@type":"EntryPoint","urlTemplate":"https:\/\/akunq.net\/tr\/?s={search_term_string}"},"query-input":{"@type":"PropertyValueSpecification","valueRequired":true,"valueName":"search_term_string"}}],"inLanguage":"en-US"},{"@type":"Person","@id":"https:\/\/akunq.net\/tr\/#\/schema\/person\/42a46675f00a8f1e84520e8c56500de3","name":"admin","url":"https:\/\/akunq.net\/tr\/?author=1"}]}},"_links":{"self":[{"href":"https:\/\/akunq.net\/tr\/index.php?rest_route=\/wp\/v2\/posts\/87143","targetHints":{"allow":["GET"]}}],"collection":[{"href":"https:\/\/akunq.net\/tr\/index.php?rest_route=\/wp\/v2\/posts"}],"about":[{"href":"https:\/\/akunq.net\/tr\/index.php?rest_route=\/wp\/v2\/types\/post"}],"author":[{"embeddable":true,"href":"https:\/\/akunq.net\/tr\/index.php?rest_route=\/wp\/v2\/users\/1"}],"replies":[{"embeddable":true,"href":"https:\/\/akunq.net\/tr\/index.php?rest_route=%2Fwp%2Fv2%2Fcomments&post=87143"}],"version-history":[{"count":1,"href":"https:\/\/akunq.net\/tr\/index.php?rest_route=\/wp\/v2\/posts\/87143\/revisions"}],"predecessor-version":[{"id":87145,"href":"https:\/\/akunq.net\/tr\/index.php?rest_route=\/wp\/v2\/posts\/87143\/revisions\/87145"}],"wp:featuredmedia":[{"embeddable":true,"href":"https:\/\/akunq.net\/tr\/index.php?rest_route=\/wp\/v2\/media\/87144"}],"wp:attachment":[{"href":"https:\/\/akunq.net\/tr\/index.php?rest_route=%2Fwp%2Fv2%2Fmedia&parent=87143"}],"wp:term":[{"taxonomy":"category","embeddable":true,"href":"https:\/\/akunq.net\/tr\/index.php?rest_route=%2Fwp%2Fv2%2Fcategories&post=87143"},{"taxonomy":"post_tag","embeddable":true,"href":"https:\/\/akunq.net\/tr\/index.php?rest_route=%2Fwp%2Fv2%2Ftags&post=87143"}],"curies":[{"name":"wp","href":"https:\/\/api.w.org\/{rel}","templated":true}]}}