{"id":87140,"date":"2026-09-04T00:50:02","date_gmt":"2026-09-04T05:50:02","guid":{"rendered":"https:\/\/akunq.net\/tr\/?p=87140"},"modified":"2026-09-04T00:50:03","modified_gmt":"2026-09-04T05:50:03","slug":"van-ticaret-ve-sanayi-odasi-ermenistan-turkiye-ekonomik-iliskilerini-koordine-edecek-temsilciligin-vanda-kurulmasini-onerdi","status":"publish","type":"post","link":"https:\/\/akunq.net\/tr\/?p=87140","title":{"rendered":"Van Ticaret ve Sanayi Odas\u0131, Ermenistan-T\u00fcrkiye ekonomik ili\u015fkilerini koordine edecek temsilcili\u011fin Van\u2019da kurulmas\u0131n\u0131 \u00f6nerdi"},"content":{"rendered":"\n<p class=\"wp-block-paragraph\"><strong><em> Van Ticaret ve Sanayi Odas\u0131, Ermenistan-T\u00fcrkiye ili\u015fkilerinin normalle\u015fmesi s\u00fcrecinde ortaya \u00e7\u0131kacak ekonomik ba\u011flar\u0131n ve ticari konular\u0131n yerinde koordinasyonunu sa\u011flayacak bir temsilcili\u011fin olu\u015fturulmas\u0131 i\u00e7in kendi hizmet binas\u0131nda yer tahsis etmeye haz\u0131r oldu\u011funu a\u00e7\u0131klad\u0131.<\/em><\/strong><\/p>\n\n\n\n<p class=\"wp-block-paragraph\">Ermenistan\u2019\u0131n ba\u015fkenti Yerevan\u2019da d\u00fczenlenen Ermenistan-T\u00fcrkiye \u0130\u015f Forumu\u2019nda konu\u015fan Van Ticaret ve Sanayi Odas\u0131 Ba\u015fkan\u0131 Necdet Takva, s\u00f6z konusu temsilcili\u011fin kurulmas\u0131n\u0131 \u201cstratejik bir gereklilik\u201d olarak de\u011ferlendirdi.<\/p>\n\n\n\n<p class=\"wp-block-paragraph\">Takva, \u201cNormalle\u015fme s\u00fcreci sonucunda ortaya \u00e7\u0131kacak ekonomik ili\u015fkilerin, koordinasyonun ve ticari konular\u0131n yerinde y\u00f6netilmesi i\u00e7in Van\u2019da uygun bir temsilcili\u011fin kurulmas\u0131n\u0131 stratejik bir gereklilik olarak g\u00f6r\u00fcyoruz. Van Ticaret ve Sanayi Odas\u0131 olarak, modern hizmet binam\u0131zda b\u00f6yle bir temsilcili\u011fin kurulmas\u0131 i\u00e7in yer tahsis etmeye ve bu y\u00f6nde giri\u015fimde bulunmaya haz\u0131r\u0131z\u201d dedi.<\/p>\n\n\n\n<p class=\"wp-block-paragraph\">Van Ticaret ve Sanayi Odas\u0131 Ba\u015fkan\u0131, kendisinin ve beraberindeki heyetin Ermenistan\u2019da T\u00fcrkiye\u2019nin ulusal politikas\u0131n\u0131 temsil etmedi\u011fini vurgulayarak, ama\u00e7lar\u0131n\u0131n Van\u2019\u0131n ve kentteki i\u015f d\u00fcnyas\u0131n\u0131n ekonomik \u00e7\u0131karlar\u0131n\u0131 ve f\u0131rsatlar\u0131n\u0131 ortaya koymak oldu\u011funu belirtti.<\/p>\n\n\n\n<p class=\"wp-block-paragraph\">Takva, \u201cBurada \u00fclkemizin ulusal politikas\u0131n\u0131 temsil etmiyoruz. Buraday\u0131z \u00e7\u00fcnk\u00fc \u015fehrimizin ve i\u015f insanlar\u0131m\u0131z\u0131n \u00e7\u0131karlar\u0131n\u0131 ve ekonomik f\u0131rsatlar\u0131n\u0131 temsil etmek ve bunlar\u0131 geni\u015fletmek istiyoruz\u201d ifadelerini kulland\u0131.<\/p>\n\n\n\n<p class=\"wp-block-paragraph\">Van ile Erivan aras\u0131ndaki tarihsel ve sosyo-k\u00fclt\u00fcrel ba\u011flara da de\u011finen Takva, ortak co\u011frafya ve tarihi miras\u0131n kar\u015f\u0131l\u0131kl\u0131 refah, s\u0131n\u0131r ticareti ve kal\u0131c\u0131 b\u00f6lgesel bar\u0131\u015f i\u00e7in temel olu\u015fturabilece\u011fini s\u00f6yledi.<\/p>\n\n\n\n<p class=\"wp-block-paragraph\">\u201cCo\u011frafya kaderdir. Ancak bu kaderi kar\u015f\u0131l\u0131kl\u0131 refaha, s\u0131n\u0131r ticaretine ve kal\u0131c\u0131 b\u00f6lgesel bar\u0131\u015fa d\u00f6n\u00fc\u015ft\u00fcrmek bize, yani ortak irademize ba\u011fl\u0131d\u0131r\u201d diyen Takva, T\u00fcrkiye ile Ermenistan aras\u0131ndaki s\u0131n\u0131r\u0131n kapal\u0131 oldu\u011fu d\u00f6nemlerde dahi sivil toplum ve i\u015f d\u00fcnyas\u0131 temsilcilerinin iki toplum aras\u0131nda ileti\u015fim ve ticari diplomasi k\u00f6pr\u00fcleri kurmaya devam etti\u011fini kaydetti.<\/p>\n\n\n\n<p class=\"wp-block-paragraph\">Takva, iki \u00fclke aras\u0131ndaki ekonomik ili\u015fkilerin geli\u015ftirilmesinde katk\u0131 sa\u011flayan i\u015f d\u00fcnyas\u0131 temsilcilerine, T\u00fcrkiye Ekonomi Politikalar\u0131 Ara\u015ft\u0131rma Vakf\u0131\u2019na (TEPAV), Avrupa Birli\u011fi\u2019ne ve normalle\u015fme s\u00fcrecine destek veren T\u00fcrk ve Ermeni kurulu\u015flara te\u015fekk\u00fcr etti.<\/p>\n\n\n\n<h3 class=\"wp-block-heading\">\u201cDiplomasinin a\u00e7t\u0131\u011f\u0131 yolu kal\u0131c\u0131 hale getiren g\u00fc\u00e7 ticarettir\u201d<\/h3>\n\n\n\n<p class=\"wp-block-paragraph\">Ermenistan-T\u00fcrkiye normalle\u015fme s\u00fcrecine ili\u015fkin de\u011ferlendirmelerde bulunan Takva, \u00f6zel temsilciler aras\u0131ndaki g\u00f6r\u00fc\u015fmeleri, do\u011frudan hava kargo ta\u015f\u0131mac\u0131l\u0131\u011f\u0131na ili\u015fkin geli\u015fmeleri ve s\u0131n\u0131r kap\u0131lar\u0131ndaki teknik altyap\u0131 \u00e7al\u0131\u015fmalar\u0131n\u0131 \u00f6nemli ad\u0131mlar olarak nitelendirdi.<\/p>\n\n\n\n<p class=\"wp-block-paragraph\">\u201cDiplomasinin a\u00e7t\u0131\u011f\u0131 yolu kal\u0131c\u0131 hale getiren ve toplumlar i\u00e7in refah yaratan ger\u00e7ek g\u00fc\u00e7 ticarettir\u201d diyen Takva, s\u0131n\u0131r kap\u0131lar\u0131n\u0131n ticarete a\u00e7\u0131lmas\u0131 halinde Van ile Erivan aras\u0131ndaki karayolu mesafesinin yakla\u015f\u0131k 290 kilometreye d\u00fc\u015febilece\u011fini ve yolculu\u011fun 3-4 saat i\u00e7inde tamamlanabilece\u011fini belirtti.<\/p>\n\n\n\n<p class=\"wp-block-paragraph\">Takva, b\u00f6ylece G\u00fcrcistan veya \u0130ran \u00fczerinden ger\u00e7ekle\u015ftirilen ve g\u00fcnler s\u00fcren dolamba\u00e7l\u0131 ta\u015f\u0131mac\u0131l\u0131k g\u00fczerg\u00e2hlar\u0131 ile yeniden ihracattan kaynaklanan ek maliyetlerin ortadan kalkabilece\u011fini ifade etti.<\/p>\n\n\n\n<h3 class=\"wp-block-heading\">\u201c\u0130ki \u00fclkenin sanayileri birbirini tamamlayabilir\u201d<\/h3>\n\n\n\n<p class=\"wp-block-paragraph\">Van\u2019\u0131n co\u011frafi konumu sayesinde T\u00fcrkiye\u2019nin Ermenistan\u2019a ve Ermenistan \u00fczerinden daha geni\u015f b\u00f6lgesel pazarlara ula\u015fmas\u0131nda en yak\u0131n ve uygun merkezlerden biri oldu\u011funu belirten Takva, iki \u00fclkenin \u00fcretim kapasitelerinin birbirini tamamlayabilece\u011fine dikkat \u00e7ekti.<\/p>\n\n\n\n<p class=\"wp-block-paragraph\">Takva, Van Organize Sanayi B\u00f6lgesi\u2019nde \u00fcretilen in\u015faat malzemeleri, yap\u0131 kimyasallar\u0131, plastik ve ambalaj \u00fcr\u00fcnleri, kaliteli mobilya ile i\u015flenmi\u015f sanayi \u00fcr\u00fcnlerinin Ermenistan\u2019daki talebin bir b\u00f6l\u00fcm\u00fcn\u00fc kar\u015f\u0131layabilece\u011fini s\u00f6yledi.<\/p>\n\n\n\n<p class=\"wp-block-paragraph\">Ermenistan\u2019\u0131n ise metal\u00fcrji, tekstil ve di\u011fer baz\u0131 sekt\u00f6rlerde g\u00fc\u00e7l\u00fc bir konuma sahip oldu\u011funu belirten Takva, bunun do\u011frudan i\u015f birli\u011fi i\u00e7in f\u0131rsat sundu\u011funu kaydetti.<\/p>\n\n\n\n<p class=\"wp-block-paragraph\">\u201cBu bir rekabet de\u011fil. Aksine iki kom\u015fu \u00fclkenin sanayilerinin birbirini tamamlayabilece\u011fi anlam\u0131na geliyor\u201d dedi.<\/p>\n\n\n\n<p class=\"wp-block-paragraph\">Takva ayr\u0131ca T\u00fcrk ve Ermeni i\u015f insanlar\u0131na yaln\u0131zca ticaretle s\u0131n\u0131rl\u0131 kalmamalar\u0131, ortak \u00fcretim ve i\u015f ortakl\u0131klar\u0131 olu\u015fturma se\u00e7eneklerini de\u011ferlendirmeleri \u00e7a\u011fr\u0131s\u0131nda bulundu.<\/p>\n\n\n\n<p class=\"wp-block-paragraph\">Ermenistan\u2019\u0131n serbest ekonomik b\u00f6lgelerinde \u00fcretim yap\u0131lmas\u0131 ve gerekli yerel katma de\u011ferin olu\u015fturulmas\u0131 halinde, \u00fclkenin Avrasya Ekonomik Birli\u011fi \u00fcyeli\u011finin sundu\u011fu imkanlardan yararlan\u0131larak yakla\u015f\u0131k 180 milyonluk pazara eri\u015fim sa\u011flanabilece\u011fini ifade etti.<\/p>\n\n\n\n<h3 class=\"wp-block-heading\">Van\u2019da temsilcilik \u00f6nerisi<\/h3>\n\n\n\n<p class=\"wp-block-paragraph\">Takva, Ermenistan-T\u00fcrkiye ekonomik ili\u015fkilerinin geli\u015ftirilmesi amac\u0131yla iki stratejik ve kurumsal \u00f6neri sundu.<\/p>\n\n\n\n<p class=\"wp-block-paragraph\">\u0130lk \u00f6neri, diplomatik temsil ve ekonomik-ticari konular\u0131n yerel d\u00fczeyde koordinasyonunu sa\u011flayacak bir mekanizman\u0131n olu\u015fturulmas\u0131n\u0131 i\u00e7eriyor. \u0130kinci \u00f6neri ise k\u00fclt\u00fcrel ve ticari diplomasi kapsam\u0131nda iki \u00fclke aras\u0131ndaki i\u015f birli\u011finin kurumsal ve s\u00fcrd\u00fcr\u00fclebilir hale getirilmesine y\u00f6nelik.<\/p>\n\n\n\n<p class=\"wp-block-paragraph\">Takva, kapal\u0131 s\u0131n\u0131rlar\u0131n yaln\u0131zca ula\u015f\u0131m ve mal hareketlili\u011fini de\u011fil, ayn\u0131 zamanda insanlar aras\u0131ndaki ileti\u015fim ve kar\u015f\u0131l\u0131kl\u0131 anlay\u0131\u015f\u0131 da s\u0131n\u0131rlad\u0131\u011f\u0131n\u0131 belirtti.<\/p>\n\n\n\n<p class=\"wp-block-paragraph\">\u201cBug\u00fcn burada kapal\u0131 yollar\u0131 a\u00e7mak, \u00fcretim ve ekonomik f\u0131rsatlar\u0131 insani ili\u015fkilerin s\u0131cakl\u0131\u011f\u0131yla birle\u015ftirmek i\u00e7in bulunuyoruz\u201d dedi.<\/p>\n\n\n\n<p class=\"wp-block-paragraph\">Ermenistan\u2019daki AB Delegasyonu Ba\u015fkan\u0131 Vassilis Maragos\u2019un konu\u015fmas\u0131na da de\u011finen Takva, Avrupa Birli\u011fi\u2019nin Ermenistan\u2019a verdi\u011fi deste\u011fin yan\u0131 s\u0131ra T\u00fcrkiye\u2019de Ermenistan-T\u00fcrkiye i\u015f birli\u011finin geli\u015ftirilmesi i\u00e7in \u00e7al\u0131\u015fan kurumlara da daha fazla destek sa\u011flamas\u0131 gerekti\u011fini s\u00f6yledi.<\/p>\n\n\n\n<p class=\"wp-block-paragraph\">Takva, \u201cAvrupa Birli\u011fi\u2019nin bu konuda daha c\u00f6mert olmas\u0131 gerekti\u011fini d\u00fc\u015f\u00fcn\u00fcyorum\u201d ifadelerini kulland\u0131.<\/p>\n\n\n\n<p class=\"wp-block-paragraph\">Erivan\u2019da 3-4 Eyl\u00fcl tarihlerinde Ermenistan ve T\u00fcrkiye i\u015f d\u00fcnyas\u0131 temsilcilerinin kat\u0131l\u0131m\u0131yla iki g\u00fcnl\u00fck i\u015f forumu d\u00fczenleniyor. Forum, Avrupa Birli\u011fi\u2019nin finansman\u0131yla y\u00fcr\u00fct\u00fclen \u201cErmenistan-T\u00fcrkiye \u0130li\u015fkilerinin Normalle\u015fmesine Destek: S\u0131n\u0131r \u00d6tesi Ba\u011flar\u0131n G\u00fc\u00e7lendirilmesi\u201d program\u0131 kapsam\u0131nda Ermenistan Sanayiciler ve \u0130\u015fadamlar\u0131 Birli\u011fi taraf\u0131ndan organize ediliyor.<\/p>\n\n\n\n<p class=\"wp-block-paragraph\"><a href=\"https:\/\/armenpress.am\/tr\/article\/1259567\"><strong><em>https:\/\/armenpress.am\/tr\/article\/1259567<\/em><\/strong><\/a><\/p>\n\n\n\n<p class=\"wp-block-paragraph\"><\/p>\n","protected":false},"excerpt":{"rendered":"<p>Van Ticaret ve Sanayi Odas\u0131, Ermenistan-T\u00fcrkiye ili\u015fkilerinin normalle\u015fmesi s\u00fcrecinde ortaya \u00e7\u0131kacak ekonomik ba\u011flar\u0131n ve ticari konular\u0131n yerinde koordinasyonunu sa\u011flayacak bir temsilcili\u011fin olu\u015fturulmas\u0131 i\u00e7in kendi hizmet binas\u0131nda yer tahsis etmeye haz\u0131r oldu\u011funu a\u00e7\u0131klad\u0131. Ermenistan\u2019\u0131n ba\u015fkenti Yerevan\u2019da d\u00fczenlenen Ermenistan-T\u00fcrkiye \u0130\u015f Forumu\u2019nda konu\u015fan Van Ticaret ve Sanayi Odas\u0131 Ba\u015fkan\u0131 Necdet Takva, s\u00f6z konusu temsilcili\u011fin kurulmas\u0131n\u0131 \u201cstratejik bir gereklilik\u201d [&hellip;]<\/p>\n","protected":false},"author":1,"featured_media":87141,"comment_status":"open","ping_status":"open","sticky":false,"template":"","format":"standard","meta":{"footnotes":""},"categories":[55,22,1],"tags":[],"class_list":["post-87140","post","type-post","status-publish","format-standard","has-post-thumbnail","hentry","category-ermenistan-turkiye","category-gunumuzde-bati-ermenistan","category-haberler"],"yoast_head":"<!-- This site is optimized with the Yoast SEO plugin v28.1 - https:\/\/yoast.com\/product\/yoast-seo-wordpress\/ -->\n<title>Van Ticaret ve Sanayi Odas\u0131, Ermenistan-T\u00fcrkiye ekonomik ili\u015fkilerini koordine edecek temsilcili\u011fin Van\u2019da kurulmas\u0131n\u0131 \u00f6nerdi - Bati Ermenistan Ve Bati Ermenileri Sorunlari Ara\u015ftirmalar Merkezi<\/title>\n<meta name=\"robots\" content=\"index, follow, max-snippet:-1, max-image-preview:large, max-video-preview:-1\" \/>\n<link rel=\"canonical\" href=\"https:\/\/akunq.net\/tr\/?p=87140\" \/>\n<meta property=\"og:locale\" content=\"en_US\" \/>\n<meta property=\"og:type\" content=\"article\" \/>\n<meta property=\"og:title\" content=\"Van Ticaret ve Sanayi Odas\u0131, Ermenistan-T\u00fcrkiye ekonomik ili\u015fkilerini koordine edecek temsilcili\u011fin Van\u2019da kurulmas\u0131n\u0131 \u00f6nerdi - Bati Ermenistan Ve Bati Ermenileri Sorunlari Ara\u015ftirmalar Merkezi\" \/>\n<meta property=\"og:description\" content=\"Van Ticaret ve Sanayi Odas\u0131, Ermenistan-T\u00fcrkiye ili\u015fkilerinin normalle\u015fmesi s\u00fcrecinde ortaya \u00e7\u0131kacak ekonomik ba\u011flar\u0131n ve ticari konular\u0131n yerinde koordinasyonunu sa\u011flayacak bir temsilcili\u011fin olu\u015fturulmas\u0131 i\u00e7in kendi hizmet binas\u0131nda yer tahsis etmeye haz\u0131r oldu\u011funu a\u00e7\u0131klad\u0131. Ermenistan\u2019\u0131n ba\u015fkenti Yerevan\u2019da d\u00fczenlenen Ermenistan-T\u00fcrkiye \u0130\u015f Forumu\u2019nda konu\u015fan Van Ticaret ve Sanayi Odas\u0131 Ba\u015fkan\u0131 Necdet Takva, s\u00f6z konusu temsilcili\u011fin kurulmas\u0131n\u0131 \u201cstratejik bir gereklilik\u201d [&hellip;]\" \/>\n<meta property=\"og:url\" content=\"https:\/\/akunq.net\/tr\/?p=87140\" \/>\n<meta property=\"og:site_name\" content=\"Bati Ermenistan Ve Bati Ermenileri Sorunlari Ara\u015ftirmalar Merkezi\" \/>\n<meta property=\"article:published_time\" content=\"2026-09-04T05:50:02+00:00\" \/>\n<meta property=\"article:modified_time\" content=\"2026-09-04T05:50:03+00:00\" \/>\n<meta property=\"og:image\" content=\"https:\/\/akunq.net\/tr\/wp-content\/uploads\/sites\/6\/2026\/09\/Necdet-Takva.jpg\" \/>\n\t<meta property=\"og:image:width\" content=\"1600\" \/>\n\t<meta property=\"og:image:height\" content=\"1066\" \/>\n\t<meta property=\"og:image:type\" content=\"image\/jpeg\" \/>\n<meta name=\"author\" content=\"admin\" \/>\n<meta name=\"twitter:card\" content=\"summary_large_image\" \/>\n<meta name=\"twitter:label1\" content=\"Written by\" \/>\n\t<meta name=\"twitter:data1\" content=\"admin\" \/>\n\t<meta name=\"twitter:label2\" content=\"Est. reading time\" \/>\n\t<meta name=\"twitter:data2\" content=\"4 minutes\" \/>\n<script type=\"application\/ld+json\" class=\"yoast-schema-graph\">{\"@context\":\"https:\\\/\\\/schema.org\",\"@graph\":[{\"@type\":\"Article\",\"@id\":\"https:\\\/\\\/akunq.net\\\/tr\\\/?p=87140#article\",\"isPartOf\":{\"@id\":\"https:\\\/\\\/akunq.net\\\/tr\\\/?p=87140\"},\"author\":{\"name\":\"admin\",\"@id\":\"https:\\\/\\\/akunq.net\\\/tr\\\/#\\\/schema\\\/person\\\/42a46675f00a8f1e84520e8c56500de3\"},\"headline\":\"Van Ticaret ve Sanayi Odas\u0131, Ermenistan-T\u00fcrkiye ekonomik ili\u015fkilerini koordine edecek temsilcili\u011fin Van\u2019da kurulmas\u0131n\u0131 \u00f6nerdi\",\"datePublished\":\"2026-09-04T05:50:02+00:00\",\"dateModified\":\"2026-09-04T05:50:03+00:00\",\"mainEntityOfPage\":{\"@id\":\"https:\\\/\\\/akunq.net\\\/tr\\\/?p=87140\"},\"wordCount\":1052,\"commentCount\":0,\"image\":{\"@id\":\"https:\\\/\\\/akunq.net\\\/tr\\\/?p=87140#primaryimage\"},\"thumbnailUrl\":\"https:\\\/\\\/akunq.net\\\/tr\\\/wp-content\\\/uploads\\\/sites\\\/6\\\/2026\\\/09\\\/Necdet-Takva.jpg\",\"articleSection\":[\"Ermenistan-T\u00fcrkiye\",\"G\u00fcn\u00fcm\u00fczde Bat\u0131 Ermenistan\",\"Haberler\"],\"inLanguage\":\"en-US\",\"potentialAction\":[{\"@type\":\"CommentAction\",\"name\":\"Comment\",\"target\":[\"https:\\\/\\\/akunq.net\\\/tr\\\/?p=87140#respond\"]}]},{\"@type\":\"WebPage\",\"@id\":\"https:\\\/\\\/akunq.net\\\/tr\\\/?p=87140\",\"url\":\"https:\\\/\\\/akunq.net\\\/tr\\\/?p=87140\",\"name\":\"Van Ticaret ve Sanayi Odas\u0131, Ermenistan-T\u00fcrkiye ekonomik ili\u015fkilerini koordine edecek temsilcili\u011fin Van\u2019da kurulmas\u0131n\u0131 \u00f6nerdi - Bati Ermenistan Ve Bati Ermenileri Sorunlari Ara\u015ftirmalar Merkezi\",\"isPartOf\":{\"@id\":\"https:\\\/\\\/akunq.net\\\/tr\\\/#website\"},\"primaryImageOfPage\":{\"@id\":\"https:\\\/\\\/akunq.net\\\/tr\\\/?p=87140#primaryimage\"},\"image\":{\"@id\":\"https:\\\/\\\/akunq.net\\\/tr\\\/?p=87140#primaryimage\"},\"thumbnailUrl\":\"https:\\\/\\\/akunq.net\\\/tr\\\/wp-content\\\/uploads\\\/sites\\\/6\\\/2026\\\/09\\\/Necdet-Takva.jpg\",\"datePublished\":\"2026-09-04T05:50:02+00:00\",\"dateModified\":\"2026-09-04T05:50:03+00:00\",\"author\":{\"@id\":\"https:\\\/\\\/akunq.net\\\/tr\\\/#\\\/schema\\\/person\\\/42a46675f00a8f1e84520e8c56500de3\"},\"breadcrumb\":{\"@id\":\"https:\\\/\\\/akunq.net\\\/tr\\\/?p=87140#breadcrumb\"},\"inLanguage\":\"en-US\",\"potentialAction\":[{\"@type\":\"ReadAction\",\"target\":[\"https:\\\/\\\/akunq.net\\\/tr\\\/?p=87140\"]}]},{\"@type\":\"ImageObject\",\"inLanguage\":\"en-US\",\"@id\":\"https:\\\/\\\/akunq.net\\\/tr\\\/?p=87140#primaryimage\",\"url\":\"https:\\\/\\\/akunq.net\\\/tr\\\/wp-content\\\/uploads\\\/sites\\\/6\\\/2026\\\/09\\\/Necdet-Takva.jpg\",\"contentUrl\":\"https:\\\/\\\/akunq.net\\\/tr\\\/wp-content\\\/uploads\\\/sites\\\/6\\\/2026\\\/09\\\/Necdet-Takva.jpg\",\"width\":1600,\"height\":1066},{\"@type\":\"BreadcrumbList\",\"@id\":\"https:\\\/\\\/akunq.net\\\/tr\\\/?p=87140#breadcrumb\",\"itemListElement\":[{\"@type\":\"ListItem\",\"position\":1,\"name\":\"Home\",\"item\":\"https:\\\/\\\/akunq.net\\\/tr\"},{\"@type\":\"ListItem\",\"position\":2,\"name\":\"Van Ticaret ve Sanayi Odas\u0131, Ermenistan-T\u00fcrkiye ekonomik ili\u015fkilerini koordine edecek temsilcili\u011fin Van\u2019da kurulmas\u0131n\u0131 \u00f6nerdi\"}]},{\"@type\":\"WebSite\",\"@id\":\"https:\\\/\\\/akunq.net\\\/tr\\\/#website\",\"url\":\"https:\\\/\\\/akunq.net\\\/tr\\\/\",\"name\":\"Bati Ermenistan Ve Bati Ermenileri Sorunlari Ara\u015ftirmalar Merkezi\",\"description\":\"\",\"potentialAction\":[{\"@type\":\"SearchAction\",\"target\":{\"@type\":\"EntryPoint\",\"urlTemplate\":\"https:\\\/\\\/akunq.net\\\/tr\\\/?s={search_term_string}\"},\"query-input\":{\"@type\":\"PropertyValueSpecification\",\"valueRequired\":true,\"valueName\":\"search_term_string\"}}],\"inLanguage\":\"en-US\"},{\"@type\":\"Person\",\"@id\":\"https:\\\/\\\/akunq.net\\\/tr\\\/#\\\/schema\\\/person\\\/42a46675f00a8f1e84520e8c56500de3\",\"name\":\"admin\",\"url\":\"https:\\\/\\\/akunq.net\\\/tr\\\/?author=1\"}]}<\/script>\n<!-- \/ Yoast SEO plugin. -->","yoast_head_json":{"title":"Van Ticaret ve Sanayi Odas\u0131, Ermenistan-T\u00fcrkiye ekonomik ili\u015fkilerini koordine edecek temsilcili\u011fin Van\u2019da kurulmas\u0131n\u0131 \u00f6nerdi - Bati Ermenistan Ve Bati Ermenileri Sorunlari Ara\u015ftirmalar Merkezi","robots":{"index":"index","follow":"follow","max-snippet":"max-snippet:-1","max-image-preview":"max-image-preview:large","max-video-preview":"max-video-preview:-1"},"canonical":"https:\/\/akunq.net\/tr\/?p=87140","og_locale":"en_US","og_type":"article","og_title":"Van Ticaret ve Sanayi Odas\u0131, Ermenistan-T\u00fcrkiye ekonomik ili\u015fkilerini koordine edecek temsilcili\u011fin Van\u2019da kurulmas\u0131n\u0131 \u00f6nerdi - Bati Ermenistan Ve Bati Ermenileri Sorunlari Ara\u015ftirmalar Merkezi","og_description":"Van Ticaret ve Sanayi Odas\u0131, Ermenistan-T\u00fcrkiye ili\u015fkilerinin normalle\u015fmesi s\u00fcrecinde ortaya \u00e7\u0131kacak ekonomik ba\u011flar\u0131n ve ticari konular\u0131n yerinde koordinasyonunu sa\u011flayacak bir temsilcili\u011fin olu\u015fturulmas\u0131 i\u00e7in kendi hizmet binas\u0131nda yer tahsis etmeye haz\u0131r oldu\u011funu a\u00e7\u0131klad\u0131. Ermenistan\u2019\u0131n ba\u015fkenti Yerevan\u2019da d\u00fczenlenen Ermenistan-T\u00fcrkiye \u0130\u015f Forumu\u2019nda konu\u015fan Van Ticaret ve Sanayi Odas\u0131 Ba\u015fkan\u0131 Necdet Takva, s\u00f6z konusu temsilcili\u011fin kurulmas\u0131n\u0131 \u201cstratejik bir gereklilik\u201d [&hellip;]","og_url":"https:\/\/akunq.net\/tr\/?p=87140","og_site_name":"Bati Ermenistan Ve Bati Ermenileri Sorunlari Ara\u015ftirmalar Merkezi","article_published_time":"2026-09-04T05:50:02+00:00","article_modified_time":"2026-09-04T05:50:03+00:00","og_image":[{"width":1600,"height":1066,"url":"https:\/\/akunq.net\/tr\/wp-content\/uploads\/sites\/6\/2026\/09\/Necdet-Takva.jpg","type":"image\/jpeg"}],"author":"admin","twitter_card":"summary_large_image","twitter_misc":{"Written by":"admin","Est. reading time":"4 minutes"},"schema":{"@context":"https:\/\/schema.org","@graph":[{"@type":"Article","@id":"https:\/\/akunq.net\/tr\/?p=87140#article","isPartOf":{"@id":"https:\/\/akunq.net\/tr\/?p=87140"},"author":{"name":"admin","@id":"https:\/\/akunq.net\/tr\/#\/schema\/person\/42a46675f00a8f1e84520e8c56500de3"},"headline":"Van Ticaret ve Sanayi Odas\u0131, Ermenistan-T\u00fcrkiye ekonomik ili\u015fkilerini koordine edecek temsilcili\u011fin Van\u2019da kurulmas\u0131n\u0131 \u00f6nerdi","datePublished":"2026-09-04T05:50:02+00:00","dateModified":"2026-09-04T05:50:03+00:00","mainEntityOfPage":{"@id":"https:\/\/akunq.net\/tr\/?p=87140"},"wordCount":1052,"commentCount":0,"image":{"@id":"https:\/\/akunq.net\/tr\/?p=87140#primaryimage"},"thumbnailUrl":"https:\/\/akunq.net\/tr\/wp-content\/uploads\/sites\/6\/2026\/09\/Necdet-Takva.jpg","articleSection":["Ermenistan-T\u00fcrkiye","G\u00fcn\u00fcm\u00fczde Bat\u0131 Ermenistan","Haberler"],"inLanguage":"en-US","potentialAction":[{"@type":"CommentAction","name":"Comment","target":["https:\/\/akunq.net\/tr\/?p=87140#respond"]}]},{"@type":"WebPage","@id":"https:\/\/akunq.net\/tr\/?p=87140","url":"https:\/\/akunq.net\/tr\/?p=87140","name":"Van Ticaret ve Sanayi Odas\u0131, Ermenistan-T\u00fcrkiye ekonomik ili\u015fkilerini koordine edecek temsilcili\u011fin Van\u2019da kurulmas\u0131n\u0131 \u00f6nerdi - Bati Ermenistan Ve Bati Ermenileri Sorunlari Ara\u015ftirmalar Merkezi","isPartOf":{"@id":"https:\/\/akunq.net\/tr\/#website"},"primaryImageOfPage":{"@id":"https:\/\/akunq.net\/tr\/?p=87140#primaryimage"},"image":{"@id":"https:\/\/akunq.net\/tr\/?p=87140#primaryimage"},"thumbnailUrl":"https:\/\/akunq.net\/tr\/wp-content\/uploads\/sites\/6\/2026\/09\/Necdet-Takva.jpg","datePublished":"2026-09-04T05:50:02+00:00","dateModified":"2026-09-04T05:50:03+00:00","author":{"@id":"https:\/\/akunq.net\/tr\/#\/schema\/person\/42a46675f00a8f1e84520e8c56500de3"},"breadcrumb":{"@id":"https:\/\/akunq.net\/tr\/?p=87140#breadcrumb"},"inLanguage":"en-US","potentialAction":[{"@type":"ReadAction","target":["https:\/\/akunq.net\/tr\/?p=87140"]}]},{"@type":"ImageObject","inLanguage":"en-US","@id":"https:\/\/akunq.net\/tr\/?p=87140#primaryimage","url":"https:\/\/akunq.net\/tr\/wp-content\/uploads\/sites\/6\/2026\/09\/Necdet-Takva.jpg","contentUrl":"https:\/\/akunq.net\/tr\/wp-content\/uploads\/sites\/6\/2026\/09\/Necdet-Takva.jpg","width":1600,"height":1066},{"@type":"BreadcrumbList","@id":"https:\/\/akunq.net\/tr\/?p=87140#breadcrumb","itemListElement":[{"@type":"ListItem","position":1,"name":"Home","item":"https:\/\/akunq.net\/tr"},{"@type":"ListItem","position":2,"name":"Van Ticaret ve Sanayi Odas\u0131, Ermenistan-T\u00fcrkiye ekonomik ili\u015fkilerini koordine edecek temsilcili\u011fin Van\u2019da kurulmas\u0131n\u0131 \u00f6nerdi"}]},{"@type":"WebSite","@id":"https:\/\/akunq.net\/tr\/#website","url":"https:\/\/akunq.net\/tr\/","name":"Bati Ermenistan Ve Bati Ermenileri Sorunlari Ara\u015ftirmalar Merkezi","description":"","potentialAction":[{"@type":"SearchAction","target":{"@type":"EntryPoint","urlTemplate":"https:\/\/akunq.net\/tr\/?s={search_term_string}"},"query-input":{"@type":"PropertyValueSpecification","valueRequired":true,"valueName":"search_term_string"}}],"inLanguage":"en-US"},{"@type":"Person","@id":"https:\/\/akunq.net\/tr\/#\/schema\/person\/42a46675f00a8f1e84520e8c56500de3","name":"admin","url":"https:\/\/akunq.net\/tr\/?author=1"}]}},"_links":{"self":[{"href":"https:\/\/akunq.net\/tr\/index.php?rest_route=\/wp\/v2\/posts\/87140","targetHints":{"allow":["GET"]}}],"collection":[{"href":"https:\/\/akunq.net\/tr\/index.php?rest_route=\/wp\/v2\/posts"}],"about":[{"href":"https:\/\/akunq.net\/tr\/index.php?rest_route=\/wp\/v2\/types\/post"}],"author":[{"embeddable":true,"href":"https:\/\/akunq.net\/tr\/index.php?rest_route=\/wp\/v2\/users\/1"}],"replies":[{"embeddable":true,"href":"https:\/\/akunq.net\/tr\/index.php?rest_route=%2Fwp%2Fv2%2Fcomments&post=87140"}],"version-history":[{"count":1,"href":"https:\/\/akunq.net\/tr\/index.php?rest_route=\/wp\/v2\/posts\/87140\/revisions"}],"predecessor-version":[{"id":87142,"href":"https:\/\/akunq.net\/tr\/index.php?rest_route=\/wp\/v2\/posts\/87140\/revisions\/87142"}],"wp:featuredmedia":[{"embeddable":true,"href":"https:\/\/akunq.net\/tr\/index.php?rest_route=\/wp\/v2\/media\/87141"}],"wp:attachment":[{"href":"https:\/\/akunq.net\/tr\/index.php?rest_route=%2Fwp%2Fv2%2Fmedia&parent=87140"}],"wp:term":[{"taxonomy":"category","embeddable":true,"href":"https:\/\/akunq.net\/tr\/index.php?rest_route=%2Fwp%2Fv2%2Fcategories&post=87140"},{"taxonomy":"post_tag","embeddable":true,"href":"https:\/\/akunq.net\/tr\/index.php?rest_route=%2Fwp%2Fv2%2Ftags&post=87140"}],"curies":[{"name":"wp","href":"https:\/\/api.w.org\/{rel}","templated":true}]}}