{"id":87130,"date":"2026-09-03T03:11:37","date_gmt":"2026-09-03T08:11:37","guid":{"rendered":"https:\/\/akunq.net\/tr\/?p=87130"},"modified":"2026-09-03T03:11:37","modified_gmt":"2026-09-03T08:11:37","slug":"sanliurfada-urfa-yedesia-akunq-web-sitesi-incil-ile-barisa-cagri","status":"publish","type":"post","link":"https:\/\/akunq.net\/tr\/?p=87130","title":{"rendered":"\u015eanl\u0131urfa\u2019da (Urfa\/ Yedesia-&#8216;Akunq&#8217; web sitesi) \u0130ncil ile bar\u0131\u015fa \u00e7a\u011fr\u0131"},"content":{"rendered":"\n<p class=\"wp-block-paragraph\"><strong><em>\u015eanl\u0131urfa\u2019da (Urfa \/ Yedesia-&#8216;Akunq&#8217; web sitesi) DEM Parti taraf\u0131ndan 1 Eyl\u00fcl D\u00fcnya Bar\u0131\u015f G\u00fcn\u00fc dolay\u0131s\u0131yla d\u00fczenlenen y\u00fcr\u00fcy\u00fc\u015fte, Urfa Kilisesi Toplulu\u011fu taraf\u0131ndan \u0130ncil\u2019den al\u0131nan \u201cNe mutlu bar\u0131\u015f\u0131 sa\u011flayanlara! \u00c7\u00fcnk\u00fc onlara Tanr\u0131 o\u011fullar\u0131 denecek\u201d ifadelerinin yer ald\u0131\u011f\u0131 pankart a\u00e7\u0131ld\u0131.<\/em><\/strong><\/p>\n\n\n\n<p class=\"wp-block-paragraph\">\u015eANLIURFA- Halklar\u0131n E\u015fitlik ve Demokrasi Partisi (DEM Parti)&nbsp;&nbsp;<a href=\"https:\/\/www.ajansurfa.com\/haberleri\/sanliurfa\" target=\"_blank\" rel=\"noreferrer noopener\">\u015eanl\u0131urfa<\/a>\u0130l \u00d6rg\u00fct\u00fc \u00f6nc\u00fcl\u00fc\u011f\u00fcnde ger\u00e7ekle\u015ftirilen y\u00fcr\u00fcy\u00fc\u015fe milletvekilleri, sivil toplum kurulu\u015flar\u0131, sendikalar ve vatanda\u015flar yo\u011fun kat\u0131l\u0131m g\u00f6sterdi.<\/p>\n\n\n\n<p class=\"wp-block-paragraph\">Etkinlikte kat\u0131l\u0131mc\u0131lar, huzurun, karde\u015fli\u011fin, adaletin ve esenli\u011fin h\u00e2kim oldu\u011fu&nbsp;&nbsp;<a href=\"https:\/\/www.ajansurfa.com\/haberleri\/bir\" target=\"_blank\" rel=\"noreferrer noopener\">bir<\/a>&nbsp;gelecek temennisinde bulundu.<\/p>\n\n\n\n<p class=\"wp-block-paragraph\">Ali \u015eelli Park\u0131\u2019nda ba\u015flayan y\u00fcr\u00fcy\u00fc\u015f, Rabia Meydan\u0131\u2019nda d\u00fczenlenen bas\u0131n a\u00e7\u0131klamas\u0131yla sona erdi.<\/p>\n\n\n\n<p class=\"wp-block-paragraph\">Y\u00fcr\u00fcy\u00fc\u015fe kat\u0131lanlar aras\u0131nda&nbsp;&nbsp;<a href=\"https:\/\/www.ajansurfa.com\/haberleri\/urfa\" target=\"_blank\" rel=\"noreferrer noopener\">Urfa<\/a>&nbsp;Kilisesi Papaz\u0131 Mustafa Ekrem Polatsoy ve kilise toplulu\u011fu da&nbsp;&nbsp;<a href=\"https:\/\/www.ajansurfa.com\/haberleri\/yer\" target=\"_blank\" rel=\"noreferrer noopener\">yer<\/a>&nbsp;ald\u0131.<\/p>\n\n\n\n<p class=\"wp-block-paragraph\">Y\u00fcr\u00fcy\u00fc\u015fte dikkat \u00e7eken anlardan biri ise Urfa Kilisesi ad\u0131na \u201cSuru\u00e7\u2019ta Bir Hristiyan Topluluk\u201d isimli grubun a\u00e7t\u0131\u011f\u0131 pankart&nbsp;&nbsp;<a href=\"https:\/\/www.ajansurfa.com\/haberleri\/oldu\" target=\"_blank\" rel=\"noreferrer noopener\">oldu<\/a>.<\/p>\n\n\n\n<p class=\"wp-block-paragraph\">\u0130ncil\u2019den al\u0131nan \u201cNe mutlu bar\u0131\u015f\u0131 sa\u011flayanlara! \u00c7\u00fcnk\u00fc onlara Tanr\u0131 o\u011fullar\u0131 denecek\u201d ifadesinin yer ald\u0131\u011f\u0131 pankart, kat\u0131l\u0131mc\u0131lar\u0131n ilgisini \u00e7ekti.<\/p>\n\n\n\n<p class=\"wp-block-paragraph\"><strong>PAPAZ POLATSOY: ANCAK B\u0130RB\u0130R\u0130M\u0130Z\u0130 SEVEREK ALLAH\u2019A LAYIK OLURUZ<\/strong><\/p>\n\n\n\n<p class=\"wp-block-paragraph\">Urfa Kilisesi Papaz\u0131 Mustafa Ekrem Polatsoy ise yapt\u0131\u011f\u0131 a\u00e7\u0131klamada \u201c\u0130ncil\u2019den al\u0131nt\u0131 yaparak payla\u015ft\u0131\u011f\u0131m\u0131z bu ayet bar\u0131\u015f\u0131n dilinin ve bar\u0131\u015f yolunda \u00e7aba g\u00f6sterenlerin nas\u0131l bir erdeme de sahip oldu\u011funu g\u00f6stermektedir. Biz de bu anlamda Matta 5:9 ayetini T\u00fcrk\u00e7e ve K\u00fcrt\u00e7e olarak payla\u015farak y\u00fcr\u00fcy\u00fc\u015fte yer ald\u0131k. Binlerce ki\u015finin tek bir a\u011f\u0131zdan bar\u0131\u015f\u0131 hayk\u0131rmas\u0131 bizleri mutlu&nbsp;&nbsp;<a href=\"https:\/\/www.ajansurfa.com\/haberleri\/etti\" target=\"_blank\" rel=\"noreferrer noopener\">etti<\/a>. Bizler ancak birbirimizi severek ve birbirimizin karde\u015flik hukukuna sayg\u0131 g\u00f6stererek Allah\u2019a lay\u0131k bireyler olarak ya\u015fayabiliriz. Bunun d\u0131\u015f\u0131nda bir ya\u015fam bizim i\u00e7in g\u00fcnahl\u0131 bir ya\u015famd\u0131r. T\u00fcm d\u00fcnyada bar\u0131\u015f\u0131n, karde\u015fli\u011fin ve esenli\u011fin gelmesi i\u00e7in Rabbimiz \u0130sa Mesih\u2019e dua ediyoruz\u201d dedi.<\/p>\n\n\n\n<p class=\"wp-block-paragraph\"><a href=\"https:\/\/www.ajansurfa.com\/haber\/28626167\/sanliurfada-incil-ile-barisa-cagri\"><strong><em>https:\/\/www.ajansurfa.com\/haber\/28626167\/sanliurfada-incil-ile-barisa-cagri<\/em><\/strong><\/a><\/p>\n","protected":false},"excerpt":{"rendered":"<p>\u015eanl\u0131urfa\u2019da (Urfa \/ Yedesia-&#8216;Akunq&#8217; web sitesi) DEM Parti taraf\u0131ndan 1 Eyl\u00fcl D\u00fcnya Bar\u0131\u015f G\u00fcn\u00fc dolay\u0131s\u0131yla d\u00fczenlenen y\u00fcr\u00fcy\u00fc\u015fte, Urfa Kilisesi Toplulu\u011fu taraf\u0131ndan \u0130ncil\u2019den al\u0131nan \u201cNe mutlu bar\u0131\u015f\u0131 sa\u011flayanlara! \u00c7\u00fcnk\u00fc onlara Tanr\u0131 o\u011fullar\u0131 denecek\u201d ifadelerinin yer ald\u0131\u011f\u0131 pankart a\u00e7\u0131ld\u0131. \u015eANLIURFA- Halklar\u0131n E\u015fitlik ve Demokrasi Partisi (DEM Parti)&nbsp;&nbsp;\u015eanl\u0131urfa\u0130l \u00d6rg\u00fct\u00fc \u00f6nc\u00fcl\u00fc\u011f\u00fcnde ger\u00e7ekle\u015ftirilen y\u00fcr\u00fcy\u00fc\u015fe milletvekilleri, sivil toplum kurulu\u015flar\u0131, sendikalar ve [&hellip;]<\/p>\n","protected":false},"author":1,"featured_media":87131,"comment_status":"open","ping_status":"open","sticky":false,"template":"","format":"standard","meta":{"footnotes":""},"categories":[1],"tags":[],"class_list":["post-87130","post","type-post","status-publish","format-standard","has-post-thumbnail","hentry","category-haberler"],"yoast_head":"<!-- This site is optimized with the Yoast SEO plugin v28.1 - https:\/\/yoast.com\/product\/yoast-seo-wordpress\/ -->\n<title>\u015eanl\u0131urfa\u2019da (Urfa\/ Yedesia-&#039;Akunq&#039; web sitesi) \u0130ncil ile bar\u0131\u015fa \u00e7a\u011fr\u0131 - Bati Ermenistan Ve Bati Ermenileri Sorunlari Ara\u015ftirmalar Merkezi<\/title>\n<meta name=\"robots\" content=\"index, follow, max-snippet:-1, max-image-preview:large, max-video-preview:-1\" \/>\n<link rel=\"canonical\" href=\"https:\/\/akunq.net\/tr\/?p=87130\" \/>\n<meta property=\"og:locale\" content=\"en_US\" \/>\n<meta property=\"og:type\" content=\"article\" \/>\n<meta property=\"og:title\" content=\"\u015eanl\u0131urfa\u2019da (Urfa\/ Yedesia-&#039;Akunq&#039; web sitesi) \u0130ncil ile bar\u0131\u015fa \u00e7a\u011fr\u0131 - Bati Ermenistan Ve Bati Ermenileri Sorunlari Ara\u015ftirmalar Merkezi\" \/>\n<meta property=\"og:description\" content=\"\u015eanl\u0131urfa\u2019da (Urfa \/ Yedesia-&#8216;Akunq&#8217; web sitesi) DEM Parti taraf\u0131ndan 1 Eyl\u00fcl D\u00fcnya Bar\u0131\u015f G\u00fcn\u00fc dolay\u0131s\u0131yla d\u00fczenlenen y\u00fcr\u00fcy\u00fc\u015fte, Urfa Kilisesi Toplulu\u011fu taraf\u0131ndan \u0130ncil\u2019den al\u0131nan \u201cNe mutlu bar\u0131\u015f\u0131 sa\u011flayanlara! \u00c7\u00fcnk\u00fc onlara Tanr\u0131 o\u011fullar\u0131 denecek\u201d ifadelerinin yer ald\u0131\u011f\u0131 pankart a\u00e7\u0131ld\u0131. \u015eANLIURFA- Halklar\u0131n E\u015fitlik ve Demokrasi Partisi (DEM Parti)&nbsp;&nbsp;\u015eanl\u0131urfa\u0130l \u00d6rg\u00fct\u00fc \u00f6nc\u00fcl\u00fc\u011f\u00fcnde ger\u00e7ekle\u015ftirilen y\u00fcr\u00fcy\u00fc\u015fe milletvekilleri, sivil toplum kurulu\u015flar\u0131, sendikalar ve [&hellip;]\" \/>\n<meta property=\"og:url\" content=\"https:\/\/akunq.net\/tr\/?p=87130\" \/>\n<meta property=\"og:site_name\" content=\"Bati Ermenistan Ve Bati Ermenileri Sorunlari Ara\u015ftirmalar Merkezi\" \/>\n<meta property=\"article:published_time\" content=\"2026-09-03T08:11:37+00:00\" \/>\n<meta property=\"og:image\" content=\"https:\/\/akunq.net\/tr\/wp-content\/uploads\/sites\/6\/2026\/09\/Sanliurfa.webp\" \/>\n\t<meta property=\"og:image:width\" content=\"1600\" \/>\n\t<meta property=\"og:image:height\" content=\"1200\" \/>\n\t<meta property=\"og:image:type\" content=\"image\/webp\" \/>\n<meta name=\"author\" content=\"admin\" \/>\n<meta name=\"twitter:card\" content=\"summary_large_image\" \/>\n<meta name=\"twitter:label1\" content=\"Written by\" \/>\n\t<meta name=\"twitter:data1\" content=\"admin\" \/>\n\t<meta name=\"twitter:label2\" content=\"Est. reading time\" \/>\n\t<meta name=\"twitter:data2\" content=\"2 minutes\" \/>\n<script type=\"application\/ld+json\" class=\"yoast-schema-graph\">{\"@context\":\"https:\\\/\\\/schema.org\",\"@graph\":[{\"@type\":\"Article\",\"@id\":\"https:\\\/\\\/akunq.net\\\/tr\\\/?p=87130#article\",\"isPartOf\":{\"@id\":\"https:\\\/\\\/akunq.net\\\/tr\\\/?p=87130\"},\"author\":{\"name\":\"admin\",\"@id\":\"https:\\\/\\\/akunq.net\\\/tr\\\/#\\\/schema\\\/person\\\/42a46675f00a8f1e84520e8c56500de3\"},\"headline\":\"\u015eanl\u0131urfa\u2019da (Urfa\\\/ Yedesia-&#8216;Akunq&#8217; web sitesi) \u0130ncil ile bar\u0131\u015fa \u00e7a\u011fr\u0131\",\"datePublished\":\"2026-09-03T08:11:37+00:00\",\"mainEntityOfPage\":{\"@id\":\"https:\\\/\\\/akunq.net\\\/tr\\\/?p=87130\"},\"wordCount\":388,\"commentCount\":0,\"image\":{\"@id\":\"https:\\\/\\\/akunq.net\\\/tr\\\/?p=87130#primaryimage\"},\"thumbnailUrl\":\"https:\\\/\\\/akunq.net\\\/tr\\\/wp-content\\\/uploads\\\/sites\\\/6\\\/2026\\\/09\\\/Sanliurfa.webp\",\"articleSection\":[\"Haberler\"],\"inLanguage\":\"en-US\",\"potentialAction\":[{\"@type\":\"CommentAction\",\"name\":\"Comment\",\"target\":[\"https:\\\/\\\/akunq.net\\\/tr\\\/?p=87130#respond\"]}]},{\"@type\":\"WebPage\",\"@id\":\"https:\\\/\\\/akunq.net\\\/tr\\\/?p=87130\",\"url\":\"https:\\\/\\\/akunq.net\\\/tr\\\/?p=87130\",\"name\":\"\u015eanl\u0131urfa\u2019da (Urfa\\\/ Yedesia-'Akunq' web sitesi) \u0130ncil ile bar\u0131\u015fa \u00e7a\u011fr\u0131 - Bati Ermenistan Ve Bati Ermenileri Sorunlari Ara\u015ftirmalar Merkezi\",\"isPartOf\":{\"@id\":\"https:\\\/\\\/akunq.net\\\/tr\\\/#website\"},\"primaryImageOfPage\":{\"@id\":\"https:\\\/\\\/akunq.net\\\/tr\\\/?p=87130#primaryimage\"},\"image\":{\"@id\":\"https:\\\/\\\/akunq.net\\\/tr\\\/?p=87130#primaryimage\"},\"thumbnailUrl\":\"https:\\\/\\\/akunq.net\\\/tr\\\/wp-content\\\/uploads\\\/sites\\\/6\\\/2026\\\/09\\\/Sanliurfa.webp\",\"datePublished\":\"2026-09-03T08:11:37+00:00\",\"author\":{\"@id\":\"https:\\\/\\\/akunq.net\\\/tr\\\/#\\\/schema\\\/person\\\/42a46675f00a8f1e84520e8c56500de3\"},\"breadcrumb\":{\"@id\":\"https:\\\/\\\/akunq.net\\\/tr\\\/?p=87130#breadcrumb\"},\"inLanguage\":\"en-US\",\"potentialAction\":[{\"@type\":\"ReadAction\",\"target\":[\"https:\\\/\\\/akunq.net\\\/tr\\\/?p=87130\"]}]},{\"@type\":\"ImageObject\",\"inLanguage\":\"en-US\",\"@id\":\"https:\\\/\\\/akunq.net\\\/tr\\\/?p=87130#primaryimage\",\"url\":\"https:\\\/\\\/akunq.net\\\/tr\\\/wp-content\\\/uploads\\\/sites\\\/6\\\/2026\\\/09\\\/Sanliurfa.webp\",\"contentUrl\":\"https:\\\/\\\/akunq.net\\\/tr\\\/wp-content\\\/uploads\\\/sites\\\/6\\\/2026\\\/09\\\/Sanliurfa.webp\",\"width\":1600,\"height\":1200},{\"@type\":\"BreadcrumbList\",\"@id\":\"https:\\\/\\\/akunq.net\\\/tr\\\/?p=87130#breadcrumb\",\"itemListElement\":[{\"@type\":\"ListItem\",\"position\":1,\"name\":\"Home\",\"item\":\"https:\\\/\\\/akunq.net\\\/tr\"},{\"@type\":\"ListItem\",\"position\":2,\"name\":\"\u015eanl\u0131urfa\u2019da (Urfa\\\/ Yedesia-&#8216;Akunq&#8217; web sitesi) \u0130ncil ile bar\u0131\u015fa \u00e7a\u011fr\u0131\"}]},{\"@type\":\"WebSite\",\"@id\":\"https:\\\/\\\/akunq.net\\\/tr\\\/#website\",\"url\":\"https:\\\/\\\/akunq.net\\\/tr\\\/\",\"name\":\"Bati Ermenistan Ve Bati Ermenileri Sorunlari Ara\u015ftirmalar Merkezi\",\"description\":\"\",\"potentialAction\":[{\"@type\":\"SearchAction\",\"target\":{\"@type\":\"EntryPoint\",\"urlTemplate\":\"https:\\\/\\\/akunq.net\\\/tr\\\/?s={search_term_string}\"},\"query-input\":{\"@type\":\"PropertyValueSpecification\",\"valueRequired\":true,\"valueName\":\"search_term_string\"}}],\"inLanguage\":\"en-US\"},{\"@type\":\"Person\",\"@id\":\"https:\\\/\\\/akunq.net\\\/tr\\\/#\\\/schema\\\/person\\\/42a46675f00a8f1e84520e8c56500de3\",\"name\":\"admin\",\"url\":\"https:\\\/\\\/akunq.net\\\/tr\\\/?author=1\"}]}<\/script>\n<!-- \/ Yoast SEO plugin. -->","yoast_head_json":{"title":"\u015eanl\u0131urfa\u2019da (Urfa\/ Yedesia-'Akunq' web sitesi) \u0130ncil ile bar\u0131\u015fa \u00e7a\u011fr\u0131 - Bati Ermenistan Ve Bati Ermenileri Sorunlari Ara\u015ftirmalar Merkezi","robots":{"index":"index","follow":"follow","max-snippet":"max-snippet:-1","max-image-preview":"max-image-preview:large","max-video-preview":"max-video-preview:-1"},"canonical":"https:\/\/akunq.net\/tr\/?p=87130","og_locale":"en_US","og_type":"article","og_title":"\u015eanl\u0131urfa\u2019da (Urfa\/ Yedesia-'Akunq' web sitesi) \u0130ncil ile bar\u0131\u015fa \u00e7a\u011fr\u0131 - Bati Ermenistan Ve Bati Ermenileri Sorunlari Ara\u015ftirmalar Merkezi","og_description":"\u015eanl\u0131urfa\u2019da (Urfa \/ Yedesia-&#8216;Akunq&#8217; web sitesi) DEM Parti taraf\u0131ndan 1 Eyl\u00fcl D\u00fcnya Bar\u0131\u015f G\u00fcn\u00fc dolay\u0131s\u0131yla d\u00fczenlenen y\u00fcr\u00fcy\u00fc\u015fte, Urfa Kilisesi Toplulu\u011fu taraf\u0131ndan \u0130ncil\u2019den al\u0131nan \u201cNe mutlu bar\u0131\u015f\u0131 sa\u011flayanlara! \u00c7\u00fcnk\u00fc onlara Tanr\u0131 o\u011fullar\u0131 denecek\u201d ifadelerinin yer ald\u0131\u011f\u0131 pankart a\u00e7\u0131ld\u0131. \u015eANLIURFA- Halklar\u0131n E\u015fitlik ve Demokrasi Partisi (DEM Parti)&nbsp;&nbsp;\u015eanl\u0131urfa\u0130l \u00d6rg\u00fct\u00fc \u00f6nc\u00fcl\u00fc\u011f\u00fcnde ger\u00e7ekle\u015ftirilen y\u00fcr\u00fcy\u00fc\u015fe milletvekilleri, sivil toplum kurulu\u015flar\u0131, sendikalar ve [&hellip;]","og_url":"https:\/\/akunq.net\/tr\/?p=87130","og_site_name":"Bati Ermenistan Ve Bati Ermenileri Sorunlari Ara\u015ftirmalar Merkezi","article_published_time":"2026-09-03T08:11:37+00:00","og_image":[{"width":1600,"height":1200,"url":"https:\/\/akunq.net\/tr\/wp-content\/uploads\/sites\/6\/2026\/09\/Sanliurfa.webp","type":"image\/webp"}],"author":"admin","twitter_card":"summary_large_image","twitter_misc":{"Written by":"admin","Est. reading time":"2 minutes"},"schema":{"@context":"https:\/\/schema.org","@graph":[{"@type":"Article","@id":"https:\/\/akunq.net\/tr\/?p=87130#article","isPartOf":{"@id":"https:\/\/akunq.net\/tr\/?p=87130"},"author":{"name":"admin","@id":"https:\/\/akunq.net\/tr\/#\/schema\/person\/42a46675f00a8f1e84520e8c56500de3"},"headline":"\u015eanl\u0131urfa\u2019da (Urfa\/ Yedesia-&#8216;Akunq&#8217; web sitesi) \u0130ncil ile bar\u0131\u015fa \u00e7a\u011fr\u0131","datePublished":"2026-09-03T08:11:37+00:00","mainEntityOfPage":{"@id":"https:\/\/akunq.net\/tr\/?p=87130"},"wordCount":388,"commentCount":0,"image":{"@id":"https:\/\/akunq.net\/tr\/?p=87130#primaryimage"},"thumbnailUrl":"https:\/\/akunq.net\/tr\/wp-content\/uploads\/sites\/6\/2026\/09\/Sanliurfa.webp","articleSection":["Haberler"],"inLanguage":"en-US","potentialAction":[{"@type":"CommentAction","name":"Comment","target":["https:\/\/akunq.net\/tr\/?p=87130#respond"]}]},{"@type":"WebPage","@id":"https:\/\/akunq.net\/tr\/?p=87130","url":"https:\/\/akunq.net\/tr\/?p=87130","name":"\u015eanl\u0131urfa\u2019da (Urfa\/ Yedesia-'Akunq' web sitesi) \u0130ncil ile bar\u0131\u015fa \u00e7a\u011fr\u0131 - Bati Ermenistan Ve Bati Ermenileri Sorunlari Ara\u015ftirmalar Merkezi","isPartOf":{"@id":"https:\/\/akunq.net\/tr\/#website"},"primaryImageOfPage":{"@id":"https:\/\/akunq.net\/tr\/?p=87130#primaryimage"},"image":{"@id":"https:\/\/akunq.net\/tr\/?p=87130#primaryimage"},"thumbnailUrl":"https:\/\/akunq.net\/tr\/wp-content\/uploads\/sites\/6\/2026\/09\/Sanliurfa.webp","datePublished":"2026-09-03T08:11:37+00:00","author":{"@id":"https:\/\/akunq.net\/tr\/#\/schema\/person\/42a46675f00a8f1e84520e8c56500de3"},"breadcrumb":{"@id":"https:\/\/akunq.net\/tr\/?p=87130#breadcrumb"},"inLanguage":"en-US","potentialAction":[{"@type":"ReadAction","target":["https:\/\/akunq.net\/tr\/?p=87130"]}]},{"@type":"ImageObject","inLanguage":"en-US","@id":"https:\/\/akunq.net\/tr\/?p=87130#primaryimage","url":"https:\/\/akunq.net\/tr\/wp-content\/uploads\/sites\/6\/2026\/09\/Sanliurfa.webp","contentUrl":"https:\/\/akunq.net\/tr\/wp-content\/uploads\/sites\/6\/2026\/09\/Sanliurfa.webp","width":1600,"height":1200},{"@type":"BreadcrumbList","@id":"https:\/\/akunq.net\/tr\/?p=87130#breadcrumb","itemListElement":[{"@type":"ListItem","position":1,"name":"Home","item":"https:\/\/akunq.net\/tr"},{"@type":"ListItem","position":2,"name":"\u015eanl\u0131urfa\u2019da (Urfa\/ Yedesia-&#8216;Akunq&#8217; web sitesi) \u0130ncil ile bar\u0131\u015fa \u00e7a\u011fr\u0131"}]},{"@type":"WebSite","@id":"https:\/\/akunq.net\/tr\/#website","url":"https:\/\/akunq.net\/tr\/","name":"Bati Ermenistan Ve Bati Ermenileri Sorunlari Ara\u015ftirmalar Merkezi","description":"","potentialAction":[{"@type":"SearchAction","target":{"@type":"EntryPoint","urlTemplate":"https:\/\/akunq.net\/tr\/?s={search_term_string}"},"query-input":{"@type":"PropertyValueSpecification","valueRequired":true,"valueName":"search_term_string"}}],"inLanguage":"en-US"},{"@type":"Person","@id":"https:\/\/akunq.net\/tr\/#\/schema\/person\/42a46675f00a8f1e84520e8c56500de3","name":"admin","url":"https:\/\/akunq.net\/tr\/?author=1"}]}},"_links":{"self":[{"href":"https:\/\/akunq.net\/tr\/index.php?rest_route=\/wp\/v2\/posts\/87130","targetHints":{"allow":["GET"]}}],"collection":[{"href":"https:\/\/akunq.net\/tr\/index.php?rest_route=\/wp\/v2\/posts"}],"about":[{"href":"https:\/\/akunq.net\/tr\/index.php?rest_route=\/wp\/v2\/types\/post"}],"author":[{"embeddable":true,"href":"https:\/\/akunq.net\/tr\/index.php?rest_route=\/wp\/v2\/users\/1"}],"replies":[{"embeddable":true,"href":"https:\/\/akunq.net\/tr\/index.php?rest_route=%2Fwp%2Fv2%2Fcomments&post=87130"}],"version-history":[{"count":1,"href":"https:\/\/akunq.net\/tr\/index.php?rest_route=\/wp\/v2\/posts\/87130\/revisions"}],"predecessor-version":[{"id":87132,"href":"https:\/\/akunq.net\/tr\/index.php?rest_route=\/wp\/v2\/posts\/87130\/revisions\/87132"}],"wp:featuredmedia":[{"embeddable":true,"href":"https:\/\/akunq.net\/tr\/index.php?rest_route=\/wp\/v2\/media\/87131"}],"wp:attachment":[{"href":"https:\/\/akunq.net\/tr\/index.php?rest_route=%2Fwp%2Fv2%2Fmedia&parent=87130"}],"wp:term":[{"taxonomy":"category","embeddable":true,"href":"https:\/\/akunq.net\/tr\/index.php?rest_route=%2Fwp%2Fv2%2Fcategories&post=87130"},{"taxonomy":"post_tag","embeddable":true,"href":"https:\/\/akunq.net\/tr\/index.php?rest_route=%2Fwp%2Fv2%2Ftags&post=87130"}],"curies":[{"name":"wp","href":"https:\/\/api.w.org\/{rel}","templated":true}]}}