{"id":87127,"date":"2026-09-03T03:03:11","date_gmt":"2026-09-03T08:03:11","guid":{"rendered":"https:\/\/akunq.net\/tr\/?p=87127"},"modified":"2026-09-03T03:03:12","modified_gmt":"2026-09-03T08:03:12","slug":"akhtamarda-bu-pazar-ayin-var","status":"publish","type":"post","link":"https:\/\/akunq.net\/tr\/?p=87127","title":{"rendered":"Akhtamar\u2019da bu pazar ayin var"},"content":{"rendered":"\n<p class=\"wp-block-paragraph\"><strong><em>Van G\u00f6l\u00fc&#8217;ndeki Akhtamar Adas\u0131&#8217;nda bulunan Surp Ha\u00e7 Kilisesi&#8217;nde bu y\u0131l 14&#8217;\u00fcnc\u00fc ayin ger\u00e7ekle\u015ftirilecek. 6 Eyl\u00fcl\u2019de T\u00fcrkiye Ermenileri Patri\u011fi Sahak Ma\u015falyan&#8217;\u0131n riyaset edece\u011fi ayine yo\u011fun kat\u0131l\u0131m olaca\u011f\u0131 tahmin ediliyor.<\/em><\/strong><\/p>\n\n\n\n<p class=\"wp-block-paragraph\">Kilise i\u00e7in K\u00fclt\u00fcr ve Turizm Bakanl\u0131\u011f\u0131 taraf\u0131ndan 2005 y\u0131l\u0131nda restorasyon \u00e7al\u0131\u015fmas\u0131 ba\u015flat\u0131ld\u0131. \u00c7al\u0131\u015fmalar\u0131n tamamlanmas\u0131n\u0131n ard\u0131ndan kilise, 2007 y\u0131l\u0131nda d\u00fczenlenen uluslararas\u0131 t\u00f6renle an\u0131t m\u00fcze olarak ziyarete a\u00e7\u0131ld\u0131. K\u00fclt\u00fcr ve Turizm Bakanl\u0131\u011f\u0131&#8217;n\u0131n \u00f6zel izniyle y\u0131lda bir kez ibadete a\u00e7\u0131lan tarihi kilisede, 19 Eyl\u00fcl 2010 tarihinde 95 y\u0131l aradan sonra ilk ayin ger\u00e7ekle\u015ftirildi. Bu y\u0131l 14&#8217;\u00fcnc\u00fcs\u00fc d\u00fczenlenecek ayine, yurt i\u00e7i ve yurt d\u0131\u015f\u0131ndan \u00e7ok say\u0131da ziyaret\u00e7inin kat\u0131lmas\u0131 bekleniyor.<\/p>\n\n\n\n<p class=\"wp-block-paragraph\">Geva\u015f il\u00e7esinde tekne kaptanl\u0131\u011f\u0131 yapan Erkan Avc\u0131, bu y\u0131lki ayin i\u00e7in yo\u011funluk beklediklerini s\u00f6yledi.<\/p>\n\n\n\n<p class=\"wp-block-paragraph\">Haz\u0131rl\u0131klar\u0131n\u0131 tamamlad\u0131klar\u0131n\u0131 belirten Avc\u0131, \u015funlar\u0131 s\u00f6yledi:<\/p>\n\n\n\n<p class=\"wp-block-paragraph\">\u201cBu y\u0131l daha fazla ziyaret\u00e7inin gelece\u011fini umut ediyoruz. Biz de haz\u0131rl\u0131klar\u0131m\u0131z\u0131 yapt\u0131k. Burada 15 tekne ile hizmet veriyoruz. Ayin \u00f6ncesinde aday\u0131 ziyaret etmek isteyen vatanda\u015flar\u0131 da teknelerle Akhtamar Adas\u0131&#8217;na ta\u015f\u0131yoruz. Haz\u0131r bir \u015fekilde bekliyoruz. Pazar g\u00fcn\u00fc gelecek olanlar\u0131 teknelerimizle adaya ta\u015f\u0131yaca\u011f\u0131z.\u201d<\/p>\n\n\n\n<p class=\"wp-block-paragraph\">Surp Ha\u00e7 Yortusu Ermeni Kilisesi\u2019nce 13 Eyl\u00fcl\u2019de kutlanacak. Akhtamar\u2019daki ayinler gelneksel olarak bir hafta \u00f6nce yap\u0131l\u0131yor.<\/p>\n\n\n\n<p class=\"wp-block-paragraph\"><a href=\"https:\/\/www.agos.com.tr\/tr\/haber\/akhtamarda-bu-pazar-ayin-var-41731\"><strong><em>https:\/\/www.agos.com.tr\/tr\/haber\/akhtamarda-bu-pazar-ayin-var-41731<\/em><\/strong><\/a><\/p>\n","protected":false},"excerpt":{"rendered":"<p>Van G\u00f6l\u00fc&#8217;ndeki Akhtamar Adas\u0131&#8217;nda bulunan Surp Ha\u00e7 Kilisesi&#8217;nde bu y\u0131l 14&#8217;\u00fcnc\u00fc ayin ger\u00e7ekle\u015ftirilecek. 6 Eyl\u00fcl\u2019de T\u00fcrkiye Ermenileri Patri\u011fi Sahak Ma\u015falyan&#8217;\u0131n riyaset edece\u011fi ayine yo\u011fun kat\u0131l\u0131m olaca\u011f\u0131 tahmin ediliyor. Kilise i\u00e7in K\u00fclt\u00fcr ve Turizm Bakanl\u0131\u011f\u0131 taraf\u0131ndan 2005 y\u0131l\u0131nda restorasyon \u00e7al\u0131\u015fmas\u0131 ba\u015flat\u0131ld\u0131. \u00c7al\u0131\u015fmalar\u0131n tamamlanmas\u0131n\u0131n ard\u0131ndan kilise, 2007 y\u0131l\u0131nda d\u00fczenlenen uluslararas\u0131 t\u00f6renle an\u0131t m\u00fcze olarak ziyarete a\u00e7\u0131ld\u0131. K\u00fclt\u00fcr [&hellip;]<\/p>\n","protected":false},"author":1,"featured_media":87128,"comment_status":"open","ping_status":"open","sticky":false,"template":"","format":"standard","meta":{"footnotes":""},"categories":[22,1],"tags":[],"class_list":["post-87127","post","type-post","status-publish","format-standard","has-post-thumbnail","hentry","category-gunumuzde-bati-ermenistan","category-haberler"],"yoast_head":"<!-- This site is optimized with the Yoast SEO plugin v28.1 - https:\/\/yoast.com\/product\/yoast-seo-wordpress\/ -->\n<title>Akhtamar\u2019da bu pazar ayin var - Bati Ermenistan Ve Bati Ermenileri Sorunlari Ara\u015ftirmalar Merkezi<\/title>\n<meta name=\"robots\" content=\"index, follow, max-snippet:-1, max-image-preview:large, max-video-preview:-1\" \/>\n<link rel=\"canonical\" href=\"https:\/\/akunq.net\/tr\/?p=87127\" \/>\n<meta property=\"og:locale\" content=\"en_US\" \/>\n<meta property=\"og:type\" content=\"article\" \/>\n<meta property=\"og:title\" content=\"Akhtamar\u2019da bu pazar ayin var - Bati Ermenistan Ve Bati Ermenileri Sorunlari Ara\u015ftirmalar Merkezi\" \/>\n<meta property=\"og:description\" content=\"Van G\u00f6l\u00fc&#8217;ndeki Akhtamar Adas\u0131&#8217;nda bulunan Surp Ha\u00e7 Kilisesi&#8217;nde bu y\u0131l 14&#8217;\u00fcnc\u00fc ayin ger\u00e7ekle\u015ftirilecek. 6 Eyl\u00fcl\u2019de T\u00fcrkiye Ermenileri Patri\u011fi Sahak Ma\u015falyan&#8217;\u0131n riyaset edece\u011fi ayine yo\u011fun kat\u0131l\u0131m olaca\u011f\u0131 tahmin ediliyor. Kilise i\u00e7in K\u00fclt\u00fcr ve Turizm Bakanl\u0131\u011f\u0131 taraf\u0131ndan 2005 y\u0131l\u0131nda restorasyon \u00e7al\u0131\u015fmas\u0131 ba\u015flat\u0131ld\u0131. \u00c7al\u0131\u015fmalar\u0131n tamamlanmas\u0131n\u0131n ard\u0131ndan kilise, 2007 y\u0131l\u0131nda d\u00fczenlenen uluslararas\u0131 t\u00f6renle an\u0131t m\u00fcze olarak ziyarete a\u00e7\u0131ld\u0131. K\u00fclt\u00fcr [&hellip;]\" \/>\n<meta property=\"og:url\" content=\"https:\/\/akunq.net\/tr\/?p=87127\" \/>\n<meta property=\"og:site_name\" content=\"Bati Ermenistan Ve Bati Ermenileri Sorunlari Ara\u015ftirmalar Merkezi\" \/>\n<meta property=\"article:published_time\" content=\"2026-09-03T08:03:11+00:00\" \/>\n<meta property=\"article:modified_time\" content=\"2026-09-03T08:03:12+00:00\" \/>\n<meta property=\"og:image\" content=\"https:\/\/akunq.net\/tr\/wp-content\/uploads\/sites\/6\/2026\/09\/Akhtamar.webp\" \/>\n\t<meta property=\"og:image:width\" content=\"800\" \/>\n\t<meta property=\"og:image:height\" content=\"450\" \/>\n\t<meta property=\"og:image:type\" content=\"image\/webp\" \/>\n<meta name=\"author\" content=\"admin\" \/>\n<meta name=\"twitter:card\" content=\"summary_large_image\" \/>\n<meta name=\"twitter:label1\" content=\"Written by\" \/>\n\t<meta name=\"twitter:data1\" content=\"admin\" \/>\n\t<meta name=\"twitter:label2\" content=\"Est. reading time\" \/>\n\t<meta name=\"twitter:data2\" content=\"1 minute\" \/>\n<script type=\"application\/ld+json\" class=\"yoast-schema-graph\">{\"@context\":\"https:\\\/\\\/schema.org\",\"@graph\":[{\"@type\":\"Article\",\"@id\":\"https:\\\/\\\/akunq.net\\\/tr\\\/?p=87127#article\",\"isPartOf\":{\"@id\":\"https:\\\/\\\/akunq.net\\\/tr\\\/?p=87127\"},\"author\":{\"name\":\"admin\",\"@id\":\"https:\\\/\\\/akunq.net\\\/tr\\\/#\\\/schema\\\/person\\\/42a46675f00a8f1e84520e8c56500de3\"},\"headline\":\"Akhtamar\u2019da bu pazar ayin var\",\"datePublished\":\"2026-09-03T08:03:11+00:00\",\"dateModified\":\"2026-09-03T08:03:12+00:00\",\"mainEntityOfPage\":{\"@id\":\"https:\\\/\\\/akunq.net\\\/tr\\\/?p=87127\"},\"wordCount\":265,\"commentCount\":0,\"image\":{\"@id\":\"https:\\\/\\\/akunq.net\\\/tr\\\/?p=87127#primaryimage\"},\"thumbnailUrl\":\"https:\\\/\\\/akunq.net\\\/tr\\\/wp-content\\\/uploads\\\/sites\\\/6\\\/2026\\\/09\\\/Akhtamar.webp\",\"articleSection\":[\"G\u00fcn\u00fcm\u00fczde Bat\u0131 Ermenistan\",\"Haberler\"],\"inLanguage\":\"en-US\",\"potentialAction\":[{\"@type\":\"CommentAction\",\"name\":\"Comment\",\"target\":[\"https:\\\/\\\/akunq.net\\\/tr\\\/?p=87127#respond\"]}]},{\"@type\":\"WebPage\",\"@id\":\"https:\\\/\\\/akunq.net\\\/tr\\\/?p=87127\",\"url\":\"https:\\\/\\\/akunq.net\\\/tr\\\/?p=87127\",\"name\":\"Akhtamar\u2019da bu pazar ayin var - Bati Ermenistan Ve Bati Ermenileri Sorunlari Ara\u015ftirmalar Merkezi\",\"isPartOf\":{\"@id\":\"https:\\\/\\\/akunq.net\\\/tr\\\/#website\"},\"primaryImageOfPage\":{\"@id\":\"https:\\\/\\\/akunq.net\\\/tr\\\/?p=87127#primaryimage\"},\"image\":{\"@id\":\"https:\\\/\\\/akunq.net\\\/tr\\\/?p=87127#primaryimage\"},\"thumbnailUrl\":\"https:\\\/\\\/akunq.net\\\/tr\\\/wp-content\\\/uploads\\\/sites\\\/6\\\/2026\\\/09\\\/Akhtamar.webp\",\"datePublished\":\"2026-09-03T08:03:11+00:00\",\"dateModified\":\"2026-09-03T08:03:12+00:00\",\"author\":{\"@id\":\"https:\\\/\\\/akunq.net\\\/tr\\\/#\\\/schema\\\/person\\\/42a46675f00a8f1e84520e8c56500de3\"},\"breadcrumb\":{\"@id\":\"https:\\\/\\\/akunq.net\\\/tr\\\/?p=87127#breadcrumb\"},\"inLanguage\":\"en-US\",\"potentialAction\":[{\"@type\":\"ReadAction\",\"target\":[\"https:\\\/\\\/akunq.net\\\/tr\\\/?p=87127\"]}]},{\"@type\":\"ImageObject\",\"inLanguage\":\"en-US\",\"@id\":\"https:\\\/\\\/akunq.net\\\/tr\\\/?p=87127#primaryimage\",\"url\":\"https:\\\/\\\/akunq.net\\\/tr\\\/wp-content\\\/uploads\\\/sites\\\/6\\\/2026\\\/09\\\/Akhtamar.webp\",\"contentUrl\":\"https:\\\/\\\/akunq.net\\\/tr\\\/wp-content\\\/uploads\\\/sites\\\/6\\\/2026\\\/09\\\/Akhtamar.webp\",\"width\":800,\"height\":450},{\"@type\":\"BreadcrumbList\",\"@id\":\"https:\\\/\\\/akunq.net\\\/tr\\\/?p=87127#breadcrumb\",\"itemListElement\":[{\"@type\":\"ListItem\",\"position\":1,\"name\":\"Home\",\"item\":\"https:\\\/\\\/akunq.net\\\/tr\"},{\"@type\":\"ListItem\",\"position\":2,\"name\":\"Akhtamar\u2019da bu pazar ayin var\"}]},{\"@type\":\"WebSite\",\"@id\":\"https:\\\/\\\/akunq.net\\\/tr\\\/#website\",\"url\":\"https:\\\/\\\/akunq.net\\\/tr\\\/\",\"name\":\"Bati Ermenistan Ve Bati Ermenileri Sorunlari Ara\u015ftirmalar Merkezi\",\"description\":\"\",\"potentialAction\":[{\"@type\":\"SearchAction\",\"target\":{\"@type\":\"EntryPoint\",\"urlTemplate\":\"https:\\\/\\\/akunq.net\\\/tr\\\/?s={search_term_string}\"},\"query-input\":{\"@type\":\"PropertyValueSpecification\",\"valueRequired\":true,\"valueName\":\"search_term_string\"}}],\"inLanguage\":\"en-US\"},{\"@type\":\"Person\",\"@id\":\"https:\\\/\\\/akunq.net\\\/tr\\\/#\\\/schema\\\/person\\\/42a46675f00a8f1e84520e8c56500de3\",\"name\":\"admin\",\"url\":\"https:\\\/\\\/akunq.net\\\/tr\\\/?author=1\"}]}<\/script>\n<!-- \/ Yoast SEO plugin. -->","yoast_head_json":{"title":"Akhtamar\u2019da bu pazar ayin var - Bati Ermenistan Ve Bati Ermenileri Sorunlari Ara\u015ftirmalar Merkezi","robots":{"index":"index","follow":"follow","max-snippet":"max-snippet:-1","max-image-preview":"max-image-preview:large","max-video-preview":"max-video-preview:-1"},"canonical":"https:\/\/akunq.net\/tr\/?p=87127","og_locale":"en_US","og_type":"article","og_title":"Akhtamar\u2019da bu pazar ayin var - Bati Ermenistan Ve Bati Ermenileri Sorunlari Ara\u015ftirmalar Merkezi","og_description":"Van G\u00f6l\u00fc&#8217;ndeki Akhtamar Adas\u0131&#8217;nda bulunan Surp Ha\u00e7 Kilisesi&#8217;nde bu y\u0131l 14&#8217;\u00fcnc\u00fc ayin ger\u00e7ekle\u015ftirilecek. 6 Eyl\u00fcl\u2019de T\u00fcrkiye Ermenileri Patri\u011fi Sahak Ma\u015falyan&#8217;\u0131n riyaset edece\u011fi ayine yo\u011fun kat\u0131l\u0131m olaca\u011f\u0131 tahmin ediliyor. Kilise i\u00e7in K\u00fclt\u00fcr ve Turizm Bakanl\u0131\u011f\u0131 taraf\u0131ndan 2005 y\u0131l\u0131nda restorasyon \u00e7al\u0131\u015fmas\u0131 ba\u015flat\u0131ld\u0131. \u00c7al\u0131\u015fmalar\u0131n tamamlanmas\u0131n\u0131n ard\u0131ndan kilise, 2007 y\u0131l\u0131nda d\u00fczenlenen uluslararas\u0131 t\u00f6renle an\u0131t m\u00fcze olarak ziyarete a\u00e7\u0131ld\u0131. K\u00fclt\u00fcr [&hellip;]","og_url":"https:\/\/akunq.net\/tr\/?p=87127","og_site_name":"Bati Ermenistan Ve Bati Ermenileri Sorunlari Ara\u015ftirmalar Merkezi","article_published_time":"2026-09-03T08:03:11+00:00","article_modified_time":"2026-09-03T08:03:12+00:00","og_image":[{"width":800,"height":450,"url":"https:\/\/akunq.net\/tr\/wp-content\/uploads\/sites\/6\/2026\/09\/Akhtamar.webp","type":"image\/webp"}],"author":"admin","twitter_card":"summary_large_image","twitter_misc":{"Written by":"admin","Est. reading time":"1 minute"},"schema":{"@context":"https:\/\/schema.org","@graph":[{"@type":"Article","@id":"https:\/\/akunq.net\/tr\/?p=87127#article","isPartOf":{"@id":"https:\/\/akunq.net\/tr\/?p=87127"},"author":{"name":"admin","@id":"https:\/\/akunq.net\/tr\/#\/schema\/person\/42a46675f00a8f1e84520e8c56500de3"},"headline":"Akhtamar\u2019da bu pazar ayin var","datePublished":"2026-09-03T08:03:11+00:00","dateModified":"2026-09-03T08:03:12+00:00","mainEntityOfPage":{"@id":"https:\/\/akunq.net\/tr\/?p=87127"},"wordCount":265,"commentCount":0,"image":{"@id":"https:\/\/akunq.net\/tr\/?p=87127#primaryimage"},"thumbnailUrl":"https:\/\/akunq.net\/tr\/wp-content\/uploads\/sites\/6\/2026\/09\/Akhtamar.webp","articleSection":["G\u00fcn\u00fcm\u00fczde Bat\u0131 Ermenistan","Haberler"],"inLanguage":"en-US","potentialAction":[{"@type":"CommentAction","name":"Comment","target":["https:\/\/akunq.net\/tr\/?p=87127#respond"]}]},{"@type":"WebPage","@id":"https:\/\/akunq.net\/tr\/?p=87127","url":"https:\/\/akunq.net\/tr\/?p=87127","name":"Akhtamar\u2019da bu pazar ayin var - Bati Ermenistan Ve Bati Ermenileri Sorunlari Ara\u015ftirmalar Merkezi","isPartOf":{"@id":"https:\/\/akunq.net\/tr\/#website"},"primaryImageOfPage":{"@id":"https:\/\/akunq.net\/tr\/?p=87127#primaryimage"},"image":{"@id":"https:\/\/akunq.net\/tr\/?p=87127#primaryimage"},"thumbnailUrl":"https:\/\/akunq.net\/tr\/wp-content\/uploads\/sites\/6\/2026\/09\/Akhtamar.webp","datePublished":"2026-09-03T08:03:11+00:00","dateModified":"2026-09-03T08:03:12+00:00","author":{"@id":"https:\/\/akunq.net\/tr\/#\/schema\/person\/42a46675f00a8f1e84520e8c56500de3"},"breadcrumb":{"@id":"https:\/\/akunq.net\/tr\/?p=87127#breadcrumb"},"inLanguage":"en-US","potentialAction":[{"@type":"ReadAction","target":["https:\/\/akunq.net\/tr\/?p=87127"]}]},{"@type":"ImageObject","inLanguage":"en-US","@id":"https:\/\/akunq.net\/tr\/?p=87127#primaryimage","url":"https:\/\/akunq.net\/tr\/wp-content\/uploads\/sites\/6\/2026\/09\/Akhtamar.webp","contentUrl":"https:\/\/akunq.net\/tr\/wp-content\/uploads\/sites\/6\/2026\/09\/Akhtamar.webp","width":800,"height":450},{"@type":"BreadcrumbList","@id":"https:\/\/akunq.net\/tr\/?p=87127#breadcrumb","itemListElement":[{"@type":"ListItem","position":1,"name":"Home","item":"https:\/\/akunq.net\/tr"},{"@type":"ListItem","position":2,"name":"Akhtamar\u2019da bu pazar ayin var"}]},{"@type":"WebSite","@id":"https:\/\/akunq.net\/tr\/#website","url":"https:\/\/akunq.net\/tr\/","name":"Bati Ermenistan Ve Bati Ermenileri Sorunlari Ara\u015ftirmalar Merkezi","description":"","potentialAction":[{"@type":"SearchAction","target":{"@type":"EntryPoint","urlTemplate":"https:\/\/akunq.net\/tr\/?s={search_term_string}"},"query-input":{"@type":"PropertyValueSpecification","valueRequired":true,"valueName":"search_term_string"}}],"inLanguage":"en-US"},{"@type":"Person","@id":"https:\/\/akunq.net\/tr\/#\/schema\/person\/42a46675f00a8f1e84520e8c56500de3","name":"admin","url":"https:\/\/akunq.net\/tr\/?author=1"}]}},"_links":{"self":[{"href":"https:\/\/akunq.net\/tr\/index.php?rest_route=\/wp\/v2\/posts\/87127","targetHints":{"allow":["GET"]}}],"collection":[{"href":"https:\/\/akunq.net\/tr\/index.php?rest_route=\/wp\/v2\/posts"}],"about":[{"href":"https:\/\/akunq.net\/tr\/index.php?rest_route=\/wp\/v2\/types\/post"}],"author":[{"embeddable":true,"href":"https:\/\/akunq.net\/tr\/index.php?rest_route=\/wp\/v2\/users\/1"}],"replies":[{"embeddable":true,"href":"https:\/\/akunq.net\/tr\/index.php?rest_route=%2Fwp%2Fv2%2Fcomments&post=87127"}],"version-history":[{"count":1,"href":"https:\/\/akunq.net\/tr\/index.php?rest_route=\/wp\/v2\/posts\/87127\/revisions"}],"predecessor-version":[{"id":87129,"href":"https:\/\/akunq.net\/tr\/index.php?rest_route=\/wp\/v2\/posts\/87127\/revisions\/87129"}],"wp:featuredmedia":[{"embeddable":true,"href":"https:\/\/akunq.net\/tr\/index.php?rest_route=\/wp\/v2\/media\/87128"}],"wp:attachment":[{"href":"https:\/\/akunq.net\/tr\/index.php?rest_route=%2Fwp%2Fv2%2Fmedia&parent=87127"}],"wp:term":[{"taxonomy":"category","embeddable":true,"href":"https:\/\/akunq.net\/tr\/index.php?rest_route=%2Fwp%2Fv2%2Fcategories&post=87127"},{"taxonomy":"post_tag","embeddable":true,"href":"https:\/\/akunq.net\/tr\/index.php?rest_route=%2Fwp%2Fv2%2Ftags&post=87127"}],"curies":[{"name":"wp","href":"https:\/\/api.w.org\/{rel}","templated":true}]}}