{"id":87121,"date":"2026-09-03T02:40:52","date_gmt":"2026-09-03T07:40:52","guid":{"rendered":"https:\/\/akunq.net\/tr\/?p=87121"},"modified":"2026-09-03T02:40:53","modified_gmt":"2026-09-03T07:40:53","slug":"ermenistanda-tarazfest-megri-2026-geleneksel-kostum-ve-el-sanatlari-festivali-duzenlenecek","status":"publish","type":"post","link":"https:\/\/akunq.net\/tr\/?p=87121","title":{"rendered":"Ermenistan\u2019da \u201cTARAZfest-Me\u011fri 2026\u201d geleneksel kost\u00fcm ve el sanatlar\u0131 festivali d\u00fczenlenecek"},"content":{"rendered":"\n<p class=\"wp-block-paragraph\"><strong><em>Ermenistan E\u011fitim, Bilim, K\u00fclt\u00fcr ve Spor Bakanl\u0131\u011f\u0131 ile Ba\u011f\u0131ms\u0131z Devletler Toplulu\u011fu (BDT) \u00dcye Devletleri \u0130nsani \u0130\u015fbirli\u011fi Devletleraras\u0131 Fonu\u2019nun (\u041c\u0424\u0413\u0421) deste\u011fi ve \u201cTeryan K\u00fclt\u00fcr Merkezi\u201d sivil toplum kurulu\u015funun giri\u015fimiyle, 3-8 Eyl\u00fcl tarihleri aras\u0131nda S\u00fcnik b\u00f6lgesindeki Meghri kentinde \u201cTARAZfest \u2013 Meghri 2026\u201d Geleneksel Kost\u00fcm ve El Sanatlar\u0131 Uluslararas\u0131 Festivali d\u00fczenlenecek.<\/em><\/strong><\/p>\n\n\n\n<p class=\"wp-block-paragraph\">\u201cTARAZfest\u201d, \u201cTeryan K\u00fclt\u00fcr Merkezi\u201dnin her y\u0131l d\u00fczenledi\u011fi ba\u015fl\u0131ca k\u00fclt\u00fcrel projelerden biri. Festivalin temel amac\u0131, geleneksel ulusal k\u0131yafetlerin, etnik tekstil \u00fcr\u00fcnlerinin ve geleneksel el sanatlar\u0131n\u0131n korunmas\u0131, tan\u0131t\u0131lmas\u0131 ve uluslararas\u0131 k\u00fclt\u00fcrel i\u015fbirli\u011finin geli\u015ftirilmesi.<\/p>\n\n\n\n<p class=\"wp-block-paragraph\">Bu y\u0131lki festivalde BDT \u00fcyesi ve ortak \u00fclkelerden heyetler, tasar\u0131mc\u0131lar ve ustalar bir araya gelecek. Etkinli\u011fe Kazakistan, Tacikistan, K\u0131rg\u0131zistan, Rusya, Belarus, T\u00fcrkmenistan ve \u00d6zbekistan\u2019dan kat\u0131l\u0131mc\u0131lar yer alacak.<\/p>\n\n\n\n<p class=\"wp-block-paragraph\"><strong><em>Kaynak:\u00a0<a href=\"https:\/\/ermenihaber.am\/\">Ermeni Haber<\/a><\/em><\/strong><\/p>\n","protected":false},"excerpt":{"rendered":"<p>Ermenistan E\u011fitim, Bilim, K\u00fclt\u00fcr ve Spor Bakanl\u0131\u011f\u0131 ile Ba\u011f\u0131ms\u0131z Devletler Toplulu\u011fu (BDT) \u00dcye Devletleri \u0130nsani \u0130\u015fbirli\u011fi Devletleraras\u0131 Fonu\u2019nun (\u041c\u0424\u0413\u0421) deste\u011fi ve \u201cTeryan K\u00fclt\u00fcr Merkezi\u201d sivil toplum kurulu\u015funun giri\u015fimiyle, 3-8 Eyl\u00fcl tarihleri aras\u0131nda S\u00fcnik b\u00f6lgesindeki Meghri kentinde \u201cTARAZfest \u2013 Meghri 2026\u201d Geleneksel Kost\u00fcm ve El Sanatlar\u0131 Uluslararas\u0131 Festivali d\u00fczenlenecek. \u201cTARAZfest\u201d, \u201cTeryan K\u00fclt\u00fcr Merkezi\u201dnin her y\u0131l d\u00fczenledi\u011fi [&hellip;]<\/p>\n","protected":false},"author":1,"featured_media":87122,"comment_status":"open","ping_status":"open","sticky":false,"template":"","format":"standard","meta":{"footnotes":""},"categories":[1],"tags":[],"class_list":["post-87121","post","type-post","status-publish","format-standard","has-post-thumbnail","hentry","category-haberler"],"yoast_head":"<!-- This site is optimized with the Yoast SEO plugin v28.1 - https:\/\/yoast.com\/product\/yoast-seo-wordpress\/ -->\n<title>Ermenistan\u2019da \u201cTARAZfest-Me\u011fri 2026\u201d geleneksel kost\u00fcm ve el sanatlar\u0131 festivali d\u00fczenlenecek - Bati Ermenistan Ve Bati Ermenileri Sorunlari Ara\u015ftirmalar Merkezi<\/title>\n<meta name=\"robots\" content=\"index, follow, max-snippet:-1, max-image-preview:large, max-video-preview:-1\" \/>\n<link rel=\"canonical\" href=\"https:\/\/akunq.net\/tr\/?p=87121\" \/>\n<meta property=\"og:locale\" content=\"en_US\" \/>\n<meta property=\"og:type\" content=\"article\" \/>\n<meta property=\"og:title\" content=\"Ermenistan\u2019da \u201cTARAZfest-Me\u011fri 2026\u201d geleneksel kost\u00fcm ve el sanatlar\u0131 festivali d\u00fczenlenecek - Bati Ermenistan Ve Bati Ermenileri Sorunlari Ara\u015ftirmalar Merkezi\" \/>\n<meta property=\"og:description\" content=\"Ermenistan E\u011fitim, Bilim, K\u00fclt\u00fcr ve Spor Bakanl\u0131\u011f\u0131 ile Ba\u011f\u0131ms\u0131z Devletler Toplulu\u011fu (BDT) \u00dcye Devletleri \u0130nsani \u0130\u015fbirli\u011fi Devletleraras\u0131 Fonu\u2019nun (\u041c\u0424\u0413\u0421) deste\u011fi ve \u201cTeryan K\u00fclt\u00fcr Merkezi\u201d sivil toplum kurulu\u015funun giri\u015fimiyle, 3-8 Eyl\u00fcl tarihleri aras\u0131nda S\u00fcnik b\u00f6lgesindeki Meghri kentinde \u201cTARAZfest \u2013 Meghri 2026\u201d Geleneksel Kost\u00fcm ve El Sanatlar\u0131 Uluslararas\u0131 Festivali d\u00fczenlenecek. \u201cTARAZfest\u201d, \u201cTeryan K\u00fclt\u00fcr Merkezi\u201dnin her y\u0131l d\u00fczenledi\u011fi [&hellip;]\" \/>\n<meta property=\"og:url\" content=\"https:\/\/akunq.net\/tr\/?p=87121\" \/>\n<meta property=\"og:site_name\" content=\"Bati Ermenistan Ve Bati Ermenileri Sorunlari Ara\u015ftirmalar Merkezi\" \/>\n<meta property=\"article:published_time\" content=\"2026-09-03T07:40:52+00:00\" \/>\n<meta property=\"article:modified_time\" content=\"2026-09-03T07:40:53+00:00\" \/>\n<meta property=\"og:image\" content=\"https:\/\/akunq.net\/tr\/wp-content\/uploads\/sites\/6\/2026\/09\/taraz.webp\" \/>\n\t<meta property=\"og:image:width\" content=\"623\" \/>\n\t<meta property=\"og:image:height\" content=\"640\" \/>\n\t<meta property=\"og:image:type\" content=\"image\/webp\" \/>\n<meta name=\"author\" content=\"admin\" \/>\n<meta name=\"twitter:card\" content=\"summary_large_image\" \/>\n<meta name=\"twitter:label1\" content=\"Written by\" \/>\n\t<meta name=\"twitter:data1\" content=\"admin\" \/>\n\t<meta name=\"twitter:label2\" content=\"Est. reading time\" \/>\n\t<meta name=\"twitter:data2\" content=\"1 minute\" \/>\n<script type=\"application\/ld+json\" class=\"yoast-schema-graph\">{\"@context\":\"https:\\\/\\\/schema.org\",\"@graph\":[{\"@type\":\"Article\",\"@id\":\"https:\\\/\\\/akunq.net\\\/tr\\\/?p=87121#article\",\"isPartOf\":{\"@id\":\"https:\\\/\\\/akunq.net\\\/tr\\\/?p=87121\"},\"author\":{\"name\":\"admin\",\"@id\":\"https:\\\/\\\/akunq.net\\\/tr\\\/#\\\/schema\\\/person\\\/42a46675f00a8f1e84520e8c56500de3\"},\"headline\":\"Ermenistan\u2019da \u201cTARAZfest-Me\u011fri 2026\u201d geleneksel kost\u00fcm ve el sanatlar\u0131 festivali d\u00fczenlenecek\",\"datePublished\":\"2026-09-03T07:40:52+00:00\",\"dateModified\":\"2026-09-03T07:40:53+00:00\",\"mainEntityOfPage\":{\"@id\":\"https:\\\/\\\/akunq.net\\\/tr\\\/?p=87121\"},\"wordCount\":184,\"commentCount\":0,\"image\":{\"@id\":\"https:\\\/\\\/akunq.net\\\/tr\\\/?p=87121#primaryimage\"},\"thumbnailUrl\":\"https:\\\/\\\/akunq.net\\\/tr\\\/wp-content\\\/uploads\\\/sites\\\/6\\\/2026\\\/09\\\/taraz.webp\",\"articleSection\":[\"Haberler\"],\"inLanguage\":\"en-US\",\"potentialAction\":[{\"@type\":\"CommentAction\",\"name\":\"Comment\",\"target\":[\"https:\\\/\\\/akunq.net\\\/tr\\\/?p=87121#respond\"]}]},{\"@type\":\"WebPage\",\"@id\":\"https:\\\/\\\/akunq.net\\\/tr\\\/?p=87121\",\"url\":\"https:\\\/\\\/akunq.net\\\/tr\\\/?p=87121\",\"name\":\"Ermenistan\u2019da \u201cTARAZfest-Me\u011fri 2026\u201d geleneksel kost\u00fcm ve el sanatlar\u0131 festivali d\u00fczenlenecek - Bati Ermenistan Ve Bati Ermenileri Sorunlari Ara\u015ftirmalar Merkezi\",\"isPartOf\":{\"@id\":\"https:\\\/\\\/akunq.net\\\/tr\\\/#website\"},\"primaryImageOfPage\":{\"@id\":\"https:\\\/\\\/akunq.net\\\/tr\\\/?p=87121#primaryimage\"},\"image\":{\"@id\":\"https:\\\/\\\/akunq.net\\\/tr\\\/?p=87121#primaryimage\"},\"thumbnailUrl\":\"https:\\\/\\\/akunq.net\\\/tr\\\/wp-content\\\/uploads\\\/sites\\\/6\\\/2026\\\/09\\\/taraz.webp\",\"datePublished\":\"2026-09-03T07:40:52+00:00\",\"dateModified\":\"2026-09-03T07:40:53+00:00\",\"author\":{\"@id\":\"https:\\\/\\\/akunq.net\\\/tr\\\/#\\\/schema\\\/person\\\/42a46675f00a8f1e84520e8c56500de3\"},\"breadcrumb\":{\"@id\":\"https:\\\/\\\/akunq.net\\\/tr\\\/?p=87121#breadcrumb\"},\"inLanguage\":\"en-US\",\"potentialAction\":[{\"@type\":\"ReadAction\",\"target\":[\"https:\\\/\\\/akunq.net\\\/tr\\\/?p=87121\"]}]},{\"@type\":\"ImageObject\",\"inLanguage\":\"en-US\",\"@id\":\"https:\\\/\\\/akunq.net\\\/tr\\\/?p=87121#primaryimage\",\"url\":\"https:\\\/\\\/akunq.net\\\/tr\\\/wp-content\\\/uploads\\\/sites\\\/6\\\/2026\\\/09\\\/taraz.webp\",\"contentUrl\":\"https:\\\/\\\/akunq.net\\\/tr\\\/wp-content\\\/uploads\\\/sites\\\/6\\\/2026\\\/09\\\/taraz.webp\",\"width\":623,\"height\":640},{\"@type\":\"BreadcrumbList\",\"@id\":\"https:\\\/\\\/akunq.net\\\/tr\\\/?p=87121#breadcrumb\",\"itemListElement\":[{\"@type\":\"ListItem\",\"position\":1,\"name\":\"Home\",\"item\":\"https:\\\/\\\/akunq.net\\\/tr\"},{\"@type\":\"ListItem\",\"position\":2,\"name\":\"Ermenistan\u2019da \u201cTARAZfest-Me\u011fri 2026\u201d geleneksel kost\u00fcm ve el sanatlar\u0131 festivali d\u00fczenlenecek\"}]},{\"@type\":\"WebSite\",\"@id\":\"https:\\\/\\\/akunq.net\\\/tr\\\/#website\",\"url\":\"https:\\\/\\\/akunq.net\\\/tr\\\/\",\"name\":\"Bati Ermenistan Ve Bati Ermenileri Sorunlari Ara\u015ftirmalar Merkezi\",\"description\":\"\",\"potentialAction\":[{\"@type\":\"SearchAction\",\"target\":{\"@type\":\"EntryPoint\",\"urlTemplate\":\"https:\\\/\\\/akunq.net\\\/tr\\\/?s={search_term_string}\"},\"query-input\":{\"@type\":\"PropertyValueSpecification\",\"valueRequired\":true,\"valueName\":\"search_term_string\"}}],\"inLanguage\":\"en-US\"},{\"@type\":\"Person\",\"@id\":\"https:\\\/\\\/akunq.net\\\/tr\\\/#\\\/schema\\\/person\\\/42a46675f00a8f1e84520e8c56500de3\",\"name\":\"admin\",\"url\":\"https:\\\/\\\/akunq.net\\\/tr\\\/?author=1\"}]}<\/script>\n<!-- \/ Yoast SEO plugin. -->","yoast_head_json":{"title":"Ermenistan\u2019da \u201cTARAZfest-Me\u011fri 2026\u201d geleneksel kost\u00fcm ve el sanatlar\u0131 festivali d\u00fczenlenecek - Bati Ermenistan Ve Bati Ermenileri Sorunlari Ara\u015ftirmalar Merkezi","robots":{"index":"index","follow":"follow","max-snippet":"max-snippet:-1","max-image-preview":"max-image-preview:large","max-video-preview":"max-video-preview:-1"},"canonical":"https:\/\/akunq.net\/tr\/?p=87121","og_locale":"en_US","og_type":"article","og_title":"Ermenistan\u2019da \u201cTARAZfest-Me\u011fri 2026\u201d geleneksel kost\u00fcm ve el sanatlar\u0131 festivali d\u00fczenlenecek - Bati Ermenistan Ve Bati Ermenileri Sorunlari Ara\u015ftirmalar Merkezi","og_description":"Ermenistan E\u011fitim, Bilim, K\u00fclt\u00fcr ve Spor Bakanl\u0131\u011f\u0131 ile Ba\u011f\u0131ms\u0131z Devletler Toplulu\u011fu (BDT) \u00dcye Devletleri \u0130nsani \u0130\u015fbirli\u011fi Devletleraras\u0131 Fonu\u2019nun (\u041c\u0424\u0413\u0421) deste\u011fi ve \u201cTeryan K\u00fclt\u00fcr Merkezi\u201d sivil toplum kurulu\u015funun giri\u015fimiyle, 3-8 Eyl\u00fcl tarihleri aras\u0131nda S\u00fcnik b\u00f6lgesindeki Meghri kentinde \u201cTARAZfest \u2013 Meghri 2026\u201d Geleneksel Kost\u00fcm ve El Sanatlar\u0131 Uluslararas\u0131 Festivali d\u00fczenlenecek. \u201cTARAZfest\u201d, \u201cTeryan K\u00fclt\u00fcr Merkezi\u201dnin her y\u0131l d\u00fczenledi\u011fi [&hellip;]","og_url":"https:\/\/akunq.net\/tr\/?p=87121","og_site_name":"Bati Ermenistan Ve Bati Ermenileri Sorunlari Ara\u015ftirmalar Merkezi","article_published_time":"2026-09-03T07:40:52+00:00","article_modified_time":"2026-09-03T07:40:53+00:00","og_image":[{"width":623,"height":640,"url":"https:\/\/akunq.net\/tr\/wp-content\/uploads\/sites\/6\/2026\/09\/taraz.webp","type":"image\/webp"}],"author":"admin","twitter_card":"summary_large_image","twitter_misc":{"Written by":"admin","Est. reading time":"1 minute"},"schema":{"@context":"https:\/\/schema.org","@graph":[{"@type":"Article","@id":"https:\/\/akunq.net\/tr\/?p=87121#article","isPartOf":{"@id":"https:\/\/akunq.net\/tr\/?p=87121"},"author":{"name":"admin","@id":"https:\/\/akunq.net\/tr\/#\/schema\/person\/42a46675f00a8f1e84520e8c56500de3"},"headline":"Ermenistan\u2019da \u201cTARAZfest-Me\u011fri 2026\u201d geleneksel kost\u00fcm ve el sanatlar\u0131 festivali d\u00fczenlenecek","datePublished":"2026-09-03T07:40:52+00:00","dateModified":"2026-09-03T07:40:53+00:00","mainEntityOfPage":{"@id":"https:\/\/akunq.net\/tr\/?p=87121"},"wordCount":184,"commentCount":0,"image":{"@id":"https:\/\/akunq.net\/tr\/?p=87121#primaryimage"},"thumbnailUrl":"https:\/\/akunq.net\/tr\/wp-content\/uploads\/sites\/6\/2026\/09\/taraz.webp","articleSection":["Haberler"],"inLanguage":"en-US","potentialAction":[{"@type":"CommentAction","name":"Comment","target":["https:\/\/akunq.net\/tr\/?p=87121#respond"]}]},{"@type":"WebPage","@id":"https:\/\/akunq.net\/tr\/?p=87121","url":"https:\/\/akunq.net\/tr\/?p=87121","name":"Ermenistan\u2019da \u201cTARAZfest-Me\u011fri 2026\u201d geleneksel kost\u00fcm ve el sanatlar\u0131 festivali d\u00fczenlenecek - Bati Ermenistan Ve Bati Ermenileri Sorunlari Ara\u015ftirmalar Merkezi","isPartOf":{"@id":"https:\/\/akunq.net\/tr\/#website"},"primaryImageOfPage":{"@id":"https:\/\/akunq.net\/tr\/?p=87121#primaryimage"},"image":{"@id":"https:\/\/akunq.net\/tr\/?p=87121#primaryimage"},"thumbnailUrl":"https:\/\/akunq.net\/tr\/wp-content\/uploads\/sites\/6\/2026\/09\/taraz.webp","datePublished":"2026-09-03T07:40:52+00:00","dateModified":"2026-09-03T07:40:53+00:00","author":{"@id":"https:\/\/akunq.net\/tr\/#\/schema\/person\/42a46675f00a8f1e84520e8c56500de3"},"breadcrumb":{"@id":"https:\/\/akunq.net\/tr\/?p=87121#breadcrumb"},"inLanguage":"en-US","potentialAction":[{"@type":"ReadAction","target":["https:\/\/akunq.net\/tr\/?p=87121"]}]},{"@type":"ImageObject","inLanguage":"en-US","@id":"https:\/\/akunq.net\/tr\/?p=87121#primaryimage","url":"https:\/\/akunq.net\/tr\/wp-content\/uploads\/sites\/6\/2026\/09\/taraz.webp","contentUrl":"https:\/\/akunq.net\/tr\/wp-content\/uploads\/sites\/6\/2026\/09\/taraz.webp","width":623,"height":640},{"@type":"BreadcrumbList","@id":"https:\/\/akunq.net\/tr\/?p=87121#breadcrumb","itemListElement":[{"@type":"ListItem","position":1,"name":"Home","item":"https:\/\/akunq.net\/tr"},{"@type":"ListItem","position":2,"name":"Ermenistan\u2019da \u201cTARAZfest-Me\u011fri 2026\u201d geleneksel kost\u00fcm ve el sanatlar\u0131 festivali d\u00fczenlenecek"}]},{"@type":"WebSite","@id":"https:\/\/akunq.net\/tr\/#website","url":"https:\/\/akunq.net\/tr\/","name":"Bati Ermenistan Ve Bati Ermenileri Sorunlari Ara\u015ftirmalar Merkezi","description":"","potentialAction":[{"@type":"SearchAction","target":{"@type":"EntryPoint","urlTemplate":"https:\/\/akunq.net\/tr\/?s={search_term_string}"},"query-input":{"@type":"PropertyValueSpecification","valueRequired":true,"valueName":"search_term_string"}}],"inLanguage":"en-US"},{"@type":"Person","@id":"https:\/\/akunq.net\/tr\/#\/schema\/person\/42a46675f00a8f1e84520e8c56500de3","name":"admin","url":"https:\/\/akunq.net\/tr\/?author=1"}]}},"_links":{"self":[{"href":"https:\/\/akunq.net\/tr\/index.php?rest_route=\/wp\/v2\/posts\/87121","targetHints":{"allow":["GET"]}}],"collection":[{"href":"https:\/\/akunq.net\/tr\/index.php?rest_route=\/wp\/v2\/posts"}],"about":[{"href":"https:\/\/akunq.net\/tr\/index.php?rest_route=\/wp\/v2\/types\/post"}],"author":[{"embeddable":true,"href":"https:\/\/akunq.net\/tr\/index.php?rest_route=\/wp\/v2\/users\/1"}],"replies":[{"embeddable":true,"href":"https:\/\/akunq.net\/tr\/index.php?rest_route=%2Fwp%2Fv2%2Fcomments&post=87121"}],"version-history":[{"count":1,"href":"https:\/\/akunq.net\/tr\/index.php?rest_route=\/wp\/v2\/posts\/87121\/revisions"}],"predecessor-version":[{"id":87123,"href":"https:\/\/akunq.net\/tr\/index.php?rest_route=\/wp\/v2\/posts\/87121\/revisions\/87123"}],"wp:featuredmedia":[{"embeddable":true,"href":"https:\/\/akunq.net\/tr\/index.php?rest_route=\/wp\/v2\/media\/87122"}],"wp:attachment":[{"href":"https:\/\/akunq.net\/tr\/index.php?rest_route=%2Fwp%2Fv2%2Fmedia&parent=87121"}],"wp:term":[{"taxonomy":"category","embeddable":true,"href":"https:\/\/akunq.net\/tr\/index.php?rest_route=%2Fwp%2Fv2%2Fcategories&post=87121"},{"taxonomy":"post_tag","embeddable":true,"href":"https:\/\/akunq.net\/tr\/index.php?rest_route=%2Fwp%2Fv2%2Ftags&post=87121"}],"curies":[{"name":"wp","href":"https:\/\/api.w.org\/{rel}","templated":true}]}}