{"id":87118,"date":"2026-09-02T06:30:43","date_gmt":"2026-09-02T11:30:43","guid":{"rendered":"https:\/\/akunq.net\/tr\/?p=87118"},"modified":"2026-09-02T06:30:44","modified_gmt":"2026-09-02T11:30:44","slug":"yerevanda-ermenistan-turkiye-is-dunyasi-konferansi-duzenlenecek","status":"publish","type":"post","link":"https:\/\/akunq.net\/tr\/?p=87118","title":{"rendered":"Yerevan\u2019da Ermenistan-T\u00fcrkiye i\u015f d\u00fcnyas\u0131 konferans\u0131 d\u00fczenlenecek"},"content":{"rendered":"\n<p class=\"wp-block-paragraph\"><strong><em>Yerevan\u2019da 3-4 Eyl\u00fcl tarihlerinde Ermenistan ve T\u00fcrkiye i\u015f d\u00fcnyas\u0131 temsilcilerinin kat\u0131l\u0131m\u0131yla iki g\u00fcnl\u00fck konferans d\u00fczenlenecek. Konferans, Ermenistan Sanayiciler ve \u0130\u015f \u0130nsanlar\u0131 Birli\u011fi taraf\u0131ndan, AB finansman\u0131yla y\u00fcr\u00fct\u00fclen \u201cErmenistan-T\u00fcrkiye ili\u015fkilerinin normalle\u015fmesine destek: S\u0131n\u0131r \u00f6tesi ba\u011flant\u0131lar\u0131n g\u00fc\u00e7lendirilmesi\u201d program\u0131 kapsam\u0131nda organize ediliyor.<\/em><\/strong><\/p>\n\n\n\n<p class=\"wp-block-paragraph\">Etkinli\u011fe ili\u015fkin a\u00e7\u0131klama Ermenistan Sanayiciler ve \u0130\u015f \u0130nsanlar\u0131 Birli\u011fi taraf\u0131ndan yap\u0131ld\u0131.<\/p>\n\n\n\n<p class=\"wp-block-paragraph\">Konferans\u0131n amac\u0131, iki \u00fclkenin i\u015f d\u00fcnyas\u0131 ve kamu kurumlar\u0131n\u0131n temsilcilerini ayn\u0131 platformda bir araya getirerek Ermenistan ile T\u00fcrkiye aras\u0131ndaki ekonomik i\u015fbirli\u011fi olanaklar\u0131n\u0131 ele almak, yeni i\u015fbirli\u011fi alanlar\u0131 ve formatlar\u0131n\u0131 belirlemek ve yeni i\u015f ba\u011flant\u0131lar\u0131 ile ortakl\u0131klar\u0131n kurulmas\u0131n\u0131 te\u015fvik etmek.<\/p>\n\n\n\n<p class=\"wp-block-paragraph\">Etkinlik kapsam\u0131nda ikili ekonomik i\u015fbirli\u011finin potansiyeli, i\u015f ba\u011flant\u0131lar\u0131n\u0131n geli\u015ftirilmesi ve s\u0131n\u0131r \u00f6tesi i\u015fbirli\u011fi olanaklar\u0131na ili\u015fkin g\u00f6r\u00fc\u015fmeler ve toplant\u0131lar ger\u00e7ekle\u015ftirilecek.<\/p>\n\n\n\n<p class=\"wp-block-paragraph\">Bu \u00e7er\u00e7evede, Ermenistan-T\u00fcrkiye aras\u0131ndaki ula\u015f\u0131m ba\u011flant\u0131lar\u0131n\u0131n olanaklar\u0131 ve mevcut engellere ili\u015fkin ara\u015ft\u0131rman\u0131n sonu\u00e7lar\u0131 sunulacak. Ayr\u0131ca Ermeni-T\u00fcrk ekonomik i\u015fbirli\u011finde at\u0131lacak sonraki ad\u0131mlar\u0131n ele al\u0131naca\u011f\u0131 panel d\u00fczenlenecek. \u0130ki \u00fclke i\u015f insanlar\u0131 aras\u0131nda ikili formatta (B2B) ger\u00e7ekle\u015ftirilecek g\u00f6r\u00fc\u015fmelerde ise bili\u015fim teknolojileri ve turizm sekt\u00f6rlerinin temsilcileri bir araya gelecek.<\/p>\n\n\n\n<p class=\"wp-block-paragraph\">4 Eyl\u00fcl&#8217;de Karen Demirciyan Spor ve Konser Kompleksi&#8217;nde Armenia Expo 2026 fuar\u0131 da d\u00fczenlenecek. Ermenistan-T\u00fcrkiye i\u015f d\u00fcnyas\u0131 konferans\u0131n\u0131n program\u0131 fuar kapsam\u0131nda da devam edecek.<\/p>\n\n\n\n<p class=\"wp-block-paragraph\"><a href=\"https:\/\/armenpress.am\/tr\/article\/1259418\"><strong><em>https:\/\/armenpress.am\/tr\/article\/1259418<\/em><\/strong><\/a><\/p>\n\n\n\n<p class=\"wp-block-paragraph\"><\/p>\n","protected":false},"excerpt":{"rendered":"<p>Yerevan\u2019da 3-4 Eyl\u00fcl tarihlerinde Ermenistan ve T\u00fcrkiye i\u015f d\u00fcnyas\u0131 temsilcilerinin kat\u0131l\u0131m\u0131yla iki g\u00fcnl\u00fck konferans d\u00fczenlenecek. Konferans, Ermenistan Sanayiciler ve \u0130\u015f \u0130nsanlar\u0131 Birli\u011fi taraf\u0131ndan, AB finansman\u0131yla y\u00fcr\u00fct\u00fclen \u201cErmenistan-T\u00fcrkiye ili\u015fkilerinin normalle\u015fmesine destek: S\u0131n\u0131r \u00f6tesi ba\u011flant\u0131lar\u0131n g\u00fc\u00e7lendirilmesi\u201d program\u0131 kapsam\u0131nda organize ediliyor. Etkinli\u011fe ili\u015fkin a\u00e7\u0131klama Ermenistan Sanayiciler ve \u0130\u015f \u0130nsanlar\u0131 Birli\u011fi taraf\u0131ndan yap\u0131ld\u0131. Konferans\u0131n amac\u0131, iki \u00fclkenin i\u015f d\u00fcnyas\u0131 [&hellip;]<\/p>\n","protected":false},"author":1,"featured_media":87119,"comment_status":"open","ping_status":"open","sticky":false,"template":"","format":"standard","meta":{"footnotes":""},"categories":[55,1],"tags":[],"class_list":["post-87118","post","type-post","status-publish","format-standard","has-post-thumbnail","hentry","category-ermenistan-turkiye","category-haberler"],"yoast_head":"<!-- This site is optimized with the Yoast SEO plugin v28.1 - https:\/\/yoast.com\/product\/yoast-seo-wordpress\/ -->\n<title>Yerevan\u2019da Ermenistan-T\u00fcrkiye i\u015f d\u00fcnyas\u0131 konferans\u0131 d\u00fczenlenecek - Bati Ermenistan Ve Bati Ermenileri Sorunlari Ara\u015ftirmalar Merkezi<\/title>\n<meta name=\"robots\" content=\"index, follow, max-snippet:-1, max-image-preview:large, max-video-preview:-1\" \/>\n<link rel=\"canonical\" href=\"https:\/\/akunq.net\/tr\/?p=87118\" \/>\n<meta property=\"og:locale\" content=\"en_US\" \/>\n<meta property=\"og:type\" content=\"article\" \/>\n<meta property=\"og:title\" content=\"Yerevan\u2019da Ermenistan-T\u00fcrkiye i\u015f d\u00fcnyas\u0131 konferans\u0131 d\u00fczenlenecek - Bati Ermenistan Ve Bati Ermenileri Sorunlari Ara\u015ftirmalar Merkezi\" \/>\n<meta property=\"og:description\" content=\"Yerevan\u2019da 3-4 Eyl\u00fcl tarihlerinde Ermenistan ve T\u00fcrkiye i\u015f d\u00fcnyas\u0131 temsilcilerinin kat\u0131l\u0131m\u0131yla iki g\u00fcnl\u00fck konferans d\u00fczenlenecek. Konferans, Ermenistan Sanayiciler ve \u0130\u015f \u0130nsanlar\u0131 Birli\u011fi taraf\u0131ndan, AB finansman\u0131yla y\u00fcr\u00fct\u00fclen \u201cErmenistan-T\u00fcrkiye ili\u015fkilerinin normalle\u015fmesine destek: S\u0131n\u0131r \u00f6tesi ba\u011flant\u0131lar\u0131n g\u00fc\u00e7lendirilmesi\u201d program\u0131 kapsam\u0131nda organize ediliyor. Etkinli\u011fe ili\u015fkin a\u00e7\u0131klama Ermenistan Sanayiciler ve \u0130\u015f \u0130nsanlar\u0131 Birli\u011fi taraf\u0131ndan yap\u0131ld\u0131. Konferans\u0131n amac\u0131, iki \u00fclkenin i\u015f d\u00fcnyas\u0131 [&hellip;]\" \/>\n<meta property=\"og:url\" content=\"https:\/\/akunq.net\/tr\/?p=87118\" \/>\n<meta property=\"og:site_name\" content=\"Bati Ermenistan Ve Bati Ermenileri Sorunlari Ara\u015ftirmalar Merkezi\" \/>\n<meta property=\"article:published_time\" content=\"2026-09-02T11:30:43+00:00\" \/>\n<meta property=\"article:modified_time\" content=\"2026-09-02T11:30:44+00:00\" \/>\n<meta property=\"og:image\" content=\"https:\/\/akunq.net\/tr\/wp-content\/uploads\/sites\/6\/2026\/09\/Ermenistan-Turkiye-is-dunyasi-konferansi.webp\" \/>\n\t<meta property=\"og:image:width\" content=\"1600\" \/>\n\t<meta property=\"og:image:height\" content=\"1066\" \/>\n\t<meta property=\"og:image:type\" content=\"image\/webp\" \/>\n<meta name=\"author\" content=\"admin\" \/>\n<meta name=\"twitter:card\" content=\"summary_large_image\" \/>\n<meta name=\"twitter:label1\" content=\"Written by\" \/>\n\t<meta name=\"twitter:data1\" content=\"admin\" \/>\n\t<meta name=\"twitter:label2\" content=\"Est. reading time\" \/>\n\t<meta name=\"twitter:data2\" content=\"1 minute\" \/>\n<script type=\"application\/ld+json\" class=\"yoast-schema-graph\">{\"@context\":\"https:\\\/\\\/schema.org\",\"@graph\":[{\"@type\":\"Article\",\"@id\":\"https:\\\/\\\/akunq.net\\\/tr\\\/?p=87118#article\",\"isPartOf\":{\"@id\":\"https:\\\/\\\/akunq.net\\\/tr\\\/?p=87118\"},\"author\":{\"name\":\"admin\",\"@id\":\"https:\\\/\\\/akunq.net\\\/tr\\\/#\\\/schema\\\/person\\\/42a46675f00a8f1e84520e8c56500de3\"},\"headline\":\"Yerevan\u2019da Ermenistan-T\u00fcrkiye i\u015f d\u00fcnyas\u0131 konferans\u0131 d\u00fczenlenecek\",\"datePublished\":\"2026-09-02T11:30:43+00:00\",\"dateModified\":\"2026-09-02T11:30:44+00:00\",\"mainEntityOfPage\":{\"@id\":\"https:\\\/\\\/akunq.net\\\/tr\\\/?p=87118\"},\"wordCount\":293,\"commentCount\":0,\"image\":{\"@id\":\"https:\\\/\\\/akunq.net\\\/tr\\\/?p=87118#primaryimage\"},\"thumbnailUrl\":\"https:\\\/\\\/akunq.net\\\/tr\\\/wp-content\\\/uploads\\\/sites\\\/6\\\/2026\\\/09\\\/Ermenistan-Turkiye-is-dunyasi-konferansi.webp\",\"articleSection\":[\"Ermenistan-T\u00fcrkiye\",\"Haberler\"],\"inLanguage\":\"en-US\",\"potentialAction\":[{\"@type\":\"CommentAction\",\"name\":\"Comment\",\"target\":[\"https:\\\/\\\/akunq.net\\\/tr\\\/?p=87118#respond\"]}]},{\"@type\":\"WebPage\",\"@id\":\"https:\\\/\\\/akunq.net\\\/tr\\\/?p=87118\",\"url\":\"https:\\\/\\\/akunq.net\\\/tr\\\/?p=87118\",\"name\":\"Yerevan\u2019da Ermenistan-T\u00fcrkiye i\u015f d\u00fcnyas\u0131 konferans\u0131 d\u00fczenlenecek - Bati Ermenistan Ve Bati Ermenileri Sorunlari Ara\u015ftirmalar Merkezi\",\"isPartOf\":{\"@id\":\"https:\\\/\\\/akunq.net\\\/tr\\\/#website\"},\"primaryImageOfPage\":{\"@id\":\"https:\\\/\\\/akunq.net\\\/tr\\\/?p=87118#primaryimage\"},\"image\":{\"@id\":\"https:\\\/\\\/akunq.net\\\/tr\\\/?p=87118#primaryimage\"},\"thumbnailUrl\":\"https:\\\/\\\/akunq.net\\\/tr\\\/wp-content\\\/uploads\\\/sites\\\/6\\\/2026\\\/09\\\/Ermenistan-Turkiye-is-dunyasi-konferansi.webp\",\"datePublished\":\"2026-09-02T11:30:43+00:00\",\"dateModified\":\"2026-09-02T11:30:44+00:00\",\"author\":{\"@id\":\"https:\\\/\\\/akunq.net\\\/tr\\\/#\\\/schema\\\/person\\\/42a46675f00a8f1e84520e8c56500de3\"},\"breadcrumb\":{\"@id\":\"https:\\\/\\\/akunq.net\\\/tr\\\/?p=87118#breadcrumb\"},\"inLanguage\":\"en-US\",\"potentialAction\":[{\"@type\":\"ReadAction\",\"target\":[\"https:\\\/\\\/akunq.net\\\/tr\\\/?p=87118\"]}]},{\"@type\":\"ImageObject\",\"inLanguage\":\"en-US\",\"@id\":\"https:\\\/\\\/akunq.net\\\/tr\\\/?p=87118#primaryimage\",\"url\":\"https:\\\/\\\/akunq.net\\\/tr\\\/wp-content\\\/uploads\\\/sites\\\/6\\\/2026\\\/09\\\/Ermenistan-Turkiye-is-dunyasi-konferansi.webp\",\"contentUrl\":\"https:\\\/\\\/akunq.net\\\/tr\\\/wp-content\\\/uploads\\\/sites\\\/6\\\/2026\\\/09\\\/Ermenistan-Turkiye-is-dunyasi-konferansi.webp\",\"width\":1600,\"height\":1066},{\"@type\":\"BreadcrumbList\",\"@id\":\"https:\\\/\\\/akunq.net\\\/tr\\\/?p=87118#breadcrumb\",\"itemListElement\":[{\"@type\":\"ListItem\",\"position\":1,\"name\":\"Home\",\"item\":\"https:\\\/\\\/akunq.net\\\/tr\"},{\"@type\":\"ListItem\",\"position\":2,\"name\":\"Yerevan\u2019da Ermenistan-T\u00fcrkiye i\u015f d\u00fcnyas\u0131 konferans\u0131 d\u00fczenlenecek\"}]},{\"@type\":\"WebSite\",\"@id\":\"https:\\\/\\\/akunq.net\\\/tr\\\/#website\",\"url\":\"https:\\\/\\\/akunq.net\\\/tr\\\/\",\"name\":\"Bati Ermenistan Ve Bati Ermenileri Sorunlari Ara\u015ftirmalar Merkezi\",\"description\":\"\",\"potentialAction\":[{\"@type\":\"SearchAction\",\"target\":{\"@type\":\"EntryPoint\",\"urlTemplate\":\"https:\\\/\\\/akunq.net\\\/tr\\\/?s={search_term_string}\"},\"query-input\":{\"@type\":\"PropertyValueSpecification\",\"valueRequired\":true,\"valueName\":\"search_term_string\"}}],\"inLanguage\":\"en-US\"},{\"@type\":\"Person\",\"@id\":\"https:\\\/\\\/akunq.net\\\/tr\\\/#\\\/schema\\\/person\\\/42a46675f00a8f1e84520e8c56500de3\",\"name\":\"admin\",\"url\":\"https:\\\/\\\/akunq.net\\\/tr\\\/?author=1\"}]}<\/script>\n<!-- \/ Yoast SEO plugin. -->","yoast_head_json":{"title":"Yerevan\u2019da Ermenistan-T\u00fcrkiye i\u015f d\u00fcnyas\u0131 konferans\u0131 d\u00fczenlenecek - Bati Ermenistan Ve Bati Ermenileri Sorunlari Ara\u015ftirmalar Merkezi","robots":{"index":"index","follow":"follow","max-snippet":"max-snippet:-1","max-image-preview":"max-image-preview:large","max-video-preview":"max-video-preview:-1"},"canonical":"https:\/\/akunq.net\/tr\/?p=87118","og_locale":"en_US","og_type":"article","og_title":"Yerevan\u2019da Ermenistan-T\u00fcrkiye i\u015f d\u00fcnyas\u0131 konferans\u0131 d\u00fczenlenecek - Bati Ermenistan Ve Bati Ermenileri Sorunlari Ara\u015ftirmalar Merkezi","og_description":"Yerevan\u2019da 3-4 Eyl\u00fcl tarihlerinde Ermenistan ve T\u00fcrkiye i\u015f d\u00fcnyas\u0131 temsilcilerinin kat\u0131l\u0131m\u0131yla iki g\u00fcnl\u00fck konferans d\u00fczenlenecek. Konferans, Ermenistan Sanayiciler ve \u0130\u015f \u0130nsanlar\u0131 Birli\u011fi taraf\u0131ndan, AB finansman\u0131yla y\u00fcr\u00fct\u00fclen \u201cErmenistan-T\u00fcrkiye ili\u015fkilerinin normalle\u015fmesine destek: S\u0131n\u0131r \u00f6tesi ba\u011flant\u0131lar\u0131n g\u00fc\u00e7lendirilmesi\u201d program\u0131 kapsam\u0131nda organize ediliyor. Etkinli\u011fe ili\u015fkin a\u00e7\u0131klama Ermenistan Sanayiciler ve \u0130\u015f \u0130nsanlar\u0131 Birli\u011fi taraf\u0131ndan yap\u0131ld\u0131. Konferans\u0131n amac\u0131, iki \u00fclkenin i\u015f d\u00fcnyas\u0131 [&hellip;]","og_url":"https:\/\/akunq.net\/tr\/?p=87118","og_site_name":"Bati Ermenistan Ve Bati Ermenileri Sorunlari Ara\u015ftirmalar Merkezi","article_published_time":"2026-09-02T11:30:43+00:00","article_modified_time":"2026-09-02T11:30:44+00:00","og_image":[{"width":1600,"height":1066,"url":"https:\/\/akunq.net\/tr\/wp-content\/uploads\/sites\/6\/2026\/09\/Ermenistan-Turkiye-is-dunyasi-konferansi.webp","type":"image\/webp"}],"author":"admin","twitter_card":"summary_large_image","twitter_misc":{"Written by":"admin","Est. reading time":"1 minute"},"schema":{"@context":"https:\/\/schema.org","@graph":[{"@type":"Article","@id":"https:\/\/akunq.net\/tr\/?p=87118#article","isPartOf":{"@id":"https:\/\/akunq.net\/tr\/?p=87118"},"author":{"name":"admin","@id":"https:\/\/akunq.net\/tr\/#\/schema\/person\/42a46675f00a8f1e84520e8c56500de3"},"headline":"Yerevan\u2019da Ermenistan-T\u00fcrkiye i\u015f d\u00fcnyas\u0131 konferans\u0131 d\u00fczenlenecek","datePublished":"2026-09-02T11:30:43+00:00","dateModified":"2026-09-02T11:30:44+00:00","mainEntityOfPage":{"@id":"https:\/\/akunq.net\/tr\/?p=87118"},"wordCount":293,"commentCount":0,"image":{"@id":"https:\/\/akunq.net\/tr\/?p=87118#primaryimage"},"thumbnailUrl":"https:\/\/akunq.net\/tr\/wp-content\/uploads\/sites\/6\/2026\/09\/Ermenistan-Turkiye-is-dunyasi-konferansi.webp","articleSection":["Ermenistan-T\u00fcrkiye","Haberler"],"inLanguage":"en-US","potentialAction":[{"@type":"CommentAction","name":"Comment","target":["https:\/\/akunq.net\/tr\/?p=87118#respond"]}]},{"@type":"WebPage","@id":"https:\/\/akunq.net\/tr\/?p=87118","url":"https:\/\/akunq.net\/tr\/?p=87118","name":"Yerevan\u2019da Ermenistan-T\u00fcrkiye i\u015f d\u00fcnyas\u0131 konferans\u0131 d\u00fczenlenecek - Bati Ermenistan Ve Bati Ermenileri Sorunlari Ara\u015ftirmalar Merkezi","isPartOf":{"@id":"https:\/\/akunq.net\/tr\/#website"},"primaryImageOfPage":{"@id":"https:\/\/akunq.net\/tr\/?p=87118#primaryimage"},"image":{"@id":"https:\/\/akunq.net\/tr\/?p=87118#primaryimage"},"thumbnailUrl":"https:\/\/akunq.net\/tr\/wp-content\/uploads\/sites\/6\/2026\/09\/Ermenistan-Turkiye-is-dunyasi-konferansi.webp","datePublished":"2026-09-02T11:30:43+00:00","dateModified":"2026-09-02T11:30:44+00:00","author":{"@id":"https:\/\/akunq.net\/tr\/#\/schema\/person\/42a46675f00a8f1e84520e8c56500de3"},"breadcrumb":{"@id":"https:\/\/akunq.net\/tr\/?p=87118#breadcrumb"},"inLanguage":"en-US","potentialAction":[{"@type":"ReadAction","target":["https:\/\/akunq.net\/tr\/?p=87118"]}]},{"@type":"ImageObject","inLanguage":"en-US","@id":"https:\/\/akunq.net\/tr\/?p=87118#primaryimage","url":"https:\/\/akunq.net\/tr\/wp-content\/uploads\/sites\/6\/2026\/09\/Ermenistan-Turkiye-is-dunyasi-konferansi.webp","contentUrl":"https:\/\/akunq.net\/tr\/wp-content\/uploads\/sites\/6\/2026\/09\/Ermenistan-Turkiye-is-dunyasi-konferansi.webp","width":1600,"height":1066},{"@type":"BreadcrumbList","@id":"https:\/\/akunq.net\/tr\/?p=87118#breadcrumb","itemListElement":[{"@type":"ListItem","position":1,"name":"Home","item":"https:\/\/akunq.net\/tr"},{"@type":"ListItem","position":2,"name":"Yerevan\u2019da Ermenistan-T\u00fcrkiye i\u015f d\u00fcnyas\u0131 konferans\u0131 d\u00fczenlenecek"}]},{"@type":"WebSite","@id":"https:\/\/akunq.net\/tr\/#website","url":"https:\/\/akunq.net\/tr\/","name":"Bati Ermenistan Ve Bati Ermenileri Sorunlari Ara\u015ftirmalar Merkezi","description":"","potentialAction":[{"@type":"SearchAction","target":{"@type":"EntryPoint","urlTemplate":"https:\/\/akunq.net\/tr\/?s={search_term_string}"},"query-input":{"@type":"PropertyValueSpecification","valueRequired":true,"valueName":"search_term_string"}}],"inLanguage":"en-US"},{"@type":"Person","@id":"https:\/\/akunq.net\/tr\/#\/schema\/person\/42a46675f00a8f1e84520e8c56500de3","name":"admin","url":"https:\/\/akunq.net\/tr\/?author=1"}]}},"_links":{"self":[{"href":"https:\/\/akunq.net\/tr\/index.php?rest_route=\/wp\/v2\/posts\/87118","targetHints":{"allow":["GET"]}}],"collection":[{"href":"https:\/\/akunq.net\/tr\/index.php?rest_route=\/wp\/v2\/posts"}],"about":[{"href":"https:\/\/akunq.net\/tr\/index.php?rest_route=\/wp\/v2\/types\/post"}],"author":[{"embeddable":true,"href":"https:\/\/akunq.net\/tr\/index.php?rest_route=\/wp\/v2\/users\/1"}],"replies":[{"embeddable":true,"href":"https:\/\/akunq.net\/tr\/index.php?rest_route=%2Fwp%2Fv2%2Fcomments&post=87118"}],"version-history":[{"count":1,"href":"https:\/\/akunq.net\/tr\/index.php?rest_route=\/wp\/v2\/posts\/87118\/revisions"}],"predecessor-version":[{"id":87120,"href":"https:\/\/akunq.net\/tr\/index.php?rest_route=\/wp\/v2\/posts\/87118\/revisions\/87120"}],"wp:featuredmedia":[{"embeddable":true,"href":"https:\/\/akunq.net\/tr\/index.php?rest_route=\/wp\/v2\/media\/87119"}],"wp:attachment":[{"href":"https:\/\/akunq.net\/tr\/index.php?rest_route=%2Fwp%2Fv2%2Fmedia&parent=87118"}],"wp:term":[{"taxonomy":"category","embeddable":true,"href":"https:\/\/akunq.net\/tr\/index.php?rest_route=%2Fwp%2Fv2%2Fcategories&post=87118"},{"taxonomy":"post_tag","embeddable":true,"href":"https:\/\/akunq.net\/tr\/index.php?rest_route=%2Fwp%2Fv2%2Ftags&post=87118"}],"curies":[{"name":"wp","href":"https:\/\/api.w.org\/{rel}","templated":true}]}}