{"id":87115,"date":"2026-09-02T06:15:19","date_gmt":"2026-09-02T11:15:19","guid":{"rendered":"https:\/\/akunq.net\/tr\/?p=87115"},"modified":"2026-09-02T06:15:20","modified_gmt":"2026-09-02T11:15:20","slug":"antan-ozerin-gundelik-hayatin-en-siradan-anlarinda-insanin-en-derin-meselelerini-gorunur-kilan-siirleri-okurla-bulustu","status":"publish","type":"post","link":"https:\/\/akunq.net\/tr\/?p=87115","title":{"rendered":"Antan \u00d6zer\u2019in g\u00fcndelik hayat\u0131n en s\u0131radan anlar\u0131nda insan\u0131n en derin meselelerini g\u00f6r\u00fcn\u00fcr k\u0131lan \u015fiirleri okurla bulu\u015ftu"},"content":{"rendered":"\n<p class=\"wp-block-paragraph\"><strong><em>Antan \u00d6zer\u2019in Yaln\u0131zl\u0131k adl\u0131 \u015fiir kitab\u0131 Aras Yay\u0131nlar\u0131 taraf\u0131ndan yay\u0131mland\u0131.<\/em><\/strong><\/p>\n\n\n\n<p class=\"wp-block-paragraph\"><strong>Tan\u0131t\u0131m b\u00fclteninden:<\/strong><\/p>\n\n\n\n<p class=\"wp-block-paragraph\">Modern \u0130stanbul Ermeni \u015eiiri\u2019nin \u00f6zg\u00fcn seslerinden Antan \u00d6zer, g\u00fcndelik hayat\u0131n en s\u0131radan anlar\u0131nda insan\u0131n en derin meselelerini g\u00f6r\u00fcn\u00fcr k\u0131lan \u015fiirleriyle okurla bulu\u015fuyor.&nbsp;Yaln\u0131zl\u0131k, yal\u0131nl\u0131\u011f\u0131n i\u00e7indeki derinli\u011fi, mizah\u0131n i\u00e7indeki h\u00fczn\u00fc ve hayat\u0131n g\u00f6r\u00fcnmez ayr\u0131nt\u0131lar\u0131n\u0131 bir araya getiren se\u00e7kin bir \u015fiir derlemesi. \u00d6zer, konu\u015fma dilinin do\u011fal ak\u0131\u015f\u0131na yaslanan berrak \u00fcslubuyla yaln\u0131zl\u0131\u011f\u0131, yoksullu\u011fu, adaletsizlik kar\u015f\u0131s\u0131ndaki vicdan\u0131, insan\u0131n varolu\u015f sanc\u0131lar\u0131n\u0131 ve b\u00fct\u00fcn bunlara ra\u011fmen ya\u015fam sevincini anlat\u0131yor. \u0130nce bir mizah, beklenmedik kar\u015f\u0131tl\u0131klar ve g\u00fc\u00e7l\u00fc g\u00f6zlem yetene\u011fiyle kurdu\u011fu dizeler, okuru hem g\u00fcl\u00fcmsetiyor hem de uzun s\u00fcre zihninde yank\u0131lanacak sorularla ba\u015f ba\u015fa b\u0131rak\u0131yor. 1940\u2019l\u0131 y\u0131llarda \u015fekillenen Modern \u0130stanbul Ermeni \u015eiiri ku\u015fa\u011f\u0131n\u0131n \u00f6nemli temsilcilerinden Antan \u00d6zer, Zahrad\u2019\u0131n a\u00e7t\u0131\u011f\u0131 \u015fiir yolunu kendi \u00f6zg\u00fcn sesiyle zenginle\u015ftiren \u015fairlerden biri olarak \u00f6ne \u00e7\u0131kar. G\u00f6steri\u015ften uzak, s\u00f6z\u00fc tutumlu kullanan \u015fiirlerinde k\u00fc\u00e7\u00fck insan\u0131n g\u00fcndelik hayat\u0131na, yoksullu\u011fa, ayr\u0131mc\u0131l\u0131\u011fa, belle\u011fe, \u00f6l\u00fcme ve ya\u015fama ayn\u0131 \u00f6l\u00e7\u00fcde dikkat kesilir. Mizah\u0131 hi\u00e7bir zaman yaln\u0131zca g\u00fcld\u00fcrmek i\u00e7in de\u011fil, hayat\u0131n \u00e7eli\u015fkilerini g\u00f6r\u00fcn\u00fcr k\u0131lan g\u00fc\u00e7l\u00fc bir anlat\u0131m bi\u00e7imi olarak kullan\u0131r. \u015eiiri hayat\u0131n felsefi bir yorumu olarak g\u00f6ren \u00d6zer, az s\u00f6zle \u00e7ok \u015fey s\u00f6yleyen dizelerinde, s\u0131radan g\u00f6r\u00fcnen deneyimlerin ard\u0131ndaki evrensel hakikatleri yakalar. Bu y\u00f6n\u00fcyle \u015fiirleri, d\u00f6nemini a\u015farak bug\u00fcn de canl\u0131l\u0131\u011f\u0131n\u0131 ve g\u00fcncelli\u011fini korur. Ohannes \u015ea\u015fkal\u2019\u0131n titiz \u00e7evirisiyle T\u00fcrk\u00e7eye kazand\u0131r\u0131lan&nbsp;Yaln\u0131zl\u0131k, Modern \u0130stanbul Ermeni \u015eiiri\u2019nin m\u00fctevaz\u0131 ustalar\u0131ndan Antan \u00d6zer\u2019le tan\u0131\u015fmak isteyen okurlar i\u00e7in \u00f6nemli bir ba\u015flang\u0131\u00e7 niteli\u011finde.<\/p>\n\n\n\n<figure class=\"wp-block-embed is-type-wp-embed is-provider-edebiyat-haber wp-block-embed-edebiyat-haber\"><div class=\"wp-block-embed__wrapper\">\n<blockquote class=\"wp-embedded-content\" data-secret=\"UJ2f97fJv0\"><a href=\"https:\/\/www.edebiyathaber.net\/antan-ozerin-gundelik-hayatin-en-siradan-anlarinda-insanin-en-derin-meselelerini-gorunur-kilan-siirleri-okurla-bulustu\/\">Antan \u00d6zer\u2019in g\u00fcndelik hayat\u0131n en s\u0131radan anlar\u0131nda insan\u0131n en derin meselelerini g\u00f6r\u00fcn\u00fcr k\u0131lan \u015fiirleri okurla bulu\u015ftu<\/a><\/blockquote><iframe loading=\"lazy\" class=\"wp-embedded-content\" sandbox=\"allow-scripts\" security=\"restricted\" style=\"position: absolute; visibility: hidden;\" title=\"\u201cAntan \u00d6zer\u2019in g\u00fcndelik hayat\u0131n en s\u0131radan anlar\u0131nda insan\u0131n en derin meselelerini g\u00f6r\u00fcn\u00fcr k\u0131lan \u015fiirleri okurla bulu\u015ftu\u201d \u2014 Edebiyat Haber\" src=\"https:\/\/www.edebiyathaber.net\/antan-ozerin-gundelik-hayatin-en-siradan-anlarinda-insanin-en-derin-meselelerini-gorunur-kilan-siirleri-okurla-bulustu\/embed\/#?secret=qICLT4wz0C#?secret=UJ2f97fJv0\" data-secret=\"UJ2f97fJv0\" width=\"500\" height=\"282\" frameborder=\"0\" marginwidth=\"0\" marginheight=\"0\" scrolling=\"no\"><\/iframe>\n<\/div><\/figure>\n","protected":false},"excerpt":{"rendered":"<p>Antan \u00d6zer\u2019in Yaln\u0131zl\u0131k adl\u0131 \u015fiir kitab\u0131 Aras Yay\u0131nlar\u0131 taraf\u0131ndan yay\u0131mland\u0131. Tan\u0131t\u0131m b\u00fclteninden: Modern \u0130stanbul Ermeni \u015eiiri\u2019nin \u00f6zg\u00fcn seslerinden Antan \u00d6zer, g\u00fcndelik hayat\u0131n en s\u0131radan anlar\u0131nda insan\u0131n en derin meselelerini g\u00f6r\u00fcn\u00fcr k\u0131lan \u015fiirleriyle okurla bulu\u015fuyor.&nbsp;Yaln\u0131zl\u0131k, yal\u0131nl\u0131\u011f\u0131n i\u00e7indeki derinli\u011fi, mizah\u0131n i\u00e7indeki h\u00fczn\u00fc ve hayat\u0131n g\u00f6r\u00fcnmez ayr\u0131nt\u0131lar\u0131n\u0131 bir araya getiren se\u00e7kin bir \u015fiir derlemesi. \u00d6zer, konu\u015fma dilinin do\u011fal [&hellip;]<\/p>\n","protected":false},"author":1,"featured_media":87116,"comment_status":"open","ping_status":"open","sticky":false,"template":"","format":"standard","meta":{"footnotes":""},"categories":[1,54],"tags":[],"class_list":["post-87115","post","type-post","status-publish","format-standard","has-post-thumbnail","hentry","category-haberler","category-kitaplar-elestiriler"],"yoast_head":"<!-- This site is optimized with the Yoast SEO plugin v28.1 - https:\/\/yoast.com\/product\/yoast-seo-wordpress\/ -->\n<title>Antan \u00d6zer\u2019in g\u00fcndelik hayat\u0131n en s\u0131radan anlar\u0131nda insan\u0131n en derin meselelerini g\u00f6r\u00fcn\u00fcr k\u0131lan \u015fiirleri okurla bulu\u015ftu - Bati Ermenistan Ve Bati Ermenileri Sorunlari Ara\u015ftirmalar Merkezi<\/title>\n<meta name=\"robots\" content=\"index, follow, max-snippet:-1, max-image-preview:large, max-video-preview:-1\" \/>\n<link rel=\"canonical\" href=\"https:\/\/akunq.net\/tr\/?p=87115\" \/>\n<meta property=\"og:locale\" content=\"en_US\" \/>\n<meta property=\"og:type\" content=\"article\" \/>\n<meta property=\"og:title\" content=\"Antan \u00d6zer\u2019in g\u00fcndelik hayat\u0131n en s\u0131radan anlar\u0131nda insan\u0131n en derin meselelerini g\u00f6r\u00fcn\u00fcr k\u0131lan \u015fiirleri okurla bulu\u015ftu - Bati Ermenistan Ve Bati Ermenileri Sorunlari Ara\u015ftirmalar Merkezi\" \/>\n<meta property=\"og:description\" content=\"Antan \u00d6zer\u2019in Yaln\u0131zl\u0131k adl\u0131 \u015fiir kitab\u0131 Aras Yay\u0131nlar\u0131 taraf\u0131ndan yay\u0131mland\u0131. Tan\u0131t\u0131m b\u00fclteninden: Modern \u0130stanbul Ermeni \u015eiiri\u2019nin \u00f6zg\u00fcn seslerinden Antan \u00d6zer, g\u00fcndelik hayat\u0131n en s\u0131radan anlar\u0131nda insan\u0131n en derin meselelerini g\u00f6r\u00fcn\u00fcr k\u0131lan \u015fiirleriyle okurla bulu\u015fuyor.&nbsp;Yaln\u0131zl\u0131k, yal\u0131nl\u0131\u011f\u0131n i\u00e7indeki derinli\u011fi, mizah\u0131n i\u00e7indeki h\u00fczn\u00fc ve hayat\u0131n g\u00f6r\u00fcnmez ayr\u0131nt\u0131lar\u0131n\u0131 bir araya getiren se\u00e7kin bir \u015fiir derlemesi. \u00d6zer, konu\u015fma dilinin do\u011fal [&hellip;]\" \/>\n<meta property=\"og:url\" content=\"https:\/\/akunq.net\/tr\/?p=87115\" \/>\n<meta property=\"og:site_name\" content=\"Bati Ermenistan Ve Bati Ermenileri Sorunlari Ara\u015ftirmalar Merkezi\" \/>\n<meta property=\"article:published_time\" content=\"2026-09-02T11:15:19+00:00\" \/>\n<meta property=\"article:modified_time\" content=\"2026-09-02T11:15:20+00:00\" \/>\n<meta property=\"og:image\" content=\"https:\/\/akunq.net\/tr\/wp-content\/uploads\/sites\/6\/2026\/09\/Antan-Ozer.jpg\" \/>\n\t<meta property=\"og:image:width\" content=\"712\" \/>\n\t<meta property=\"og:image:height\" content=\"1024\" \/>\n\t<meta property=\"og:image:type\" content=\"image\/jpeg\" \/>\n<meta name=\"author\" content=\"admin\" \/>\n<meta name=\"twitter:card\" content=\"summary_large_image\" \/>\n<meta name=\"twitter:label1\" content=\"Written by\" \/>\n\t<meta name=\"twitter:data1\" content=\"admin\" \/>\n\t<meta name=\"twitter:label2\" content=\"Est. reading time\" \/>\n\t<meta name=\"twitter:data2\" content=\"2 minutes\" \/>\n<script type=\"application\/ld+json\" class=\"yoast-schema-graph\">{\"@context\":\"https:\\\/\\\/schema.org\",\"@graph\":[{\"@type\":\"Article\",\"@id\":\"https:\\\/\\\/akunq.net\\\/tr\\\/?p=87115#article\",\"isPartOf\":{\"@id\":\"https:\\\/\\\/akunq.net\\\/tr\\\/?p=87115\"},\"author\":{\"name\":\"admin\",\"@id\":\"https:\\\/\\\/akunq.net\\\/tr\\\/#\\\/schema\\\/person\\\/42a46675f00a8f1e84520e8c56500de3\"},\"headline\":\"Antan \u00d6zer\u2019in g\u00fcndelik hayat\u0131n en s\u0131radan anlar\u0131nda insan\u0131n en derin meselelerini g\u00f6r\u00fcn\u00fcr k\u0131lan \u015fiirleri okurla bulu\u015ftu\",\"datePublished\":\"2026-09-02T11:15:19+00:00\",\"dateModified\":\"2026-09-02T11:15:20+00:00\",\"mainEntityOfPage\":{\"@id\":\"https:\\\/\\\/akunq.net\\\/tr\\\/?p=87115\"},\"wordCount\":387,\"commentCount\":0,\"image\":{\"@id\":\"https:\\\/\\\/akunq.net\\\/tr\\\/?p=87115#primaryimage\"},\"thumbnailUrl\":\"https:\\\/\\\/akunq.net\\\/tr\\\/wp-content\\\/uploads\\\/sites\\\/6\\\/2026\\\/09\\\/Antan-Ozer.jpg\",\"articleSection\":[\"Haberler\",\"Kitaplar-Ele\u015ftiriler\"],\"inLanguage\":\"en-US\",\"potentialAction\":[{\"@type\":\"CommentAction\",\"name\":\"Comment\",\"target\":[\"https:\\\/\\\/akunq.net\\\/tr\\\/?p=87115#respond\"]}]},{\"@type\":\"WebPage\",\"@id\":\"https:\\\/\\\/akunq.net\\\/tr\\\/?p=87115\",\"url\":\"https:\\\/\\\/akunq.net\\\/tr\\\/?p=87115\",\"name\":\"Antan \u00d6zer\u2019in g\u00fcndelik hayat\u0131n en s\u0131radan anlar\u0131nda insan\u0131n en derin meselelerini g\u00f6r\u00fcn\u00fcr k\u0131lan \u015fiirleri okurla bulu\u015ftu - Bati Ermenistan Ve Bati Ermenileri Sorunlari Ara\u015ftirmalar Merkezi\",\"isPartOf\":{\"@id\":\"https:\\\/\\\/akunq.net\\\/tr\\\/#website\"},\"primaryImageOfPage\":{\"@id\":\"https:\\\/\\\/akunq.net\\\/tr\\\/?p=87115#primaryimage\"},\"image\":{\"@id\":\"https:\\\/\\\/akunq.net\\\/tr\\\/?p=87115#primaryimage\"},\"thumbnailUrl\":\"https:\\\/\\\/akunq.net\\\/tr\\\/wp-content\\\/uploads\\\/sites\\\/6\\\/2026\\\/09\\\/Antan-Ozer.jpg\",\"datePublished\":\"2026-09-02T11:15:19+00:00\",\"dateModified\":\"2026-09-02T11:15:20+00:00\",\"author\":{\"@id\":\"https:\\\/\\\/akunq.net\\\/tr\\\/#\\\/schema\\\/person\\\/42a46675f00a8f1e84520e8c56500de3\"},\"breadcrumb\":{\"@id\":\"https:\\\/\\\/akunq.net\\\/tr\\\/?p=87115#breadcrumb\"},\"inLanguage\":\"en-US\",\"potentialAction\":[{\"@type\":\"ReadAction\",\"target\":[\"https:\\\/\\\/akunq.net\\\/tr\\\/?p=87115\"]}]},{\"@type\":\"ImageObject\",\"inLanguage\":\"en-US\",\"@id\":\"https:\\\/\\\/akunq.net\\\/tr\\\/?p=87115#primaryimage\",\"url\":\"https:\\\/\\\/akunq.net\\\/tr\\\/wp-content\\\/uploads\\\/sites\\\/6\\\/2026\\\/09\\\/Antan-Ozer.jpg\",\"contentUrl\":\"https:\\\/\\\/akunq.net\\\/tr\\\/wp-content\\\/uploads\\\/sites\\\/6\\\/2026\\\/09\\\/Antan-Ozer.jpg\",\"width\":712,\"height\":1024},{\"@type\":\"BreadcrumbList\",\"@id\":\"https:\\\/\\\/akunq.net\\\/tr\\\/?p=87115#breadcrumb\",\"itemListElement\":[{\"@type\":\"ListItem\",\"position\":1,\"name\":\"Home\",\"item\":\"https:\\\/\\\/akunq.net\\\/tr\"},{\"@type\":\"ListItem\",\"position\":2,\"name\":\"Antan \u00d6zer\u2019in g\u00fcndelik hayat\u0131n en s\u0131radan anlar\u0131nda insan\u0131n en derin meselelerini g\u00f6r\u00fcn\u00fcr k\u0131lan \u015fiirleri okurla bulu\u015ftu\"}]},{\"@type\":\"WebSite\",\"@id\":\"https:\\\/\\\/akunq.net\\\/tr\\\/#website\",\"url\":\"https:\\\/\\\/akunq.net\\\/tr\\\/\",\"name\":\"Bati Ermenistan Ve Bati Ermenileri Sorunlari Ara\u015ftirmalar Merkezi\",\"description\":\"\",\"potentialAction\":[{\"@type\":\"SearchAction\",\"target\":{\"@type\":\"EntryPoint\",\"urlTemplate\":\"https:\\\/\\\/akunq.net\\\/tr\\\/?s={search_term_string}\"},\"query-input\":{\"@type\":\"PropertyValueSpecification\",\"valueRequired\":true,\"valueName\":\"search_term_string\"}}],\"inLanguage\":\"en-US\"},{\"@type\":\"Person\",\"@id\":\"https:\\\/\\\/akunq.net\\\/tr\\\/#\\\/schema\\\/person\\\/42a46675f00a8f1e84520e8c56500de3\",\"name\":\"admin\",\"url\":\"https:\\\/\\\/akunq.net\\\/tr\\\/?author=1\"}]}<\/script>\n<!-- \/ Yoast SEO plugin. -->","yoast_head_json":{"title":"Antan \u00d6zer\u2019in g\u00fcndelik hayat\u0131n en s\u0131radan anlar\u0131nda insan\u0131n en derin meselelerini g\u00f6r\u00fcn\u00fcr k\u0131lan \u015fiirleri okurla bulu\u015ftu - Bati Ermenistan Ve Bati Ermenileri Sorunlari Ara\u015ftirmalar Merkezi","robots":{"index":"index","follow":"follow","max-snippet":"max-snippet:-1","max-image-preview":"max-image-preview:large","max-video-preview":"max-video-preview:-1"},"canonical":"https:\/\/akunq.net\/tr\/?p=87115","og_locale":"en_US","og_type":"article","og_title":"Antan \u00d6zer\u2019in g\u00fcndelik hayat\u0131n en s\u0131radan anlar\u0131nda insan\u0131n en derin meselelerini g\u00f6r\u00fcn\u00fcr k\u0131lan \u015fiirleri okurla bulu\u015ftu - Bati Ermenistan Ve Bati Ermenileri Sorunlari Ara\u015ftirmalar Merkezi","og_description":"Antan \u00d6zer\u2019in Yaln\u0131zl\u0131k adl\u0131 \u015fiir kitab\u0131 Aras Yay\u0131nlar\u0131 taraf\u0131ndan yay\u0131mland\u0131. Tan\u0131t\u0131m b\u00fclteninden: Modern \u0130stanbul Ermeni \u015eiiri\u2019nin \u00f6zg\u00fcn seslerinden Antan \u00d6zer, g\u00fcndelik hayat\u0131n en s\u0131radan anlar\u0131nda insan\u0131n en derin meselelerini g\u00f6r\u00fcn\u00fcr k\u0131lan \u015fiirleriyle okurla bulu\u015fuyor.&nbsp;Yaln\u0131zl\u0131k, yal\u0131nl\u0131\u011f\u0131n i\u00e7indeki derinli\u011fi, mizah\u0131n i\u00e7indeki h\u00fczn\u00fc ve hayat\u0131n g\u00f6r\u00fcnmez ayr\u0131nt\u0131lar\u0131n\u0131 bir araya getiren se\u00e7kin bir \u015fiir derlemesi. \u00d6zer, konu\u015fma dilinin do\u011fal [&hellip;]","og_url":"https:\/\/akunq.net\/tr\/?p=87115","og_site_name":"Bati Ermenistan Ve Bati Ermenileri Sorunlari Ara\u015ftirmalar Merkezi","article_published_time":"2026-09-02T11:15:19+00:00","article_modified_time":"2026-09-02T11:15:20+00:00","og_image":[{"width":712,"height":1024,"url":"https:\/\/akunq.net\/tr\/wp-content\/uploads\/sites\/6\/2026\/09\/Antan-Ozer.jpg","type":"image\/jpeg"}],"author":"admin","twitter_card":"summary_large_image","twitter_misc":{"Written by":"admin","Est. reading time":"2 minutes"},"schema":{"@context":"https:\/\/schema.org","@graph":[{"@type":"Article","@id":"https:\/\/akunq.net\/tr\/?p=87115#article","isPartOf":{"@id":"https:\/\/akunq.net\/tr\/?p=87115"},"author":{"name":"admin","@id":"https:\/\/akunq.net\/tr\/#\/schema\/person\/42a46675f00a8f1e84520e8c56500de3"},"headline":"Antan \u00d6zer\u2019in g\u00fcndelik hayat\u0131n en s\u0131radan anlar\u0131nda insan\u0131n en derin meselelerini g\u00f6r\u00fcn\u00fcr k\u0131lan \u015fiirleri okurla bulu\u015ftu","datePublished":"2026-09-02T11:15:19+00:00","dateModified":"2026-09-02T11:15:20+00:00","mainEntityOfPage":{"@id":"https:\/\/akunq.net\/tr\/?p=87115"},"wordCount":387,"commentCount":0,"image":{"@id":"https:\/\/akunq.net\/tr\/?p=87115#primaryimage"},"thumbnailUrl":"https:\/\/akunq.net\/tr\/wp-content\/uploads\/sites\/6\/2026\/09\/Antan-Ozer.jpg","articleSection":["Haberler","Kitaplar-Ele\u015ftiriler"],"inLanguage":"en-US","potentialAction":[{"@type":"CommentAction","name":"Comment","target":["https:\/\/akunq.net\/tr\/?p=87115#respond"]}]},{"@type":"WebPage","@id":"https:\/\/akunq.net\/tr\/?p=87115","url":"https:\/\/akunq.net\/tr\/?p=87115","name":"Antan \u00d6zer\u2019in g\u00fcndelik hayat\u0131n en s\u0131radan anlar\u0131nda insan\u0131n en derin meselelerini g\u00f6r\u00fcn\u00fcr k\u0131lan \u015fiirleri okurla bulu\u015ftu - Bati Ermenistan Ve Bati Ermenileri Sorunlari Ara\u015ftirmalar Merkezi","isPartOf":{"@id":"https:\/\/akunq.net\/tr\/#website"},"primaryImageOfPage":{"@id":"https:\/\/akunq.net\/tr\/?p=87115#primaryimage"},"image":{"@id":"https:\/\/akunq.net\/tr\/?p=87115#primaryimage"},"thumbnailUrl":"https:\/\/akunq.net\/tr\/wp-content\/uploads\/sites\/6\/2026\/09\/Antan-Ozer.jpg","datePublished":"2026-09-02T11:15:19+00:00","dateModified":"2026-09-02T11:15:20+00:00","author":{"@id":"https:\/\/akunq.net\/tr\/#\/schema\/person\/42a46675f00a8f1e84520e8c56500de3"},"breadcrumb":{"@id":"https:\/\/akunq.net\/tr\/?p=87115#breadcrumb"},"inLanguage":"en-US","potentialAction":[{"@type":"ReadAction","target":["https:\/\/akunq.net\/tr\/?p=87115"]}]},{"@type":"ImageObject","inLanguage":"en-US","@id":"https:\/\/akunq.net\/tr\/?p=87115#primaryimage","url":"https:\/\/akunq.net\/tr\/wp-content\/uploads\/sites\/6\/2026\/09\/Antan-Ozer.jpg","contentUrl":"https:\/\/akunq.net\/tr\/wp-content\/uploads\/sites\/6\/2026\/09\/Antan-Ozer.jpg","width":712,"height":1024},{"@type":"BreadcrumbList","@id":"https:\/\/akunq.net\/tr\/?p=87115#breadcrumb","itemListElement":[{"@type":"ListItem","position":1,"name":"Home","item":"https:\/\/akunq.net\/tr"},{"@type":"ListItem","position":2,"name":"Antan \u00d6zer\u2019in g\u00fcndelik hayat\u0131n en s\u0131radan anlar\u0131nda insan\u0131n en derin meselelerini g\u00f6r\u00fcn\u00fcr k\u0131lan \u015fiirleri okurla bulu\u015ftu"}]},{"@type":"WebSite","@id":"https:\/\/akunq.net\/tr\/#website","url":"https:\/\/akunq.net\/tr\/","name":"Bati Ermenistan Ve Bati Ermenileri Sorunlari Ara\u015ftirmalar Merkezi","description":"","potentialAction":[{"@type":"SearchAction","target":{"@type":"EntryPoint","urlTemplate":"https:\/\/akunq.net\/tr\/?s={search_term_string}"},"query-input":{"@type":"PropertyValueSpecification","valueRequired":true,"valueName":"search_term_string"}}],"inLanguage":"en-US"},{"@type":"Person","@id":"https:\/\/akunq.net\/tr\/#\/schema\/person\/42a46675f00a8f1e84520e8c56500de3","name":"admin","url":"https:\/\/akunq.net\/tr\/?author=1"}]}},"_links":{"self":[{"href":"https:\/\/akunq.net\/tr\/index.php?rest_route=\/wp\/v2\/posts\/87115","targetHints":{"allow":["GET"]}}],"collection":[{"href":"https:\/\/akunq.net\/tr\/index.php?rest_route=\/wp\/v2\/posts"}],"about":[{"href":"https:\/\/akunq.net\/tr\/index.php?rest_route=\/wp\/v2\/types\/post"}],"author":[{"embeddable":true,"href":"https:\/\/akunq.net\/tr\/index.php?rest_route=\/wp\/v2\/users\/1"}],"replies":[{"embeddable":true,"href":"https:\/\/akunq.net\/tr\/index.php?rest_route=%2Fwp%2Fv2%2Fcomments&post=87115"}],"version-history":[{"count":1,"href":"https:\/\/akunq.net\/tr\/index.php?rest_route=\/wp\/v2\/posts\/87115\/revisions"}],"predecessor-version":[{"id":87117,"href":"https:\/\/akunq.net\/tr\/index.php?rest_route=\/wp\/v2\/posts\/87115\/revisions\/87117"}],"wp:featuredmedia":[{"embeddable":true,"href":"https:\/\/akunq.net\/tr\/index.php?rest_route=\/wp\/v2\/media\/87116"}],"wp:attachment":[{"href":"https:\/\/akunq.net\/tr\/index.php?rest_route=%2Fwp%2Fv2%2Fmedia&parent=87115"}],"wp:term":[{"taxonomy":"category","embeddable":true,"href":"https:\/\/akunq.net\/tr\/index.php?rest_route=%2Fwp%2Fv2%2Fcategories&post=87115"},{"taxonomy":"post_tag","embeddable":true,"href":"https:\/\/akunq.net\/tr\/index.php?rest_route=%2Fwp%2Fv2%2Ftags&post=87115"}],"curies":[{"name":"wp","href":"https:\/\/api.w.org\/{rel}","templated":true}]}}