{"id":87112,"date":"2026-09-02T06:10:14","date_gmt":"2026-09-02T11:10:14","guid":{"rendered":"https:\/\/akunq.net\/tr\/?p=87112"},"modified":"2026-09-02T06:10:15","modified_gmt":"2026-09-02T11:10:15","slug":"ne-yapalim-o-zamanlar-hukumetler-boyleydi-koltuk-dosemecisi-teologosun-casusluktan-surgunu","status":"publish","type":"post","link":"https:\/\/akunq.net\/tr\/?p=87112","title":{"rendered":"\u201cNe Yapal\u0131m, O Zamanlar H\u00fck\u00fcmetler B\u00f6yleydi\u201d: Koltuk D\u00f6\u015femecisi Teologos\u2019un \u2018Casusluk\u2019tan S\u00fcrg\u00fcn\u00fc"},"content":{"rendered":"\n<p class=\"wp-block-paragraph\"><a href=\"https:\/\/www.avlaremoz.com\/author\/suheylayildiz\/\"><strong>S\u00dcHEYLA YILDIZ<\/strong><\/a><\/p>\n\n\n\n<p class=\"wp-block-paragraph\"><strong><em>Bu metinde<sup>[1]<\/sup>, T\u00fcrkiye\u2019de Rumlar\u0131n 20. y\u00fczy\u0131l boyunca ya\u015fad\u0131klar\u0131 s\u00fcrg\u00fcnleri, zorunlu g\u00f6\u00e7leri, yine bir zorunlu g\u00f6\u00e7 ma\u011fduru olan koltuk d\u00f6\u015femecisi ve atlet Teologos\u2019un hik\u00e2yesi \u00fczerinden anlataca\u011f\u0131m. Bu hik\u00e2ye, o d\u00f6nem Rumlara y\u00f6nelik haks\u0131z uygulamalar\u0131n ve ya\u015fad\u0131klar\u0131 dramlar\u0131n somut bir \u00f6rne\u011fi olmas\u0131 a\u00e7\u0131s\u0131ndan \u00f6nemlidir.<\/em><\/strong><\/p>\n\n\n\n<p class=\"wp-block-paragraph\">Teologos, 1958 Haziran\u0131nda, Yunanistan Konsoloslu\u011fundan gizli bilgi ve belgeler alarak Fener Rum Patri\u011fi Athenagoras\u2019a ula\u015ft\u0131rd\u0131\u011f\u0131, yani \u201ccasusluk\u201d yapt\u0131\u011f\u0131 su\u00e7lamas\u0131yla mahkemeye dahi \u00e7\u0131kar\u0131lmadan iki g\u00fcn i\u00e7inde s\u0131n\u0131r d\u0131\u015f\u0131 edilen ve b\u00f6ylelikle b\u00fct\u00fcn hayat\u0131 de\u011fi\u015fen, alt\u00fcst olan, s\u0131radan bir Rum gencidir. O tarihte Teologos; \u0130stanbul\u2019da koltuk-perde d\u00f6\u015femecili\u011fi yapan, ayn\u0131 zamanda atlet oldu\u011fundan profesyonel bir sporcu olan, 25 ya\u015f\u0131nda, kendi h\u00e2linde bir gen\u00e7 esnaft\u0131r.<\/p>\n\n\n\n<figure class=\"wp-block-image\"><img decoding=\"async\" src=\"https:\/\/i0.wp.com\/www.avlaremoz.com\/content\/images\/2026\/08\/teologos.jpg?ssl=1\" alt=\"\"\/><figcaption class=\"wp-element-caption\">\u201c20 Dolar 20 Kilo\u201d sergisinden, 2014, Depo<\/figcaption><\/figure>\n\n\n\n<p class=\"wp-block-paragraph\">Kendisiyle tan\u0131\u015fmam, 2013 y\u0131l\u0131 k\u0131\u015f\u0131nda Atina\u2019da, \u201c20 Dolar 20 Kilo\u201d projesinin<sup>[2]<\/sup>&nbsp;saha ara\u015ft\u0131rmas\u0131 vesilesiyle oldu. T\u00fcrkiye\u2019de o g\u00fcnlerde sadece gazetelere yans\u0131yan \u201cPatri\u011fin kuryesi hudut d\u0131\u015f\u0131 edildi\u201d, \u201cYunanl\u0131 bir hain kovuldu\u201d haberleriyle bilinen Teologos\u2019un hik\u00e2yesini, s\u00fcrg\u00fcn\u00fcnden 55 y\u0131l sonra kendi a\u011fz\u0131ndan dinledim. 2013\u2019te T\u00fcrk\u00e7e yapt\u0131\u011f\u0131m\u0131z m\u00fclakatta 82 ya\u015f\u0131nda olan Teologos, zorunlu g\u00f6\u00e7\u00fcn\u00fcn arkas\u0131nda yatan hik\u00e2yeyi T\u00fcrk\u00e7e olarak \u015f\u00f6yle anlatm\u0131\u015ft\u0131:&nbsp;<\/p>\n\n\n\n<blockquote class=\"wp-block-quote is-layout-flow wp-block-quote-is-layout-flow\">\n<p class=\"wp-block-paragraph\"><em>\u201cBen atlettim, s\u0131r\u0131kla y\u00fcksek atlama falan yap\u0131yordum, kupalar\u0131m vard\u0131. Bir de ben o zamanlar d\u00f6\u015femeciydim. Patrikhaneye \u00e7a\u011f\u0131rd\u0131lar beni, d\u00f6\u015femeci ne i\u015f yap\u0131yorsa i\u015fte onu yapmaya\u2026 Motosikletim vard\u0131, gencim o zaman, 25 ya\u015f\u0131ndayd\u0131m. Gidip gelmeye ba\u015flad\u0131m. Perde dikmeye, koltuklar\u0131 tamir etmeye, perdeleri asmaya\u2026 Ustal\u0131k yap\u0131yordum, yani gidip geliyordum s\u00fcrekli. Ne varsa orada yap\u0131lacak, evde dikiyorduk annemle, gidip as\u0131yordum ben de. Yunanistan konsoloslu\u011funa da i\u015f yap\u0131yordum ayn\u0131 zamanda. [\u2026]<\/em><\/p>\n<\/blockquote>\n\n\n\n<blockquote class=\"wp-block-quote is-layout-flow wp-block-quote-is-layout-flow\">\n<p class=\"wp-block-paragraph\"><em>Bir g\u00fcn beni 2. \u015eube\u2019ye \u00e7a\u011f\u0131rd\u0131lar, baz\u0131 resimler g\u00f6steriyorlar, Patrikhane\u2019ye ve Konsoloslu\u011fa girip \u00e7\u0131karken\u2026 Gizli polisler varm\u0131\u015f, me\u011fer foto\u011fraf\u0131m\u0131 \u00e7ekmi\u015fler. \u2018Ne i\u015f yap\u0131yorsun orada, ne var paketlerin i\u00e7inde, girip \u00e7\u0131kar\u0131yorsun \u00f6yle, ne getiriyorsun?\u2019 dediler. Diyorum, perde, k\u0131l\u0131f m\u0131l\u0131f\u2026 Diyorum, annem benim terzidir, o dikiyor, ben de gidip as\u0131yorum. \u0130nanm\u0131yorlar, \u2018Yok, sen ba\u015fka bir i\u015f yap\u0131yordun\u2019 diyorlard\u0131. Bana diyorlar ki, mesaj getiriyordun. Ba\u015flad\u0131lar beni yumruklamaya, d\u00f6vmeye orada\u2026 H\u00e2lbuki ben Patrikhaneye gittim i\u015f yapmak i\u00e7in; ne kuryesi ne de bir \u015feyiyim\u2026 Patrik kuryesi diyor, kap\u0131 d\u0131\u015far\u0131 ediyor beni\u2026 Oysa i\u015f yap\u0131yordum ki ben\u2026\u201d&nbsp;<\/em><\/p>\n<\/blockquote>\n\n\n\n<p class=\"wp-block-paragraph\">Teologos, iki g\u00fcn h\u00fccrede kald\u0131ktan sonra polis e\u015fli\u011finde Yunanistan\u2019a g\u00f6nderilmek \u00fczere Sirkeci\u2019ye getirilir. Annesinin de yeni haberi olmu\u015ftur bu s\u0131n\u0131r d\u0131\u015f\u0131 edili\u015ften. \u00c7evreden alelacele bir bavul bulup birka\u00e7 e\u015fya alarak o\u011fluna bir \u00e7anta haz\u0131rlam\u0131\u015ft\u0131r. Teologos, zorunlu s\u00fcrg\u00fcn\u00fcnden ancak 20 y\u0131l sonra d\u00f6nebildi\u011fi memleketinden elinde bir bavulla g\u00f6nderilir.<\/p>\n\n\n\n<p class=\"wp-block-paragraph\">1955\u2019te ba\u015flayan K\u0131br\u0131s krizi, 1974\u2019e, hatta daha sonras\u0131na kadar s\u00fcren bir etki b\u0131rakt\u0131. Teologos da bu krizlerin ilk dalgas\u0131ndan etkilenenlerdendir. O, siyasetle ilgilenmeyen, cemaat i\u00e7inde \u00f6zel bir g\u00f6revi olmayan, son derece s\u0131radan biridir. Bildi\u011fimiz gibi, o d\u00f6nemde Patrikhane ve genel olarak t\u00fcm Rum dernekleri \u201cmilli birlik ve beraberlik i\u00e7in tehdit olu\u015fturduklar\u0131\u201d ithamlar\u0131yla hedef h\u00e2line getirilmi\u015fti. Rum toplumunun ileri gelenleri \u00fczerinde bask\u0131 olu\u015fturulmu\u015ftu; baz\u0131 dernekler kapat\u0131lm\u0131\u015f, ileri gelen baz\u0131 Rumlar da s\u0131n\u0131r d\u0131\u015f\u0131 edilmi\u015fti.<sup>[3]<\/sup>&nbsp;<\/p>\n\n\n\n<p class=\"wp-block-paragraph\">Ancak Teologos \u00f6rne\u011finde g\u00f6rd\u00fc\u011f\u00fcm\u00fcz, s\u0131radan ki\u015filerin de 1964 S\u00fcrg\u00fcn\u00fcn\u00fc \u00f6nceleyen bu tehdit ortam\u0131n\u0131n ma\u011fduru olmas\u0131d\u0131r. Su\u00e7lamalar, genelde, Yunanistan lehine ajanl\u0131k yapmak, K\u0131br\u0131s i\u00e7in T\u00fcrkiye aleyhinde yasad\u0131\u015f\u0131 faaliyetlerde bulunmak, \u00f6rne\u011fin K\u0131br\u0131s\u2019taki Rum \u00e7etelerini finanse etmek gibiydi. Bu nedenle 1955-1964 aras\u0131nda bir\u00e7ok Rum, aleyhlerine hi\u00e7bir kan\u0131t olmaks\u0131z\u0131n ki\u015fisel olarak ya da k\u00fc\u00e7\u00fck gruplar h\u00e2linde s\u00fcrg\u00fcn edilmi\u015ftir.<sup>[4]<\/sup>&nbsp;Teologos ise bunlardan da farkl\u0131 olarak son derece s\u0131radan bir ki\u015fiydi. Herhangi bir k\u00fclt\u00fcr derne\u011finin \u00fcyesi dahi de\u011fildi. Yunan uyrukluydu sadece, ki aktard\u0131\u011f\u0131na g\u00f6re ailesi Sinop k\u00f6kenlidir.&nbsp;<\/p>\n\n\n\n<p class=\"wp-block-paragraph\">O d\u00f6nemde, Yunan uyruklu Rumlar ile T\u00fcrk uyruklu Rumlar t\u00fcm\u00fcyle kayna\u015fm\u0131\u015f h\u00e2ldeydiler. Bug\u00fcnden bakt\u0131\u011f\u0131m\u0131zda diyebiliriz ki, s\u0131radan bir ki\u015fi olan Teologos\u2019un da s\u0131n\u0131r d\u0131\u015f\u0131 edilerek g\u00f6nderilmesi ve bu operasyonun medyaya servis edilmesi, \u201c64 S\u00fcrg\u00fcn\u00fc\u201dn\u00fcn do\u011frudan habercisidir. Teologos\u2019un kovulma haberinin gazetelerde ilk sayfadan verilerek medyatik fig\u00fcr yap\u0131lmas\u0131, bir ki\u015fi \u00fczerinden bir grubun s\u00fcre\u00e7 i\u00e7inde damgalamak i\u00e7in kullan\u0131lmas\u0131 ve bunun i\u00e7in s\u0131radan bir esnaf\u0131n se\u00e7ilmesi \u00f6nemlidir.<\/p>\n\n\n\n<figure class=\"wp-block-image\"><img decoding=\"async\" src=\"https:\/\/i0.wp.com\/www.avlaremoz.com\/content\/images\/2026\/09\/WhatsApp-Image-2026-08-16-at-16.17.43--1-.jpeg?ssl=1\" alt=\"\"\/><\/figure>\n\n\n\n<p class=\"wp-block-paragraph\">Bu t\u00fcr \u00f6rnekler asl\u0131nda bir toplumsal grubun nas\u0131l kurban edildi\u011fini ve kimli\u011fi \u00fczerinden nas\u0131l cezaland\u0131r\u0131ld\u0131\u011f\u0131n\u0131 anlat\u0131r. Asl\u0131nda Teologos, hi\u00e7bir eylemi y\u00fcz\u00fcnden cezaland\u0131r\u0131lm\u0131yordu; zaten g\u00f6zalt\u0131na al\u0131nmas\u0131, sorgulanmas\u0131 ve h\u00e2kim \u00f6n\u00fcne dahi \u00e7\u0131kar\u0131lmadan medyaya servis edilerek s\u0131n\u0131r d\u0131\u015f\u0131 edilmesi sadece 2 g\u00fcn i\u00e7inde ger\u00e7ekle\u015fmi\u015fti. Teologos Ortodoks de\u011fil de M\u00fcsl\u00fcman olsa esnafl\u0131k yapmaya devam edecek, kendi h\u00e2linde bir adamd\u0131r. Yani herhangi bir se\u00e7iminden dolay\u0131 bir risk al\u0131p o riskin kar\u015f\u0131l\u0131\u011f\u0131nda da bir sorun ya\u015fam\u0131yor. O, politikayla tamamen ilgisiz biriydi, Rum toplumu i\u00e7inde \u00f6ne \u00e7\u0131kan biri de de\u011fildi. Sporcu \u00e7evresi vard\u0131 sadece, zaten fazla eziyet g\u00f6rmekten de \u00fcnl\u00fc sporcular\u0131n araya girmesi sayesinde kurtulmu\u015f. Teologos\u2019un aktard\u0131\u011f\u0131na g\u00f6re, Fenerbah\u00e7e\u2019de oynayan bir futbolcu arkada\u015f\u0131n\u0131n Emniyet\u2019teki babas\u0131 sayesinde kurtulmu\u015f.&nbsp;<\/p>\n\n\n\n<p class=\"wp-block-paragraph\">Teologos\u2019un anlatt\u0131\u011f\u0131na g\u00f6re, Yunan jandarmas\u0131 da onu s\u0131n\u0131rdan teslim al\u0131p serbest b\u0131rakm\u0131\u015f. Yani Yunan Devleti onunla ilgilenmemi\u015f! Sadece bir trene bindirip Atina\u2019ya yollam\u0131\u015flar. Bu durum, Teologos\u2019un Yunan istihbarat\u0131yla hi\u00e7bir ilgisinin olmad\u0131\u011f\u0131n\u0131 g\u00f6sterir! Daha sonra Teologos, Atina\u2019da teyzesinin yan\u0131na yerle\u015fip i\u015f\u00e7ili\u011fe ba\u015flam\u0131\u015f. Hayat\u0131nda daha \u00f6nce hi\u00e7 Yunanistan\u2019a gitmemi\u015fken bu yeni yurdunda uzun s\u00fcre zorluk \u00e7ekmi\u015f ancak yeniden kendine bir hayat kurmay\u0131 ba\u015farm\u0131\u015f. Teologos bu s\u00fcreci \u015f\u00f6yle anlat\u0131yor:&nbsp;<\/p>\n\n\n\n<blockquote class=\"wp-block-quote is-layout-flow wp-block-quote-is-layout-flow\">\n<p class=\"wp-block-paragraph\">\u201c<em>\u0130lk geldi\u011fimde \u00e7ok yaln\u0131z kald\u0131m. Zorluk \u00e7ektim biraz, o zamanlar i\u015f yoktu, \u00e7ok zorluk vard\u0131 burada. Neyse, ben usta oldu\u011fum i\u00e7in i\u015f bulabildim. Zanaat\u0131m vard\u0131, d\u00f6\u015femeciydim, koltuk moltuk yap\u0131yordum, k\u0131l\u0131flar\u0131 yap\u0131yordum. [\u2026]<\/em>&nbsp;<em>Sonra \u0130stanbullular geldiler. 64\u2019te geldiler onlar. Annem ve k\u0131z karde\u015flerim de gelmek zorunda kald\u0131lar buraya.<\/em>&nbsp;<em>Akrabalar\u0131m\u0131z\u0131n yan\u0131nda bir 10 sene kadar kald\u0131k. Zordu bizim i\u00e7in, biraz para toplad\u0131k, ev kiralad\u0131k, ondan sonra ev yapt\u0131k bir de. \u015eimdi o evde kal\u0131yoruz. Ben ge\u00e7 evlendim, burada 40 ya\u015f\u0131nda evlendim. Ge\u00e7inecek h\u00e2le geldim, o zaman evlendim.&nbsp;<\/em><\/p>\n<\/blockquote>\n\n\n\n<blockquote class=\"wp-block-quote is-layout-flow wp-block-quote-is-layout-flow\">\n<p class=\"wp-block-paragraph\"><em>Ben \u0130stanbul i\u00e7in en iyi laflar\u0131 s\u00f6yl\u00fcyorum. [\u2026] Burada kavga ediyorlar benimle; \u2018Aman sen de \u0130stanbul\u2019u be\u011feniyorsun, \u0130stanbul i\u00e7in iyi \u015feyler s\u00f6yl\u00fcyorsun, hadi be sen de \u0130stanbullu\u2019 diyorlar.&nbsp;<strong>Evet, beni kovdular, e ne yapal\u0131m, o zamanlar h\u00fck\u00fcmetler b\u00f6yleydi\u2026<\/strong>&nbsp;G\u00f6nderilmeseydim kalacakt\u0131m elbette memleketimde. D\u00f6\u015femeciydim, yani i\u015fim vard\u0131 zaten.&nbsp;<\/em><\/p>\n<\/blockquote>\n\n\n\n<blockquote class=\"wp-block-quote is-layout-flow wp-block-quote-is-layout-flow\">\n<p class=\"wp-block-paragraph\"><em>Ben asl\u0131nda \u2013o zamanlar- Olimpiyatlara kat\u0131lmak istiyordum ama en iyi zaman\u0131mda kovuldum oradan. Burada, yani Atina\u2019da devam etmek istedim ama para yoktu, bir \u015fey yoktu. \u00c7ok madalyam vard\u0131, kupalar\u0131m da vard\u0131, mahvoldu, kaybolmu\u015f hepsi. [\u2026] Bizim Galata\u2019da iki tane d\u00fckk\u00e2n da vard\u0131, demirci d\u00fckk\u00e2n\u0131, ama \u015fimdi istimlak olmu\u015f, onlar kayboldu, babam\u0131nd\u0131. K\u0131nal\u0131ada\u2019da iki tane evimiz vard\u0131.<strong>&nbsp;<\/strong>Onlar da gitti. Harbiye\u2019de \u00d6l\u00e7ek Sokak\u2019taki ev, o da gitti.\u201d<\/em><\/p>\n<\/blockquote>\n\n\n\n<p class=\"wp-block-paragraph\">Hayat\u0131 boyunca ac\u0131 \u00e7ekmi\u015f ama buna ra\u011fmen memleketi \u0130stanbul\u2019u k\u00f6t\u00fc hat\u0131rlamayan Teologos\u2019un anlatt\u0131klar\u0131, hakk\u0131ndaki casusluk su\u00e7lamas\u0131n\u0131 t\u00fcm\u00fcyle bo\u015fa \u00e7\u0131karmaktad\u0131r. Aradan ge\u00e7en onlarca y\u0131la ra\u011fmen T\u00fcrk\u00e7e ile ba\u011f\u0131n\u0131 koparmadan, Yunanistan\u2019da \u201c\u0130stanbullu Rum\u201d olarak ya\u015famaya \u00e7al\u0131\u015farak ve h\u00e2l\u00e2 haks\u0131zl\u0131\u011fa u\u011fram\u0131\u015fl\u0131k hissi olmadan&nbsp;<em>\u201cE n\u2019apal\u0131m, o zamanlar h\u00fck\u00fcmetler b\u00f6yleydi\u201d<\/em>&nbsp;diyerek T\u00fcrkiye\u2019yi savunmaktad\u0131r.&nbsp;<\/p>\n\n\n\n<p class=\"wp-block-paragraph\">Yunan uyruklu oldu\u011fundan dolay\u0131, s\u00fcrg\u00fcn\u00fcnden sonra mallar\u0131na el konulmu\u015f. G\u00f6r\u00fcld\u00fc\u011f\u00fc gibi, burada orta h\u00e2lli bir k\u00fc\u00e7\u00fck insan hik\u00e2yesi vard\u0131r. Teologos hi\u00e7 g\u00f6rmedi\u011fi, bilmedi\u011fi topraklardaki krizlerin kurban\u0131 olarak, T\u00fcrkiye\u2019de Rum az\u0131nl\u0131\u011f\u0131n K\u0131br\u0131s meselesinde nas\u0131l kurban edildi\u011finin anla\u015f\u0131lmas\u0131nda canl\u0131 bir \u00f6rnektir. Tabii bu hik\u00e2ye g\u00f6rece yine olumlu hik\u00e2yelerden biri, \u00e7ok daha k\u00f6t\u00fc hik\u00e2yeler var: fuhu\u015f yapmak zorunda kalanlar, intihar eden orta ya\u015fl\u0131 i\u015f adamlar\u0131, bo\u015fananlar, ailesi da\u011f\u0131lanlar\u2026 \u00d6zellikle ileri ya\u015fta Yunanistan\u2019a gelenler uyum sorunu ya\u015fay\u0131p yok olup gitmi\u015fler.<sup>[5]<\/sup>&nbsp;<\/p>\n\n\n\n<p class=\"wp-block-paragraph\">Son edindi\u011fim bilgilere g\u00f6re, \u00f6mr\u00fc boyunca \u00e7al\u0131\u015fm\u0131\u015f olan Teologos \u015fu an ancak maddi yard\u0131m almak zorunda kalarak ya\u015fam\u0131n\u0131 devam ettiriyor. Oysa \u0130stanbul\u2019da gen\u00e7li\u011finde orta h\u00e2lli, hatta varl\u0131kl\u0131 dahi say\u0131labilecek bir esnaft\u0131.<\/p>\n\n\n\n<p class=\"wp-block-paragraph\"><strong>Dipnotlar<\/strong><\/p>\n\n\n\n<p class=\"wp-block-paragraph\">[1] Bu metinde s\u00f6z\u00fc ge\u00e7en koltuk d\u00f6\u015femecisi ve atlet Teologos\u2019un hik\u00e2yesi, ilk bask\u0131s\u0131 Aral\u0131k 2016 tarihinde istos yay\u0131n\u2019dan \u00e7\u0131kan&nbsp;<em>Rum Olmak Rum Kalmak&nbsp;<\/em>adl\u0131 kitapta geni\u015fletilerek makale olarak yay\u0131mlanm\u0131\u015ft\u0131r. Bkz. Y\u0131ld\u0131z, S\u00fcheyla. \u201cKoltuk D\u00f6\u015femecisi Teologos\u2019un \u2018Casusluk\u2019tan S\u00fcrg\u00fcn\u00fc\u201d,&nbsp;<em>Rum Olmak Rum Kalmak&nbsp;<\/em>i\u00e7inde, Hakan Y\u00fccel (der.), \u0130stanbul: istos yay\u0131n, Aral\u0131k 2016, ss. 173-193.<\/p>\n\n\n\n<p class=\"wp-block-paragraph\">[2]&nbsp;<em>\u2018\u201820 Dolar 20 Kilo\u2019\u2019<\/em>&nbsp;adl\u0131, 1964\u2019te T\u00fcrkiye Rumlar\u0131n\u0131n s\u00fcrg\u00fcn edilmesini konu eden proje kapsam\u0131nda 2013 Kas\u0131m-2014 Mart tarihleri aras\u0131nda, Ba\u011f\u0131ms\u0131z Ara\u015ft\u0131rma, Bilgi ve \u0130leti\u015fim Derne\u011fi (BAB\u0130LDER) deste\u011fiyle Yunanistan\u2019da alan ara\u015ft\u0131rmas\u0131 ger\u00e7ekle\u015ftirilmi\u015ftir.<\/p>\n\n\n\n<p class=\"wp-block-paragraph\">[3] Bkz. Akg\u00f6n\u00fcl, Samim,&nbsp;<em>T\u00fcrkiye Rumlar\u0131; Ulus Devlet \u00c7a\u011f\u0131ndan K\u00fcreselle\u015fme \u00c7a\u011f\u0131na Bir Az\u0131nl\u0131\u011f\u0131n Yok Olu\u015f S\u00fcreci<\/em>, \u0130stanbul: \u0130leti\u015fim Yay\u0131nlar\u0131, (5. Bask\u0131) Mart 2021.<\/p>\n\n\n\n<p class=\"wp-block-paragraph\">[4] ve [5] Bkz. Romain \u00d6rs, \u0130lay (der.),&nbsp;<em>\u0130stanbullu Rumlar ve 1964 S\u00fcrg\u00fcnleri: T\u00fcrk Toplumunun Homojenle\u015fmesinde Bir D\u00f6n\u00fcm Noktas\u0131<\/em>, \u0130stanbul: \u0130leti\u015fim Yay\u0131nlar\u0131, 2019.<\/p>\n\n\n\n<hr class=\"wp-block-separator has-alpha-channel-opacity\"\/>\n\n\n\n<p class=\"wp-block-paragraph\"><em><strong>S\u00fcheyla Y\u0131ld\u0131z<\/strong><\/em>,&nbsp;<em>lisans e\u011fitimini 2008 y\u0131l\u0131nda Yeditepe \u00dcniversitesi Frans\u0131zca Siyaset Bilimi b\u00f6l\u00fcm\u00fcnde tamamlad\u0131. Galatasaray \u00dcniversitesi Siyaset Bilimi Y\u00fcksek Lisans Program\u0131nda \u2018\u2018Modern T\u00fcrkiye\u2019de Yahudilerin Kimlik Stratejileri\u2019\u2019 ba\u015fl\u0131kl\u0131 teziyle 2012\u2019de y\u00fcksek lisans derecesini ald\u0131. Ard\u0131ndan Strasbourg \u00dcniversitesi Siyaset Bilimi Doktora Program\u0131n\u0131 tamamlad\u0131. Y\u0131ld\u0131z\u2019\u0131n \u00f6zellikle modern T\u00fcrkiye\u2019de Yahudi \u00f6rg\u00fctlenmesi ve Yahudi gen\u00e7li\u011fi \u00fczerine \u00e7al\u0131\u015fmalar\u0131 ve yay\u0131nlar\u0131 bulunmaktad\u0131r.<\/em><\/p>\n\n\n\n<p class=\"wp-block-paragraph\"><a href=\"https:\/\/www.avlaremoz.com\/ne-yapalim-o-zamanlar-hukumetler-boyleydi-koltuk-dosemecisi-teologosun-casusluktan-surgunu-suheyla-yildiz\"><em><strong>https:\/\/www.avlaremoz.com\/ne-yapalim-o-zamanlar-hukumetler-boyleydi-koltuk-dosemecisi-teologosun-casusluktan-surgunu-suheyla-yildiz<\/strong><\/em><\/a><\/p>\n","protected":false},"excerpt":{"rendered":"<p>S\u00dcHEYLA YILDIZ Bu metinde[1], T\u00fcrkiye\u2019de Rumlar\u0131n 20. y\u00fczy\u0131l boyunca ya\u015fad\u0131klar\u0131 s\u00fcrg\u00fcnleri, zorunlu g\u00f6\u00e7leri, yine bir zorunlu g\u00f6\u00e7 ma\u011fduru olan koltuk d\u00f6\u015femecisi ve atlet Teologos\u2019un hik\u00e2yesi \u00fczerinden anlataca\u011f\u0131m. Bu hik\u00e2ye, o d\u00f6nem Rumlara y\u00f6nelik haks\u0131z uygulamalar\u0131n ve ya\u015fad\u0131klar\u0131 dramlar\u0131n somut bir \u00f6rne\u011fi olmas\u0131 a\u00e7\u0131s\u0131ndan \u00f6nemlidir. Teologos, 1958 Haziran\u0131nda, Yunanistan Konsoloslu\u011fundan gizli bilgi ve belgeler alarak Fener [&hellip;]<\/p>\n","protected":false},"author":1,"featured_media":87113,"comment_status":"open","ping_status":"open","sticky":false,"template":"","format":"standard","meta":{"footnotes":""},"categories":[1,53],"tags":[],"class_list":["post-87112","post","type-post","status-publish","format-standard","has-post-thumbnail","hentry","category-haberler","category-turkiyede-azinliklar"],"yoast_head":"<!-- This site is optimized with the Yoast SEO plugin v28.1 - https:\/\/yoast.com\/product\/yoast-seo-wordpress\/ -->\n<title>\u201cNe Yapal\u0131m, O Zamanlar H\u00fck\u00fcmetler B\u00f6yleydi\u201d: Koltuk D\u00f6\u015femecisi Teologos\u2019un \u2018Casusluk\u2019tan S\u00fcrg\u00fcn\u00fc - Bati Ermenistan Ve Bati Ermenileri Sorunlari Ara\u015ftirmalar Merkezi<\/title>\n<meta name=\"robots\" content=\"index, follow, max-snippet:-1, max-image-preview:large, max-video-preview:-1\" \/>\n<link rel=\"canonical\" href=\"https:\/\/akunq.net\/tr\/?p=87112\" \/>\n<meta property=\"og:locale\" content=\"en_US\" \/>\n<meta property=\"og:type\" content=\"article\" \/>\n<meta property=\"og:title\" content=\"\u201cNe Yapal\u0131m, O Zamanlar H\u00fck\u00fcmetler B\u00f6yleydi\u201d: Koltuk D\u00f6\u015femecisi Teologos\u2019un \u2018Casusluk\u2019tan S\u00fcrg\u00fcn\u00fc - Bati Ermenistan Ve Bati Ermenileri Sorunlari Ara\u015ftirmalar Merkezi\" \/>\n<meta property=\"og:description\" content=\"S\u00dcHEYLA YILDIZ Bu metinde[1], T\u00fcrkiye\u2019de Rumlar\u0131n 20. y\u00fczy\u0131l boyunca ya\u015fad\u0131klar\u0131 s\u00fcrg\u00fcnleri, zorunlu g\u00f6\u00e7leri, yine bir zorunlu g\u00f6\u00e7 ma\u011fduru olan koltuk d\u00f6\u015femecisi ve atlet Teologos\u2019un hik\u00e2yesi \u00fczerinden anlataca\u011f\u0131m. Bu hik\u00e2ye, o d\u00f6nem Rumlara y\u00f6nelik haks\u0131z uygulamalar\u0131n ve ya\u015fad\u0131klar\u0131 dramlar\u0131n somut bir \u00f6rne\u011fi olmas\u0131 a\u00e7\u0131s\u0131ndan \u00f6nemlidir. Teologos, 1958 Haziran\u0131nda, Yunanistan Konsoloslu\u011fundan gizli bilgi ve belgeler alarak Fener [&hellip;]\" \/>\n<meta property=\"og:url\" content=\"https:\/\/akunq.net\/tr\/?p=87112\" \/>\n<meta property=\"og:site_name\" content=\"Bati Ermenistan Ve Bati Ermenileri Sorunlari Ara\u015ftirmalar Merkezi\" \/>\n<meta property=\"article:published_time\" content=\"2026-09-02T11:10:14+00:00\" \/>\n<meta property=\"article:modified_time\" content=\"2026-09-02T11:10:15+00:00\" \/>\n<meta property=\"og:image\" content=\"https:\/\/akunq.net\/tr\/wp-content\/uploads\/sites\/6\/2026\/09\/Turkiyede-Rum.webp\" \/>\n\t<meta property=\"og:image:width\" content=\"1280\" \/>\n\t<meta property=\"og:image:height\" content=\"749\" \/>\n\t<meta property=\"og:image:type\" content=\"image\/webp\" \/>\n<meta name=\"author\" content=\"admin\" \/>\n<meta name=\"twitter:card\" content=\"summary_large_image\" \/>\n<meta name=\"twitter:label1\" content=\"Written by\" \/>\n\t<meta name=\"twitter:data1\" content=\"admin\" \/>\n\t<meta name=\"twitter:label2\" content=\"Est. reading time\" \/>\n\t<meta name=\"twitter:data2\" content=\"5 minutes\" \/>\n<script type=\"application\/ld+json\" class=\"yoast-schema-graph\">{\"@context\":\"https:\\\/\\\/schema.org\",\"@graph\":[{\"@type\":\"Article\",\"@id\":\"https:\\\/\\\/akunq.net\\\/tr\\\/?p=87112#article\",\"isPartOf\":{\"@id\":\"https:\\\/\\\/akunq.net\\\/tr\\\/?p=87112\"},\"author\":{\"name\":\"admin\",\"@id\":\"https:\\\/\\\/akunq.net\\\/tr\\\/#\\\/schema\\\/person\\\/42a46675f00a8f1e84520e8c56500de3\"},\"headline\":\"\u201cNe Yapal\u0131m, O Zamanlar H\u00fck\u00fcmetler B\u00f6yleydi\u201d: Koltuk D\u00f6\u015femecisi Teologos\u2019un \u2018Casusluk\u2019tan S\u00fcrg\u00fcn\u00fc\",\"datePublished\":\"2026-09-02T11:10:14+00:00\",\"dateModified\":\"2026-09-02T11:10:15+00:00\",\"mainEntityOfPage\":{\"@id\":\"https:\\\/\\\/akunq.net\\\/tr\\\/?p=87112\"},\"wordCount\":1909,\"commentCount\":0,\"image\":{\"@id\":\"https:\\\/\\\/akunq.net\\\/tr\\\/?p=87112#primaryimage\"},\"thumbnailUrl\":\"https:\\\/\\\/akunq.net\\\/tr\\\/wp-content\\\/uploads\\\/sites\\\/6\\\/2026\\\/09\\\/Turkiyede-Rum.webp\",\"articleSection\":[\"Haberler\",\"T\u00fcrkiye\u2019de Az\u0131nl\u0131klar\"],\"inLanguage\":\"en-US\",\"potentialAction\":[{\"@type\":\"CommentAction\",\"name\":\"Comment\",\"target\":[\"https:\\\/\\\/akunq.net\\\/tr\\\/?p=87112#respond\"]}]},{\"@type\":\"WebPage\",\"@id\":\"https:\\\/\\\/akunq.net\\\/tr\\\/?p=87112\",\"url\":\"https:\\\/\\\/akunq.net\\\/tr\\\/?p=87112\",\"name\":\"\u201cNe Yapal\u0131m, O Zamanlar H\u00fck\u00fcmetler B\u00f6yleydi\u201d: Koltuk D\u00f6\u015femecisi Teologos\u2019un \u2018Casusluk\u2019tan S\u00fcrg\u00fcn\u00fc - Bati Ermenistan Ve Bati Ermenileri Sorunlari Ara\u015ftirmalar Merkezi\",\"isPartOf\":{\"@id\":\"https:\\\/\\\/akunq.net\\\/tr\\\/#website\"},\"primaryImageOfPage\":{\"@id\":\"https:\\\/\\\/akunq.net\\\/tr\\\/?p=87112#primaryimage\"},\"image\":{\"@id\":\"https:\\\/\\\/akunq.net\\\/tr\\\/?p=87112#primaryimage\"},\"thumbnailUrl\":\"https:\\\/\\\/akunq.net\\\/tr\\\/wp-content\\\/uploads\\\/sites\\\/6\\\/2026\\\/09\\\/Turkiyede-Rum.webp\",\"datePublished\":\"2026-09-02T11:10:14+00:00\",\"dateModified\":\"2026-09-02T11:10:15+00:00\",\"author\":{\"@id\":\"https:\\\/\\\/akunq.net\\\/tr\\\/#\\\/schema\\\/person\\\/42a46675f00a8f1e84520e8c56500de3\"},\"breadcrumb\":{\"@id\":\"https:\\\/\\\/akunq.net\\\/tr\\\/?p=87112#breadcrumb\"},\"inLanguage\":\"en-US\",\"potentialAction\":[{\"@type\":\"ReadAction\",\"target\":[\"https:\\\/\\\/akunq.net\\\/tr\\\/?p=87112\"]}]},{\"@type\":\"ImageObject\",\"inLanguage\":\"en-US\",\"@id\":\"https:\\\/\\\/akunq.net\\\/tr\\\/?p=87112#primaryimage\",\"url\":\"https:\\\/\\\/akunq.net\\\/tr\\\/wp-content\\\/uploads\\\/sites\\\/6\\\/2026\\\/09\\\/Turkiyede-Rum.webp\",\"contentUrl\":\"https:\\\/\\\/akunq.net\\\/tr\\\/wp-content\\\/uploads\\\/sites\\\/6\\\/2026\\\/09\\\/Turkiyede-Rum.webp\",\"width\":1280,\"height\":749},{\"@type\":\"BreadcrumbList\",\"@id\":\"https:\\\/\\\/akunq.net\\\/tr\\\/?p=87112#breadcrumb\",\"itemListElement\":[{\"@type\":\"ListItem\",\"position\":1,\"name\":\"Home\",\"item\":\"https:\\\/\\\/akunq.net\\\/tr\"},{\"@type\":\"ListItem\",\"position\":2,\"name\":\"\u201cNe Yapal\u0131m, O Zamanlar H\u00fck\u00fcmetler B\u00f6yleydi\u201d: Koltuk D\u00f6\u015femecisi Teologos\u2019un \u2018Casusluk\u2019tan S\u00fcrg\u00fcn\u00fc\"}]},{\"@type\":\"WebSite\",\"@id\":\"https:\\\/\\\/akunq.net\\\/tr\\\/#website\",\"url\":\"https:\\\/\\\/akunq.net\\\/tr\\\/\",\"name\":\"Bati Ermenistan Ve Bati Ermenileri Sorunlari Ara\u015ftirmalar Merkezi\",\"description\":\"\",\"potentialAction\":[{\"@type\":\"SearchAction\",\"target\":{\"@type\":\"EntryPoint\",\"urlTemplate\":\"https:\\\/\\\/akunq.net\\\/tr\\\/?s={search_term_string}\"},\"query-input\":{\"@type\":\"PropertyValueSpecification\",\"valueRequired\":true,\"valueName\":\"search_term_string\"}}],\"inLanguage\":\"en-US\"},{\"@type\":\"Person\",\"@id\":\"https:\\\/\\\/akunq.net\\\/tr\\\/#\\\/schema\\\/person\\\/42a46675f00a8f1e84520e8c56500de3\",\"name\":\"admin\",\"url\":\"https:\\\/\\\/akunq.net\\\/tr\\\/?author=1\"}]}<\/script>\n<!-- \/ Yoast SEO plugin. -->","yoast_head_json":{"title":"\u201cNe Yapal\u0131m, O Zamanlar H\u00fck\u00fcmetler B\u00f6yleydi\u201d: Koltuk D\u00f6\u015femecisi Teologos\u2019un \u2018Casusluk\u2019tan S\u00fcrg\u00fcn\u00fc - Bati Ermenistan Ve Bati Ermenileri Sorunlari Ara\u015ftirmalar Merkezi","robots":{"index":"index","follow":"follow","max-snippet":"max-snippet:-1","max-image-preview":"max-image-preview:large","max-video-preview":"max-video-preview:-1"},"canonical":"https:\/\/akunq.net\/tr\/?p=87112","og_locale":"en_US","og_type":"article","og_title":"\u201cNe Yapal\u0131m, O Zamanlar H\u00fck\u00fcmetler B\u00f6yleydi\u201d: Koltuk D\u00f6\u015femecisi Teologos\u2019un \u2018Casusluk\u2019tan S\u00fcrg\u00fcn\u00fc - Bati Ermenistan Ve Bati Ermenileri Sorunlari Ara\u015ftirmalar Merkezi","og_description":"S\u00dcHEYLA YILDIZ Bu metinde[1], T\u00fcrkiye\u2019de Rumlar\u0131n 20. y\u00fczy\u0131l boyunca ya\u015fad\u0131klar\u0131 s\u00fcrg\u00fcnleri, zorunlu g\u00f6\u00e7leri, yine bir zorunlu g\u00f6\u00e7 ma\u011fduru olan koltuk d\u00f6\u015femecisi ve atlet Teologos\u2019un hik\u00e2yesi \u00fczerinden anlataca\u011f\u0131m. Bu hik\u00e2ye, o d\u00f6nem Rumlara y\u00f6nelik haks\u0131z uygulamalar\u0131n ve ya\u015fad\u0131klar\u0131 dramlar\u0131n somut bir \u00f6rne\u011fi olmas\u0131 a\u00e7\u0131s\u0131ndan \u00f6nemlidir. Teologos, 1958 Haziran\u0131nda, Yunanistan Konsoloslu\u011fundan gizli bilgi ve belgeler alarak Fener [&hellip;]","og_url":"https:\/\/akunq.net\/tr\/?p=87112","og_site_name":"Bati Ermenistan Ve Bati Ermenileri Sorunlari Ara\u015ftirmalar Merkezi","article_published_time":"2026-09-02T11:10:14+00:00","article_modified_time":"2026-09-02T11:10:15+00:00","og_image":[{"width":1280,"height":749,"url":"https:\/\/akunq.net\/tr\/wp-content\/uploads\/sites\/6\/2026\/09\/Turkiyede-Rum.webp","type":"image\/webp"}],"author":"admin","twitter_card":"summary_large_image","twitter_misc":{"Written by":"admin","Est. reading time":"5 minutes"},"schema":{"@context":"https:\/\/schema.org","@graph":[{"@type":"Article","@id":"https:\/\/akunq.net\/tr\/?p=87112#article","isPartOf":{"@id":"https:\/\/akunq.net\/tr\/?p=87112"},"author":{"name":"admin","@id":"https:\/\/akunq.net\/tr\/#\/schema\/person\/42a46675f00a8f1e84520e8c56500de3"},"headline":"\u201cNe Yapal\u0131m, O Zamanlar H\u00fck\u00fcmetler B\u00f6yleydi\u201d: Koltuk D\u00f6\u015femecisi Teologos\u2019un \u2018Casusluk\u2019tan S\u00fcrg\u00fcn\u00fc","datePublished":"2026-09-02T11:10:14+00:00","dateModified":"2026-09-02T11:10:15+00:00","mainEntityOfPage":{"@id":"https:\/\/akunq.net\/tr\/?p=87112"},"wordCount":1909,"commentCount":0,"image":{"@id":"https:\/\/akunq.net\/tr\/?p=87112#primaryimage"},"thumbnailUrl":"https:\/\/akunq.net\/tr\/wp-content\/uploads\/sites\/6\/2026\/09\/Turkiyede-Rum.webp","articleSection":["Haberler","T\u00fcrkiye\u2019de Az\u0131nl\u0131klar"],"inLanguage":"en-US","potentialAction":[{"@type":"CommentAction","name":"Comment","target":["https:\/\/akunq.net\/tr\/?p=87112#respond"]}]},{"@type":"WebPage","@id":"https:\/\/akunq.net\/tr\/?p=87112","url":"https:\/\/akunq.net\/tr\/?p=87112","name":"\u201cNe Yapal\u0131m, O Zamanlar H\u00fck\u00fcmetler B\u00f6yleydi\u201d: Koltuk D\u00f6\u015femecisi Teologos\u2019un \u2018Casusluk\u2019tan S\u00fcrg\u00fcn\u00fc - Bati Ermenistan Ve Bati Ermenileri Sorunlari Ara\u015ftirmalar Merkezi","isPartOf":{"@id":"https:\/\/akunq.net\/tr\/#website"},"primaryImageOfPage":{"@id":"https:\/\/akunq.net\/tr\/?p=87112#primaryimage"},"image":{"@id":"https:\/\/akunq.net\/tr\/?p=87112#primaryimage"},"thumbnailUrl":"https:\/\/akunq.net\/tr\/wp-content\/uploads\/sites\/6\/2026\/09\/Turkiyede-Rum.webp","datePublished":"2026-09-02T11:10:14+00:00","dateModified":"2026-09-02T11:10:15+00:00","author":{"@id":"https:\/\/akunq.net\/tr\/#\/schema\/person\/42a46675f00a8f1e84520e8c56500de3"},"breadcrumb":{"@id":"https:\/\/akunq.net\/tr\/?p=87112#breadcrumb"},"inLanguage":"en-US","potentialAction":[{"@type":"ReadAction","target":["https:\/\/akunq.net\/tr\/?p=87112"]}]},{"@type":"ImageObject","inLanguage":"en-US","@id":"https:\/\/akunq.net\/tr\/?p=87112#primaryimage","url":"https:\/\/akunq.net\/tr\/wp-content\/uploads\/sites\/6\/2026\/09\/Turkiyede-Rum.webp","contentUrl":"https:\/\/akunq.net\/tr\/wp-content\/uploads\/sites\/6\/2026\/09\/Turkiyede-Rum.webp","width":1280,"height":749},{"@type":"BreadcrumbList","@id":"https:\/\/akunq.net\/tr\/?p=87112#breadcrumb","itemListElement":[{"@type":"ListItem","position":1,"name":"Home","item":"https:\/\/akunq.net\/tr"},{"@type":"ListItem","position":2,"name":"\u201cNe Yapal\u0131m, O Zamanlar H\u00fck\u00fcmetler B\u00f6yleydi\u201d: Koltuk D\u00f6\u015femecisi Teologos\u2019un \u2018Casusluk\u2019tan S\u00fcrg\u00fcn\u00fc"}]},{"@type":"WebSite","@id":"https:\/\/akunq.net\/tr\/#website","url":"https:\/\/akunq.net\/tr\/","name":"Bati Ermenistan Ve Bati Ermenileri Sorunlari Ara\u015ftirmalar Merkezi","description":"","potentialAction":[{"@type":"SearchAction","target":{"@type":"EntryPoint","urlTemplate":"https:\/\/akunq.net\/tr\/?s={search_term_string}"},"query-input":{"@type":"PropertyValueSpecification","valueRequired":true,"valueName":"search_term_string"}}],"inLanguage":"en-US"},{"@type":"Person","@id":"https:\/\/akunq.net\/tr\/#\/schema\/person\/42a46675f00a8f1e84520e8c56500de3","name":"admin","url":"https:\/\/akunq.net\/tr\/?author=1"}]}},"_links":{"self":[{"href":"https:\/\/akunq.net\/tr\/index.php?rest_route=\/wp\/v2\/posts\/87112","targetHints":{"allow":["GET"]}}],"collection":[{"href":"https:\/\/akunq.net\/tr\/index.php?rest_route=\/wp\/v2\/posts"}],"about":[{"href":"https:\/\/akunq.net\/tr\/index.php?rest_route=\/wp\/v2\/types\/post"}],"author":[{"embeddable":true,"href":"https:\/\/akunq.net\/tr\/index.php?rest_route=\/wp\/v2\/users\/1"}],"replies":[{"embeddable":true,"href":"https:\/\/akunq.net\/tr\/index.php?rest_route=%2Fwp%2Fv2%2Fcomments&post=87112"}],"version-history":[{"count":1,"href":"https:\/\/akunq.net\/tr\/index.php?rest_route=\/wp\/v2\/posts\/87112\/revisions"}],"predecessor-version":[{"id":87114,"href":"https:\/\/akunq.net\/tr\/index.php?rest_route=\/wp\/v2\/posts\/87112\/revisions\/87114"}],"wp:featuredmedia":[{"embeddable":true,"href":"https:\/\/akunq.net\/tr\/index.php?rest_route=\/wp\/v2\/media\/87113"}],"wp:attachment":[{"href":"https:\/\/akunq.net\/tr\/index.php?rest_route=%2Fwp%2Fv2%2Fmedia&parent=87112"}],"wp:term":[{"taxonomy":"category","embeddable":true,"href":"https:\/\/akunq.net\/tr\/index.php?rest_route=%2Fwp%2Fv2%2Fcategories&post=87112"},{"taxonomy":"post_tag","embeddable":true,"href":"https:\/\/akunq.net\/tr\/index.php?rest_route=%2Fwp%2Fv2%2Ftags&post=87112"}],"curies":[{"name":"wp","href":"https:\/\/api.w.org\/{rel}","templated":true}]}}