{"id":87109,"date":"2026-09-02T05:51:07","date_gmt":"2026-09-02T10:51:07","guid":{"rendered":"https:\/\/akunq.net\/tr\/?p=87109"},"modified":"2026-09-02T05:51:08","modified_gmt":"2026-09-02T10:51:08","slug":"kuduste-ermeni-katedraline-ve-musluman-mezarlarina-vandallik","status":"publish","type":"post","link":"https:\/\/akunq.net\/tr\/?p=87109","title":{"rendered":"Kud\u00fcs&#8217;te Ermeni Katedrali&#8217;ne ve M\u00fcsl\u00fcman mezarlar\u0131na vandall\u0131k"},"content":{"rendered":"\n<p class=\"wp-block-paragraph\"><strong><em>Jerusalem Post&#8217;un haberine g\u00f6re, \u0130srail polisi Pazar g\u00fcn\u00fc yapt\u0131\u011f\u0131 a\u00e7\u0131klamada, Kud\u00fcs&#8217;te bir kilise ve \u00e7e\u015fitli mezarlar da dahil olmak \u00fczere dini mekanlara y\u00f6nelik vandalizm nedeniyle yedi \u015f\u00fcphelinin g\u00f6zalt\u0131na al\u0131nd\u0131\u011f\u0131n\u0131 ve sonras\u0131nda serbest b\u0131rak\u0131ld\u0131.<\/em><\/strong><\/p>\n\n\n\n<p class=\"wp-block-paragraph\">\u0130srail&#8217;in \u00e7e\u015fitli \u015fehirlerinde H\u0131ristiyan ve M\u00fcsl\u00fcman ibaret yerlerine sald\u0131ran ve vandall\u0131k yapanlar\u0131n say\u0131s\u0131 art\u0131yor.<\/p>\n\n\n\n<p class=\"wp-block-paragraph\"><em>Jerusalem Post&#8217;un<\/em>&nbsp;haberine g\u00f6re, \u0130srail polisi Pazar g\u00fcn\u00fc yapt\u0131\u011f\u0131 a\u00e7\u0131klamada, Kud\u00fcs&#8217;te bir kilise ve \u00e7e\u015fitli mezarlar da dahil olmak \u00fczere dini mekanlara y\u00f6nelik vandalizm nedeniyle yedi \u015f\u00fcphelinin g\u00f6zalt\u0131na al\u0131nd\u0131\u011f\u0131n\u0131 duyurdu.<\/p>\n\n\n\n<p class=\"wp-block-paragraph\">Polisin a\u00e7\u0131klamas\u0131na g\u00f6re, hafta sonu boyunca Kud\u00fcs merkezindeki Aziz James Ermeni Katedrali&#8217;ne t\u00fck\u00fcrd\u00fckleri \u015f\u00fcphesiyle d\u00f6rt ki\u015fi g\u00f6zalt\u0131na al\u0131nd\u0131. Ayr\u0131ca polis, M\u00fcsl\u00fcman mezarlar\u0131na zarar verdikleri iddias\u0131yla \u00fc\u00e7 ki\u015finin daha tutukland\u0131\u011f\u0131n\u0131 bildirdi.<\/p>\n\n\n\n<p class=\"wp-block-paragraph\">Bu ay\u0131n ba\u015flar\u0131nda, polis taraf\u0131ndan yap\u0131lan a\u00e7\u0131klamaya g\u00f6re, alt\u0131 \u015f\u00fcpheli Aziz James Ermeni Katedrali&#8217;ne ta\u015f att\u0131klar\u0131 ve t\u00fck\u00fcrd\u00fckleri iddias\u0131yla g\u00f6zalt\u0131na al\u0131nd\u0131. \u015e\u00fcpheliler daha sonra adli kontrol \u015fart\u0131yla serbest b\u0131rak\u0131ld\u0131.<\/p>\n\n\n\n<p class=\"wp-block-paragraph\">Daha \u00f6nce, Arap medya kurulu\u015flar\u0131, Kud\u00fcs Ermeni Patrikhanesi\u2019nin ana kilisesi olan Aziz James Katedrali\u2019nde en az bir t\u00fck\u00fcrme olay\u0131n\u0131 g\u00f6steren g\u00fcvenlik kameras\u0131 g\u00f6r\u00fcnt\u00fclerini yay\u0131nlam\u0131\u015ft\u0131.<\/p>\n\n\n\n<p class=\"wp-block-paragraph\">Ayn\u0131 medya kurulu\u015flar\u0131 g\u00f6zalt\u0131na al\u0131nan d\u00f6rt ki\u015finin ayn\u0131 hafta i\u00e7inde benzer eylemlerde bulunmu\u015f olabilece\u011fi de belirtiyor ve Ermeni Patrikhanesi&#8217;nin bah\u00e7esinin tahrip edilmesiyle ilgili en az birka\u00e7 ayr\u0131 olay\u0131n s\u00f6z konusu oldu\u011funu iddia ediyor.<\/p>\n\n\n\n<p class=\"wp-block-paragraph\">M\u00fcsl\u00fcman mezarlar\u0131n\u0131n tahrip edilmesiyle ba\u011flant\u0131l\u0131 olarak \u00fc\u00e7 \u015f\u00fcpheli g\u00f6zalalt\u0131na al\u0131nd\u0131. Polis, \u00fc\u00e7 ki\u015finin bir mezar ta\u015f\u0131na yakla\u015ft\u0131\u011f\u0131 ve ard\u0131ndan ikisinin mezar ta\u015f\u0131na tekme att\u0131\u011f\u0131 bir video yay\u0131nlad\u0131. Yedi \u015f\u00fcphelinin tamam\u0131 sorgulaman\u0131n ard\u0131ndan adli kontrol \u015fart\u0131 ile serbest b\u0131rak\u0131ld\u0131.<\/p>\n\n\n\n<p class=\"wp-block-paragraph\">Polis, Kud\u00fcs\u2019\u00fcn Eski \u015eehrindeki dini t\u00fcrbelerin tahrip edilmesi olaylar\u0131n\u0131 soru\u015fturmaya devam ediyor.<\/p>\n\n\n\n<p class=\"wp-block-paragraph\"><a href=\"https:\/\/www.agos.com.tr\/tr\/haber\/kudus-te-ermeni-katedrali-ne-ve-musluman-mezarlarina-vandallik-41694\"><strong><em>https:\/\/www.agos.com.tr\/tr\/haber\/kudus-te-ermeni-katedrali-ne-ve-musluman-mezarlarina-vandallik-41694<\/em><\/strong><\/a><\/p>\n","protected":false},"excerpt":{"rendered":"<p>Jerusalem Post&#8217;un haberine g\u00f6re, \u0130srail polisi Pazar g\u00fcn\u00fc yapt\u0131\u011f\u0131 a\u00e7\u0131klamada, Kud\u00fcs&#8217;te bir kilise ve \u00e7e\u015fitli mezarlar da dahil olmak \u00fczere dini mekanlara y\u00f6nelik vandalizm nedeniyle yedi \u015f\u00fcphelinin g\u00f6zalt\u0131na al\u0131nd\u0131\u011f\u0131n\u0131 ve sonras\u0131nda serbest b\u0131rak\u0131ld\u0131. \u0130srail&#8217;in \u00e7e\u015fitli \u015fehirlerinde H\u0131ristiyan ve M\u00fcsl\u00fcman ibaret yerlerine sald\u0131ran ve vandall\u0131k yapanlar\u0131n say\u0131s\u0131 art\u0131yor. Jerusalem Post&#8217;un&nbsp;haberine g\u00f6re, \u0130srail polisi Pazar g\u00fcn\u00fc yapt\u0131\u011f\u0131 [&hellip;]<\/p>\n","protected":false},"author":1,"featured_media":87110,"comment_status":"open","ping_status":"open","sticky":false,"template":"","format":"standard","meta":{"footnotes":""},"categories":[1],"tags":[],"class_list":["post-87109","post","type-post","status-publish","format-standard","has-post-thumbnail","hentry","category-haberler"],"yoast_head":"<!-- This site is optimized with the Yoast SEO plugin v28.1 - https:\/\/yoast.com\/product\/yoast-seo-wordpress\/ -->\n<title>Kud\u00fcs&#039;te Ermeni Katedrali&#039;ne ve M\u00fcsl\u00fcman mezarlar\u0131na vandall\u0131k - Bati Ermenistan Ve Bati Ermenileri Sorunlari Ara\u015ftirmalar Merkezi<\/title>\n<meta name=\"robots\" content=\"index, follow, max-snippet:-1, max-image-preview:large, max-video-preview:-1\" \/>\n<link rel=\"canonical\" href=\"https:\/\/akunq.net\/tr\/?p=87109\" \/>\n<meta property=\"og:locale\" content=\"en_US\" \/>\n<meta property=\"og:type\" content=\"article\" \/>\n<meta property=\"og:title\" content=\"Kud\u00fcs&#039;te Ermeni Katedrali&#039;ne ve M\u00fcsl\u00fcman mezarlar\u0131na vandall\u0131k - Bati Ermenistan Ve Bati Ermenileri Sorunlari Ara\u015ftirmalar Merkezi\" \/>\n<meta property=\"og:description\" content=\"Jerusalem Post&#8217;un haberine g\u00f6re, \u0130srail polisi Pazar g\u00fcn\u00fc yapt\u0131\u011f\u0131 a\u00e7\u0131klamada, Kud\u00fcs&#8217;te bir kilise ve \u00e7e\u015fitli mezarlar da dahil olmak \u00fczere dini mekanlara y\u00f6nelik vandalizm nedeniyle yedi \u015f\u00fcphelinin g\u00f6zalt\u0131na al\u0131nd\u0131\u011f\u0131n\u0131 ve sonras\u0131nda serbest b\u0131rak\u0131ld\u0131. \u0130srail&#8217;in \u00e7e\u015fitli \u015fehirlerinde H\u0131ristiyan ve M\u00fcsl\u00fcman ibaret yerlerine sald\u0131ran ve vandall\u0131k yapanlar\u0131n say\u0131s\u0131 art\u0131yor. Jerusalem Post&#8217;un&nbsp;haberine g\u00f6re, \u0130srail polisi Pazar g\u00fcn\u00fc yapt\u0131\u011f\u0131 [&hellip;]\" \/>\n<meta property=\"og:url\" content=\"https:\/\/akunq.net\/tr\/?p=87109\" \/>\n<meta property=\"og:site_name\" content=\"Bati Ermenistan Ve Bati Ermenileri Sorunlari Ara\u015ftirmalar Merkezi\" \/>\n<meta property=\"article:published_time\" content=\"2026-09-02T10:51:07+00:00\" \/>\n<meta property=\"article:modified_time\" content=\"2026-09-02T10:51:08+00:00\" \/>\n<meta property=\"og:image\" content=\"https:\/\/akunq.net\/tr\/wp-content\/uploads\/sites\/6\/2026\/09\/Kuduste-Ermeni-Katedrali.jpg\" \/>\n\t<meta property=\"og:image:width\" content=\"1200\" \/>\n\t<meta property=\"og:image:height\" content=\"675\" \/>\n\t<meta property=\"og:image:type\" content=\"image\/jpeg\" \/>\n<meta name=\"author\" content=\"admin\" \/>\n<meta name=\"twitter:card\" content=\"summary_large_image\" \/>\n<meta name=\"twitter:label1\" content=\"Written by\" \/>\n\t<meta name=\"twitter:data1\" content=\"admin\" \/>\n\t<meta name=\"twitter:label2\" content=\"Est. reading time\" \/>\n\t<meta name=\"twitter:data2\" content=\"2 minutes\" \/>\n<script type=\"application\/ld+json\" class=\"yoast-schema-graph\">{\"@context\":\"https:\\\/\\\/schema.org\",\"@graph\":[{\"@type\":\"Article\",\"@id\":\"https:\\\/\\\/akunq.net\\\/tr\\\/?p=87109#article\",\"isPartOf\":{\"@id\":\"https:\\\/\\\/akunq.net\\\/tr\\\/?p=87109\"},\"author\":{\"name\":\"admin\",\"@id\":\"https:\\\/\\\/akunq.net\\\/tr\\\/#\\\/schema\\\/person\\\/42a46675f00a8f1e84520e8c56500de3\"},\"headline\":\"Kud\u00fcs&#8217;te Ermeni Katedrali&#8217;ne ve M\u00fcsl\u00fcman mezarlar\u0131na vandall\u0131k\",\"datePublished\":\"2026-09-02T10:51:07+00:00\",\"dateModified\":\"2026-09-02T10:51:08+00:00\",\"mainEntityOfPage\":{\"@id\":\"https:\\\/\\\/akunq.net\\\/tr\\\/?p=87109\"},\"wordCount\":380,\"commentCount\":0,\"image\":{\"@id\":\"https:\\\/\\\/akunq.net\\\/tr\\\/?p=87109#primaryimage\"},\"thumbnailUrl\":\"https:\\\/\\\/akunq.net\\\/tr\\\/wp-content\\\/uploads\\\/sites\\\/6\\\/2026\\\/09\\\/Kuduste-Ermeni-Katedrali.jpg\",\"articleSection\":[\"Haberler\"],\"inLanguage\":\"en-US\",\"potentialAction\":[{\"@type\":\"CommentAction\",\"name\":\"Comment\",\"target\":[\"https:\\\/\\\/akunq.net\\\/tr\\\/?p=87109#respond\"]}]},{\"@type\":\"WebPage\",\"@id\":\"https:\\\/\\\/akunq.net\\\/tr\\\/?p=87109\",\"url\":\"https:\\\/\\\/akunq.net\\\/tr\\\/?p=87109\",\"name\":\"Kud\u00fcs'te Ermeni Katedrali'ne ve M\u00fcsl\u00fcman mezarlar\u0131na vandall\u0131k - Bati Ermenistan Ve Bati Ermenileri Sorunlari Ara\u015ftirmalar Merkezi\",\"isPartOf\":{\"@id\":\"https:\\\/\\\/akunq.net\\\/tr\\\/#website\"},\"primaryImageOfPage\":{\"@id\":\"https:\\\/\\\/akunq.net\\\/tr\\\/?p=87109#primaryimage\"},\"image\":{\"@id\":\"https:\\\/\\\/akunq.net\\\/tr\\\/?p=87109#primaryimage\"},\"thumbnailUrl\":\"https:\\\/\\\/akunq.net\\\/tr\\\/wp-content\\\/uploads\\\/sites\\\/6\\\/2026\\\/09\\\/Kuduste-Ermeni-Katedrali.jpg\",\"datePublished\":\"2026-09-02T10:51:07+00:00\",\"dateModified\":\"2026-09-02T10:51:08+00:00\",\"author\":{\"@id\":\"https:\\\/\\\/akunq.net\\\/tr\\\/#\\\/schema\\\/person\\\/42a46675f00a8f1e84520e8c56500de3\"},\"breadcrumb\":{\"@id\":\"https:\\\/\\\/akunq.net\\\/tr\\\/?p=87109#breadcrumb\"},\"inLanguage\":\"en-US\",\"potentialAction\":[{\"@type\":\"ReadAction\",\"target\":[\"https:\\\/\\\/akunq.net\\\/tr\\\/?p=87109\"]}]},{\"@type\":\"ImageObject\",\"inLanguage\":\"en-US\",\"@id\":\"https:\\\/\\\/akunq.net\\\/tr\\\/?p=87109#primaryimage\",\"url\":\"https:\\\/\\\/akunq.net\\\/tr\\\/wp-content\\\/uploads\\\/sites\\\/6\\\/2026\\\/09\\\/Kuduste-Ermeni-Katedrali.jpg\",\"contentUrl\":\"https:\\\/\\\/akunq.net\\\/tr\\\/wp-content\\\/uploads\\\/sites\\\/6\\\/2026\\\/09\\\/Kuduste-Ermeni-Katedrali.jpg\",\"width\":1200,\"height\":675},{\"@type\":\"BreadcrumbList\",\"@id\":\"https:\\\/\\\/akunq.net\\\/tr\\\/?p=87109#breadcrumb\",\"itemListElement\":[{\"@type\":\"ListItem\",\"position\":1,\"name\":\"Home\",\"item\":\"https:\\\/\\\/akunq.net\\\/tr\"},{\"@type\":\"ListItem\",\"position\":2,\"name\":\"Kud\u00fcs&#8217;te Ermeni Katedrali&#8217;ne ve M\u00fcsl\u00fcman mezarlar\u0131na vandall\u0131k\"}]},{\"@type\":\"WebSite\",\"@id\":\"https:\\\/\\\/akunq.net\\\/tr\\\/#website\",\"url\":\"https:\\\/\\\/akunq.net\\\/tr\\\/\",\"name\":\"Bati Ermenistan Ve Bati Ermenileri Sorunlari Ara\u015ftirmalar Merkezi\",\"description\":\"\",\"potentialAction\":[{\"@type\":\"SearchAction\",\"target\":{\"@type\":\"EntryPoint\",\"urlTemplate\":\"https:\\\/\\\/akunq.net\\\/tr\\\/?s={search_term_string}\"},\"query-input\":{\"@type\":\"PropertyValueSpecification\",\"valueRequired\":true,\"valueName\":\"search_term_string\"}}],\"inLanguage\":\"en-US\"},{\"@type\":\"Person\",\"@id\":\"https:\\\/\\\/akunq.net\\\/tr\\\/#\\\/schema\\\/person\\\/42a46675f00a8f1e84520e8c56500de3\",\"name\":\"admin\",\"url\":\"https:\\\/\\\/akunq.net\\\/tr\\\/?author=1\"}]}<\/script>\n<!-- \/ Yoast SEO plugin. -->","yoast_head_json":{"title":"Kud\u00fcs'te Ermeni Katedrali'ne ve M\u00fcsl\u00fcman mezarlar\u0131na vandall\u0131k - Bati Ermenistan Ve Bati Ermenileri Sorunlari Ara\u015ftirmalar Merkezi","robots":{"index":"index","follow":"follow","max-snippet":"max-snippet:-1","max-image-preview":"max-image-preview:large","max-video-preview":"max-video-preview:-1"},"canonical":"https:\/\/akunq.net\/tr\/?p=87109","og_locale":"en_US","og_type":"article","og_title":"Kud\u00fcs'te Ermeni Katedrali'ne ve M\u00fcsl\u00fcman mezarlar\u0131na vandall\u0131k - Bati Ermenistan Ve Bati Ermenileri Sorunlari Ara\u015ftirmalar Merkezi","og_description":"Jerusalem Post&#8217;un haberine g\u00f6re, \u0130srail polisi Pazar g\u00fcn\u00fc yapt\u0131\u011f\u0131 a\u00e7\u0131klamada, Kud\u00fcs&#8217;te bir kilise ve \u00e7e\u015fitli mezarlar da dahil olmak \u00fczere dini mekanlara y\u00f6nelik vandalizm nedeniyle yedi \u015f\u00fcphelinin g\u00f6zalt\u0131na al\u0131nd\u0131\u011f\u0131n\u0131 ve sonras\u0131nda serbest b\u0131rak\u0131ld\u0131. \u0130srail&#8217;in \u00e7e\u015fitli \u015fehirlerinde H\u0131ristiyan ve M\u00fcsl\u00fcman ibaret yerlerine sald\u0131ran ve vandall\u0131k yapanlar\u0131n say\u0131s\u0131 art\u0131yor. Jerusalem Post&#8217;un&nbsp;haberine g\u00f6re, \u0130srail polisi Pazar g\u00fcn\u00fc yapt\u0131\u011f\u0131 [&hellip;]","og_url":"https:\/\/akunq.net\/tr\/?p=87109","og_site_name":"Bati Ermenistan Ve Bati Ermenileri Sorunlari Ara\u015ftirmalar Merkezi","article_published_time":"2026-09-02T10:51:07+00:00","article_modified_time":"2026-09-02T10:51:08+00:00","og_image":[{"width":1200,"height":675,"url":"https:\/\/akunq.net\/tr\/wp-content\/uploads\/sites\/6\/2026\/09\/Kuduste-Ermeni-Katedrali.jpg","type":"image\/jpeg"}],"author":"admin","twitter_card":"summary_large_image","twitter_misc":{"Written by":"admin","Est. reading time":"2 minutes"},"schema":{"@context":"https:\/\/schema.org","@graph":[{"@type":"Article","@id":"https:\/\/akunq.net\/tr\/?p=87109#article","isPartOf":{"@id":"https:\/\/akunq.net\/tr\/?p=87109"},"author":{"name":"admin","@id":"https:\/\/akunq.net\/tr\/#\/schema\/person\/42a46675f00a8f1e84520e8c56500de3"},"headline":"Kud\u00fcs&#8217;te Ermeni Katedrali&#8217;ne ve M\u00fcsl\u00fcman mezarlar\u0131na vandall\u0131k","datePublished":"2026-09-02T10:51:07+00:00","dateModified":"2026-09-02T10:51:08+00:00","mainEntityOfPage":{"@id":"https:\/\/akunq.net\/tr\/?p=87109"},"wordCount":380,"commentCount":0,"image":{"@id":"https:\/\/akunq.net\/tr\/?p=87109#primaryimage"},"thumbnailUrl":"https:\/\/akunq.net\/tr\/wp-content\/uploads\/sites\/6\/2026\/09\/Kuduste-Ermeni-Katedrali.jpg","articleSection":["Haberler"],"inLanguage":"en-US","potentialAction":[{"@type":"CommentAction","name":"Comment","target":["https:\/\/akunq.net\/tr\/?p=87109#respond"]}]},{"@type":"WebPage","@id":"https:\/\/akunq.net\/tr\/?p=87109","url":"https:\/\/akunq.net\/tr\/?p=87109","name":"Kud\u00fcs'te Ermeni Katedrali'ne ve M\u00fcsl\u00fcman mezarlar\u0131na vandall\u0131k - Bati Ermenistan Ve Bati Ermenileri Sorunlari Ara\u015ftirmalar Merkezi","isPartOf":{"@id":"https:\/\/akunq.net\/tr\/#website"},"primaryImageOfPage":{"@id":"https:\/\/akunq.net\/tr\/?p=87109#primaryimage"},"image":{"@id":"https:\/\/akunq.net\/tr\/?p=87109#primaryimage"},"thumbnailUrl":"https:\/\/akunq.net\/tr\/wp-content\/uploads\/sites\/6\/2026\/09\/Kuduste-Ermeni-Katedrali.jpg","datePublished":"2026-09-02T10:51:07+00:00","dateModified":"2026-09-02T10:51:08+00:00","author":{"@id":"https:\/\/akunq.net\/tr\/#\/schema\/person\/42a46675f00a8f1e84520e8c56500de3"},"breadcrumb":{"@id":"https:\/\/akunq.net\/tr\/?p=87109#breadcrumb"},"inLanguage":"en-US","potentialAction":[{"@type":"ReadAction","target":["https:\/\/akunq.net\/tr\/?p=87109"]}]},{"@type":"ImageObject","inLanguage":"en-US","@id":"https:\/\/akunq.net\/tr\/?p=87109#primaryimage","url":"https:\/\/akunq.net\/tr\/wp-content\/uploads\/sites\/6\/2026\/09\/Kuduste-Ermeni-Katedrali.jpg","contentUrl":"https:\/\/akunq.net\/tr\/wp-content\/uploads\/sites\/6\/2026\/09\/Kuduste-Ermeni-Katedrali.jpg","width":1200,"height":675},{"@type":"BreadcrumbList","@id":"https:\/\/akunq.net\/tr\/?p=87109#breadcrumb","itemListElement":[{"@type":"ListItem","position":1,"name":"Home","item":"https:\/\/akunq.net\/tr"},{"@type":"ListItem","position":2,"name":"Kud\u00fcs&#8217;te Ermeni Katedrali&#8217;ne ve M\u00fcsl\u00fcman mezarlar\u0131na vandall\u0131k"}]},{"@type":"WebSite","@id":"https:\/\/akunq.net\/tr\/#website","url":"https:\/\/akunq.net\/tr\/","name":"Bati Ermenistan Ve Bati Ermenileri Sorunlari Ara\u015ftirmalar Merkezi","description":"","potentialAction":[{"@type":"SearchAction","target":{"@type":"EntryPoint","urlTemplate":"https:\/\/akunq.net\/tr\/?s={search_term_string}"},"query-input":{"@type":"PropertyValueSpecification","valueRequired":true,"valueName":"search_term_string"}}],"inLanguage":"en-US"},{"@type":"Person","@id":"https:\/\/akunq.net\/tr\/#\/schema\/person\/42a46675f00a8f1e84520e8c56500de3","name":"admin","url":"https:\/\/akunq.net\/tr\/?author=1"}]}},"_links":{"self":[{"href":"https:\/\/akunq.net\/tr\/index.php?rest_route=\/wp\/v2\/posts\/87109","targetHints":{"allow":["GET"]}}],"collection":[{"href":"https:\/\/akunq.net\/tr\/index.php?rest_route=\/wp\/v2\/posts"}],"about":[{"href":"https:\/\/akunq.net\/tr\/index.php?rest_route=\/wp\/v2\/types\/post"}],"author":[{"embeddable":true,"href":"https:\/\/akunq.net\/tr\/index.php?rest_route=\/wp\/v2\/users\/1"}],"replies":[{"embeddable":true,"href":"https:\/\/akunq.net\/tr\/index.php?rest_route=%2Fwp%2Fv2%2Fcomments&post=87109"}],"version-history":[{"count":1,"href":"https:\/\/akunq.net\/tr\/index.php?rest_route=\/wp\/v2\/posts\/87109\/revisions"}],"predecessor-version":[{"id":87111,"href":"https:\/\/akunq.net\/tr\/index.php?rest_route=\/wp\/v2\/posts\/87109\/revisions\/87111"}],"wp:featuredmedia":[{"embeddable":true,"href":"https:\/\/akunq.net\/tr\/index.php?rest_route=\/wp\/v2\/media\/87110"}],"wp:attachment":[{"href":"https:\/\/akunq.net\/tr\/index.php?rest_route=%2Fwp%2Fv2%2Fmedia&parent=87109"}],"wp:term":[{"taxonomy":"category","embeddable":true,"href":"https:\/\/akunq.net\/tr\/index.php?rest_route=%2Fwp%2Fv2%2Fcategories&post=87109"},{"taxonomy":"post_tag","embeddable":true,"href":"https:\/\/akunq.net\/tr\/index.php?rest_route=%2Fwp%2Fv2%2Ftags&post=87109"}],"curies":[{"name":"wp","href":"https:\/\/api.w.org\/{rel}","templated":true}]}}