{"id":87097,"date":"2026-09-01T05:41:04","date_gmt":"2026-09-01T10:41:04","guid":{"rendered":"https:\/\/akunq.net\/tr\/?p=87097"},"modified":"2026-09-01T05:41:04","modified_gmt":"2026-09-01T10:41:04","slug":"vandaki-akdamar-akhtamar-surb-khach-akunq-web-sitesi-kilisesinde-14uncu-ayin-tarihi-belli-oldu","status":"publish","type":"post","link":"https:\/\/akunq.net\/tr\/?p=87097","title":{"rendered":"Van&#8217;daki Akdamar (Akhtamar Surb Khach-&#8216;Akunq&#8217; web sitesi) Kilisesi&#8217;nde 14\u2019\u00fcnc\u00fc ayin tarihi belli oldu"},"content":{"rendered":"\n<h2 class=\"wp-block-heading\"><em>Van G\u00f6l\u00fc\u2019ndeki Akdamar Adas\u0131\u2019nda bulunan tarihi Akdamar Kilisesi, 6 Eyl\u00fcl Pazar g\u00fcn\u00fc 14\u2019\u00fcnc\u00fc Ermeni ayinine ev sahipli\u011fi yapacak. K\u00fclt\u00fcr ve Turizm Bakanl\u0131\u011f\u0131\u2019n\u0131n \u00f6zel izniyle ger\u00e7ekle\u015ftirilecek ayinin 11.00-14.00 saatleri aras\u0131nda yap\u0131lmas\u0131 planlan\u0131rken, t\u00f6rene yurt i\u00e7inden ve yurt d\u0131\u015f\u0131ndan \u00e7ok say\u0131da ki\u015finin kat\u0131lmas\u0131 bekleniyor.<\/em><\/h2>\n\n\n\n<p class=\"wp-block-paragraph\"><a href=\"https:\/\/vanhabertr.teimg.com\/crop\/1280x720\/vanhaber-tr\/uploads\/2026\/09\/akdamar-ayin.jpg\"><\/a>Van\u2019\u0131n Geva\u015f il\u00e7esinde bulunan Akdamar Adas\u0131, \u00f6nemli bir dini t\u00f6rene daha ev sahipli\u011fi yapmaya haz\u0131rlan\u0131yor. Tarihi Akdamar Kilisesi\u2019nde bu y\u0131l 14\u2019\u00fcnc\u00fcs\u00fc d\u00fczenlenecek Ermeni ayini, 6 Eyl\u00fcl Pazar g\u00fcn\u00fc ger\u00e7ekle\u015ftirilecek.<\/p>\n\n\n\n<p class=\"wp-block-paragraph\">K\u00fclt\u00fcr ve Turizm Bakanl\u0131\u011f\u0131\u2019n\u0131n \u00f6zel izniyle y\u0131lda bir kez ibadete a\u00e7\u0131lan tarihi kilisede yap\u0131lacak ayinin saat 11.00\u2019de ba\u015flamas\u0131 ve 14.00\u2019e kadar devam etmesi planlan\u0131yor. T\u00f6ren i\u00e7in ada ve kilise \u00e7evresindeki haz\u0131rl\u0131klar devam ederken, T\u00fcrkiye\u2019nin farkl\u0131 kentlerinden ve yurt d\u0131\u015f\u0131ndan \u00e7ok say\u0131da ziyaret\u00e7inin Van\u2019a gelmesi bekleniyor.<\/p>\n\n\n\n<p class=\"wp-block-paragraph\">Ayinde \u00fcst d\u00fczey Ermeni din adamlar\u0131n\u0131n da haz\u0131r bulunaca\u011f\u0131 belirtilirken, t\u00f6ren s\u0131ras\u0131nda herhangi bir aksakl\u0131k ya\u015fanmamas\u0131 amac\u0131yla ilgili kurumlar taraf\u0131ndan gerekli \u00e7al\u0131\u015fmalar\u0131n y\u00fcr\u00fct\u00fcld\u00fc\u011f\u00fc ifade edildi.<\/p>\n\n\n\n<p class=\"wp-block-paragraph\"><strong>95 y\u0131l sonra yeniden ayin yap\u0131ld\u0131<\/strong><\/p>\n\n\n\n<p class=\"wp-block-paragraph\"><a href=\"https:\/\/www.vanhaber.tr\/vangolu-aktivistlerinden-deveboynu-mesaji-havzanin-tamami-korunmali\" target=\"_blank\" rel=\"noreferrer noopener\"><\/a>Tarihi Akdamar Kilisesi\u2019nde K\u00fclt\u00fcr ve Turizm Bakanl\u0131\u011f\u0131 taraf\u0131ndan 2005 y\u0131l\u0131nda restorasyon \u00e7al\u0131\u015fmas\u0131 ba\u015flat\u0131ld\u0131. Restorasyonun tamamlanmas\u0131n\u0131n ard\u0131ndan kilise, 2007 y\u0131l\u0131nda d\u00fczenlenen uluslararas\u0131 t\u00f6renle an\u0131t m\u00fcze olarak hizmete a\u00e7\u0131ld\u0131.<\/p>\n\n\n\n<p class=\"wp-block-paragraph\">Kilise, 19 Eyl\u00fcl 2010 tarihinde ise 95 y\u0131l aradan sonra ilk kez ayine ev sahipli\u011fi yapt\u0131. Bu tarihten itibaren \u00f6zel izinle y\u0131lda bir kez ger\u00e7ekle\u015ftirilen ayinler, Akdamar Adas\u0131\u2019n\u0131n dini ve k\u00fclt\u00fcrel \u00f6nemini yeniden \u00f6n plana \u00e7\u0131kard\u0131.<\/p>\n\n\n\n<p class=\"wp-block-paragraph\"><strong>\u0130nan\u00e7 turizminin \u00f6nemli duraklar\u0131ndan biri<\/strong><\/p>\n\n\n\n<p class=\"wp-block-paragraph\">Van G\u00f6l\u00fc\u2019n\u00fcn ortas\u0131nda yer alan Akdamar Adas\u0131\u2019ndaki tarihi kilise, mimarisi, ta\u015f i\u015f\u00e7ili\u011fi ve duvarlar\u0131n\u0131 s\u00fcsleyen kabartmalar\u0131yla b\u00f6lgenin \u00f6nemli k\u00fclt\u00fcrel miraslar\u0131 aras\u0131nda bulunuyor. 10\u2019uncu y\u00fczy\u0131lda in\u015fa edilen Akdamar Kilisesi, dini niteli\u011finin yan\u0131 s\u0131ra tarihi ve sanatsal \u00f6zellikleriyle de yerli ve yabanc\u0131 turistlerin ilgisini \u00e7ekiyor.<\/p>\n\n\n\n<p class=\"wp-block-paragraph\">Her y\u0131l eyl\u00fcl ay\u0131nda d\u00fczenlenen Ermeni ayini, Van\u2019\u0131n inan\u00e7 turizmine de \u00f6nemli katk\u0131 sa\u011fl\u0131yor. Yurt i\u00e7i ve yurt d\u0131\u015f\u0131ndan ziyaret\u00e7ileri kente \u00e7eken t\u00f6renin, bu y\u0131l da Akdamar Adas\u0131\u2019nda yo\u011funluk olu\u015fturmas\u0131 bekleniyor.<\/p>\n\n\n\n<p class=\"wp-block-paragraph\">6 Eyl\u00fcl Pazar g\u00fcn\u00fc ger\u00e7ekle\u015ftirilecek 14\u2019\u00fcnc\u00fc ayinle birlikte tarihi Akdamar Kilisesi bir kez daha farkl\u0131 \u00fclkelerden ve T\u00fcrkiye\u2019nin \u00e7e\u015fitli kentlerinden gelecek ziyaret\u00e7ileri a\u011f\u0131rlayacak.<\/p>\n\n\n\n<p class=\"wp-block-paragraph\"><em><strong>Muhabir:\u00a0<\/strong>SEM\u0130H SARMA<\/em><\/p>\n\n\n\n<p class=\"wp-block-paragraph\"><a href=\"https:\/\/www.vanhaber.tr\/vandaki-akdamar-kilisesinde-14uncu-ayin-tarihi-belli-oldu\"><strong><em>https:\/\/www.vanhaber.tr\/vandaki-akdamar-kilisesinde-14uncu-ayin-tarihi-belli-oldu<\/em><\/strong><\/a><\/p>\n","protected":false},"excerpt":{"rendered":"<p>Van G\u00f6l\u00fc\u2019ndeki Akdamar Adas\u0131\u2019nda bulunan tarihi Akdamar Kilisesi, 6 Eyl\u00fcl Pazar g\u00fcn\u00fc 14\u2019\u00fcnc\u00fc Ermeni ayinine ev sahipli\u011fi yapacak. K\u00fclt\u00fcr ve Turizm Bakanl\u0131\u011f\u0131\u2019n\u0131n \u00f6zel izniyle ger\u00e7ekle\u015ftirilecek ayinin 11.00-14.00 saatleri aras\u0131nda yap\u0131lmas\u0131 planlan\u0131rken, t\u00f6rene yurt i\u00e7inden ve yurt d\u0131\u015f\u0131ndan \u00e7ok say\u0131da ki\u015finin kat\u0131lmas\u0131 bekleniyor. Van\u2019\u0131n Geva\u015f il\u00e7esinde bulunan Akdamar Adas\u0131, \u00f6nemli bir dini t\u00f6rene daha ev sahipli\u011fi [&hellip;]<\/p>\n","protected":false},"author":1,"featured_media":87098,"comment_status":"open","ping_status":"open","sticky":false,"template":"","format":"standard","meta":{"footnotes":""},"categories":[22,1],"tags":[],"class_list":["post-87097","post","type-post","status-publish","format-standard","has-post-thumbnail","hentry","category-gunumuzde-bati-ermenistan","category-haberler"],"yoast_head":"<!-- This site is optimized with the Yoast SEO plugin v28.1 - https:\/\/yoast.com\/product\/yoast-seo-wordpress\/ -->\n<title>Van&#039;daki Akdamar (Akhtamar Surb Khach-&#039;Akunq&#039; web sitesi) Kilisesi&#039;nde 14\u2019\u00fcnc\u00fc ayin tarihi belli oldu - Bati Ermenistan Ve Bati Ermenileri Sorunlari Ara\u015ftirmalar Merkezi<\/title>\n<meta name=\"robots\" content=\"index, follow, max-snippet:-1, max-image-preview:large, max-video-preview:-1\" \/>\n<link rel=\"canonical\" href=\"https:\/\/akunq.net\/tr\/?p=87097\" \/>\n<meta property=\"og:locale\" content=\"en_US\" \/>\n<meta property=\"og:type\" content=\"article\" \/>\n<meta property=\"og:title\" content=\"Van&#039;daki Akdamar (Akhtamar Surb Khach-&#039;Akunq&#039; web sitesi) Kilisesi&#039;nde 14\u2019\u00fcnc\u00fc ayin tarihi belli oldu - Bati Ermenistan Ve Bati Ermenileri Sorunlari Ara\u015ftirmalar Merkezi\" \/>\n<meta property=\"og:description\" content=\"Van G\u00f6l\u00fc\u2019ndeki Akdamar Adas\u0131\u2019nda bulunan tarihi Akdamar Kilisesi, 6 Eyl\u00fcl Pazar g\u00fcn\u00fc 14\u2019\u00fcnc\u00fc Ermeni ayinine ev sahipli\u011fi yapacak. K\u00fclt\u00fcr ve Turizm Bakanl\u0131\u011f\u0131\u2019n\u0131n \u00f6zel izniyle ger\u00e7ekle\u015ftirilecek ayinin 11.00-14.00 saatleri aras\u0131nda yap\u0131lmas\u0131 planlan\u0131rken, t\u00f6rene yurt i\u00e7inden ve yurt d\u0131\u015f\u0131ndan \u00e7ok say\u0131da ki\u015finin kat\u0131lmas\u0131 bekleniyor. Van\u2019\u0131n Geva\u015f il\u00e7esinde bulunan Akdamar Adas\u0131, \u00f6nemli bir dini t\u00f6rene daha ev sahipli\u011fi [&hellip;]\" \/>\n<meta property=\"og:url\" content=\"https:\/\/akunq.net\/tr\/?p=87097\" \/>\n<meta property=\"og:site_name\" content=\"Bati Ermenistan Ve Bati Ermenileri Sorunlari Ara\u015ftirmalar Merkezi\" \/>\n<meta property=\"article:published_time\" content=\"2026-09-01T10:41:04+00:00\" \/>\n<meta property=\"og:image\" content=\"https:\/\/akunq.net\/tr\/wp-content\/uploads\/sites\/6\/2026\/09\/\u0531\u0572\u0569\u0561\u0574\u0561\u0580.jpg\" \/>\n\t<meta property=\"og:image:width\" content=\"1280\" \/>\n\t<meta property=\"og:image:height\" content=\"720\" \/>\n\t<meta property=\"og:image:type\" content=\"image\/jpeg\" \/>\n<meta name=\"author\" content=\"admin\" \/>\n<meta name=\"twitter:card\" content=\"summary_large_image\" \/>\n<meta name=\"twitter:label1\" content=\"Written by\" \/>\n\t<meta name=\"twitter:data1\" content=\"admin\" \/>\n\t<meta name=\"twitter:label2\" content=\"Est. reading time\" \/>\n\t<meta name=\"twitter:data2\" content=\"2 minutes\" \/>\n<script type=\"application\/ld+json\" class=\"yoast-schema-graph\">{\"@context\":\"https:\\\/\\\/schema.org\",\"@graph\":[{\"@type\":\"Article\",\"@id\":\"https:\\\/\\\/akunq.net\\\/tr\\\/?p=87097#article\",\"isPartOf\":{\"@id\":\"https:\\\/\\\/akunq.net\\\/tr\\\/?p=87097\"},\"author\":{\"name\":\"admin\",\"@id\":\"https:\\\/\\\/akunq.net\\\/tr\\\/#\\\/schema\\\/person\\\/42a46675f00a8f1e84520e8c56500de3\"},\"headline\":\"Van&#8217;daki Akdamar (Akhtamar Surb Khach-&#8216;Akunq&#8217; web sitesi) Kilisesi&#8217;nde 14\u2019\u00fcnc\u00fc ayin tarihi belli oldu\",\"datePublished\":\"2026-09-01T10:41:04+00:00\",\"mainEntityOfPage\":{\"@id\":\"https:\\\/\\\/akunq.net\\\/tr\\\/?p=87097\"},\"wordCount\":471,\"commentCount\":0,\"image\":{\"@id\":\"https:\\\/\\\/akunq.net\\\/tr\\\/?p=87097#primaryimage\"},\"thumbnailUrl\":\"https:\\\/\\\/akunq.net\\\/tr\\\/wp-content\\\/uploads\\\/sites\\\/6\\\/2026\\\/09\\\/\u0531\u0572\u0569\u0561\u0574\u0561\u0580.jpg\",\"articleSection\":[\"G\u00fcn\u00fcm\u00fczde Bat\u0131 Ermenistan\",\"Haberler\"],\"inLanguage\":\"en-US\",\"potentialAction\":[{\"@type\":\"CommentAction\",\"name\":\"Comment\",\"target\":[\"https:\\\/\\\/akunq.net\\\/tr\\\/?p=87097#respond\"]}]},{\"@type\":\"WebPage\",\"@id\":\"https:\\\/\\\/akunq.net\\\/tr\\\/?p=87097\",\"url\":\"https:\\\/\\\/akunq.net\\\/tr\\\/?p=87097\",\"name\":\"Van'daki Akdamar (Akhtamar Surb Khach-'Akunq' web sitesi) Kilisesi'nde 14\u2019\u00fcnc\u00fc ayin tarihi belli oldu - Bati Ermenistan Ve Bati Ermenileri Sorunlari Ara\u015ftirmalar Merkezi\",\"isPartOf\":{\"@id\":\"https:\\\/\\\/akunq.net\\\/tr\\\/#website\"},\"primaryImageOfPage\":{\"@id\":\"https:\\\/\\\/akunq.net\\\/tr\\\/?p=87097#primaryimage\"},\"image\":{\"@id\":\"https:\\\/\\\/akunq.net\\\/tr\\\/?p=87097#primaryimage\"},\"thumbnailUrl\":\"https:\\\/\\\/akunq.net\\\/tr\\\/wp-content\\\/uploads\\\/sites\\\/6\\\/2026\\\/09\\\/\u0531\u0572\u0569\u0561\u0574\u0561\u0580.jpg\",\"datePublished\":\"2026-09-01T10:41:04+00:00\",\"author\":{\"@id\":\"https:\\\/\\\/akunq.net\\\/tr\\\/#\\\/schema\\\/person\\\/42a46675f00a8f1e84520e8c56500de3\"},\"breadcrumb\":{\"@id\":\"https:\\\/\\\/akunq.net\\\/tr\\\/?p=87097#breadcrumb\"},\"inLanguage\":\"en-US\",\"potentialAction\":[{\"@type\":\"ReadAction\",\"target\":[\"https:\\\/\\\/akunq.net\\\/tr\\\/?p=87097\"]}]},{\"@type\":\"ImageObject\",\"inLanguage\":\"en-US\",\"@id\":\"https:\\\/\\\/akunq.net\\\/tr\\\/?p=87097#primaryimage\",\"url\":\"https:\\\/\\\/akunq.net\\\/tr\\\/wp-content\\\/uploads\\\/sites\\\/6\\\/2026\\\/09\\\/\u0531\u0572\u0569\u0561\u0574\u0561\u0580.jpg\",\"contentUrl\":\"https:\\\/\\\/akunq.net\\\/tr\\\/wp-content\\\/uploads\\\/sites\\\/6\\\/2026\\\/09\\\/\u0531\u0572\u0569\u0561\u0574\u0561\u0580.jpg\",\"width\":1280,\"height\":720},{\"@type\":\"BreadcrumbList\",\"@id\":\"https:\\\/\\\/akunq.net\\\/tr\\\/?p=87097#breadcrumb\",\"itemListElement\":[{\"@type\":\"ListItem\",\"position\":1,\"name\":\"Home\",\"item\":\"https:\\\/\\\/akunq.net\\\/tr\"},{\"@type\":\"ListItem\",\"position\":2,\"name\":\"Van&#8217;daki Akdamar (Akhtamar Surb Khach-&#8216;Akunq&#8217; web sitesi) Kilisesi&#8217;nde 14\u2019\u00fcnc\u00fc ayin tarihi belli oldu\"}]},{\"@type\":\"WebSite\",\"@id\":\"https:\\\/\\\/akunq.net\\\/tr\\\/#website\",\"url\":\"https:\\\/\\\/akunq.net\\\/tr\\\/\",\"name\":\"Bati Ermenistan Ve Bati Ermenileri Sorunlari Ara\u015ftirmalar Merkezi\",\"description\":\"\",\"potentialAction\":[{\"@type\":\"SearchAction\",\"target\":{\"@type\":\"EntryPoint\",\"urlTemplate\":\"https:\\\/\\\/akunq.net\\\/tr\\\/?s={search_term_string}\"},\"query-input\":{\"@type\":\"PropertyValueSpecification\",\"valueRequired\":true,\"valueName\":\"search_term_string\"}}],\"inLanguage\":\"en-US\"},{\"@type\":\"Person\",\"@id\":\"https:\\\/\\\/akunq.net\\\/tr\\\/#\\\/schema\\\/person\\\/42a46675f00a8f1e84520e8c56500de3\",\"name\":\"admin\",\"url\":\"https:\\\/\\\/akunq.net\\\/tr\\\/?author=1\"}]}<\/script>\n<!-- \/ Yoast SEO plugin. -->","yoast_head_json":{"title":"Van'daki Akdamar (Akhtamar Surb Khach-'Akunq' web sitesi) Kilisesi'nde 14\u2019\u00fcnc\u00fc ayin tarihi belli oldu - Bati Ermenistan Ve Bati Ermenileri Sorunlari Ara\u015ftirmalar Merkezi","robots":{"index":"index","follow":"follow","max-snippet":"max-snippet:-1","max-image-preview":"max-image-preview:large","max-video-preview":"max-video-preview:-1"},"canonical":"https:\/\/akunq.net\/tr\/?p=87097","og_locale":"en_US","og_type":"article","og_title":"Van'daki Akdamar (Akhtamar Surb Khach-'Akunq' web sitesi) Kilisesi'nde 14\u2019\u00fcnc\u00fc ayin tarihi belli oldu - Bati Ermenistan Ve Bati Ermenileri Sorunlari Ara\u015ftirmalar Merkezi","og_description":"Van G\u00f6l\u00fc\u2019ndeki Akdamar Adas\u0131\u2019nda bulunan tarihi Akdamar Kilisesi, 6 Eyl\u00fcl Pazar g\u00fcn\u00fc 14\u2019\u00fcnc\u00fc Ermeni ayinine ev sahipli\u011fi yapacak. K\u00fclt\u00fcr ve Turizm Bakanl\u0131\u011f\u0131\u2019n\u0131n \u00f6zel izniyle ger\u00e7ekle\u015ftirilecek ayinin 11.00-14.00 saatleri aras\u0131nda yap\u0131lmas\u0131 planlan\u0131rken, t\u00f6rene yurt i\u00e7inden ve yurt d\u0131\u015f\u0131ndan \u00e7ok say\u0131da ki\u015finin kat\u0131lmas\u0131 bekleniyor. Van\u2019\u0131n Geva\u015f il\u00e7esinde bulunan Akdamar Adas\u0131, \u00f6nemli bir dini t\u00f6rene daha ev sahipli\u011fi [&hellip;]","og_url":"https:\/\/akunq.net\/tr\/?p=87097","og_site_name":"Bati Ermenistan Ve Bati Ermenileri Sorunlari Ara\u015ftirmalar Merkezi","article_published_time":"2026-09-01T10:41:04+00:00","og_image":[{"width":1280,"height":720,"url":"https:\/\/akunq.net\/tr\/wp-content\/uploads\/sites\/6\/2026\/09\/\u0531\u0572\u0569\u0561\u0574\u0561\u0580.jpg","type":"image\/jpeg"}],"author":"admin","twitter_card":"summary_large_image","twitter_misc":{"Written by":"admin","Est. reading time":"2 minutes"},"schema":{"@context":"https:\/\/schema.org","@graph":[{"@type":"Article","@id":"https:\/\/akunq.net\/tr\/?p=87097#article","isPartOf":{"@id":"https:\/\/akunq.net\/tr\/?p=87097"},"author":{"name":"admin","@id":"https:\/\/akunq.net\/tr\/#\/schema\/person\/42a46675f00a8f1e84520e8c56500de3"},"headline":"Van&#8217;daki Akdamar (Akhtamar Surb Khach-&#8216;Akunq&#8217; web sitesi) Kilisesi&#8217;nde 14\u2019\u00fcnc\u00fc ayin tarihi belli oldu","datePublished":"2026-09-01T10:41:04+00:00","mainEntityOfPage":{"@id":"https:\/\/akunq.net\/tr\/?p=87097"},"wordCount":471,"commentCount":0,"image":{"@id":"https:\/\/akunq.net\/tr\/?p=87097#primaryimage"},"thumbnailUrl":"https:\/\/akunq.net\/tr\/wp-content\/uploads\/sites\/6\/2026\/09\/\u0531\u0572\u0569\u0561\u0574\u0561\u0580.jpg","articleSection":["G\u00fcn\u00fcm\u00fczde Bat\u0131 Ermenistan","Haberler"],"inLanguage":"en-US","potentialAction":[{"@type":"CommentAction","name":"Comment","target":["https:\/\/akunq.net\/tr\/?p=87097#respond"]}]},{"@type":"WebPage","@id":"https:\/\/akunq.net\/tr\/?p=87097","url":"https:\/\/akunq.net\/tr\/?p=87097","name":"Van'daki Akdamar (Akhtamar Surb Khach-'Akunq' web sitesi) Kilisesi'nde 14\u2019\u00fcnc\u00fc ayin tarihi belli oldu - Bati Ermenistan Ve Bati Ermenileri Sorunlari Ara\u015ftirmalar Merkezi","isPartOf":{"@id":"https:\/\/akunq.net\/tr\/#website"},"primaryImageOfPage":{"@id":"https:\/\/akunq.net\/tr\/?p=87097#primaryimage"},"image":{"@id":"https:\/\/akunq.net\/tr\/?p=87097#primaryimage"},"thumbnailUrl":"https:\/\/akunq.net\/tr\/wp-content\/uploads\/sites\/6\/2026\/09\/\u0531\u0572\u0569\u0561\u0574\u0561\u0580.jpg","datePublished":"2026-09-01T10:41:04+00:00","author":{"@id":"https:\/\/akunq.net\/tr\/#\/schema\/person\/42a46675f00a8f1e84520e8c56500de3"},"breadcrumb":{"@id":"https:\/\/akunq.net\/tr\/?p=87097#breadcrumb"},"inLanguage":"en-US","potentialAction":[{"@type":"ReadAction","target":["https:\/\/akunq.net\/tr\/?p=87097"]}]},{"@type":"ImageObject","inLanguage":"en-US","@id":"https:\/\/akunq.net\/tr\/?p=87097#primaryimage","url":"https:\/\/akunq.net\/tr\/wp-content\/uploads\/sites\/6\/2026\/09\/\u0531\u0572\u0569\u0561\u0574\u0561\u0580.jpg","contentUrl":"https:\/\/akunq.net\/tr\/wp-content\/uploads\/sites\/6\/2026\/09\/\u0531\u0572\u0569\u0561\u0574\u0561\u0580.jpg","width":1280,"height":720},{"@type":"BreadcrumbList","@id":"https:\/\/akunq.net\/tr\/?p=87097#breadcrumb","itemListElement":[{"@type":"ListItem","position":1,"name":"Home","item":"https:\/\/akunq.net\/tr"},{"@type":"ListItem","position":2,"name":"Van&#8217;daki Akdamar (Akhtamar Surb Khach-&#8216;Akunq&#8217; web sitesi) Kilisesi&#8217;nde 14\u2019\u00fcnc\u00fc ayin tarihi belli oldu"}]},{"@type":"WebSite","@id":"https:\/\/akunq.net\/tr\/#website","url":"https:\/\/akunq.net\/tr\/","name":"Bati Ermenistan Ve Bati Ermenileri Sorunlari Ara\u015ftirmalar Merkezi","description":"","potentialAction":[{"@type":"SearchAction","target":{"@type":"EntryPoint","urlTemplate":"https:\/\/akunq.net\/tr\/?s={search_term_string}"},"query-input":{"@type":"PropertyValueSpecification","valueRequired":true,"valueName":"search_term_string"}}],"inLanguage":"en-US"},{"@type":"Person","@id":"https:\/\/akunq.net\/tr\/#\/schema\/person\/42a46675f00a8f1e84520e8c56500de3","name":"admin","url":"https:\/\/akunq.net\/tr\/?author=1"}]}},"_links":{"self":[{"href":"https:\/\/akunq.net\/tr\/index.php?rest_route=\/wp\/v2\/posts\/87097","targetHints":{"allow":["GET"]}}],"collection":[{"href":"https:\/\/akunq.net\/tr\/index.php?rest_route=\/wp\/v2\/posts"}],"about":[{"href":"https:\/\/akunq.net\/tr\/index.php?rest_route=\/wp\/v2\/types\/post"}],"author":[{"embeddable":true,"href":"https:\/\/akunq.net\/tr\/index.php?rest_route=\/wp\/v2\/users\/1"}],"replies":[{"embeddable":true,"href":"https:\/\/akunq.net\/tr\/index.php?rest_route=%2Fwp%2Fv2%2Fcomments&post=87097"}],"version-history":[{"count":1,"href":"https:\/\/akunq.net\/tr\/index.php?rest_route=\/wp\/v2\/posts\/87097\/revisions"}],"predecessor-version":[{"id":87099,"href":"https:\/\/akunq.net\/tr\/index.php?rest_route=\/wp\/v2\/posts\/87097\/revisions\/87099"}],"wp:featuredmedia":[{"embeddable":true,"href":"https:\/\/akunq.net\/tr\/index.php?rest_route=\/wp\/v2\/media\/87098"}],"wp:attachment":[{"href":"https:\/\/akunq.net\/tr\/index.php?rest_route=%2Fwp%2Fv2%2Fmedia&parent=87097"}],"wp:term":[{"taxonomy":"category","embeddable":true,"href":"https:\/\/akunq.net\/tr\/index.php?rest_route=%2Fwp%2Fv2%2Fcategories&post=87097"},{"taxonomy":"post_tag","embeddable":true,"href":"https:\/\/akunq.net\/tr\/index.php?rest_route=%2Fwp%2Fv2%2Ftags&post=87097"}],"curies":[{"name":"wp","href":"https:\/\/api.w.org\/{rel}","templated":true}]}}