{"id":87094,"date":"2026-09-01T05:33:55","date_gmt":"2026-09-01T10:33:55","guid":{"rendered":"https:\/\/akunq.net\/tr\/?p=87094"},"modified":"2026-09-01T05:33:55","modified_gmt":"2026-09-01T10:33:55","slug":"peki-ya-ermeni-gazetesinin-yeri-nerede","status":"publish","type":"post","link":"https:\/\/akunq.net\/tr\/?p=87094","title":{"rendered":"Peki ya Ermeni gazetesinin yeri nerede&#8230;"},"content":{"rendered":"\n<p class=\"wp-block-paragraph\"><strong><em> Bu y\u0131l d\u00f6n\u00fcm\u00fcnde etraf\u0131m\u0131za \u015f\u00f6yle bir bakmak ve sormak istiyoruz: Bug\u00fcn toplumun ortak hayat\u0131nda ERMEN\u0130CE GAZETE\u2019nin yeri nerededir?<\/em><\/strong><\/p>\n\n\n\n<p class=\"wp-block-paragraph\">Son g\u00fcnlerde ERVAB toplant\u0131s\u0131 s\u0131ras\u0131nda kurumlar\u0131m\u0131z\u0131n gelece\u011fi, dayan\u0131\u015fma, kar\u015f\u0131l\u0131kl\u0131 destek, maddi imkanlar\u0131n adil kullan\u0131m\u0131 ve toplumsal sorumluluk hakk\u0131nda \u00e7ok konu\u015fuldu. Bunlar \u00f6nemli meselelerdi. Biz de sayfalar\u0131m\u0131zda bunlara geni\u015f yer verdik ve vermeye devam edece\u011fiz.<\/p>\n\n\n\n<p class=\"wp-block-paragraph\">Ancak bu tart\u0131\u015fmalar bizi cemaatimize \u015fu soruyu y\u00f6neltmeye itiyor.<\/p>\n\n\n\n<p class=\"wp-block-paragraph\">O ortak sorumlulu\u011fun i\u00e7inde Ermeni bas\u0131n\u0131 nerede?<\/p>\n\n\n\n<p class=\"wp-block-paragraph\">E\u011fer okullar\u0131m\u0131z, kiliselerimiz, kurumlar\u0131m\u0131z, derneklerimiz ve k\u00fclt\u00fcrel kurulu\u015flar\u0131m\u0131z toplumsal hayat\u0131m\u0131z\u0131 ayakta tutan s\u00fctunlarsa, peki ya on y\u0131llard\u0131r onlar\u0131n etkinliklerini kaydeden, seslerini duyuran, ba\u015far\u0131lar\u0131n\u0131 ileten ve gerekti\u011finde sorunlar\u0131 hakk\u0131nda sesini y\u00fckselten bas\u0131n nedir?<\/p>\n\n\n\n<p class=\"wp-block-paragraph\">\u00d6n\u00fcm\u00fczdeki g\u00fcnlerde, ERVAB\u2019\u0131n son toplant\u0131s\u0131n\u0131n \u0131\u015f\u0131\u011f\u0131nda, biz de cemaat kurumlar\u0131m\u0131za sorular y\u00f6neltece\u011fiz. Su\u00e7lamak ya da sorun yaratmak i\u00e7in de\u011fil. Anlamak ve netle\u015ftirmek i\u00e7in: Onlar bug\u00fcn Ermeni bas\u0131n\u0131na kendi kurumlar\u0131n\u0131n etkinlikleri \u00e7er\u00e7evesinde nas\u0131l bir yer ay\u0131r\u0131yorlar? Ermenice gazete h\u00e2l\u00e2 toplumsal hayat\u0131n gerekli bir halkas\u0131 olarak g\u00f6r\u00fcl\u00fcyor mu, yoksa zaman i\u00e7inde sadece bir haber, bir ilan ya da bir duyuru yay\u0131nlama ihtiyac\u0131 oldu\u011funda hat\u0131rlanan bir adrese mi d\u00f6n\u00fc\u015ft\u00fc?<\/p>\n\n\n\n<p class=\"wp-block-paragraph\">E\u011fer okullar\u0131m\u0131z\u0131, kiliselerimizi ve k\u00fclt\u00fcrel yap\u0131lar\u0131m\u0131z\u0131 ayakta tutmak i\u00e7in toplumsal kurumlar\u0131n birbirine destek olmas\u0131 gerekti\u011fini kabul ediyorsak, o zaman \u015fu soruyu da sormal\u0131y\u0131z: Ayn\u0131 ortak sorumluluk, herg\u00fcn herkesin tarihini koruyan biz Ermenice gazeteler i\u00e7in de ge\u00e7erli de\u011fil mi?<\/p>\n\n\n\n<p class=\"wp-block-paragraph\"><a href=\"https:\/\/www.normarmara.com\/310826lu.html\"><strong><em>https:\/\/www.normarmara.com\/310826lu.html<\/em><\/strong><\/a><\/p>\n","protected":false},"excerpt":{"rendered":"<p>Bu y\u0131l d\u00f6n\u00fcm\u00fcnde etraf\u0131m\u0131za \u015f\u00f6yle bir bakmak ve sormak istiyoruz: Bug\u00fcn toplumun ortak hayat\u0131nda ERMEN\u0130CE GAZETE\u2019nin yeri nerededir? Son g\u00fcnlerde ERVAB toplant\u0131s\u0131 s\u0131ras\u0131nda kurumlar\u0131m\u0131z\u0131n gelece\u011fi, dayan\u0131\u015fma, kar\u015f\u0131l\u0131kl\u0131 destek, maddi imkanlar\u0131n adil kullan\u0131m\u0131 ve toplumsal sorumluluk hakk\u0131nda \u00e7ok konu\u015fuldu. Bunlar \u00f6nemli meselelerdi. Biz de sayfalar\u0131m\u0131zda bunlara geni\u015f yer verdik ve vermeye devam edece\u011fiz. Ancak bu tart\u0131\u015fmalar [&hellip;]<\/p>\n","protected":false},"author":1,"featured_media":87095,"comment_status":"open","ping_status":"open","sticky":false,"template":"","format":"standard","meta":{"footnotes":""},"categories":[1],"tags":[],"class_list":["post-87094","post","type-post","status-publish","format-standard","has-post-thumbnail","hentry","category-haberler"],"yoast_head":"<!-- This site is optimized with the Yoast SEO plugin v28.1 - https:\/\/yoast.com\/product\/yoast-seo-wordpress\/ -->\n<title>Peki ya Ermeni gazetesinin yeri nerede... - Bati Ermenistan Ve Bati Ermenileri Sorunlari Ara\u015ftirmalar Merkezi<\/title>\n<meta name=\"robots\" content=\"index, follow, max-snippet:-1, max-image-preview:large, max-video-preview:-1\" \/>\n<link rel=\"canonical\" href=\"https:\/\/akunq.net\/tr\/?p=87094\" \/>\n<meta property=\"og:locale\" content=\"en_US\" \/>\n<meta property=\"og:type\" content=\"article\" \/>\n<meta property=\"og:title\" content=\"Peki ya Ermeni gazetesinin yeri nerede... - Bati Ermenistan Ve Bati Ermenileri Sorunlari Ara\u015ftirmalar Merkezi\" \/>\n<meta property=\"og:description\" content=\"Bu y\u0131l d\u00f6n\u00fcm\u00fcnde etraf\u0131m\u0131za \u015f\u00f6yle bir bakmak ve sormak istiyoruz: Bug\u00fcn toplumun ortak hayat\u0131nda ERMEN\u0130CE GAZETE\u2019nin yeri nerededir? Son g\u00fcnlerde ERVAB toplant\u0131s\u0131 s\u0131ras\u0131nda kurumlar\u0131m\u0131z\u0131n gelece\u011fi, dayan\u0131\u015fma, kar\u015f\u0131l\u0131kl\u0131 destek, maddi imkanlar\u0131n adil kullan\u0131m\u0131 ve toplumsal sorumluluk hakk\u0131nda \u00e7ok konu\u015fuldu. Bunlar \u00f6nemli meselelerdi. Biz de sayfalar\u0131m\u0131zda bunlara geni\u015f yer verdik ve vermeye devam edece\u011fiz. Ancak bu tart\u0131\u015fmalar [&hellip;]\" \/>\n<meta property=\"og:url\" content=\"https:\/\/akunq.net\/tr\/?p=87094\" \/>\n<meta property=\"og:site_name\" content=\"Bati Ermenistan Ve Bati Ermenileri Sorunlari Ara\u015ftirmalar Merkezi\" \/>\n<meta property=\"article:published_time\" content=\"2026-09-01T10:33:55+00:00\" \/>\n<meta property=\"og:image\" content=\"https:\/\/akunq.net\/tr\/wp-content\/uploads\/sites\/6\/2026\/09\/ERMENI-GAZETESI.webp\" \/>\n\t<meta property=\"og:image:width\" content=\"639\" \/>\n\t<meta property=\"og:image:height\" content=\"686\" \/>\n\t<meta property=\"og:image:type\" content=\"image\/webp\" \/>\n<meta name=\"author\" content=\"admin\" \/>\n<meta name=\"twitter:card\" content=\"summary_large_image\" \/>\n<meta name=\"twitter:label1\" content=\"Written by\" \/>\n\t<meta name=\"twitter:data1\" content=\"admin\" \/>\n\t<meta name=\"twitter:label2\" content=\"Est. reading time\" \/>\n\t<meta name=\"twitter:data2\" content=\"1 minute\" \/>\n<script type=\"application\/ld+json\" class=\"yoast-schema-graph\">{\"@context\":\"https:\\\/\\\/schema.org\",\"@graph\":[{\"@type\":\"Article\",\"@id\":\"https:\\\/\\\/akunq.net\\\/tr\\\/?p=87094#article\",\"isPartOf\":{\"@id\":\"https:\\\/\\\/akunq.net\\\/tr\\\/?p=87094\"},\"author\":{\"name\":\"admin\",\"@id\":\"https:\\\/\\\/akunq.net\\\/tr\\\/#\\\/schema\\\/person\\\/42a46675f00a8f1e84520e8c56500de3\"},\"headline\":\"Peki ya Ermeni gazetesinin yeri nerede&#8230;\",\"datePublished\":\"2026-09-01T10:33:55+00:00\",\"mainEntityOfPage\":{\"@id\":\"https:\\\/\\\/akunq.net\\\/tr\\\/?p=87094\"},\"wordCount\":325,\"commentCount\":0,\"image\":{\"@id\":\"https:\\\/\\\/akunq.net\\\/tr\\\/?p=87094#primaryimage\"},\"thumbnailUrl\":\"https:\\\/\\\/akunq.net\\\/tr\\\/wp-content\\\/uploads\\\/sites\\\/6\\\/2026\\\/09\\\/ERMENI-GAZETESI.webp\",\"articleSection\":[\"Haberler\"],\"inLanguage\":\"en-US\",\"potentialAction\":[{\"@type\":\"CommentAction\",\"name\":\"Comment\",\"target\":[\"https:\\\/\\\/akunq.net\\\/tr\\\/?p=87094#respond\"]}]},{\"@type\":\"WebPage\",\"@id\":\"https:\\\/\\\/akunq.net\\\/tr\\\/?p=87094\",\"url\":\"https:\\\/\\\/akunq.net\\\/tr\\\/?p=87094\",\"name\":\"Peki ya Ermeni gazetesinin yeri nerede... - Bati Ermenistan Ve Bati Ermenileri Sorunlari Ara\u015ftirmalar Merkezi\",\"isPartOf\":{\"@id\":\"https:\\\/\\\/akunq.net\\\/tr\\\/#website\"},\"primaryImageOfPage\":{\"@id\":\"https:\\\/\\\/akunq.net\\\/tr\\\/?p=87094#primaryimage\"},\"image\":{\"@id\":\"https:\\\/\\\/akunq.net\\\/tr\\\/?p=87094#primaryimage\"},\"thumbnailUrl\":\"https:\\\/\\\/akunq.net\\\/tr\\\/wp-content\\\/uploads\\\/sites\\\/6\\\/2026\\\/09\\\/ERMENI-GAZETESI.webp\",\"datePublished\":\"2026-09-01T10:33:55+00:00\",\"author\":{\"@id\":\"https:\\\/\\\/akunq.net\\\/tr\\\/#\\\/schema\\\/person\\\/42a46675f00a8f1e84520e8c56500de3\"},\"breadcrumb\":{\"@id\":\"https:\\\/\\\/akunq.net\\\/tr\\\/?p=87094#breadcrumb\"},\"inLanguage\":\"en-US\",\"potentialAction\":[{\"@type\":\"ReadAction\",\"target\":[\"https:\\\/\\\/akunq.net\\\/tr\\\/?p=87094\"]}]},{\"@type\":\"ImageObject\",\"inLanguage\":\"en-US\",\"@id\":\"https:\\\/\\\/akunq.net\\\/tr\\\/?p=87094#primaryimage\",\"url\":\"https:\\\/\\\/akunq.net\\\/tr\\\/wp-content\\\/uploads\\\/sites\\\/6\\\/2026\\\/09\\\/ERMENI-GAZETESI.webp\",\"contentUrl\":\"https:\\\/\\\/akunq.net\\\/tr\\\/wp-content\\\/uploads\\\/sites\\\/6\\\/2026\\\/09\\\/ERMENI-GAZETESI.webp\",\"width\":639,\"height\":686},{\"@type\":\"BreadcrumbList\",\"@id\":\"https:\\\/\\\/akunq.net\\\/tr\\\/?p=87094#breadcrumb\",\"itemListElement\":[{\"@type\":\"ListItem\",\"position\":1,\"name\":\"Home\",\"item\":\"https:\\\/\\\/akunq.net\\\/tr\"},{\"@type\":\"ListItem\",\"position\":2,\"name\":\"Peki ya Ermeni gazetesinin yeri nerede&#8230;\"}]},{\"@type\":\"WebSite\",\"@id\":\"https:\\\/\\\/akunq.net\\\/tr\\\/#website\",\"url\":\"https:\\\/\\\/akunq.net\\\/tr\\\/\",\"name\":\"Bati Ermenistan Ve Bati Ermenileri Sorunlari Ara\u015ftirmalar Merkezi\",\"description\":\"\",\"potentialAction\":[{\"@type\":\"SearchAction\",\"target\":{\"@type\":\"EntryPoint\",\"urlTemplate\":\"https:\\\/\\\/akunq.net\\\/tr\\\/?s={search_term_string}\"},\"query-input\":{\"@type\":\"PropertyValueSpecification\",\"valueRequired\":true,\"valueName\":\"search_term_string\"}}],\"inLanguage\":\"en-US\"},{\"@type\":\"Person\",\"@id\":\"https:\\\/\\\/akunq.net\\\/tr\\\/#\\\/schema\\\/person\\\/42a46675f00a8f1e84520e8c56500de3\",\"name\":\"admin\",\"url\":\"https:\\\/\\\/akunq.net\\\/tr\\\/?author=1\"}]}<\/script>\n<!-- \/ Yoast SEO plugin. -->","yoast_head_json":{"title":"Peki ya Ermeni gazetesinin yeri nerede... - Bati Ermenistan Ve Bati Ermenileri Sorunlari Ara\u015ftirmalar Merkezi","robots":{"index":"index","follow":"follow","max-snippet":"max-snippet:-1","max-image-preview":"max-image-preview:large","max-video-preview":"max-video-preview:-1"},"canonical":"https:\/\/akunq.net\/tr\/?p=87094","og_locale":"en_US","og_type":"article","og_title":"Peki ya Ermeni gazetesinin yeri nerede... - Bati Ermenistan Ve Bati Ermenileri Sorunlari Ara\u015ftirmalar Merkezi","og_description":"Bu y\u0131l d\u00f6n\u00fcm\u00fcnde etraf\u0131m\u0131za \u015f\u00f6yle bir bakmak ve sormak istiyoruz: Bug\u00fcn toplumun ortak hayat\u0131nda ERMEN\u0130CE GAZETE\u2019nin yeri nerededir? Son g\u00fcnlerde ERVAB toplant\u0131s\u0131 s\u0131ras\u0131nda kurumlar\u0131m\u0131z\u0131n gelece\u011fi, dayan\u0131\u015fma, kar\u015f\u0131l\u0131kl\u0131 destek, maddi imkanlar\u0131n adil kullan\u0131m\u0131 ve toplumsal sorumluluk hakk\u0131nda \u00e7ok konu\u015fuldu. Bunlar \u00f6nemli meselelerdi. Biz de sayfalar\u0131m\u0131zda bunlara geni\u015f yer verdik ve vermeye devam edece\u011fiz. Ancak bu tart\u0131\u015fmalar [&hellip;]","og_url":"https:\/\/akunq.net\/tr\/?p=87094","og_site_name":"Bati Ermenistan Ve Bati Ermenileri Sorunlari Ara\u015ftirmalar Merkezi","article_published_time":"2026-09-01T10:33:55+00:00","og_image":[{"width":639,"height":686,"url":"https:\/\/akunq.net\/tr\/wp-content\/uploads\/sites\/6\/2026\/09\/ERMENI-GAZETESI.webp","type":"image\/webp"}],"author":"admin","twitter_card":"summary_large_image","twitter_misc":{"Written by":"admin","Est. reading time":"1 minute"},"schema":{"@context":"https:\/\/schema.org","@graph":[{"@type":"Article","@id":"https:\/\/akunq.net\/tr\/?p=87094#article","isPartOf":{"@id":"https:\/\/akunq.net\/tr\/?p=87094"},"author":{"name":"admin","@id":"https:\/\/akunq.net\/tr\/#\/schema\/person\/42a46675f00a8f1e84520e8c56500de3"},"headline":"Peki ya Ermeni gazetesinin yeri nerede&#8230;","datePublished":"2026-09-01T10:33:55+00:00","mainEntityOfPage":{"@id":"https:\/\/akunq.net\/tr\/?p=87094"},"wordCount":325,"commentCount":0,"image":{"@id":"https:\/\/akunq.net\/tr\/?p=87094#primaryimage"},"thumbnailUrl":"https:\/\/akunq.net\/tr\/wp-content\/uploads\/sites\/6\/2026\/09\/ERMENI-GAZETESI.webp","articleSection":["Haberler"],"inLanguage":"en-US","potentialAction":[{"@type":"CommentAction","name":"Comment","target":["https:\/\/akunq.net\/tr\/?p=87094#respond"]}]},{"@type":"WebPage","@id":"https:\/\/akunq.net\/tr\/?p=87094","url":"https:\/\/akunq.net\/tr\/?p=87094","name":"Peki ya Ermeni gazetesinin yeri nerede... - Bati Ermenistan Ve Bati Ermenileri Sorunlari Ara\u015ftirmalar Merkezi","isPartOf":{"@id":"https:\/\/akunq.net\/tr\/#website"},"primaryImageOfPage":{"@id":"https:\/\/akunq.net\/tr\/?p=87094#primaryimage"},"image":{"@id":"https:\/\/akunq.net\/tr\/?p=87094#primaryimage"},"thumbnailUrl":"https:\/\/akunq.net\/tr\/wp-content\/uploads\/sites\/6\/2026\/09\/ERMENI-GAZETESI.webp","datePublished":"2026-09-01T10:33:55+00:00","author":{"@id":"https:\/\/akunq.net\/tr\/#\/schema\/person\/42a46675f00a8f1e84520e8c56500de3"},"breadcrumb":{"@id":"https:\/\/akunq.net\/tr\/?p=87094#breadcrumb"},"inLanguage":"en-US","potentialAction":[{"@type":"ReadAction","target":["https:\/\/akunq.net\/tr\/?p=87094"]}]},{"@type":"ImageObject","inLanguage":"en-US","@id":"https:\/\/akunq.net\/tr\/?p=87094#primaryimage","url":"https:\/\/akunq.net\/tr\/wp-content\/uploads\/sites\/6\/2026\/09\/ERMENI-GAZETESI.webp","contentUrl":"https:\/\/akunq.net\/tr\/wp-content\/uploads\/sites\/6\/2026\/09\/ERMENI-GAZETESI.webp","width":639,"height":686},{"@type":"BreadcrumbList","@id":"https:\/\/akunq.net\/tr\/?p=87094#breadcrumb","itemListElement":[{"@type":"ListItem","position":1,"name":"Home","item":"https:\/\/akunq.net\/tr"},{"@type":"ListItem","position":2,"name":"Peki ya Ermeni gazetesinin yeri nerede&#8230;"}]},{"@type":"WebSite","@id":"https:\/\/akunq.net\/tr\/#website","url":"https:\/\/akunq.net\/tr\/","name":"Bati Ermenistan Ve Bati Ermenileri Sorunlari Ara\u015ftirmalar Merkezi","description":"","potentialAction":[{"@type":"SearchAction","target":{"@type":"EntryPoint","urlTemplate":"https:\/\/akunq.net\/tr\/?s={search_term_string}"},"query-input":{"@type":"PropertyValueSpecification","valueRequired":true,"valueName":"search_term_string"}}],"inLanguage":"en-US"},{"@type":"Person","@id":"https:\/\/akunq.net\/tr\/#\/schema\/person\/42a46675f00a8f1e84520e8c56500de3","name":"admin","url":"https:\/\/akunq.net\/tr\/?author=1"}]}},"_links":{"self":[{"href":"https:\/\/akunq.net\/tr\/index.php?rest_route=\/wp\/v2\/posts\/87094","targetHints":{"allow":["GET"]}}],"collection":[{"href":"https:\/\/akunq.net\/tr\/index.php?rest_route=\/wp\/v2\/posts"}],"about":[{"href":"https:\/\/akunq.net\/tr\/index.php?rest_route=\/wp\/v2\/types\/post"}],"author":[{"embeddable":true,"href":"https:\/\/akunq.net\/tr\/index.php?rest_route=\/wp\/v2\/users\/1"}],"replies":[{"embeddable":true,"href":"https:\/\/akunq.net\/tr\/index.php?rest_route=%2Fwp%2Fv2%2Fcomments&post=87094"}],"version-history":[{"count":1,"href":"https:\/\/akunq.net\/tr\/index.php?rest_route=\/wp\/v2\/posts\/87094\/revisions"}],"predecessor-version":[{"id":87096,"href":"https:\/\/akunq.net\/tr\/index.php?rest_route=\/wp\/v2\/posts\/87094\/revisions\/87096"}],"wp:featuredmedia":[{"embeddable":true,"href":"https:\/\/akunq.net\/tr\/index.php?rest_route=\/wp\/v2\/media\/87095"}],"wp:attachment":[{"href":"https:\/\/akunq.net\/tr\/index.php?rest_route=%2Fwp%2Fv2%2Fmedia&parent=87094"}],"wp:term":[{"taxonomy":"category","embeddable":true,"href":"https:\/\/akunq.net\/tr\/index.php?rest_route=%2Fwp%2Fv2%2Fcategories&post=87094"},{"taxonomy":"post_tag","embeddable":true,"href":"https:\/\/akunq.net\/tr\/index.php?rest_route=%2Fwp%2Fv2%2Ftags&post=87094"}],"curies":[{"name":"wp","href":"https:\/\/api.w.org\/{rel}","templated":true}]}}