{"id":87091,"date":"2026-09-01T05:25:36","date_gmt":"2026-09-01T10:25:36","guid":{"rendered":"https:\/\/akunq.net\/tr\/?p=87091"},"modified":"2026-09-01T05:25:36","modified_gmt":"2026-09-01T10:25:36","slug":"hrant-dink-vakfinin-bati-ermenicesi-calismalari-yeni-donemi-basliyor","status":"publish","type":"post","link":"https:\/\/akunq.net\/tr\/?p=87091","title":{"rendered":"Hrant Dink Vakf\u0131\u2019n\u0131n Bat\u0131 Ermenicesi \u00e7al\u0131\u015fmalar\u0131 yeni d\u00f6nemi ba\u015fl\u0131yor"},"content":{"rendered":"\n<p class=\"wp-block-paragraph\"><strong><em>Hrant Dink Vakf\u0131\u2019n\u0131n 2016\u2019dan bu yana s\u00fcrd\u00fcrd\u00fc\u011f\u00fc Bat\u0131 Ermenicesi \u00e7al\u0131\u015fmalar\u0131 yeni d\u00f6nemde de devam ediyor. \u00c7evrimi\u00e7i dil program\u0131n\u0131n ilk d\u00f6nemi 21 Eyl\u00fcl\u2019de ba\u015flayacak. Ba\u015fvurular 17 Eyl\u00fcl\u2019e kadar yap\u0131labilecek. 72 saat s\u00fcren \u00e7al\u0131\u015fmalarda, kat\u0131l\u0131mc\u0131lar 18 hafta boyunca haftada iki g\u00fcn, d\u00f6rt saat boyunca \u00e7al\u0131\u015fmalara kat\u0131lacaklar.<\/em><\/strong><\/p>\n\n\n\n<p class=\"wp-block-paragraph\">Hrant Dink Vakf\u0131\u2019n\u0131n 2016\u2019dan bu yana s\u00fcrd\u00fcrd\u00fc\u011f\u00fc Bat\u0131 Ermenicesi \u00e7al\u0131\u015fmalar\u0131 yeni d\u00f6nemi ba\u015fl\u0131yor.<\/p>\n\n\n\n<p class=\"wp-block-paragraph\">Dil \u00f6\u011frenme ve kullan\u0131m\u0131n\u0131 desteklemeyi ama\u00e7layan program kapsam\u0131nda Bat\u0131 Ermenicesi e\u011fitimlerinin yan\u0131 s\u0131ra konu\u015fma at\u00f6lyeleri ve \u00e7evrimi\u00e7i kaynaklar da kat\u0131l\u0131mc\u0131lar\u0131n kullan\u0131m\u0131na sunuluyor.<\/p>\n\n\n\n<p class=\"wp-block-paragraph\">Hrant Dink Vakf\u0131, Bat\u0131 Ermenicesini yaln\u0131zca yok olma tehlikesi alt\u0131ndaki bir k\u00fclt\u00fcrel miras olarak korumak yerine, ya\u015fayan ve de\u011fi\u015fen d\u00fcnyaya uyum sa\u011flayan \u00f6\u011fretim y\u00f6ntemleriyle yeni ku\u015faklara aktarmay\u0131 hedefliyor.<\/p>\n\n\n\n<h4 class=\"wp-block-heading\">Yeni d\u00f6nem 21 Eyl\u00fcl\u2019de<\/h4>\n\n\n\n<p class=\"wp-block-paragraph\">Vakf\u0131n Bat\u0131 Ermenicesi \u00e7al\u0131\u015fmalar\u0131 kapsam\u0131nda d\u00fczenlenen \u00e7evrimi\u00e7i e\u011fitim program\u0131n\u0131n yeni d\u00f6nemi iki b\u00f6l\u00fcmden olu\u015fuyor. \u0130lk d\u00f6nem 21 Eyl\u00fcl 2026-25 Ocak 2027, ikinci d\u00f6nem ise 15 \u015eubat-21 Haziran 2027 tarihleri aras\u0131nda ger\u00e7ekle\u015ftirilecek.<\/p>\n\n\n\n<p class=\"wp-block-paragraph\">Her d\u00f6nem toplam 72 saat s\u00fcrecek ve e\u011fitimler 18 hafta i\u00e7inde tamamlanacak. Program, haftada iki g\u00fcn, iki\u015fer saatlik dersler halinde Zoom \u00fczerinden \u00e7evrimi\u00e7i y\u00fcr\u00fct\u00fclecek.<\/p>\n\n\n\n<p class=\"wp-block-paragraph\">Programa ba\u015fvurular i\u00e7in son tarih ise 17 Eyl\u00fcl 2026.<\/p>\n\n\n\n<h4 class=\"wp-block-heading\">Konu\u015fma at\u00f6lyeleri ekimde<\/h4>\n\n\n\n<p class=\"wp-block-paragraph\">Bat\u0131 Ermenicesini temel d\u00fczeyde bilen ve \u00f6zellikle konu\u015fma becerileriyle kelime da\u011farc\u0131\u011f\u0131n\u0131 geli\u015ftirmek isteyenlere y\u00f6nelik konu\u015fma at\u00f6lyeleri de yeni d\u00f6nemde devam edecek.<\/p>\n\n\n\n<p class=\"wp-block-paragraph\">12 Ekim 2026\u2019da ba\u015flayacak at\u00f6lyeler 10 hafta boyunca haftada bir kez \u00e7evrimi\u00e7i yap\u0131lacak. At\u00f6lyelerin g\u00fcn ve saatleri ile kay\u0131t tarihleri eyl\u00fcl ay\u0131nda a\u00e7\u0131klanacak.<\/p>\n\n\n\n<h4 class=\"wp-block-heading\">Bat\u0131 Ermenicesi i\u00e7in \u00e7evrimi\u00e7i kaynaklar<\/h4>\n\n\n\n<p class=\"wp-block-paragraph\">Hrant Dink Vakf\u0131, e\u011fitim programlar\u0131n\u0131n yan\u0131 s\u0131ra Bat\u0131 Ermenicesi \u00f6\u011frenenlerin yararlanabilece\u011fi \u00e7e\u015fitli dijital kaynaklar da sunuyor.<\/p>\n\n\n\n<p class=\"wp-block-paragraph\">Vakf\u0131n haz\u0131rlad\u0131\u011f\u0131 \u201cBat\u0131 Ermenicesi i\u00e7in \u00c7evrimi\u00e7i Kaynaklar\u201d webinar\u0131nda, iml\u00e2 kontrol programlar\u0131ndan ses kay\u0131tlar\u0131na, makalelerden videolara kadar farkl\u0131 kaynaklar tan\u0131t\u0131l\u0131yor.<\/p>\n\n\n\n<p class=\"wp-block-paragraph\">Ayr\u0131ca \u201cErmeni Alfabesi Yaz\u0131m\u0131 \/ \u053b\u0576\u0579\u057a\u0567\u057d \u056f\u0568 \u0533\u0580\u0565\u0576\u0584 \u0540\u0561\u0575\u0565\u0580\u0567\u0576\u056b \u0531\u0575\u0562\u0578\u0582\u0562\u0565\u0576\u0568\u201d ba\u015fl\u0131kl\u0131 video serisi, her ya\u015ftan \u00f6\u011frencinin Ermeni alfabesini \u00f6\u011frenme s\u00fcrecini desteklemeyi ama\u00e7l\u0131yor.<\/p>\n\n\n\n<p class=\"wp-block-paragraph\">Program\u0131n y\u00fcr\u00fct\u00fcc\u00fcl\u00fc\u011f\u00fcn\u00fc ise uzun y\u0131llar Ermeni okullar\u0131nda \u00f6\u011fretmenlik ve y\u00f6neticilik yapan \u015eu\u015fan \u00d6zo\u011flu ile Ermenistan\u2019da Ermenice \u00f6\u011fretim y\u00f6ntemleri ve pedagoji \u00fczerine uzmanl\u0131k e\u011fitimi alan, 2010\u2019dan bu yana \u00f6\u011fretmenlik yapan Tamar Mangasar \u00fcstleniyor.<\/p>\n\n\n\n<p class=\"wp-block-paragraph\"><em>Daha fazla bilgi i\u00e7in Hrant Dink Vakf\u0131&#8217;n\u0131n\u00a0<a href=\"https:\/\/hrantdink.org\/tr\/bolis\/faaliyetler\/projeler\/bati-ermenicesi-programi\/4486-bati-ermenicesi-cevrimici-calismalari\" target=\"_blank\" rel=\"noreferrer noopener\">internet sitesi\u00a0<\/a>ziyaret edilebilir.<\/em><\/p>\n\n\n\n<p class=\"wp-block-paragraph\"><a href=\"https:\/\/www.agos.com.tr\/tr\/haber\/hrant-dink-vakfinin-bati-ermenicesi-calismalari-yeni-donemi-basliyor-41689\"><strong><em>https:\/\/www.agos.com.tr\/tr\/haber\/hrant-dink-vakfinin-bati-ermenicesi-calismalari-yeni-donemi-basliyor-41689<\/em><\/strong><\/a><\/p>\n\n\n\n<p class=\"wp-block-paragraph\"><\/p>\n","protected":false},"excerpt":{"rendered":"<p>Hrant Dink Vakf\u0131\u2019n\u0131n 2016\u2019dan bu yana s\u00fcrd\u00fcrd\u00fc\u011f\u00fc Bat\u0131 Ermenicesi \u00e7al\u0131\u015fmalar\u0131 yeni d\u00f6nemde de devam ediyor. \u00c7evrimi\u00e7i dil program\u0131n\u0131n ilk d\u00f6nemi 21 Eyl\u00fcl\u2019de ba\u015flayacak. Ba\u015fvurular 17 Eyl\u00fcl\u2019e kadar yap\u0131labilecek. 72 saat s\u00fcren \u00e7al\u0131\u015fmalarda, kat\u0131l\u0131mc\u0131lar 18 hafta boyunca haftada iki g\u00fcn, d\u00f6rt saat boyunca \u00e7al\u0131\u015fmalara kat\u0131lacaklar. Hrant Dink Vakf\u0131\u2019n\u0131n 2016\u2019dan bu yana s\u00fcrd\u00fcrd\u00fc\u011f\u00fc Bat\u0131 Ermenicesi \u00e7al\u0131\u015fmalar\u0131 yeni [&hellip;]<\/p>\n","protected":false},"author":1,"featured_media":87092,"comment_status":"open","ping_status":"open","sticky":false,"template":"","format":"standard","meta":{"footnotes":""},"categories":[74,1],"tags":[],"class_list":["post-87091","post","type-post","status-publish","format-standard","has-post-thumbnail","hentry","category-dil","category-haberler"],"yoast_head":"<!-- This site is optimized with the Yoast SEO plugin v28.1 - https:\/\/yoast.com\/product\/yoast-seo-wordpress\/ -->\n<title>Hrant Dink Vakf\u0131\u2019n\u0131n Bat\u0131 Ermenicesi \u00e7al\u0131\u015fmalar\u0131 yeni d\u00f6nemi ba\u015fl\u0131yor - Bati Ermenistan Ve Bati Ermenileri Sorunlari Ara\u015ftirmalar Merkezi<\/title>\n<meta name=\"robots\" content=\"index, follow, max-snippet:-1, max-image-preview:large, max-video-preview:-1\" \/>\n<link rel=\"canonical\" href=\"https:\/\/akunq.net\/tr\/?p=87091\" \/>\n<meta property=\"og:locale\" content=\"en_US\" \/>\n<meta property=\"og:type\" content=\"article\" \/>\n<meta property=\"og:title\" content=\"Hrant Dink Vakf\u0131\u2019n\u0131n Bat\u0131 Ermenicesi \u00e7al\u0131\u015fmalar\u0131 yeni d\u00f6nemi ba\u015fl\u0131yor - Bati Ermenistan Ve Bati Ermenileri Sorunlari Ara\u015ftirmalar Merkezi\" \/>\n<meta property=\"og:description\" content=\"Hrant Dink Vakf\u0131\u2019n\u0131n 2016\u2019dan bu yana s\u00fcrd\u00fcrd\u00fc\u011f\u00fc Bat\u0131 Ermenicesi \u00e7al\u0131\u015fmalar\u0131 yeni d\u00f6nemde de devam ediyor. \u00c7evrimi\u00e7i dil program\u0131n\u0131n ilk d\u00f6nemi 21 Eyl\u00fcl\u2019de ba\u015flayacak. Ba\u015fvurular 17 Eyl\u00fcl\u2019e kadar yap\u0131labilecek. 72 saat s\u00fcren \u00e7al\u0131\u015fmalarda, kat\u0131l\u0131mc\u0131lar 18 hafta boyunca haftada iki g\u00fcn, d\u00f6rt saat boyunca \u00e7al\u0131\u015fmalara kat\u0131lacaklar. Hrant Dink Vakf\u0131\u2019n\u0131n 2016\u2019dan bu yana s\u00fcrd\u00fcrd\u00fc\u011f\u00fc Bat\u0131 Ermenicesi \u00e7al\u0131\u015fmalar\u0131 yeni [&hellip;]\" \/>\n<meta property=\"og:url\" content=\"https:\/\/akunq.net\/tr\/?p=87091\" \/>\n<meta property=\"og:site_name\" content=\"Bati Ermenistan Ve Bati Ermenileri Sorunlari Ara\u015ftirmalar Merkezi\" \/>\n<meta property=\"article:published_time\" content=\"2026-09-01T10:25:36+00:00\" \/>\n<meta property=\"og:image\" content=\"https:\/\/akunq.net\/tr\/wp-content\/uploads\/sites\/6\/2026\/09\/Bati-Ermenicesi.jpg\" \/>\n\t<meta property=\"og:image:width\" content=\"711\" \/>\n\t<meta property=\"og:image:height\" content=\"400\" \/>\n\t<meta property=\"og:image:type\" content=\"image\/jpeg\" \/>\n<meta name=\"author\" content=\"admin\" \/>\n<meta name=\"twitter:card\" content=\"summary_large_image\" \/>\n<meta name=\"twitter:label1\" content=\"Written by\" \/>\n\t<meta name=\"twitter:data1\" content=\"admin\" \/>\n\t<meta name=\"twitter:label2\" content=\"Est. reading time\" \/>\n\t<meta name=\"twitter:data2\" content=\"2 minutes\" \/>\n<script type=\"application\/ld+json\" class=\"yoast-schema-graph\">{\"@context\":\"https:\\\/\\\/schema.org\",\"@graph\":[{\"@type\":\"Article\",\"@id\":\"https:\\\/\\\/akunq.net\\\/tr\\\/?p=87091#article\",\"isPartOf\":{\"@id\":\"https:\\\/\\\/akunq.net\\\/tr\\\/?p=87091\"},\"author\":{\"name\":\"admin\",\"@id\":\"https:\\\/\\\/akunq.net\\\/tr\\\/#\\\/schema\\\/person\\\/42a46675f00a8f1e84520e8c56500de3\"},\"headline\":\"Hrant Dink Vakf\u0131\u2019n\u0131n Bat\u0131 Ermenicesi \u00e7al\u0131\u015fmalar\u0131 yeni d\u00f6nemi ba\u015fl\u0131yor\",\"datePublished\":\"2026-09-01T10:25:36+00:00\",\"mainEntityOfPage\":{\"@id\":\"https:\\\/\\\/akunq.net\\\/tr\\\/?p=87091\"},\"wordCount\":489,\"commentCount\":0,\"image\":{\"@id\":\"https:\\\/\\\/akunq.net\\\/tr\\\/?p=87091#primaryimage\"},\"thumbnailUrl\":\"https:\\\/\\\/akunq.net\\\/tr\\\/wp-content\\\/uploads\\\/sites\\\/6\\\/2026\\\/09\\\/Bati-Ermenicesi.jpg\",\"articleSection\":[\"Dil\",\"Haberler\"],\"inLanguage\":\"en-US\",\"potentialAction\":[{\"@type\":\"CommentAction\",\"name\":\"Comment\",\"target\":[\"https:\\\/\\\/akunq.net\\\/tr\\\/?p=87091#respond\"]}]},{\"@type\":\"WebPage\",\"@id\":\"https:\\\/\\\/akunq.net\\\/tr\\\/?p=87091\",\"url\":\"https:\\\/\\\/akunq.net\\\/tr\\\/?p=87091\",\"name\":\"Hrant Dink Vakf\u0131\u2019n\u0131n Bat\u0131 Ermenicesi \u00e7al\u0131\u015fmalar\u0131 yeni d\u00f6nemi ba\u015fl\u0131yor - Bati Ermenistan Ve Bati Ermenileri Sorunlari Ara\u015ftirmalar Merkezi\",\"isPartOf\":{\"@id\":\"https:\\\/\\\/akunq.net\\\/tr\\\/#website\"},\"primaryImageOfPage\":{\"@id\":\"https:\\\/\\\/akunq.net\\\/tr\\\/?p=87091#primaryimage\"},\"image\":{\"@id\":\"https:\\\/\\\/akunq.net\\\/tr\\\/?p=87091#primaryimage\"},\"thumbnailUrl\":\"https:\\\/\\\/akunq.net\\\/tr\\\/wp-content\\\/uploads\\\/sites\\\/6\\\/2026\\\/09\\\/Bati-Ermenicesi.jpg\",\"datePublished\":\"2026-09-01T10:25:36+00:00\",\"author\":{\"@id\":\"https:\\\/\\\/akunq.net\\\/tr\\\/#\\\/schema\\\/person\\\/42a46675f00a8f1e84520e8c56500de3\"},\"breadcrumb\":{\"@id\":\"https:\\\/\\\/akunq.net\\\/tr\\\/?p=87091#breadcrumb\"},\"inLanguage\":\"en-US\",\"potentialAction\":[{\"@type\":\"ReadAction\",\"target\":[\"https:\\\/\\\/akunq.net\\\/tr\\\/?p=87091\"]}]},{\"@type\":\"ImageObject\",\"inLanguage\":\"en-US\",\"@id\":\"https:\\\/\\\/akunq.net\\\/tr\\\/?p=87091#primaryimage\",\"url\":\"https:\\\/\\\/akunq.net\\\/tr\\\/wp-content\\\/uploads\\\/sites\\\/6\\\/2026\\\/09\\\/Bati-Ermenicesi.jpg\",\"contentUrl\":\"https:\\\/\\\/akunq.net\\\/tr\\\/wp-content\\\/uploads\\\/sites\\\/6\\\/2026\\\/09\\\/Bati-Ermenicesi.jpg\",\"width\":711,\"height\":400},{\"@type\":\"BreadcrumbList\",\"@id\":\"https:\\\/\\\/akunq.net\\\/tr\\\/?p=87091#breadcrumb\",\"itemListElement\":[{\"@type\":\"ListItem\",\"position\":1,\"name\":\"Home\",\"item\":\"https:\\\/\\\/akunq.net\\\/tr\"},{\"@type\":\"ListItem\",\"position\":2,\"name\":\"Hrant Dink Vakf\u0131\u2019n\u0131n Bat\u0131 Ermenicesi \u00e7al\u0131\u015fmalar\u0131 yeni d\u00f6nemi ba\u015fl\u0131yor\"}]},{\"@type\":\"WebSite\",\"@id\":\"https:\\\/\\\/akunq.net\\\/tr\\\/#website\",\"url\":\"https:\\\/\\\/akunq.net\\\/tr\\\/\",\"name\":\"Bati Ermenistan Ve Bati Ermenileri Sorunlari Ara\u015ftirmalar Merkezi\",\"description\":\"\",\"potentialAction\":[{\"@type\":\"SearchAction\",\"target\":{\"@type\":\"EntryPoint\",\"urlTemplate\":\"https:\\\/\\\/akunq.net\\\/tr\\\/?s={search_term_string}\"},\"query-input\":{\"@type\":\"PropertyValueSpecification\",\"valueRequired\":true,\"valueName\":\"search_term_string\"}}],\"inLanguage\":\"en-US\"},{\"@type\":\"Person\",\"@id\":\"https:\\\/\\\/akunq.net\\\/tr\\\/#\\\/schema\\\/person\\\/42a46675f00a8f1e84520e8c56500de3\",\"name\":\"admin\",\"url\":\"https:\\\/\\\/akunq.net\\\/tr\\\/?author=1\"}]}<\/script>\n<!-- \/ Yoast SEO plugin. -->","yoast_head_json":{"title":"Hrant Dink Vakf\u0131\u2019n\u0131n Bat\u0131 Ermenicesi \u00e7al\u0131\u015fmalar\u0131 yeni d\u00f6nemi ba\u015fl\u0131yor - Bati Ermenistan Ve Bati Ermenileri Sorunlari Ara\u015ftirmalar Merkezi","robots":{"index":"index","follow":"follow","max-snippet":"max-snippet:-1","max-image-preview":"max-image-preview:large","max-video-preview":"max-video-preview:-1"},"canonical":"https:\/\/akunq.net\/tr\/?p=87091","og_locale":"en_US","og_type":"article","og_title":"Hrant Dink Vakf\u0131\u2019n\u0131n Bat\u0131 Ermenicesi \u00e7al\u0131\u015fmalar\u0131 yeni d\u00f6nemi ba\u015fl\u0131yor - Bati Ermenistan Ve Bati Ermenileri Sorunlari Ara\u015ftirmalar Merkezi","og_description":"Hrant Dink Vakf\u0131\u2019n\u0131n 2016\u2019dan bu yana s\u00fcrd\u00fcrd\u00fc\u011f\u00fc Bat\u0131 Ermenicesi \u00e7al\u0131\u015fmalar\u0131 yeni d\u00f6nemde de devam ediyor. \u00c7evrimi\u00e7i dil program\u0131n\u0131n ilk d\u00f6nemi 21 Eyl\u00fcl\u2019de ba\u015flayacak. Ba\u015fvurular 17 Eyl\u00fcl\u2019e kadar yap\u0131labilecek. 72 saat s\u00fcren \u00e7al\u0131\u015fmalarda, kat\u0131l\u0131mc\u0131lar 18 hafta boyunca haftada iki g\u00fcn, d\u00f6rt saat boyunca \u00e7al\u0131\u015fmalara kat\u0131lacaklar. Hrant Dink Vakf\u0131\u2019n\u0131n 2016\u2019dan bu yana s\u00fcrd\u00fcrd\u00fc\u011f\u00fc Bat\u0131 Ermenicesi \u00e7al\u0131\u015fmalar\u0131 yeni [&hellip;]","og_url":"https:\/\/akunq.net\/tr\/?p=87091","og_site_name":"Bati Ermenistan Ve Bati Ermenileri Sorunlari Ara\u015ftirmalar Merkezi","article_published_time":"2026-09-01T10:25:36+00:00","og_image":[{"width":711,"height":400,"url":"https:\/\/akunq.net\/tr\/wp-content\/uploads\/sites\/6\/2026\/09\/Bati-Ermenicesi.jpg","type":"image\/jpeg"}],"author":"admin","twitter_card":"summary_large_image","twitter_misc":{"Written by":"admin","Est. reading time":"2 minutes"},"schema":{"@context":"https:\/\/schema.org","@graph":[{"@type":"Article","@id":"https:\/\/akunq.net\/tr\/?p=87091#article","isPartOf":{"@id":"https:\/\/akunq.net\/tr\/?p=87091"},"author":{"name":"admin","@id":"https:\/\/akunq.net\/tr\/#\/schema\/person\/42a46675f00a8f1e84520e8c56500de3"},"headline":"Hrant Dink Vakf\u0131\u2019n\u0131n Bat\u0131 Ermenicesi \u00e7al\u0131\u015fmalar\u0131 yeni d\u00f6nemi ba\u015fl\u0131yor","datePublished":"2026-09-01T10:25:36+00:00","mainEntityOfPage":{"@id":"https:\/\/akunq.net\/tr\/?p=87091"},"wordCount":489,"commentCount":0,"image":{"@id":"https:\/\/akunq.net\/tr\/?p=87091#primaryimage"},"thumbnailUrl":"https:\/\/akunq.net\/tr\/wp-content\/uploads\/sites\/6\/2026\/09\/Bati-Ermenicesi.jpg","articleSection":["Dil","Haberler"],"inLanguage":"en-US","potentialAction":[{"@type":"CommentAction","name":"Comment","target":["https:\/\/akunq.net\/tr\/?p=87091#respond"]}]},{"@type":"WebPage","@id":"https:\/\/akunq.net\/tr\/?p=87091","url":"https:\/\/akunq.net\/tr\/?p=87091","name":"Hrant Dink Vakf\u0131\u2019n\u0131n Bat\u0131 Ermenicesi \u00e7al\u0131\u015fmalar\u0131 yeni d\u00f6nemi ba\u015fl\u0131yor - Bati Ermenistan Ve Bati Ermenileri Sorunlari Ara\u015ftirmalar Merkezi","isPartOf":{"@id":"https:\/\/akunq.net\/tr\/#website"},"primaryImageOfPage":{"@id":"https:\/\/akunq.net\/tr\/?p=87091#primaryimage"},"image":{"@id":"https:\/\/akunq.net\/tr\/?p=87091#primaryimage"},"thumbnailUrl":"https:\/\/akunq.net\/tr\/wp-content\/uploads\/sites\/6\/2026\/09\/Bati-Ermenicesi.jpg","datePublished":"2026-09-01T10:25:36+00:00","author":{"@id":"https:\/\/akunq.net\/tr\/#\/schema\/person\/42a46675f00a8f1e84520e8c56500de3"},"breadcrumb":{"@id":"https:\/\/akunq.net\/tr\/?p=87091#breadcrumb"},"inLanguage":"en-US","potentialAction":[{"@type":"ReadAction","target":["https:\/\/akunq.net\/tr\/?p=87091"]}]},{"@type":"ImageObject","inLanguage":"en-US","@id":"https:\/\/akunq.net\/tr\/?p=87091#primaryimage","url":"https:\/\/akunq.net\/tr\/wp-content\/uploads\/sites\/6\/2026\/09\/Bati-Ermenicesi.jpg","contentUrl":"https:\/\/akunq.net\/tr\/wp-content\/uploads\/sites\/6\/2026\/09\/Bati-Ermenicesi.jpg","width":711,"height":400},{"@type":"BreadcrumbList","@id":"https:\/\/akunq.net\/tr\/?p=87091#breadcrumb","itemListElement":[{"@type":"ListItem","position":1,"name":"Home","item":"https:\/\/akunq.net\/tr"},{"@type":"ListItem","position":2,"name":"Hrant Dink Vakf\u0131\u2019n\u0131n Bat\u0131 Ermenicesi \u00e7al\u0131\u015fmalar\u0131 yeni d\u00f6nemi ba\u015fl\u0131yor"}]},{"@type":"WebSite","@id":"https:\/\/akunq.net\/tr\/#website","url":"https:\/\/akunq.net\/tr\/","name":"Bati Ermenistan Ve Bati Ermenileri Sorunlari Ara\u015ftirmalar Merkezi","description":"","potentialAction":[{"@type":"SearchAction","target":{"@type":"EntryPoint","urlTemplate":"https:\/\/akunq.net\/tr\/?s={search_term_string}"},"query-input":{"@type":"PropertyValueSpecification","valueRequired":true,"valueName":"search_term_string"}}],"inLanguage":"en-US"},{"@type":"Person","@id":"https:\/\/akunq.net\/tr\/#\/schema\/person\/42a46675f00a8f1e84520e8c56500de3","name":"admin","url":"https:\/\/akunq.net\/tr\/?author=1"}]}},"_links":{"self":[{"href":"https:\/\/akunq.net\/tr\/index.php?rest_route=\/wp\/v2\/posts\/87091","targetHints":{"allow":["GET"]}}],"collection":[{"href":"https:\/\/akunq.net\/tr\/index.php?rest_route=\/wp\/v2\/posts"}],"about":[{"href":"https:\/\/akunq.net\/tr\/index.php?rest_route=\/wp\/v2\/types\/post"}],"author":[{"embeddable":true,"href":"https:\/\/akunq.net\/tr\/index.php?rest_route=\/wp\/v2\/users\/1"}],"replies":[{"embeddable":true,"href":"https:\/\/akunq.net\/tr\/index.php?rest_route=%2Fwp%2Fv2%2Fcomments&post=87091"}],"version-history":[{"count":1,"href":"https:\/\/akunq.net\/tr\/index.php?rest_route=\/wp\/v2\/posts\/87091\/revisions"}],"predecessor-version":[{"id":87093,"href":"https:\/\/akunq.net\/tr\/index.php?rest_route=\/wp\/v2\/posts\/87091\/revisions\/87093"}],"wp:featuredmedia":[{"embeddable":true,"href":"https:\/\/akunq.net\/tr\/index.php?rest_route=\/wp\/v2\/media\/87092"}],"wp:attachment":[{"href":"https:\/\/akunq.net\/tr\/index.php?rest_route=%2Fwp%2Fv2%2Fmedia&parent=87091"}],"wp:term":[{"taxonomy":"category","embeddable":true,"href":"https:\/\/akunq.net\/tr\/index.php?rest_route=%2Fwp%2Fv2%2Fcategories&post=87091"},{"taxonomy":"post_tag","embeddable":true,"href":"https:\/\/akunq.net\/tr\/index.php?rest_route=%2Fwp%2Fv2%2Ftags&post=87091"}],"curies":[{"name":"wp","href":"https:\/\/api.w.org\/{rel}","templated":true}]}}