{"id":87084,"date":"2026-08-31T02:17:31","date_gmt":"2026-08-31T07:17:31","guid":{"rendered":"https:\/\/akunq.net\/tr\/?p=87084"},"modified":"2026-08-31T02:17:32","modified_gmt":"2026-08-31T07:17:32","slug":"elazig-ermeni-mezarligi-tescillendi","status":"publish","type":"post","link":"https:\/\/akunq.net\/tr\/?p=87084","title":{"rendered":"Elazi\u011f Ermeni Mezarli\u011fi tescillendi"},"content":{"rendered":"\n<p class=\"wp-block-paragraph\"><strong><em>Elaz\u0131\u011f\u2019daki Ermeni Mezarl\u0131\u011f\u0131\u2019n\u0131n bulundu\u011fu alan, ada ve parsel baz\u0131nda k\u00fclt\u00fcr varl\u0131\u011f\u0131 olarak tescil edilerek resm\u00ee koruma stat\u00fcs\u00fcne kavu\u015ftu.<\/em><\/strong><\/p>\n\n\n\n<p class=\"wp-block-paragraph\">S\u00f6z konusu tescil, Elaz\u0131\u011f\u2019da y\u00fczy\u0131llar boyunca ya\u015fam\u0131\u015f Ermeni toplumunun tarih\u00ee ve k\u00fclt\u00fcrel miras\u0131n\u0131n korunmas\u0131 ve gelecek ku\u015faklara aktar\u0131lmas\u0131 a\u00e7\u0131s\u0131ndan \u00f6nemli bir kazan\u0131m niteli\u011fi ta\u015f\u0131yor.<\/p>\n\n\n\n<p class=\"wp-block-paragraph\"><strong>Tescil s\u00fcreci Peder Avedis\u2019in g\u00f6zetmenli\u011finde ve Arman Ya\u011fc\u0131\u2019n\u0131n \u00f6nc\u00fcl\u00fc\u011f\u00fcnde y\u00fcr\u00fct\u00fcld\u00fc<\/strong><\/p>\n\n\n\n<p class=\"wp-block-paragraph\">Tescil s\u00fcreci, Anadolu\u2019daki cemaatlerimiz Ruhani G\u00f6zetmeni Peder Avedis Taba\u015fyan\u2019\u0131n ruhani g\u00f6zetmenli\u011finde ve Arman Ya\u011fc\u0131\u2019n\u0131n \u00f6nc\u00fcl\u00fc\u011f\u00fcnde ger\u00e7ekle\u015ftirilen \u00e7al\u0131\u015fmalar sonucunda tamamland\u0131. Cemaat ad\u0131na ilgili kurumlarla yap\u0131lan g\u00f6r\u00fc\u015fmeler, ba\u015fvurular ve y\u00fcr\u00fct\u00fclen \u00e7al\u0131\u015fmalar titizlikle takip edilerek mezarl\u0131k alan\u0131n\u0131n korunmas\u0131na y\u00f6nelik gerekli s\u00fcre\u00e7ler sonu\u00e7land\u0131r\u0131ld\u0131.<\/p>\n\n\n\n<p class=\"wp-block-paragraph\">Bu \u00e7al\u0131\u015fmalar neticesinde Elaz\u0131\u011f Ermeni Mezarl\u0131\u011f\u0131 resm\u00ee koruma alt\u0131na al\u0131narak koruma g\u00fcvencesine kavu\u015ftu.<\/p>\n\n\n\n<p class=\"wp-block-paragraph\"><strong>Patrik Hazretleri\u2019nden Elaz\u0131\u011f cemaatine tebrik<\/strong><\/p>\n\n\n\n<p class=\"wp-block-paragraph\">Tescil karar\u0131n\u0131n ard\u0131ndan T\u00fcrkiye Ermenileri Patri\u011fi Kadasetli Sahak II. Hazretleri, Arman Ya\u011fc\u0131\u2019y\u0131 telefonla arayarak tebriklerini iletti.<\/p>\n\n\n\n<p class=\"wp-block-paragraph\">Patrik Hazretleri, bu anlaml\u0131 geli\u015fmeden duydu\u011fu memnuniyet ve heyecan\u0131 ifade ederek, tescilin Elaz\u0131\u011f Ermeni Cemaati\u2019nin tarih\u00ee ve k\u00fclt\u00fcrel miras\u0131n\u0131n korunmas\u0131 bak\u0131m\u0131ndan ta\u015f\u0131d\u0131\u011f\u0131 \u00f6neme dikkat \u00e7ekti. Patrik Hazretleri ayr\u0131ca Elaz\u0131\u011f Ermeni cemaatinin t\u00fcm \u00fcyelerine sevgi, selam ve dualar\u0131n\u0131 iletti.<\/p>\n\n\n\n<p class=\"wp-block-paragraph\"><strong>Ortak k\u00fclt\u00fcrel haf\u0131zam\u0131z i\u00e7in \u00f6nemli bir ad\u0131m<\/strong><\/p>\n\n\n\n<p class=\"wp-block-paragraph\">Elaz\u0131\u011f Ermeni Mezarl\u0131\u011f\u0131, kentte ya\u015fam\u0131\u015f Ermeni toplumunun ge\u00e7mi\u015fine \u0131\u015f\u0131k tutan \u00f6nemli bir tarih\u00ee ve k\u00fclt\u00fcrel haf\u0131za alan\u0131d\u0131r. Alan\u0131n tescil edilmesi, yaln\u0131zca mezarl\u0131\u011f\u0131n ve i\u00e7erisindeki tarih\u00ee unsurlar\u0131n korunmas\u0131 bak\u0131m\u0131ndan de\u011fil, Elaz\u0131\u011f\u2019\u0131n \u00e7ok k\u00fclt\u00fcrl\u00fc ge\u00e7mi\u015finin ve ortak k\u00fclt\u00fcrel miras\u0131n\u0131n gelecek ku\u015faklara aktar\u0131lmas\u0131 a\u00e7\u0131s\u0131ndan da b\u00fcy\u00fck \u00f6nem ta\u015f\u0131maktad\u0131r.<\/p>\n\n\n\n<p class=\"wp-block-paragraph\">Elaz\u0131\u011f Ermeni cemaati, bu \u00f6nemli s\u00fcrecin tamamlanmas\u0131na katk\u0131 sunan ba\u015fta Elaz\u0131\u011f Valili\u011fi, Elaz\u0131\u011f Belediyesi ve Elaz\u0131\u011f \u0130l K\u00fclt\u00fcr ve Turizm M\u00fcd\u00fcrl\u00fc\u011f\u00fc olmak \u00fczere, eme\u011fi ge\u00e7en t\u00fcm kurum, kurulu\u015f ve yetkililere te\u015fekk\u00fcrlerini sunmaktad\u0131r.<\/p>\n\n\n\n<p class=\"wp-block-paragraph\">Elaz\u0131\u011f Ermeni Mezarl\u0131\u011f\u0131\u2019n\u0131n tescil edilmesi, ge\u00e7mi\u015ften gelece\u011fe uzanan tarih\u00ee miras\u0131n korunmas\u0131 ad\u0131na anlaml\u0131 ve de\u011ferli bir ad\u0131m olmu\u015ftur.<\/p>\n\n\n\n<p class=\"wp-block-paragraph\"><a href=\"https:\/\/www.facebook.com\/TRHayBad\"><em><strong>https:\/\/www.facebook.com\/TRHayBad<\/strong><\/em><\/a><strong><em>\u00a0<\/em><\/strong><\/p>\n\n\n\n<p class=\"wp-block-paragraph\"><\/p>\n","protected":false},"excerpt":{"rendered":"<p>Elaz\u0131\u011f\u2019daki Ermeni Mezarl\u0131\u011f\u0131\u2019n\u0131n bulundu\u011fu alan, ada ve parsel baz\u0131nda k\u00fclt\u00fcr varl\u0131\u011f\u0131 olarak tescil edilerek resm\u00ee koruma stat\u00fcs\u00fcne kavu\u015ftu. S\u00f6z konusu tescil, Elaz\u0131\u011f\u2019da y\u00fczy\u0131llar boyunca ya\u015fam\u0131\u015f Ermeni toplumunun tarih\u00ee ve k\u00fclt\u00fcrel miras\u0131n\u0131n korunmas\u0131 ve gelecek ku\u015faklara aktar\u0131lmas\u0131 a\u00e7\u0131s\u0131ndan \u00f6nemli bir kazan\u0131m niteli\u011fi ta\u015f\u0131yor. Tescil s\u00fcreci Peder Avedis\u2019in g\u00f6zetmenli\u011finde ve Arman Ya\u011fc\u0131\u2019n\u0131n \u00f6nc\u00fcl\u00fc\u011f\u00fcnde y\u00fcr\u00fct\u00fcld\u00fc Tescil s\u00fcreci, Anadolu\u2019daki [&hellip;]<\/p>\n","protected":false},"author":1,"featured_media":87085,"comment_status":"open","ping_status":"open","sticky":false,"template":"","format":"standard","meta":{"footnotes":""},"categories":[22,1],"tags":[],"class_list":["post-87084","post","type-post","status-publish","format-standard","has-post-thumbnail","hentry","category-gunumuzde-bati-ermenistan","category-haberler"],"yoast_head":"<!-- This site is optimized with the Yoast SEO plugin v28.1 - https:\/\/yoast.com\/product\/yoast-seo-wordpress\/ -->\n<title>Elazi\u011f Ermeni Mezarli\u011fi tescillendi - Bati Ermenistan Ve Bati Ermenileri Sorunlari Ara\u015ftirmalar Merkezi<\/title>\n<meta name=\"robots\" content=\"index, follow, max-snippet:-1, max-image-preview:large, max-video-preview:-1\" \/>\n<link rel=\"canonical\" href=\"https:\/\/akunq.net\/tr\/?p=87084\" \/>\n<meta property=\"og:locale\" content=\"en_US\" \/>\n<meta property=\"og:type\" content=\"article\" \/>\n<meta property=\"og:title\" content=\"Elazi\u011f Ermeni Mezarli\u011fi tescillendi - Bati Ermenistan Ve Bati Ermenileri Sorunlari Ara\u015ftirmalar Merkezi\" \/>\n<meta property=\"og:description\" content=\"Elaz\u0131\u011f\u2019daki Ermeni Mezarl\u0131\u011f\u0131\u2019n\u0131n bulundu\u011fu alan, ada ve parsel baz\u0131nda k\u00fclt\u00fcr varl\u0131\u011f\u0131 olarak tescil edilerek resm\u00ee koruma stat\u00fcs\u00fcne kavu\u015ftu. S\u00f6z konusu tescil, Elaz\u0131\u011f\u2019da y\u00fczy\u0131llar boyunca ya\u015fam\u0131\u015f Ermeni toplumunun tarih\u00ee ve k\u00fclt\u00fcrel miras\u0131n\u0131n korunmas\u0131 ve gelecek ku\u015faklara aktar\u0131lmas\u0131 a\u00e7\u0131s\u0131ndan \u00f6nemli bir kazan\u0131m niteli\u011fi ta\u015f\u0131yor. Tescil s\u00fcreci Peder Avedis\u2019in g\u00f6zetmenli\u011finde ve Arman Ya\u011fc\u0131\u2019n\u0131n \u00f6nc\u00fcl\u00fc\u011f\u00fcnde y\u00fcr\u00fct\u00fcld\u00fc Tescil s\u00fcreci, Anadolu\u2019daki [&hellip;]\" \/>\n<meta property=\"og:url\" content=\"https:\/\/akunq.net\/tr\/?p=87084\" \/>\n<meta property=\"og:site_name\" content=\"Bati Ermenistan Ve Bati Ermenileri Sorunlari Ara\u015ftirmalar Merkezi\" \/>\n<meta property=\"article:published_time\" content=\"2026-08-31T07:17:31+00:00\" \/>\n<meta property=\"article:modified_time\" content=\"2026-08-31T07:17:32+00:00\" \/>\n<meta property=\"og:image\" content=\"https:\/\/akunq.net\/tr\/wp-content\/uploads\/sites\/6\/2026\/08\/ELAZIG-ERMENI-MEZARLIGI.webp\" \/>\n\t<meta property=\"og:image:width\" content=\"1024\" \/>\n\t<meta property=\"og:image:height\" content=\"768\" \/>\n\t<meta property=\"og:image:type\" content=\"image\/webp\" \/>\n<meta name=\"author\" content=\"admin\" \/>\n<meta name=\"twitter:card\" content=\"summary_large_image\" \/>\n<meta name=\"twitter:label1\" content=\"Written by\" \/>\n\t<meta name=\"twitter:data1\" content=\"admin\" \/>\n\t<meta name=\"twitter:label2\" content=\"Est. reading time\" \/>\n\t<meta name=\"twitter:data2\" content=\"2 minutes\" \/>\n<script type=\"application\/ld+json\" class=\"yoast-schema-graph\">{\"@context\":\"https:\\\/\\\/schema.org\",\"@graph\":[{\"@type\":\"Article\",\"@id\":\"https:\\\/\\\/akunq.net\\\/tr\\\/?p=87084#article\",\"isPartOf\":{\"@id\":\"https:\\\/\\\/akunq.net\\\/tr\\\/?p=87084\"},\"author\":{\"name\":\"admin\",\"@id\":\"https:\\\/\\\/akunq.net\\\/tr\\\/#\\\/schema\\\/person\\\/42a46675f00a8f1e84520e8c56500de3\"},\"headline\":\"Elazi\u011f Ermeni Mezarli\u011fi tescillendi\",\"datePublished\":\"2026-08-31T07:17:31+00:00\",\"dateModified\":\"2026-08-31T07:17:32+00:00\",\"mainEntityOfPage\":{\"@id\":\"https:\\\/\\\/akunq.net\\\/tr\\\/?p=87084\"},\"wordCount\":436,\"commentCount\":0,\"image\":{\"@id\":\"https:\\\/\\\/akunq.net\\\/tr\\\/?p=87084#primaryimage\"},\"thumbnailUrl\":\"https:\\\/\\\/akunq.net\\\/tr\\\/wp-content\\\/uploads\\\/sites\\\/6\\\/2026\\\/08\\\/ELAZIG-ERMENI-MEZARLIGI.webp\",\"articleSection\":[\"G\u00fcn\u00fcm\u00fczde Bat\u0131 Ermenistan\",\"Haberler\"],\"inLanguage\":\"en-US\",\"potentialAction\":[{\"@type\":\"CommentAction\",\"name\":\"Comment\",\"target\":[\"https:\\\/\\\/akunq.net\\\/tr\\\/?p=87084#respond\"]}]},{\"@type\":\"WebPage\",\"@id\":\"https:\\\/\\\/akunq.net\\\/tr\\\/?p=87084\",\"url\":\"https:\\\/\\\/akunq.net\\\/tr\\\/?p=87084\",\"name\":\"Elazi\u011f Ermeni Mezarli\u011fi tescillendi - Bati Ermenistan Ve Bati Ermenileri Sorunlari Ara\u015ftirmalar Merkezi\",\"isPartOf\":{\"@id\":\"https:\\\/\\\/akunq.net\\\/tr\\\/#website\"},\"primaryImageOfPage\":{\"@id\":\"https:\\\/\\\/akunq.net\\\/tr\\\/?p=87084#primaryimage\"},\"image\":{\"@id\":\"https:\\\/\\\/akunq.net\\\/tr\\\/?p=87084#primaryimage\"},\"thumbnailUrl\":\"https:\\\/\\\/akunq.net\\\/tr\\\/wp-content\\\/uploads\\\/sites\\\/6\\\/2026\\\/08\\\/ELAZIG-ERMENI-MEZARLIGI.webp\",\"datePublished\":\"2026-08-31T07:17:31+00:00\",\"dateModified\":\"2026-08-31T07:17:32+00:00\",\"author\":{\"@id\":\"https:\\\/\\\/akunq.net\\\/tr\\\/#\\\/schema\\\/person\\\/42a46675f00a8f1e84520e8c56500de3\"},\"breadcrumb\":{\"@id\":\"https:\\\/\\\/akunq.net\\\/tr\\\/?p=87084#breadcrumb\"},\"inLanguage\":\"en-US\",\"potentialAction\":[{\"@type\":\"ReadAction\",\"target\":[\"https:\\\/\\\/akunq.net\\\/tr\\\/?p=87084\"]}]},{\"@type\":\"ImageObject\",\"inLanguage\":\"en-US\",\"@id\":\"https:\\\/\\\/akunq.net\\\/tr\\\/?p=87084#primaryimage\",\"url\":\"https:\\\/\\\/akunq.net\\\/tr\\\/wp-content\\\/uploads\\\/sites\\\/6\\\/2026\\\/08\\\/ELAZIG-ERMENI-MEZARLIGI.webp\",\"contentUrl\":\"https:\\\/\\\/akunq.net\\\/tr\\\/wp-content\\\/uploads\\\/sites\\\/6\\\/2026\\\/08\\\/ELAZIG-ERMENI-MEZARLIGI.webp\",\"width\":1024,\"height\":768},{\"@type\":\"BreadcrumbList\",\"@id\":\"https:\\\/\\\/akunq.net\\\/tr\\\/?p=87084#breadcrumb\",\"itemListElement\":[{\"@type\":\"ListItem\",\"position\":1,\"name\":\"Home\",\"item\":\"https:\\\/\\\/akunq.net\\\/tr\"},{\"@type\":\"ListItem\",\"position\":2,\"name\":\"Elazi\u011f Ermeni Mezarli\u011fi tescillendi\"}]},{\"@type\":\"WebSite\",\"@id\":\"https:\\\/\\\/akunq.net\\\/tr\\\/#website\",\"url\":\"https:\\\/\\\/akunq.net\\\/tr\\\/\",\"name\":\"Bati Ermenistan Ve Bati Ermenileri Sorunlari Ara\u015ftirmalar Merkezi\",\"description\":\"\",\"potentialAction\":[{\"@type\":\"SearchAction\",\"target\":{\"@type\":\"EntryPoint\",\"urlTemplate\":\"https:\\\/\\\/akunq.net\\\/tr\\\/?s={search_term_string}\"},\"query-input\":{\"@type\":\"PropertyValueSpecification\",\"valueRequired\":true,\"valueName\":\"search_term_string\"}}],\"inLanguage\":\"en-US\"},{\"@type\":\"Person\",\"@id\":\"https:\\\/\\\/akunq.net\\\/tr\\\/#\\\/schema\\\/person\\\/42a46675f00a8f1e84520e8c56500de3\",\"name\":\"admin\",\"url\":\"https:\\\/\\\/akunq.net\\\/tr\\\/?author=1\"}]}<\/script>\n<!-- \/ Yoast SEO plugin. -->","yoast_head_json":{"title":"Elazi\u011f Ermeni Mezarli\u011fi tescillendi - Bati Ermenistan Ve Bati Ermenileri Sorunlari Ara\u015ftirmalar Merkezi","robots":{"index":"index","follow":"follow","max-snippet":"max-snippet:-1","max-image-preview":"max-image-preview:large","max-video-preview":"max-video-preview:-1"},"canonical":"https:\/\/akunq.net\/tr\/?p=87084","og_locale":"en_US","og_type":"article","og_title":"Elazi\u011f Ermeni Mezarli\u011fi tescillendi - Bati Ermenistan Ve Bati Ermenileri Sorunlari Ara\u015ftirmalar Merkezi","og_description":"Elaz\u0131\u011f\u2019daki Ermeni Mezarl\u0131\u011f\u0131\u2019n\u0131n bulundu\u011fu alan, ada ve parsel baz\u0131nda k\u00fclt\u00fcr varl\u0131\u011f\u0131 olarak tescil edilerek resm\u00ee koruma stat\u00fcs\u00fcne kavu\u015ftu. S\u00f6z konusu tescil, Elaz\u0131\u011f\u2019da y\u00fczy\u0131llar boyunca ya\u015fam\u0131\u015f Ermeni toplumunun tarih\u00ee ve k\u00fclt\u00fcrel miras\u0131n\u0131n korunmas\u0131 ve gelecek ku\u015faklara aktar\u0131lmas\u0131 a\u00e7\u0131s\u0131ndan \u00f6nemli bir kazan\u0131m niteli\u011fi ta\u015f\u0131yor. Tescil s\u00fcreci Peder Avedis\u2019in g\u00f6zetmenli\u011finde ve Arman Ya\u011fc\u0131\u2019n\u0131n \u00f6nc\u00fcl\u00fc\u011f\u00fcnde y\u00fcr\u00fct\u00fcld\u00fc Tescil s\u00fcreci, Anadolu\u2019daki [&hellip;]","og_url":"https:\/\/akunq.net\/tr\/?p=87084","og_site_name":"Bati Ermenistan Ve Bati Ermenileri Sorunlari Ara\u015ftirmalar Merkezi","article_published_time":"2026-08-31T07:17:31+00:00","article_modified_time":"2026-08-31T07:17:32+00:00","og_image":[{"width":1024,"height":768,"url":"https:\/\/akunq.net\/tr\/wp-content\/uploads\/sites\/6\/2026\/08\/ELAZIG-ERMENI-MEZARLIGI.webp","type":"image\/webp"}],"author":"admin","twitter_card":"summary_large_image","twitter_misc":{"Written by":"admin","Est. reading time":"2 minutes"},"schema":{"@context":"https:\/\/schema.org","@graph":[{"@type":"Article","@id":"https:\/\/akunq.net\/tr\/?p=87084#article","isPartOf":{"@id":"https:\/\/akunq.net\/tr\/?p=87084"},"author":{"name":"admin","@id":"https:\/\/akunq.net\/tr\/#\/schema\/person\/42a46675f00a8f1e84520e8c56500de3"},"headline":"Elazi\u011f Ermeni Mezarli\u011fi tescillendi","datePublished":"2026-08-31T07:17:31+00:00","dateModified":"2026-08-31T07:17:32+00:00","mainEntityOfPage":{"@id":"https:\/\/akunq.net\/tr\/?p=87084"},"wordCount":436,"commentCount":0,"image":{"@id":"https:\/\/akunq.net\/tr\/?p=87084#primaryimage"},"thumbnailUrl":"https:\/\/akunq.net\/tr\/wp-content\/uploads\/sites\/6\/2026\/08\/ELAZIG-ERMENI-MEZARLIGI.webp","articleSection":["G\u00fcn\u00fcm\u00fczde Bat\u0131 Ermenistan","Haberler"],"inLanguage":"en-US","potentialAction":[{"@type":"CommentAction","name":"Comment","target":["https:\/\/akunq.net\/tr\/?p=87084#respond"]}]},{"@type":"WebPage","@id":"https:\/\/akunq.net\/tr\/?p=87084","url":"https:\/\/akunq.net\/tr\/?p=87084","name":"Elazi\u011f Ermeni Mezarli\u011fi tescillendi - Bati Ermenistan Ve Bati Ermenileri Sorunlari Ara\u015ftirmalar Merkezi","isPartOf":{"@id":"https:\/\/akunq.net\/tr\/#website"},"primaryImageOfPage":{"@id":"https:\/\/akunq.net\/tr\/?p=87084#primaryimage"},"image":{"@id":"https:\/\/akunq.net\/tr\/?p=87084#primaryimage"},"thumbnailUrl":"https:\/\/akunq.net\/tr\/wp-content\/uploads\/sites\/6\/2026\/08\/ELAZIG-ERMENI-MEZARLIGI.webp","datePublished":"2026-08-31T07:17:31+00:00","dateModified":"2026-08-31T07:17:32+00:00","author":{"@id":"https:\/\/akunq.net\/tr\/#\/schema\/person\/42a46675f00a8f1e84520e8c56500de3"},"breadcrumb":{"@id":"https:\/\/akunq.net\/tr\/?p=87084#breadcrumb"},"inLanguage":"en-US","potentialAction":[{"@type":"ReadAction","target":["https:\/\/akunq.net\/tr\/?p=87084"]}]},{"@type":"ImageObject","inLanguage":"en-US","@id":"https:\/\/akunq.net\/tr\/?p=87084#primaryimage","url":"https:\/\/akunq.net\/tr\/wp-content\/uploads\/sites\/6\/2026\/08\/ELAZIG-ERMENI-MEZARLIGI.webp","contentUrl":"https:\/\/akunq.net\/tr\/wp-content\/uploads\/sites\/6\/2026\/08\/ELAZIG-ERMENI-MEZARLIGI.webp","width":1024,"height":768},{"@type":"BreadcrumbList","@id":"https:\/\/akunq.net\/tr\/?p=87084#breadcrumb","itemListElement":[{"@type":"ListItem","position":1,"name":"Home","item":"https:\/\/akunq.net\/tr"},{"@type":"ListItem","position":2,"name":"Elazi\u011f Ermeni Mezarli\u011fi tescillendi"}]},{"@type":"WebSite","@id":"https:\/\/akunq.net\/tr\/#website","url":"https:\/\/akunq.net\/tr\/","name":"Bati Ermenistan Ve Bati Ermenileri Sorunlari Ara\u015ftirmalar Merkezi","description":"","potentialAction":[{"@type":"SearchAction","target":{"@type":"EntryPoint","urlTemplate":"https:\/\/akunq.net\/tr\/?s={search_term_string}"},"query-input":{"@type":"PropertyValueSpecification","valueRequired":true,"valueName":"search_term_string"}}],"inLanguage":"en-US"},{"@type":"Person","@id":"https:\/\/akunq.net\/tr\/#\/schema\/person\/42a46675f00a8f1e84520e8c56500de3","name":"admin","url":"https:\/\/akunq.net\/tr\/?author=1"}]}},"_links":{"self":[{"href":"https:\/\/akunq.net\/tr\/index.php?rest_route=\/wp\/v2\/posts\/87084","targetHints":{"allow":["GET"]}}],"collection":[{"href":"https:\/\/akunq.net\/tr\/index.php?rest_route=\/wp\/v2\/posts"}],"about":[{"href":"https:\/\/akunq.net\/tr\/index.php?rest_route=\/wp\/v2\/types\/post"}],"author":[{"embeddable":true,"href":"https:\/\/akunq.net\/tr\/index.php?rest_route=\/wp\/v2\/users\/1"}],"replies":[{"embeddable":true,"href":"https:\/\/akunq.net\/tr\/index.php?rest_route=%2Fwp%2Fv2%2Fcomments&post=87084"}],"version-history":[{"count":1,"href":"https:\/\/akunq.net\/tr\/index.php?rest_route=\/wp\/v2\/posts\/87084\/revisions"}],"predecessor-version":[{"id":87086,"href":"https:\/\/akunq.net\/tr\/index.php?rest_route=\/wp\/v2\/posts\/87084\/revisions\/87086"}],"wp:featuredmedia":[{"embeddable":true,"href":"https:\/\/akunq.net\/tr\/index.php?rest_route=\/wp\/v2\/media\/87085"}],"wp:attachment":[{"href":"https:\/\/akunq.net\/tr\/index.php?rest_route=%2Fwp%2Fv2%2Fmedia&parent=87084"}],"wp:term":[{"taxonomy":"category","embeddable":true,"href":"https:\/\/akunq.net\/tr\/index.php?rest_route=%2Fwp%2Fv2%2Fcategories&post=87084"},{"taxonomy":"post_tag","embeddable":true,"href":"https:\/\/akunq.net\/tr\/index.php?rest_route=%2Fwp%2Fv2%2Ftags&post=87084"}],"curies":[{"name":"wp","href":"https:\/\/api.w.org\/{rel}","templated":true}]}}