{"id":87078,"date":"2026-08-31T01:46:59","date_gmt":"2026-08-31T06:46:59","guid":{"rendered":"https:\/\/akunq.net\/tr\/?p=87078"},"modified":"2026-08-31T01:46:59","modified_gmt":"2026-08-31T06:46:59","slug":"guzelyurtta-1640-yillik-tarih-manastir-vadisi-gecmise-kapi-araliyor","status":"publish","type":"post","link":"https:\/\/akunq.net\/tr\/?p=87078","title":{"rendered":"G\u00fczelyurt\u2019ta 1640 y\u0131ll\u0131k tarih: Manast\u0131r vadisi ge\u00e7mi\u015fe kap\u0131 aral\u0131yor"},"content":{"rendered":"\n<p class=\"wp-block-paragraph\"><a href=\"https:\/\/www.gazetevatan.com\/muhabirler\/muberra-goren\/\"><strong>M\u00fcberra G\u00f6ren\u00a0<\/strong><\/a><\/p>\n\n\n\n<h2 class=\"wp-block-heading\"><em><a href=\"https:\/\/www.gazetevatan.com\/haberleri\/kapadokya\" target=\"_blank\" rel=\"noreferrer noopener\">Kapadokya<\/a>\u2019n\u0131n daha az bilinen tarihi rotalar\u0131ndan\u00a0<a href=\"https:\/\/www.gazetevatan.com\/haberleri\/guzelyurt\" target=\"_blank\" rel=\"noreferrer noopener\">G\u00fczelyurt<\/a>\u2019taki\u00a0<a href=\"https:\/\/www.gazetevatan.com\/haberleri\/manastir-vadisi\" target=\"_blank\" rel=\"noreferrer noopener\">Manast\u0131r Vadisi<\/a>,\u00a0<a href=\"https:\/\/www.gazetevatan.com\/haberleri\/kaya-oyma-kiliseleri\" target=\"_blank\" rel=\"noreferrer noopener\">kaya oyma kiliseleri<\/a>, manast\u0131rlar\u0131, yer alt\u0131 yap\u0131lar\u0131 ve geleneksel ta\u015f evleriyle ziyaret\u00e7ilerini y\u00fczy\u0131 lar \u00f6ncesine g\u00f6t\u00fcr\u00fcyor. Yakla\u015f\u0131k 5,5 kilometre boyunca uzanan vadi,\u00a0<a href=\"https:\/\/www.gazetevatan.com\/haberleri\/erken-hristiyanlik\" target=\"_blank\" rel=\"noreferrer noopener\">erken Hristiyanl\u0131k<\/a>d\u00f6neminden Cumhuriyet\u2019e uzanan \u00e7ok katmanl\u0131 tarihiyle adeta a\u00e7\u0131k hava m\u00fczesi g\u00f6r\u00fcn\u00fcm\u00fc sunuyor.\u00a0<\/em><\/h2>\n\n\n\n<p class=\"wp-block-paragraph\">T\u00fcrkiye&nbsp;<a href=\"https:\/\/www.gazetevatan.com\/haberleri\/turizm\" target=\"_blank\" rel=\"noreferrer noopener\">Turizm<\/a>&nbsp;Tan\u0131t\u0131m ve Geli\u015ftirme Ajans\u0131\u2019n\u0131n (TGA) y\u00fcr\u00fct\u00fcc\u00fcl\u00fc\u011f\u00fcn\u00fc \u00fcstlendi\u011fi \u201cKadim \u015eehirler Yolu: Aksaray, Ni\u011fde,&nbsp;<a href=\"https:\/\/www.gazetevatan.com\/haberleri\/kayseri\" target=\"_blank\" rel=\"noreferrer noopener\">Kayseri<\/a>&nbsp;(Bilinmeyen&nbsp;<a href=\"https:\/\/www.gazetevatan.com\/haberleri\/kapadokya\" target=\"_blank\" rel=\"noreferrer noopener\">Kapadokya<\/a>)\u201dprojesi kapsam\u0131nda olu\u015fturulan 3 g\u00fcnl\u00fck rota, b\u00f6lgenin daha az bilinen k\u00fclt\u00fcrel, tarihi ve do\u011fal de\u011ferlerini turizme kazand\u0131rmay\u0131 ama\u00e7l\u0131yor. Aksaray,Ni\u011fde ve Kayseri valiliklerinin katk\u0131lar\u0131yla haz\u0131rlanan rotan\u0131n, i\u00e7 turizm acentelerinin paket programlar\u0131na dahil edilmesi hedefleniyor.<\/p>\n\n\n\n<p class=\"wp-block-paragraph\">2<img decoding=\"async\" src=\"https:\/\/i0.wp.com\/image.gazetevatan.com\/i\/gazetevatan\/75\/850x0\/6a902c4d9b191ee96e4ee656.jpg?ssl=1\" alt=\"G\u00fczelyurt\u2019ta 1640 y\u0131ll\u0131k tarih: Manast\u0131r vadisi ge\u00e7mi\u015fe kap\u0131 aral\u0131yor\"><\/p>\n\n\n\n<h2 class=\"wp-block-heading\">MANASTIR YA\u015eAMININ \u0130ZLER\u0130 4. Y\u00dcZYILA UZANIYOR<\/h2>\n\n\n\n<p class=\"wp-block-paragraph\">Aksaray\u2019\u0131n G\u00fczelyurt il\u00e7esindeki Manast\u0131r Vadisi\u2019nde manast\u0131r ya\u015fam\u0131n\u0131n izlerinin 4. y\u00fczy\u0131la kadar uzand\u0131\u011f\u0131 belirtiliyor. Din bilgini Aziz GregoriusTheologos\u2019un b\u00f6lgeye gelmesiyle Hristiyanl\u0131k a\u00e7\u0131s\u0131ndan \u00f6nemli bir merkez haline gelen G\u00fczelyurt, zamanla kaya i\u00e7erisine oyulan kilise, \u015fapel vemanast\u0131rlarla \u00f6nemli bir inan\u00e7 merkezi oldu.Volkanik t\u00fcflerin Tunguru Deresi taraf\u0131ndan a\u015f\u0131nd\u0131r\u0131lmas\u0131yla olu\u015fan vadi; derin yarlar\u0131, do\u011fal kaya olu\u015fumlar\u0131 ve kaya oyma yap\u0131lar\u0131yla Ihlara Vadisi\u2019nindaha k\u00fc\u00e7\u00fck \u00f6l\u00e7ekli bir benzerini and\u0131r\u0131yor.<\/p>\n\n\n\n<figure class=\"wp-block-image\"><img decoding=\"async\" src=\"https:\/\/i0.wp.com\/image.gazetevatan.com\/i\/gazetevatan\/75\/850x0\/6a902c4d9b191ee96e4ee654.jpg?ssl=1\" alt=\"G\u00fczelyurt\u2019ta 1640 y\u0131ll\u0131k tarih: Manast\u0131r vadisi ge\u00e7mi\u015fe kap\u0131 aral\u0131yor\"\/><\/figure>\n\n\n\n<h2 class=\"wp-block-heading\">1640 YILLIK B\u00dcY\u00dcK K\u0130L\u0130SE<\/h2>\n\n\n\n<p class=\"wp-block-paragraph\">Manast\u0131r Vadisi\u2019nin en dikkat \u00e7ekici yap\u0131lar\u0131ndan biri, g\u00fcn\u00fcm\u00fczde B\u00fcy\u00fck Kilise Camii olarak bilinen Aziz Gregorius Theologos Kilisesi.Bizans \u0130mparatoru I. Theodosius taraf\u0131ndan MS 385 y\u0131l\u0131nda Aziz Gregorius Theologos ad\u0131na yapt\u0131r\u0131lan yap\u0131, yakla\u015f\u0131k 1640 y\u0131ll\u0131k ge\u00e7mi\u015fiyle G\u00fczelyurt\u2019unen \u00f6nemli tarihi miraslar\u0131 aras\u0131nda bulunuyor. Kilise, y\u00fczy\u0131llar i\u00e7erisinde \u00e7e\u015fitli de\u011fi\u015fiklik ve onar\u0131mlardan ge\u00e7irilirken, kapsaml\u0131 m\u00fcdahaleler 1835 ve 1896y\u0131llar\u0131nda ger\u00e7ekle\u015ftirildi.<br><br>1924 y\u0131l\u0131ndaki T\u00fcrkiye-Yunanistan N\u00fcfus M\u00fcbadelesi sonras\u0131nda b\u00f6lgedeki Ortodoks Rum n\u00fcfusun ayr\u0131lmas\u0131yla yap\u0131 camiye d\u00f6n\u00fc\u015ft\u00fcr\u00fcld\u00fc.<br><br>Kilisenin avlusunun g\u00fcneybat\u0131s\u0131nda yakla\u015f\u0131k 35-40 basamakla inilen kaya oyma bir ayazma bulunuyor. Kutsal su kayna\u011f\u0131 olarak de\u011ferlendirilenayazman\u0131n yan\u0131 s\u0131ra avluda ge\u00e7mi\u015fte misafirhane, \u015fapel, f\u0131r\u0131n ve depo olarak kullan\u0131lan b\u00f6l\u00fcmler de yer al\u0131yordu.<\/p>\n\n\n\n<p class=\"wp-block-paragraph\">4<img decoding=\"async\" src=\"https:\/\/i0.wp.com\/image.gazetevatan.com\/i\/gazetevatan\/75\/850x0\/6a902c4d9b191ee96e4ee658.jpg?ssl=1\" alt=\"G\u00fczelyurt\u2019ta 1640 y\u0131ll\u0131k tarih: Manast\u0131r vadisi ge\u00e7mi\u015fe kap\u0131 aral\u0131yor\"><\/p>\n\n\n\n<h2 class=\"wp-block-heading\">MANASTIR VAD\u0130S\u0130\u2019NDE MUTLAKA G\u00d6R\u00dcLMES\u0130 GEREKEN YAPILAR<\/h2>\n\n\n\n<p class=\"wp-block-paragraph\">Vadi boyunca farkl\u0131 d\u00f6nemlerde ibadet, bar\u0131nma ve g\u00fcnl\u00fck ya\u015fam amac\u0131yla kullan\u0131ld\u0131\u011f\u0131 de\u011ferlendirilen \u00e7ok say\u0131da kaya oyma yap\u0131 bulunuyor.* Sivi\u015fli Kilise: Aziz Anargirios ad\u0131yla da bilinen yap\u0131, kaya k\u00fctlesinin do\u011fal yap\u0131s\u0131ndan yararlan\u0131larak olu\u015fturulmu\u015f dini yap\u0131lardan biri.* \u00c7\u00f6mlek\u00e7i Kilisesi: Kaya oyma mimarinin vadideki \u00f6rneklerinden olan yap\u0131, b\u00f6lgenin ge\u00e7mi\u015fteki ya\u015fam k\u00fclt\u00fcr\u00fcne \u0131\u015f\u0131k tutuyor.* Kalburlu Kilise: Aziz Ephtemios ad\u0131yla da bilinen yap\u0131, kaya olu\u015fumlar\u0131yla b\u00fct\u00fcnle\u015fen mimarisiyle dikkat \u00e7ekiyor.* K\u00f6m\u00fcrl\u00fc Kilise: Kaya dokusu ve \u00e7evresindeki do\u011fal olu\u015fumlarla vadinin karakteristik yap\u0131s\u0131n\u0131 yans\u0131t\u0131yor.* Ko\u00e7 Kilisesi: Hac\u0131 Saadet Ko\u00e7 Kilisesi ad\u0131yla da bilinen yap\u0131, kaya oyma dini mimarinin \u00f6rnekleri aras\u0131nda yer al\u0131yor.* Cafarlar Kilisesi: Vadi i\u00e7erisindeki dini yap\u0131lar\u0131n \u00f6nemli \u00f6rneklerinden biri olarak \u00f6ne \u00e7\u0131k\u0131yor.* Kuyu Kilisesi: Kaya oyma yap\u0131s\u0131yla vadinin do\u011fal \u00e7evreyle b\u00fct\u00fcnle\u015fen tarihi dokusunu yans\u0131t\u0131yor.* Meryem Ana Kilisesi: Meryem Ana\u2019ya adanan yap\u0131, b\u00f6lgenin Hristiyanl\u0131k miras\u0131n\u0131n izlerini ta\u015f\u0131yor.* Papaz Evi: Kaya oyma mimarinin ibadet mekanlar\u0131n\u0131n yan\u0131 s\u0131ra dini ya\u015fam\u0131n s\u00fcrd\u00fcr\u00fcld\u00fc\u011f\u00fc yap\u0131larda da kullan\u0131ld\u0131\u011f\u0131n\u0131 g\u00f6steriyor.<\/p>\n\n\n\n<figure class=\"wp-block-image\"><img decoding=\"async\" src=\"https:\/\/i0.wp.com\/image.gazetevatan.com\/i\/gazetevatan\/75\/850x0\/6a902c579b191ee96e4ee65d.jpg?ssl=1\" alt=\"G\u00fczelyurt\u2019ta 1640 y\u0131ll\u0131k tarih: Manast\u0131r vadisi ge\u00e7mi\u015fe kap\u0131 aral\u0131yor\"\/><\/figure>\n\n\n\n<h2 class=\"wp-block-heading\">YER ALTINDA G\u0130ZEML\u0130 YA\u015eAM<\/h2>\n\n\n\n<p class=\"wp-block-paragraph\">G\u00fczelyurt\u2019un tarihi miras\u0131 vadinin y\u00fczeyindeki yap\u0131larla s\u0131n\u0131rl\u0131 kalm\u0131yor. \u0130l\u00e7edeki yer alt\u0131 \u015fehirleri de ge\u00e7mi\u015fteki ya\u015fam bi\u00e7imine ili\u015fkin \u00f6nemli izler ta\u015f\u0131yor.<br><br>Roma ve Bizans d\u00f6nemlerinde b\u00f6lgede ya\u015fayan Hristiyanlar\u0131n bask\u0131 ve istilalardan korunmak amac\u0131yla kulland\u0131\u011f\u0131 de\u011ferlendirilen yer alt\u0131 yap\u0131lar\u0131ndadevasa s\u00fcrg\u00fc ta\u015flar\u0131, de\u011firmen ta\u015f\u0131 \u015feklindeki kap\u0131lar, havaland\u0131rma bacalar\u0131, su kuyular\u0131, tand\u0131rlar ve g\u00fcvercinlikler bulunuyor.<br><br>Yer alt\u0131 \u015fehrinin \u00fcst b\u00f6l\u00fcmlerindeki geni\u015f hayvan bar\u0131naklar\u0131 ve kaya oyma yemlikler ise yap\u0131n\u0131n yaln\u0131zca korunma amac\u0131yla kullan\u0131lmad\u0131\u011f\u0131n\u0131d\u00fc\u015f\u00fcnd\u00fcr\u00fcyor. Bu nedenle yap\u0131n\u0131n ge\u00e7mi\u015fte bir \u201cyer alt\u0131 kervansaray\u0131\u201d olarak kullan\u0131lm\u0131\u015f olabilece\u011fi tahmin ediliyor.<\/p>\n\n\n\n<p class=\"wp-block-paragraph\">6<img decoding=\"async\" src=\"https:\/\/i0.wp.com\/image.gazetevatan.com\/i\/gazetevatan\/75\/850x0\/6a902c5c9b191ee96e4ee65f.jpg?ssl=1\" alt=\"G\u00fczelyurt\u2019ta 1640 y\u0131ll\u0131k tarih: Manast\u0131r vadisi ge\u00e7mi\u015fe kap\u0131 aral\u0131yor\"><\/p>\n\n\n\n<h2 class=\"wp-block-heading\">G\u00dcZELYURT\u2019UN MERKEZ\u0130NDE TAR\u0130H YOLCULU\u011eU<\/h2>\n\n\n\n<p class=\"wp-block-paragraph\">Manast\u0131r Vadisi\u2019nin yan\u0131 s\u0131ra G\u00fczelyurt il\u00e7e merkezinde ve \u00e7evredeki tepelerde de \u00e7ok say\u0131da tarihi yap\u0131 bulunuyor.\u0130l\u00e7eye hakim bir noktada yer alan Y\u00fcksek Kilise, di\u011fer ad\u0131yla Analipsis Kilisesi, hem mimarisi hem de \u00e7evresine hakim manzaras\u0131yla \u00f6ne \u00e7\u0131k\u0131yor.<br><br>G\u00fcn\u00fcm\u00fczde A\u015fa\u011f\u0131 Camii olarak kullan\u0131lan Aziz Spyridon Kilisesi de G\u00fczelyurt\u2019un farkl\u0131 d\u00f6nemlere ait dini miras\u0131n\u0131n g\u00fcn\u00fcm\u00fczde ya\u015famaya devam eden\u00f6rnekleri aras\u0131nda. Aziz Yannis Kilisesi ve Aziz George \u015eapeli ise il\u00e7edeki di\u011fer tarihi dini yap\u0131lar aras\u0131nda bulunuyor.<\/p>\n\n\n\n<figure class=\"wp-block-image\"><img decoding=\"async\" src=\"https:\/\/i0.wp.com\/image.gazetevatan.com\/i\/gazetevatan\/75\/850x0\/6a902c619b191ee96e4ee661.jpg?ssl=1\" alt=\"G\u00fczelyurt\u2019ta 1640 y\u0131ll\u0131k tarih: Manast\u0131r vadisi ge\u00e7mi\u015fe kap\u0131 aral\u0131yor\"\/><\/figure>\n\n\n\n<h2 class=\"wp-block-heading\">T\u00dcRKLER VE ORTODOKS HR\u0130ST\u0130YANLAR Y\u00dcZYILLARCA B\u0130RL\u0130KTE YA\u015eADI<\/h2>\n\n\n\n<p class=\"wp-block-paragraph\">Antik d\u00f6nemden bu yana yerle\u015fim yeri olan G\u00fczelyurt, 1924 y\u0131l\u0131ndaki m\u00fcbadeleye kadar T\u00fcrkler ile Ortodoks Hristiyan n\u00fcfusun bir arada ya\u015fad\u0131\u011f\u0131\u00f6nemli merkezlerden biri oldu.<br><br>B\u00f6lgenin k\u00fclt\u00fcrel ge\u00e7mi\u015finde Karamanl\u0131ca da \u00f6nemli bir yere sahip. Hristiyan halk\u0131n g\u00fcnl\u00fck ya\u015famda T\u00fcrk\u00e7e konu\u015ftu\u011fu, ancak T\u00fcrk\u00e7eyi Yunancaharflerle yazd\u0131\u011f\u0131 biliniyor.<br><br>M\u00fcbadele sonras\u0131nda b\u00f6lgeden ayr\u0131lan Ortodoks halk\u0131n bir b\u00f6l\u00fcm\u00fc Yunanistan\u2019a g\u00f6\u00e7 ederken, G\u00fczelyurt\u2019tan gidenlerin bir b\u00f6l\u00fcm\u00fc Kavala yak\u0131nlar\u0131ndaNea Karvali, yani \u201cYeni Gelveri\u201d yerle\u015fimini kurdu. G\u00fcn\u00fcm\u00fczde m\u00fcbadil torunlar\u0131n\u0131n G\u00fczelyurt\u2019u ziyaret ederek atalar\u0131n\u0131n ya\u015fad\u0131\u011f\u0131 topraklarla ba\u011flar\u0131n\u0131s\u00fcrd\u00fcrd\u00fc\u011f\u00fc belirtiliyor.<\/p>\n\n\n\n<p class=\"wp-block-paragraph\">8<img decoding=\"async\" src=\"https:\/\/i0.wp.com\/image.gazetevatan.com\/i\/gazetevatan\/75\/850x0\/6a902d9e9b191ee96e4ee66c.jpg?ssl=1\" alt=\"G\u00fczelyurt\u2019ta 1640 y\u0131ll\u0131k tarih: Manast\u0131r vadisi ge\u00e7mi\u015fe kap\u0131 aral\u0131yor\"><\/p>\n\n\n\n<h2 class=\"wp-block-heading\">GELVER\u0130 EVLER\u0130 TAR\u0130H\u0130 DOKUYU TAMAMLIYOR<\/h2>\n\n\n\n<p class=\"wp-block-paragraph\">G\u00fczelyurt\u2019un tarihi dokusunun \u00f6nemli par\u00e7alar\u0131ndan biri de \u00f6zg\u00fcn kesme ta\u015f mimarisiyle dikkat \u00e7eken Gelveri Evleri.<br><br>Kaya oyma yap\u0131lar, kiliseler, manast\u0131rlar, yer alt\u0131 \u015fehirleri ve geleneksel ta\u015f evler, il\u00e7enin farkl\u0131 d\u00f6nemlere ait k\u00fclt\u00fcrel miras\u0131n\u0131 bir arada ya\u015fat\u0131yor.Volkanik t\u00fcflerin \u015fekillendirdi\u011fi do\u011fal vadilerle insan eliyle olu\u015fturulan kaya oyma mimarinin i\u00e7 i\u00e7e ge\u00e7ti\u011fi Manast\u0131r Vadisi, erken Hristiyanl\u0131k d\u00f6nemindenOsmanl\u0131 ve Cumhuriyet d\u00f6nemlerine uzanan \u00e7ok katmanl\u0131 tarihiyle G\u00fczelyurt\u2019un \u00f6nemli k\u00fclt\u00fcrel miras alanlar\u0131 aras\u0131nda yer al\u0131yor.<br><br>Yakla\u015f\u0131k 5,5 kilometrelik vadi boyunca uzanan tarihi yap\u0131lar ve G\u00fczelyurt\u2019un geleneksel mimarisi, il\u00e7eyi Kapadokya\u2019n\u0131n daha az bilinen ancak tarih vek\u00fclt\u00fcr a\u00e7\u0131s\u0131ndan zengin rotalar\u0131ndan biri haline getiriyor.<br><br>TGA\u2019n\u0131n y\u00fcr\u00fctt\u00fc\u011f\u00fc \u201cKadim \u015eehirler Yolu: Aksaray, Ni\u011fde, Kayseri (Bilinmeyen Kapadokya)\u201d rotas\u0131yla G\u00fczelyurt\u2019un \u00e7ok katmanl\u0131 tarihi miras\u0131n\u0131n dahageni\u015f kitlelere tan\u0131t\u0131lmas\u0131 ve b\u00f6lgenin turizm potansiyelinin art\u0131r\u0131lmas\u0131 hedefleniyor.<\/p>\n\n\n\n<p class=\"wp-block-paragraph\"><a href=\"https:\/\/www.gazetevatan.com\/galeri\/guzelyurtta-1640-yillik-tarih-manastir-vadisi-gecmise-kapi-araliyor-2401753\/8\"><strong><em>https:\/\/www.gazetevatan.com\/galeri\/guzelyurtta-1640-yillik-tarih-manastir-vadisi-gecmise-kapi-araliyor-2401753\/8<\/em><\/strong><\/a><\/p>\n","protected":false},"excerpt":{"rendered":"<p>M\u00fcberra G\u00f6ren\u00a0 Kapadokya\u2019n\u0131n daha az bilinen tarihi rotalar\u0131ndan\u00a0G\u00fczelyurt\u2019taki\u00a0Manast\u0131r Vadisi,\u00a0kaya oyma kiliseleri, manast\u0131rlar\u0131, yer alt\u0131 yap\u0131lar\u0131 ve geleneksel ta\u015f evleriyle ziyaret\u00e7ilerini y\u00fczy\u0131 lar \u00f6ncesine g\u00f6t\u00fcr\u00fcyor. Yakla\u015f\u0131k 5,5 kilometre boyunca uzanan vadi,\u00a0erken Hristiyanl\u0131kd\u00f6neminden Cumhuriyet\u2019e uzanan \u00e7ok katmanl\u0131 tarihiyle adeta a\u00e7\u0131k hava m\u00fczesi g\u00f6r\u00fcn\u00fcm\u00fc sunuyor.\u00a0 T\u00fcrkiye&nbsp;Turizm&nbsp;Tan\u0131t\u0131m ve Geli\u015ftirme Ajans\u0131\u2019n\u0131n (TGA) y\u00fcr\u00fct\u00fcc\u00fcl\u00fc\u011f\u00fcn\u00fc \u00fcstlendi\u011fi \u201cKadim \u015eehirler Yolu: Aksaray, Ni\u011fde,&nbsp;Kayseri&nbsp;(Bilinmeyen&nbsp;Kapadokya)\u201dprojesi kapsam\u0131nda [&hellip;]<\/p>\n","protected":false},"author":1,"featured_media":87079,"comment_status":"open","ping_status":"open","sticky":false,"template":"","format":"standard","meta":{"footnotes":""},"categories":[1],"tags":[],"class_list":["post-87078","post","type-post","status-publish","format-standard","has-post-thumbnail","hentry","category-haberler"],"yoast_head":"<!-- This site is optimized with the Yoast SEO plugin v28.1 - https:\/\/yoast.com\/product\/yoast-seo-wordpress\/ -->\n<title>G\u00fczelyurt\u2019ta 1640 y\u0131ll\u0131k tarih: Manast\u0131r vadisi ge\u00e7mi\u015fe kap\u0131 aral\u0131yor - Bati Ermenistan Ve Bati Ermenileri Sorunlari Ara\u015ftirmalar Merkezi<\/title>\n<meta name=\"robots\" content=\"index, follow, max-snippet:-1, max-image-preview:large, max-video-preview:-1\" \/>\n<link rel=\"canonical\" href=\"https:\/\/akunq.net\/tr\/?p=87078\" \/>\n<meta property=\"og:locale\" content=\"en_US\" \/>\n<meta property=\"og:type\" content=\"article\" \/>\n<meta property=\"og:title\" content=\"G\u00fczelyurt\u2019ta 1640 y\u0131ll\u0131k tarih: Manast\u0131r vadisi ge\u00e7mi\u015fe kap\u0131 aral\u0131yor - Bati Ermenistan Ve Bati Ermenileri Sorunlari Ara\u015ftirmalar Merkezi\" \/>\n<meta property=\"og:description\" content=\"M\u00fcberra G\u00f6ren\u00a0 Kapadokya\u2019n\u0131n daha az bilinen tarihi rotalar\u0131ndan\u00a0G\u00fczelyurt\u2019taki\u00a0Manast\u0131r Vadisi,\u00a0kaya oyma kiliseleri, manast\u0131rlar\u0131, yer alt\u0131 yap\u0131lar\u0131 ve geleneksel ta\u015f evleriyle ziyaret\u00e7ilerini y\u00fczy\u0131 lar \u00f6ncesine g\u00f6t\u00fcr\u00fcyor. Yakla\u015f\u0131k 5,5 kilometre boyunca uzanan vadi,\u00a0erken Hristiyanl\u0131kd\u00f6neminden Cumhuriyet\u2019e uzanan \u00e7ok katmanl\u0131 tarihiyle adeta a\u00e7\u0131k hava m\u00fczesi g\u00f6r\u00fcn\u00fcm\u00fc sunuyor.\u00a0 T\u00fcrkiye&nbsp;Turizm&nbsp;Tan\u0131t\u0131m ve Geli\u015ftirme Ajans\u0131\u2019n\u0131n (TGA) y\u00fcr\u00fct\u00fcc\u00fcl\u00fc\u011f\u00fcn\u00fc \u00fcstlendi\u011fi \u201cKadim \u015eehirler Yolu: Aksaray, Ni\u011fde,&nbsp;Kayseri&nbsp;(Bilinmeyen&nbsp;Kapadokya)\u201dprojesi kapsam\u0131nda [&hellip;]\" \/>\n<meta property=\"og:url\" content=\"https:\/\/akunq.net\/tr\/?p=87078\" \/>\n<meta property=\"og:site_name\" content=\"Bati Ermenistan Ve Bati Ermenileri Sorunlari Ara\u015ftirmalar Merkezi\" \/>\n<meta property=\"article:published_time\" content=\"2026-08-31T06:46:59+00:00\" \/>\n<meta property=\"og:image\" content=\"https:\/\/akunq.net\/tr\/wp-content\/uploads\/sites\/6\/2026\/08\/Kapadokya.webp\" \/>\n\t<meta property=\"og:image:width\" content=\"850\" \/>\n\t<meta property=\"og:image:height\" content=\"477\" \/>\n\t<meta property=\"og:image:type\" content=\"image\/webp\" \/>\n<meta name=\"author\" content=\"admin\" \/>\n<meta name=\"twitter:card\" content=\"summary_large_image\" \/>\n<meta name=\"twitter:label1\" content=\"Written by\" \/>\n\t<meta name=\"twitter:data1\" content=\"admin\" \/>\n\t<meta name=\"twitter:label2\" content=\"Est. reading time\" \/>\n\t<meta name=\"twitter:data2\" content=\"5 minutes\" \/>\n<script type=\"application\/ld+json\" class=\"yoast-schema-graph\">{\"@context\":\"https:\\\/\\\/schema.org\",\"@graph\":[{\"@type\":\"Article\",\"@id\":\"https:\\\/\\\/akunq.net\\\/tr\\\/?p=87078#article\",\"isPartOf\":{\"@id\":\"https:\\\/\\\/akunq.net\\\/tr\\\/?p=87078\"},\"author\":{\"name\":\"admin\",\"@id\":\"https:\\\/\\\/akunq.net\\\/tr\\\/#\\\/schema\\\/person\\\/42a46675f00a8f1e84520e8c56500de3\"},\"headline\":\"G\u00fczelyurt\u2019ta 1640 y\u0131ll\u0131k tarih: Manast\u0131r vadisi ge\u00e7mi\u015fe kap\u0131 aral\u0131yor\",\"datePublished\":\"2026-08-31T06:46:59+00:00\",\"mainEntityOfPage\":{\"@id\":\"https:\\\/\\\/akunq.net\\\/tr\\\/?p=87078\"},\"wordCount\":1260,\"commentCount\":0,\"image\":{\"@id\":\"https:\\\/\\\/akunq.net\\\/tr\\\/?p=87078#primaryimage\"},\"thumbnailUrl\":\"https:\\\/\\\/akunq.net\\\/tr\\\/wp-content\\\/uploads\\\/sites\\\/6\\\/2026\\\/08\\\/Kapadokya.webp\",\"articleSection\":[\"Haberler\"],\"inLanguage\":\"en-US\",\"potentialAction\":[{\"@type\":\"CommentAction\",\"name\":\"Comment\",\"target\":[\"https:\\\/\\\/akunq.net\\\/tr\\\/?p=87078#respond\"]}]},{\"@type\":\"WebPage\",\"@id\":\"https:\\\/\\\/akunq.net\\\/tr\\\/?p=87078\",\"url\":\"https:\\\/\\\/akunq.net\\\/tr\\\/?p=87078\",\"name\":\"G\u00fczelyurt\u2019ta 1640 y\u0131ll\u0131k tarih: Manast\u0131r vadisi ge\u00e7mi\u015fe kap\u0131 aral\u0131yor - Bati Ermenistan Ve Bati Ermenileri Sorunlari Ara\u015ftirmalar Merkezi\",\"isPartOf\":{\"@id\":\"https:\\\/\\\/akunq.net\\\/tr\\\/#website\"},\"primaryImageOfPage\":{\"@id\":\"https:\\\/\\\/akunq.net\\\/tr\\\/?p=87078#primaryimage\"},\"image\":{\"@id\":\"https:\\\/\\\/akunq.net\\\/tr\\\/?p=87078#primaryimage\"},\"thumbnailUrl\":\"https:\\\/\\\/akunq.net\\\/tr\\\/wp-content\\\/uploads\\\/sites\\\/6\\\/2026\\\/08\\\/Kapadokya.webp\",\"datePublished\":\"2026-08-31T06:46:59+00:00\",\"author\":{\"@id\":\"https:\\\/\\\/akunq.net\\\/tr\\\/#\\\/schema\\\/person\\\/42a46675f00a8f1e84520e8c56500de3\"},\"breadcrumb\":{\"@id\":\"https:\\\/\\\/akunq.net\\\/tr\\\/?p=87078#breadcrumb\"},\"inLanguage\":\"en-US\",\"potentialAction\":[{\"@type\":\"ReadAction\",\"target\":[\"https:\\\/\\\/akunq.net\\\/tr\\\/?p=87078\"]}]},{\"@type\":\"ImageObject\",\"inLanguage\":\"en-US\",\"@id\":\"https:\\\/\\\/akunq.net\\\/tr\\\/?p=87078#primaryimage\",\"url\":\"https:\\\/\\\/akunq.net\\\/tr\\\/wp-content\\\/uploads\\\/sites\\\/6\\\/2026\\\/08\\\/Kapadokya.webp\",\"contentUrl\":\"https:\\\/\\\/akunq.net\\\/tr\\\/wp-content\\\/uploads\\\/sites\\\/6\\\/2026\\\/08\\\/Kapadokya.webp\",\"width\":850,\"height\":477},{\"@type\":\"BreadcrumbList\",\"@id\":\"https:\\\/\\\/akunq.net\\\/tr\\\/?p=87078#breadcrumb\",\"itemListElement\":[{\"@type\":\"ListItem\",\"position\":1,\"name\":\"Home\",\"item\":\"https:\\\/\\\/akunq.net\\\/tr\"},{\"@type\":\"ListItem\",\"position\":2,\"name\":\"G\u00fczelyurt\u2019ta 1640 y\u0131ll\u0131k tarih: Manast\u0131r vadisi ge\u00e7mi\u015fe kap\u0131 aral\u0131yor\"}]},{\"@type\":\"WebSite\",\"@id\":\"https:\\\/\\\/akunq.net\\\/tr\\\/#website\",\"url\":\"https:\\\/\\\/akunq.net\\\/tr\\\/\",\"name\":\"Bati Ermenistan Ve Bati Ermenileri Sorunlari Ara\u015ftirmalar Merkezi\",\"description\":\"\",\"potentialAction\":[{\"@type\":\"SearchAction\",\"target\":{\"@type\":\"EntryPoint\",\"urlTemplate\":\"https:\\\/\\\/akunq.net\\\/tr\\\/?s={search_term_string}\"},\"query-input\":{\"@type\":\"PropertyValueSpecification\",\"valueRequired\":true,\"valueName\":\"search_term_string\"}}],\"inLanguage\":\"en-US\"},{\"@type\":\"Person\",\"@id\":\"https:\\\/\\\/akunq.net\\\/tr\\\/#\\\/schema\\\/person\\\/42a46675f00a8f1e84520e8c56500de3\",\"name\":\"admin\",\"url\":\"https:\\\/\\\/akunq.net\\\/tr\\\/?author=1\"}]}<\/script>\n<!-- \/ Yoast SEO plugin. -->","yoast_head_json":{"title":"G\u00fczelyurt\u2019ta 1640 y\u0131ll\u0131k tarih: Manast\u0131r vadisi ge\u00e7mi\u015fe kap\u0131 aral\u0131yor - Bati Ermenistan Ve Bati Ermenileri Sorunlari Ara\u015ftirmalar Merkezi","robots":{"index":"index","follow":"follow","max-snippet":"max-snippet:-1","max-image-preview":"max-image-preview:large","max-video-preview":"max-video-preview:-1"},"canonical":"https:\/\/akunq.net\/tr\/?p=87078","og_locale":"en_US","og_type":"article","og_title":"G\u00fczelyurt\u2019ta 1640 y\u0131ll\u0131k tarih: Manast\u0131r vadisi ge\u00e7mi\u015fe kap\u0131 aral\u0131yor - Bati Ermenistan Ve Bati Ermenileri Sorunlari Ara\u015ftirmalar Merkezi","og_description":"M\u00fcberra G\u00f6ren\u00a0 Kapadokya\u2019n\u0131n daha az bilinen tarihi rotalar\u0131ndan\u00a0G\u00fczelyurt\u2019taki\u00a0Manast\u0131r Vadisi,\u00a0kaya oyma kiliseleri, manast\u0131rlar\u0131, yer alt\u0131 yap\u0131lar\u0131 ve geleneksel ta\u015f evleriyle ziyaret\u00e7ilerini y\u00fczy\u0131 lar \u00f6ncesine g\u00f6t\u00fcr\u00fcyor. Yakla\u015f\u0131k 5,5 kilometre boyunca uzanan vadi,\u00a0erken Hristiyanl\u0131kd\u00f6neminden Cumhuriyet\u2019e uzanan \u00e7ok katmanl\u0131 tarihiyle adeta a\u00e7\u0131k hava m\u00fczesi g\u00f6r\u00fcn\u00fcm\u00fc sunuyor.\u00a0 T\u00fcrkiye&nbsp;Turizm&nbsp;Tan\u0131t\u0131m ve Geli\u015ftirme Ajans\u0131\u2019n\u0131n (TGA) y\u00fcr\u00fct\u00fcc\u00fcl\u00fc\u011f\u00fcn\u00fc \u00fcstlendi\u011fi \u201cKadim \u015eehirler Yolu: Aksaray, Ni\u011fde,&nbsp;Kayseri&nbsp;(Bilinmeyen&nbsp;Kapadokya)\u201dprojesi kapsam\u0131nda [&hellip;]","og_url":"https:\/\/akunq.net\/tr\/?p=87078","og_site_name":"Bati Ermenistan Ve Bati Ermenileri Sorunlari Ara\u015ftirmalar Merkezi","article_published_time":"2026-08-31T06:46:59+00:00","og_image":[{"width":850,"height":477,"url":"https:\/\/akunq.net\/tr\/wp-content\/uploads\/sites\/6\/2026\/08\/Kapadokya.webp","type":"image\/webp"}],"author":"admin","twitter_card":"summary_large_image","twitter_misc":{"Written by":"admin","Est. reading time":"5 minutes"},"schema":{"@context":"https:\/\/schema.org","@graph":[{"@type":"Article","@id":"https:\/\/akunq.net\/tr\/?p=87078#article","isPartOf":{"@id":"https:\/\/akunq.net\/tr\/?p=87078"},"author":{"name":"admin","@id":"https:\/\/akunq.net\/tr\/#\/schema\/person\/42a46675f00a8f1e84520e8c56500de3"},"headline":"G\u00fczelyurt\u2019ta 1640 y\u0131ll\u0131k tarih: Manast\u0131r vadisi ge\u00e7mi\u015fe kap\u0131 aral\u0131yor","datePublished":"2026-08-31T06:46:59+00:00","mainEntityOfPage":{"@id":"https:\/\/akunq.net\/tr\/?p=87078"},"wordCount":1260,"commentCount":0,"image":{"@id":"https:\/\/akunq.net\/tr\/?p=87078#primaryimage"},"thumbnailUrl":"https:\/\/akunq.net\/tr\/wp-content\/uploads\/sites\/6\/2026\/08\/Kapadokya.webp","articleSection":["Haberler"],"inLanguage":"en-US","potentialAction":[{"@type":"CommentAction","name":"Comment","target":["https:\/\/akunq.net\/tr\/?p=87078#respond"]}]},{"@type":"WebPage","@id":"https:\/\/akunq.net\/tr\/?p=87078","url":"https:\/\/akunq.net\/tr\/?p=87078","name":"G\u00fczelyurt\u2019ta 1640 y\u0131ll\u0131k tarih: Manast\u0131r vadisi ge\u00e7mi\u015fe kap\u0131 aral\u0131yor - Bati Ermenistan Ve Bati Ermenileri Sorunlari Ara\u015ftirmalar Merkezi","isPartOf":{"@id":"https:\/\/akunq.net\/tr\/#website"},"primaryImageOfPage":{"@id":"https:\/\/akunq.net\/tr\/?p=87078#primaryimage"},"image":{"@id":"https:\/\/akunq.net\/tr\/?p=87078#primaryimage"},"thumbnailUrl":"https:\/\/akunq.net\/tr\/wp-content\/uploads\/sites\/6\/2026\/08\/Kapadokya.webp","datePublished":"2026-08-31T06:46:59+00:00","author":{"@id":"https:\/\/akunq.net\/tr\/#\/schema\/person\/42a46675f00a8f1e84520e8c56500de3"},"breadcrumb":{"@id":"https:\/\/akunq.net\/tr\/?p=87078#breadcrumb"},"inLanguage":"en-US","potentialAction":[{"@type":"ReadAction","target":["https:\/\/akunq.net\/tr\/?p=87078"]}]},{"@type":"ImageObject","inLanguage":"en-US","@id":"https:\/\/akunq.net\/tr\/?p=87078#primaryimage","url":"https:\/\/akunq.net\/tr\/wp-content\/uploads\/sites\/6\/2026\/08\/Kapadokya.webp","contentUrl":"https:\/\/akunq.net\/tr\/wp-content\/uploads\/sites\/6\/2026\/08\/Kapadokya.webp","width":850,"height":477},{"@type":"BreadcrumbList","@id":"https:\/\/akunq.net\/tr\/?p=87078#breadcrumb","itemListElement":[{"@type":"ListItem","position":1,"name":"Home","item":"https:\/\/akunq.net\/tr"},{"@type":"ListItem","position":2,"name":"G\u00fczelyurt\u2019ta 1640 y\u0131ll\u0131k tarih: Manast\u0131r vadisi ge\u00e7mi\u015fe kap\u0131 aral\u0131yor"}]},{"@type":"WebSite","@id":"https:\/\/akunq.net\/tr\/#website","url":"https:\/\/akunq.net\/tr\/","name":"Bati Ermenistan Ve Bati Ermenileri Sorunlari Ara\u015ftirmalar Merkezi","description":"","potentialAction":[{"@type":"SearchAction","target":{"@type":"EntryPoint","urlTemplate":"https:\/\/akunq.net\/tr\/?s={search_term_string}"},"query-input":{"@type":"PropertyValueSpecification","valueRequired":true,"valueName":"search_term_string"}}],"inLanguage":"en-US"},{"@type":"Person","@id":"https:\/\/akunq.net\/tr\/#\/schema\/person\/42a46675f00a8f1e84520e8c56500de3","name":"admin","url":"https:\/\/akunq.net\/tr\/?author=1"}]}},"_links":{"self":[{"href":"https:\/\/akunq.net\/tr\/index.php?rest_route=\/wp\/v2\/posts\/87078","targetHints":{"allow":["GET"]}}],"collection":[{"href":"https:\/\/akunq.net\/tr\/index.php?rest_route=\/wp\/v2\/posts"}],"about":[{"href":"https:\/\/akunq.net\/tr\/index.php?rest_route=\/wp\/v2\/types\/post"}],"author":[{"embeddable":true,"href":"https:\/\/akunq.net\/tr\/index.php?rest_route=\/wp\/v2\/users\/1"}],"replies":[{"embeddable":true,"href":"https:\/\/akunq.net\/tr\/index.php?rest_route=%2Fwp%2Fv2%2Fcomments&post=87078"}],"version-history":[{"count":1,"href":"https:\/\/akunq.net\/tr\/index.php?rest_route=\/wp\/v2\/posts\/87078\/revisions"}],"predecessor-version":[{"id":87080,"href":"https:\/\/akunq.net\/tr\/index.php?rest_route=\/wp\/v2\/posts\/87078\/revisions\/87080"}],"wp:featuredmedia":[{"embeddable":true,"href":"https:\/\/akunq.net\/tr\/index.php?rest_route=\/wp\/v2\/media\/87079"}],"wp:attachment":[{"href":"https:\/\/akunq.net\/tr\/index.php?rest_route=%2Fwp%2Fv2%2Fmedia&parent=87078"}],"wp:term":[{"taxonomy":"category","embeddable":true,"href":"https:\/\/akunq.net\/tr\/index.php?rest_route=%2Fwp%2Fv2%2Fcategories&post=87078"},{"taxonomy":"post_tag","embeddable":true,"href":"https:\/\/akunq.net\/tr\/index.php?rest_route=%2Fwp%2Fv2%2Ftags&post=87078"}],"curies":[{"name":"wp","href":"https:\/\/api.w.org\/{rel}","templated":true}]}}