{"id":86180,"date":"2026-04-30T01:16:42","date_gmt":"2026-04-30T06:16:42","guid":{"rendered":"https:\/\/akunq.net\/tr\/?p=86180"},"modified":"2026-04-30T01:16:43","modified_gmt":"2026-04-30T06:16:43","slug":"aslandan-comeze-ermenilere-ne-oldu-nereye-gittiler","status":"publish","type":"post","link":"https:\/\/akunq.net\/tr\/?p=86180","title":{"rendered":"Aslan&#8217;dan \u00c7\u00f6mez&#8217;e: Ermenilere ne oldu, nereye gittiler?"},"content":{"rendered":"\n<p><strong><em>TBMM Genel Kurul&#8217;da g\u00fcndem d\u0131\u015f\u0131 s\u00f6z al\u0131p 24 Nisan&#8217;a dair &#8220;Osmanl\u0131, emperyalistlerin silahland\u0131rd\u0131\u011f\u0131 ter\u00f6r \u00f6rg\u00fctlerine kar\u015f\u0131 bu karar\u0131 almak zorunda kald\u0131 ve bu karar bir soyk\u0131r\u0131m karar\u0131 de\u011fildir, kay\u0131tlara ge\u00e7sin istiyorum&#8221; diyen \u0130Y\u0130 Partili Turhan \u00c7\u00f6mez&#8217;e, DEM Partili George Aslan&#8217;dan soru geldi: &#8220;Osmanl\u0131 y\u00f6netiminde n\u00fcfus 13 milyondu, bunlardan 3 milyonu Ermeni, S\u00fcryani ve di\u011fer H\u0131ristiyan halklardan olu\u015fuyordu. L\u00fctfen cevap verin: Bu insanlara ne oldu, n\u00fcfuslar\u0131 niye artmad\u0131, nereye gittiler?&#8221;<\/em><\/strong><\/p>\n\n\n\n<p>T\u00fcrkiye B\u00fcy\u00fck Millet Meclisi&#8217;nin d\u00fcn yap\u0131lan 87. Oturumu&#8217;da&nbsp;s\u00f6z alan&nbsp; \u0130Y\u0130 Parti Grup Ba\u015fkanvekili Turhan \u00c7\u00f6mez, g\u00fcndem d\u0131\u015f\u0131 s\u00f6z ald\u0131\u011f\u0131n\u0131 belirterek, birka\u00e7 g\u00fcn \u00f6nce yap\u0131lan a\u00e7\u0131klamalar ve anmalardan yola \u00e7\u0131karak 24 Nisan&#8217;a dair bir konu\u015fma yapt\u0131 ve &#8220;Hem i\u00e7eride hem d\u0131\u015far\u0131da baz\u0131 kesimlerbu tarihi bir soyk\u0131r\u0131m olarak anmak i\u00e7in bir \u00e7aba i\u00e7erisinde. Bug\u00fcn\u00fcn asla ve asla bir soyk\u0131r\u0131m olmad\u0131\u011f\u0131n\u0131 vurgulayarak bunu Meclis kay\u0131tlar\u0131na bir kez daha ge\u00e7irmek&#8221; istedi\u011fini belirtti. DEM Partili George Aslan&#8217;\u0131n &#8220;Peki o zamanlar 3 milyon civar\u0131 olan Ermeniler, \u015fu anda neden 50 bin kald\u0131?&#8221; ve &#8220;Peki S\u00fcryaniler ne yapt\u0131 da \u00e7ok az kald\u0131lar?&#8221; sorular\u0131 \u00fczerine tekrar tekrar s\u00f6z alan \u00c7\u00f6mez, &#8220;Tabii, g\u00f6\u00e7 yolunda hayat\u0131n\u0131 kaybedenler oldu fakat bu esnada Osmanl\u0131 b\u00fct\u00fcn tedbirlerini ald\u0131, ya\u015fananlar tarih\u00ee bir s\u00fcre\u00e7ti, Osmanl\u0131&#8217;n\u0131n kendi co\u011frafyas\u0131nda alm\u0131\u015f oldu\u011fu bir karard\u0131&#8221; diye yan\u0131t verdi.<\/p>\n\n\n\n<p>TBMM Genel Kurulu&#8217;nda d\u00fcn s\u00f6z alan \u0130Y\u0130 Parti Grup Ba\u015fkan Vekili \u015funlar\u0131 s\u00f6yledi: &#8220;Birka\u00e7 g\u00fcn \u00f6nce 24 Nisan\u2019d\u0131. Bu tarihin T\u00fcrkiye taraf\u0131ndan, \u00f6zellikle gen\u00e7ler taraf\u0131ndan her boyutuyla iyi bilinmesi son derece \u00f6nemli. \u00d6ncesinde neler oldu ve sonras\u0131nda neler oldu, b\u00fct\u00fcn detaylar\u0131 \u00e7ok iyi bilinmeli. 19&#8217;uncu y\u00fczy\u0131l boyunca Rusya&#8217;n\u0131n temel politikas\u0131 Anadolu co\u011frafyas\u0131nda ya\u015fayan Ermenileri isyan ettirmek, k\u0131\u015fk\u0131rtmak ve onlar\u0131n bu isyan\u0131 neticesinde olabilecek kar\u0131\u015f\u0131kl\u0131k sonras\u0131nda g\u00fcneye do\u011fru i\u015fgal hareketini ba\u015flatmakt\u0131. Kurduklar\u0131 ter\u00f6r \u00f6rg\u00fctleriyle, H\u0131n\u00e7ak ve Ta\u015fnak ter\u00f6r \u00f6rg\u00fctleriyle Anadolu co\u011frafyas\u0131nda b\u00fcy\u00fck \u00f6l\u00e7\u00fcde isyanlar yapt\u0131lar ve pek \u00e7ok M\u00fcsl\u00fcman&#8217;\u0131n katledilmesine vesile oldular.<\/p>\n\n\n\n<h4 class=\"wp-block-heading\">Tutanaklara ge\u00e7sin diye<\/h4>\n\n\n\n<p>Tabii, 24 Nisan 1915&#8217;te Osmanl\u0131 H\u00fck\u00fcmeti \u0130\u00e7i\u015fleri Bakanl\u0131\u011f\u0131 bir karar ald\u0131 ve Ermeni siyasi te\u015fekk\u00fcllerinin yan\u0131 s\u0131ra ter\u00f6r \u00f6rg\u00fctlerinin da\u011f\u0131t\u0131lmas\u0131yla ilgili bir ad\u0131m att\u0131. O esnada Osmanl\u0131 \u00fc\u00e7 cephede sava\u015f\u0131yordu -\u00c7anakkale&#8217;de, Kafkasya&#8217;da, Suriye&#8217;de- ve bu karar\u0131 almak zorundayd\u0131. Fakat \u00f6nemli olan \u015fu: Alm\u0131\u015f oldu\u011fu karar Ermenilerin tamam\u0131n\u0131 de\u011fil bir k\u0131sm\u0131n\u0131 kapsayan bir karard\u0131 ve yine Osmanl\u0131 co\u011frafyas\u0131 i\u00e7erisinde olan ba\u015fka bir alana g\u00f6\u00e7\u00fc te\u015fvik eden ve zorlayan bir karard\u0131. Tabii, g\u00f6\u00e7 yolunda hayat\u0131n\u0131 kaybedenler oldu, bunlar i\u00e7in \u00fcz\u00fclmemek m\u00fcmk\u00fcn de\u011fil fakat bu esnada Osmanl\u0131 b\u00fct\u00fcn tedbirlerini ald\u0131. Y\u0131llar sonra bu tarih ne yaz\u0131k ki d\u00fcnya genelinde bir Ermeni soyk\u0131r\u0131m\u0131 olarak an\u0131lmaya ba\u015fland\u0131; oysa ya\u015fananlar tarih\u00ee bir s\u00fcre\u00e7ti, Osmanl\u0131&#8217;n\u0131n kendi co\u011frafyas\u0131nda alm\u0131\u015f oldu\u011fu bir karard\u0131. Hem i\u00e7eride hem d\u0131\u015far\u0131da, i\u00e7eride baz\u0131 kesimler, d\u0131\u015far\u0131da \u00f6nemli kesimler bu tarihi bir soyk\u0131r\u0131m olarak anmak i\u00e7in bir \u00e7aba i\u00e7erisinde. Belli ki bu y\u0131llar boyu devam edecek bir s\u00fcre\u00e7 olacak. O bak\u0131mdan ben, bu tarihin ne kadar \u00f6nemli oldu\u011funu, bug\u00fcn\u00fcn asla ve asla bir soyk\u0131r\u0131m olmad\u0131\u011f\u0131n\u0131 vurgulayarak bunu Meclis kay\u0131tlar\u0131na bir kez daha ge\u00e7irmek i\u00e7in s\u00f6z ald\u0131m.&#8221;<\/p>\n\n\n\n<h4 class=\"wp-block-heading\">3 milyon H\u0131ristiyan vard\u0131<\/h4>\n\n\n\n<p>\u0130lerleyen saatlerde, yine g\u00fcndem d\u0131\u015f\u0131 s\u00f6z alan DEM Parti milletvekili George Aslan, \u00c7\u00f6mez&#8217;e bir soru y\u00f6neltti: &#8220;1915 tarihinde Osmanl\u0131 y\u00f6netimindeki n\u00fcfus 13 milyondu, bunlardan 3 milyonu Ermeni, S\u00fcryani ve di\u011fer H\u0131ristiyan halklardan olu\u015fuyordu. Bug\u00fcn 2026&#8217;day\u0131z. Bu sayd\u0131\u011f\u0131m halklar\u0131n n\u00fcfuslar\u0131 milyonlarca olmas\u0131 gerekirken sadece 50 bindir. Elinizi vicdan\u0131n\u0131za koyarak bu&nbsp;soruma l\u00fctfen cevap verin: Bu insanlara ne oldu, n\u00fcfuslar\u0131 niye artmad\u0131, nereye gittiler?&#8221;<\/p>\n\n\n\n<p>Bu soru \u00fczerine tekrar s\u00f6z alan Turhan \u00c7\u00f6mez, \u015f\u00f6yle dedi: &#8220;Osmanl\u0131 co\u011frafyas\u0131nda ya\u015fayan Ermenilerin, maalesef, ba\u015fta Ruslar ve sonra emperyalistler taraf\u0131ndan bir k\u0131sm\u0131 ter\u00f6rize edilerek aynen bug\u00fcn PKK ter\u00f6r \u00f6rg\u00fct\u00fc gibi o zaman da H\u0131n\u00e7ak ve Ta\u015fnak ter\u00f6r \u00f6rg\u00fctleri kurduruldu. Kurulan H\u0131n\u00e7ak ve Ta\u015fnak ter\u00f6r \u00f6rg\u00fctleri ba\u015fta Van olmak \u00fczere Osmanl\u0131 co\u011frafyas\u0131nda kan kusturdular, y\u00fcz binlerce insan\u0131 katlettiler; hepsinin belgeleri burada, y\u0131llarca bu konuya \u00e7al\u0131\u015fm\u0131\u015f birisi olarak s\u00f6yl\u00fcyorum. O d\u00f6nemde \u00fc\u00e7 cephede sava\u015fan Osmanl\u0131, emperyalistlerin silahland\u0131rd\u0131\u011f\u0131, tahrik etti\u011fi ter\u00f6r \u00f6rg\u00fctlerine kar\u015f\u0131 bu karar\u0131 almak zorunda kald\u0131 ve bu karar bir soyk\u0131r\u0131m karar\u0131 de\u011fildir. Osmanl\u0131 co\u011frafyas\u0131nda ya\u015fayan Ermenilerin bir k\u0131sm\u0131, tamam\u0131 de\u011fil -Ortodokslar; Katolikler ve Protestanlar de\u011fil; mesela Adana&#8217;dakilerin bir k\u0131sm\u0131, Bal\u0131kesir&#8217;dekilerin hi\u00e7birisi- ter\u00f6r \u00f6rg\u00fctleriyle ili\u015fkili olduklar\u0131 i\u00e7in Osmanl\u0131 co\u011frafyas\u0131 i\u00e7erisinde bir b\u00f6lgeden ba\u015fka bir b\u00f6lgeye g\u00f6nderildi. O g\u00fczerg\u00e2hta hayat\u0131n\u0131 kaybedenler oldu, bunun i\u00e7in \u00fcz\u00fclmemek m\u00fcmk\u00fcn de\u011fil.&#8221;<\/p>\n\n\n\n<h4 class=\"wp-block-heading\">S\u00fcryanilerin g\u00fcnah\u0131 neydi?<\/h4>\n\n\n\n<p>DEM Partili Aslan&#8217;\u0131n sorusuna cevap vermek yerine ilk konu\u015fmas\u0131n\u0131 tekrarlayan \u00c7\u00f6mez&#8217;den sonra yine George Aslan, mikrofona geldi ve \u015funlara kaydetti: &#8220;Ermenileri bir kenara b\u0131rakal\u0131m, hadi elinizde belki baz\u0131 arg\u00fcmanlar, i\u015fte &#8216;Ermeniler yok \u015funu yapt\u0131, yok bunu yapt\u0131.&#8217; Peki, Say\u0131n \u00c7\u00f6mez, S\u00fcryaniler ne yapt\u0131? S\u00fcryanilerin g\u00fcnah\u0131 neydi? Bu soruya da cevap verin l\u00fctfen, neydi g\u00fcnahlar\u0131?&#8221;<\/p>\n\n\n\n<p>&#8220;S\u00fcryaniler ne yapt\u0131? Bu millet getirdi, S\u00fcryanileri sizin gibi burada milletvekili yapt\u0131, madde bir&#8221; diye ba\u015flayan \u00c7\u00f6mez s\u00f6zlerine \u015f\u00f6yle devam etti: &#8220;\u0130ki, bu \u00fclkeden S\u00fcryaniler baz\u0131 gerek\u00e7elerle yurtd\u0131\u015f\u0131na gittiler, bunlar\u0131 biliyoruz ve siz beni \u00e7ok iyi tan\u0131yorsunuz, mensubu bulundu\u011funuz cemaat de beni \u00e7ok iyi tan\u0131yor. Mardin&#8217;e gitti\u011fimde S\u00fcryani cemaatiyle yapt\u0131\u011f\u0131m g\u00f6r\u00fc\u015fmelerden de haberiniz var. Dolay\u0131s\u0131yla bu \u00fclkede, bu co\u011frafyada ya\u015fanan ac\u0131lar\u0131n hepsi bizim ac\u0131lar\u0131m\u0131zd\u0131r ama bunlar\u0131 ter\u00f6rize ederek, ter\u00f6r \u00f6rg\u00fctlerine sahip \u00e7\u0131karak, H\u0131n\u00e7ak ve Ta\u015fnak ter\u00f6r \u00f6rg\u00fctlerinin yapt\u0131\u011f\u0131 katliama sahip \u00e7\u0131karak burada bu meseleyi savunamazs\u0131n\u0131z. Anadolu co\u011frafyas\u0131nda ya\u015fanan ger\u00e7ekler var, o ger\u00e7ekler tarihin sayfalar\u0131nda vard\u0131r, tarih gerekeni yapacakt\u0131r ama l\u00fctfen bu meseleleri suistimal etmeyin.&#8221;<\/p>\n\n\n\n<h4 class=\"wp-block-heading\">S\u00fczge\u00e7li belgeler<\/h4>\n\n\n\n<p>Bu s\u00f6zler \u00fczerine DEM Parti Mu\u015f milletvekili Sezai Temelli s\u00f6z isteyerek \u015funlar\u0131 s\u00f6yledi: &#8220;\u00c7\u00f6mez tarihten bahsediyor, belgelerden bahsediyor, maalesef, tarihin o sayfalar\u0131, o ar\u015fivler bir t\u00fcrl\u00fc a\u00e7\u0131lamad\u0131. \u0130kincisi, Ta\u015fnaklara dair s\u00f6yledi\u011fi s\u00f6z&#8230; E\u011fer tarihi iyi bilseydi, \u0130ttihat ve Terakkinin ortaklar\u0131 Ta\u015fnaklard\u0131, hatta 24 Nisan&#8217;dan bir gece \u00f6nce Talat Pa\u015fa Ta\u015fnak Partisi lideriyle bir aradayd\u0131. Dolay\u0131s\u0131yla tarihi \u00e7arp\u0131tarak burada yine her zaman oldu\u011fu gibi her \u015feyi &#8220;ter\u00f6r, ter\u00f6r, ter\u00f6r&#8221; deyip bu kavram\u0131n i\u00e7ine s\u0131k\u0131\u015ft\u0131rarak hakikatleri de\u011fi\u015ftiremezsiniz. Kald\u0131 ki Ta\u015fnak Partisi yasal bir parti, Osmanl\u0131&#8217;n\u0131n s\u0131n\u0131rlar\u0131 i\u00e7inde var olan bir parti. Dolay\u0131s\u0131yla, bu \u00fclkenin vatanda\u015flar\u0131ndan bahsediyoruz. Yanl\u0131\u015f bir politikay\u0131 savunarak burada, dolay\u0131s\u0131yla bu hukuku koruyamazs\u0131n\u0131z. Tarihe sahip \u00e7\u0131kmak istiyorsak b\u00fct\u00fcn bu topraklarda ya\u015fam\u0131\u015f halklar\u0131n da tarihine sahip \u00e7\u0131kmal\u0131y\u0131z. Dolay\u0131s\u0131yla bunu \u00e7arp\u0131tamazs\u0131n\u0131z, o s\u00f6yledi\u011finiz belgeler bir filtreden, s\u00fczge\u00e7ten ge\u00e7irilerek a\u00e7\u0131klanm\u0131\u015f belgelerdir, t\u00fcm\u00fc a\u00e7\u0131klanmam\u0131\u015ft\u0131r.&#8221;<\/p>\n\n\n\n<p><a href=\"https:\/\/www.agos.com.tr\/tr\/haber\/aslan-dan-comez-e-ermenilere-ne-oldu-nereye-gittiler-40291\"><strong><em>https:\/\/www.agos.com.tr\/tr\/haber\/aslan-dan-comez-e-ermenilere-ne-oldu-nereye-gittiler-40291<\/em><\/strong><\/a><\/p>\n","protected":false},"excerpt":{"rendered":"<p>TBMM Genel Kurul&#8217;da g\u00fcndem d\u0131\u015f\u0131 s\u00f6z al\u0131p 24 Nisan&#8217;a dair &#8220;Osmanl\u0131, emperyalistlerin silahland\u0131rd\u0131\u011f\u0131 ter\u00f6r \u00f6rg\u00fctlerine kar\u015f\u0131 bu karar\u0131 almak zorunda kald\u0131 ve bu karar bir soyk\u0131r\u0131m karar\u0131 de\u011fildir, kay\u0131tlara ge\u00e7sin istiyorum&#8221; diyen \u0130Y\u0130 Partili Turhan \u00c7\u00f6mez&#8217;e, DEM Partili George Aslan&#8217;dan soru geldi: &#8220;Osmanl\u0131 y\u00f6netiminde n\u00fcfus 13 milyondu, bunlardan 3 milyonu Ermeni, S\u00fcryani ve di\u011fer H\u0131ristiyan [&hellip;]<\/p>\n","protected":false},"author":1,"featured_media":86181,"comment_status":"open","ping_status":"open","sticky":false,"template":"","format":"standard","meta":{"footnotes":""},"categories":[44,1,56],"tags":[],"class_list":["post-86180","post","type-post","status-publish","format-standard","has-post-thumbnail","hentry","category-ermeni-soykirimi","category-haberler","category-tartismalar"],"yoast_head":"<!-- This site is optimized with the Yoast SEO plugin v27.4 - https:\/\/yoast.com\/product\/yoast-seo-wordpress\/ -->\n<title>Aslan&#039;dan \u00c7\u00f6mez&#039;e: Ermenilere ne oldu, nereye gittiler? - Bati Ermenistan Ve Bati Ermenileri Sorunlari Ara\u015ftirmalar Merkezi<\/title>\n<meta name=\"robots\" content=\"index, follow, max-snippet:-1, max-image-preview:large, max-video-preview:-1\" \/>\n<link rel=\"canonical\" href=\"https:\/\/akunq.net\/tr\/?p=86180\" \/>\n<meta property=\"og:locale\" content=\"en_US\" \/>\n<meta property=\"og:type\" content=\"article\" \/>\n<meta property=\"og:title\" content=\"Aslan&#039;dan \u00c7\u00f6mez&#039;e: Ermenilere ne oldu, nereye gittiler? - Bati Ermenistan Ve Bati Ermenileri Sorunlari Ara\u015ftirmalar Merkezi\" \/>\n<meta property=\"og:description\" content=\"TBMM Genel Kurul&#8217;da g\u00fcndem d\u0131\u015f\u0131 s\u00f6z al\u0131p 24 Nisan&#8217;a dair &#8220;Osmanl\u0131, emperyalistlerin silahland\u0131rd\u0131\u011f\u0131 ter\u00f6r \u00f6rg\u00fctlerine kar\u015f\u0131 bu karar\u0131 almak zorunda kald\u0131 ve bu karar bir soyk\u0131r\u0131m karar\u0131 de\u011fildir, kay\u0131tlara ge\u00e7sin istiyorum&#8221; diyen \u0130Y\u0130 Partili Turhan \u00c7\u00f6mez&#8217;e, DEM Partili George Aslan&#8217;dan soru geldi: &#8220;Osmanl\u0131 y\u00f6netiminde n\u00fcfus 13 milyondu, bunlardan 3 milyonu Ermeni, S\u00fcryani ve di\u011fer H\u0131ristiyan [&hellip;]\" \/>\n<meta property=\"og:url\" content=\"https:\/\/akunq.net\/tr\/?p=86180\" \/>\n<meta property=\"og:site_name\" content=\"Bati Ermenistan Ve Bati Ermenileri Sorunlari Ara\u015ftirmalar Merkezi\" \/>\n<meta property=\"article:published_time\" content=\"2026-04-30T06:16:42+00:00\" \/>\n<meta property=\"article:modified_time\" content=\"2026-04-30T06:16:43+00:00\" \/>\n<meta property=\"og:image\" content=\"https:\/\/akunq.net\/tr\/wp-content\/uploads\/sites\/6\/2026\/04\/Aslan.jpg\" \/>\n\t<meta property=\"og:image:width\" content=\"1200\" \/>\n\t<meta property=\"og:image:height\" content=\"675\" \/>\n\t<meta property=\"og:image:type\" content=\"image\/jpeg\" \/>\n<meta name=\"author\" content=\"admin\" \/>\n<meta name=\"twitter:card\" content=\"summary_large_image\" \/>\n<meta name=\"twitter:label1\" content=\"Written by\" \/>\n\t<meta name=\"twitter:data1\" content=\"admin\" \/>\n\t<meta name=\"twitter:label2\" content=\"Est. reading time\" \/>\n\t<meta name=\"twitter:data2\" content=\"5 minutes\" \/>\n<script type=\"application\/ld+json\" class=\"yoast-schema-graph\">{\"@context\":\"https:\\\/\\\/schema.org\",\"@graph\":[{\"@type\":\"Article\",\"@id\":\"https:\\\/\\\/akunq.net\\\/tr\\\/?p=86180#article\",\"isPartOf\":{\"@id\":\"https:\\\/\\\/akunq.net\\\/tr\\\/?p=86180\"},\"author\":{\"name\":\"admin\",\"@id\":\"https:\\\/\\\/akunq.net\\\/tr\\\/#\\\/schema\\\/person\\\/42a46675f00a8f1e84520e8c56500de3\"},\"headline\":\"Aslan&#8217;dan \u00c7\u00f6mez&#8217;e: Ermenilere ne oldu, nereye gittiler?\",\"datePublished\":\"2026-04-30T06:16:42+00:00\",\"dateModified\":\"2026-04-30T06:16:43+00:00\",\"mainEntityOfPage\":{\"@id\":\"https:\\\/\\\/akunq.net\\\/tr\\\/?p=86180\"},\"wordCount\":1351,\"commentCount\":0,\"image\":{\"@id\":\"https:\\\/\\\/akunq.net\\\/tr\\\/?p=86180#primaryimage\"},\"thumbnailUrl\":\"https:\\\/\\\/akunq.net\\\/tr\\\/wp-content\\\/uploads\\\/sites\\\/6\\\/2026\\\/04\\\/Aslan.jpg\",\"articleSection\":[\"Ermeni Soyk\u0131r\u0131m\u0131\",\"Haberler\",\"Tart\u0131\u015fmalar\"],\"inLanguage\":\"en-US\",\"potentialAction\":[{\"@type\":\"CommentAction\",\"name\":\"Comment\",\"target\":[\"https:\\\/\\\/akunq.net\\\/tr\\\/?p=86180#respond\"]}]},{\"@type\":\"WebPage\",\"@id\":\"https:\\\/\\\/akunq.net\\\/tr\\\/?p=86180\",\"url\":\"https:\\\/\\\/akunq.net\\\/tr\\\/?p=86180\",\"name\":\"Aslan'dan \u00c7\u00f6mez'e: Ermenilere ne oldu, nereye gittiler? - Bati Ermenistan Ve Bati Ermenileri Sorunlari Ara\u015ftirmalar Merkezi\",\"isPartOf\":{\"@id\":\"https:\\\/\\\/akunq.net\\\/tr\\\/#website\"},\"primaryImageOfPage\":{\"@id\":\"https:\\\/\\\/akunq.net\\\/tr\\\/?p=86180#primaryimage\"},\"image\":{\"@id\":\"https:\\\/\\\/akunq.net\\\/tr\\\/?p=86180#primaryimage\"},\"thumbnailUrl\":\"https:\\\/\\\/akunq.net\\\/tr\\\/wp-content\\\/uploads\\\/sites\\\/6\\\/2026\\\/04\\\/Aslan.jpg\",\"datePublished\":\"2026-04-30T06:16:42+00:00\",\"dateModified\":\"2026-04-30T06:16:43+00:00\",\"author\":{\"@id\":\"https:\\\/\\\/akunq.net\\\/tr\\\/#\\\/schema\\\/person\\\/42a46675f00a8f1e84520e8c56500de3\"},\"breadcrumb\":{\"@id\":\"https:\\\/\\\/akunq.net\\\/tr\\\/?p=86180#breadcrumb\"},\"inLanguage\":\"en-US\",\"potentialAction\":[{\"@type\":\"ReadAction\",\"target\":[\"https:\\\/\\\/akunq.net\\\/tr\\\/?p=86180\"]}]},{\"@type\":\"ImageObject\",\"inLanguage\":\"en-US\",\"@id\":\"https:\\\/\\\/akunq.net\\\/tr\\\/?p=86180#primaryimage\",\"url\":\"https:\\\/\\\/akunq.net\\\/tr\\\/wp-content\\\/uploads\\\/sites\\\/6\\\/2026\\\/04\\\/Aslan.jpg\",\"contentUrl\":\"https:\\\/\\\/akunq.net\\\/tr\\\/wp-content\\\/uploads\\\/sites\\\/6\\\/2026\\\/04\\\/Aslan.jpg\",\"width\":1200,\"height\":675},{\"@type\":\"BreadcrumbList\",\"@id\":\"https:\\\/\\\/akunq.net\\\/tr\\\/?p=86180#breadcrumb\",\"itemListElement\":[{\"@type\":\"ListItem\",\"position\":1,\"name\":\"Home\",\"item\":\"https:\\\/\\\/akunq.net\\\/tr\"},{\"@type\":\"ListItem\",\"position\":2,\"name\":\"Aslan&#8217;dan \u00c7\u00f6mez&#8217;e: Ermenilere ne oldu, nereye gittiler?\"}]},{\"@type\":\"WebSite\",\"@id\":\"https:\\\/\\\/akunq.net\\\/tr\\\/#website\",\"url\":\"https:\\\/\\\/akunq.net\\\/tr\\\/\",\"name\":\"Bati Ermenistan Ve Bati Ermenileri Sorunlari Ara\u015ftirmalar Merkezi\",\"description\":\"\",\"potentialAction\":[{\"@type\":\"SearchAction\",\"target\":{\"@type\":\"EntryPoint\",\"urlTemplate\":\"https:\\\/\\\/akunq.net\\\/tr\\\/?s={search_term_string}\"},\"query-input\":{\"@type\":\"PropertyValueSpecification\",\"valueRequired\":true,\"valueName\":\"search_term_string\"}}],\"inLanguage\":\"en-US\"},{\"@type\":\"Person\",\"@id\":\"https:\\\/\\\/akunq.net\\\/tr\\\/#\\\/schema\\\/person\\\/42a46675f00a8f1e84520e8c56500de3\",\"name\":\"admin\",\"url\":\"https:\\\/\\\/akunq.net\\\/tr\\\/?author=1\"}]}<\/script>\n<!-- \/ Yoast SEO plugin. -->","yoast_head_json":{"title":"Aslan'dan \u00c7\u00f6mez'e: Ermenilere ne oldu, nereye gittiler? - Bati Ermenistan Ve Bati Ermenileri Sorunlari Ara\u015ftirmalar Merkezi","robots":{"index":"index","follow":"follow","max-snippet":"max-snippet:-1","max-image-preview":"max-image-preview:large","max-video-preview":"max-video-preview:-1"},"canonical":"https:\/\/akunq.net\/tr\/?p=86180","og_locale":"en_US","og_type":"article","og_title":"Aslan'dan \u00c7\u00f6mez'e: Ermenilere ne oldu, nereye gittiler? - Bati Ermenistan Ve Bati Ermenileri Sorunlari Ara\u015ftirmalar Merkezi","og_description":"TBMM Genel Kurul&#8217;da g\u00fcndem d\u0131\u015f\u0131 s\u00f6z al\u0131p 24 Nisan&#8217;a dair &#8220;Osmanl\u0131, emperyalistlerin silahland\u0131rd\u0131\u011f\u0131 ter\u00f6r \u00f6rg\u00fctlerine kar\u015f\u0131 bu karar\u0131 almak zorunda kald\u0131 ve bu karar bir soyk\u0131r\u0131m karar\u0131 de\u011fildir, kay\u0131tlara ge\u00e7sin istiyorum&#8221; diyen \u0130Y\u0130 Partili Turhan \u00c7\u00f6mez&#8217;e, DEM Partili George Aslan&#8217;dan soru geldi: &#8220;Osmanl\u0131 y\u00f6netiminde n\u00fcfus 13 milyondu, bunlardan 3 milyonu Ermeni, S\u00fcryani ve di\u011fer H\u0131ristiyan [&hellip;]","og_url":"https:\/\/akunq.net\/tr\/?p=86180","og_site_name":"Bati Ermenistan Ve Bati Ermenileri Sorunlari Ara\u015ftirmalar Merkezi","article_published_time":"2026-04-30T06:16:42+00:00","article_modified_time":"2026-04-30T06:16:43+00:00","og_image":[{"width":1200,"height":675,"url":"https:\/\/akunq.net\/tr\/wp-content\/uploads\/sites\/6\/2026\/04\/Aslan.jpg","type":"image\/jpeg"}],"author":"admin","twitter_card":"summary_large_image","twitter_misc":{"Written by":"admin","Est. reading time":"5 minutes"},"schema":{"@context":"https:\/\/schema.org","@graph":[{"@type":"Article","@id":"https:\/\/akunq.net\/tr\/?p=86180#article","isPartOf":{"@id":"https:\/\/akunq.net\/tr\/?p=86180"},"author":{"name":"admin","@id":"https:\/\/akunq.net\/tr\/#\/schema\/person\/42a46675f00a8f1e84520e8c56500de3"},"headline":"Aslan&#8217;dan \u00c7\u00f6mez&#8217;e: Ermenilere ne oldu, nereye gittiler?","datePublished":"2026-04-30T06:16:42+00:00","dateModified":"2026-04-30T06:16:43+00:00","mainEntityOfPage":{"@id":"https:\/\/akunq.net\/tr\/?p=86180"},"wordCount":1351,"commentCount":0,"image":{"@id":"https:\/\/akunq.net\/tr\/?p=86180#primaryimage"},"thumbnailUrl":"https:\/\/akunq.net\/tr\/wp-content\/uploads\/sites\/6\/2026\/04\/Aslan.jpg","articleSection":["Ermeni Soyk\u0131r\u0131m\u0131","Haberler","Tart\u0131\u015fmalar"],"inLanguage":"en-US","potentialAction":[{"@type":"CommentAction","name":"Comment","target":["https:\/\/akunq.net\/tr\/?p=86180#respond"]}]},{"@type":"WebPage","@id":"https:\/\/akunq.net\/tr\/?p=86180","url":"https:\/\/akunq.net\/tr\/?p=86180","name":"Aslan'dan \u00c7\u00f6mez'e: Ermenilere ne oldu, nereye gittiler? - Bati Ermenistan Ve Bati Ermenileri Sorunlari Ara\u015ftirmalar Merkezi","isPartOf":{"@id":"https:\/\/akunq.net\/tr\/#website"},"primaryImageOfPage":{"@id":"https:\/\/akunq.net\/tr\/?p=86180#primaryimage"},"image":{"@id":"https:\/\/akunq.net\/tr\/?p=86180#primaryimage"},"thumbnailUrl":"https:\/\/akunq.net\/tr\/wp-content\/uploads\/sites\/6\/2026\/04\/Aslan.jpg","datePublished":"2026-04-30T06:16:42+00:00","dateModified":"2026-04-30T06:16:43+00:00","author":{"@id":"https:\/\/akunq.net\/tr\/#\/schema\/person\/42a46675f00a8f1e84520e8c56500de3"},"breadcrumb":{"@id":"https:\/\/akunq.net\/tr\/?p=86180#breadcrumb"},"inLanguage":"en-US","potentialAction":[{"@type":"ReadAction","target":["https:\/\/akunq.net\/tr\/?p=86180"]}]},{"@type":"ImageObject","inLanguage":"en-US","@id":"https:\/\/akunq.net\/tr\/?p=86180#primaryimage","url":"https:\/\/akunq.net\/tr\/wp-content\/uploads\/sites\/6\/2026\/04\/Aslan.jpg","contentUrl":"https:\/\/akunq.net\/tr\/wp-content\/uploads\/sites\/6\/2026\/04\/Aslan.jpg","width":1200,"height":675},{"@type":"BreadcrumbList","@id":"https:\/\/akunq.net\/tr\/?p=86180#breadcrumb","itemListElement":[{"@type":"ListItem","position":1,"name":"Home","item":"https:\/\/akunq.net\/tr"},{"@type":"ListItem","position":2,"name":"Aslan&#8217;dan \u00c7\u00f6mez&#8217;e: Ermenilere ne oldu, nereye gittiler?"}]},{"@type":"WebSite","@id":"https:\/\/akunq.net\/tr\/#website","url":"https:\/\/akunq.net\/tr\/","name":"Bati Ermenistan Ve Bati Ermenileri Sorunlari Ara\u015ftirmalar Merkezi","description":"","potentialAction":[{"@type":"SearchAction","target":{"@type":"EntryPoint","urlTemplate":"https:\/\/akunq.net\/tr\/?s={search_term_string}"},"query-input":{"@type":"PropertyValueSpecification","valueRequired":true,"valueName":"search_term_string"}}],"inLanguage":"en-US"},{"@type":"Person","@id":"https:\/\/akunq.net\/tr\/#\/schema\/person\/42a46675f00a8f1e84520e8c56500de3","name":"admin","url":"https:\/\/akunq.net\/tr\/?author=1"}]}},"_links":{"self":[{"href":"https:\/\/akunq.net\/tr\/index.php?rest_route=\/wp\/v2\/posts\/86180","targetHints":{"allow":["GET"]}}],"collection":[{"href":"https:\/\/akunq.net\/tr\/index.php?rest_route=\/wp\/v2\/posts"}],"about":[{"href":"https:\/\/akunq.net\/tr\/index.php?rest_route=\/wp\/v2\/types\/post"}],"author":[{"embeddable":true,"href":"https:\/\/akunq.net\/tr\/index.php?rest_route=\/wp\/v2\/users\/1"}],"replies":[{"embeddable":true,"href":"https:\/\/akunq.net\/tr\/index.php?rest_route=%2Fwp%2Fv2%2Fcomments&post=86180"}],"version-history":[{"count":1,"href":"https:\/\/akunq.net\/tr\/index.php?rest_route=\/wp\/v2\/posts\/86180\/revisions"}],"predecessor-version":[{"id":86182,"href":"https:\/\/akunq.net\/tr\/index.php?rest_route=\/wp\/v2\/posts\/86180\/revisions\/86182"}],"wp:featuredmedia":[{"embeddable":true,"href":"https:\/\/akunq.net\/tr\/index.php?rest_route=\/wp\/v2\/media\/86181"}],"wp:attachment":[{"href":"https:\/\/akunq.net\/tr\/index.php?rest_route=%2Fwp%2Fv2%2Fmedia&parent=86180"}],"wp:term":[{"taxonomy":"category","embeddable":true,"href":"https:\/\/akunq.net\/tr\/index.php?rest_route=%2Fwp%2Fv2%2Fcategories&post=86180"},{"taxonomy":"post_tag","embeddable":true,"href":"https:\/\/akunq.net\/tr\/index.php?rest_route=%2Fwp%2Fv2%2Ftags&post=86180"}],"curies":[{"name":"wp","href":"https:\/\/api.w.org\/{rel}","templated":true}]}}