{"id":86176,"date":"2026-04-28T01:46:19","date_gmt":"2026-04-28T06:46:19","guid":{"rendered":"https:\/\/akunq.net\/tr\/?p=86176"},"modified":"2026-04-28T01:46:19","modified_gmt":"2026-04-28T06:46:19","slug":"yozgatin-kalbindeki-o-sesin-sirri-cozuldu-kilise-mi-sorusuna-net-yanit","status":"publish","type":"post","link":"https:\/\/akunq.net\/tr\/?p=86176","title":{"rendered":"Yozgat\u2019\u0131n Kalbindeki O Sesin S\u0131rr\u0131 \u00c7\u00f6z\u00fcld\u00fc: \u201cKilise mi?\u201d Sorusuna Net Yan\u0131t!"},"content":{"rendered":"\n<h2 class=\"wp-block-heading\"><em>Yozgat Saat Kulesi 1908\u2019den bu yana \u00e7al\u0131\u015f\u0131yor. Mekanik sistemin par\u00e7as\u0131 olan \u00e7an sesiyle ilgili tart\u0131\u015fmalara bak\u0131m sorumlusu a\u00e7\u0131kl\u0131k getirdi.<\/em><\/h2>\n\n\n\n<p>Yozgat\u2019\u0131n tam kalbinde y\u00fckselen ve 1908 y\u0131l\u0131nda in\u015fa edilen tarihi Saat Kulesi, aradan ge\u00e7en 118 y\u0131la ra\u011fmen hala \u00e7al\u0131\u015f\u0131r durumda.<\/p>\n\n\n\n<p>\u0130kinci Abd\u00fclhamid d\u00f6neminde temelleri at\u0131lan ve d\u00f6nemin Belediye Ba\u015fkan\u0131 Tevfikzade Ahmet Bey taraf\u0131ndan yapt\u0131r\u0131lan Saat Kulesi hem mimarisi hem de mekanik sistemiyle dikkat \u00e7ekiyor. Sar\u0131 kesme ta\u015flardan in\u015fa edilen Saat Kulesi, yedi katl\u0131 yap\u0131s\u0131yla \u015fehrin siluetine damga vuruyor. Her saat ba\u015f\u0131nda \u00e7alan \u00e7an sesi ise Yozgat\u2019\u0131n bir\u00e7ok noktas\u0131ndan duyulur durumda.<\/p>\n\n\n\n<figure class=\"wp-block-image\"><img decoding=\"async\" src=\"https:\/\/i0.wp.com\/yozgathakimiyetcomtr.teimg.com\/yozgathakimiyet-com-tr\/uploads\/2026\/04\/yozgatin-kalbindeki-o-sesin-sirri-cozuldu-kilise-mi-sorusuna-net-yanit-2.jpg?ssl=1\" alt=\"Yozgat\u2019\u0131n Kalbindeki O Sesin S\u0131rr\u0131 \u00c7\u00f6z\u00fcld\u00fc Kilise Mi Sorusuna Net Yan\u0131t! (2)\"\/><\/figure>\n\n\n\n<h2 class=\"wp-block-heading\"><strong>1908\u2019den G\u00fcn\u00fcm\u00fcze Ula\u015fan Mimari ve Mekanik Miras<\/strong><\/h2>\n\n\n\n<p>Yozgat Saat Kulesi, Osmanl\u0131\u2019n\u0131n son d\u00f6nem mimarisinin sade ama etkileyici \u00f6rneklerinden biri olarak \u00f6ne \u00e7\u0131k\u0131yor. Zemin kat ve \u00e7an b\u00f6l\u00fcm\u00fcn\u00fcn de dahil oldu\u011fu yedi katl\u0131 Saat Kulesi, d\u00f6nemin m\u00fchendislik anlay\u0131\u015f\u0131n\u0131 yans\u0131t\u0131yor. Kulede d\u00f6rt farkl\u0131 y\u00f6ne bakan saat bulunuyor ve bu saatler mekanik bir sistemle \u00e7al\u0131\u015f\u0131yor.<\/p>\n\n\n\n<p>Yozgat\u2019ta bulunan tarihi saat kulesinin \u00e7an sesiyle ilgili \u00e7\u0131kan dedikodulara, Saat Kulesinin bak\u0131m\u0131n\u0131 \u00fcstlenen Yozgat\u2019ta faaliyet g\u00f6steren Katlan Elektronik\u2019in sahibi Sinan Katlan a\u00e7\u0131kl\u0131k getirdi. Saat Kulesinin bak\u0131m\u0131n\u0131 \u00fcstlenen Katlan, \u00e7an\u0131n dini bir sembol de\u011fil, saatin mekanik bir par\u00e7as\u0131 oldu\u011funu vurgulad\u0131.<\/p>\n\n\n\n<p>Saat Kulesinin bak\u0131m\u0131n\u0131 \u00fcstlenen Katlan Yozgat\u2019ta bulunan tarihi saat kulesinin \u00e7an sesi, baz\u0131 vatanda\u015flar aras\u0131nda tart\u0131\u015fma konusu oldu.<\/p>\n\n\n\n<p>Saatin bak\u0131m ve onar\u0131m\u0131n\u0131 \u00fcstlenen saatin bak\u0131m\u0131n\u0131 \u00fcstlenen Katlan, konuya ili\u015fkin a\u00e7\u0131klamalarda bulundu. Katlan, \u00e7an\u0131n dini bir sembol olmad\u0131\u011f\u0131n\u0131, saatin kendine \u00f6zg\u00fc bir par\u00e7as\u0131 oldu\u011funu belirtti.<\/p>\n\n\n\n<figure class=\"wp-block-image\"><img decoding=\"async\" src=\"https:\/\/i0.wp.com\/yozgathakimiyetcomtr.teimg.com\/yozgathakimiyet-com-tr\/uploads\/2026\/04\/yozgatin-kalbindeki-o-sesin-sirri-cozuldu-kilise-mi-sorusuna-net-yanit-1.jpg?resize=1280%2C720&amp;ssl=1\" alt=\"Yozgat\u2019\u0131n Kalbindeki O Sesin S\u0131rr\u0131 \u00c7\u00f6z\u00fcld\u00fc Kilise Mi Sorusuna Net Yan\u0131t! (1)\"\/><\/figure>\n\n\n\n<h2 class=\"wp-block-heading\"><strong>\u00c7an, Saatin Kendi Simgesi<\/strong><\/h2>\n\n\n\n<p>Saat Kulesinin bak\u0131m\u0131n\u0131 \u00fcstlenen Katlan, saat kulesinin 1908\u2019li y\u0131llarda II. Abd\u00fclhamid d\u00f6neminde Yozgat\u2019a g\u00f6nderildi\u011fini ifade etti. Saatin Frans\u0131z yap\u0131m\u0131, mekanik bir saat oldu\u011funu ve \u00e7an\u0131n\u0131n buran\u0131n bir simgesi haline geldi\u011fini s\u00f6yledi. Saat Kulesinin bak\u0131m\u0131n\u0131 \u00fcstlenen Katlan, \u201cBu saatin simgesi. Herhangi bir dinle alakas\u0131 yok. Yani ezan ayr\u0131, \u00e7an ayr\u0131. \u00c7an, Hristiyanlar\u0131n simgesi olabilir ama bu saatin kendi simgesi. \u00d6yle s\u00f6yleyeyim.\u201d dedi.<\/p>\n\n\n\n<p>Saat Kulesinin bak\u0131m\u0131n\u0131 \u00fcstlenen Katlan, saat kulesinin \u00e7an\u0131n\u0131n saat ba\u015f\u0131 ve saat ba\u015f\u0131n\u0131 teyit etmek i\u00e7in 12 kez \u00e7ald\u0131\u011f\u0131n\u0131 belirtti.<\/p>\n\n\n\n<figure class=\"wp-block-image\"><img decoding=\"async\" src=\"https:\/\/i0.wp.com\/yozgathakimiyetcomtr.teimg.com\/yozgathakimiyet-com-tr\/uploads\/2026\/04\/yozgatin-kalbindeki-o-sesin-sirri-cozuldu-kilise-mi-sorusuna-net-yanit-4.jpg?ssl=1\" alt=\"Yozgat\u2019\u0131n Kalbindeki O Sesin S\u0131rr\u0131 \u00c7\u00f6z\u00fcld\u00fc Kilise Mi Sorusuna Net Yan\u0131t! (4)\"\/><\/figure>\n\n\n\n<h2 class=\"wp-block-heading\"><strong>\u201cBuras\u0131 Kilise mi?\u201d Sorusu \u015ea\u015f\u0131rtt\u0131<\/strong><\/h2>\n\n\n\n<p>Ya\u015fad\u0131\u011f\u0131 ilgin\u00e7 bir olay\u0131 da payla\u015fan Saat Kulesinin bak\u0131m\u0131n\u0131 \u00fcstlenen Katlan. \u201cGe\u00e7ti\u011fimiz g\u00fcnlerde saat kulesini kurarken bir vatanda\u015f\u0131n kendisine \u2018Abi, bu saat niye \u00f6t\u00fcyor? Buras\u0131 kilise mi?\u2019 diye sordu\u011funu aktard\u0131. Saat Kulesinin bak\u0131m\u0131n\u0131 \u00fcstlenen Katlan, bu soru kar\u015f\u0131s\u0131nda \u015fa\u015f\u0131rd\u0131\u011f\u0131n\u0131 ve \u201cNe alakas\u0131 var?\u201d diyerek tepki verdi\u011fini s\u00f6yledi.<\/p>\n\n\n\n<p>Saat Kulesinin bak\u0131m\u0131n\u0131 \u00fcstlenen Katlan, saatin yap\u0131ld\u0131\u011f\u0131 d\u00f6nemin daha muhafazakar ve \u0130slamiyet\u2019e daha yak\u0131n bir d\u00f6nem oldu\u011funu vurgulad\u0131. Bu nedenle \u00e7an\u0131n herhangi bir dini sembol olarak de\u011fil , sadece saatin bir par\u00e7as\u0131 oldu\u011funu dile getiren Saat Kulesinin bak\u0131m\u0131n\u0131 \u00fcstlenen Katlan, \u201cElhamd\u00fclillah hepimiz M\u00fcsl\u00fcman\u0131z. Ezan okunuyor. Yani \u015fimdi ezan ayr\u0131, \u00e7an ayr\u0131\u201d ifadelerini kulland\u0131.<\/p>\n\n\n\n<h2 class=\"wp-block-heading\"><strong>Haftal\u0131k Bak\u0131m ve Ya\u011flama Gerekiyor<\/strong><\/h2>\n\n\n\n<p>Saat Kulesinin bak\u0131m\u0131n\u0131 \u00fcstlenen Katlan, tarihi saatin \u00e7al\u0131\u015fmas\u0131n\u0131n olduk\u00e7a zahmetli oldu\u011funu anlatt\u0131. Saatin haftal\u0131k olarak kuruldu\u011funu ve ya\u011fland\u0131\u011f\u0131n\u0131 belirten Saat Kulesinin bak\u0131m\u0131n\u0131 \u00fcstlenen Katlan, \u201cHaftal\u0131k kurulur, pazartesi de ya\u011flan\u0131r. Ayl\u0131kta genel temizli\u011fi yapar\u0131z. O di\u015flerin aras\u0131 benzinle y\u0131kan\u0131r. Tekrar ya\u011flan\u0131r. T\u0131k\u0131r t\u0131k\u0131r \u00e7al\u0131\u015f\u0131r\u201d \u015feklinde konu\u015ftu.<\/p>\n\n\n\n<p>Saat Kulesinin bak\u0131m\u0131n\u0131 \u00fcstlenen Katlan, \u00e7an\u0131n kurulumunun da olduk\u00e7a zor oldu\u011funu ifade ederek, \u201cKe\u015fke \u00e7an \u00e7almasa deseler. Niye de? \u00c7an\u0131 daha zor kuruyoruz. Yani i\u00e7ini bir g\u00f6rseniz o a\u011f\u0131rl\u0131klarla \u00e7al\u0131\u015f\u0131yor zaten\u201d \u015feklinde konu\u015ftu.<\/p>\n\n\n\n<p><strong>Muhabir:&nbsp;<\/strong>Sevgi Ay<\/p>\n\n\n\n<p><a href=\"https:\/\/www.yozgathakimiyet.com.tr\/yozgatin-kalbindeki-o-sesin-sirri-cozuldu-kilise-mi-sorusuna-net-yanit\"><strong><em>https:\/\/www.yozgathakimiyet.com.tr\/yozgatin-kalbindeki-o-sesin-sirri-cozuldu-kilise-mi-sorusuna-net-yanit<\/em><\/strong><\/a><\/p>\n","protected":false},"excerpt":{"rendered":"<p>Yozgat Saat Kulesi 1908\u2019den bu yana \u00e7al\u0131\u015f\u0131yor. Mekanik sistemin par\u00e7as\u0131 olan \u00e7an sesiyle ilgili tart\u0131\u015fmalara bak\u0131m sorumlusu a\u00e7\u0131kl\u0131k getirdi. Yozgat\u2019\u0131n tam kalbinde y\u00fckselen ve 1908 y\u0131l\u0131nda in\u015fa edilen tarihi Saat Kulesi, aradan ge\u00e7en 118 y\u0131la ra\u011fmen hala \u00e7al\u0131\u015f\u0131r durumda. \u0130kinci Abd\u00fclhamid d\u00f6neminde temelleri at\u0131lan ve d\u00f6nemin Belediye Ba\u015fkan\u0131 Tevfikzade Ahmet Bey taraf\u0131ndan yapt\u0131r\u0131lan Saat Kulesi [&hellip;]<\/p>\n","protected":false},"author":1,"featured_media":86177,"comment_status":"open","ping_status":"open","sticky":false,"template":"","format":"standard","meta":{"footnotes":""},"categories":[1],"tags":[],"class_list":["post-86176","post","type-post","status-publish","format-standard","has-post-thumbnail","hentry","category-haberler"],"yoast_head":"<!-- This site is optimized with the Yoast SEO plugin v27.4 - https:\/\/yoast.com\/product\/yoast-seo-wordpress\/ -->\n<title>Yozgat\u2019\u0131n Kalbindeki O Sesin S\u0131rr\u0131 \u00c7\u00f6z\u00fcld\u00fc: \u201cKilise mi?\u201d Sorusuna Net Yan\u0131t! - Bati Ermenistan Ve Bati Ermenileri Sorunlari Ara\u015ftirmalar Merkezi<\/title>\n<meta name=\"robots\" content=\"index, follow, max-snippet:-1, max-image-preview:large, max-video-preview:-1\" \/>\n<link rel=\"canonical\" href=\"https:\/\/akunq.net\/tr\/?p=86176\" \/>\n<meta property=\"og:locale\" content=\"en_US\" \/>\n<meta property=\"og:type\" content=\"article\" \/>\n<meta property=\"og:title\" content=\"Yozgat\u2019\u0131n Kalbindeki O Sesin S\u0131rr\u0131 \u00c7\u00f6z\u00fcld\u00fc: \u201cKilise mi?\u201d Sorusuna Net Yan\u0131t! - Bati Ermenistan Ve Bati Ermenileri Sorunlari Ara\u015ftirmalar Merkezi\" \/>\n<meta property=\"og:description\" content=\"Yozgat Saat Kulesi 1908\u2019den bu yana \u00e7al\u0131\u015f\u0131yor. Mekanik sistemin par\u00e7as\u0131 olan \u00e7an sesiyle ilgili tart\u0131\u015fmalara bak\u0131m sorumlusu a\u00e7\u0131kl\u0131k getirdi. Yozgat\u2019\u0131n tam kalbinde y\u00fckselen ve 1908 y\u0131l\u0131nda in\u015fa edilen tarihi Saat Kulesi, aradan ge\u00e7en 118 y\u0131la ra\u011fmen hala \u00e7al\u0131\u015f\u0131r durumda. \u0130kinci Abd\u00fclhamid d\u00f6neminde temelleri at\u0131lan ve d\u00f6nemin Belediye Ba\u015fkan\u0131 Tevfikzade Ahmet Bey taraf\u0131ndan yapt\u0131r\u0131lan Saat Kulesi [&hellip;]\" \/>\n<meta property=\"og:url\" content=\"https:\/\/akunq.net\/tr\/?p=86176\" \/>\n<meta property=\"og:site_name\" content=\"Bati Ermenistan Ve Bati Ermenileri Sorunlari Ara\u015ftirmalar Merkezi\" \/>\n<meta property=\"article:published_time\" content=\"2026-04-28T06:46:19+00:00\" \/>\n<meta property=\"og:image\" content=\"https:\/\/akunq.net\/tr\/wp-content\/uploads\/sites\/6\/2026\/04\/Yozgat-Saat-Kulesi.webp\" \/>\n\t<meta property=\"og:image:width\" content=\"1280\" \/>\n\t<meta property=\"og:image:height\" content=\"720\" \/>\n\t<meta property=\"og:image:type\" content=\"image\/webp\" \/>\n<meta name=\"author\" content=\"admin\" \/>\n<meta name=\"twitter:card\" content=\"summary_large_image\" \/>\n<meta name=\"twitter:label1\" content=\"Written by\" \/>\n\t<meta name=\"twitter:data1\" content=\"admin\" \/>\n\t<meta name=\"twitter:label2\" content=\"Est. reading time\" \/>\n\t<meta name=\"twitter:data2\" content=\"3 minutes\" \/>\n<script type=\"application\/ld+json\" class=\"yoast-schema-graph\">{\"@context\":\"https:\\\/\\\/schema.org\",\"@graph\":[{\"@type\":\"Article\",\"@id\":\"https:\\\/\\\/akunq.net\\\/tr\\\/?p=86176#article\",\"isPartOf\":{\"@id\":\"https:\\\/\\\/akunq.net\\\/tr\\\/?p=86176\"},\"author\":{\"name\":\"admin\",\"@id\":\"https:\\\/\\\/akunq.net\\\/tr\\\/#\\\/schema\\\/person\\\/42a46675f00a8f1e84520e8c56500de3\"},\"headline\":\"Yozgat\u2019\u0131n Kalbindeki O Sesin S\u0131rr\u0131 \u00c7\u00f6z\u00fcld\u00fc: \u201cKilise mi?\u201d Sorusuna Net Yan\u0131t!\",\"datePublished\":\"2026-04-28T06:46:19+00:00\",\"mainEntityOfPage\":{\"@id\":\"https:\\\/\\\/akunq.net\\\/tr\\\/?p=86176\"},\"wordCount\":711,\"commentCount\":0,\"image\":{\"@id\":\"https:\\\/\\\/akunq.net\\\/tr\\\/?p=86176#primaryimage\"},\"thumbnailUrl\":\"https:\\\/\\\/akunq.net\\\/tr\\\/wp-content\\\/uploads\\\/sites\\\/6\\\/2026\\\/04\\\/Yozgat-Saat-Kulesi.webp\",\"articleSection\":[\"Haberler\"],\"inLanguage\":\"en-US\",\"potentialAction\":[{\"@type\":\"CommentAction\",\"name\":\"Comment\",\"target\":[\"https:\\\/\\\/akunq.net\\\/tr\\\/?p=86176#respond\"]}]},{\"@type\":\"WebPage\",\"@id\":\"https:\\\/\\\/akunq.net\\\/tr\\\/?p=86176\",\"url\":\"https:\\\/\\\/akunq.net\\\/tr\\\/?p=86176\",\"name\":\"Yozgat\u2019\u0131n Kalbindeki O Sesin S\u0131rr\u0131 \u00c7\u00f6z\u00fcld\u00fc: \u201cKilise mi?\u201d Sorusuna Net Yan\u0131t! - Bati Ermenistan Ve Bati Ermenileri Sorunlari Ara\u015ftirmalar Merkezi\",\"isPartOf\":{\"@id\":\"https:\\\/\\\/akunq.net\\\/tr\\\/#website\"},\"primaryImageOfPage\":{\"@id\":\"https:\\\/\\\/akunq.net\\\/tr\\\/?p=86176#primaryimage\"},\"image\":{\"@id\":\"https:\\\/\\\/akunq.net\\\/tr\\\/?p=86176#primaryimage\"},\"thumbnailUrl\":\"https:\\\/\\\/akunq.net\\\/tr\\\/wp-content\\\/uploads\\\/sites\\\/6\\\/2026\\\/04\\\/Yozgat-Saat-Kulesi.webp\",\"datePublished\":\"2026-04-28T06:46:19+00:00\",\"author\":{\"@id\":\"https:\\\/\\\/akunq.net\\\/tr\\\/#\\\/schema\\\/person\\\/42a46675f00a8f1e84520e8c56500de3\"},\"breadcrumb\":{\"@id\":\"https:\\\/\\\/akunq.net\\\/tr\\\/?p=86176#breadcrumb\"},\"inLanguage\":\"en-US\",\"potentialAction\":[{\"@type\":\"ReadAction\",\"target\":[\"https:\\\/\\\/akunq.net\\\/tr\\\/?p=86176\"]}]},{\"@type\":\"ImageObject\",\"inLanguage\":\"en-US\",\"@id\":\"https:\\\/\\\/akunq.net\\\/tr\\\/?p=86176#primaryimage\",\"url\":\"https:\\\/\\\/akunq.net\\\/tr\\\/wp-content\\\/uploads\\\/sites\\\/6\\\/2026\\\/04\\\/Yozgat-Saat-Kulesi.webp\",\"contentUrl\":\"https:\\\/\\\/akunq.net\\\/tr\\\/wp-content\\\/uploads\\\/sites\\\/6\\\/2026\\\/04\\\/Yozgat-Saat-Kulesi.webp\",\"width\":1280,\"height\":720},{\"@type\":\"BreadcrumbList\",\"@id\":\"https:\\\/\\\/akunq.net\\\/tr\\\/?p=86176#breadcrumb\",\"itemListElement\":[{\"@type\":\"ListItem\",\"position\":1,\"name\":\"Home\",\"item\":\"https:\\\/\\\/akunq.net\\\/tr\"},{\"@type\":\"ListItem\",\"position\":2,\"name\":\"Yozgat\u2019\u0131n Kalbindeki O Sesin S\u0131rr\u0131 \u00c7\u00f6z\u00fcld\u00fc: \u201cKilise mi?\u201d Sorusuna Net Yan\u0131t!\"}]},{\"@type\":\"WebSite\",\"@id\":\"https:\\\/\\\/akunq.net\\\/tr\\\/#website\",\"url\":\"https:\\\/\\\/akunq.net\\\/tr\\\/\",\"name\":\"Bati Ermenistan Ve Bati Ermenileri Sorunlari Ara\u015ftirmalar Merkezi\",\"description\":\"\",\"potentialAction\":[{\"@type\":\"SearchAction\",\"target\":{\"@type\":\"EntryPoint\",\"urlTemplate\":\"https:\\\/\\\/akunq.net\\\/tr\\\/?s={search_term_string}\"},\"query-input\":{\"@type\":\"PropertyValueSpecification\",\"valueRequired\":true,\"valueName\":\"search_term_string\"}}],\"inLanguage\":\"en-US\"},{\"@type\":\"Person\",\"@id\":\"https:\\\/\\\/akunq.net\\\/tr\\\/#\\\/schema\\\/person\\\/42a46675f00a8f1e84520e8c56500de3\",\"name\":\"admin\",\"url\":\"https:\\\/\\\/akunq.net\\\/tr\\\/?author=1\"}]}<\/script>\n<!-- \/ Yoast SEO plugin. -->","yoast_head_json":{"title":"Yozgat\u2019\u0131n Kalbindeki O Sesin S\u0131rr\u0131 \u00c7\u00f6z\u00fcld\u00fc: \u201cKilise mi?\u201d Sorusuna Net Yan\u0131t! - Bati Ermenistan Ve Bati Ermenileri Sorunlari Ara\u015ftirmalar Merkezi","robots":{"index":"index","follow":"follow","max-snippet":"max-snippet:-1","max-image-preview":"max-image-preview:large","max-video-preview":"max-video-preview:-1"},"canonical":"https:\/\/akunq.net\/tr\/?p=86176","og_locale":"en_US","og_type":"article","og_title":"Yozgat\u2019\u0131n Kalbindeki O Sesin S\u0131rr\u0131 \u00c7\u00f6z\u00fcld\u00fc: \u201cKilise mi?\u201d Sorusuna Net Yan\u0131t! - Bati Ermenistan Ve Bati Ermenileri Sorunlari Ara\u015ftirmalar Merkezi","og_description":"Yozgat Saat Kulesi 1908\u2019den bu yana \u00e7al\u0131\u015f\u0131yor. Mekanik sistemin par\u00e7as\u0131 olan \u00e7an sesiyle ilgili tart\u0131\u015fmalara bak\u0131m sorumlusu a\u00e7\u0131kl\u0131k getirdi. Yozgat\u2019\u0131n tam kalbinde y\u00fckselen ve 1908 y\u0131l\u0131nda in\u015fa edilen tarihi Saat Kulesi, aradan ge\u00e7en 118 y\u0131la ra\u011fmen hala \u00e7al\u0131\u015f\u0131r durumda. \u0130kinci Abd\u00fclhamid d\u00f6neminde temelleri at\u0131lan ve d\u00f6nemin Belediye Ba\u015fkan\u0131 Tevfikzade Ahmet Bey taraf\u0131ndan yapt\u0131r\u0131lan Saat Kulesi [&hellip;]","og_url":"https:\/\/akunq.net\/tr\/?p=86176","og_site_name":"Bati Ermenistan Ve Bati Ermenileri Sorunlari Ara\u015ftirmalar Merkezi","article_published_time":"2026-04-28T06:46:19+00:00","og_image":[{"width":1280,"height":720,"url":"https:\/\/akunq.net\/tr\/wp-content\/uploads\/sites\/6\/2026\/04\/Yozgat-Saat-Kulesi.webp","type":"image\/webp"}],"author":"admin","twitter_card":"summary_large_image","twitter_misc":{"Written by":"admin","Est. reading time":"3 minutes"},"schema":{"@context":"https:\/\/schema.org","@graph":[{"@type":"Article","@id":"https:\/\/akunq.net\/tr\/?p=86176#article","isPartOf":{"@id":"https:\/\/akunq.net\/tr\/?p=86176"},"author":{"name":"admin","@id":"https:\/\/akunq.net\/tr\/#\/schema\/person\/42a46675f00a8f1e84520e8c56500de3"},"headline":"Yozgat\u2019\u0131n Kalbindeki O Sesin S\u0131rr\u0131 \u00c7\u00f6z\u00fcld\u00fc: \u201cKilise mi?\u201d Sorusuna Net Yan\u0131t!","datePublished":"2026-04-28T06:46:19+00:00","mainEntityOfPage":{"@id":"https:\/\/akunq.net\/tr\/?p=86176"},"wordCount":711,"commentCount":0,"image":{"@id":"https:\/\/akunq.net\/tr\/?p=86176#primaryimage"},"thumbnailUrl":"https:\/\/akunq.net\/tr\/wp-content\/uploads\/sites\/6\/2026\/04\/Yozgat-Saat-Kulesi.webp","articleSection":["Haberler"],"inLanguage":"en-US","potentialAction":[{"@type":"CommentAction","name":"Comment","target":["https:\/\/akunq.net\/tr\/?p=86176#respond"]}]},{"@type":"WebPage","@id":"https:\/\/akunq.net\/tr\/?p=86176","url":"https:\/\/akunq.net\/tr\/?p=86176","name":"Yozgat\u2019\u0131n Kalbindeki O Sesin S\u0131rr\u0131 \u00c7\u00f6z\u00fcld\u00fc: \u201cKilise mi?\u201d Sorusuna Net Yan\u0131t! - Bati Ermenistan Ve Bati Ermenileri Sorunlari Ara\u015ftirmalar Merkezi","isPartOf":{"@id":"https:\/\/akunq.net\/tr\/#website"},"primaryImageOfPage":{"@id":"https:\/\/akunq.net\/tr\/?p=86176#primaryimage"},"image":{"@id":"https:\/\/akunq.net\/tr\/?p=86176#primaryimage"},"thumbnailUrl":"https:\/\/akunq.net\/tr\/wp-content\/uploads\/sites\/6\/2026\/04\/Yozgat-Saat-Kulesi.webp","datePublished":"2026-04-28T06:46:19+00:00","author":{"@id":"https:\/\/akunq.net\/tr\/#\/schema\/person\/42a46675f00a8f1e84520e8c56500de3"},"breadcrumb":{"@id":"https:\/\/akunq.net\/tr\/?p=86176#breadcrumb"},"inLanguage":"en-US","potentialAction":[{"@type":"ReadAction","target":["https:\/\/akunq.net\/tr\/?p=86176"]}]},{"@type":"ImageObject","inLanguage":"en-US","@id":"https:\/\/akunq.net\/tr\/?p=86176#primaryimage","url":"https:\/\/akunq.net\/tr\/wp-content\/uploads\/sites\/6\/2026\/04\/Yozgat-Saat-Kulesi.webp","contentUrl":"https:\/\/akunq.net\/tr\/wp-content\/uploads\/sites\/6\/2026\/04\/Yozgat-Saat-Kulesi.webp","width":1280,"height":720},{"@type":"BreadcrumbList","@id":"https:\/\/akunq.net\/tr\/?p=86176#breadcrumb","itemListElement":[{"@type":"ListItem","position":1,"name":"Home","item":"https:\/\/akunq.net\/tr"},{"@type":"ListItem","position":2,"name":"Yozgat\u2019\u0131n Kalbindeki O Sesin S\u0131rr\u0131 \u00c7\u00f6z\u00fcld\u00fc: \u201cKilise mi?\u201d Sorusuna Net Yan\u0131t!"}]},{"@type":"WebSite","@id":"https:\/\/akunq.net\/tr\/#website","url":"https:\/\/akunq.net\/tr\/","name":"Bati Ermenistan Ve Bati Ermenileri Sorunlari Ara\u015ftirmalar Merkezi","description":"","potentialAction":[{"@type":"SearchAction","target":{"@type":"EntryPoint","urlTemplate":"https:\/\/akunq.net\/tr\/?s={search_term_string}"},"query-input":{"@type":"PropertyValueSpecification","valueRequired":true,"valueName":"search_term_string"}}],"inLanguage":"en-US"},{"@type":"Person","@id":"https:\/\/akunq.net\/tr\/#\/schema\/person\/42a46675f00a8f1e84520e8c56500de3","name":"admin","url":"https:\/\/akunq.net\/tr\/?author=1"}]}},"_links":{"self":[{"href":"https:\/\/akunq.net\/tr\/index.php?rest_route=\/wp\/v2\/posts\/86176","targetHints":{"allow":["GET"]}}],"collection":[{"href":"https:\/\/akunq.net\/tr\/index.php?rest_route=\/wp\/v2\/posts"}],"about":[{"href":"https:\/\/akunq.net\/tr\/index.php?rest_route=\/wp\/v2\/types\/post"}],"author":[{"embeddable":true,"href":"https:\/\/akunq.net\/tr\/index.php?rest_route=\/wp\/v2\/users\/1"}],"replies":[{"embeddable":true,"href":"https:\/\/akunq.net\/tr\/index.php?rest_route=%2Fwp%2Fv2%2Fcomments&post=86176"}],"version-history":[{"count":1,"href":"https:\/\/akunq.net\/tr\/index.php?rest_route=\/wp\/v2\/posts\/86176\/revisions"}],"predecessor-version":[{"id":86178,"href":"https:\/\/akunq.net\/tr\/index.php?rest_route=\/wp\/v2\/posts\/86176\/revisions\/86178"}],"wp:featuredmedia":[{"embeddable":true,"href":"https:\/\/akunq.net\/tr\/index.php?rest_route=\/wp\/v2\/media\/86177"}],"wp:attachment":[{"href":"https:\/\/akunq.net\/tr\/index.php?rest_route=%2Fwp%2Fv2%2Fmedia&parent=86176"}],"wp:term":[{"taxonomy":"category","embeddable":true,"href":"https:\/\/akunq.net\/tr\/index.php?rest_route=%2Fwp%2Fv2%2Fcategories&post=86176"},{"taxonomy":"post_tag","embeddable":true,"href":"https:\/\/akunq.net\/tr\/index.php?rest_route=%2Fwp%2Fv2%2Ftags&post=86176"}],"curies":[{"name":"wp","href":"https:\/\/api.w.org\/{rel}","templated":true}]}}