{"id":86173,"date":"2026-04-28T01:40:47","date_gmt":"2026-04-28T06:40:47","guid":{"rendered":"https:\/\/akunq.net\/tr\/?p=86173"},"modified":"2026-04-28T01:40:47","modified_gmt":"2026-04-28T06:40:47","slug":"24-nisanin-izinde-pangalti-hafiza-yuruyusu","status":"publish","type":"post","link":"https:\/\/akunq.net\/tr\/?p=86173","title":{"rendered":"24 Nisan\u2019\u0131n izinde: Pangalt\u0131 Haf\u0131za Y\u00fcr\u00fcy\u00fc\u015f\u00fc"},"content":{"rendered":"\n<p><strong><em>23,5 Hrant Dink Haf\u0131za Mek\u00e2n\u0131\u2019n\u0131n, 21-26 Nisan haftas\u0131 i\u00e7in d\u00fczenledi\u011fi etkinlikler kapsam\u0131nda 24 Nisan Cuma g\u00fcn\u00fc, \u201cRudi Sayat Pulatyan ve Karin \u015ee\u015fetyan ile 24 Nisan\u2019\u0131n \u0130zinde\u201d turu yap\u0131ld\u0131. D\u00fczenlenen tur ile Pangalt\u0131\u2019da g\u00f6zalt\u0131na al\u0131n\u0131p tutuklanan, daha sonra s\u00fcrg\u00fcne g\u00f6nderilen 17 Ermeni ayd\u0131n\u0131n ya\u015fad\u0131\u011f\u0131 yerler ziyaret edildi, hik\u00e2yeleri, kentin ve toplumun belle\u011findeki yerleri yeniden hat\u0131rland\u0131.<\/em><\/strong><\/p>\n\n\n\n<p><strong>Nazl\u0131han Karako\u00e7<\/strong><\/p>\n\n\n\n<p>Rudi Sayat Pulatyan ve Karin \u015ee\u015fetyan rehberli\u011finde 20 ki\u015filik bir ekip, 24 Nisan 1915 tarihinde Pangalt\u0131\u2019da g\u00f6zalt\u0131na al\u0131nan Ermeni ayd\u0131nlar\u0131n\u0131n ya\u015fad\u0131klar\u0131 yerleri ziyaret edip, hik\u00e2yelerini dinledikleri Haf\u0131za Y\u00fcr\u00fcy\u00fc\u015f\u00fc\u2019nde bir araya geldi. Pangalt\u0131 Haf\u0131za Y\u00fcr\u00fcy\u00fc\u015f\u00fc, eski Agos ofisinin yer ald\u0131\u011f\u0131 \u015ei\u015fli\u2019deki Sebat Apartman\u0131\u2019nda, ziyaret\u00e7ilerine kap\u0131lar\u0131n\u0131 2019 y\u0131l\u0131nda a\u00e7an 23,5 Hrant Dink Haf\u0131za Mek\u00e2n\u0131\u2019nda ba\u015flad\u0131.<\/p>\n\n\n\n<p>Konu\u015fmas\u0131nda \u00f6nceki y\u0131llarda bu Haf\u0131za Y\u00fcr\u00fcy\u00fc\u015f\u00fc\u2019ne rehberlik eden Nesim Ovadya \u0130zrail\u2019e ve yapt\u0131\u011f\u0131 \u00e7al\u0131\u015fmalara de\u011finerek ba\u015flayan Karin \u015ee\u015fetyan, Osmanl\u0131 ar\u015fivlerinde ilk defa Yusuf Sar\u0131nay taraf\u0131ndan terc\u00fcme edilen 24 Nisan gecesi ve sonras\u0131nda tutuklanmas\u0131 pl\u00e2nlanan 610 ki\u015filik bir g\u00f6zalt\u0131 listesi ve sonras\u0131nda neler oldu\u011fu yazan geni\u015f bir belgeden bahsetti. Bu belgede bahsi ge\u00e7en 610 Ermeni ayd\u0131n\u0131n i\u00e7inden sadece 250\u2019sinin \u0130stanbul\u2019dan g\u00f6zalt\u0131na al\u0131nd\u0131\u011f\u0131 bilgisini verdi. \u015ee\u015fetyan, bu Haf\u0131za Y\u00fcr\u00fcy\u00fc\u015f\u00fc\u2019nde yaln\u0131zca Pangalt\u0131\u2019dan g\u00f6zalt\u0131na al\u0131nanlar\u0131n ya\u015fad\u0131klar\u0131 yerlerin ziyaret edilebilece\u011fini belirtti.<\/p>\n\n\n\n<p><img loading=\"lazy\" decoding=\"async\" width=\"505\" height=\"334\" src=\"https:\/\/static.agos.com.tr\/2026\/04\/1000034576.jpg\" alt=\"\"><\/p>\n\n\n\n<p>\u015ee\u015fetyan, 250 Ermeni\u2019nin evlerinden g\u00f6zalt\u0131na al\u0131nd\u0131\u011f\u0131 24 Nisan Cumartesi gecesini \u015fu s\u00f6zlerle anlatt\u0131:<\/p>\n\n\n\n<p>\u201c24 Nisan gecesi, \u00e7ok kibar birtak\u0131m polisler hemen d\u00f6necekleri vaadiyle bu ki\u015fileri al\u0131yorlar. Hatta \u00fcstlerini bile de\u011fi\u015ftirmeden, Cumartesi gecesi ev h\u00e2liyle kalk\u0131p karakola gidiyorlar. G\u00f6r\u00fcyorlar ki tan\u0131d\u0131klar\u0131 da var ve gitgide de kalabal\u0131kla\u015f\u0131yorlar. B\u00fct\u00fcn \u0130stanbul genelindeki karakollardan, Sultanahmet\u2019teki merkez hapishanesine nakledilen ayd\u0131nlar geceyi orada ge\u00e7iriyorlar. Sonras\u0131nda 25 Nisan Pazar g\u00fcn\u00fc, ak\u015fam \u00fcst\u00fc bir k\u0131s\u0131m insan y\u00fcr\u00fct\u00fclerek, bir k\u0131sm\u0131 da ara\u00e7larla Sirkeci\u2019ye g\u00f6t\u00fcr\u00fcl\u00fcyorlar, oradan da Haydarpa\u015fa\u2019ya. Hatta o s\u00fcre\u00e7te, \u2018bizi buradan denize atacaklar herhalde\u2019 d\u00fc\u015f\u00fcncesi ve korku da var baz\u0131lar\u0131nda.<\/p>\n\n\n\n<figure class=\"wp-block-image\"><img decoding=\"async\" src=\"https:\/\/static.agos.com.tr\/2026\/04\/1000034575.jpg\" alt=\"\"\/><figcaption class=\"wp-element-caption\"><em>Karin \u015ee\u015fetyan<\/em><\/figcaption><\/figure>\n\n\n\n<h4 class=\"wp-block-heading\">250 Ermeni ayd\u0131n\u0131ndan 174&#8217;\u00fc \u00f6ld\u00fcr\u00fcld\u00fc<\/h4>\n\n\n\n<p>Trenle Sincan\u2019a getirilenlerin bir k\u0131sm\u0131, Aya\u015f\u2019ta bulunan s\u00fcrg\u00fcn kamp\u0131na g\u00f6nderiliyor, bir k\u0131sm\u0131 da \u00c7ank\u0131r\u0131\u2019dakine. 1915&#8217;te tutuklanan 197 ki\u015fi, sonraki g\u00fcnlerde gelenlerle birlikte 250&#8217;yi buldu. Bu s\u00fcre\u00e7, A\u011fustos ay\u0131n\u0131n sonuna kadar devam etti. Aya\u015f\u2019a g\u00f6t\u00fcr\u00fclen 92 ki\u015fiden 75&#8217;i, \u00c7ank\u0131r\u0131&#8217;ya g\u00f6t\u00fcr\u00fclen 158 ayd\u0131ndan da 99&#8217;u hayat\u0131n\u0131 kaybetti. Toplamda 250 Ermeni ayd\u0131n\u0131ndan 174&#8217;\u00fc \u00f6ld\u00fcr\u00fcld\u00fc, 76&#8217;s\u0131 sa\u011f kurtuldu. Resmi izinle veya ka\u00e7arak bir \u015fekilde sa\u011f kurtulan ki\u015filer de oldu.\u201d<\/p>\n\n\n\n<p><strong>Ayr\u0131mc\u0131 politikalarla azalt\u0131lan gayim\u00fcslim n\u00fcfus<\/strong><\/p>\n\n\n\n<p>\u015ee\u015fetyan\u2019\u0131n konu\u015fmas\u0131 sonras\u0131 23,5\u2019tan yola \u00e7\u0131kan ekip, Rudi Sayat Pulatyan\u2019\u0131n Pangalt\u0131 hakk\u0131nda verdi\u011fi bilgiler e\u015fli\u011finde o d\u00f6nem ayd\u0131nlar\u0131n getirildi\u011fi karakollardan biri oldu\u011fu tahmin edilen fakat \u015fimdi bir foto\u011fraf\u00e7\u0131 olan d\u00fckkan\u0131n \u00f6n\u00fcnden ge\u00e7erek, Hrant Dink Vakf\u0131 ve Agos Gazetesi\u2019nin de bulundu\u011fu Papa Roncalli Sokak\u2019a gitti.<\/p>\n\n\n\n<p><img loading=\"lazy\" decoding=\"async\" src=\"https:\/\/static.agos.com.tr\/2026\/04\/1000034573.jpg\" alt=\"\" width=\"518\" height=\"345\">Pulatyan, 20. y\u00fczy\u0131l sonunda Pangalt\u0131\u2019n\u0131n, \u0130stanbul\u2019un gayrim\u00fcslim n\u00fcfusunun en yo\u011fun ya\u015fad\u0131\u011f\u0131 b\u00f6lgelerden biri h\u00e2line geldi\u011fini ve n\u00fcfusunun y\u00fczde 49\u2019unu Ermeniler\u2019in, y\u00fczde 27\u2019sini Latin ve Levantenler\u2019in, y\u00fczde 9\u2019unu ise Rumlar\u2019\u0131n olu\u015fturdu\u011fu bilgisini verdi. 24 Nisan 1915 ve ilerleyen y\u0131llarda Varl\u0131k Vergisi, 6-7 Eyl\u00fcl olaylar\u0131 ve 1964 Rum S\u00fcrg\u00fcn\u00fc gibi ayr\u0131mc\u0131 politikalarla gayrim\u00fcslim n\u00fcfusun b\u00f6lgeden ayr\u0131lmas\u0131n\u0131n h\u0131zland\u0131\u011f\u0131n\u0131 dile getirdi.<\/p>\n\n\n\n<p>Gayrim\u00fcslimlerden bo\u015falan yerlere, Anadolu\u2019dan gelen yeni sakinler yerle\u015firken, y\u0131k\u0131lan konaklar\u0131n yerine apartmanlar in\u015fa edildi\u011finden bahseden Pulatyan, bug\u00fcn Pangalt\u0131\u2019n\u0131n haf\u0131zas\u0131n\u0131n, geriye kalan eski binalar\u0131n mimarisinde, Anarad H\u0131\u011futyun Okulu\u2019nun restore edilmi\u015f binas\u0131nda faaliyet g\u00f6steren Hrant Dink Vakf\u0131\u2019nda, S\u0131mpad P\u00fcrad\u2019\u0131n ya\u015fad\u0131\u011f\u0131 Mercimekyan Apartman\u0131\u2019n\u0131n kar\u015f\u0131s\u0131nda bulunan Getronagan Lisesi Mezunlar\u0131 Derne\u011fi\u2019nde ve bir zamanlar bu sokaklarda yank\u0131lanan \u00e7ok dilli, \u00e7ok k\u00fclt\u00fcrl\u00fc ya\u015fam\u0131n b\u0131rakt\u0131\u011f\u0131 derin izlerde ya\u015famaya devam etti\u011fini aktard\u0131.<\/p>\n\n\n\n<p>Konumu kesin olarak bilinen noktalarda, e\u011fitimci ve siyaset\u00e7i S\u0131mpad P\u00fcrad, manifaturac\u0131 Teodor Mendzigyan, e\u011fitimci ve yazar Ha\u00e7ik \u0130dareciyan, gazeteci, yazar ve tarih\u00e7i Aram Andonyan, Azadamard gazetesi edit\u00f6r\u00fc Sarkis Minasyan (Aram A\u015fod), karikat\u00fcrist Krikor Torosyan (Gigo), siyaset\u00e7i ve yay\u0131nc\u0131 Onnik Srabyam, gazeteci ve siyaset\u00e7i Arisdages \u0130sraelyan (D\u0131khruni), din g\u00f6revlisi ve siyaset\u00e7i-yazar Nerses Papazyan, \u015fair ve e\u011fitimci Taniel Varujan, doktor ve \u015fair Rupen Sevag (\u00c7ilingiryan), kuyumcu tellal\u0131 Dikran S\u0131vac\u0131yan, t\u00fcccar ve komisyoncu Levonig Sarkis Der Isdepanyan, m\u00fczikolog ve besteci Gomidas Vartabed (So\u011fomonyan) ile doktor Avedis Nakka\u015fyan\u2019\u0131n ya\u015fad\u0131\u011f\u0131 payla\u015f\u0131ld\u0131.<\/p>\n\n\n\n<p>Konumu tahmini olan noktalarda ise gazeteci Arda\u015fes Ferahyan ve kitap cilt\u00e7isi \u0130skender Karaa\u011fa\u00e7l\u0131yan\u2019\u0131n ya\u015fad\u0131\u011f\u0131 yerlerin \u00f6n\u00fcnde duruldu, onlar\u0131n hik\u00e2yeleri ve kentin, toplumun belle\u011findeki yerleri yeniden hat\u0131rland\u0131.<\/p>\n\n\n\n<p><a href=\"https:\/\/www.agos.com.tr\/tr\/haber\/24-nisanin-izinde-pangalti-hafiza-yuruyusu-40267\"><strong><em>https:\/\/www.agos.com.tr\/tr\/haber\/24-nisanin-izinde-pangalti-hafiza-yuruyusu-40267<\/em><\/strong><\/a><\/p>\n","protected":false},"excerpt":{"rendered":"<p>23,5 Hrant Dink Haf\u0131za Mek\u00e2n\u0131\u2019n\u0131n, 21-26 Nisan haftas\u0131 i\u00e7in d\u00fczenledi\u011fi etkinlikler kapsam\u0131nda 24 Nisan Cuma g\u00fcn\u00fc, \u201cRudi Sayat Pulatyan ve Karin \u015ee\u015fetyan ile 24 Nisan\u2019\u0131n \u0130zinde\u201d turu yap\u0131ld\u0131. D\u00fczenlenen tur ile Pangalt\u0131\u2019da g\u00f6zalt\u0131na al\u0131n\u0131p tutuklanan, daha sonra s\u00fcrg\u00fcne g\u00f6nderilen 17 Ermeni ayd\u0131n\u0131n ya\u015fad\u0131\u011f\u0131 yerler ziyaret edildi, hik\u00e2yeleri, kentin ve toplumun belle\u011findeki yerleri yeniden hat\u0131rland\u0131. Nazl\u0131han [&hellip;]<\/p>\n","protected":false},"author":1,"featured_media":86174,"comment_status":"open","ping_status":"open","sticky":false,"template":"","format":"standard","meta":{"footnotes":""},"categories":[1],"tags":[],"class_list":["post-86173","post","type-post","status-publish","format-standard","has-post-thumbnail","hentry","category-haberler"],"yoast_head":"<!-- This site is optimized with the Yoast SEO plugin v27.4 - https:\/\/yoast.com\/product\/yoast-seo-wordpress\/ -->\n<title>24 Nisan\u2019\u0131n izinde: Pangalt\u0131 Haf\u0131za Y\u00fcr\u00fcy\u00fc\u015f\u00fc - Bati Ermenistan Ve Bati Ermenileri Sorunlari Ara\u015ftirmalar Merkezi<\/title>\n<meta name=\"robots\" content=\"index, follow, max-snippet:-1, max-image-preview:large, max-video-preview:-1\" \/>\n<link rel=\"canonical\" href=\"https:\/\/akunq.net\/tr\/?p=86173\" \/>\n<meta property=\"og:locale\" content=\"en_US\" \/>\n<meta property=\"og:type\" content=\"article\" \/>\n<meta property=\"og:title\" content=\"24 Nisan\u2019\u0131n izinde: Pangalt\u0131 Haf\u0131za Y\u00fcr\u00fcy\u00fc\u015f\u00fc - Bati Ermenistan Ve Bati Ermenileri Sorunlari Ara\u015ftirmalar Merkezi\" \/>\n<meta property=\"og:description\" content=\"23,5 Hrant Dink Haf\u0131za Mek\u00e2n\u0131\u2019n\u0131n, 21-26 Nisan haftas\u0131 i\u00e7in d\u00fczenledi\u011fi etkinlikler kapsam\u0131nda 24 Nisan Cuma g\u00fcn\u00fc, \u201cRudi Sayat Pulatyan ve Karin \u015ee\u015fetyan ile 24 Nisan\u2019\u0131n \u0130zinde\u201d turu yap\u0131ld\u0131. D\u00fczenlenen tur ile Pangalt\u0131\u2019da g\u00f6zalt\u0131na al\u0131n\u0131p tutuklanan, daha sonra s\u00fcrg\u00fcne g\u00f6nderilen 17 Ermeni ayd\u0131n\u0131n ya\u015fad\u0131\u011f\u0131 yerler ziyaret edildi, hik\u00e2yeleri, kentin ve toplumun belle\u011findeki yerleri yeniden hat\u0131rland\u0131. Nazl\u0131han [&hellip;]\" \/>\n<meta property=\"og:url\" content=\"https:\/\/akunq.net\/tr\/?p=86173\" \/>\n<meta property=\"og:site_name\" content=\"Bati Ermenistan Ve Bati Ermenileri Sorunlari Ara\u015ftirmalar Merkezi\" \/>\n<meta property=\"article:published_time\" content=\"2026-04-28T06:40:47+00:00\" \/>\n<meta property=\"og:image\" content=\"https:\/\/akunq.net\/tr\/wp-content\/uploads\/sites\/6\/2026\/04\/24-nisanin-izinde-pangalti-hafiza-yuruyusu.webp\" \/>\n\t<meta property=\"og:image:width\" content=\"1200\" \/>\n\t<meta property=\"og:image:height\" content=\"765\" \/>\n\t<meta property=\"og:image:type\" content=\"image\/webp\" \/>\n<meta name=\"author\" content=\"admin\" \/>\n<meta name=\"twitter:card\" content=\"summary_large_image\" \/>\n<meta name=\"twitter:label1\" content=\"Written by\" \/>\n\t<meta name=\"twitter:data1\" content=\"admin\" \/>\n\t<meta name=\"twitter:label2\" content=\"Est. reading time\" \/>\n\t<meta name=\"twitter:data2\" content=\"4 minutes\" \/>\n<script type=\"application\/ld+json\" class=\"yoast-schema-graph\">{\"@context\":\"https:\\\/\\\/schema.org\",\"@graph\":[{\"@type\":\"Article\",\"@id\":\"https:\\\/\\\/akunq.net\\\/tr\\\/?p=86173#article\",\"isPartOf\":{\"@id\":\"https:\\\/\\\/akunq.net\\\/tr\\\/?p=86173\"},\"author\":{\"name\":\"admin\",\"@id\":\"https:\\\/\\\/akunq.net\\\/tr\\\/#\\\/schema\\\/person\\\/42a46675f00a8f1e84520e8c56500de3\"},\"headline\":\"24 Nisan\u2019\u0131n izinde: Pangalt\u0131 Haf\u0131za Y\u00fcr\u00fcy\u00fc\u015f\u00fc\",\"datePublished\":\"2026-04-28T06:40:47+00:00\",\"mainEntityOfPage\":{\"@id\":\"https:\\\/\\\/akunq.net\\\/tr\\\/?p=86173\"},\"wordCount\":951,\"commentCount\":0,\"image\":{\"@id\":\"https:\\\/\\\/akunq.net\\\/tr\\\/?p=86173#primaryimage\"},\"thumbnailUrl\":\"https:\\\/\\\/akunq.net\\\/tr\\\/wp-content\\\/uploads\\\/sites\\\/6\\\/2026\\\/04\\\/24-nisanin-izinde-pangalti-hafiza-yuruyusu.webp\",\"articleSection\":[\"Haberler\"],\"inLanguage\":\"en-US\",\"potentialAction\":[{\"@type\":\"CommentAction\",\"name\":\"Comment\",\"target\":[\"https:\\\/\\\/akunq.net\\\/tr\\\/?p=86173#respond\"]}]},{\"@type\":\"WebPage\",\"@id\":\"https:\\\/\\\/akunq.net\\\/tr\\\/?p=86173\",\"url\":\"https:\\\/\\\/akunq.net\\\/tr\\\/?p=86173\",\"name\":\"24 Nisan\u2019\u0131n izinde: Pangalt\u0131 Haf\u0131za Y\u00fcr\u00fcy\u00fc\u015f\u00fc - Bati Ermenistan Ve Bati Ermenileri Sorunlari Ara\u015ftirmalar Merkezi\",\"isPartOf\":{\"@id\":\"https:\\\/\\\/akunq.net\\\/tr\\\/#website\"},\"primaryImageOfPage\":{\"@id\":\"https:\\\/\\\/akunq.net\\\/tr\\\/?p=86173#primaryimage\"},\"image\":{\"@id\":\"https:\\\/\\\/akunq.net\\\/tr\\\/?p=86173#primaryimage\"},\"thumbnailUrl\":\"https:\\\/\\\/akunq.net\\\/tr\\\/wp-content\\\/uploads\\\/sites\\\/6\\\/2026\\\/04\\\/24-nisanin-izinde-pangalti-hafiza-yuruyusu.webp\",\"datePublished\":\"2026-04-28T06:40:47+00:00\",\"author\":{\"@id\":\"https:\\\/\\\/akunq.net\\\/tr\\\/#\\\/schema\\\/person\\\/42a46675f00a8f1e84520e8c56500de3\"},\"breadcrumb\":{\"@id\":\"https:\\\/\\\/akunq.net\\\/tr\\\/?p=86173#breadcrumb\"},\"inLanguage\":\"en-US\",\"potentialAction\":[{\"@type\":\"ReadAction\",\"target\":[\"https:\\\/\\\/akunq.net\\\/tr\\\/?p=86173\"]}]},{\"@type\":\"ImageObject\",\"inLanguage\":\"en-US\",\"@id\":\"https:\\\/\\\/akunq.net\\\/tr\\\/?p=86173#primaryimage\",\"url\":\"https:\\\/\\\/akunq.net\\\/tr\\\/wp-content\\\/uploads\\\/sites\\\/6\\\/2026\\\/04\\\/24-nisanin-izinde-pangalti-hafiza-yuruyusu.webp\",\"contentUrl\":\"https:\\\/\\\/akunq.net\\\/tr\\\/wp-content\\\/uploads\\\/sites\\\/6\\\/2026\\\/04\\\/24-nisanin-izinde-pangalti-hafiza-yuruyusu.webp\",\"width\":1200,\"height\":765},{\"@type\":\"BreadcrumbList\",\"@id\":\"https:\\\/\\\/akunq.net\\\/tr\\\/?p=86173#breadcrumb\",\"itemListElement\":[{\"@type\":\"ListItem\",\"position\":1,\"name\":\"Home\",\"item\":\"https:\\\/\\\/akunq.net\\\/tr\"},{\"@type\":\"ListItem\",\"position\":2,\"name\":\"24 Nisan\u2019\u0131n izinde: Pangalt\u0131 Haf\u0131za Y\u00fcr\u00fcy\u00fc\u015f\u00fc\"}]},{\"@type\":\"WebSite\",\"@id\":\"https:\\\/\\\/akunq.net\\\/tr\\\/#website\",\"url\":\"https:\\\/\\\/akunq.net\\\/tr\\\/\",\"name\":\"Bati Ermenistan Ve Bati Ermenileri Sorunlari Ara\u015ftirmalar Merkezi\",\"description\":\"\",\"potentialAction\":[{\"@type\":\"SearchAction\",\"target\":{\"@type\":\"EntryPoint\",\"urlTemplate\":\"https:\\\/\\\/akunq.net\\\/tr\\\/?s={search_term_string}\"},\"query-input\":{\"@type\":\"PropertyValueSpecification\",\"valueRequired\":true,\"valueName\":\"search_term_string\"}}],\"inLanguage\":\"en-US\"},{\"@type\":\"Person\",\"@id\":\"https:\\\/\\\/akunq.net\\\/tr\\\/#\\\/schema\\\/person\\\/42a46675f00a8f1e84520e8c56500de3\",\"name\":\"admin\",\"url\":\"https:\\\/\\\/akunq.net\\\/tr\\\/?author=1\"}]}<\/script>\n<!-- \/ Yoast SEO plugin. -->","yoast_head_json":{"title":"24 Nisan\u2019\u0131n izinde: Pangalt\u0131 Haf\u0131za Y\u00fcr\u00fcy\u00fc\u015f\u00fc - Bati Ermenistan Ve Bati Ermenileri Sorunlari Ara\u015ftirmalar Merkezi","robots":{"index":"index","follow":"follow","max-snippet":"max-snippet:-1","max-image-preview":"max-image-preview:large","max-video-preview":"max-video-preview:-1"},"canonical":"https:\/\/akunq.net\/tr\/?p=86173","og_locale":"en_US","og_type":"article","og_title":"24 Nisan\u2019\u0131n izinde: Pangalt\u0131 Haf\u0131za Y\u00fcr\u00fcy\u00fc\u015f\u00fc - Bati Ermenistan Ve Bati Ermenileri Sorunlari Ara\u015ftirmalar Merkezi","og_description":"23,5 Hrant Dink Haf\u0131za Mek\u00e2n\u0131\u2019n\u0131n, 21-26 Nisan haftas\u0131 i\u00e7in d\u00fczenledi\u011fi etkinlikler kapsam\u0131nda 24 Nisan Cuma g\u00fcn\u00fc, \u201cRudi Sayat Pulatyan ve Karin \u015ee\u015fetyan ile 24 Nisan\u2019\u0131n \u0130zinde\u201d turu yap\u0131ld\u0131. D\u00fczenlenen tur ile Pangalt\u0131\u2019da g\u00f6zalt\u0131na al\u0131n\u0131p tutuklanan, daha sonra s\u00fcrg\u00fcne g\u00f6nderilen 17 Ermeni ayd\u0131n\u0131n ya\u015fad\u0131\u011f\u0131 yerler ziyaret edildi, hik\u00e2yeleri, kentin ve toplumun belle\u011findeki yerleri yeniden hat\u0131rland\u0131. Nazl\u0131han [&hellip;]","og_url":"https:\/\/akunq.net\/tr\/?p=86173","og_site_name":"Bati Ermenistan Ve Bati Ermenileri Sorunlari Ara\u015ftirmalar Merkezi","article_published_time":"2026-04-28T06:40:47+00:00","og_image":[{"width":1200,"height":765,"url":"https:\/\/akunq.net\/tr\/wp-content\/uploads\/sites\/6\/2026\/04\/24-nisanin-izinde-pangalti-hafiza-yuruyusu.webp","type":"image\/webp"}],"author":"admin","twitter_card":"summary_large_image","twitter_misc":{"Written by":"admin","Est. reading time":"4 minutes"},"schema":{"@context":"https:\/\/schema.org","@graph":[{"@type":"Article","@id":"https:\/\/akunq.net\/tr\/?p=86173#article","isPartOf":{"@id":"https:\/\/akunq.net\/tr\/?p=86173"},"author":{"name":"admin","@id":"https:\/\/akunq.net\/tr\/#\/schema\/person\/42a46675f00a8f1e84520e8c56500de3"},"headline":"24 Nisan\u2019\u0131n izinde: Pangalt\u0131 Haf\u0131za Y\u00fcr\u00fcy\u00fc\u015f\u00fc","datePublished":"2026-04-28T06:40:47+00:00","mainEntityOfPage":{"@id":"https:\/\/akunq.net\/tr\/?p=86173"},"wordCount":951,"commentCount":0,"image":{"@id":"https:\/\/akunq.net\/tr\/?p=86173#primaryimage"},"thumbnailUrl":"https:\/\/akunq.net\/tr\/wp-content\/uploads\/sites\/6\/2026\/04\/24-nisanin-izinde-pangalti-hafiza-yuruyusu.webp","articleSection":["Haberler"],"inLanguage":"en-US","potentialAction":[{"@type":"CommentAction","name":"Comment","target":["https:\/\/akunq.net\/tr\/?p=86173#respond"]}]},{"@type":"WebPage","@id":"https:\/\/akunq.net\/tr\/?p=86173","url":"https:\/\/akunq.net\/tr\/?p=86173","name":"24 Nisan\u2019\u0131n izinde: Pangalt\u0131 Haf\u0131za Y\u00fcr\u00fcy\u00fc\u015f\u00fc - Bati Ermenistan Ve Bati Ermenileri Sorunlari Ara\u015ftirmalar Merkezi","isPartOf":{"@id":"https:\/\/akunq.net\/tr\/#website"},"primaryImageOfPage":{"@id":"https:\/\/akunq.net\/tr\/?p=86173#primaryimage"},"image":{"@id":"https:\/\/akunq.net\/tr\/?p=86173#primaryimage"},"thumbnailUrl":"https:\/\/akunq.net\/tr\/wp-content\/uploads\/sites\/6\/2026\/04\/24-nisanin-izinde-pangalti-hafiza-yuruyusu.webp","datePublished":"2026-04-28T06:40:47+00:00","author":{"@id":"https:\/\/akunq.net\/tr\/#\/schema\/person\/42a46675f00a8f1e84520e8c56500de3"},"breadcrumb":{"@id":"https:\/\/akunq.net\/tr\/?p=86173#breadcrumb"},"inLanguage":"en-US","potentialAction":[{"@type":"ReadAction","target":["https:\/\/akunq.net\/tr\/?p=86173"]}]},{"@type":"ImageObject","inLanguage":"en-US","@id":"https:\/\/akunq.net\/tr\/?p=86173#primaryimage","url":"https:\/\/akunq.net\/tr\/wp-content\/uploads\/sites\/6\/2026\/04\/24-nisanin-izinde-pangalti-hafiza-yuruyusu.webp","contentUrl":"https:\/\/akunq.net\/tr\/wp-content\/uploads\/sites\/6\/2026\/04\/24-nisanin-izinde-pangalti-hafiza-yuruyusu.webp","width":1200,"height":765},{"@type":"BreadcrumbList","@id":"https:\/\/akunq.net\/tr\/?p=86173#breadcrumb","itemListElement":[{"@type":"ListItem","position":1,"name":"Home","item":"https:\/\/akunq.net\/tr"},{"@type":"ListItem","position":2,"name":"24 Nisan\u2019\u0131n izinde: Pangalt\u0131 Haf\u0131za Y\u00fcr\u00fcy\u00fc\u015f\u00fc"}]},{"@type":"WebSite","@id":"https:\/\/akunq.net\/tr\/#website","url":"https:\/\/akunq.net\/tr\/","name":"Bati Ermenistan Ve Bati Ermenileri Sorunlari Ara\u015ftirmalar Merkezi","description":"","potentialAction":[{"@type":"SearchAction","target":{"@type":"EntryPoint","urlTemplate":"https:\/\/akunq.net\/tr\/?s={search_term_string}"},"query-input":{"@type":"PropertyValueSpecification","valueRequired":true,"valueName":"search_term_string"}}],"inLanguage":"en-US"},{"@type":"Person","@id":"https:\/\/akunq.net\/tr\/#\/schema\/person\/42a46675f00a8f1e84520e8c56500de3","name":"admin","url":"https:\/\/akunq.net\/tr\/?author=1"}]}},"_links":{"self":[{"href":"https:\/\/akunq.net\/tr\/index.php?rest_route=\/wp\/v2\/posts\/86173","targetHints":{"allow":["GET"]}}],"collection":[{"href":"https:\/\/akunq.net\/tr\/index.php?rest_route=\/wp\/v2\/posts"}],"about":[{"href":"https:\/\/akunq.net\/tr\/index.php?rest_route=\/wp\/v2\/types\/post"}],"author":[{"embeddable":true,"href":"https:\/\/akunq.net\/tr\/index.php?rest_route=\/wp\/v2\/users\/1"}],"replies":[{"embeddable":true,"href":"https:\/\/akunq.net\/tr\/index.php?rest_route=%2Fwp%2Fv2%2Fcomments&post=86173"}],"version-history":[{"count":1,"href":"https:\/\/akunq.net\/tr\/index.php?rest_route=\/wp\/v2\/posts\/86173\/revisions"}],"predecessor-version":[{"id":86175,"href":"https:\/\/akunq.net\/tr\/index.php?rest_route=\/wp\/v2\/posts\/86173\/revisions\/86175"}],"wp:featuredmedia":[{"embeddable":true,"href":"https:\/\/akunq.net\/tr\/index.php?rest_route=\/wp\/v2\/media\/86174"}],"wp:attachment":[{"href":"https:\/\/akunq.net\/tr\/index.php?rest_route=%2Fwp%2Fv2%2Fmedia&parent=86173"}],"wp:term":[{"taxonomy":"category","embeddable":true,"href":"https:\/\/akunq.net\/tr\/index.php?rest_route=%2Fwp%2Fv2%2Fcategories&post=86173"},{"taxonomy":"post_tag","embeddable":true,"href":"https:\/\/akunq.net\/tr\/index.php?rest_route=%2Fwp%2Fv2%2Ftags&post=86173"}],"curies":[{"name":"wp","href":"https:\/\/api.w.org\/{rel}","templated":true}]}}