{"id":86170,"date":"2026-04-28T01:22:38","date_gmt":"2026-04-28T06:22:38","guid":{"rendered":"https:\/\/akunq.net\/tr\/?p=86170"},"modified":"2026-04-28T01:22:39","modified_gmt":"2026-04-28T06:22:39","slug":"ermenistan-buyukelcisi-ve-bundestag-baskan-yardimcisi-soykirim-kurbanlarini-andi","status":"publish","type":"post","link":"https:\/\/akunq.net\/tr\/?p=86170","title":{"rendered":"Ermenistan B\u00fcy\u00fckel\u00e7isi ve Bundestag Ba\u015fkan Yard\u0131mc\u0131s\u0131 Soyk\u0131r\u0131m kurbanlar\u0131n\u0131 and\u0131"},"content":{"rendered":"\n<p><strong><em> Ermeni Soyk\u0131r\u0131m\u0131\u2019n\u0131n 111. y\u0131ld\u00f6n\u00fcm\u00fc dolay\u0131s\u0131yla Berlin\u2019deki St. Hedwig Katedrali avlusunda bulunan Ermeni ha\u00e7kar\u0131 \u00f6n\u00fcnde anma t\u00f6reni d\u00fczenlendi.<\/em><\/strong><\/p>\n\n\n\n<p>Ermenistan\u2019\u0131n Almanya B\u00fcy\u00fckel\u00e7ili\u011fi\u2019nden yap\u0131lan a\u00e7\u0131klamaya g\u00f6re, t\u00f6rene Ermenistan\u2019\u0131n Berlin B\u00fcy\u00fckel\u00e7isi Viktor Yengibaryan, Almanya Federal Meclisi (Bundestag) Ba\u015fkan Yard\u0131mc\u0131s\u0131 Bodo Ramelow, b\u00fcy\u00fckel\u00e7ilik personeli ve Ermeni toplumu temsilcileri kat\u0131ld\u0131.<\/p>\n\n\n\n<p>Kat\u0131l\u0131mc\u0131lar, Soyk\u0131r\u0131m kurbanlar\u0131n\u0131n an\u0131s\u0131na sayg\u0131 duru\u015funda bulundu.<\/p>\n\n\n\n<p><a href=\"https:\/\/armenpress.am\/tr\/article\/1248424\"><strong><em>https:\/\/armenpress.am\/tr\/article\/1248424<\/em><\/strong><\/a><\/p>\n","protected":false},"excerpt":{"rendered":"<p>Ermeni Soyk\u0131r\u0131m\u0131\u2019n\u0131n 111. y\u0131ld\u00f6n\u00fcm\u00fc dolay\u0131s\u0131yla Berlin\u2019deki St. Hedwig Katedrali avlusunda bulunan Ermeni ha\u00e7kar\u0131 \u00f6n\u00fcnde anma t\u00f6reni d\u00fczenlendi. Ermenistan\u2019\u0131n Almanya B\u00fcy\u00fckel\u00e7ili\u011fi\u2019nden yap\u0131lan a\u00e7\u0131klamaya g\u00f6re, t\u00f6rene Ermenistan\u2019\u0131n Berlin B\u00fcy\u00fckel\u00e7isi Viktor Yengibaryan, Almanya Federal Meclisi (Bundestag) Ba\u015fkan Yard\u0131mc\u0131s\u0131 Bodo Ramelow, b\u00fcy\u00fckel\u00e7ilik personeli ve Ermeni toplumu temsilcileri kat\u0131ld\u0131. Kat\u0131l\u0131mc\u0131lar, Soyk\u0131r\u0131m kurbanlar\u0131n\u0131n an\u0131s\u0131na sayg\u0131 duru\u015funda bulundu. https:\/\/armenpress.am\/tr\/article\/1248424<\/p>\n","protected":false},"author":1,"featured_media":86171,"comment_status":"open","ping_status":"open","sticky":false,"template":"","format":"standard","meta":{"footnotes":""},"categories":[44,1],"tags":[],"class_list":["post-86170","post","type-post","status-publish","format-standard","has-post-thumbnail","hentry","category-ermeni-soykirimi","category-haberler"],"yoast_head":"<!-- This site is optimized with the Yoast SEO plugin v27.4 - https:\/\/yoast.com\/product\/yoast-seo-wordpress\/ -->\n<title>Ermenistan B\u00fcy\u00fckel\u00e7isi ve Bundestag Ba\u015fkan Yard\u0131mc\u0131s\u0131 Soyk\u0131r\u0131m kurbanlar\u0131n\u0131 and\u0131 - Bati Ermenistan Ve Bati Ermenileri Sorunlari Ara\u015ftirmalar Merkezi<\/title>\n<meta name=\"robots\" content=\"index, follow, max-snippet:-1, max-image-preview:large, max-video-preview:-1\" \/>\n<link rel=\"canonical\" href=\"https:\/\/akunq.net\/tr\/?p=86170\" \/>\n<meta property=\"og:locale\" content=\"en_US\" \/>\n<meta property=\"og:type\" content=\"article\" \/>\n<meta property=\"og:title\" content=\"Ermenistan B\u00fcy\u00fckel\u00e7isi ve Bundestag Ba\u015fkan Yard\u0131mc\u0131s\u0131 Soyk\u0131r\u0131m kurbanlar\u0131n\u0131 and\u0131 - Bati Ermenistan Ve Bati Ermenileri Sorunlari Ara\u015ftirmalar Merkezi\" \/>\n<meta property=\"og:description\" content=\"Ermeni Soyk\u0131r\u0131m\u0131\u2019n\u0131n 111. y\u0131ld\u00f6n\u00fcm\u00fc dolay\u0131s\u0131yla Berlin\u2019deki St. Hedwig Katedrali avlusunda bulunan Ermeni ha\u00e7kar\u0131 \u00f6n\u00fcnde anma t\u00f6reni d\u00fczenlendi. Ermenistan\u2019\u0131n Almanya B\u00fcy\u00fckel\u00e7ili\u011fi\u2019nden yap\u0131lan a\u00e7\u0131klamaya g\u00f6re, t\u00f6rene Ermenistan\u2019\u0131n Berlin B\u00fcy\u00fckel\u00e7isi Viktor Yengibaryan, Almanya Federal Meclisi (Bundestag) Ba\u015fkan Yard\u0131mc\u0131s\u0131 Bodo Ramelow, b\u00fcy\u00fckel\u00e7ilik personeli ve Ermeni toplumu temsilcileri kat\u0131ld\u0131. Kat\u0131l\u0131mc\u0131lar, Soyk\u0131r\u0131m kurbanlar\u0131n\u0131n an\u0131s\u0131na sayg\u0131 duru\u015funda bulundu. https:\/\/armenpress.am\/tr\/article\/1248424\" \/>\n<meta property=\"og:url\" content=\"https:\/\/akunq.net\/tr\/?p=86170\" \/>\n<meta property=\"og:site_name\" content=\"Bati Ermenistan Ve Bati Ermenileri Sorunlari Ara\u015ftirmalar Merkezi\" \/>\n<meta property=\"article:published_time\" content=\"2026-04-28T06:22:38+00:00\" \/>\n<meta property=\"article:modified_time\" content=\"2026-04-28T06:22:39+00:00\" \/>\n<meta property=\"og:image\" content=\"https:\/\/akunq.net\/tr\/wp-content\/uploads\/sites\/6\/2026\/04\/Bundestag.jpg\" \/>\n\t<meta property=\"og:image:width\" content=\"1600\" \/>\n\t<meta property=\"og:image:height\" content=\"1066\" \/>\n\t<meta property=\"og:image:type\" content=\"image\/jpeg\" \/>\n<meta name=\"author\" content=\"admin\" \/>\n<meta name=\"twitter:card\" content=\"summary_large_image\" \/>\n<meta name=\"twitter:label1\" content=\"Written by\" \/>\n\t<meta name=\"twitter:data1\" content=\"admin\" \/>\n\t<meta name=\"twitter:label2\" content=\"Est. reading time\" \/>\n\t<meta name=\"twitter:data2\" content=\"1 minute\" \/>\n<script type=\"application\/ld+json\" class=\"yoast-schema-graph\">{\"@context\":\"https:\\\/\\\/schema.org\",\"@graph\":[{\"@type\":\"Article\",\"@id\":\"https:\\\/\\\/akunq.net\\\/tr\\\/?p=86170#article\",\"isPartOf\":{\"@id\":\"https:\\\/\\\/akunq.net\\\/tr\\\/?p=86170\"},\"author\":{\"name\":\"admin\",\"@id\":\"https:\\\/\\\/akunq.net\\\/tr\\\/#\\\/schema\\\/person\\\/42a46675f00a8f1e84520e8c56500de3\"},\"headline\":\"Ermenistan B\u00fcy\u00fckel\u00e7isi ve Bundestag Ba\u015fkan Yard\u0131mc\u0131s\u0131 Soyk\u0131r\u0131m kurbanlar\u0131n\u0131 and\u0131\",\"datePublished\":\"2026-04-28T06:22:38+00:00\",\"dateModified\":\"2026-04-28T06:22:39+00:00\",\"mainEntityOfPage\":{\"@id\":\"https:\\\/\\\/akunq.net\\\/tr\\\/?p=86170\"},\"wordCount\":118,\"commentCount\":0,\"image\":{\"@id\":\"https:\\\/\\\/akunq.net\\\/tr\\\/?p=86170#primaryimage\"},\"thumbnailUrl\":\"https:\\\/\\\/akunq.net\\\/tr\\\/wp-content\\\/uploads\\\/sites\\\/6\\\/2026\\\/04\\\/Bundestag.jpg\",\"articleSection\":[\"Ermeni Soyk\u0131r\u0131m\u0131\",\"Haberler\"],\"inLanguage\":\"en-US\",\"potentialAction\":[{\"@type\":\"CommentAction\",\"name\":\"Comment\",\"target\":[\"https:\\\/\\\/akunq.net\\\/tr\\\/?p=86170#respond\"]}]},{\"@type\":\"WebPage\",\"@id\":\"https:\\\/\\\/akunq.net\\\/tr\\\/?p=86170\",\"url\":\"https:\\\/\\\/akunq.net\\\/tr\\\/?p=86170\",\"name\":\"Ermenistan B\u00fcy\u00fckel\u00e7isi ve Bundestag Ba\u015fkan Yard\u0131mc\u0131s\u0131 Soyk\u0131r\u0131m kurbanlar\u0131n\u0131 and\u0131 - Bati Ermenistan Ve Bati Ermenileri Sorunlari Ara\u015ftirmalar Merkezi\",\"isPartOf\":{\"@id\":\"https:\\\/\\\/akunq.net\\\/tr\\\/#website\"},\"primaryImageOfPage\":{\"@id\":\"https:\\\/\\\/akunq.net\\\/tr\\\/?p=86170#primaryimage\"},\"image\":{\"@id\":\"https:\\\/\\\/akunq.net\\\/tr\\\/?p=86170#primaryimage\"},\"thumbnailUrl\":\"https:\\\/\\\/akunq.net\\\/tr\\\/wp-content\\\/uploads\\\/sites\\\/6\\\/2026\\\/04\\\/Bundestag.jpg\",\"datePublished\":\"2026-04-28T06:22:38+00:00\",\"dateModified\":\"2026-04-28T06:22:39+00:00\",\"author\":{\"@id\":\"https:\\\/\\\/akunq.net\\\/tr\\\/#\\\/schema\\\/person\\\/42a46675f00a8f1e84520e8c56500de3\"},\"breadcrumb\":{\"@id\":\"https:\\\/\\\/akunq.net\\\/tr\\\/?p=86170#breadcrumb\"},\"inLanguage\":\"en-US\",\"potentialAction\":[{\"@type\":\"ReadAction\",\"target\":[\"https:\\\/\\\/akunq.net\\\/tr\\\/?p=86170\"]}]},{\"@type\":\"ImageObject\",\"inLanguage\":\"en-US\",\"@id\":\"https:\\\/\\\/akunq.net\\\/tr\\\/?p=86170#primaryimage\",\"url\":\"https:\\\/\\\/akunq.net\\\/tr\\\/wp-content\\\/uploads\\\/sites\\\/6\\\/2026\\\/04\\\/Bundestag.jpg\",\"contentUrl\":\"https:\\\/\\\/akunq.net\\\/tr\\\/wp-content\\\/uploads\\\/sites\\\/6\\\/2026\\\/04\\\/Bundestag.jpg\",\"width\":1600,\"height\":1066},{\"@type\":\"BreadcrumbList\",\"@id\":\"https:\\\/\\\/akunq.net\\\/tr\\\/?p=86170#breadcrumb\",\"itemListElement\":[{\"@type\":\"ListItem\",\"position\":1,\"name\":\"Home\",\"item\":\"https:\\\/\\\/akunq.net\\\/tr\"},{\"@type\":\"ListItem\",\"position\":2,\"name\":\"Ermenistan B\u00fcy\u00fckel\u00e7isi ve Bundestag Ba\u015fkan Yard\u0131mc\u0131s\u0131 Soyk\u0131r\u0131m kurbanlar\u0131n\u0131 and\u0131\"}]},{\"@type\":\"WebSite\",\"@id\":\"https:\\\/\\\/akunq.net\\\/tr\\\/#website\",\"url\":\"https:\\\/\\\/akunq.net\\\/tr\\\/\",\"name\":\"Bati Ermenistan Ve Bati Ermenileri Sorunlari Ara\u015ftirmalar Merkezi\",\"description\":\"\",\"potentialAction\":[{\"@type\":\"SearchAction\",\"target\":{\"@type\":\"EntryPoint\",\"urlTemplate\":\"https:\\\/\\\/akunq.net\\\/tr\\\/?s={search_term_string}\"},\"query-input\":{\"@type\":\"PropertyValueSpecification\",\"valueRequired\":true,\"valueName\":\"search_term_string\"}}],\"inLanguage\":\"en-US\"},{\"@type\":\"Person\",\"@id\":\"https:\\\/\\\/akunq.net\\\/tr\\\/#\\\/schema\\\/person\\\/42a46675f00a8f1e84520e8c56500de3\",\"name\":\"admin\",\"url\":\"https:\\\/\\\/akunq.net\\\/tr\\\/?author=1\"}]}<\/script>\n<!-- \/ Yoast SEO plugin. -->","yoast_head_json":{"title":"Ermenistan B\u00fcy\u00fckel\u00e7isi ve Bundestag Ba\u015fkan Yard\u0131mc\u0131s\u0131 Soyk\u0131r\u0131m kurbanlar\u0131n\u0131 and\u0131 - Bati Ermenistan Ve Bati Ermenileri Sorunlari Ara\u015ftirmalar Merkezi","robots":{"index":"index","follow":"follow","max-snippet":"max-snippet:-1","max-image-preview":"max-image-preview:large","max-video-preview":"max-video-preview:-1"},"canonical":"https:\/\/akunq.net\/tr\/?p=86170","og_locale":"en_US","og_type":"article","og_title":"Ermenistan B\u00fcy\u00fckel\u00e7isi ve Bundestag Ba\u015fkan Yard\u0131mc\u0131s\u0131 Soyk\u0131r\u0131m kurbanlar\u0131n\u0131 and\u0131 - Bati Ermenistan Ve Bati Ermenileri Sorunlari Ara\u015ftirmalar Merkezi","og_description":"Ermeni Soyk\u0131r\u0131m\u0131\u2019n\u0131n 111. y\u0131ld\u00f6n\u00fcm\u00fc dolay\u0131s\u0131yla Berlin\u2019deki St. Hedwig Katedrali avlusunda bulunan Ermeni ha\u00e7kar\u0131 \u00f6n\u00fcnde anma t\u00f6reni d\u00fczenlendi. Ermenistan\u2019\u0131n Almanya B\u00fcy\u00fckel\u00e7ili\u011fi\u2019nden yap\u0131lan a\u00e7\u0131klamaya g\u00f6re, t\u00f6rene Ermenistan\u2019\u0131n Berlin B\u00fcy\u00fckel\u00e7isi Viktor Yengibaryan, Almanya Federal Meclisi (Bundestag) Ba\u015fkan Yard\u0131mc\u0131s\u0131 Bodo Ramelow, b\u00fcy\u00fckel\u00e7ilik personeli ve Ermeni toplumu temsilcileri kat\u0131ld\u0131. Kat\u0131l\u0131mc\u0131lar, Soyk\u0131r\u0131m kurbanlar\u0131n\u0131n an\u0131s\u0131na sayg\u0131 duru\u015funda bulundu. https:\/\/armenpress.am\/tr\/article\/1248424","og_url":"https:\/\/akunq.net\/tr\/?p=86170","og_site_name":"Bati Ermenistan Ve Bati Ermenileri Sorunlari Ara\u015ftirmalar Merkezi","article_published_time":"2026-04-28T06:22:38+00:00","article_modified_time":"2026-04-28T06:22:39+00:00","og_image":[{"width":1600,"height":1066,"url":"https:\/\/akunq.net\/tr\/wp-content\/uploads\/sites\/6\/2026\/04\/Bundestag.jpg","type":"image\/jpeg"}],"author":"admin","twitter_card":"summary_large_image","twitter_misc":{"Written by":"admin","Est. reading time":"1 minute"},"schema":{"@context":"https:\/\/schema.org","@graph":[{"@type":"Article","@id":"https:\/\/akunq.net\/tr\/?p=86170#article","isPartOf":{"@id":"https:\/\/akunq.net\/tr\/?p=86170"},"author":{"name":"admin","@id":"https:\/\/akunq.net\/tr\/#\/schema\/person\/42a46675f00a8f1e84520e8c56500de3"},"headline":"Ermenistan B\u00fcy\u00fckel\u00e7isi ve Bundestag Ba\u015fkan Yard\u0131mc\u0131s\u0131 Soyk\u0131r\u0131m kurbanlar\u0131n\u0131 and\u0131","datePublished":"2026-04-28T06:22:38+00:00","dateModified":"2026-04-28T06:22:39+00:00","mainEntityOfPage":{"@id":"https:\/\/akunq.net\/tr\/?p=86170"},"wordCount":118,"commentCount":0,"image":{"@id":"https:\/\/akunq.net\/tr\/?p=86170#primaryimage"},"thumbnailUrl":"https:\/\/akunq.net\/tr\/wp-content\/uploads\/sites\/6\/2026\/04\/Bundestag.jpg","articleSection":["Ermeni Soyk\u0131r\u0131m\u0131","Haberler"],"inLanguage":"en-US","potentialAction":[{"@type":"CommentAction","name":"Comment","target":["https:\/\/akunq.net\/tr\/?p=86170#respond"]}]},{"@type":"WebPage","@id":"https:\/\/akunq.net\/tr\/?p=86170","url":"https:\/\/akunq.net\/tr\/?p=86170","name":"Ermenistan B\u00fcy\u00fckel\u00e7isi ve Bundestag Ba\u015fkan Yard\u0131mc\u0131s\u0131 Soyk\u0131r\u0131m kurbanlar\u0131n\u0131 and\u0131 - Bati Ermenistan Ve Bati Ermenileri Sorunlari Ara\u015ftirmalar Merkezi","isPartOf":{"@id":"https:\/\/akunq.net\/tr\/#website"},"primaryImageOfPage":{"@id":"https:\/\/akunq.net\/tr\/?p=86170#primaryimage"},"image":{"@id":"https:\/\/akunq.net\/tr\/?p=86170#primaryimage"},"thumbnailUrl":"https:\/\/akunq.net\/tr\/wp-content\/uploads\/sites\/6\/2026\/04\/Bundestag.jpg","datePublished":"2026-04-28T06:22:38+00:00","dateModified":"2026-04-28T06:22:39+00:00","author":{"@id":"https:\/\/akunq.net\/tr\/#\/schema\/person\/42a46675f00a8f1e84520e8c56500de3"},"breadcrumb":{"@id":"https:\/\/akunq.net\/tr\/?p=86170#breadcrumb"},"inLanguage":"en-US","potentialAction":[{"@type":"ReadAction","target":["https:\/\/akunq.net\/tr\/?p=86170"]}]},{"@type":"ImageObject","inLanguage":"en-US","@id":"https:\/\/akunq.net\/tr\/?p=86170#primaryimage","url":"https:\/\/akunq.net\/tr\/wp-content\/uploads\/sites\/6\/2026\/04\/Bundestag.jpg","contentUrl":"https:\/\/akunq.net\/tr\/wp-content\/uploads\/sites\/6\/2026\/04\/Bundestag.jpg","width":1600,"height":1066},{"@type":"BreadcrumbList","@id":"https:\/\/akunq.net\/tr\/?p=86170#breadcrumb","itemListElement":[{"@type":"ListItem","position":1,"name":"Home","item":"https:\/\/akunq.net\/tr"},{"@type":"ListItem","position":2,"name":"Ermenistan B\u00fcy\u00fckel\u00e7isi ve Bundestag Ba\u015fkan Yard\u0131mc\u0131s\u0131 Soyk\u0131r\u0131m kurbanlar\u0131n\u0131 and\u0131"}]},{"@type":"WebSite","@id":"https:\/\/akunq.net\/tr\/#website","url":"https:\/\/akunq.net\/tr\/","name":"Bati Ermenistan Ve Bati Ermenileri Sorunlari Ara\u015ftirmalar Merkezi","description":"","potentialAction":[{"@type":"SearchAction","target":{"@type":"EntryPoint","urlTemplate":"https:\/\/akunq.net\/tr\/?s={search_term_string}"},"query-input":{"@type":"PropertyValueSpecification","valueRequired":true,"valueName":"search_term_string"}}],"inLanguage":"en-US"},{"@type":"Person","@id":"https:\/\/akunq.net\/tr\/#\/schema\/person\/42a46675f00a8f1e84520e8c56500de3","name":"admin","url":"https:\/\/akunq.net\/tr\/?author=1"}]}},"_links":{"self":[{"href":"https:\/\/akunq.net\/tr\/index.php?rest_route=\/wp\/v2\/posts\/86170","targetHints":{"allow":["GET"]}}],"collection":[{"href":"https:\/\/akunq.net\/tr\/index.php?rest_route=\/wp\/v2\/posts"}],"about":[{"href":"https:\/\/akunq.net\/tr\/index.php?rest_route=\/wp\/v2\/types\/post"}],"author":[{"embeddable":true,"href":"https:\/\/akunq.net\/tr\/index.php?rest_route=\/wp\/v2\/users\/1"}],"replies":[{"embeddable":true,"href":"https:\/\/akunq.net\/tr\/index.php?rest_route=%2Fwp%2Fv2%2Fcomments&post=86170"}],"version-history":[{"count":1,"href":"https:\/\/akunq.net\/tr\/index.php?rest_route=\/wp\/v2\/posts\/86170\/revisions"}],"predecessor-version":[{"id":86172,"href":"https:\/\/akunq.net\/tr\/index.php?rest_route=\/wp\/v2\/posts\/86170\/revisions\/86172"}],"wp:featuredmedia":[{"embeddable":true,"href":"https:\/\/akunq.net\/tr\/index.php?rest_route=\/wp\/v2\/media\/86171"}],"wp:attachment":[{"href":"https:\/\/akunq.net\/tr\/index.php?rest_route=%2Fwp%2Fv2%2Fmedia&parent=86170"}],"wp:term":[{"taxonomy":"category","embeddable":true,"href":"https:\/\/akunq.net\/tr\/index.php?rest_route=%2Fwp%2Fv2%2Fcategories&post=86170"},{"taxonomy":"post_tag","embeddable":true,"href":"https:\/\/akunq.net\/tr\/index.php?rest_route=%2Fwp%2Fv2%2Ftags&post=86170"}],"curies":[{"name":"wp","href":"https:\/\/api.w.org\/{rel}","templated":true}]}}