{"id":86167,"date":"2026-04-28T01:14:15","date_gmt":"2026-04-28T06:14:15","guid":{"rendered":"https:\/\/akunq.net\/tr\/?p=86167"},"modified":"2026-04-28T01:14:16","modified_gmt":"2026-04-28T06:14:16","slug":"macrondan-ermeni-soykirimi-paylasimi","status":"publish","type":"post","link":"https:\/\/akunq.net\/tr\/?p=86167","title":{"rendered":"Macron\u2019dan Ermeni Soyk\u0131r\u0131m\u0131 payla\u015f\u0131m\u0131"},"content":{"rendered":"\n<p><strong><em>Fransa Cumhurba\u015fkan\u0131 Emannuel Macron, Ermeni Soyk\u0131r\u0131m\u0131\u2019n\u0131n 111. y\u0131ld\u00f6n\u00fcm\u00fc dolay\u0131s\u0131yla bir a\u00e7\u0131klama yay\u0131mlad\u0131.<\/em><\/strong><\/p>\n\n\n\n<p>Macron, X (eski Twitter) hesab\u0131 \u00fczerinden yapt\u0131\u011f\u0131 payla\u015f\u0131mda \u015fu ifadelere yer verdi:<\/p>\n\n\n\n<p>\u201c24 Nisan\u2019da Cumhuriyet, 1915 Ermeni Soyk\u0131r\u0131m\u0131\u2019n\u0131 anmakta ve kurbanlar\u0131n\u0131n hat\u0131ras\u0131na sayg\u0131 duru\u015funda bulunmaktad\u0131r. Bu, Fransa ile Ermenistan\u2019\u0131 ve Frans\u0131z halk\u0131 ile Ermeni halk\u0131n\u0131 birle\u015ftiren kopmaz ba\u011f\u0131 hat\u0131rlamak, aktarmak ve vurgulamak i\u00e7in bir f\u0131rsatt\u0131r.\u201d<\/p>\n\n\n\n<p><strong><em>Kaynak:\u00a0<a href=\"https:\/\/ermenihaber.am\/kategori\/genocide\/\">Ermeni Haber<\/a><\/em><\/strong><\/p>\n","protected":false},"excerpt":{"rendered":"<p>Fransa Cumhurba\u015fkan\u0131 Emannuel Macron, Ermeni Soyk\u0131r\u0131m\u0131\u2019n\u0131n 111. y\u0131ld\u00f6n\u00fcm\u00fc dolay\u0131s\u0131yla bir a\u00e7\u0131klama yay\u0131mlad\u0131. Macron, X (eski Twitter) hesab\u0131 \u00fczerinden yapt\u0131\u011f\u0131 payla\u015f\u0131mda \u015fu ifadelere yer verdi: \u201c24 Nisan\u2019da Cumhuriyet, 1915 Ermeni Soyk\u0131r\u0131m\u0131\u2019n\u0131 anmakta ve kurbanlar\u0131n\u0131n hat\u0131ras\u0131na sayg\u0131 duru\u015funda bulunmaktad\u0131r. Bu, Fransa ile Ermenistan\u2019\u0131 ve Frans\u0131z halk\u0131 ile Ermeni halk\u0131n\u0131 birle\u015ftiren kopmaz ba\u011f\u0131 hat\u0131rlamak, aktarmak ve vurgulamak i\u00e7in [&hellip;]<\/p>\n","protected":false},"author":1,"featured_media":86168,"comment_status":"open","ping_status":"open","sticky":false,"template":"","format":"standard","meta":{"footnotes":""},"categories":[44,1],"tags":[],"class_list":["post-86167","post","type-post","status-publish","format-standard","has-post-thumbnail","hentry","category-ermeni-soykirimi","category-haberler"],"yoast_head":"<!-- This site is optimized with the Yoast SEO plugin v27.4 - https:\/\/yoast.com\/product\/yoast-seo-wordpress\/ -->\n<title>Macron\u2019dan Ermeni Soyk\u0131r\u0131m\u0131 payla\u015f\u0131m\u0131 - Bati Ermenistan Ve Bati Ermenileri Sorunlari Ara\u015ftirmalar Merkezi<\/title>\n<meta name=\"robots\" content=\"index, follow, max-snippet:-1, max-image-preview:large, max-video-preview:-1\" \/>\n<link rel=\"canonical\" href=\"https:\/\/akunq.net\/tr\/?p=86167\" \/>\n<meta property=\"og:locale\" content=\"en_US\" \/>\n<meta property=\"og:type\" content=\"article\" \/>\n<meta property=\"og:title\" content=\"Macron\u2019dan Ermeni Soyk\u0131r\u0131m\u0131 payla\u015f\u0131m\u0131 - Bati Ermenistan Ve Bati Ermenileri Sorunlari Ara\u015ftirmalar Merkezi\" \/>\n<meta property=\"og:description\" content=\"Fransa Cumhurba\u015fkan\u0131 Emannuel Macron, Ermeni Soyk\u0131r\u0131m\u0131\u2019n\u0131n 111. y\u0131ld\u00f6n\u00fcm\u00fc dolay\u0131s\u0131yla bir a\u00e7\u0131klama yay\u0131mlad\u0131. Macron, X (eski Twitter) hesab\u0131 \u00fczerinden yapt\u0131\u011f\u0131 payla\u015f\u0131mda \u015fu ifadelere yer verdi: \u201c24 Nisan\u2019da Cumhuriyet, 1915 Ermeni Soyk\u0131r\u0131m\u0131\u2019n\u0131 anmakta ve kurbanlar\u0131n\u0131n hat\u0131ras\u0131na sayg\u0131 duru\u015funda bulunmaktad\u0131r. Bu, Fransa ile Ermenistan\u2019\u0131 ve Frans\u0131z halk\u0131 ile Ermeni halk\u0131n\u0131 birle\u015ftiren kopmaz ba\u011f\u0131 hat\u0131rlamak, aktarmak ve vurgulamak i\u00e7in [&hellip;]\" \/>\n<meta property=\"og:url\" content=\"https:\/\/akunq.net\/tr\/?p=86167\" \/>\n<meta property=\"og:site_name\" content=\"Bati Ermenistan Ve Bati Ermenileri Sorunlari Ara\u015ftirmalar Merkezi\" \/>\n<meta property=\"article:published_time\" content=\"2026-04-28T06:14:15+00:00\" \/>\n<meta property=\"article:modified_time\" content=\"2026-04-28T06:14:16+00:00\" \/>\n<meta property=\"og:image\" content=\"https:\/\/akunq.net\/tr\/wp-content\/uploads\/sites\/6\/2026\/04\/Macron.jpg\" \/>\n\t<meta property=\"og:image:width\" content=\"957\" \/>\n\t<meta property=\"og:image:height\" content=\"616\" \/>\n\t<meta property=\"og:image:type\" content=\"image\/jpeg\" \/>\n<meta name=\"author\" content=\"admin\" \/>\n<meta name=\"twitter:card\" content=\"summary_large_image\" \/>\n<meta name=\"twitter:label1\" content=\"Written by\" \/>\n\t<meta name=\"twitter:data1\" content=\"admin\" \/>\n\t<meta name=\"twitter:label2\" content=\"Est. reading time\" \/>\n\t<meta name=\"twitter:data2\" content=\"1 minute\" \/>\n<script type=\"application\/ld+json\" class=\"yoast-schema-graph\">{\"@context\":\"https:\\\/\\\/schema.org\",\"@graph\":[{\"@type\":\"Article\",\"@id\":\"https:\\\/\\\/akunq.net\\\/tr\\\/?p=86167#article\",\"isPartOf\":{\"@id\":\"https:\\\/\\\/akunq.net\\\/tr\\\/?p=86167\"},\"author\":{\"name\":\"admin\",\"@id\":\"https:\\\/\\\/akunq.net\\\/tr\\\/#\\\/schema\\\/person\\\/42a46675f00a8f1e84520e8c56500de3\"},\"headline\":\"Macron\u2019dan Ermeni Soyk\u0131r\u0131m\u0131 payla\u015f\u0131m\u0131\",\"datePublished\":\"2026-04-28T06:14:15+00:00\",\"dateModified\":\"2026-04-28T06:14:16+00:00\",\"mainEntityOfPage\":{\"@id\":\"https:\\\/\\\/akunq.net\\\/tr\\\/?p=86167\"},\"wordCount\":95,\"commentCount\":0,\"image\":{\"@id\":\"https:\\\/\\\/akunq.net\\\/tr\\\/?p=86167#primaryimage\"},\"thumbnailUrl\":\"https:\\\/\\\/akunq.net\\\/tr\\\/wp-content\\\/uploads\\\/sites\\\/6\\\/2026\\\/04\\\/Macron.jpg\",\"articleSection\":[\"Ermeni Soyk\u0131r\u0131m\u0131\",\"Haberler\"],\"inLanguage\":\"en-US\",\"potentialAction\":[{\"@type\":\"CommentAction\",\"name\":\"Comment\",\"target\":[\"https:\\\/\\\/akunq.net\\\/tr\\\/?p=86167#respond\"]}]},{\"@type\":\"WebPage\",\"@id\":\"https:\\\/\\\/akunq.net\\\/tr\\\/?p=86167\",\"url\":\"https:\\\/\\\/akunq.net\\\/tr\\\/?p=86167\",\"name\":\"Macron\u2019dan Ermeni Soyk\u0131r\u0131m\u0131 payla\u015f\u0131m\u0131 - Bati Ermenistan Ve Bati Ermenileri Sorunlari Ara\u015ftirmalar Merkezi\",\"isPartOf\":{\"@id\":\"https:\\\/\\\/akunq.net\\\/tr\\\/#website\"},\"primaryImageOfPage\":{\"@id\":\"https:\\\/\\\/akunq.net\\\/tr\\\/?p=86167#primaryimage\"},\"image\":{\"@id\":\"https:\\\/\\\/akunq.net\\\/tr\\\/?p=86167#primaryimage\"},\"thumbnailUrl\":\"https:\\\/\\\/akunq.net\\\/tr\\\/wp-content\\\/uploads\\\/sites\\\/6\\\/2026\\\/04\\\/Macron.jpg\",\"datePublished\":\"2026-04-28T06:14:15+00:00\",\"dateModified\":\"2026-04-28T06:14:16+00:00\",\"author\":{\"@id\":\"https:\\\/\\\/akunq.net\\\/tr\\\/#\\\/schema\\\/person\\\/42a46675f00a8f1e84520e8c56500de3\"},\"breadcrumb\":{\"@id\":\"https:\\\/\\\/akunq.net\\\/tr\\\/?p=86167#breadcrumb\"},\"inLanguage\":\"en-US\",\"potentialAction\":[{\"@type\":\"ReadAction\",\"target\":[\"https:\\\/\\\/akunq.net\\\/tr\\\/?p=86167\"]}]},{\"@type\":\"ImageObject\",\"inLanguage\":\"en-US\",\"@id\":\"https:\\\/\\\/akunq.net\\\/tr\\\/?p=86167#primaryimage\",\"url\":\"https:\\\/\\\/akunq.net\\\/tr\\\/wp-content\\\/uploads\\\/sites\\\/6\\\/2026\\\/04\\\/Macron.jpg\",\"contentUrl\":\"https:\\\/\\\/akunq.net\\\/tr\\\/wp-content\\\/uploads\\\/sites\\\/6\\\/2026\\\/04\\\/Macron.jpg\",\"width\":957,\"height\":616},{\"@type\":\"BreadcrumbList\",\"@id\":\"https:\\\/\\\/akunq.net\\\/tr\\\/?p=86167#breadcrumb\",\"itemListElement\":[{\"@type\":\"ListItem\",\"position\":1,\"name\":\"Home\",\"item\":\"https:\\\/\\\/akunq.net\\\/tr\"},{\"@type\":\"ListItem\",\"position\":2,\"name\":\"Macron\u2019dan Ermeni Soyk\u0131r\u0131m\u0131 payla\u015f\u0131m\u0131\"}]},{\"@type\":\"WebSite\",\"@id\":\"https:\\\/\\\/akunq.net\\\/tr\\\/#website\",\"url\":\"https:\\\/\\\/akunq.net\\\/tr\\\/\",\"name\":\"Bati Ermenistan Ve Bati Ermenileri Sorunlari Ara\u015ftirmalar Merkezi\",\"description\":\"\",\"potentialAction\":[{\"@type\":\"SearchAction\",\"target\":{\"@type\":\"EntryPoint\",\"urlTemplate\":\"https:\\\/\\\/akunq.net\\\/tr\\\/?s={search_term_string}\"},\"query-input\":{\"@type\":\"PropertyValueSpecification\",\"valueRequired\":true,\"valueName\":\"search_term_string\"}}],\"inLanguage\":\"en-US\"},{\"@type\":\"Person\",\"@id\":\"https:\\\/\\\/akunq.net\\\/tr\\\/#\\\/schema\\\/person\\\/42a46675f00a8f1e84520e8c56500de3\",\"name\":\"admin\",\"url\":\"https:\\\/\\\/akunq.net\\\/tr\\\/?author=1\"}]}<\/script>\n<!-- \/ Yoast SEO plugin. -->","yoast_head_json":{"title":"Macron\u2019dan Ermeni Soyk\u0131r\u0131m\u0131 payla\u015f\u0131m\u0131 - Bati Ermenistan Ve Bati Ermenileri Sorunlari Ara\u015ftirmalar Merkezi","robots":{"index":"index","follow":"follow","max-snippet":"max-snippet:-1","max-image-preview":"max-image-preview:large","max-video-preview":"max-video-preview:-1"},"canonical":"https:\/\/akunq.net\/tr\/?p=86167","og_locale":"en_US","og_type":"article","og_title":"Macron\u2019dan Ermeni Soyk\u0131r\u0131m\u0131 payla\u015f\u0131m\u0131 - Bati Ermenistan Ve Bati Ermenileri Sorunlari Ara\u015ftirmalar Merkezi","og_description":"Fransa Cumhurba\u015fkan\u0131 Emannuel Macron, Ermeni Soyk\u0131r\u0131m\u0131\u2019n\u0131n 111. y\u0131ld\u00f6n\u00fcm\u00fc dolay\u0131s\u0131yla bir a\u00e7\u0131klama yay\u0131mlad\u0131. Macron, X (eski Twitter) hesab\u0131 \u00fczerinden yapt\u0131\u011f\u0131 payla\u015f\u0131mda \u015fu ifadelere yer verdi: \u201c24 Nisan\u2019da Cumhuriyet, 1915 Ermeni Soyk\u0131r\u0131m\u0131\u2019n\u0131 anmakta ve kurbanlar\u0131n\u0131n hat\u0131ras\u0131na sayg\u0131 duru\u015funda bulunmaktad\u0131r. Bu, Fransa ile Ermenistan\u2019\u0131 ve Frans\u0131z halk\u0131 ile Ermeni halk\u0131n\u0131 birle\u015ftiren kopmaz ba\u011f\u0131 hat\u0131rlamak, aktarmak ve vurgulamak i\u00e7in [&hellip;]","og_url":"https:\/\/akunq.net\/tr\/?p=86167","og_site_name":"Bati Ermenistan Ve Bati Ermenileri Sorunlari Ara\u015ftirmalar Merkezi","article_published_time":"2026-04-28T06:14:15+00:00","article_modified_time":"2026-04-28T06:14:16+00:00","og_image":[{"width":957,"height":616,"url":"https:\/\/akunq.net\/tr\/wp-content\/uploads\/sites\/6\/2026\/04\/Macron.jpg","type":"image\/jpeg"}],"author":"admin","twitter_card":"summary_large_image","twitter_misc":{"Written by":"admin","Est. reading time":"1 minute"},"schema":{"@context":"https:\/\/schema.org","@graph":[{"@type":"Article","@id":"https:\/\/akunq.net\/tr\/?p=86167#article","isPartOf":{"@id":"https:\/\/akunq.net\/tr\/?p=86167"},"author":{"name":"admin","@id":"https:\/\/akunq.net\/tr\/#\/schema\/person\/42a46675f00a8f1e84520e8c56500de3"},"headline":"Macron\u2019dan Ermeni Soyk\u0131r\u0131m\u0131 payla\u015f\u0131m\u0131","datePublished":"2026-04-28T06:14:15+00:00","dateModified":"2026-04-28T06:14:16+00:00","mainEntityOfPage":{"@id":"https:\/\/akunq.net\/tr\/?p=86167"},"wordCount":95,"commentCount":0,"image":{"@id":"https:\/\/akunq.net\/tr\/?p=86167#primaryimage"},"thumbnailUrl":"https:\/\/akunq.net\/tr\/wp-content\/uploads\/sites\/6\/2026\/04\/Macron.jpg","articleSection":["Ermeni Soyk\u0131r\u0131m\u0131","Haberler"],"inLanguage":"en-US","potentialAction":[{"@type":"CommentAction","name":"Comment","target":["https:\/\/akunq.net\/tr\/?p=86167#respond"]}]},{"@type":"WebPage","@id":"https:\/\/akunq.net\/tr\/?p=86167","url":"https:\/\/akunq.net\/tr\/?p=86167","name":"Macron\u2019dan Ermeni Soyk\u0131r\u0131m\u0131 payla\u015f\u0131m\u0131 - Bati Ermenistan Ve Bati Ermenileri Sorunlari Ara\u015ftirmalar Merkezi","isPartOf":{"@id":"https:\/\/akunq.net\/tr\/#website"},"primaryImageOfPage":{"@id":"https:\/\/akunq.net\/tr\/?p=86167#primaryimage"},"image":{"@id":"https:\/\/akunq.net\/tr\/?p=86167#primaryimage"},"thumbnailUrl":"https:\/\/akunq.net\/tr\/wp-content\/uploads\/sites\/6\/2026\/04\/Macron.jpg","datePublished":"2026-04-28T06:14:15+00:00","dateModified":"2026-04-28T06:14:16+00:00","author":{"@id":"https:\/\/akunq.net\/tr\/#\/schema\/person\/42a46675f00a8f1e84520e8c56500de3"},"breadcrumb":{"@id":"https:\/\/akunq.net\/tr\/?p=86167#breadcrumb"},"inLanguage":"en-US","potentialAction":[{"@type":"ReadAction","target":["https:\/\/akunq.net\/tr\/?p=86167"]}]},{"@type":"ImageObject","inLanguage":"en-US","@id":"https:\/\/akunq.net\/tr\/?p=86167#primaryimage","url":"https:\/\/akunq.net\/tr\/wp-content\/uploads\/sites\/6\/2026\/04\/Macron.jpg","contentUrl":"https:\/\/akunq.net\/tr\/wp-content\/uploads\/sites\/6\/2026\/04\/Macron.jpg","width":957,"height":616},{"@type":"BreadcrumbList","@id":"https:\/\/akunq.net\/tr\/?p=86167#breadcrumb","itemListElement":[{"@type":"ListItem","position":1,"name":"Home","item":"https:\/\/akunq.net\/tr"},{"@type":"ListItem","position":2,"name":"Macron\u2019dan Ermeni Soyk\u0131r\u0131m\u0131 payla\u015f\u0131m\u0131"}]},{"@type":"WebSite","@id":"https:\/\/akunq.net\/tr\/#website","url":"https:\/\/akunq.net\/tr\/","name":"Bati Ermenistan Ve Bati Ermenileri Sorunlari Ara\u015ftirmalar Merkezi","description":"","potentialAction":[{"@type":"SearchAction","target":{"@type":"EntryPoint","urlTemplate":"https:\/\/akunq.net\/tr\/?s={search_term_string}"},"query-input":{"@type":"PropertyValueSpecification","valueRequired":true,"valueName":"search_term_string"}}],"inLanguage":"en-US"},{"@type":"Person","@id":"https:\/\/akunq.net\/tr\/#\/schema\/person\/42a46675f00a8f1e84520e8c56500de3","name":"admin","url":"https:\/\/akunq.net\/tr\/?author=1"}]}},"_links":{"self":[{"href":"https:\/\/akunq.net\/tr\/index.php?rest_route=\/wp\/v2\/posts\/86167","targetHints":{"allow":["GET"]}}],"collection":[{"href":"https:\/\/akunq.net\/tr\/index.php?rest_route=\/wp\/v2\/posts"}],"about":[{"href":"https:\/\/akunq.net\/tr\/index.php?rest_route=\/wp\/v2\/types\/post"}],"author":[{"embeddable":true,"href":"https:\/\/akunq.net\/tr\/index.php?rest_route=\/wp\/v2\/users\/1"}],"replies":[{"embeddable":true,"href":"https:\/\/akunq.net\/tr\/index.php?rest_route=%2Fwp%2Fv2%2Fcomments&post=86167"}],"version-history":[{"count":1,"href":"https:\/\/akunq.net\/tr\/index.php?rest_route=\/wp\/v2\/posts\/86167\/revisions"}],"predecessor-version":[{"id":86169,"href":"https:\/\/akunq.net\/tr\/index.php?rest_route=\/wp\/v2\/posts\/86167\/revisions\/86169"}],"wp:featuredmedia":[{"embeddable":true,"href":"https:\/\/akunq.net\/tr\/index.php?rest_route=\/wp\/v2\/media\/86168"}],"wp:attachment":[{"href":"https:\/\/akunq.net\/tr\/index.php?rest_route=%2Fwp%2Fv2%2Fmedia&parent=86167"}],"wp:term":[{"taxonomy":"category","embeddable":true,"href":"https:\/\/akunq.net\/tr\/index.php?rest_route=%2Fwp%2Fv2%2Fcategories&post=86167"},{"taxonomy":"post_tag","embeddable":true,"href":"https:\/\/akunq.net\/tr\/index.php?rest_route=%2Fwp%2Fv2%2Ftags&post=86167"}],"curies":[{"name":"wp","href":"https:\/\/api.w.org\/{rel}","templated":true}]}}