{"id":86158,"date":"2026-04-27T03:06:29","date_gmt":"2026-04-27T08:06:29","guid":{"rendered":"https:\/\/akunq.net\/tr\/?p=86158"},"modified":"2026-04-27T03:06:29","modified_gmt":"2026-04-27T08:06:29","slug":"aziz-sehitler-sisli-ermeni-katolik-mezarliginda-dualarla-anildi","status":"publish","type":"post","link":"https:\/\/akunq.net\/tr\/?p=86158","title":{"rendered":"Aziz \u015eehitler \u015ei\u015fli Ermeni Katolik Mezarl\u0131\u011f\u0131nda dualarla an\u0131ld\u0131"},"content":{"rendered":"\n<p><strong><em>HYETERT- Aziz \u015eehitleri Anma G\u00fcn\u00fc m\u00fcnasebetiyle 24 Nisan 2026 Cuma \u015ei\u015fli Ermeni Katolik Mezarl\u0131\u011f\u0131 Kilisesi\u2019nde Pek Muhterem Kerabaydzar Vartan Kirakos Kazanc\u0131yan taraf\u0131ndan Surp Badarak sunulup \u015eehitler Duas\u0131 okundu.\u00a0<\/em><\/strong><\/p>\n\n\n\n<p>Saat 16.00\u2019da ba\u015flayan ayin sonras\u0131 Mezarl\u0131kta yer alan an\u0131ta do\u011fru ilahiler e\u015fli\u011finde y\u00fcr\u00fcnd\u00fc ve \u00f6n\u00fcnde dualar okundu. T\u00f6rende Pek Muhterem Kerabaydzar Vartan Kirakos Kazanc\u0131yan Ermenice ve T\u00fcrk\u00e7e olarak vaaz verdi, Dualar\u0131n ard\u0131ndan anma duas\u0131na kat\u0131l\u0131m sa\u011flayan toplum \u00fcyeleri ile birlikte sohbet ve kahve zaman\u0131 oldu.<\/p>\n\n\n\n<p><strong>Pek Muhterem Kerabaydzar Der Vartan Kirakos Kazac\u0131yan T\u00fcrk\u00e7e vaaz\u0131:&nbsp;<\/strong><\/p>\n\n\n\n<p>Aziz karde\u015flerim,&nbsp;<\/p>\n\n\n\n<p>Bug\u00fcn Mesih u\u011fruna canlar\u0131n\u0131 feda eden aziz \u015fehitlerimizi anmak i\u00e7in bir araday\u0131z. Onlar\u0131n hat\u0131ras\u0131n\u0131 onurland\u0131r\u0131rken, zihnimizde \u00e7ok \u00f6nemli bir ayr\u0131m\u0131 netle\u015ftirmeliyiz:&nbsp;<\/p>\n\n\n\n<p>Hristiyan \u015fehitli\u011fi, sadece bir \u00f6l\u00fcm de\u011fil; bir ya\u015fam beyan\u0131d\u0131r.<\/p>\n\n\n\n<p>G\u00fcn\u00fcm\u00fcz d\u00fcnyas\u0131nda sava\u015flar\u0131n ve b\u00fcy\u00fck zul\u00fcmlerin kurbanlar\u0131n\u0131 derin bir kederle an\u0131yoruz.&nbsp;<\/p>\n\n\n\n<p>Ancak Hristiyan \u015fehidini bu masum kurbanlardan ay\u0131ran temel bir fark vard\u0131r:&nbsp;<\/p>\n\n\n\n<p>\u015eehit, hayat\u0131 elinden al\u0131nm\u0131\u015f bir ma\u011fdur de\u011fil;&nbsp;<\/p>\n\n\n\n<p>hayat\u0131n\u0131 Mesih\u2019e olan sevgisiyle \u00f6zg\u00fcrce sunan bir tan\u0131kt\u0131r.<\/p>\n\n\n\n<p>\u201c\u015eehit\u201d kelimesinin k\u00f6keni \u201ctan\u0131k\u201d anlam\u0131na gelir.&nbsp;<\/p>\n\n\n\n<p>Bir sava\u015f kurban\u0131, insanl\u0131k d\u0131\u015f\u0131 bir nefretin hedefi oldu\u011fu i\u00e7in \u00f6l\u00fcr.<\/p>\n\n\n\n<p>Oysa bir Hristiyan \u015fehidi, kendisine nefret kusanlar\u0131n kar\u015f\u0131s\u0131nda bile Tanr\u0131\u2019n\u0131n sevgisine tan\u0131kl\u0131k etti\u011fi i\u00e7in \u00f6l\u00fcr.<\/p>\n\n\n\n<p>Sava\u015f kurban\u0131n\u0131n \u00f6l\u00fcm\u00fc bir trajedidir;&nbsp;&nbsp;\u015fehidin \u00f6l\u00fcm\u00fc ise bir lit\u00fcrjidir, bir sunudur.<\/p>\n\n\n\n<p>Rabbimiz \u0130sa Mesih\u2019in dedi\u011fi gibi: \u201cCan\u0131m\u0131 kimse benden alamaz; ben onu kendili\u011fimden veririm\u201d (Yuhanna 10:18).<\/p>\n\n\n\n<p>Sava\u015flar nefretin nefreti do\u011furdu\u011fu bir karanl\u0131k d\u00f6ng\u00fcd\u00fcr.&nbsp;<\/p>\n\n\n\n<p>Ancak \u015fehitlik bu d\u00f6ng\u00fcy\u00fc k\u0131rar.&nbsp;<\/p>\n\n\n\n<p>Sava\u015f kurban\u0131 \u00e7aresizlikle can verirken, \u015fehit cellad\u0131 i\u00e7in dua ederek can verir.<\/p>\n\n\n\n<p>\u015eehidi d\u00fcnyevi ma\u011fdurlardan ay\u0131ran en b\u00fcy\u00fck \u0131\u015f\u0131k ba\u011f\u0131\u015flamad\u0131r.<\/p>\n\n\n\n<p>\u015eehit, kendisini \u00f6ld\u00fcreni d\u00fc\u015fman olarak de\u011fil,<\/p>\n\n\n\n<p>kurtar\u0131lmas\u0131 gereken bir can olarak g\u00f6r\u00fcr.<\/p>\n\n\n\n<p>Bu, Hristiyan \u015fehitli\u011finin en y\u00fcce fark\u0131d\u0131r:&nbsp;<\/p>\n\n\n\n<p>Nefretin bitti\u011fi yerde sevginin zaferini ilan etmek.<\/p>\n\n\n\n<p>D\u00fcnya g\u00f6z\u00fcyle bak\u0131ld\u0131\u011f\u0131nda, bir sava\u015f \u00f6l\u00fcm\u00fc bir kay\u0131pt\u0131r, bir yok olu\u015ftur.<\/p>\n\n\n\n<p>Ama kilise babalar\u0131m\u0131zdan Tertullianus\u2019un dedi\u011fi gibi:&nbsp;<\/p>\n\n\n\n<p>\u201c\u015eehitlerin kan\u0131, Hristiyanl\u0131\u011f\u0131n tohumudur.\u201d<\/p>\n\n\n\n<p>\u015eehidin \u00f6l\u00fcm\u00fc meyve verir;<\/p>\n\n\n\n<p>kiliseyi besler, iman\u0131 g\u00fc\u00e7lendirir.<\/p>\n\n\n\n<p>Onlar, \u00f6l\u00fcm\u00fcn korkun\u00e7 karanl\u0131\u011f\u0131n\u0131, Mesih\u2019in dirili\u015finin \u0131\u015f\u0131\u011f\u0131yla ayd\u0131nlatan me\u015falelerdir.<\/p>\n\n\n\n<p>Onlar bize, bu d\u00fcnyadaki hi\u00e7bir g\u00fcc\u00fcn, bizi Mesih\u2019in sevgisinden ay\u0131ramayaca\u011f\u0131n\u0131 kan\u0131tlarlar.<\/p>\n\n\n\n<p>Sevgili karde\u015flerim,&nbsp;<\/p>\n\n\n\n<p>hepimiz her g\u00fcn kan d\u00f6kerek \u015fehit olmaya \u00e7a\u011fr\u0131lmayabiliriz. Ancak hepimiz \u201cbeyaz \u015fehitli\u011fe\u201d \u00e7a\u011fr\u0131l\u0131yoruz. Yani g\u00fcnl\u00fck hayat\u0131m\u0131zda nefretin yerine sevgiyi, intikam\u0131n yerine ba\u011f\u0131\u015flamay\u0131, yalan\u0131n yerine hakikati koyarak tan\u0131kl\u0131k etmeye \u00e7a\u011fr\u0131l\u0131yoruz.<\/p>\n\n\n\n<p>Bug\u00fcn \u015fehitlerimizi anarken, sadece onlar\u0131n ac\u0131lar\u0131n\u0131 de\u011fil,&nbsp;<\/p>\n\n\n\n<p>Mesih\u2019te bulduklar\u0131 o sars\u0131lmaz \u00f6zg\u00fcrl\u00fc\u011f\u00fc kutlayal\u0131m.&nbsp;<\/p>\n\n\n\n<p>D\u00fcnyan\u0131n kurbanlar\u0131 de\u011fil, \u0130man\u0131n \u00f6zg\u00fcr tan\u0131klar\u0131 olal\u0131m.<\/p>\n\n\n\n<p>Amin.<\/p>\n\n\n\n<p>\u0130stanbul, 24 Nisan 2026&nbsp;&nbsp;<\/p>\n\n\n\n<p>Ermeni Katolik Mezarl\u0131\u011f\u0131 Kilisesi<\/p>\n\n\n\n<p><a href=\"https:\/\/hyetert.org\/2026\/04\/25\/aziz-sehitler-sisli-ermeni-katolik-mezarliginda-dualarla-anildi\"><strong><em>https:\/\/hyetert.org\/2026\/04\/25\/aziz-sehitler-sisli-ermeni-katolik-mezarliginda-dualarla-anildi<\/em><\/strong><\/a><\/p>\n","protected":false},"excerpt":{"rendered":"<p>HYETERT- Aziz \u015eehitleri Anma G\u00fcn\u00fc m\u00fcnasebetiyle 24 Nisan 2026 Cuma \u015ei\u015fli Ermeni Katolik Mezarl\u0131\u011f\u0131 Kilisesi\u2019nde Pek Muhterem Kerabaydzar Vartan Kirakos Kazanc\u0131yan taraf\u0131ndan Surp Badarak sunulup \u015eehitler Duas\u0131 okundu.\u00a0 Saat 16.00\u2019da ba\u015flayan ayin sonras\u0131 Mezarl\u0131kta yer alan an\u0131ta do\u011fru ilahiler e\u015fli\u011finde y\u00fcr\u00fcnd\u00fc ve \u00f6n\u00fcnde dualar okundu. T\u00f6rende Pek Muhterem Kerabaydzar Vartan Kirakos Kazanc\u0131yan Ermenice ve T\u00fcrk\u00e7e [&hellip;]<\/p>\n","protected":false},"author":1,"featured_media":86159,"comment_status":"open","ping_status":"open","sticky":false,"template":"","format":"standard","meta":{"footnotes":""},"categories":[1],"tags":[],"class_list":["post-86158","post","type-post","status-publish","format-standard","has-post-thumbnail","hentry","category-haberler"],"yoast_head":"<!-- This site is optimized with the Yoast SEO plugin v27.4 - https:\/\/yoast.com\/product\/yoast-seo-wordpress\/ -->\n<title>Aziz \u015eehitler \u015ei\u015fli Ermeni Katolik Mezarl\u0131\u011f\u0131nda dualarla an\u0131ld\u0131 - Bati Ermenistan Ve Bati Ermenileri Sorunlari Ara\u015ftirmalar Merkezi<\/title>\n<meta name=\"robots\" content=\"index, follow, max-snippet:-1, max-image-preview:large, max-video-preview:-1\" \/>\n<link rel=\"canonical\" href=\"https:\/\/akunq.net\/tr\/?p=86158\" \/>\n<meta property=\"og:locale\" content=\"en_US\" \/>\n<meta property=\"og:type\" content=\"article\" \/>\n<meta property=\"og:title\" content=\"Aziz \u015eehitler \u015ei\u015fli Ermeni Katolik Mezarl\u0131\u011f\u0131nda dualarla an\u0131ld\u0131 - Bati Ermenistan Ve Bati Ermenileri Sorunlari Ara\u015ftirmalar Merkezi\" \/>\n<meta property=\"og:description\" content=\"HYETERT- Aziz \u015eehitleri Anma G\u00fcn\u00fc m\u00fcnasebetiyle 24 Nisan 2026 Cuma \u015ei\u015fli Ermeni Katolik Mezarl\u0131\u011f\u0131 Kilisesi\u2019nde Pek Muhterem Kerabaydzar Vartan Kirakos Kazanc\u0131yan taraf\u0131ndan Surp Badarak sunulup \u015eehitler Duas\u0131 okundu.\u00a0 Saat 16.00\u2019da ba\u015flayan ayin sonras\u0131 Mezarl\u0131kta yer alan an\u0131ta do\u011fru ilahiler e\u015fli\u011finde y\u00fcr\u00fcnd\u00fc ve \u00f6n\u00fcnde dualar okundu. T\u00f6rende Pek Muhterem Kerabaydzar Vartan Kirakos Kazanc\u0131yan Ermenice ve T\u00fcrk\u00e7e [&hellip;]\" \/>\n<meta property=\"og:url\" content=\"https:\/\/akunq.net\/tr\/?p=86158\" \/>\n<meta property=\"og:site_name\" content=\"Bati Ermenistan Ve Bati Ermenileri Sorunlari Ara\u015ftirmalar Merkezi\" \/>\n<meta property=\"article:published_time\" content=\"2026-04-27T08:06:29+00:00\" \/>\n<meta property=\"og:image\" content=\"https:\/\/akunq.net\/tr\/wp-content\/uploads\/sites\/6\/2026\/04\/Aziz-Sehitler.webp\" \/>\n\t<meta property=\"og:image:width\" content=\"1200\" \/>\n\t<meta property=\"og:image:height\" content=\"1600\" \/>\n\t<meta property=\"og:image:type\" content=\"image\/webp\" \/>\n<meta name=\"author\" content=\"admin\" \/>\n<meta name=\"twitter:card\" content=\"summary_large_image\" \/>\n<meta name=\"twitter:label1\" content=\"Written by\" \/>\n\t<meta name=\"twitter:data1\" content=\"admin\" \/>\n\t<meta name=\"twitter:label2\" content=\"Est. reading time\" \/>\n\t<meta name=\"twitter:data2\" content=\"2 minutes\" \/>\n<script type=\"application\/ld+json\" class=\"yoast-schema-graph\">{\"@context\":\"https:\\\/\\\/schema.org\",\"@graph\":[{\"@type\":\"Article\",\"@id\":\"https:\\\/\\\/akunq.net\\\/tr\\\/?p=86158#article\",\"isPartOf\":{\"@id\":\"https:\\\/\\\/akunq.net\\\/tr\\\/?p=86158\"},\"author\":{\"name\":\"admin\",\"@id\":\"https:\\\/\\\/akunq.net\\\/tr\\\/#\\\/schema\\\/person\\\/42a46675f00a8f1e84520e8c56500de3\"},\"headline\":\"Aziz \u015eehitler \u015ei\u015fli Ermeni Katolik Mezarl\u0131\u011f\u0131nda dualarla an\u0131ld\u0131\",\"datePublished\":\"2026-04-27T08:06:29+00:00\",\"mainEntityOfPage\":{\"@id\":\"https:\\\/\\\/akunq.net\\\/tr\\\/?p=86158\"},\"wordCount\":596,\"commentCount\":0,\"image\":{\"@id\":\"https:\\\/\\\/akunq.net\\\/tr\\\/?p=86158#primaryimage\"},\"thumbnailUrl\":\"https:\\\/\\\/akunq.net\\\/tr\\\/wp-content\\\/uploads\\\/sites\\\/6\\\/2026\\\/04\\\/Aziz-Sehitler.webp\",\"articleSection\":[\"Haberler\"],\"inLanguage\":\"en-US\",\"potentialAction\":[{\"@type\":\"CommentAction\",\"name\":\"Comment\",\"target\":[\"https:\\\/\\\/akunq.net\\\/tr\\\/?p=86158#respond\"]}]},{\"@type\":\"WebPage\",\"@id\":\"https:\\\/\\\/akunq.net\\\/tr\\\/?p=86158\",\"url\":\"https:\\\/\\\/akunq.net\\\/tr\\\/?p=86158\",\"name\":\"Aziz \u015eehitler \u015ei\u015fli Ermeni Katolik Mezarl\u0131\u011f\u0131nda dualarla an\u0131ld\u0131 - Bati Ermenistan Ve Bati Ermenileri Sorunlari Ara\u015ftirmalar Merkezi\",\"isPartOf\":{\"@id\":\"https:\\\/\\\/akunq.net\\\/tr\\\/#website\"},\"primaryImageOfPage\":{\"@id\":\"https:\\\/\\\/akunq.net\\\/tr\\\/?p=86158#primaryimage\"},\"image\":{\"@id\":\"https:\\\/\\\/akunq.net\\\/tr\\\/?p=86158#primaryimage\"},\"thumbnailUrl\":\"https:\\\/\\\/akunq.net\\\/tr\\\/wp-content\\\/uploads\\\/sites\\\/6\\\/2026\\\/04\\\/Aziz-Sehitler.webp\",\"datePublished\":\"2026-04-27T08:06:29+00:00\",\"author\":{\"@id\":\"https:\\\/\\\/akunq.net\\\/tr\\\/#\\\/schema\\\/person\\\/42a46675f00a8f1e84520e8c56500de3\"},\"breadcrumb\":{\"@id\":\"https:\\\/\\\/akunq.net\\\/tr\\\/?p=86158#breadcrumb\"},\"inLanguage\":\"en-US\",\"potentialAction\":[{\"@type\":\"ReadAction\",\"target\":[\"https:\\\/\\\/akunq.net\\\/tr\\\/?p=86158\"]}]},{\"@type\":\"ImageObject\",\"inLanguage\":\"en-US\",\"@id\":\"https:\\\/\\\/akunq.net\\\/tr\\\/?p=86158#primaryimage\",\"url\":\"https:\\\/\\\/akunq.net\\\/tr\\\/wp-content\\\/uploads\\\/sites\\\/6\\\/2026\\\/04\\\/Aziz-Sehitler.webp\",\"contentUrl\":\"https:\\\/\\\/akunq.net\\\/tr\\\/wp-content\\\/uploads\\\/sites\\\/6\\\/2026\\\/04\\\/Aziz-Sehitler.webp\",\"width\":1200,\"height\":1600},{\"@type\":\"BreadcrumbList\",\"@id\":\"https:\\\/\\\/akunq.net\\\/tr\\\/?p=86158#breadcrumb\",\"itemListElement\":[{\"@type\":\"ListItem\",\"position\":1,\"name\":\"Home\",\"item\":\"https:\\\/\\\/akunq.net\\\/tr\"},{\"@type\":\"ListItem\",\"position\":2,\"name\":\"Aziz \u015eehitler \u015ei\u015fli Ermeni Katolik Mezarl\u0131\u011f\u0131nda dualarla an\u0131ld\u0131\"}]},{\"@type\":\"WebSite\",\"@id\":\"https:\\\/\\\/akunq.net\\\/tr\\\/#website\",\"url\":\"https:\\\/\\\/akunq.net\\\/tr\\\/\",\"name\":\"Bati Ermenistan Ve Bati Ermenileri Sorunlari Ara\u015ftirmalar Merkezi\",\"description\":\"\",\"potentialAction\":[{\"@type\":\"SearchAction\",\"target\":{\"@type\":\"EntryPoint\",\"urlTemplate\":\"https:\\\/\\\/akunq.net\\\/tr\\\/?s={search_term_string}\"},\"query-input\":{\"@type\":\"PropertyValueSpecification\",\"valueRequired\":true,\"valueName\":\"search_term_string\"}}],\"inLanguage\":\"en-US\"},{\"@type\":\"Person\",\"@id\":\"https:\\\/\\\/akunq.net\\\/tr\\\/#\\\/schema\\\/person\\\/42a46675f00a8f1e84520e8c56500de3\",\"name\":\"admin\",\"url\":\"https:\\\/\\\/akunq.net\\\/tr\\\/?author=1\"}]}<\/script>\n<!-- \/ Yoast SEO plugin. -->","yoast_head_json":{"title":"Aziz \u015eehitler \u015ei\u015fli Ermeni Katolik Mezarl\u0131\u011f\u0131nda dualarla an\u0131ld\u0131 - Bati Ermenistan Ve Bati Ermenileri Sorunlari Ara\u015ftirmalar Merkezi","robots":{"index":"index","follow":"follow","max-snippet":"max-snippet:-1","max-image-preview":"max-image-preview:large","max-video-preview":"max-video-preview:-1"},"canonical":"https:\/\/akunq.net\/tr\/?p=86158","og_locale":"en_US","og_type":"article","og_title":"Aziz \u015eehitler \u015ei\u015fli Ermeni Katolik Mezarl\u0131\u011f\u0131nda dualarla an\u0131ld\u0131 - Bati Ermenistan Ve Bati Ermenileri Sorunlari Ara\u015ftirmalar Merkezi","og_description":"HYETERT- Aziz \u015eehitleri Anma G\u00fcn\u00fc m\u00fcnasebetiyle 24 Nisan 2026 Cuma \u015ei\u015fli Ermeni Katolik Mezarl\u0131\u011f\u0131 Kilisesi\u2019nde Pek Muhterem Kerabaydzar Vartan Kirakos Kazanc\u0131yan taraf\u0131ndan Surp Badarak sunulup \u015eehitler Duas\u0131 okundu.\u00a0 Saat 16.00\u2019da ba\u015flayan ayin sonras\u0131 Mezarl\u0131kta yer alan an\u0131ta do\u011fru ilahiler e\u015fli\u011finde y\u00fcr\u00fcnd\u00fc ve \u00f6n\u00fcnde dualar okundu. T\u00f6rende Pek Muhterem Kerabaydzar Vartan Kirakos Kazanc\u0131yan Ermenice ve T\u00fcrk\u00e7e [&hellip;]","og_url":"https:\/\/akunq.net\/tr\/?p=86158","og_site_name":"Bati Ermenistan Ve Bati Ermenileri Sorunlari Ara\u015ftirmalar Merkezi","article_published_time":"2026-04-27T08:06:29+00:00","og_image":[{"width":1200,"height":1600,"url":"https:\/\/akunq.net\/tr\/wp-content\/uploads\/sites\/6\/2026\/04\/Aziz-Sehitler.webp","type":"image\/webp"}],"author":"admin","twitter_card":"summary_large_image","twitter_misc":{"Written by":"admin","Est. reading time":"2 minutes"},"schema":{"@context":"https:\/\/schema.org","@graph":[{"@type":"Article","@id":"https:\/\/akunq.net\/tr\/?p=86158#article","isPartOf":{"@id":"https:\/\/akunq.net\/tr\/?p=86158"},"author":{"name":"admin","@id":"https:\/\/akunq.net\/tr\/#\/schema\/person\/42a46675f00a8f1e84520e8c56500de3"},"headline":"Aziz \u015eehitler \u015ei\u015fli Ermeni Katolik Mezarl\u0131\u011f\u0131nda dualarla an\u0131ld\u0131","datePublished":"2026-04-27T08:06:29+00:00","mainEntityOfPage":{"@id":"https:\/\/akunq.net\/tr\/?p=86158"},"wordCount":596,"commentCount":0,"image":{"@id":"https:\/\/akunq.net\/tr\/?p=86158#primaryimage"},"thumbnailUrl":"https:\/\/akunq.net\/tr\/wp-content\/uploads\/sites\/6\/2026\/04\/Aziz-Sehitler.webp","articleSection":["Haberler"],"inLanguage":"en-US","potentialAction":[{"@type":"CommentAction","name":"Comment","target":["https:\/\/akunq.net\/tr\/?p=86158#respond"]}]},{"@type":"WebPage","@id":"https:\/\/akunq.net\/tr\/?p=86158","url":"https:\/\/akunq.net\/tr\/?p=86158","name":"Aziz \u015eehitler \u015ei\u015fli Ermeni Katolik Mezarl\u0131\u011f\u0131nda dualarla an\u0131ld\u0131 - Bati Ermenistan Ve Bati Ermenileri Sorunlari Ara\u015ftirmalar Merkezi","isPartOf":{"@id":"https:\/\/akunq.net\/tr\/#website"},"primaryImageOfPage":{"@id":"https:\/\/akunq.net\/tr\/?p=86158#primaryimage"},"image":{"@id":"https:\/\/akunq.net\/tr\/?p=86158#primaryimage"},"thumbnailUrl":"https:\/\/akunq.net\/tr\/wp-content\/uploads\/sites\/6\/2026\/04\/Aziz-Sehitler.webp","datePublished":"2026-04-27T08:06:29+00:00","author":{"@id":"https:\/\/akunq.net\/tr\/#\/schema\/person\/42a46675f00a8f1e84520e8c56500de3"},"breadcrumb":{"@id":"https:\/\/akunq.net\/tr\/?p=86158#breadcrumb"},"inLanguage":"en-US","potentialAction":[{"@type":"ReadAction","target":["https:\/\/akunq.net\/tr\/?p=86158"]}]},{"@type":"ImageObject","inLanguage":"en-US","@id":"https:\/\/akunq.net\/tr\/?p=86158#primaryimage","url":"https:\/\/akunq.net\/tr\/wp-content\/uploads\/sites\/6\/2026\/04\/Aziz-Sehitler.webp","contentUrl":"https:\/\/akunq.net\/tr\/wp-content\/uploads\/sites\/6\/2026\/04\/Aziz-Sehitler.webp","width":1200,"height":1600},{"@type":"BreadcrumbList","@id":"https:\/\/akunq.net\/tr\/?p=86158#breadcrumb","itemListElement":[{"@type":"ListItem","position":1,"name":"Home","item":"https:\/\/akunq.net\/tr"},{"@type":"ListItem","position":2,"name":"Aziz \u015eehitler \u015ei\u015fli Ermeni Katolik Mezarl\u0131\u011f\u0131nda dualarla an\u0131ld\u0131"}]},{"@type":"WebSite","@id":"https:\/\/akunq.net\/tr\/#website","url":"https:\/\/akunq.net\/tr\/","name":"Bati Ermenistan Ve Bati Ermenileri Sorunlari Ara\u015ftirmalar Merkezi","description":"","potentialAction":[{"@type":"SearchAction","target":{"@type":"EntryPoint","urlTemplate":"https:\/\/akunq.net\/tr\/?s={search_term_string}"},"query-input":{"@type":"PropertyValueSpecification","valueRequired":true,"valueName":"search_term_string"}}],"inLanguage":"en-US"},{"@type":"Person","@id":"https:\/\/akunq.net\/tr\/#\/schema\/person\/42a46675f00a8f1e84520e8c56500de3","name":"admin","url":"https:\/\/akunq.net\/tr\/?author=1"}]}},"_links":{"self":[{"href":"https:\/\/akunq.net\/tr\/index.php?rest_route=\/wp\/v2\/posts\/86158","targetHints":{"allow":["GET"]}}],"collection":[{"href":"https:\/\/akunq.net\/tr\/index.php?rest_route=\/wp\/v2\/posts"}],"about":[{"href":"https:\/\/akunq.net\/tr\/index.php?rest_route=\/wp\/v2\/types\/post"}],"author":[{"embeddable":true,"href":"https:\/\/akunq.net\/tr\/index.php?rest_route=\/wp\/v2\/users\/1"}],"replies":[{"embeddable":true,"href":"https:\/\/akunq.net\/tr\/index.php?rest_route=%2Fwp%2Fv2%2Fcomments&post=86158"}],"version-history":[{"count":1,"href":"https:\/\/akunq.net\/tr\/index.php?rest_route=\/wp\/v2\/posts\/86158\/revisions"}],"predecessor-version":[{"id":86160,"href":"https:\/\/akunq.net\/tr\/index.php?rest_route=\/wp\/v2\/posts\/86158\/revisions\/86160"}],"wp:featuredmedia":[{"embeddable":true,"href":"https:\/\/akunq.net\/tr\/index.php?rest_route=\/wp\/v2\/media\/86159"}],"wp:attachment":[{"href":"https:\/\/akunq.net\/tr\/index.php?rest_route=%2Fwp%2Fv2%2Fmedia&parent=86158"}],"wp:term":[{"taxonomy":"category","embeddable":true,"href":"https:\/\/akunq.net\/tr\/index.php?rest_route=%2Fwp%2Fv2%2Fcategories&post=86158"},{"taxonomy":"post_tag","embeddable":true,"href":"https:\/\/akunq.net\/tr\/index.php?rest_route=%2Fwp%2Fv2%2Ftags&post=86158"}],"curies":[{"name":"wp","href":"https:\/\/api.w.org\/{rel}","templated":true}]}}