{"id":86155,"date":"2026-04-27T03:01:33","date_gmt":"2026-04-27T08:01:33","guid":{"rendered":"https:\/\/akunq.net\/tr\/?p=86155"},"modified":"2026-04-27T03:01:34","modified_gmt":"2026-04-27T08:01:34","slug":"ermeni-soykirimi-muze-enstitusunde-yeni-sergi-acildi","status":"publish","type":"post","link":"https:\/\/akunq.net\/tr\/?p=86155","title":{"rendered":"Ermeni Soyk\u0131r\u0131m\u0131 M\u00fcze-Enstit\u00fcs\u00fc\u2019nde yeni sergi a\u00e7\u0131ld\u0131"},"content":{"rendered":"\n<p><strong><em> Ermeni Soyk\u0131r\u0131m\u0131 M\u00fcze-Enstit\u00fcs\u00fc\u2019nde, soyk\u0131r\u0131m\u0131 belgeleyen Ermeni ayd\u0131nlar ve din adamlar\u0131na adanan yeni ge\u00e7ici bir sergi a\u00e7\u0131ld\u0131.<\/em><\/strong><\/p>\n\n\n\n<p>Kurumdan yap\u0131lan a\u00e7\u0131klamaya g\u00f6re, sergide \u00f6zellikle olaylar\u0131n ilk y\u0131llar\u0131nda tan\u0131kl\u0131klar\u0131 toplayan, belgeleyen ve gelecek nesillere aktaran Ermeni entelekt\u00fceller ile ruhani liderlerin faaliyetleri ele al\u0131n\u0131yor.<\/p>\n\n\n\n<p>M\u00fcze-Enstit\u00fcs\u00fc M\u00fcd\u00fcr Vekili Hra\u00e7ya Ta\u015f\u00e7yan, ge\u00e7en y\u0131l a\u00e7\u0131lan serginin ise yabanc\u0131 diplomatlar, gazeteciler, misyonerler ve din adamlar\u0131n\u0131n Soyk\u0131r\u0131m\u2019a dair ilk tan\u0131kl\u0131klar\u0131n\u0131 konu ald\u0131\u011f\u0131n\u0131 hat\u0131rlatt\u0131.<\/p>\n\n\n\n<p>Ta\u015f\u00e7yan, her iki serginin de \u015fu anda m\u00fczede ziyaret\u00e7ilere a\u00e7\u0131k oldu\u011funu belirtti.<\/p>\n\n\n\n<p><a href=\"https:\/\/armenpress.am\/tr\/article\/1248428\"><strong><em>https:\/\/armenpress.am\/tr\/article\/1248428<\/em><\/strong><\/a><\/p>\n","protected":false},"excerpt":{"rendered":"<p>Ermeni Soyk\u0131r\u0131m\u0131 M\u00fcze-Enstit\u00fcs\u00fc\u2019nde, soyk\u0131r\u0131m\u0131 belgeleyen Ermeni ayd\u0131nlar ve din adamlar\u0131na adanan yeni ge\u00e7ici bir sergi a\u00e7\u0131ld\u0131. Kurumdan yap\u0131lan a\u00e7\u0131klamaya g\u00f6re, sergide \u00f6zellikle olaylar\u0131n ilk y\u0131llar\u0131nda tan\u0131kl\u0131klar\u0131 toplayan, belgeleyen ve gelecek nesillere aktaran Ermeni entelekt\u00fceller ile ruhani liderlerin faaliyetleri ele al\u0131n\u0131yor. M\u00fcze-Enstit\u00fcs\u00fc M\u00fcd\u00fcr Vekili Hra\u00e7ya Ta\u015f\u00e7yan, ge\u00e7en y\u0131l a\u00e7\u0131lan serginin ise yabanc\u0131 diplomatlar, gazeteciler, misyonerler ve [&hellip;]<\/p>\n","protected":false},"author":1,"featured_media":86156,"comment_status":"open","ping_status":"open","sticky":false,"template":"","format":"standard","meta":{"footnotes":""},"categories":[44,1],"tags":[],"class_list":["post-86155","post","type-post","status-publish","format-standard","has-post-thumbnail","hentry","category-ermeni-soykirimi","category-haberler"],"yoast_head":"<!-- This site is optimized with the Yoast SEO plugin v27.4 - https:\/\/yoast.com\/product\/yoast-seo-wordpress\/ -->\n<title>Ermeni Soyk\u0131r\u0131m\u0131 M\u00fcze-Enstit\u00fcs\u00fc\u2019nde yeni sergi a\u00e7\u0131ld\u0131 - Bati Ermenistan Ve Bati Ermenileri Sorunlari Ara\u015ftirmalar Merkezi<\/title>\n<meta name=\"robots\" content=\"index, follow, max-snippet:-1, max-image-preview:large, max-video-preview:-1\" \/>\n<link rel=\"canonical\" href=\"https:\/\/akunq.net\/tr\/?p=86155\" \/>\n<meta property=\"og:locale\" content=\"en_US\" \/>\n<meta property=\"og:type\" content=\"article\" \/>\n<meta property=\"og:title\" content=\"Ermeni Soyk\u0131r\u0131m\u0131 M\u00fcze-Enstit\u00fcs\u00fc\u2019nde yeni sergi a\u00e7\u0131ld\u0131 - Bati Ermenistan Ve Bati Ermenileri Sorunlari Ara\u015ftirmalar Merkezi\" \/>\n<meta property=\"og:description\" content=\"Ermeni Soyk\u0131r\u0131m\u0131 M\u00fcze-Enstit\u00fcs\u00fc\u2019nde, soyk\u0131r\u0131m\u0131 belgeleyen Ermeni ayd\u0131nlar ve din adamlar\u0131na adanan yeni ge\u00e7ici bir sergi a\u00e7\u0131ld\u0131. Kurumdan yap\u0131lan a\u00e7\u0131klamaya g\u00f6re, sergide \u00f6zellikle olaylar\u0131n ilk y\u0131llar\u0131nda tan\u0131kl\u0131klar\u0131 toplayan, belgeleyen ve gelecek nesillere aktaran Ermeni entelekt\u00fceller ile ruhani liderlerin faaliyetleri ele al\u0131n\u0131yor. M\u00fcze-Enstit\u00fcs\u00fc M\u00fcd\u00fcr Vekili Hra\u00e7ya Ta\u015f\u00e7yan, ge\u00e7en y\u0131l a\u00e7\u0131lan serginin ise yabanc\u0131 diplomatlar, gazeteciler, misyonerler ve [&hellip;]\" \/>\n<meta property=\"og:url\" content=\"https:\/\/akunq.net\/tr\/?p=86155\" \/>\n<meta property=\"og:site_name\" content=\"Bati Ermenistan Ve Bati Ermenileri Sorunlari Ara\u015ftirmalar Merkezi\" \/>\n<meta property=\"article:published_time\" content=\"2026-04-27T08:01:33+00:00\" \/>\n<meta property=\"article:modified_time\" content=\"2026-04-27T08:01:34+00:00\" \/>\n<meta property=\"og:image\" content=\"https:\/\/akunq.net\/tr\/wp-content\/uploads\/sites\/6\/2026\/04\/\u0540\u0561\u0575\u0578\u0581-\u0581\u0565\u0572\u0561\u057d\u057a\u0561\u0576\u0578\u0582\u0569\u0575\u0561\u0576-\u0569\u0561\u0576\u0563\u0561\u0580\u0561\u0576-\u056b\u0576\u057d\u057f\u056b\u057f\u0578\u0582\u057f.jpg\" \/>\n\t<meta property=\"og:image:width\" content=\"1600\" \/>\n\t<meta property=\"og:image:height\" content=\"1066\" \/>\n\t<meta property=\"og:image:type\" content=\"image\/jpeg\" \/>\n<meta name=\"author\" content=\"admin\" \/>\n<meta name=\"twitter:card\" content=\"summary_large_image\" \/>\n<meta name=\"twitter:label1\" content=\"Written by\" \/>\n\t<meta name=\"twitter:data1\" content=\"admin\" \/>\n\t<meta name=\"twitter:label2\" content=\"Est. reading time\" \/>\n\t<meta name=\"twitter:data2\" content=\"1 minute\" \/>\n<script type=\"application\/ld+json\" class=\"yoast-schema-graph\">{\"@context\":\"https:\\\/\\\/schema.org\",\"@graph\":[{\"@type\":\"Article\",\"@id\":\"https:\\\/\\\/akunq.net\\\/tr\\\/?p=86155#article\",\"isPartOf\":{\"@id\":\"https:\\\/\\\/akunq.net\\\/tr\\\/?p=86155\"},\"author\":{\"name\":\"admin\",\"@id\":\"https:\\\/\\\/akunq.net\\\/tr\\\/#\\\/schema\\\/person\\\/42a46675f00a8f1e84520e8c56500de3\"},\"headline\":\"Ermeni Soyk\u0131r\u0131m\u0131 M\u00fcze-Enstit\u00fcs\u00fc\u2019nde yeni sergi a\u00e7\u0131ld\u0131\",\"datePublished\":\"2026-04-27T08:01:33+00:00\",\"dateModified\":\"2026-04-27T08:01:34+00:00\",\"mainEntityOfPage\":{\"@id\":\"https:\\\/\\\/akunq.net\\\/tr\\\/?p=86155\"},\"wordCount\":139,\"commentCount\":0,\"image\":{\"@id\":\"https:\\\/\\\/akunq.net\\\/tr\\\/?p=86155#primaryimage\"},\"thumbnailUrl\":\"https:\\\/\\\/akunq.net\\\/tr\\\/wp-content\\\/uploads\\\/sites\\\/6\\\/2026\\\/04\\\/\u0540\u0561\u0575\u0578\u0581-\u0581\u0565\u0572\u0561\u057d\u057a\u0561\u0576\u0578\u0582\u0569\u0575\u0561\u0576-\u0569\u0561\u0576\u0563\u0561\u0580\u0561\u0576-\u056b\u0576\u057d\u057f\u056b\u057f\u0578\u0582\u057f.jpg\",\"articleSection\":[\"Ermeni Soyk\u0131r\u0131m\u0131\",\"Haberler\"],\"inLanguage\":\"en-US\",\"potentialAction\":[{\"@type\":\"CommentAction\",\"name\":\"Comment\",\"target\":[\"https:\\\/\\\/akunq.net\\\/tr\\\/?p=86155#respond\"]}]},{\"@type\":\"WebPage\",\"@id\":\"https:\\\/\\\/akunq.net\\\/tr\\\/?p=86155\",\"url\":\"https:\\\/\\\/akunq.net\\\/tr\\\/?p=86155\",\"name\":\"Ermeni Soyk\u0131r\u0131m\u0131 M\u00fcze-Enstit\u00fcs\u00fc\u2019nde yeni sergi a\u00e7\u0131ld\u0131 - Bati Ermenistan Ve Bati Ermenileri Sorunlari Ara\u015ftirmalar Merkezi\",\"isPartOf\":{\"@id\":\"https:\\\/\\\/akunq.net\\\/tr\\\/#website\"},\"primaryImageOfPage\":{\"@id\":\"https:\\\/\\\/akunq.net\\\/tr\\\/?p=86155#primaryimage\"},\"image\":{\"@id\":\"https:\\\/\\\/akunq.net\\\/tr\\\/?p=86155#primaryimage\"},\"thumbnailUrl\":\"https:\\\/\\\/akunq.net\\\/tr\\\/wp-content\\\/uploads\\\/sites\\\/6\\\/2026\\\/04\\\/\u0540\u0561\u0575\u0578\u0581-\u0581\u0565\u0572\u0561\u057d\u057a\u0561\u0576\u0578\u0582\u0569\u0575\u0561\u0576-\u0569\u0561\u0576\u0563\u0561\u0580\u0561\u0576-\u056b\u0576\u057d\u057f\u056b\u057f\u0578\u0582\u057f.jpg\",\"datePublished\":\"2026-04-27T08:01:33+00:00\",\"dateModified\":\"2026-04-27T08:01:34+00:00\",\"author\":{\"@id\":\"https:\\\/\\\/akunq.net\\\/tr\\\/#\\\/schema\\\/person\\\/42a46675f00a8f1e84520e8c56500de3\"},\"breadcrumb\":{\"@id\":\"https:\\\/\\\/akunq.net\\\/tr\\\/?p=86155#breadcrumb\"},\"inLanguage\":\"en-US\",\"potentialAction\":[{\"@type\":\"ReadAction\",\"target\":[\"https:\\\/\\\/akunq.net\\\/tr\\\/?p=86155\"]}]},{\"@type\":\"ImageObject\",\"inLanguage\":\"en-US\",\"@id\":\"https:\\\/\\\/akunq.net\\\/tr\\\/?p=86155#primaryimage\",\"url\":\"https:\\\/\\\/akunq.net\\\/tr\\\/wp-content\\\/uploads\\\/sites\\\/6\\\/2026\\\/04\\\/\u0540\u0561\u0575\u0578\u0581-\u0581\u0565\u0572\u0561\u057d\u057a\u0561\u0576\u0578\u0582\u0569\u0575\u0561\u0576-\u0569\u0561\u0576\u0563\u0561\u0580\u0561\u0576-\u056b\u0576\u057d\u057f\u056b\u057f\u0578\u0582\u057f.jpg\",\"contentUrl\":\"https:\\\/\\\/akunq.net\\\/tr\\\/wp-content\\\/uploads\\\/sites\\\/6\\\/2026\\\/04\\\/\u0540\u0561\u0575\u0578\u0581-\u0581\u0565\u0572\u0561\u057d\u057a\u0561\u0576\u0578\u0582\u0569\u0575\u0561\u0576-\u0569\u0561\u0576\u0563\u0561\u0580\u0561\u0576-\u056b\u0576\u057d\u057f\u056b\u057f\u0578\u0582\u057f.jpg\",\"width\":1600,\"height\":1066},{\"@type\":\"BreadcrumbList\",\"@id\":\"https:\\\/\\\/akunq.net\\\/tr\\\/?p=86155#breadcrumb\",\"itemListElement\":[{\"@type\":\"ListItem\",\"position\":1,\"name\":\"Home\",\"item\":\"https:\\\/\\\/akunq.net\\\/tr\"},{\"@type\":\"ListItem\",\"position\":2,\"name\":\"Ermeni Soyk\u0131r\u0131m\u0131 M\u00fcze-Enstit\u00fcs\u00fc\u2019nde yeni sergi a\u00e7\u0131ld\u0131\"}]},{\"@type\":\"WebSite\",\"@id\":\"https:\\\/\\\/akunq.net\\\/tr\\\/#website\",\"url\":\"https:\\\/\\\/akunq.net\\\/tr\\\/\",\"name\":\"Bati Ermenistan Ve Bati Ermenileri Sorunlari Ara\u015ftirmalar Merkezi\",\"description\":\"\",\"potentialAction\":[{\"@type\":\"SearchAction\",\"target\":{\"@type\":\"EntryPoint\",\"urlTemplate\":\"https:\\\/\\\/akunq.net\\\/tr\\\/?s={search_term_string}\"},\"query-input\":{\"@type\":\"PropertyValueSpecification\",\"valueRequired\":true,\"valueName\":\"search_term_string\"}}],\"inLanguage\":\"en-US\"},{\"@type\":\"Person\",\"@id\":\"https:\\\/\\\/akunq.net\\\/tr\\\/#\\\/schema\\\/person\\\/42a46675f00a8f1e84520e8c56500de3\",\"name\":\"admin\",\"url\":\"https:\\\/\\\/akunq.net\\\/tr\\\/?author=1\"}]}<\/script>\n<!-- \/ Yoast SEO plugin. -->","yoast_head_json":{"title":"Ermeni Soyk\u0131r\u0131m\u0131 M\u00fcze-Enstit\u00fcs\u00fc\u2019nde yeni sergi a\u00e7\u0131ld\u0131 - Bati Ermenistan Ve Bati Ermenileri Sorunlari Ara\u015ftirmalar Merkezi","robots":{"index":"index","follow":"follow","max-snippet":"max-snippet:-1","max-image-preview":"max-image-preview:large","max-video-preview":"max-video-preview:-1"},"canonical":"https:\/\/akunq.net\/tr\/?p=86155","og_locale":"en_US","og_type":"article","og_title":"Ermeni Soyk\u0131r\u0131m\u0131 M\u00fcze-Enstit\u00fcs\u00fc\u2019nde yeni sergi a\u00e7\u0131ld\u0131 - Bati Ermenistan Ve Bati Ermenileri Sorunlari Ara\u015ftirmalar Merkezi","og_description":"Ermeni Soyk\u0131r\u0131m\u0131 M\u00fcze-Enstit\u00fcs\u00fc\u2019nde, soyk\u0131r\u0131m\u0131 belgeleyen Ermeni ayd\u0131nlar ve din adamlar\u0131na adanan yeni ge\u00e7ici bir sergi a\u00e7\u0131ld\u0131. Kurumdan yap\u0131lan a\u00e7\u0131klamaya g\u00f6re, sergide \u00f6zellikle olaylar\u0131n ilk y\u0131llar\u0131nda tan\u0131kl\u0131klar\u0131 toplayan, belgeleyen ve gelecek nesillere aktaran Ermeni entelekt\u00fceller ile ruhani liderlerin faaliyetleri ele al\u0131n\u0131yor. M\u00fcze-Enstit\u00fcs\u00fc M\u00fcd\u00fcr Vekili Hra\u00e7ya Ta\u015f\u00e7yan, ge\u00e7en y\u0131l a\u00e7\u0131lan serginin ise yabanc\u0131 diplomatlar, gazeteciler, misyonerler ve [&hellip;]","og_url":"https:\/\/akunq.net\/tr\/?p=86155","og_site_name":"Bati Ermenistan Ve Bati Ermenileri Sorunlari Ara\u015ftirmalar Merkezi","article_published_time":"2026-04-27T08:01:33+00:00","article_modified_time":"2026-04-27T08:01:34+00:00","og_image":[{"width":1600,"height":1066,"url":"https:\/\/akunq.net\/tr\/wp-content\/uploads\/sites\/6\/2026\/04\/\u0540\u0561\u0575\u0578\u0581-\u0581\u0565\u0572\u0561\u057d\u057a\u0561\u0576\u0578\u0582\u0569\u0575\u0561\u0576-\u0569\u0561\u0576\u0563\u0561\u0580\u0561\u0576-\u056b\u0576\u057d\u057f\u056b\u057f\u0578\u0582\u057f.jpg","type":"image\/jpeg"}],"author":"admin","twitter_card":"summary_large_image","twitter_misc":{"Written by":"admin","Est. reading time":"1 minute"},"schema":{"@context":"https:\/\/schema.org","@graph":[{"@type":"Article","@id":"https:\/\/akunq.net\/tr\/?p=86155#article","isPartOf":{"@id":"https:\/\/akunq.net\/tr\/?p=86155"},"author":{"name":"admin","@id":"https:\/\/akunq.net\/tr\/#\/schema\/person\/42a46675f00a8f1e84520e8c56500de3"},"headline":"Ermeni Soyk\u0131r\u0131m\u0131 M\u00fcze-Enstit\u00fcs\u00fc\u2019nde yeni sergi a\u00e7\u0131ld\u0131","datePublished":"2026-04-27T08:01:33+00:00","dateModified":"2026-04-27T08:01:34+00:00","mainEntityOfPage":{"@id":"https:\/\/akunq.net\/tr\/?p=86155"},"wordCount":139,"commentCount":0,"image":{"@id":"https:\/\/akunq.net\/tr\/?p=86155#primaryimage"},"thumbnailUrl":"https:\/\/akunq.net\/tr\/wp-content\/uploads\/sites\/6\/2026\/04\/\u0540\u0561\u0575\u0578\u0581-\u0581\u0565\u0572\u0561\u057d\u057a\u0561\u0576\u0578\u0582\u0569\u0575\u0561\u0576-\u0569\u0561\u0576\u0563\u0561\u0580\u0561\u0576-\u056b\u0576\u057d\u057f\u056b\u057f\u0578\u0582\u057f.jpg","articleSection":["Ermeni Soyk\u0131r\u0131m\u0131","Haberler"],"inLanguage":"en-US","potentialAction":[{"@type":"CommentAction","name":"Comment","target":["https:\/\/akunq.net\/tr\/?p=86155#respond"]}]},{"@type":"WebPage","@id":"https:\/\/akunq.net\/tr\/?p=86155","url":"https:\/\/akunq.net\/tr\/?p=86155","name":"Ermeni Soyk\u0131r\u0131m\u0131 M\u00fcze-Enstit\u00fcs\u00fc\u2019nde yeni sergi a\u00e7\u0131ld\u0131 - Bati Ermenistan Ve Bati Ermenileri Sorunlari Ara\u015ftirmalar Merkezi","isPartOf":{"@id":"https:\/\/akunq.net\/tr\/#website"},"primaryImageOfPage":{"@id":"https:\/\/akunq.net\/tr\/?p=86155#primaryimage"},"image":{"@id":"https:\/\/akunq.net\/tr\/?p=86155#primaryimage"},"thumbnailUrl":"https:\/\/akunq.net\/tr\/wp-content\/uploads\/sites\/6\/2026\/04\/\u0540\u0561\u0575\u0578\u0581-\u0581\u0565\u0572\u0561\u057d\u057a\u0561\u0576\u0578\u0582\u0569\u0575\u0561\u0576-\u0569\u0561\u0576\u0563\u0561\u0580\u0561\u0576-\u056b\u0576\u057d\u057f\u056b\u057f\u0578\u0582\u057f.jpg","datePublished":"2026-04-27T08:01:33+00:00","dateModified":"2026-04-27T08:01:34+00:00","author":{"@id":"https:\/\/akunq.net\/tr\/#\/schema\/person\/42a46675f00a8f1e84520e8c56500de3"},"breadcrumb":{"@id":"https:\/\/akunq.net\/tr\/?p=86155#breadcrumb"},"inLanguage":"en-US","potentialAction":[{"@type":"ReadAction","target":["https:\/\/akunq.net\/tr\/?p=86155"]}]},{"@type":"ImageObject","inLanguage":"en-US","@id":"https:\/\/akunq.net\/tr\/?p=86155#primaryimage","url":"https:\/\/akunq.net\/tr\/wp-content\/uploads\/sites\/6\/2026\/04\/\u0540\u0561\u0575\u0578\u0581-\u0581\u0565\u0572\u0561\u057d\u057a\u0561\u0576\u0578\u0582\u0569\u0575\u0561\u0576-\u0569\u0561\u0576\u0563\u0561\u0580\u0561\u0576-\u056b\u0576\u057d\u057f\u056b\u057f\u0578\u0582\u057f.jpg","contentUrl":"https:\/\/akunq.net\/tr\/wp-content\/uploads\/sites\/6\/2026\/04\/\u0540\u0561\u0575\u0578\u0581-\u0581\u0565\u0572\u0561\u057d\u057a\u0561\u0576\u0578\u0582\u0569\u0575\u0561\u0576-\u0569\u0561\u0576\u0563\u0561\u0580\u0561\u0576-\u056b\u0576\u057d\u057f\u056b\u057f\u0578\u0582\u057f.jpg","width":1600,"height":1066},{"@type":"BreadcrumbList","@id":"https:\/\/akunq.net\/tr\/?p=86155#breadcrumb","itemListElement":[{"@type":"ListItem","position":1,"name":"Home","item":"https:\/\/akunq.net\/tr"},{"@type":"ListItem","position":2,"name":"Ermeni Soyk\u0131r\u0131m\u0131 M\u00fcze-Enstit\u00fcs\u00fc\u2019nde yeni sergi a\u00e7\u0131ld\u0131"}]},{"@type":"WebSite","@id":"https:\/\/akunq.net\/tr\/#website","url":"https:\/\/akunq.net\/tr\/","name":"Bati Ermenistan Ve Bati Ermenileri Sorunlari Ara\u015ftirmalar Merkezi","description":"","potentialAction":[{"@type":"SearchAction","target":{"@type":"EntryPoint","urlTemplate":"https:\/\/akunq.net\/tr\/?s={search_term_string}"},"query-input":{"@type":"PropertyValueSpecification","valueRequired":true,"valueName":"search_term_string"}}],"inLanguage":"en-US"},{"@type":"Person","@id":"https:\/\/akunq.net\/tr\/#\/schema\/person\/42a46675f00a8f1e84520e8c56500de3","name":"admin","url":"https:\/\/akunq.net\/tr\/?author=1"}]}},"_links":{"self":[{"href":"https:\/\/akunq.net\/tr\/index.php?rest_route=\/wp\/v2\/posts\/86155","targetHints":{"allow":["GET"]}}],"collection":[{"href":"https:\/\/akunq.net\/tr\/index.php?rest_route=\/wp\/v2\/posts"}],"about":[{"href":"https:\/\/akunq.net\/tr\/index.php?rest_route=\/wp\/v2\/types\/post"}],"author":[{"embeddable":true,"href":"https:\/\/akunq.net\/tr\/index.php?rest_route=\/wp\/v2\/users\/1"}],"replies":[{"embeddable":true,"href":"https:\/\/akunq.net\/tr\/index.php?rest_route=%2Fwp%2Fv2%2Fcomments&post=86155"}],"version-history":[{"count":1,"href":"https:\/\/akunq.net\/tr\/index.php?rest_route=\/wp\/v2\/posts\/86155\/revisions"}],"predecessor-version":[{"id":86157,"href":"https:\/\/akunq.net\/tr\/index.php?rest_route=\/wp\/v2\/posts\/86155\/revisions\/86157"}],"wp:featuredmedia":[{"embeddable":true,"href":"https:\/\/akunq.net\/tr\/index.php?rest_route=\/wp\/v2\/media\/86156"}],"wp:attachment":[{"href":"https:\/\/akunq.net\/tr\/index.php?rest_route=%2Fwp%2Fv2%2Fmedia&parent=86155"}],"wp:term":[{"taxonomy":"category","embeddable":true,"href":"https:\/\/akunq.net\/tr\/index.php?rest_route=%2Fwp%2Fv2%2Fcategories&post=86155"},{"taxonomy":"post_tag","embeddable":true,"href":"https:\/\/akunq.net\/tr\/index.php?rest_route=%2Fwp%2Fv2%2Ftags&post=86155"}],"curies":[{"name":"wp","href":"https:\/\/api.w.org\/{rel}","templated":true}]}}