{"id":86152,"date":"2026-04-27T02:53:19","date_gmt":"2026-04-27T07:53:19","guid":{"rendered":"https:\/\/akunq.net\/tr\/?p=86152"},"modified":"2026-04-27T02:53:20","modified_gmt":"2026-04-27T07:53:20","slug":"smyrnadan-gunumuze-ulasan-en-eski-levanten-mezar-tasi-bulundu","status":"publish","type":"post","link":"https:\/\/akunq.net\/tr\/?p=86152","title":{"rendered":"Smyrna\u2019dan g\u00fcn\u00fcm\u00fcze ula\u015fan en eski levanten mezar ta\u015f\u0131 bulundu"},"content":{"rendered":"\n<h2 class=\"wp-block-heading\"><em>\u0130zmirli levant ara\u015ft\u0131rmac\u0131 yazar Andrew Simes Smyrna\u2019da g\u00fcn\u00fcm\u00fcze ula\u015fan en eski Levanten mezar ta\u015f\u0131na ula\u015ft\u0131klar\u0131n\u0131 s\u00f6yledi. Buldu\u011fu yeni mezar ta\u015f\u0131yla \u0130zmir\u2019deki levanten varl\u0131\u011f\u0131n\u0131n \u00e7ok daha gerilere \u00e7ekilece\u011fini s\u00f6yleyen Simes, \u201cBu mezar ta\u015f\u0131, yaln\u0131zca Smyrna\u2019daki bilinen en eski Levanten mezar ta\u015f\u0131 olmakla kalmaz; ayn\u0131 zamanda Osmanl\u0131 d\u00f6neminde Levanten d\u00fcnyas\u0131n\u0131 \u015fekillendiren \u00e7ok katmanl\u0131 dilsel, k\u00fclt\u00fcrel ve diplomatik etkile\u015fimlerin de somut bir kan\u0131t\u0131d\u0131r\u201d dedi.<\/em><\/h2>\n\n\n\n<p><strong>S\u0130NAN GEN\u00c7\/<\/strong>&nbsp;\u0130zmirli levant ara\u015ft\u0131rmac\u0131 yazar Andrew Simes Smyrna\u2019da g\u00fcn\u00fcm\u00fcze ula\u015fan en eski Levanten mezar ta\u015f\u0131na ula\u015ft\u0131klar\u0131n\u0131 s\u00f6yledi. Kay\u0131tlara g\u00f6re \u0130zmir\u2019deki en eski levanten mezar ta\u015flar\u0131n\u0131n genellikle 17. ve 18. y\u00fczy\u0131llara dayand\u0131\u011f\u0131n\u0131 s\u00f6yleyen Simes, bu konuda \u00f6ne \u00e7\u0131kan en belirgin ve belgelenmi\u015f \u00f6rneklerden birinin 1796 y\u0131l\u0131nda vefat eden Daniel Jan de Hochepied\u2019e ait oldu\u011funu s\u00f6yledi. Simes, bug\u00fcne kadar bunun Alsancak\u2019taki Hollanda \u015eapeli mezarl\u0131\u011f\u0131nda bulunan bu lahitin oldu\u011fu san\u0131ld\u0131\u011f\u0131n\u0131 s\u00f6yledi.<\/p>\n\n\n\n<figure class=\"wp-block-image\"><img decoding=\"async\" src=\"https:\/\/i0.wp.com\/dokuzeylulcom.teimg.com\/dokuzeylul-com\/uploads\/2026\/04\/whatsapp-image-2026-04-10-at-095831-1.jpeg?ssl=1\" alt=\"Whatsapp Image 2026 04 10 At 09.58.31 (1)\"\/><\/figure>\n\n\n\n<p><a href=\"https:\/\/dokuzeylulcom.teimg.com\/dokuzeylul-com\/uploads\/2026\/04\/whatsapp-image-2026-04-10-at-095831-1.jpeg\"><\/a><\/p>\n\n\n\n<p>Yapt\u0131\u011f\u0131 ara\u015ft\u0131rmalar sonunda \u00f6nemli bir bulu\u015fa imza att\u0131\u011f\u0131n\u0131 s\u00f6yleyen Simes, \u201cKaraba\u011flar, Pa\u015fak\u00f6pr\u00fc, Bornova ve Buca\u2019daki tarihi Hristiyan mezarl\u0131klar\u0131nda ger\u00e7ekle\u015ftirdi\u011fim saha ara\u015ft\u0131rmas\u0131na y\u00f6n verdi ve sonunda dikkat \u00e7ekici bir yan\u0131t ortaya \u00e7\u0131kt\u0131. Smyrna\u2019daki Levanten topluluklar\u0131n varl\u0131\u011f\u0131, 16. y\u00fczy\u0131l\u0131n sonlar\u0131na kadar uzanmaktad\u0131r. 1598 y\u0131l\u0131na gelindi\u011finde Venedikliler, Frans\u0131zlar, Cenevizliler, \u0130ngilizler ve Hollandal\u0131lar gibi b\u00fcy\u00fck Avrupa g\u00fc\u00e7leri Smyrna\u2019da konsolosluklar kurmu\u015f, bu durum \u015fehrin kozmopolit bir ticaret merkezi olarak y\u00fckselen \u00f6nemini yans\u0131tm\u0131\u015ft\u0131r\u201d dedi. 1612 y\u0131l\u0131nda Osmanl\u0131 \u0130mparatorlu\u011fu ile Hollanda Cumhuriyeti aras\u0131nda imzalanan kapit\u00fclasyonlar ve ayn\u0131 d\u00f6nemde Hollanda \u015fapelinin in\u015fa edilmesinin, bu s\u00fcrecin \u00f6nemli bir a\u015famas\u0131n\u0131 olu\u015fturdu\u011funu s\u00f6yleyen Simes, \u201c\u0130\u015fte bu tarihsel ba\u011flam i\u00e7erisinde, g\u00fcn\u00fcm\u00fcze ula\u015fan en eski Levanten mezar ta\u015f\u0131n\u0131 tespit etmek m\u00fcmk\u00fcn oldu. Bu mezar, Hollanda\u2019n\u0131n Moerdijk b\u00f6lgesindeki Zevenbergen kasabas\u0131ndan Cornelius Vinck\u2019e aittir. Latince formu Sevenbergensis olan bu isim, Hollandaca \u201cZevenbergen\u201d (Yedi Da\u011f) ifadesinden t\u00fcretilmi\u015ftir. Zevenbergen\u2019in, Roma \u0130mparatorlu\u011fu d\u00f6neminde do\u011fal bir koruma sa\u011flayan tepelerden esinlenerek adland\u0131r\u0131ld\u0131\u011f\u0131 d\u00fc\u015f\u00fcn\u00fclmektedir\u201d diye konu\u015ftu. Simes, \u201cG\u00fcn\u00fcm\u00fcze kadar korunmu\u015f olan bu mezar ta\u015f\u0131, erken modern d\u00f6nemde Smyrna\u2019daki Levanten varl\u0131\u011f\u0131na dair hem tarihsel hem de dilbilimsel a\u00e7\u0131dan \u00f6nemli veriler sunmaktad\u0131r\u201d diye konu\u015ftu.<\/p>\n\n\n\n<p><a href=\"https:\/\/dokuzeylulcom.teimg.com\/dokuzeylul-com\/uploads\/2026\/04\/518076971-10172047080960217-8278510410440573949-n.jpg\"><\/a>Mezar ta\u015f\u0131ndaki yaz\u0131t \u015fu \u015fekildedir:<\/p>\n\n\n\n<p>\u201cVivus posuit sibi et posteris. Obiit die Sabbati.<br>A.XO.DOM.MDCLXIII.\u201d<\/p>\n\n\n\n<p>\u00c7eviri:<br>\u201cKendisi i\u00e7in ve gelecek nesiller i\u00e7in (bu mezar\u0131) hayattayken yapt\u0131rd\u0131. \u015eabat g\u00fcn\u00fc vefat etti.\u201d<\/p>\n\n\n\n<p>Son k\u0131s\u0131mdaki ifade, hem Latince kullan\u0131m hem de Yunanca k\u00f6kenli k\u0131saltmalar hakk\u0131nda bilgi sahibi olmay\u0131 gerektirir:<br>\u2022 A. (Anno) \u2013 \u201cY\u0131l\u0131nda\u201d<br>\u2022 Xo. (Christo \/ \u03a7\u03c1\u03b9\u03c3\u03c4\u1ff7) \u2013 \u201cMesih\u2019in\u201d (Yunanca Chi \u2013 \u03a7 harfi kullan\u0131larak)<br>\u2022 Dom. (Domini) \u2013 \u201cRabbin\u201d<br>\u2022 MDCLXIII \u2013 1663 (Romen rakamlar\u0131yla)<\/p>\n\n\n\n<p>Bu ifade \u015fu \u015fekilde \u00e7evrilebilir:<br>\u201cRab Mesih\u2019in y\u0131l\u0131 1663.\u201d<\/p>\n\n\n\n<p>Bu mezar ta\u015f\u0131, yaln\u0131zca Smyrna\u2019daki bilinen en eski Levanten mezar ta\u015f\u0131 olmakla kalmaz; ayn\u0131 zamanda Osmanl\u0131 d\u00f6neminde Levanten d\u00fcnyas\u0131n\u0131 \u015fekillendiren \u00e7ok katmanl\u0131 dilsel, k\u00fclt\u00fcrel ve diplomatik etkile\u015fimlerin de somut bir kan\u0131t\u0131d\u0131r.<\/p>\n\n\n\n<p><strong>Kaynak:&nbsp;<\/strong>HABER MERKEZ\u0130<\/p>\n\n\n\n<p><a href=\"https:\/\/www.dokuzeylul.com\/smyrnadan-gunumuze-ulasan-en-eski-levanten-mezar-tasi-bulundu\"><strong><em>https:\/\/www.dokuzeylul.com\/smyrnadan-gunumuze-ulasan-en-eski-levanten-mezar-tasi-bulundu<\/em><\/strong><\/a><\/p>\n","protected":false},"excerpt":{"rendered":"<p>\u0130zmirli levant ara\u015ft\u0131rmac\u0131 yazar Andrew Simes Smyrna\u2019da g\u00fcn\u00fcm\u00fcze ula\u015fan en eski Levanten mezar ta\u015f\u0131na ula\u015ft\u0131klar\u0131n\u0131 s\u00f6yledi. Buldu\u011fu yeni mezar ta\u015f\u0131yla \u0130zmir\u2019deki levanten varl\u0131\u011f\u0131n\u0131n \u00e7ok daha gerilere \u00e7ekilece\u011fini s\u00f6yleyen Simes, \u201cBu mezar ta\u015f\u0131, yaln\u0131zca Smyrna\u2019daki bilinen en eski Levanten mezar ta\u015f\u0131 olmakla kalmaz; ayn\u0131 zamanda Osmanl\u0131 d\u00f6neminde Levanten d\u00fcnyas\u0131n\u0131 \u015fekillendiren \u00e7ok katmanl\u0131 dilsel, k\u00fclt\u00fcrel ve diplomatik [&hellip;]<\/p>\n","protected":false},"author":1,"featured_media":86153,"comment_status":"open","ping_status":"open","sticky":false,"template":"","format":"standard","meta":{"footnotes":""},"categories":[1,33],"tags":[],"class_list":["post-86152","post","type-post","status-publish","format-standard","has-post-thumbnail","hentry","category-haberler","category-izmir"],"yoast_head":"<!-- This site is optimized with the Yoast SEO plugin v27.4 - https:\/\/yoast.com\/product\/yoast-seo-wordpress\/ -->\n<title>Smyrna\u2019dan g\u00fcn\u00fcm\u00fcze ula\u015fan en eski levanten mezar ta\u015f\u0131 bulundu - Bati Ermenistan Ve Bati Ermenileri Sorunlari Ara\u015ftirmalar Merkezi<\/title>\n<meta name=\"robots\" content=\"index, follow, max-snippet:-1, max-image-preview:large, max-video-preview:-1\" \/>\n<link rel=\"canonical\" href=\"https:\/\/akunq.net\/tr\/?p=86152\" \/>\n<meta property=\"og:locale\" content=\"en_US\" \/>\n<meta property=\"og:type\" content=\"article\" \/>\n<meta property=\"og:title\" content=\"Smyrna\u2019dan g\u00fcn\u00fcm\u00fcze ula\u015fan en eski levanten mezar ta\u015f\u0131 bulundu - Bati Ermenistan Ve Bati Ermenileri Sorunlari Ara\u015ftirmalar Merkezi\" \/>\n<meta property=\"og:description\" content=\"\u0130zmirli levant ara\u015ft\u0131rmac\u0131 yazar Andrew Simes Smyrna\u2019da g\u00fcn\u00fcm\u00fcze ula\u015fan en eski Levanten mezar ta\u015f\u0131na ula\u015ft\u0131klar\u0131n\u0131 s\u00f6yledi. Buldu\u011fu yeni mezar ta\u015f\u0131yla \u0130zmir\u2019deki levanten varl\u0131\u011f\u0131n\u0131n \u00e7ok daha gerilere \u00e7ekilece\u011fini s\u00f6yleyen Simes, \u201cBu mezar ta\u015f\u0131, yaln\u0131zca Smyrna\u2019daki bilinen en eski Levanten mezar ta\u015f\u0131 olmakla kalmaz; ayn\u0131 zamanda Osmanl\u0131 d\u00f6neminde Levanten d\u00fcnyas\u0131n\u0131 \u015fekillendiren \u00e7ok katmanl\u0131 dilsel, k\u00fclt\u00fcrel ve diplomatik [&hellip;]\" \/>\n<meta property=\"og:url\" content=\"https:\/\/akunq.net\/tr\/?p=86152\" \/>\n<meta property=\"og:site_name\" content=\"Bati Ermenistan Ve Bati Ermenileri Sorunlari Ara\u015ftirmalar Merkezi\" \/>\n<meta property=\"article:published_time\" content=\"2026-04-27T07:53:19+00:00\" \/>\n<meta property=\"article:modified_time\" content=\"2026-04-27T07:53:20+00:00\" \/>\n<meta property=\"og:image\" content=\"https:\/\/akunq.net\/tr\/wp-content\/uploads\/sites\/6\/2026\/04\/Smyrna.webp\" \/>\n\t<meta property=\"og:image:width\" content=\"1280\" \/>\n\t<meta property=\"og:image:height\" content=\"720\" \/>\n\t<meta property=\"og:image:type\" content=\"image\/webp\" \/>\n<meta name=\"author\" content=\"admin\" \/>\n<meta name=\"twitter:card\" content=\"summary_large_image\" \/>\n<meta name=\"twitter:label1\" content=\"Written by\" \/>\n\t<meta name=\"twitter:data1\" content=\"admin\" \/>\n\t<meta name=\"twitter:label2\" content=\"Est. reading time\" \/>\n\t<meta name=\"twitter:data2\" content=\"3 minutes\" \/>\n<script type=\"application\/ld+json\" class=\"yoast-schema-graph\">{\"@context\":\"https:\\\/\\\/schema.org\",\"@graph\":[{\"@type\":\"Article\",\"@id\":\"https:\\\/\\\/akunq.net\\\/tr\\\/?p=86152#article\",\"isPartOf\":{\"@id\":\"https:\\\/\\\/akunq.net\\\/tr\\\/?p=86152\"},\"author\":{\"name\":\"admin\",\"@id\":\"https:\\\/\\\/akunq.net\\\/tr\\\/#\\\/schema\\\/person\\\/42a46675f00a8f1e84520e8c56500de3\"},\"headline\":\"Smyrna\u2019dan g\u00fcn\u00fcm\u00fcze ula\u015fan en eski levanten mezar ta\u015f\u0131 bulundu\",\"datePublished\":\"2026-04-27T07:53:19+00:00\",\"dateModified\":\"2026-04-27T07:53:20+00:00\",\"mainEntityOfPage\":{\"@id\":\"https:\\\/\\\/akunq.net\\\/tr\\\/?p=86152\"},\"wordCount\":604,\"commentCount\":0,\"image\":{\"@id\":\"https:\\\/\\\/akunq.net\\\/tr\\\/?p=86152#primaryimage\"},\"thumbnailUrl\":\"https:\\\/\\\/akunq.net\\\/tr\\\/wp-content\\\/uploads\\\/sites\\\/6\\\/2026\\\/04\\\/Smyrna.webp\",\"articleSection\":[\"Haberler\",\"\u0130zmir\"],\"inLanguage\":\"en-US\",\"potentialAction\":[{\"@type\":\"CommentAction\",\"name\":\"Comment\",\"target\":[\"https:\\\/\\\/akunq.net\\\/tr\\\/?p=86152#respond\"]}]},{\"@type\":\"WebPage\",\"@id\":\"https:\\\/\\\/akunq.net\\\/tr\\\/?p=86152\",\"url\":\"https:\\\/\\\/akunq.net\\\/tr\\\/?p=86152\",\"name\":\"Smyrna\u2019dan g\u00fcn\u00fcm\u00fcze ula\u015fan en eski levanten mezar ta\u015f\u0131 bulundu - Bati Ermenistan Ve Bati Ermenileri Sorunlari Ara\u015ftirmalar Merkezi\",\"isPartOf\":{\"@id\":\"https:\\\/\\\/akunq.net\\\/tr\\\/#website\"},\"primaryImageOfPage\":{\"@id\":\"https:\\\/\\\/akunq.net\\\/tr\\\/?p=86152#primaryimage\"},\"image\":{\"@id\":\"https:\\\/\\\/akunq.net\\\/tr\\\/?p=86152#primaryimage\"},\"thumbnailUrl\":\"https:\\\/\\\/akunq.net\\\/tr\\\/wp-content\\\/uploads\\\/sites\\\/6\\\/2026\\\/04\\\/Smyrna.webp\",\"datePublished\":\"2026-04-27T07:53:19+00:00\",\"dateModified\":\"2026-04-27T07:53:20+00:00\",\"author\":{\"@id\":\"https:\\\/\\\/akunq.net\\\/tr\\\/#\\\/schema\\\/person\\\/42a46675f00a8f1e84520e8c56500de3\"},\"breadcrumb\":{\"@id\":\"https:\\\/\\\/akunq.net\\\/tr\\\/?p=86152#breadcrumb\"},\"inLanguage\":\"en-US\",\"potentialAction\":[{\"@type\":\"ReadAction\",\"target\":[\"https:\\\/\\\/akunq.net\\\/tr\\\/?p=86152\"]}]},{\"@type\":\"ImageObject\",\"inLanguage\":\"en-US\",\"@id\":\"https:\\\/\\\/akunq.net\\\/tr\\\/?p=86152#primaryimage\",\"url\":\"https:\\\/\\\/akunq.net\\\/tr\\\/wp-content\\\/uploads\\\/sites\\\/6\\\/2026\\\/04\\\/Smyrna.webp\",\"contentUrl\":\"https:\\\/\\\/akunq.net\\\/tr\\\/wp-content\\\/uploads\\\/sites\\\/6\\\/2026\\\/04\\\/Smyrna.webp\",\"width\":1280,\"height\":720},{\"@type\":\"BreadcrumbList\",\"@id\":\"https:\\\/\\\/akunq.net\\\/tr\\\/?p=86152#breadcrumb\",\"itemListElement\":[{\"@type\":\"ListItem\",\"position\":1,\"name\":\"Home\",\"item\":\"https:\\\/\\\/akunq.net\\\/tr\"},{\"@type\":\"ListItem\",\"position\":2,\"name\":\"Smyrna\u2019dan g\u00fcn\u00fcm\u00fcze ula\u015fan en eski levanten mezar ta\u015f\u0131 bulundu\"}]},{\"@type\":\"WebSite\",\"@id\":\"https:\\\/\\\/akunq.net\\\/tr\\\/#website\",\"url\":\"https:\\\/\\\/akunq.net\\\/tr\\\/\",\"name\":\"Bati Ermenistan Ve Bati Ermenileri Sorunlari Ara\u015ftirmalar Merkezi\",\"description\":\"\",\"potentialAction\":[{\"@type\":\"SearchAction\",\"target\":{\"@type\":\"EntryPoint\",\"urlTemplate\":\"https:\\\/\\\/akunq.net\\\/tr\\\/?s={search_term_string}\"},\"query-input\":{\"@type\":\"PropertyValueSpecification\",\"valueRequired\":true,\"valueName\":\"search_term_string\"}}],\"inLanguage\":\"en-US\"},{\"@type\":\"Person\",\"@id\":\"https:\\\/\\\/akunq.net\\\/tr\\\/#\\\/schema\\\/person\\\/42a46675f00a8f1e84520e8c56500de3\",\"name\":\"admin\",\"url\":\"https:\\\/\\\/akunq.net\\\/tr\\\/?author=1\"}]}<\/script>\n<!-- \/ Yoast SEO plugin. -->","yoast_head_json":{"title":"Smyrna\u2019dan g\u00fcn\u00fcm\u00fcze ula\u015fan en eski levanten mezar ta\u015f\u0131 bulundu - Bati Ermenistan Ve Bati Ermenileri Sorunlari Ara\u015ftirmalar Merkezi","robots":{"index":"index","follow":"follow","max-snippet":"max-snippet:-1","max-image-preview":"max-image-preview:large","max-video-preview":"max-video-preview:-1"},"canonical":"https:\/\/akunq.net\/tr\/?p=86152","og_locale":"en_US","og_type":"article","og_title":"Smyrna\u2019dan g\u00fcn\u00fcm\u00fcze ula\u015fan en eski levanten mezar ta\u015f\u0131 bulundu - Bati Ermenistan Ve Bati Ermenileri Sorunlari Ara\u015ftirmalar Merkezi","og_description":"\u0130zmirli levant ara\u015ft\u0131rmac\u0131 yazar Andrew Simes Smyrna\u2019da g\u00fcn\u00fcm\u00fcze ula\u015fan en eski Levanten mezar ta\u015f\u0131na ula\u015ft\u0131klar\u0131n\u0131 s\u00f6yledi. Buldu\u011fu yeni mezar ta\u015f\u0131yla \u0130zmir\u2019deki levanten varl\u0131\u011f\u0131n\u0131n \u00e7ok daha gerilere \u00e7ekilece\u011fini s\u00f6yleyen Simes, \u201cBu mezar ta\u015f\u0131, yaln\u0131zca Smyrna\u2019daki bilinen en eski Levanten mezar ta\u015f\u0131 olmakla kalmaz; ayn\u0131 zamanda Osmanl\u0131 d\u00f6neminde Levanten d\u00fcnyas\u0131n\u0131 \u015fekillendiren \u00e7ok katmanl\u0131 dilsel, k\u00fclt\u00fcrel ve diplomatik [&hellip;]","og_url":"https:\/\/akunq.net\/tr\/?p=86152","og_site_name":"Bati Ermenistan Ve Bati Ermenileri Sorunlari Ara\u015ftirmalar Merkezi","article_published_time":"2026-04-27T07:53:19+00:00","article_modified_time":"2026-04-27T07:53:20+00:00","og_image":[{"width":1280,"height":720,"url":"https:\/\/akunq.net\/tr\/wp-content\/uploads\/sites\/6\/2026\/04\/Smyrna.webp","type":"image\/webp"}],"author":"admin","twitter_card":"summary_large_image","twitter_misc":{"Written by":"admin","Est. reading time":"3 minutes"},"schema":{"@context":"https:\/\/schema.org","@graph":[{"@type":"Article","@id":"https:\/\/akunq.net\/tr\/?p=86152#article","isPartOf":{"@id":"https:\/\/akunq.net\/tr\/?p=86152"},"author":{"name":"admin","@id":"https:\/\/akunq.net\/tr\/#\/schema\/person\/42a46675f00a8f1e84520e8c56500de3"},"headline":"Smyrna\u2019dan g\u00fcn\u00fcm\u00fcze ula\u015fan en eski levanten mezar ta\u015f\u0131 bulundu","datePublished":"2026-04-27T07:53:19+00:00","dateModified":"2026-04-27T07:53:20+00:00","mainEntityOfPage":{"@id":"https:\/\/akunq.net\/tr\/?p=86152"},"wordCount":604,"commentCount":0,"image":{"@id":"https:\/\/akunq.net\/tr\/?p=86152#primaryimage"},"thumbnailUrl":"https:\/\/akunq.net\/tr\/wp-content\/uploads\/sites\/6\/2026\/04\/Smyrna.webp","articleSection":["Haberler","\u0130zmir"],"inLanguage":"en-US","potentialAction":[{"@type":"CommentAction","name":"Comment","target":["https:\/\/akunq.net\/tr\/?p=86152#respond"]}]},{"@type":"WebPage","@id":"https:\/\/akunq.net\/tr\/?p=86152","url":"https:\/\/akunq.net\/tr\/?p=86152","name":"Smyrna\u2019dan g\u00fcn\u00fcm\u00fcze ula\u015fan en eski levanten mezar ta\u015f\u0131 bulundu - Bati Ermenistan Ve Bati Ermenileri Sorunlari Ara\u015ftirmalar Merkezi","isPartOf":{"@id":"https:\/\/akunq.net\/tr\/#website"},"primaryImageOfPage":{"@id":"https:\/\/akunq.net\/tr\/?p=86152#primaryimage"},"image":{"@id":"https:\/\/akunq.net\/tr\/?p=86152#primaryimage"},"thumbnailUrl":"https:\/\/akunq.net\/tr\/wp-content\/uploads\/sites\/6\/2026\/04\/Smyrna.webp","datePublished":"2026-04-27T07:53:19+00:00","dateModified":"2026-04-27T07:53:20+00:00","author":{"@id":"https:\/\/akunq.net\/tr\/#\/schema\/person\/42a46675f00a8f1e84520e8c56500de3"},"breadcrumb":{"@id":"https:\/\/akunq.net\/tr\/?p=86152#breadcrumb"},"inLanguage":"en-US","potentialAction":[{"@type":"ReadAction","target":["https:\/\/akunq.net\/tr\/?p=86152"]}]},{"@type":"ImageObject","inLanguage":"en-US","@id":"https:\/\/akunq.net\/tr\/?p=86152#primaryimage","url":"https:\/\/akunq.net\/tr\/wp-content\/uploads\/sites\/6\/2026\/04\/Smyrna.webp","contentUrl":"https:\/\/akunq.net\/tr\/wp-content\/uploads\/sites\/6\/2026\/04\/Smyrna.webp","width":1280,"height":720},{"@type":"BreadcrumbList","@id":"https:\/\/akunq.net\/tr\/?p=86152#breadcrumb","itemListElement":[{"@type":"ListItem","position":1,"name":"Home","item":"https:\/\/akunq.net\/tr"},{"@type":"ListItem","position":2,"name":"Smyrna\u2019dan g\u00fcn\u00fcm\u00fcze ula\u015fan en eski levanten mezar ta\u015f\u0131 bulundu"}]},{"@type":"WebSite","@id":"https:\/\/akunq.net\/tr\/#website","url":"https:\/\/akunq.net\/tr\/","name":"Bati Ermenistan Ve Bati Ermenileri Sorunlari Ara\u015ftirmalar Merkezi","description":"","potentialAction":[{"@type":"SearchAction","target":{"@type":"EntryPoint","urlTemplate":"https:\/\/akunq.net\/tr\/?s={search_term_string}"},"query-input":{"@type":"PropertyValueSpecification","valueRequired":true,"valueName":"search_term_string"}}],"inLanguage":"en-US"},{"@type":"Person","@id":"https:\/\/akunq.net\/tr\/#\/schema\/person\/42a46675f00a8f1e84520e8c56500de3","name":"admin","url":"https:\/\/akunq.net\/tr\/?author=1"}]}},"_links":{"self":[{"href":"https:\/\/akunq.net\/tr\/index.php?rest_route=\/wp\/v2\/posts\/86152","targetHints":{"allow":["GET"]}}],"collection":[{"href":"https:\/\/akunq.net\/tr\/index.php?rest_route=\/wp\/v2\/posts"}],"about":[{"href":"https:\/\/akunq.net\/tr\/index.php?rest_route=\/wp\/v2\/types\/post"}],"author":[{"embeddable":true,"href":"https:\/\/akunq.net\/tr\/index.php?rest_route=\/wp\/v2\/users\/1"}],"replies":[{"embeddable":true,"href":"https:\/\/akunq.net\/tr\/index.php?rest_route=%2Fwp%2Fv2%2Fcomments&post=86152"}],"version-history":[{"count":1,"href":"https:\/\/akunq.net\/tr\/index.php?rest_route=\/wp\/v2\/posts\/86152\/revisions"}],"predecessor-version":[{"id":86154,"href":"https:\/\/akunq.net\/tr\/index.php?rest_route=\/wp\/v2\/posts\/86152\/revisions\/86154"}],"wp:featuredmedia":[{"embeddable":true,"href":"https:\/\/akunq.net\/tr\/index.php?rest_route=\/wp\/v2\/media\/86153"}],"wp:attachment":[{"href":"https:\/\/akunq.net\/tr\/index.php?rest_route=%2Fwp%2Fv2%2Fmedia&parent=86152"}],"wp:term":[{"taxonomy":"category","embeddable":true,"href":"https:\/\/akunq.net\/tr\/index.php?rest_route=%2Fwp%2Fv2%2Fcategories&post=86152"},{"taxonomy":"post_tag","embeddable":true,"href":"https:\/\/akunq.net\/tr\/index.php?rest_route=%2Fwp%2Fv2%2Ftags&post=86152"}],"curies":[{"name":"wp","href":"https:\/\/api.w.org\/{rel}","templated":true}]}}