{"id":86146,"date":"2026-04-27T02:17:09","date_gmt":"2026-04-27T07:17:09","guid":{"rendered":"https:\/\/akunq.net\/tr\/?p=86146"},"modified":"2026-04-27T02:17:09","modified_gmt":"2026-04-27T07:17:09","slug":"trump-gecmisin-korkunc-trajedilerini-asarak-ermeni-halkinin-gosterdigi-guce-ve-kararliliga-saygi-duyuyoruz","status":"publish","type":"post","link":"https:\/\/akunq.net\/tr\/?p=86146","title":{"rendered":"Trump: &#8220;Ge\u00e7mi\u015fin korkun\u00e7 trajedilerini a\u015farak Ermeni halk\u0131n\u0131n g\u00f6sterdi\u011fi g\u00fcce ve kararl\u0131l\u0131\u011fa sayg\u0131 duyuyoruz&#8221;"},"content":{"rendered":"\n<p><strong><em> ABD Devlet Ba\u015fkan\u0131 Donald Trump, Ermeni Soyk\u0131r\u0131m\u0131\u2019n\u0131n 111. y\u0131ld\u00f6n\u00fcm\u00fc dolay\u0131s\u0131yla bir mesaj yay\u0131mlad\u0131. Armenpress\u2019in aktard\u0131\u011f\u0131na g\u00f6re mesajda \u015f\u00f6yle denildi:<\/em><\/strong><\/p>\n\n\n\n<p>\u201cBug\u00fcn, B\u00fcy\u00fck Felaket s\u0131ras\u0131nda zorla yerinden edilmeye ve vah\u015fi katliamlara maruz kalan say\u0131s\u0131z Ermeninin an\u0131s\u0131n\u0131 sayg\u0131yla an\u0131yoruz. Bu anma g\u00fcn\u00fcnde, bir as\u0131rdan fazla s\u00fcre \u00f6nce meydana gelen y\u0131k\u0131c\u0131 olaylara adanm\u0131\u015f olan ve bug\u00fcn h\u00e2l\u00e2 bu topluluklar\u0131n kolektif haf\u0131zas\u0131nda ya\u015fayan bu g\u00fcnde, her bir Amerikan Ermenisi ve d\u00fcnyan\u0131n farkl\u0131 \u00fclkelerinde ya\u015fayan Ermenilerle sars\u0131lmaz dayan\u0131\u015fmam\u0131z\u0131 ifade ediyoruz.<\/p>\n\n\n\n<p>\u0130nsanl\u0131k tarihinin bu a\u011f\u0131r sayfas\u0131, Ermeni halk\u0131n\u0131n sars\u0131lmaz ruhunun ve Hristiyanl\u0131\u011f\u0131n merkezinde yer alan umudun bir tan\u0131kl\u0131\u011f\u0131 olarak sonsuza dek kalacakt\u0131r. Ermeni halk\u0131n\u0131n ge\u00e7mi\u015fin korkun\u00e7 trajedilerini a\u015farak g\u00f6sterdi\u011fi g\u00fc\u00e7 ve kararl\u0131l\u0131\u011f\u0131 ve s\u00fcrd\u00fcr\u00fclebilir refah, g\u00fcvenlik ve bar\u0131\u015fla karakterize edilen daha iyi bir gelecek in\u015fa etmesini sayg\u0131yla an\u0131yoruz. Onlar\u0131n yan\u0131nda durma taahh\u00fcd\u00fcm\u00fcz\u00fc yeniden teyit ediyoruz.<\/p>\n\n\n\n<p>Amerika Birle\u015fik Devletleri ve Ermenistan, daha g\u00fcvenli ve daha m\u00fcreffeh bir d\u00fcnya in\u015fa etmeye y\u00f6nelik \u00e7abalar\u0131n\u0131 birlikte s\u00fcrd\u00fcrmeye devam edecektir. Y\u00f6netimim, Ermeni halk\u0131 i\u00e7in \u00f6nemli f\u0131rsatlar yaratarak ve G\u00fcney Kafkasya\u2019da istikrarl\u0131 ve kal\u0131c\u0131 istikrar\u0131n tesisine katk\u0131da bulunarak stratejik ortakl\u0131\u011f\u0131m\u0131z\u0131 g\u00fc\u00e7lendirmektedir. Ve \u015fimdi Amerikal\u0131lar ve Ermeniler, g\u00fc\u00e7 \u00fczerine kurulu yeni bir bar\u0131\u015f \u00e7a\u011f\u0131n\u0131 ba\u015flatmak y\u00f6n\u00fcndeki ortak hedefimiz etraf\u0131nda birle\u015ferek, Bar\u0131\u015f Konseyi\u2019nin tarihi platformunda yan yana durmaktad\u0131r.<\/p>\n\n\n\n<p>Ermeni Anma G\u00fcn\u00fc\u2019nde, B\u00fcy\u00fck Felaket s\u0131ras\u0131nda hayat\u0131n\u0131 kaybeden masum kurbanlar\u0131n yas\u0131n\u0131 tutarken, masumlar\u0131 koruma, t\u00fcm halklar aras\u0131nda bar\u0131\u015f\u0131 te\u015fvik etme ve bizi her s\u0131navda ve zaferde koruyan Y\u00fcce Tanr\u0131\u2019ya derin sayg\u0131 duyma y\u00f6n\u00fcndeki kutsal \u00e7a\u011fr\u0131m\u0131z\u0131 yeniden teyit ediyoruz.\u201d<\/p>\n\n\n\n<p><a href=\"https:\/\/armenpress.am\/tr\/article\/1248447\"><strong><em>https:\/\/armenpress.am\/tr\/article\/1248447<\/em><\/strong><\/a><\/p>\n\n\n\n<p><\/p>\n","protected":false},"excerpt":{"rendered":"<p>ABD Devlet Ba\u015fkan\u0131 Donald Trump, Ermeni Soyk\u0131r\u0131m\u0131\u2019n\u0131n 111. y\u0131ld\u00f6n\u00fcm\u00fc dolay\u0131s\u0131yla bir mesaj yay\u0131mlad\u0131. Armenpress\u2019in aktard\u0131\u011f\u0131na g\u00f6re mesajda \u015f\u00f6yle denildi: \u201cBug\u00fcn, B\u00fcy\u00fck Felaket s\u0131ras\u0131nda zorla yerinden edilmeye ve vah\u015fi katliamlara maruz kalan say\u0131s\u0131z Ermeninin an\u0131s\u0131n\u0131 sayg\u0131yla an\u0131yoruz. Bu anma g\u00fcn\u00fcnde, bir as\u0131rdan fazla s\u00fcre \u00f6nce meydana gelen y\u0131k\u0131c\u0131 olaylara adanm\u0131\u015f olan ve bug\u00fcn h\u00e2l\u00e2 bu topluluklar\u0131n [&hellip;]<\/p>\n","protected":false},"author":1,"featured_media":86147,"comment_status":"open","ping_status":"open","sticky":false,"template":"","format":"standard","meta":{"footnotes":""},"categories":[44,1],"tags":[],"class_list":["post-86146","post","type-post","status-publish","format-standard","has-post-thumbnail","hentry","category-ermeni-soykirimi","category-haberler"],"yoast_head":"<!-- This site is optimized with the Yoast SEO plugin v27.4 - https:\/\/yoast.com\/product\/yoast-seo-wordpress\/ -->\n<title>Trump: &quot;Ge\u00e7mi\u015fin korkun\u00e7 trajedilerini a\u015farak Ermeni halk\u0131n\u0131n g\u00f6sterdi\u011fi g\u00fcce ve kararl\u0131l\u0131\u011fa sayg\u0131 duyuyoruz&quot; - Bati Ermenistan Ve Bati Ermenileri Sorunlari Ara\u015ftirmalar Merkezi<\/title>\n<meta name=\"robots\" content=\"index, follow, max-snippet:-1, max-image-preview:large, max-video-preview:-1\" \/>\n<link rel=\"canonical\" href=\"https:\/\/akunq.net\/tr\/?p=86146\" \/>\n<meta property=\"og:locale\" content=\"en_US\" \/>\n<meta property=\"og:type\" content=\"article\" \/>\n<meta property=\"og:title\" content=\"Trump: &quot;Ge\u00e7mi\u015fin korkun\u00e7 trajedilerini a\u015farak Ermeni halk\u0131n\u0131n g\u00f6sterdi\u011fi g\u00fcce ve kararl\u0131l\u0131\u011fa sayg\u0131 duyuyoruz&quot; - Bati Ermenistan Ve Bati Ermenileri Sorunlari Ara\u015ftirmalar Merkezi\" \/>\n<meta property=\"og:description\" content=\"ABD Devlet Ba\u015fkan\u0131 Donald Trump, Ermeni Soyk\u0131r\u0131m\u0131\u2019n\u0131n 111. y\u0131ld\u00f6n\u00fcm\u00fc dolay\u0131s\u0131yla bir mesaj yay\u0131mlad\u0131. Armenpress\u2019in aktard\u0131\u011f\u0131na g\u00f6re mesajda \u015f\u00f6yle denildi: \u201cBug\u00fcn, B\u00fcy\u00fck Felaket s\u0131ras\u0131nda zorla yerinden edilmeye ve vah\u015fi katliamlara maruz kalan say\u0131s\u0131z Ermeninin an\u0131s\u0131n\u0131 sayg\u0131yla an\u0131yoruz. Bu anma g\u00fcn\u00fcnde, bir as\u0131rdan fazla s\u00fcre \u00f6nce meydana gelen y\u0131k\u0131c\u0131 olaylara adanm\u0131\u015f olan ve bug\u00fcn h\u00e2l\u00e2 bu topluluklar\u0131n [&hellip;]\" \/>\n<meta property=\"og:url\" content=\"https:\/\/akunq.net\/tr\/?p=86146\" \/>\n<meta property=\"og:site_name\" content=\"Bati Ermenistan Ve Bati Ermenileri Sorunlari Ara\u015ftirmalar Merkezi\" \/>\n<meta property=\"article:published_time\" content=\"2026-04-27T07:17:09+00:00\" \/>\n<meta property=\"og:image\" content=\"https:\/\/akunq.net\/tr\/wp-content\/uploads\/sites\/6\/2026\/04\/Trump.jpg\" \/>\n\t<meta property=\"og:image:width\" content=\"1024\" \/>\n\t<meta property=\"og:image:height\" content=\"576\" \/>\n\t<meta property=\"og:image:type\" content=\"image\/jpeg\" \/>\n<meta name=\"author\" content=\"admin\" \/>\n<meta name=\"twitter:card\" content=\"summary_large_image\" \/>\n<meta name=\"twitter:label1\" content=\"Written by\" \/>\n\t<meta name=\"twitter:data1\" content=\"admin\" \/>\n\t<meta name=\"twitter:label2\" content=\"Est. reading time\" \/>\n\t<meta name=\"twitter:data2\" content=\"2 minutes\" \/>\n<script type=\"application\/ld+json\" class=\"yoast-schema-graph\">{\"@context\":\"https:\\\/\\\/schema.org\",\"@graph\":[{\"@type\":\"Article\",\"@id\":\"https:\\\/\\\/akunq.net\\\/tr\\\/?p=86146#article\",\"isPartOf\":{\"@id\":\"https:\\\/\\\/akunq.net\\\/tr\\\/?p=86146\"},\"author\":{\"name\":\"admin\",\"@id\":\"https:\\\/\\\/akunq.net\\\/tr\\\/#\\\/schema\\\/person\\\/42a46675f00a8f1e84520e8c56500de3\"},\"headline\":\"Trump: &#8220;Ge\u00e7mi\u015fin korkun\u00e7 trajedilerini a\u015farak Ermeni halk\u0131n\u0131n g\u00f6sterdi\u011fi g\u00fcce ve kararl\u0131l\u0131\u011fa sayg\u0131 duyuyoruz&#8221;\",\"datePublished\":\"2026-04-27T07:17:09+00:00\",\"mainEntityOfPage\":{\"@id\":\"https:\\\/\\\/akunq.net\\\/tr\\\/?p=86146\"},\"wordCount\":381,\"commentCount\":0,\"image\":{\"@id\":\"https:\\\/\\\/akunq.net\\\/tr\\\/?p=86146#primaryimage\"},\"thumbnailUrl\":\"https:\\\/\\\/akunq.net\\\/tr\\\/wp-content\\\/uploads\\\/sites\\\/6\\\/2026\\\/04\\\/Trump.jpg\",\"articleSection\":[\"Ermeni Soyk\u0131r\u0131m\u0131\",\"Haberler\"],\"inLanguage\":\"en-US\",\"potentialAction\":[{\"@type\":\"CommentAction\",\"name\":\"Comment\",\"target\":[\"https:\\\/\\\/akunq.net\\\/tr\\\/?p=86146#respond\"]}]},{\"@type\":\"WebPage\",\"@id\":\"https:\\\/\\\/akunq.net\\\/tr\\\/?p=86146\",\"url\":\"https:\\\/\\\/akunq.net\\\/tr\\\/?p=86146\",\"name\":\"Trump: \\\"Ge\u00e7mi\u015fin korkun\u00e7 trajedilerini a\u015farak Ermeni halk\u0131n\u0131n g\u00f6sterdi\u011fi g\u00fcce ve kararl\u0131l\u0131\u011fa sayg\u0131 duyuyoruz\\\" - Bati Ermenistan Ve Bati Ermenileri Sorunlari Ara\u015ftirmalar Merkezi\",\"isPartOf\":{\"@id\":\"https:\\\/\\\/akunq.net\\\/tr\\\/#website\"},\"primaryImageOfPage\":{\"@id\":\"https:\\\/\\\/akunq.net\\\/tr\\\/?p=86146#primaryimage\"},\"image\":{\"@id\":\"https:\\\/\\\/akunq.net\\\/tr\\\/?p=86146#primaryimage\"},\"thumbnailUrl\":\"https:\\\/\\\/akunq.net\\\/tr\\\/wp-content\\\/uploads\\\/sites\\\/6\\\/2026\\\/04\\\/Trump.jpg\",\"datePublished\":\"2026-04-27T07:17:09+00:00\",\"author\":{\"@id\":\"https:\\\/\\\/akunq.net\\\/tr\\\/#\\\/schema\\\/person\\\/42a46675f00a8f1e84520e8c56500de3\"},\"breadcrumb\":{\"@id\":\"https:\\\/\\\/akunq.net\\\/tr\\\/?p=86146#breadcrumb\"},\"inLanguage\":\"en-US\",\"potentialAction\":[{\"@type\":\"ReadAction\",\"target\":[\"https:\\\/\\\/akunq.net\\\/tr\\\/?p=86146\"]}]},{\"@type\":\"ImageObject\",\"inLanguage\":\"en-US\",\"@id\":\"https:\\\/\\\/akunq.net\\\/tr\\\/?p=86146#primaryimage\",\"url\":\"https:\\\/\\\/akunq.net\\\/tr\\\/wp-content\\\/uploads\\\/sites\\\/6\\\/2026\\\/04\\\/Trump.jpg\",\"contentUrl\":\"https:\\\/\\\/akunq.net\\\/tr\\\/wp-content\\\/uploads\\\/sites\\\/6\\\/2026\\\/04\\\/Trump.jpg\",\"width\":1024,\"height\":576},{\"@type\":\"BreadcrumbList\",\"@id\":\"https:\\\/\\\/akunq.net\\\/tr\\\/?p=86146#breadcrumb\",\"itemListElement\":[{\"@type\":\"ListItem\",\"position\":1,\"name\":\"Home\",\"item\":\"https:\\\/\\\/akunq.net\\\/tr\"},{\"@type\":\"ListItem\",\"position\":2,\"name\":\"Trump: &#8220;Ge\u00e7mi\u015fin korkun\u00e7 trajedilerini a\u015farak Ermeni halk\u0131n\u0131n g\u00f6sterdi\u011fi g\u00fcce ve kararl\u0131l\u0131\u011fa sayg\u0131 duyuyoruz&#8221;\"}]},{\"@type\":\"WebSite\",\"@id\":\"https:\\\/\\\/akunq.net\\\/tr\\\/#website\",\"url\":\"https:\\\/\\\/akunq.net\\\/tr\\\/\",\"name\":\"Bati Ermenistan Ve Bati Ermenileri Sorunlari Ara\u015ftirmalar Merkezi\",\"description\":\"\",\"potentialAction\":[{\"@type\":\"SearchAction\",\"target\":{\"@type\":\"EntryPoint\",\"urlTemplate\":\"https:\\\/\\\/akunq.net\\\/tr\\\/?s={search_term_string}\"},\"query-input\":{\"@type\":\"PropertyValueSpecification\",\"valueRequired\":true,\"valueName\":\"search_term_string\"}}],\"inLanguage\":\"en-US\"},{\"@type\":\"Person\",\"@id\":\"https:\\\/\\\/akunq.net\\\/tr\\\/#\\\/schema\\\/person\\\/42a46675f00a8f1e84520e8c56500de3\",\"name\":\"admin\",\"url\":\"https:\\\/\\\/akunq.net\\\/tr\\\/?author=1\"}]}<\/script>\n<!-- \/ Yoast SEO plugin. -->","yoast_head_json":{"title":"Trump: \"Ge\u00e7mi\u015fin korkun\u00e7 trajedilerini a\u015farak Ermeni halk\u0131n\u0131n g\u00f6sterdi\u011fi g\u00fcce ve kararl\u0131l\u0131\u011fa sayg\u0131 duyuyoruz\" - Bati Ermenistan Ve Bati Ermenileri Sorunlari Ara\u015ftirmalar Merkezi","robots":{"index":"index","follow":"follow","max-snippet":"max-snippet:-1","max-image-preview":"max-image-preview:large","max-video-preview":"max-video-preview:-1"},"canonical":"https:\/\/akunq.net\/tr\/?p=86146","og_locale":"en_US","og_type":"article","og_title":"Trump: \"Ge\u00e7mi\u015fin korkun\u00e7 trajedilerini a\u015farak Ermeni halk\u0131n\u0131n g\u00f6sterdi\u011fi g\u00fcce ve kararl\u0131l\u0131\u011fa sayg\u0131 duyuyoruz\" - Bati Ermenistan Ve Bati Ermenileri Sorunlari Ara\u015ftirmalar Merkezi","og_description":"ABD Devlet Ba\u015fkan\u0131 Donald Trump, Ermeni Soyk\u0131r\u0131m\u0131\u2019n\u0131n 111. y\u0131ld\u00f6n\u00fcm\u00fc dolay\u0131s\u0131yla bir mesaj yay\u0131mlad\u0131. Armenpress\u2019in aktard\u0131\u011f\u0131na g\u00f6re mesajda \u015f\u00f6yle denildi: \u201cBug\u00fcn, B\u00fcy\u00fck Felaket s\u0131ras\u0131nda zorla yerinden edilmeye ve vah\u015fi katliamlara maruz kalan say\u0131s\u0131z Ermeninin an\u0131s\u0131n\u0131 sayg\u0131yla an\u0131yoruz. Bu anma g\u00fcn\u00fcnde, bir as\u0131rdan fazla s\u00fcre \u00f6nce meydana gelen y\u0131k\u0131c\u0131 olaylara adanm\u0131\u015f olan ve bug\u00fcn h\u00e2l\u00e2 bu topluluklar\u0131n [&hellip;]","og_url":"https:\/\/akunq.net\/tr\/?p=86146","og_site_name":"Bati Ermenistan Ve Bati Ermenileri Sorunlari Ara\u015ftirmalar Merkezi","article_published_time":"2026-04-27T07:17:09+00:00","og_image":[{"width":1024,"height":576,"url":"https:\/\/akunq.net\/tr\/wp-content\/uploads\/sites\/6\/2026\/04\/Trump.jpg","type":"image\/jpeg"}],"author":"admin","twitter_card":"summary_large_image","twitter_misc":{"Written by":"admin","Est. reading time":"2 minutes"},"schema":{"@context":"https:\/\/schema.org","@graph":[{"@type":"Article","@id":"https:\/\/akunq.net\/tr\/?p=86146#article","isPartOf":{"@id":"https:\/\/akunq.net\/tr\/?p=86146"},"author":{"name":"admin","@id":"https:\/\/akunq.net\/tr\/#\/schema\/person\/42a46675f00a8f1e84520e8c56500de3"},"headline":"Trump: &#8220;Ge\u00e7mi\u015fin korkun\u00e7 trajedilerini a\u015farak Ermeni halk\u0131n\u0131n g\u00f6sterdi\u011fi g\u00fcce ve kararl\u0131l\u0131\u011fa sayg\u0131 duyuyoruz&#8221;","datePublished":"2026-04-27T07:17:09+00:00","mainEntityOfPage":{"@id":"https:\/\/akunq.net\/tr\/?p=86146"},"wordCount":381,"commentCount":0,"image":{"@id":"https:\/\/akunq.net\/tr\/?p=86146#primaryimage"},"thumbnailUrl":"https:\/\/akunq.net\/tr\/wp-content\/uploads\/sites\/6\/2026\/04\/Trump.jpg","articleSection":["Ermeni Soyk\u0131r\u0131m\u0131","Haberler"],"inLanguage":"en-US","potentialAction":[{"@type":"CommentAction","name":"Comment","target":["https:\/\/akunq.net\/tr\/?p=86146#respond"]}]},{"@type":"WebPage","@id":"https:\/\/akunq.net\/tr\/?p=86146","url":"https:\/\/akunq.net\/tr\/?p=86146","name":"Trump: \"Ge\u00e7mi\u015fin korkun\u00e7 trajedilerini a\u015farak Ermeni halk\u0131n\u0131n g\u00f6sterdi\u011fi g\u00fcce ve kararl\u0131l\u0131\u011fa sayg\u0131 duyuyoruz\" - Bati Ermenistan Ve Bati Ermenileri Sorunlari Ara\u015ftirmalar Merkezi","isPartOf":{"@id":"https:\/\/akunq.net\/tr\/#website"},"primaryImageOfPage":{"@id":"https:\/\/akunq.net\/tr\/?p=86146#primaryimage"},"image":{"@id":"https:\/\/akunq.net\/tr\/?p=86146#primaryimage"},"thumbnailUrl":"https:\/\/akunq.net\/tr\/wp-content\/uploads\/sites\/6\/2026\/04\/Trump.jpg","datePublished":"2026-04-27T07:17:09+00:00","author":{"@id":"https:\/\/akunq.net\/tr\/#\/schema\/person\/42a46675f00a8f1e84520e8c56500de3"},"breadcrumb":{"@id":"https:\/\/akunq.net\/tr\/?p=86146#breadcrumb"},"inLanguage":"en-US","potentialAction":[{"@type":"ReadAction","target":["https:\/\/akunq.net\/tr\/?p=86146"]}]},{"@type":"ImageObject","inLanguage":"en-US","@id":"https:\/\/akunq.net\/tr\/?p=86146#primaryimage","url":"https:\/\/akunq.net\/tr\/wp-content\/uploads\/sites\/6\/2026\/04\/Trump.jpg","contentUrl":"https:\/\/akunq.net\/tr\/wp-content\/uploads\/sites\/6\/2026\/04\/Trump.jpg","width":1024,"height":576},{"@type":"BreadcrumbList","@id":"https:\/\/akunq.net\/tr\/?p=86146#breadcrumb","itemListElement":[{"@type":"ListItem","position":1,"name":"Home","item":"https:\/\/akunq.net\/tr"},{"@type":"ListItem","position":2,"name":"Trump: &#8220;Ge\u00e7mi\u015fin korkun\u00e7 trajedilerini a\u015farak Ermeni halk\u0131n\u0131n g\u00f6sterdi\u011fi g\u00fcce ve kararl\u0131l\u0131\u011fa sayg\u0131 duyuyoruz&#8221;"}]},{"@type":"WebSite","@id":"https:\/\/akunq.net\/tr\/#website","url":"https:\/\/akunq.net\/tr\/","name":"Bati Ermenistan Ve Bati Ermenileri Sorunlari Ara\u015ftirmalar Merkezi","description":"","potentialAction":[{"@type":"SearchAction","target":{"@type":"EntryPoint","urlTemplate":"https:\/\/akunq.net\/tr\/?s={search_term_string}"},"query-input":{"@type":"PropertyValueSpecification","valueRequired":true,"valueName":"search_term_string"}}],"inLanguage":"en-US"},{"@type":"Person","@id":"https:\/\/akunq.net\/tr\/#\/schema\/person\/42a46675f00a8f1e84520e8c56500de3","name":"admin","url":"https:\/\/akunq.net\/tr\/?author=1"}]}},"_links":{"self":[{"href":"https:\/\/akunq.net\/tr\/index.php?rest_route=\/wp\/v2\/posts\/86146","targetHints":{"allow":["GET"]}}],"collection":[{"href":"https:\/\/akunq.net\/tr\/index.php?rest_route=\/wp\/v2\/posts"}],"about":[{"href":"https:\/\/akunq.net\/tr\/index.php?rest_route=\/wp\/v2\/types\/post"}],"author":[{"embeddable":true,"href":"https:\/\/akunq.net\/tr\/index.php?rest_route=\/wp\/v2\/users\/1"}],"replies":[{"embeddable":true,"href":"https:\/\/akunq.net\/tr\/index.php?rest_route=%2Fwp%2Fv2%2Fcomments&post=86146"}],"version-history":[{"count":1,"href":"https:\/\/akunq.net\/tr\/index.php?rest_route=\/wp\/v2\/posts\/86146\/revisions"}],"predecessor-version":[{"id":86148,"href":"https:\/\/akunq.net\/tr\/index.php?rest_route=\/wp\/v2\/posts\/86146\/revisions\/86148"}],"wp:featuredmedia":[{"embeddable":true,"href":"https:\/\/akunq.net\/tr\/index.php?rest_route=\/wp\/v2\/media\/86147"}],"wp:attachment":[{"href":"https:\/\/akunq.net\/tr\/index.php?rest_route=%2Fwp%2Fv2%2Fmedia&parent=86146"}],"wp:term":[{"taxonomy":"category","embeddable":true,"href":"https:\/\/akunq.net\/tr\/index.php?rest_route=%2Fwp%2Fv2%2Fcategories&post=86146"},{"taxonomy":"post_tag","embeddable":true,"href":"https:\/\/akunq.net\/tr\/index.php?rest_route=%2Fwp%2Fv2%2Ftags&post=86146"}],"curies":[{"name":"wp","href":"https:\/\/api.w.org\/{rel}","templated":true}]}}