{"id":86143,"date":"2026-04-27T01:29:23","date_gmt":"2026-04-27T06:29:23","guid":{"rendered":"https:\/\/akunq.net\/tr\/?p=86143"},"modified":"2026-04-27T01:29:23","modified_gmt":"2026-04-27T06:29:23","slug":"gurcistandaki-ermeni-toplumuna-turkiye-buyukelciligi-onunde-eylem-izni-verilmedi","status":"publish","type":"post","link":"https:\/\/akunq.net\/tr\/?p=86143","title":{"rendered":"G\u00fcrcistan\u2019daki Ermeni toplumuna T\u00fcrkiye B\u00fcy\u00fckel\u00e7ili\u011fi \u00f6n\u00fcnde eylem izni verilmedi"},"content":{"rendered":"\n<p><em><strong>G\u00fcrcistan\u2019daki Ermeni toplumu, 24 Nisan Ermeni Soyk\u0131r\u0131m\u0131 anma g\u00fcn\u00fc kapsam\u0131nda T\u00fcrkiye B\u00fcy\u00fckel\u00e7ili\u011fi \u00f6n\u00fcnde d\u00fczenlemek istedikleri bar\u0131\u015f\u00e7\u0131l g\u00f6steriye izin verilmedi\u011fini a\u00e7\u0131klad\u0131.<\/strong><\/em><\/p>\n\n\n\n<p>Ekhokavkaza.com\u2019un aktard\u0131\u011f\u0131na g\u00f6re, topluluk temsilcisi Janeta Ba\u011fdasaryan, gerekli ba\u015fvurular\u0131n zaman\u0131nda belediye ve \u0130\u00e7i\u015fleri Bakanl\u0131\u011f\u0131\u2019na yap\u0131ld\u0131\u011f\u0131n\u0131, ancak taleplerinin reddedildi\u011fini belirtti.<\/p>\n\n\n\n<p>Resmi yan\u0131tta, G\u00fcrcistan\u2019daki \u201cToplant\u0131 ve G\u00f6steri \u00d6zg\u00fcrl\u00fc\u011f\u00fc\u201d yasas\u0131na at\u0131f yap\u0131larak, g\u00f6steri \u00f6zg\u00fcrl\u00fc\u011f\u00fc ile kamu d\u00fczeni, g\u00fcvenlik, ula\u015f\u0131m ve b\u00f6lgede ya\u015fayan ya da \u00e7al\u0131\u015fan ki\u015filerin haklar\u0131 aras\u0131nda denge sa\u011flanmas\u0131 gerekti\u011fi ifade edildi. Bu \u00e7er\u00e7evede yetkililerin, g\u00f6sterinin yerinin veya zaman\u0131n\u0131n de\u011fi\u015ftirilmesini \u00f6nerme hakk\u0131na sahip oldu\u011fu vurguland\u0131.<\/p>\n\n\n\n<p>Yetkililer, s\u00f6z konusu b\u00f6lgede yap\u0131lacak bir g\u00f6sterinin bu dengeyi bozabilece\u011fini belirterek, etkinli\u011fin ba\u015fka bir yerde d\u00fczenlenmesini \u00f6nerdi.<\/p>\n\n\n\n<p>Ancak Ba\u011fdasaryan, \u201cAzatutyun\u201d radyosunun G\u00fcrc\u00fc servisine yapt\u0131\u011f\u0131 a\u00e7\u0131klamada, alternatif bir mek\u00e2n\u0131 de\u011ferlendirmediklerini s\u00f6yledi. Topluluk i\u00e7in protestonun \u00f6zellikle T\u00fcrkiye B\u00fcy\u00fckel\u00e7ili\u011fi \u00f6n\u00fcnde yap\u0131lmas\u0131n\u0131n \u00f6nemli oldu\u011funu ve bunun son 20 y\u0131ld\u0131r s\u00fcrd\u00fcr\u00fclen bir gelenek oldu\u011funu dile getirdi.<\/p>\n\n\n\n<p>Ermeni toplumu, al\u0131nan karar\u0131n hukuk devleti ilkeleriyle ba\u011fda\u015fmad\u0131\u011f\u0131n\u0131 ve devlet kurumlar\u0131na olan g\u00fcveni zedeledi\u011fini savundu.<br><br><strong><em>Kaynak:\u00a0<a href=\"https:\/\/ermenihaber.am\/kategori\/genocide\/\">Ermeni Haber<\/a><\/em><\/strong><\/p>\n","protected":false},"excerpt":{"rendered":"<p>G\u00fcrcistan\u2019daki Ermeni toplumu, 24 Nisan Ermeni Soyk\u0131r\u0131m\u0131 anma g\u00fcn\u00fc kapsam\u0131nda T\u00fcrkiye B\u00fcy\u00fckel\u00e7ili\u011fi \u00f6n\u00fcnde d\u00fczenlemek istedikleri bar\u0131\u015f\u00e7\u0131l g\u00f6steriye izin verilmedi\u011fini a\u00e7\u0131klad\u0131. Ekhokavkaza.com\u2019un aktard\u0131\u011f\u0131na g\u00f6re, topluluk temsilcisi Janeta Ba\u011fdasaryan, gerekli ba\u015fvurular\u0131n zaman\u0131nda belediye ve \u0130\u00e7i\u015fleri Bakanl\u0131\u011f\u0131\u2019na yap\u0131ld\u0131\u011f\u0131n\u0131, ancak taleplerinin reddedildi\u011fini belirtti. Resmi yan\u0131tta, G\u00fcrcistan\u2019daki \u201cToplant\u0131 ve G\u00f6steri \u00d6zg\u00fcrl\u00fc\u011f\u00fc\u201d yasas\u0131na at\u0131f yap\u0131larak, g\u00f6steri \u00f6zg\u00fcrl\u00fc\u011f\u00fc ile kamu d\u00fczeni, g\u00fcvenlik, [&hellip;]<\/p>\n","protected":false},"author":1,"featured_media":86144,"comment_status":"open","ping_status":"open","sticky":false,"template":"","format":"standard","meta":{"footnotes":""},"categories":[44,1],"tags":[],"class_list":["post-86143","post","type-post","status-publish","format-standard","has-post-thumbnail","hentry","category-ermeni-soykirimi","category-haberler"],"yoast_head":"<!-- This site is optimized with the Yoast SEO plugin v27.4 - https:\/\/yoast.com\/product\/yoast-seo-wordpress\/ -->\n<title>G\u00fcrcistan\u2019daki Ermeni toplumuna T\u00fcrkiye B\u00fcy\u00fckel\u00e7ili\u011fi \u00f6n\u00fcnde eylem izni verilmedi - Bati Ermenistan Ve Bati Ermenileri Sorunlari Ara\u015ftirmalar Merkezi<\/title>\n<meta name=\"robots\" content=\"index, follow, max-snippet:-1, max-image-preview:large, max-video-preview:-1\" \/>\n<link rel=\"canonical\" href=\"https:\/\/akunq.net\/tr\/?p=86143\" \/>\n<meta property=\"og:locale\" content=\"en_US\" \/>\n<meta property=\"og:type\" content=\"article\" \/>\n<meta property=\"og:title\" content=\"G\u00fcrcistan\u2019daki Ermeni toplumuna T\u00fcrkiye B\u00fcy\u00fckel\u00e7ili\u011fi \u00f6n\u00fcnde eylem izni verilmedi - Bati Ermenistan Ve Bati Ermenileri Sorunlari Ara\u015ftirmalar Merkezi\" \/>\n<meta property=\"og:description\" content=\"G\u00fcrcistan\u2019daki Ermeni toplumu, 24 Nisan Ermeni Soyk\u0131r\u0131m\u0131 anma g\u00fcn\u00fc kapsam\u0131nda T\u00fcrkiye B\u00fcy\u00fckel\u00e7ili\u011fi \u00f6n\u00fcnde d\u00fczenlemek istedikleri bar\u0131\u015f\u00e7\u0131l g\u00f6steriye izin verilmedi\u011fini a\u00e7\u0131klad\u0131. Ekhokavkaza.com\u2019un aktard\u0131\u011f\u0131na g\u00f6re, topluluk temsilcisi Janeta Ba\u011fdasaryan, gerekli ba\u015fvurular\u0131n zaman\u0131nda belediye ve \u0130\u00e7i\u015fleri Bakanl\u0131\u011f\u0131\u2019na yap\u0131ld\u0131\u011f\u0131n\u0131, ancak taleplerinin reddedildi\u011fini belirtti. Resmi yan\u0131tta, G\u00fcrcistan\u2019daki \u201cToplant\u0131 ve G\u00f6steri \u00d6zg\u00fcrl\u00fc\u011f\u00fc\u201d yasas\u0131na at\u0131f yap\u0131larak, g\u00f6steri \u00f6zg\u00fcrl\u00fc\u011f\u00fc ile kamu d\u00fczeni, g\u00fcvenlik, [&hellip;]\" \/>\n<meta property=\"og:url\" content=\"https:\/\/akunq.net\/tr\/?p=86143\" \/>\n<meta property=\"og:site_name\" content=\"Bati Ermenistan Ve Bati Ermenileri Sorunlari Ara\u015ftirmalar Merkezi\" \/>\n<meta property=\"article:published_time\" content=\"2026-04-27T06:29:23+00:00\" \/>\n<meta property=\"og:image\" content=\"https:\/\/akunq.net\/tr\/wp-content\/uploads\/sites\/6\/2026\/04\/Gurcistandaki-Ermeni-toplumu.jpg\" \/>\n\t<meta property=\"og:image:width\" content=\"699\" \/>\n\t<meta property=\"og:image:height\" content=\"523\" \/>\n\t<meta property=\"og:image:type\" content=\"image\/jpeg\" \/>\n<meta name=\"author\" content=\"admin\" \/>\n<meta name=\"twitter:card\" content=\"summary_large_image\" \/>\n<meta name=\"twitter:label1\" content=\"Written by\" \/>\n\t<meta name=\"twitter:data1\" content=\"admin\" \/>\n\t<meta name=\"twitter:label2\" content=\"Est. reading time\" \/>\n\t<meta name=\"twitter:data2\" content=\"1 minute\" \/>\n<script type=\"application\/ld+json\" class=\"yoast-schema-graph\">{\"@context\":\"https:\\\/\\\/schema.org\",\"@graph\":[{\"@type\":\"Article\",\"@id\":\"https:\\\/\\\/akunq.net\\\/tr\\\/?p=86143#article\",\"isPartOf\":{\"@id\":\"https:\\\/\\\/akunq.net\\\/tr\\\/?p=86143\"},\"author\":{\"name\":\"admin\",\"@id\":\"https:\\\/\\\/akunq.net\\\/tr\\\/#\\\/schema\\\/person\\\/42a46675f00a8f1e84520e8c56500de3\"},\"headline\":\"G\u00fcrcistan\u2019daki Ermeni toplumuna T\u00fcrkiye B\u00fcy\u00fckel\u00e7ili\u011fi \u00f6n\u00fcnde eylem izni verilmedi\",\"datePublished\":\"2026-04-27T06:29:23+00:00\",\"mainEntityOfPage\":{\"@id\":\"https:\\\/\\\/akunq.net\\\/tr\\\/?p=86143\"},\"wordCount\":264,\"commentCount\":0,\"image\":{\"@id\":\"https:\\\/\\\/akunq.net\\\/tr\\\/?p=86143#primaryimage\"},\"thumbnailUrl\":\"https:\\\/\\\/akunq.net\\\/tr\\\/wp-content\\\/uploads\\\/sites\\\/6\\\/2026\\\/04\\\/Gurcistandaki-Ermeni-toplumu.jpg\",\"articleSection\":[\"Ermeni Soyk\u0131r\u0131m\u0131\",\"Haberler\"],\"inLanguage\":\"en-US\",\"potentialAction\":[{\"@type\":\"CommentAction\",\"name\":\"Comment\",\"target\":[\"https:\\\/\\\/akunq.net\\\/tr\\\/?p=86143#respond\"]}]},{\"@type\":\"WebPage\",\"@id\":\"https:\\\/\\\/akunq.net\\\/tr\\\/?p=86143\",\"url\":\"https:\\\/\\\/akunq.net\\\/tr\\\/?p=86143\",\"name\":\"G\u00fcrcistan\u2019daki Ermeni toplumuna T\u00fcrkiye B\u00fcy\u00fckel\u00e7ili\u011fi \u00f6n\u00fcnde eylem izni verilmedi - Bati Ermenistan Ve Bati Ermenileri Sorunlari Ara\u015ftirmalar Merkezi\",\"isPartOf\":{\"@id\":\"https:\\\/\\\/akunq.net\\\/tr\\\/#website\"},\"primaryImageOfPage\":{\"@id\":\"https:\\\/\\\/akunq.net\\\/tr\\\/?p=86143#primaryimage\"},\"image\":{\"@id\":\"https:\\\/\\\/akunq.net\\\/tr\\\/?p=86143#primaryimage\"},\"thumbnailUrl\":\"https:\\\/\\\/akunq.net\\\/tr\\\/wp-content\\\/uploads\\\/sites\\\/6\\\/2026\\\/04\\\/Gurcistandaki-Ermeni-toplumu.jpg\",\"datePublished\":\"2026-04-27T06:29:23+00:00\",\"author\":{\"@id\":\"https:\\\/\\\/akunq.net\\\/tr\\\/#\\\/schema\\\/person\\\/42a46675f00a8f1e84520e8c56500de3\"},\"breadcrumb\":{\"@id\":\"https:\\\/\\\/akunq.net\\\/tr\\\/?p=86143#breadcrumb\"},\"inLanguage\":\"en-US\",\"potentialAction\":[{\"@type\":\"ReadAction\",\"target\":[\"https:\\\/\\\/akunq.net\\\/tr\\\/?p=86143\"]}]},{\"@type\":\"ImageObject\",\"inLanguage\":\"en-US\",\"@id\":\"https:\\\/\\\/akunq.net\\\/tr\\\/?p=86143#primaryimage\",\"url\":\"https:\\\/\\\/akunq.net\\\/tr\\\/wp-content\\\/uploads\\\/sites\\\/6\\\/2026\\\/04\\\/Gurcistandaki-Ermeni-toplumu.jpg\",\"contentUrl\":\"https:\\\/\\\/akunq.net\\\/tr\\\/wp-content\\\/uploads\\\/sites\\\/6\\\/2026\\\/04\\\/Gurcistandaki-Ermeni-toplumu.jpg\",\"width\":699,\"height\":523},{\"@type\":\"BreadcrumbList\",\"@id\":\"https:\\\/\\\/akunq.net\\\/tr\\\/?p=86143#breadcrumb\",\"itemListElement\":[{\"@type\":\"ListItem\",\"position\":1,\"name\":\"Home\",\"item\":\"https:\\\/\\\/akunq.net\\\/tr\"},{\"@type\":\"ListItem\",\"position\":2,\"name\":\"G\u00fcrcistan\u2019daki Ermeni toplumuna T\u00fcrkiye B\u00fcy\u00fckel\u00e7ili\u011fi \u00f6n\u00fcnde eylem izni verilmedi\"}]},{\"@type\":\"WebSite\",\"@id\":\"https:\\\/\\\/akunq.net\\\/tr\\\/#website\",\"url\":\"https:\\\/\\\/akunq.net\\\/tr\\\/\",\"name\":\"Bati Ermenistan Ve Bati Ermenileri Sorunlari Ara\u015ftirmalar Merkezi\",\"description\":\"\",\"potentialAction\":[{\"@type\":\"SearchAction\",\"target\":{\"@type\":\"EntryPoint\",\"urlTemplate\":\"https:\\\/\\\/akunq.net\\\/tr\\\/?s={search_term_string}\"},\"query-input\":{\"@type\":\"PropertyValueSpecification\",\"valueRequired\":true,\"valueName\":\"search_term_string\"}}],\"inLanguage\":\"en-US\"},{\"@type\":\"Person\",\"@id\":\"https:\\\/\\\/akunq.net\\\/tr\\\/#\\\/schema\\\/person\\\/42a46675f00a8f1e84520e8c56500de3\",\"name\":\"admin\",\"url\":\"https:\\\/\\\/akunq.net\\\/tr\\\/?author=1\"}]}<\/script>\n<!-- \/ Yoast SEO plugin. -->","yoast_head_json":{"title":"G\u00fcrcistan\u2019daki Ermeni toplumuna T\u00fcrkiye B\u00fcy\u00fckel\u00e7ili\u011fi \u00f6n\u00fcnde eylem izni verilmedi - Bati Ermenistan Ve Bati Ermenileri Sorunlari Ara\u015ftirmalar Merkezi","robots":{"index":"index","follow":"follow","max-snippet":"max-snippet:-1","max-image-preview":"max-image-preview:large","max-video-preview":"max-video-preview:-1"},"canonical":"https:\/\/akunq.net\/tr\/?p=86143","og_locale":"en_US","og_type":"article","og_title":"G\u00fcrcistan\u2019daki Ermeni toplumuna T\u00fcrkiye B\u00fcy\u00fckel\u00e7ili\u011fi \u00f6n\u00fcnde eylem izni verilmedi - Bati Ermenistan Ve Bati Ermenileri Sorunlari Ara\u015ftirmalar Merkezi","og_description":"G\u00fcrcistan\u2019daki Ermeni toplumu, 24 Nisan Ermeni Soyk\u0131r\u0131m\u0131 anma g\u00fcn\u00fc kapsam\u0131nda T\u00fcrkiye B\u00fcy\u00fckel\u00e7ili\u011fi \u00f6n\u00fcnde d\u00fczenlemek istedikleri bar\u0131\u015f\u00e7\u0131l g\u00f6steriye izin verilmedi\u011fini a\u00e7\u0131klad\u0131. Ekhokavkaza.com\u2019un aktard\u0131\u011f\u0131na g\u00f6re, topluluk temsilcisi Janeta Ba\u011fdasaryan, gerekli ba\u015fvurular\u0131n zaman\u0131nda belediye ve \u0130\u00e7i\u015fleri Bakanl\u0131\u011f\u0131\u2019na yap\u0131ld\u0131\u011f\u0131n\u0131, ancak taleplerinin reddedildi\u011fini belirtti. Resmi yan\u0131tta, G\u00fcrcistan\u2019daki \u201cToplant\u0131 ve G\u00f6steri \u00d6zg\u00fcrl\u00fc\u011f\u00fc\u201d yasas\u0131na at\u0131f yap\u0131larak, g\u00f6steri \u00f6zg\u00fcrl\u00fc\u011f\u00fc ile kamu d\u00fczeni, g\u00fcvenlik, [&hellip;]","og_url":"https:\/\/akunq.net\/tr\/?p=86143","og_site_name":"Bati Ermenistan Ve Bati Ermenileri Sorunlari Ara\u015ftirmalar Merkezi","article_published_time":"2026-04-27T06:29:23+00:00","og_image":[{"width":699,"height":523,"url":"https:\/\/akunq.net\/tr\/wp-content\/uploads\/sites\/6\/2026\/04\/Gurcistandaki-Ermeni-toplumu.jpg","type":"image\/jpeg"}],"author":"admin","twitter_card":"summary_large_image","twitter_misc":{"Written by":"admin","Est. reading time":"1 minute"},"schema":{"@context":"https:\/\/schema.org","@graph":[{"@type":"Article","@id":"https:\/\/akunq.net\/tr\/?p=86143#article","isPartOf":{"@id":"https:\/\/akunq.net\/tr\/?p=86143"},"author":{"name":"admin","@id":"https:\/\/akunq.net\/tr\/#\/schema\/person\/42a46675f00a8f1e84520e8c56500de3"},"headline":"G\u00fcrcistan\u2019daki Ermeni toplumuna T\u00fcrkiye B\u00fcy\u00fckel\u00e7ili\u011fi \u00f6n\u00fcnde eylem izni verilmedi","datePublished":"2026-04-27T06:29:23+00:00","mainEntityOfPage":{"@id":"https:\/\/akunq.net\/tr\/?p=86143"},"wordCount":264,"commentCount":0,"image":{"@id":"https:\/\/akunq.net\/tr\/?p=86143#primaryimage"},"thumbnailUrl":"https:\/\/akunq.net\/tr\/wp-content\/uploads\/sites\/6\/2026\/04\/Gurcistandaki-Ermeni-toplumu.jpg","articleSection":["Ermeni Soyk\u0131r\u0131m\u0131","Haberler"],"inLanguage":"en-US","potentialAction":[{"@type":"CommentAction","name":"Comment","target":["https:\/\/akunq.net\/tr\/?p=86143#respond"]}]},{"@type":"WebPage","@id":"https:\/\/akunq.net\/tr\/?p=86143","url":"https:\/\/akunq.net\/tr\/?p=86143","name":"G\u00fcrcistan\u2019daki Ermeni toplumuna T\u00fcrkiye B\u00fcy\u00fckel\u00e7ili\u011fi \u00f6n\u00fcnde eylem izni verilmedi - Bati Ermenistan Ve Bati Ermenileri Sorunlari Ara\u015ftirmalar Merkezi","isPartOf":{"@id":"https:\/\/akunq.net\/tr\/#website"},"primaryImageOfPage":{"@id":"https:\/\/akunq.net\/tr\/?p=86143#primaryimage"},"image":{"@id":"https:\/\/akunq.net\/tr\/?p=86143#primaryimage"},"thumbnailUrl":"https:\/\/akunq.net\/tr\/wp-content\/uploads\/sites\/6\/2026\/04\/Gurcistandaki-Ermeni-toplumu.jpg","datePublished":"2026-04-27T06:29:23+00:00","author":{"@id":"https:\/\/akunq.net\/tr\/#\/schema\/person\/42a46675f00a8f1e84520e8c56500de3"},"breadcrumb":{"@id":"https:\/\/akunq.net\/tr\/?p=86143#breadcrumb"},"inLanguage":"en-US","potentialAction":[{"@type":"ReadAction","target":["https:\/\/akunq.net\/tr\/?p=86143"]}]},{"@type":"ImageObject","inLanguage":"en-US","@id":"https:\/\/akunq.net\/tr\/?p=86143#primaryimage","url":"https:\/\/akunq.net\/tr\/wp-content\/uploads\/sites\/6\/2026\/04\/Gurcistandaki-Ermeni-toplumu.jpg","contentUrl":"https:\/\/akunq.net\/tr\/wp-content\/uploads\/sites\/6\/2026\/04\/Gurcistandaki-Ermeni-toplumu.jpg","width":699,"height":523},{"@type":"BreadcrumbList","@id":"https:\/\/akunq.net\/tr\/?p=86143#breadcrumb","itemListElement":[{"@type":"ListItem","position":1,"name":"Home","item":"https:\/\/akunq.net\/tr"},{"@type":"ListItem","position":2,"name":"G\u00fcrcistan\u2019daki Ermeni toplumuna T\u00fcrkiye B\u00fcy\u00fckel\u00e7ili\u011fi \u00f6n\u00fcnde eylem izni verilmedi"}]},{"@type":"WebSite","@id":"https:\/\/akunq.net\/tr\/#website","url":"https:\/\/akunq.net\/tr\/","name":"Bati Ermenistan Ve Bati Ermenileri Sorunlari Ara\u015ftirmalar Merkezi","description":"","potentialAction":[{"@type":"SearchAction","target":{"@type":"EntryPoint","urlTemplate":"https:\/\/akunq.net\/tr\/?s={search_term_string}"},"query-input":{"@type":"PropertyValueSpecification","valueRequired":true,"valueName":"search_term_string"}}],"inLanguage":"en-US"},{"@type":"Person","@id":"https:\/\/akunq.net\/tr\/#\/schema\/person\/42a46675f00a8f1e84520e8c56500de3","name":"admin","url":"https:\/\/akunq.net\/tr\/?author=1"}]}},"_links":{"self":[{"href":"https:\/\/akunq.net\/tr\/index.php?rest_route=\/wp\/v2\/posts\/86143","targetHints":{"allow":["GET"]}}],"collection":[{"href":"https:\/\/akunq.net\/tr\/index.php?rest_route=\/wp\/v2\/posts"}],"about":[{"href":"https:\/\/akunq.net\/tr\/index.php?rest_route=\/wp\/v2\/types\/post"}],"author":[{"embeddable":true,"href":"https:\/\/akunq.net\/tr\/index.php?rest_route=\/wp\/v2\/users\/1"}],"replies":[{"embeddable":true,"href":"https:\/\/akunq.net\/tr\/index.php?rest_route=%2Fwp%2Fv2%2Fcomments&post=86143"}],"version-history":[{"count":1,"href":"https:\/\/akunq.net\/tr\/index.php?rest_route=\/wp\/v2\/posts\/86143\/revisions"}],"predecessor-version":[{"id":86145,"href":"https:\/\/akunq.net\/tr\/index.php?rest_route=\/wp\/v2\/posts\/86143\/revisions\/86145"}],"wp:featuredmedia":[{"embeddable":true,"href":"https:\/\/akunq.net\/tr\/index.php?rest_route=\/wp\/v2\/media\/86144"}],"wp:attachment":[{"href":"https:\/\/akunq.net\/tr\/index.php?rest_route=%2Fwp%2Fv2%2Fmedia&parent=86143"}],"wp:term":[{"taxonomy":"category","embeddable":true,"href":"https:\/\/akunq.net\/tr\/index.php?rest_route=%2Fwp%2Fv2%2Fcategories&post=86143"},{"taxonomy":"post_tag","embeddable":true,"href":"https:\/\/akunq.net\/tr\/index.php?rest_route=%2Fwp%2Fv2%2Ftags&post=86143"}],"curies":[{"name":"wp","href":"https:\/\/api.w.org\/{rel}","templated":true}]}}