{"id":86138,"date":"2026-04-26T01:56:04","date_gmt":"2026-04-26T06:56:04","guid":{"rendered":"https:\/\/akunq.net\/tr\/?p=86138"},"modified":"2026-04-26T01:59:23","modified_gmt":"2026-04-26T06:59:23","slug":"sevag-ve-garabet-balikci-mezarlari-basinda-anildi","status":"publish","type":"post","link":"https:\/\/akunq.net\/tr\/?p=86138","title":{"rendered":"Sevag ve Garabet Bal\u0131k\u00e7\u0131, mezarlar\u0131 ba\u015f\u0131nda an\u0131ld\u0131"},"content":{"rendered":"\n<p><strong><em>\u201cBug\u00fcn burada yapt\u0131\u011f\u0131m\u0131z sadece bir anma de\u011fil; Ermenilerin 111 y\u0131ld\u0131r s\u00fcren adalet aray\u0131\u015f\u0131n\u0131n bir par\u00e7as\u0131d\u0131r ve bu topraklarda ya\u015fayan herkes i\u00e7indir.\u201d<\/em><\/strong><\/p>\n\n\n\n<p>Batman Kozluk\u2019ta 24 Nisan 2011\u2019de zorunlu askerlik g\u00f6revini yaparken er K\u0131van\u00e7 A\u011fao\u011flu\u2019nun silah\u0131ndan \u00e7\u0131kan kur\u015funla hayat\u0131n\u0131 kaybeden Sevag \u015eahin Bal\u0131k\u00e7\u0131 ile 2022\u2019de ayn\u0131 tarihte ya\u015fam\u0131n\u0131 yitiren babas\u0131 Garabet (Garbis) Bal\u0131k\u00e7\u0131, bug\u00fcn \u015ei\u015fli Ermeni Mezarl\u0131\u011f\u0131\u2019ndaki mezarlar\u0131 ba\u015f\u0131nda an\u0131ld\u0131.<\/p>\n\n\n\n<p>Saat 14.00\u2019da d\u00fczenlenen anma t\u00f6renine Peder Nareg De\u011firmenciyan riyaset etti.<\/p>\n\n\n\n<p>T\u00f6rende Bal\u0131k\u00e7\u0131\u2019n\u0131n annesi Ani Bal\u0131k\u00e7\u0131 ve k\u0131z karde\u015fi Lerna Bal\u0131k\u00e7\u0131\u2019n\u0131n da aralar\u0131nda bulundu\u011fu kat\u0131l\u0131mc\u0131lar dualar etti.<\/p>\n\n\n\n<p>Agos Gazetesi\u2019nden \u0130\u015fhan Erdin\u00e7\u2019in haberine g\u00f6re, Nor Zartonk \u0130nisiyatifi\u2019nden Ni\u015fan G\u00fcreh, mezar ba\u015f\u0131nda yap\u0131lan t\u00f6renin ard\u0131ndan bir konu\u015fma yapt\u0131.<\/p>\n\n\n\n<p><strong>\u201cBa\u015fka Hrantlar, ba\u015fka Maritsalar olmas\u0131n diye\u201d<\/strong><br>G\u00fcreh a\u00e7\u0131klamas\u0131nda, \u015f\u00f6yle dedi:<\/p>\n\n\n\n<p>15 y\u0131ld\u0131r oldu\u011fu gibi, bu y\u0131l da bir adalet talebimizi usanmaks\u0131z\u0131n dillendirmek i\u00e7in yine \u015ei\u015fli Ermeni Mezarl\u0131\u011f\u0131\u2019nday\u0131z. Y\u0131llar s\u00fcren yarg\u0131lamalar boyunca deliller karart\u0131ld\u0131, tan\u0131klara bask\u0131 yap\u0131ld\u0131, mahkemeler tiyatro salonlar\u0131na d\u00f6nd\u00fc. Buna ra\u011fmen sokaklarda ve anmalarda adalet m\u00fccadelesi devam etti. Garabet Bal\u0131k\u00e7\u0131\u2019n\u0131n dedi\u011fi gibi, \u2018Ba\u015fka Sevaglar ya\u015fanmas\u0131n\u2019 diye verdi\u011fimiz bu adalet m\u00fccadelesi ba\u015fka Hrantlar, ba\u015fka Maritsalar olmas\u0131n diye de verildi. Bu m\u00fccadele sayesinde k\u0131\u015flalarda ya\u015fanan ba\u015fkaca \u015f\u00fcpheli asker \u00f6l\u00fcmlerinin \u00f6n\u00fcne ge\u00e7ildi.<\/p>\n\n\n\n<p>Bug\u00fcn burada yapt\u0131\u011f\u0131m\u0131z sadece bir anma de\u011fil; ayr\u0131ca Ermenilerin 111 y\u0131ld\u0131r s\u00fcren adalet aray\u0131\u015f\u0131n\u0131n bir par\u00e7as\u0131d\u0131r ve bu topraklarda ya\u015fayan herkes i\u00e7indir. 111 y\u0131ld\u0131r s\u00fcregelen adaletsizlikler sadece Ermenileri de\u011fil bu topraklardaki di\u011fer halklar\u0131 da etkiledi. Bu adaletsizli\u011fin m\u00fcsebbibi olan muktedirler her zaman adalet m\u00fccadelelerini ezmek istediler. Adaletsizlik onlar\u0131 daha g\u00fc\u00e7l\u00fc ve pervas\u0131z k\u0131larken, yapt\u0131klar\u0131 \u00e7o\u011fu zaman yanlar\u0131na kar kald\u0131. \u015e\u00fcphesiz ki biz, bir arada kendi adalet taleplerimizi birle\u015ftirmedik\u00e7e, gelecekte de yanlar\u0131na kar kalmaya devam edecek. Pervas\u0131zlar\u0131n y\u00f6netti\u011fi bir d\u00fcnyada adalet m\u00fccadelesi zordur; ama her zaman Garabet Bal\u0131k\u00e7\u0131\u2019n\u0131n s\u00f6z\u00fcn\u00fc akl\u0131m\u0131zda tutaca\u011f\u0131z ve ba\u015fka adaletsizliklerin olmamas\u0131 i\u00e7in m\u00fccadeleye devam edece\u011fiz. \u00c7\u00fcnk\u00fc biliyoruz ki adalet olmadan karde\u015flik olmaz, bar\u0131\u015f olmaz, refah olmaz.<\/p>\n\n\n\n<p><strong>Ne olmu\u015ftu?<\/strong><\/p>\n\n\n\n<p>Ani ve Garabet Bal\u0131k\u00e7\u0131, ellerinde \u00e7ocuklar\u0131 Sevag Bal\u0131k\u00e7\u0131\u2019n\u0131n foto\u011fraf\u0131yla, (Kaynak: Agos Gazetesi).<br>Sevag Bal\u0131k\u00e7\u0131, tezkeresine 20 g\u00fcn kala, karakol \u00e7evresine \u00e7it \u00f6rme g\u00f6revi s\u0131ras\u0131nda \u00f6ld\u00fcr\u00fcld\u00fc. Baba Garabet Bal\u0131k\u00e7\u0131 ise 24 Nisan 2022 sabah\u0131, kabristana gitme haz\u0131rl\u0131\u011f\u0131ndayken evinde ge\u00e7irdi\u011fi rahats\u0131zl\u0131k sonucu hayat\u0131n\u0131 kaybetti.<\/p>\n\n\n\n<p>Sevag Bal\u0131k\u00e7\u0131\u2019n\u0131n \u00f6ld\u00fcr\u00fclmesiyle ilgili dava, Diyarbak\u0131r 2. Hava Kuvvet Komutanl\u0131\u011f\u0131 Askeri Mahkemesi\u2019nde a\u00e7\u0131ld\u0131 ve yakla\u015f\u0131k iki y\u0131l sonra sonu\u00e7land\u0131. Mahkeme, 26 Mart 2013\u2019te K\u0131van\u00e7 A\u011fao\u011flu\u2019nu \u201cbilin\u00e7li taksirle insan \u00f6ld\u00fcrmek\u201d su\u00e7undan 4 y\u0131l 5 ay 10 g\u00fcn hapis cezas\u0131na \u00e7arpt\u0131rd\u0131. Karakolda g\u00f6revli Astsubay Sadrettin Ers\u00f6z ise \u201cg\u00f6revi ihmal\u201d su\u00e7undan 5 ay hapis cezas\u0131 ald\u0131; h\u00fckm\u00fcn a\u00e7\u0131klanmas\u0131 geri b\u0131rak\u0131ld\u0131.<\/p>\n\n\n\n<p>Bal\u0131k\u00e7\u0131 ailesinin itiraz\u0131 \u00fczerine dosya Askeri Yarg\u0131tay\u2019a ta\u015f\u0131nd\u0131. Yarg\u0131tay, yerel mahkeme karar\u0131n\u0131 usulden bozarak dosyay\u0131 iade etti. Ancak yeniden yarg\u0131lama s\u00fcrerken, 15 Temmuz Darbe Giri\u015fimi\u2019nin ard\u0131ndan \u00e7\u0131kar\u0131lan 668 say\u0131l\u0131 Kanun H\u00fckm\u00fcnde Kararname ile askeri yarg\u0131 kald\u0131r\u0131ld\u0131. Bu nedenle dosya, Bal\u0131k\u00e7\u0131\u2019n\u0131n \u00f6ld\u00fcr\u00fcld\u00fc\u011f\u00fc yere, Kozluk\u2019a g\u00f6nderildi. Yarg\u0131lamaya 8 \u015eubat\u2019ta Kozluk Asliye Ceza Mahkemesi\u2019nde yeniden ba\u015fland\u0131. A\u011fao\u011flu, 16 y\u0131l 8 ay hapis cezas\u0131 ald\u0131.<\/p>\n\n\n\n<p>Olay\u0131n tan\u0131klar\u0131ndan Halil Ek\u015fi, ilk ifadesinde A\u011fao\u011flu\u2019nun Bal\u0131k\u00e7\u0131\u2019y\u0131 kasten \u00f6ld\u00fcrd\u00fc\u011f\u00fcn\u00fc s\u00f6yledi, sonras\u0131nda ise ifadesini de\u011fi\u015ftirerek olay\u0131n \u015fakala\u015fma sonucu meydana geldi\u011fini belirtti. Bal\u0131k\u00e7\u0131 ailesinin itiraz\u0131 \u00fczerine yeniden ifade veren Ek\u015fi, bask\u0131 alt\u0131nda ifadesini de\u011fi\u015ftirdi\u011fini a\u00e7\u0131klad\u0131. Bunun \u00fczerine Ayd\u0131n\u2019da Ek\u015fi hakk\u0131nda \u201cyalanc\u0131 tan\u0131kl\u0131k\u201d su\u00e7undan dava a\u00e7\u0131ld\u0131. Ayn\u0131 dosyada, Ek\u015fi\u2019yi tehdit eden K\u0131van\u00e7 A\u011fao\u011flu\u2019nun akrabas\u0131 B\u00fclent Kaya da \u201cyalan tan\u0131kl\u0131\u011fa azmettirme\u201d su\u00e7lamas\u0131yla yarg\u0131land\u0131. Ayd\u0131n 3. Asliye Ceza Mahkemesi, 16 Aral\u0131k 2015\u2019te Halil Ek\u015fi\u2019ye 2 y\u0131l 1 ay, B\u00fclent Kaya\u2019ya ise 2 y\u0131l 13 ay hapis cezas\u0131 verdi. <\/p>\n\n\n\n<hr class=\"wp-block-separator has-alpha-channel-opacity\"\/>\n\n\n\n<p><a href=\"https:\/\/bianet.org\/haber\/sevag-ve-garabet-balikci-mezarlari-basinda-anildi-319056\" target=\"_blank\" rel=\"noreferrer noopener\">Bianet<\/a><\/p>\n","protected":false},"excerpt":{"rendered":"<p>\u201cBug\u00fcn burada yapt\u0131\u011f\u0131m\u0131z sadece bir anma de\u011fil; Ermenilerin 111 y\u0131ld\u0131r s\u00fcren adalet aray\u0131\u015f\u0131n\u0131n bir par\u00e7as\u0131d\u0131r ve bu topraklarda ya\u015fayan herkes i\u00e7indir.\u201d Batman Kozluk\u2019ta 24 Nisan 2011\u2019de zorunlu askerlik g\u00f6revini yaparken er K\u0131van\u00e7 A\u011fao\u011flu\u2019nun silah\u0131ndan \u00e7\u0131kan kur\u015funla hayat\u0131n\u0131 kaybeden Sevag \u015eahin Bal\u0131k\u00e7\u0131 ile 2022\u2019de ayn\u0131 tarihte ya\u015fam\u0131n\u0131 yitiren babas\u0131 Garabet (Garbis) Bal\u0131k\u00e7\u0131, bug\u00fcn \u015ei\u015fli Ermeni Mezarl\u0131\u011f\u0131\u2019ndaki [&hellip;]<\/p>\n","protected":false},"author":1,"featured_media":86139,"comment_status":"open","ping_status":"open","sticky":false,"template":"","format":"standard","meta":{"footnotes":""},"categories":[1],"tags":[],"class_list":["post-86138","post","type-post","status-publish","format-standard","has-post-thumbnail","hentry","category-haberler"],"yoast_head":"<!-- This site is optimized with the Yoast SEO plugin v27.4 - https:\/\/yoast.com\/product\/yoast-seo-wordpress\/ -->\n<title>Sevag ve Garabet Bal\u0131k\u00e7\u0131, mezarlar\u0131 ba\u015f\u0131nda an\u0131ld\u0131 - Bati Ermenistan Ve Bati Ermenileri Sorunlari Ara\u015ftirmalar Merkezi<\/title>\n<meta name=\"robots\" content=\"index, follow, max-snippet:-1, max-image-preview:large, max-video-preview:-1\" \/>\n<link rel=\"canonical\" href=\"https:\/\/akunq.net\/tr\/?p=86138\" \/>\n<meta property=\"og:locale\" content=\"en_US\" \/>\n<meta property=\"og:type\" content=\"article\" \/>\n<meta property=\"og:title\" content=\"Sevag ve Garabet Bal\u0131k\u00e7\u0131, mezarlar\u0131 ba\u015f\u0131nda an\u0131ld\u0131 - Bati Ermenistan Ve Bati Ermenileri Sorunlari Ara\u015ftirmalar Merkezi\" \/>\n<meta property=\"og:description\" content=\"\u201cBug\u00fcn burada yapt\u0131\u011f\u0131m\u0131z sadece bir anma de\u011fil; Ermenilerin 111 y\u0131ld\u0131r s\u00fcren adalet aray\u0131\u015f\u0131n\u0131n bir par\u00e7as\u0131d\u0131r ve bu topraklarda ya\u015fayan herkes i\u00e7indir.\u201d Batman Kozluk\u2019ta 24 Nisan 2011\u2019de zorunlu askerlik g\u00f6revini yaparken er K\u0131van\u00e7 A\u011fao\u011flu\u2019nun silah\u0131ndan \u00e7\u0131kan kur\u015funla hayat\u0131n\u0131 kaybeden Sevag \u015eahin Bal\u0131k\u00e7\u0131 ile 2022\u2019de ayn\u0131 tarihte ya\u015fam\u0131n\u0131 yitiren babas\u0131 Garabet (Garbis) Bal\u0131k\u00e7\u0131, bug\u00fcn \u015ei\u015fli Ermeni Mezarl\u0131\u011f\u0131\u2019ndaki [&hellip;]\" \/>\n<meta property=\"og:url\" content=\"https:\/\/akunq.net\/tr\/?p=86138\" \/>\n<meta property=\"og:site_name\" content=\"Bati Ermenistan Ve Bati Ermenileri Sorunlari Ara\u015ftirmalar Merkezi\" \/>\n<meta property=\"article:published_time\" content=\"2026-04-26T06:56:04+00:00\" \/>\n<meta property=\"article:modified_time\" content=\"2026-04-26T06:59:23+00:00\" \/>\n<meta property=\"og:image\" content=\"https:\/\/akunq.net\/tr\/wp-content\/uploads\/sites\/6\/2026\/04\/Sevag-ve-Garabet-Balikci.webp\" \/>\n\t<meta property=\"og:image:width\" content=\"1200\" \/>\n\t<meta property=\"og:image:height\" content=\"750\" \/>\n\t<meta property=\"og:image:type\" content=\"image\/webp\" \/>\n<meta name=\"author\" content=\"admin\" \/>\n<meta name=\"twitter:card\" content=\"summary_large_image\" \/>\n<meta name=\"twitter:label1\" content=\"Written by\" \/>\n\t<meta name=\"twitter:data1\" content=\"admin\" \/>\n\t<meta name=\"twitter:label2\" content=\"Est. reading time\" \/>\n\t<meta name=\"twitter:data2\" content=\"3 minutes\" \/>\n<script type=\"application\/ld+json\" class=\"yoast-schema-graph\">{\"@context\":\"https:\\\/\\\/schema.org\",\"@graph\":[{\"@type\":\"Article\",\"@id\":\"https:\\\/\\\/akunq.net\\\/tr\\\/?p=86138#article\",\"isPartOf\":{\"@id\":\"https:\\\/\\\/akunq.net\\\/tr\\\/?p=86138\"},\"author\":{\"name\":\"admin\",\"@id\":\"https:\\\/\\\/akunq.net\\\/tr\\\/#\\\/schema\\\/person\\\/42a46675f00a8f1e84520e8c56500de3\"},\"headline\":\"Sevag ve Garabet Bal\u0131k\u00e7\u0131, mezarlar\u0131 ba\u015f\u0131nda an\u0131ld\u0131\",\"datePublished\":\"2026-04-26T06:56:04+00:00\",\"dateModified\":\"2026-04-26T06:59:23+00:00\",\"mainEntityOfPage\":{\"@id\":\"https:\\\/\\\/akunq.net\\\/tr\\\/?p=86138\"},\"wordCount\":818,\"commentCount\":0,\"image\":{\"@id\":\"https:\\\/\\\/akunq.net\\\/tr\\\/?p=86138#primaryimage\"},\"thumbnailUrl\":\"https:\\\/\\\/akunq.net\\\/tr\\\/wp-content\\\/uploads\\\/sites\\\/6\\\/2026\\\/04\\\/Sevag-ve-Garabet-Balikci.webp\",\"articleSection\":[\"Haberler\"],\"inLanguage\":\"en-US\",\"potentialAction\":[{\"@type\":\"CommentAction\",\"name\":\"Comment\",\"target\":[\"https:\\\/\\\/akunq.net\\\/tr\\\/?p=86138#respond\"]}]},{\"@type\":\"WebPage\",\"@id\":\"https:\\\/\\\/akunq.net\\\/tr\\\/?p=86138\",\"url\":\"https:\\\/\\\/akunq.net\\\/tr\\\/?p=86138\",\"name\":\"Sevag ve Garabet Bal\u0131k\u00e7\u0131, mezarlar\u0131 ba\u015f\u0131nda an\u0131ld\u0131 - Bati Ermenistan Ve Bati Ermenileri Sorunlari Ara\u015ftirmalar Merkezi\",\"isPartOf\":{\"@id\":\"https:\\\/\\\/akunq.net\\\/tr\\\/#website\"},\"primaryImageOfPage\":{\"@id\":\"https:\\\/\\\/akunq.net\\\/tr\\\/?p=86138#primaryimage\"},\"image\":{\"@id\":\"https:\\\/\\\/akunq.net\\\/tr\\\/?p=86138#primaryimage\"},\"thumbnailUrl\":\"https:\\\/\\\/akunq.net\\\/tr\\\/wp-content\\\/uploads\\\/sites\\\/6\\\/2026\\\/04\\\/Sevag-ve-Garabet-Balikci.webp\",\"datePublished\":\"2026-04-26T06:56:04+00:00\",\"dateModified\":\"2026-04-26T06:59:23+00:00\",\"author\":{\"@id\":\"https:\\\/\\\/akunq.net\\\/tr\\\/#\\\/schema\\\/person\\\/42a46675f00a8f1e84520e8c56500de3\"},\"breadcrumb\":{\"@id\":\"https:\\\/\\\/akunq.net\\\/tr\\\/?p=86138#breadcrumb\"},\"inLanguage\":\"en-US\",\"potentialAction\":[{\"@type\":\"ReadAction\",\"target\":[\"https:\\\/\\\/akunq.net\\\/tr\\\/?p=86138\"]}]},{\"@type\":\"ImageObject\",\"inLanguage\":\"en-US\",\"@id\":\"https:\\\/\\\/akunq.net\\\/tr\\\/?p=86138#primaryimage\",\"url\":\"https:\\\/\\\/akunq.net\\\/tr\\\/wp-content\\\/uploads\\\/sites\\\/6\\\/2026\\\/04\\\/Sevag-ve-Garabet-Balikci.webp\",\"contentUrl\":\"https:\\\/\\\/akunq.net\\\/tr\\\/wp-content\\\/uploads\\\/sites\\\/6\\\/2026\\\/04\\\/Sevag-ve-Garabet-Balikci.webp\",\"width\":1200,\"height\":750},{\"@type\":\"BreadcrumbList\",\"@id\":\"https:\\\/\\\/akunq.net\\\/tr\\\/?p=86138#breadcrumb\",\"itemListElement\":[{\"@type\":\"ListItem\",\"position\":1,\"name\":\"Home\",\"item\":\"https:\\\/\\\/akunq.net\\\/tr\"},{\"@type\":\"ListItem\",\"position\":2,\"name\":\"Sevag ve Garabet Bal\u0131k\u00e7\u0131, mezarlar\u0131 ba\u015f\u0131nda an\u0131ld\u0131\"}]},{\"@type\":\"WebSite\",\"@id\":\"https:\\\/\\\/akunq.net\\\/tr\\\/#website\",\"url\":\"https:\\\/\\\/akunq.net\\\/tr\\\/\",\"name\":\"Bati Ermenistan Ve Bati Ermenileri Sorunlari Ara\u015ftirmalar Merkezi\",\"description\":\"\",\"potentialAction\":[{\"@type\":\"SearchAction\",\"target\":{\"@type\":\"EntryPoint\",\"urlTemplate\":\"https:\\\/\\\/akunq.net\\\/tr\\\/?s={search_term_string}\"},\"query-input\":{\"@type\":\"PropertyValueSpecification\",\"valueRequired\":true,\"valueName\":\"search_term_string\"}}],\"inLanguage\":\"en-US\"},{\"@type\":\"Person\",\"@id\":\"https:\\\/\\\/akunq.net\\\/tr\\\/#\\\/schema\\\/person\\\/42a46675f00a8f1e84520e8c56500de3\",\"name\":\"admin\",\"url\":\"https:\\\/\\\/akunq.net\\\/tr\\\/?author=1\"}]}<\/script>\n<!-- \/ Yoast SEO plugin. -->","yoast_head_json":{"title":"Sevag ve Garabet Bal\u0131k\u00e7\u0131, mezarlar\u0131 ba\u015f\u0131nda an\u0131ld\u0131 - Bati Ermenistan Ve Bati Ermenileri Sorunlari Ara\u015ftirmalar Merkezi","robots":{"index":"index","follow":"follow","max-snippet":"max-snippet:-1","max-image-preview":"max-image-preview:large","max-video-preview":"max-video-preview:-1"},"canonical":"https:\/\/akunq.net\/tr\/?p=86138","og_locale":"en_US","og_type":"article","og_title":"Sevag ve Garabet Bal\u0131k\u00e7\u0131, mezarlar\u0131 ba\u015f\u0131nda an\u0131ld\u0131 - Bati Ermenistan Ve Bati Ermenileri Sorunlari Ara\u015ftirmalar Merkezi","og_description":"\u201cBug\u00fcn burada yapt\u0131\u011f\u0131m\u0131z sadece bir anma de\u011fil; Ermenilerin 111 y\u0131ld\u0131r s\u00fcren adalet aray\u0131\u015f\u0131n\u0131n bir par\u00e7as\u0131d\u0131r ve bu topraklarda ya\u015fayan herkes i\u00e7indir.\u201d Batman Kozluk\u2019ta 24 Nisan 2011\u2019de zorunlu askerlik g\u00f6revini yaparken er K\u0131van\u00e7 A\u011fao\u011flu\u2019nun silah\u0131ndan \u00e7\u0131kan kur\u015funla hayat\u0131n\u0131 kaybeden Sevag \u015eahin Bal\u0131k\u00e7\u0131 ile 2022\u2019de ayn\u0131 tarihte ya\u015fam\u0131n\u0131 yitiren babas\u0131 Garabet (Garbis) Bal\u0131k\u00e7\u0131, bug\u00fcn \u015ei\u015fli Ermeni Mezarl\u0131\u011f\u0131\u2019ndaki [&hellip;]","og_url":"https:\/\/akunq.net\/tr\/?p=86138","og_site_name":"Bati Ermenistan Ve Bati Ermenileri Sorunlari Ara\u015ftirmalar Merkezi","article_published_time":"2026-04-26T06:56:04+00:00","article_modified_time":"2026-04-26T06:59:23+00:00","og_image":[{"width":1200,"height":750,"url":"https:\/\/akunq.net\/tr\/wp-content\/uploads\/sites\/6\/2026\/04\/Sevag-ve-Garabet-Balikci.webp","type":"image\/webp"}],"author":"admin","twitter_card":"summary_large_image","twitter_misc":{"Written by":"admin","Est. reading time":"3 minutes"},"schema":{"@context":"https:\/\/schema.org","@graph":[{"@type":"Article","@id":"https:\/\/akunq.net\/tr\/?p=86138#article","isPartOf":{"@id":"https:\/\/akunq.net\/tr\/?p=86138"},"author":{"name":"admin","@id":"https:\/\/akunq.net\/tr\/#\/schema\/person\/42a46675f00a8f1e84520e8c56500de3"},"headline":"Sevag ve Garabet Bal\u0131k\u00e7\u0131, mezarlar\u0131 ba\u015f\u0131nda an\u0131ld\u0131","datePublished":"2026-04-26T06:56:04+00:00","dateModified":"2026-04-26T06:59:23+00:00","mainEntityOfPage":{"@id":"https:\/\/akunq.net\/tr\/?p=86138"},"wordCount":818,"commentCount":0,"image":{"@id":"https:\/\/akunq.net\/tr\/?p=86138#primaryimage"},"thumbnailUrl":"https:\/\/akunq.net\/tr\/wp-content\/uploads\/sites\/6\/2026\/04\/Sevag-ve-Garabet-Balikci.webp","articleSection":["Haberler"],"inLanguage":"en-US","potentialAction":[{"@type":"CommentAction","name":"Comment","target":["https:\/\/akunq.net\/tr\/?p=86138#respond"]}]},{"@type":"WebPage","@id":"https:\/\/akunq.net\/tr\/?p=86138","url":"https:\/\/akunq.net\/tr\/?p=86138","name":"Sevag ve Garabet Bal\u0131k\u00e7\u0131, mezarlar\u0131 ba\u015f\u0131nda an\u0131ld\u0131 - Bati Ermenistan Ve Bati Ermenileri Sorunlari Ara\u015ftirmalar Merkezi","isPartOf":{"@id":"https:\/\/akunq.net\/tr\/#website"},"primaryImageOfPage":{"@id":"https:\/\/akunq.net\/tr\/?p=86138#primaryimage"},"image":{"@id":"https:\/\/akunq.net\/tr\/?p=86138#primaryimage"},"thumbnailUrl":"https:\/\/akunq.net\/tr\/wp-content\/uploads\/sites\/6\/2026\/04\/Sevag-ve-Garabet-Balikci.webp","datePublished":"2026-04-26T06:56:04+00:00","dateModified":"2026-04-26T06:59:23+00:00","author":{"@id":"https:\/\/akunq.net\/tr\/#\/schema\/person\/42a46675f00a8f1e84520e8c56500de3"},"breadcrumb":{"@id":"https:\/\/akunq.net\/tr\/?p=86138#breadcrumb"},"inLanguage":"en-US","potentialAction":[{"@type":"ReadAction","target":["https:\/\/akunq.net\/tr\/?p=86138"]}]},{"@type":"ImageObject","inLanguage":"en-US","@id":"https:\/\/akunq.net\/tr\/?p=86138#primaryimage","url":"https:\/\/akunq.net\/tr\/wp-content\/uploads\/sites\/6\/2026\/04\/Sevag-ve-Garabet-Balikci.webp","contentUrl":"https:\/\/akunq.net\/tr\/wp-content\/uploads\/sites\/6\/2026\/04\/Sevag-ve-Garabet-Balikci.webp","width":1200,"height":750},{"@type":"BreadcrumbList","@id":"https:\/\/akunq.net\/tr\/?p=86138#breadcrumb","itemListElement":[{"@type":"ListItem","position":1,"name":"Home","item":"https:\/\/akunq.net\/tr"},{"@type":"ListItem","position":2,"name":"Sevag ve Garabet Bal\u0131k\u00e7\u0131, mezarlar\u0131 ba\u015f\u0131nda an\u0131ld\u0131"}]},{"@type":"WebSite","@id":"https:\/\/akunq.net\/tr\/#website","url":"https:\/\/akunq.net\/tr\/","name":"Bati Ermenistan Ve Bati Ermenileri Sorunlari Ara\u015ftirmalar Merkezi","description":"","potentialAction":[{"@type":"SearchAction","target":{"@type":"EntryPoint","urlTemplate":"https:\/\/akunq.net\/tr\/?s={search_term_string}"},"query-input":{"@type":"PropertyValueSpecification","valueRequired":true,"valueName":"search_term_string"}}],"inLanguage":"en-US"},{"@type":"Person","@id":"https:\/\/akunq.net\/tr\/#\/schema\/person\/42a46675f00a8f1e84520e8c56500de3","name":"admin","url":"https:\/\/akunq.net\/tr\/?author=1"}]}},"_links":{"self":[{"href":"https:\/\/akunq.net\/tr\/index.php?rest_route=\/wp\/v2\/posts\/86138","targetHints":{"allow":["GET"]}}],"collection":[{"href":"https:\/\/akunq.net\/tr\/index.php?rest_route=\/wp\/v2\/posts"}],"about":[{"href":"https:\/\/akunq.net\/tr\/index.php?rest_route=\/wp\/v2\/types\/post"}],"author":[{"embeddable":true,"href":"https:\/\/akunq.net\/tr\/index.php?rest_route=\/wp\/v2\/users\/1"}],"replies":[{"embeddable":true,"href":"https:\/\/akunq.net\/tr\/index.php?rest_route=%2Fwp%2Fv2%2Fcomments&post=86138"}],"version-history":[{"count":2,"href":"https:\/\/akunq.net\/tr\/index.php?rest_route=\/wp\/v2\/posts\/86138\/revisions"}],"predecessor-version":[{"id":86142,"href":"https:\/\/akunq.net\/tr\/index.php?rest_route=\/wp\/v2\/posts\/86138\/revisions\/86142"}],"wp:featuredmedia":[{"embeddable":true,"href":"https:\/\/akunq.net\/tr\/index.php?rest_route=\/wp\/v2\/media\/86139"}],"wp:attachment":[{"href":"https:\/\/akunq.net\/tr\/index.php?rest_route=%2Fwp%2Fv2%2Fmedia&parent=86138"}],"wp:term":[{"taxonomy":"category","embeddable":true,"href":"https:\/\/akunq.net\/tr\/index.php?rest_route=%2Fwp%2Fv2%2Fcategories&post=86138"},{"taxonomy":"post_tag","embeddable":true,"href":"https:\/\/akunq.net\/tr\/index.php?rest_route=%2Fwp%2Fv2%2Ftags&post=86138"}],"curies":[{"name":"wp","href":"https:\/\/api.w.org\/{rel}","templated":true}]}}