{"id":86135,"date":"2026-04-26T01:51:57","date_gmt":"2026-04-26T06:51:57","guid":{"rendered":"https:\/\/akunq.net\/tr\/?p=86135"},"modified":"2026-04-26T01:59:03","modified_gmt":"2026-04-26T06:59:03","slug":"ihdden-24-nisanla-yuzlesme-cagrisi-cezalandirilmayan-suc-islenmeye-devam-eder","status":"publish","type":"post","link":"https:\/\/akunq.net\/tr\/?p=86135","title":{"rendered":"\u0130HD\u2019den \u201924 Nisan\u2019la y\u00fczle\u015fme \u00e7a\u011fr\u0131s\u0131: Cezaland\u0131r\u0131lmayan su\u00e7 i\u015flenmeye devam eder"},"content":{"rendered":"\n<p><strong><em>\u0130HD \u0130stanbul \u015eubesi\u2019nin 24 Nisan a\u00e7\u0131klamas\u0131nda, Ermeni Soyk\u0131r\u0131m\u0131\u2019yla y\u00fczle\u015filmeden toplumsal bar\u0131\u015f\u0131n m\u00fcmk\u00fcn olmayaca\u011f\u0131 vurgulanarak, \u201cTan\u0131, af dile, tazmin et\u201d \u00e7a\u011fr\u0131s\u0131 yinelendi.<\/em><\/strong><\/p>\n\n\n\n<p>Ermeni halk\u0131n\u0131n \u201cMedz Yeghern\u201d (B\u00fcy\u00fck Felaket) olarak adland\u0131rd\u0131\u011f\u0131 s\u00fcrecin ba\u015flang\u0131c\u0131 kabul edilen 24 Nisan 1915\u2019in 111\u2019inci y\u0131l d\u00f6n\u00fcm\u00fcnde, y\u00fczle\u015fme ve adalet \u00e7a\u011fr\u0131lar\u0131 bir kez daha yinelendi.<\/p>\n\n\n\n<p>\u0130nsan Haklar\u0131 Derne\u011fi (\u0130HD) \u0130stanbul \u015eubesi\u2019nde d\u00fczenlenen anma etkinli\u011finde yap\u0131lan a\u00e7\u0131klamada, \u201cErmeni Soyk\u0131r\u0131m\u0131n\u0131 Tan\u0131, Af Dile, Tazmin Et\u201d yaz\u0131l\u0131 pankart a\u00e7\u0131ld\u0131.<br><\/p>\n\n\n\n<p><strong>\u201cAnlamak ve y\u00fczle\u015fmek ihtiya\u00e7\u201d<\/strong><br>\u0130HD Merkez Y\u00fcr\u00fctme Kurulu \u00fcyesi Eren Keskin, her 24 Nisan\u2019da ayn\u0131 \u00e7a\u011fr\u0131y\u0131 yinelediklerini belirterek, \u201cBu \u00e7a\u011fr\u0131y\u0131 yapt\u0131\u011f\u0131m\u0131z i\u00e7in gururluyuz ancak bu b\u00fcy\u00fck su\u00e7un a\u011f\u0131rl\u0131\u011f\u0131n\u0131 da her zaman ta\u015f\u0131yaca\u011f\u0131z\u201d dedi.<\/p>\n\n\n\n<p>DEM Parti MYK \u00fcyesi Murad M\u0131h\u00e7\u0131 ise konu\u015fmas\u0131nda, 1915 ile y\u00fczle\u015filmeden bar\u0131\u015f\u0131n m\u00fcmk\u00fcn olmayaca\u011f\u0131n\u0131 vurgulayarak, \u201c1915\u2019i anlamak ve onunla y\u00fczle\u015fmek \u00e7o\u011funluk toplumlar i\u00e7in bir ihtiya\u00e7t\u0131r. Bu ihtiya\u00e7 kar\u015f\u0131lanmad\u0131k\u00e7a iktidarlar kendilerine d\u00fc\u015fman bulmakta zorlanmayacakt\u0131r\u201d ifadelerini kulland\u0131.<\/p>\n\n\n\n<p><strong>\u201c\u0130nk\u00e2r su\u00e7u s\u00fcrekli k\u0131lar\u201d<\/strong><br>\u00c7ok say\u0131da kurum temsilcisinin kat\u0131ld\u0131\u011f\u0131 a\u00e7\u0131klaman\u0131n ortak metnini \u0130HD \u00fcyesi Meral \u00c7\u0131ld\u0131r okudu. \u00c7\u0131ld\u0131r, Ermeni Soyk\u0131r\u0131m\u0131\u2019n\u0131n ink\u00e2r edilmesi ve faillerin cezaland\u0131r\u0131lmamas\u0131 nedeniyle su\u00e7un devam etti\u011fi vurgulad\u0131.<\/p>\n\n\n\n<p>\u201cCezaland\u0131r\u0131lmayan su\u00e7 i\u015flenmeye devam eder\u201d diyen \u00c7\u0131ld\u0131r, ink\u00e2r\u0131n yaln\u0131zca ge\u00e7mi\u015fi reddetmek olmad\u0131\u011f\u0131; ayn\u0131 zamanda kurbanlar\u0131n torunlar\u0131na y\u00f6nelik s\u00fcreklilik arz eden bir travma anlam\u0131na geldi\u011fi ifade etti.<\/p>\n\n\n\n<p>A\u00e7\u0131klamada, ink\u00e2r\u0131n; failleri aklama, kurbanlar\u0131 su\u00e7lama ve yeni ku\u015faklarda \u0131rk\u00e7\u0131l\u0131\u011f\u0131 besleme i\u015flevi g\u00f6rd\u00fc\u011f\u00fc belirtilerek, son d\u00f6nemde \u0130ttihat ve Terakki liderlerine y\u00f6nelik \u00f6vg\u00fclerin artmas\u0131n\u0131n da bu s\u00fcreci g\u00fc\u00e7lendirdi\u011fi kaydedildi.<\/p>\n\n\n\n<p><strong>\u201cSoyk\u0131r\u0131m\u0131n miras\u0131 s\u00fcr\u00fcyor\u201d<\/strong><br>\u00c7\u0131ld\u0131r, 20. y\u00fczy\u0131l\u0131n ba\u015f\u0131nda Anadolu ve Mezopotamya\u2019da Ermeniler, S\u00fcryani-Asuriler ve Rumlara y\u00f6nelik ger\u00e7ekle\u015ftirilen katliamlar\u0131n ve ink\u00e2r politikalar\u0131n\u0131n, Cumhuriyet d\u00f6nemi boyunca s\u00fcren bir \u201cdevlet akl\u0131\u201d yaratt\u0131\u011f\u0131n\u0131 s\u00f6yledi. Ayr\u0131ca bu miras\u0131n, g\u00fcn\u00fcm\u00fczdeki insan haklar\u0131 ihlallerinin de zeminini olu\u015fturdu\u011fu ifade etti.<\/p>\n\n\n\n<p>\u0130HD a\u00e7\u0131klamas\u0131nda, \u201csoyk\u0131r\u0131m\u201d kavram\u0131n\u0131n uzun s\u00fcre yasakl\u0131 bir ifade haline geldi\u011fini, bu nedenle toplumda oto-sans\u00fcr geli\u015fti\u011fini belirtti. Hak savunucular\u0131, 2005 y\u0131l\u0131nda bu kavram\u0131 a\u00e7\u0131k\u00e7a kullanarak anma d\u00fczenlediklerini ve \u201cTan\u0131, af dile, tazmin et\u201d \u00e7a\u011fr\u0131s\u0131n\u0131 ilk kez o tarihte yapt\u0131klar\u0131n\u0131 hat\u0131rlatt\u0131.<\/p>\n\n\n\n<p><strong>Cezas\u0131zl\u0131k ele\u015ftirisi<\/strong><br>A\u00e7\u0131klamada, soyk\u0131r\u0131m anmalar\u0131na ili\u015fkin yap\u0131lan etkinlikler nedeniyle a\u00e7\u0131lan davalara da de\u011finildi. \u0130HD Dersim \u015eubesi ve Diyarbak\u0131r Barosu hakk\u0131nda a\u00e7\u0131lan davalar\u0131n beraatle sonu\u00e7land\u0131\u011f\u0131, benzer \u015fekilde 2021 y\u0131l\u0131nda \u0130HD \u00fcyeleri hakk\u0131nda a\u00e7\u0131lan davada da beraat karar\u0131 verildi\u011fi belirtildi.<\/p>\n\n\n\n<p>Ancak metinde, yarg\u0131n\u0131n konunun tart\u0131\u015f\u0131lmas\u0131n\u0131 istemedi\u011fi, bask\u0131 ve yasaklamalar\u0131n s\u00fcrd\u00fc\u011f\u00fc ele\u015ftirisi yer ald\u0131.<\/p>\n\n\n\n<p><strong>\u201cSoyk\u0131r\u0131m sadece \u00f6l\u00fcm de\u011fil\u201d<\/strong><br>\u0130HD a\u00e7\u0131klamas\u0131nda, soyk\u0131r\u0131m\u0131n yaln\u0131zca \u00f6ld\u00fcrme eylemiyle s\u0131n\u0131rl\u0131 olmad\u0131\u011f\u0131; s\u00fcrg\u00fcn, a\u00e7l\u0131k, hastal\u0131k, cinsel \u015fiddet ve sistematik ya\u011fmay\u0131 da i\u00e7erdi\u011fi vurguland\u0131. 1915 s\u00fcrecinde el konulan m\u00fclk ve varl\u0131klar\u0131n b\u00fcy\u00fck bir ekonomik boyuta ula\u015ft\u0131\u011f\u0131 ifade edildi.<\/p>\n\n\n\n<p><strong>Sevak Bal\u0131k\u00e7\u0131 unutulmad\u0131<\/strong><br>A\u00e7\u0131klamada ayr\u0131ca, 24 Nisan 2011\u2019de Batman\u2019da askerlik yaparken \u00f6ld\u00fcr\u00fclen Sevak \u015eahin Bal\u0131k\u00e7\u0131 da an\u0131ld\u0131.<\/p>\n\n\n\n<p>\u0130HD, her y\u0131l oldu\u011fu gibi bu y\u0131l da \u00e7a\u011fr\u0131s\u0131n\u0131 yineleyerek, \u201c\u0130nk\u00e2ra son verin. Su\u00e7u b\u00fct\u00fcn hukuki sonu\u00e7lar\u0131yla kabul edin. Ancak o zaman adalet yerini bulabilir\u201d ifadeleriyle a\u00e7\u0131klamas\u0131n\u0131 sonland\u0131rd\u0131.<\/p>\n\n\n\n<hr class=\"wp-block-separator has-alpha-channel-opacity\"\/>\n\n\n\n<p><a href=\"https:\/\/bianet.org\/haber\/ihd-den-24-nisan-la-yuzlesme-cagrisi-cezalandirilmayan-suc-islenmeye-devam-eder-319057\" target=\"_blank\" rel=\"noreferrer noopener\"><strong><em>Bianet<\/em><\/strong><\/a><\/p>\n\n\n\n<p><\/p>\n","protected":false},"excerpt":{"rendered":"<p>\u0130HD \u0130stanbul \u015eubesi\u2019nin 24 Nisan a\u00e7\u0131klamas\u0131nda, Ermeni Soyk\u0131r\u0131m\u0131\u2019yla y\u00fczle\u015filmeden toplumsal bar\u0131\u015f\u0131n m\u00fcmk\u00fcn olmayaca\u011f\u0131 vurgulanarak, \u201cTan\u0131, af dile, tazmin et\u201d \u00e7a\u011fr\u0131s\u0131 yinelendi. Ermeni halk\u0131n\u0131n \u201cMedz Yeghern\u201d (B\u00fcy\u00fck Felaket) olarak adland\u0131rd\u0131\u011f\u0131 s\u00fcrecin ba\u015flang\u0131c\u0131 kabul edilen 24 Nisan 1915\u2019in 111\u2019inci y\u0131l d\u00f6n\u00fcm\u00fcnde, y\u00fczle\u015fme ve adalet \u00e7a\u011fr\u0131lar\u0131 bir kez daha yinelendi. \u0130nsan Haklar\u0131 Derne\u011fi (\u0130HD) \u0130stanbul \u015eubesi\u2019nde d\u00fczenlenen anma [&hellip;]<\/p>\n","protected":false},"author":1,"featured_media":86136,"comment_status":"open","ping_status":"open","sticky":false,"template":"","format":"standard","meta":{"footnotes":""},"categories":[44,1],"tags":[],"class_list":["post-86135","post","type-post","status-publish","format-standard","has-post-thumbnail","hentry","category-ermeni-soykirimi","category-haberler"],"yoast_head":"<!-- This site is optimized with the Yoast SEO plugin v27.4 - https:\/\/yoast.com\/product\/yoast-seo-wordpress\/ -->\n<title>\u0130HD\u2019den \u201924 Nisan\u2019la y\u00fczle\u015fme \u00e7a\u011fr\u0131s\u0131: Cezaland\u0131r\u0131lmayan su\u00e7 i\u015flenmeye devam eder - Bati Ermenistan Ve Bati Ermenileri Sorunlari Ara\u015ftirmalar Merkezi<\/title>\n<meta name=\"robots\" content=\"index, follow, max-snippet:-1, max-image-preview:large, max-video-preview:-1\" \/>\n<link rel=\"canonical\" href=\"https:\/\/akunq.net\/tr\/?p=86135\" \/>\n<meta property=\"og:locale\" content=\"en_US\" \/>\n<meta property=\"og:type\" content=\"article\" \/>\n<meta property=\"og:title\" content=\"\u0130HD\u2019den \u201924 Nisan\u2019la y\u00fczle\u015fme \u00e7a\u011fr\u0131s\u0131: Cezaland\u0131r\u0131lmayan su\u00e7 i\u015flenmeye devam eder - Bati Ermenistan Ve Bati Ermenileri Sorunlari Ara\u015ftirmalar Merkezi\" \/>\n<meta property=\"og:description\" content=\"\u0130HD \u0130stanbul \u015eubesi\u2019nin 24 Nisan a\u00e7\u0131klamas\u0131nda, Ermeni Soyk\u0131r\u0131m\u0131\u2019yla y\u00fczle\u015filmeden toplumsal bar\u0131\u015f\u0131n m\u00fcmk\u00fcn olmayaca\u011f\u0131 vurgulanarak, \u201cTan\u0131, af dile, tazmin et\u201d \u00e7a\u011fr\u0131s\u0131 yinelendi. Ermeni halk\u0131n\u0131n \u201cMedz Yeghern\u201d (B\u00fcy\u00fck Felaket) olarak adland\u0131rd\u0131\u011f\u0131 s\u00fcrecin ba\u015flang\u0131c\u0131 kabul edilen 24 Nisan 1915\u2019in 111\u2019inci y\u0131l d\u00f6n\u00fcm\u00fcnde, y\u00fczle\u015fme ve adalet \u00e7a\u011fr\u0131lar\u0131 bir kez daha yinelendi. \u0130nsan Haklar\u0131 Derne\u011fi (\u0130HD) \u0130stanbul \u015eubesi\u2019nde d\u00fczenlenen anma [&hellip;]\" \/>\n<meta property=\"og:url\" content=\"https:\/\/akunq.net\/tr\/?p=86135\" \/>\n<meta property=\"og:site_name\" content=\"Bati Ermenistan Ve Bati Ermenileri Sorunlari Ara\u015ftirmalar Merkezi\" \/>\n<meta property=\"article:published_time\" content=\"2026-04-26T06:51:57+00:00\" \/>\n<meta property=\"article:modified_time\" content=\"2026-04-26T06:59:03+00:00\" \/>\n<meta property=\"og:image\" content=\"https:\/\/akunq.net\/tr\/wp-content\/uploads\/sites\/6\/2026\/04\/IHD.webp\" \/>\n\t<meta property=\"og:image:width\" content=\"1200\" \/>\n\t<meta property=\"og:image:height\" content=\"750\" \/>\n\t<meta property=\"og:image:type\" content=\"image\/webp\" \/>\n<meta name=\"author\" content=\"admin\" \/>\n<meta name=\"twitter:card\" content=\"summary_large_image\" \/>\n<meta name=\"twitter:label1\" content=\"Written by\" \/>\n\t<meta name=\"twitter:data1\" content=\"admin\" \/>\n\t<meta name=\"twitter:label2\" content=\"Est. reading time\" \/>\n\t<meta name=\"twitter:data2\" content=\"3 minutes\" \/>\n<script type=\"application\/ld+json\" class=\"yoast-schema-graph\">{\"@context\":\"https:\\\/\\\/schema.org\",\"@graph\":[{\"@type\":\"Article\",\"@id\":\"https:\\\/\\\/akunq.net\\\/tr\\\/?p=86135#article\",\"isPartOf\":{\"@id\":\"https:\\\/\\\/akunq.net\\\/tr\\\/?p=86135\"},\"author\":{\"name\":\"admin\",\"@id\":\"https:\\\/\\\/akunq.net\\\/tr\\\/#\\\/schema\\\/person\\\/42a46675f00a8f1e84520e8c56500de3\"},\"headline\":\"\u0130HD\u2019den \u201924 Nisan\u2019la y\u00fczle\u015fme \u00e7a\u011fr\u0131s\u0131: Cezaland\u0131r\u0131lmayan su\u00e7 i\u015flenmeye devam eder\",\"datePublished\":\"2026-04-26T06:51:57+00:00\",\"dateModified\":\"2026-04-26T06:59:03+00:00\",\"mainEntityOfPage\":{\"@id\":\"https:\\\/\\\/akunq.net\\\/tr\\\/?p=86135\"},\"wordCount\":705,\"commentCount\":0,\"image\":{\"@id\":\"https:\\\/\\\/akunq.net\\\/tr\\\/?p=86135#primaryimage\"},\"thumbnailUrl\":\"https:\\\/\\\/akunq.net\\\/tr\\\/wp-content\\\/uploads\\\/sites\\\/6\\\/2026\\\/04\\\/IHD.webp\",\"articleSection\":[\"Ermeni Soyk\u0131r\u0131m\u0131\",\"Haberler\"],\"inLanguage\":\"en-US\",\"potentialAction\":[{\"@type\":\"CommentAction\",\"name\":\"Comment\",\"target\":[\"https:\\\/\\\/akunq.net\\\/tr\\\/?p=86135#respond\"]}]},{\"@type\":\"WebPage\",\"@id\":\"https:\\\/\\\/akunq.net\\\/tr\\\/?p=86135\",\"url\":\"https:\\\/\\\/akunq.net\\\/tr\\\/?p=86135\",\"name\":\"\u0130HD\u2019den \u201924 Nisan\u2019la y\u00fczle\u015fme \u00e7a\u011fr\u0131s\u0131: Cezaland\u0131r\u0131lmayan su\u00e7 i\u015flenmeye devam eder - Bati Ermenistan Ve Bati Ermenileri Sorunlari Ara\u015ftirmalar Merkezi\",\"isPartOf\":{\"@id\":\"https:\\\/\\\/akunq.net\\\/tr\\\/#website\"},\"primaryImageOfPage\":{\"@id\":\"https:\\\/\\\/akunq.net\\\/tr\\\/?p=86135#primaryimage\"},\"image\":{\"@id\":\"https:\\\/\\\/akunq.net\\\/tr\\\/?p=86135#primaryimage\"},\"thumbnailUrl\":\"https:\\\/\\\/akunq.net\\\/tr\\\/wp-content\\\/uploads\\\/sites\\\/6\\\/2026\\\/04\\\/IHD.webp\",\"datePublished\":\"2026-04-26T06:51:57+00:00\",\"dateModified\":\"2026-04-26T06:59:03+00:00\",\"author\":{\"@id\":\"https:\\\/\\\/akunq.net\\\/tr\\\/#\\\/schema\\\/person\\\/42a46675f00a8f1e84520e8c56500de3\"},\"breadcrumb\":{\"@id\":\"https:\\\/\\\/akunq.net\\\/tr\\\/?p=86135#breadcrumb\"},\"inLanguage\":\"en-US\",\"potentialAction\":[{\"@type\":\"ReadAction\",\"target\":[\"https:\\\/\\\/akunq.net\\\/tr\\\/?p=86135\"]}]},{\"@type\":\"ImageObject\",\"inLanguage\":\"en-US\",\"@id\":\"https:\\\/\\\/akunq.net\\\/tr\\\/?p=86135#primaryimage\",\"url\":\"https:\\\/\\\/akunq.net\\\/tr\\\/wp-content\\\/uploads\\\/sites\\\/6\\\/2026\\\/04\\\/IHD.webp\",\"contentUrl\":\"https:\\\/\\\/akunq.net\\\/tr\\\/wp-content\\\/uploads\\\/sites\\\/6\\\/2026\\\/04\\\/IHD.webp\",\"width\":1200,\"height\":750},{\"@type\":\"BreadcrumbList\",\"@id\":\"https:\\\/\\\/akunq.net\\\/tr\\\/?p=86135#breadcrumb\",\"itemListElement\":[{\"@type\":\"ListItem\",\"position\":1,\"name\":\"Home\",\"item\":\"https:\\\/\\\/akunq.net\\\/tr\"},{\"@type\":\"ListItem\",\"position\":2,\"name\":\"\u0130HD\u2019den \u201924 Nisan\u2019la y\u00fczle\u015fme \u00e7a\u011fr\u0131s\u0131: Cezaland\u0131r\u0131lmayan su\u00e7 i\u015flenmeye devam eder\"}]},{\"@type\":\"WebSite\",\"@id\":\"https:\\\/\\\/akunq.net\\\/tr\\\/#website\",\"url\":\"https:\\\/\\\/akunq.net\\\/tr\\\/\",\"name\":\"Bati Ermenistan Ve Bati Ermenileri Sorunlari Ara\u015ftirmalar Merkezi\",\"description\":\"\",\"potentialAction\":[{\"@type\":\"SearchAction\",\"target\":{\"@type\":\"EntryPoint\",\"urlTemplate\":\"https:\\\/\\\/akunq.net\\\/tr\\\/?s={search_term_string}\"},\"query-input\":{\"@type\":\"PropertyValueSpecification\",\"valueRequired\":true,\"valueName\":\"search_term_string\"}}],\"inLanguage\":\"en-US\"},{\"@type\":\"Person\",\"@id\":\"https:\\\/\\\/akunq.net\\\/tr\\\/#\\\/schema\\\/person\\\/42a46675f00a8f1e84520e8c56500de3\",\"name\":\"admin\",\"url\":\"https:\\\/\\\/akunq.net\\\/tr\\\/?author=1\"}]}<\/script>\n<!-- \/ Yoast SEO plugin. -->","yoast_head_json":{"title":"\u0130HD\u2019den \u201924 Nisan\u2019la y\u00fczle\u015fme \u00e7a\u011fr\u0131s\u0131: Cezaland\u0131r\u0131lmayan su\u00e7 i\u015flenmeye devam eder - Bati Ermenistan Ve Bati Ermenileri Sorunlari Ara\u015ftirmalar Merkezi","robots":{"index":"index","follow":"follow","max-snippet":"max-snippet:-1","max-image-preview":"max-image-preview:large","max-video-preview":"max-video-preview:-1"},"canonical":"https:\/\/akunq.net\/tr\/?p=86135","og_locale":"en_US","og_type":"article","og_title":"\u0130HD\u2019den \u201924 Nisan\u2019la y\u00fczle\u015fme \u00e7a\u011fr\u0131s\u0131: Cezaland\u0131r\u0131lmayan su\u00e7 i\u015flenmeye devam eder - Bati Ermenistan Ve Bati Ermenileri Sorunlari Ara\u015ftirmalar Merkezi","og_description":"\u0130HD \u0130stanbul \u015eubesi\u2019nin 24 Nisan a\u00e7\u0131klamas\u0131nda, Ermeni Soyk\u0131r\u0131m\u0131\u2019yla y\u00fczle\u015filmeden toplumsal bar\u0131\u015f\u0131n m\u00fcmk\u00fcn olmayaca\u011f\u0131 vurgulanarak, \u201cTan\u0131, af dile, tazmin et\u201d \u00e7a\u011fr\u0131s\u0131 yinelendi. Ermeni halk\u0131n\u0131n \u201cMedz Yeghern\u201d (B\u00fcy\u00fck Felaket) olarak adland\u0131rd\u0131\u011f\u0131 s\u00fcrecin ba\u015flang\u0131c\u0131 kabul edilen 24 Nisan 1915\u2019in 111\u2019inci y\u0131l d\u00f6n\u00fcm\u00fcnde, y\u00fczle\u015fme ve adalet \u00e7a\u011fr\u0131lar\u0131 bir kez daha yinelendi. \u0130nsan Haklar\u0131 Derne\u011fi (\u0130HD) \u0130stanbul \u015eubesi\u2019nde d\u00fczenlenen anma [&hellip;]","og_url":"https:\/\/akunq.net\/tr\/?p=86135","og_site_name":"Bati Ermenistan Ve Bati Ermenileri Sorunlari Ara\u015ftirmalar Merkezi","article_published_time":"2026-04-26T06:51:57+00:00","article_modified_time":"2026-04-26T06:59:03+00:00","og_image":[{"width":1200,"height":750,"url":"https:\/\/akunq.net\/tr\/wp-content\/uploads\/sites\/6\/2026\/04\/IHD.webp","type":"image\/webp"}],"author":"admin","twitter_card":"summary_large_image","twitter_misc":{"Written by":"admin","Est. reading time":"3 minutes"},"schema":{"@context":"https:\/\/schema.org","@graph":[{"@type":"Article","@id":"https:\/\/akunq.net\/tr\/?p=86135#article","isPartOf":{"@id":"https:\/\/akunq.net\/tr\/?p=86135"},"author":{"name":"admin","@id":"https:\/\/akunq.net\/tr\/#\/schema\/person\/42a46675f00a8f1e84520e8c56500de3"},"headline":"\u0130HD\u2019den \u201924 Nisan\u2019la y\u00fczle\u015fme \u00e7a\u011fr\u0131s\u0131: Cezaland\u0131r\u0131lmayan su\u00e7 i\u015flenmeye devam eder","datePublished":"2026-04-26T06:51:57+00:00","dateModified":"2026-04-26T06:59:03+00:00","mainEntityOfPage":{"@id":"https:\/\/akunq.net\/tr\/?p=86135"},"wordCount":705,"commentCount":0,"image":{"@id":"https:\/\/akunq.net\/tr\/?p=86135#primaryimage"},"thumbnailUrl":"https:\/\/akunq.net\/tr\/wp-content\/uploads\/sites\/6\/2026\/04\/IHD.webp","articleSection":["Ermeni Soyk\u0131r\u0131m\u0131","Haberler"],"inLanguage":"en-US","potentialAction":[{"@type":"CommentAction","name":"Comment","target":["https:\/\/akunq.net\/tr\/?p=86135#respond"]}]},{"@type":"WebPage","@id":"https:\/\/akunq.net\/tr\/?p=86135","url":"https:\/\/akunq.net\/tr\/?p=86135","name":"\u0130HD\u2019den \u201924 Nisan\u2019la y\u00fczle\u015fme \u00e7a\u011fr\u0131s\u0131: Cezaland\u0131r\u0131lmayan su\u00e7 i\u015flenmeye devam eder - Bati Ermenistan Ve Bati Ermenileri Sorunlari Ara\u015ftirmalar Merkezi","isPartOf":{"@id":"https:\/\/akunq.net\/tr\/#website"},"primaryImageOfPage":{"@id":"https:\/\/akunq.net\/tr\/?p=86135#primaryimage"},"image":{"@id":"https:\/\/akunq.net\/tr\/?p=86135#primaryimage"},"thumbnailUrl":"https:\/\/akunq.net\/tr\/wp-content\/uploads\/sites\/6\/2026\/04\/IHD.webp","datePublished":"2026-04-26T06:51:57+00:00","dateModified":"2026-04-26T06:59:03+00:00","author":{"@id":"https:\/\/akunq.net\/tr\/#\/schema\/person\/42a46675f00a8f1e84520e8c56500de3"},"breadcrumb":{"@id":"https:\/\/akunq.net\/tr\/?p=86135#breadcrumb"},"inLanguage":"en-US","potentialAction":[{"@type":"ReadAction","target":["https:\/\/akunq.net\/tr\/?p=86135"]}]},{"@type":"ImageObject","inLanguage":"en-US","@id":"https:\/\/akunq.net\/tr\/?p=86135#primaryimage","url":"https:\/\/akunq.net\/tr\/wp-content\/uploads\/sites\/6\/2026\/04\/IHD.webp","contentUrl":"https:\/\/akunq.net\/tr\/wp-content\/uploads\/sites\/6\/2026\/04\/IHD.webp","width":1200,"height":750},{"@type":"BreadcrumbList","@id":"https:\/\/akunq.net\/tr\/?p=86135#breadcrumb","itemListElement":[{"@type":"ListItem","position":1,"name":"Home","item":"https:\/\/akunq.net\/tr"},{"@type":"ListItem","position":2,"name":"\u0130HD\u2019den \u201924 Nisan\u2019la y\u00fczle\u015fme \u00e7a\u011fr\u0131s\u0131: Cezaland\u0131r\u0131lmayan su\u00e7 i\u015flenmeye devam eder"}]},{"@type":"WebSite","@id":"https:\/\/akunq.net\/tr\/#website","url":"https:\/\/akunq.net\/tr\/","name":"Bati Ermenistan Ve Bati Ermenileri Sorunlari Ara\u015ftirmalar Merkezi","description":"","potentialAction":[{"@type":"SearchAction","target":{"@type":"EntryPoint","urlTemplate":"https:\/\/akunq.net\/tr\/?s={search_term_string}"},"query-input":{"@type":"PropertyValueSpecification","valueRequired":true,"valueName":"search_term_string"}}],"inLanguage":"en-US"},{"@type":"Person","@id":"https:\/\/akunq.net\/tr\/#\/schema\/person\/42a46675f00a8f1e84520e8c56500de3","name":"admin","url":"https:\/\/akunq.net\/tr\/?author=1"}]}},"_links":{"self":[{"href":"https:\/\/akunq.net\/tr\/index.php?rest_route=\/wp\/v2\/posts\/86135","targetHints":{"allow":["GET"]}}],"collection":[{"href":"https:\/\/akunq.net\/tr\/index.php?rest_route=\/wp\/v2\/posts"}],"about":[{"href":"https:\/\/akunq.net\/tr\/index.php?rest_route=\/wp\/v2\/types\/post"}],"author":[{"embeddable":true,"href":"https:\/\/akunq.net\/tr\/index.php?rest_route=\/wp\/v2\/users\/1"}],"replies":[{"embeddable":true,"href":"https:\/\/akunq.net\/tr\/index.php?rest_route=%2Fwp%2Fv2%2Fcomments&post=86135"}],"version-history":[{"count":2,"href":"https:\/\/akunq.net\/tr\/index.php?rest_route=\/wp\/v2\/posts\/86135\/revisions"}],"predecessor-version":[{"id":86141,"href":"https:\/\/akunq.net\/tr\/index.php?rest_route=\/wp\/v2\/posts\/86135\/revisions\/86141"}],"wp:featuredmedia":[{"embeddable":true,"href":"https:\/\/akunq.net\/tr\/index.php?rest_route=\/wp\/v2\/media\/86136"}],"wp:attachment":[{"href":"https:\/\/akunq.net\/tr\/index.php?rest_route=%2Fwp%2Fv2%2Fmedia&parent=86135"}],"wp:term":[{"taxonomy":"category","embeddable":true,"href":"https:\/\/akunq.net\/tr\/index.php?rest_route=%2Fwp%2Fv2%2Fcategories&post=86135"},{"taxonomy":"post_tag","embeddable":true,"href":"https:\/\/akunq.net\/tr\/index.php?rest_route=%2Fwp%2Fv2%2Ftags&post=86135"}],"curies":[{"name":"wp","href":"https:\/\/api.w.org\/{rel}","templated":true}]}}