{"id":86132,"date":"2026-04-26T01:47:15","date_gmt":"2026-04-26T06:47:15","guid":{"rendered":"https:\/\/akunq.net\/tr\/?p=86132"},"modified":"2026-04-26T01:47:16","modified_gmt":"2026-04-26T06:47:16","slug":"ankarada-yine-24-nisan-kararsizligi-erdogan-hayatlarini-kaybeden-osmanli-ermenilerini-msb-ermenilerin-katlettigi-masum-turkleri-andi","status":"publish","type":"post","link":"https:\/\/akunq.net\/tr\/?p=86132","title":{"rendered":"Ankara\u2019da yine 24 Nisan karars\u0131zl\u0131\u011f\u0131: Erdo\u011fan, \u201cHayatlar\u0131n\u0131 kaybeden Osmanl\u0131 Ermenilerini\u201d; MSB, \u201cErmenilerin katletti\u011fi masum T\u00fcrkler\u201di and\u0131"},"content":{"rendered":"\n<p><strong><em>Erdo\u011fan, 24 Nisan i\u00e7in Ermeni toplumuna hitaben, \u201cBirinci D\u00fcnya Sava\u015f\u0131\u2019n\u0131n zorlu \u015fartlar\u0131nda hayatlar\u0131n\u0131 kaybeden Osmanl\u0131 Ermenilerini bu y\u0131l da sayg\u0131yla an\u0131yor, torunlar\u0131na bir kez daha taziyelerimi iletiyorum\u201d ifadelerinin yer ald\u0131\u011f\u0131 taziye mesaj\u0131 payla\u015f\u0131rken; Milli Savunma Bakanl\u0131\u011f\u0131 da \u201c1915 olaylar\u0131nda Ermeniler taraf\u0131ndan ac\u0131mas\u0131zca katledilen savunmas\u0131z ve masum T\u00fcrkleri rahmetle y\u00e2d ediyoruz\u201d tweeti att\u0131.<\/em><\/strong><\/p>\n\n\n\n<p>Cumhurba\u015fkan\u0131 Recep Tayyip Erdo\u011fan ile Milli Savunma Bakanl\u0131\u011f\u0131, 1915\u2019teki Ermeni Tehciri\u2019nin ba\u015flang\u0131\u00e7 tarihi olarak kabul edilen 24 Nisan\u2019\u0131n 111\u2019inci y\u0131ld\u00f6n\u00fcm\u00fcyle ilgili fark\u0131 y\u00f6nde a\u00e7\u0131klamalar yapt\u0131.<\/p>\n\n\n\n<h2 class=\"wp-block-heading\"><strong>MSB: \u201cErmenilerin katletti\u011fi masum T\u00fcrkleri rahmetle yad ediyoruz\u201d<\/strong><\/h2>\n\n\n\n<p>Milli Savunma Bakanl\u0131\u011f\u0131\u2019n\u0131n X hesab\u0131ndan, \u201c1915 olaylar\u0131nda Ermeniler taraf\u0131ndan ac\u0131mas\u0131zca katledilen savunmas\u0131z ve masum T\u00fcrkleri rahmetle y\u00e2d ediyoruz\u201d mesaj\u0131 payla\u015f\u0131ld\u0131.<\/p>\n\n\n\n<p><strong>Erdo\u011fan: \u201cHayatlar\u0131n\u0131 kaybeden Osmanl\u0131 Ermenilerini sayg\u0131yla an\u0131yor, torunlar\u0131na taziyelerimi iletiyorum\u201d<\/strong><\/p>\n\n\n\n<p>Cumhurba\u015fkan\u0131 Recep Tayyip Erdo\u011fan ise 2012 y\u0131l\u0131ndan bu yana her y\u0131l oldu\u011fu gibi 24 Nisan i\u00e7in T\u00fcrkiye Ermenileri Patrikli\u011fi ve T\u00fcrkiye Ermeni toplumuna hitaben taziye mesaj\u0131 yay\u0131nlad\u0131.&nbsp;<\/p>\n\n\n\n<p>Erdo\u011fan\u2019\u0131n, Alt\u0131mermer Surp Hagop Kilisesi\u2019ndeki \u201cKutsal \u015eehitleri Anma Ayini\u201dnde Patrik Vekili K\u0131demli Peder Kirkor Damadyan taraf\u0131ndan okunan mesaj\u0131 \u015f\u00f6yle:<\/p>\n\n\n\n<p>\u201cT\u00fcrkiye Ermenileri Patri\u011fi say\u0131n Sahak Ma\u015falyan, Ermeni Toplumunun k\u0131ymetli mensuplar\u0131, de\u011ferli vatanda\u015flar\u0131m, sizleri en kalbi duygular\u0131mla, muhabbetle selaml\u0131yorum.<\/p>\n\n\n\n<p>Birinci D\u00fcnya Sava\u015f\u0131\u2019n\u0131n zorlu \u015fartlar\u0131nda hayatlar\u0131n\u0131 kaybeden Osmanl\u0131 Ermenilerini bu y\u0131l da sayg\u0131yla an\u0131yor, torunlar\u0131na bir kez daha taziyelerimi iletiyorum.<\/p>\n\n\n\n<p>Osmanl\u0131 \u0130mparatorlu\u011fu\u2019nun da\u011f\u0131lma s\u00fcrecinde i\u015fgal, \u00e7at\u0131\u015fma, isyan, \u00e7ete hareketleri, tedhi\u015f eylemleri ve salg\u0131n hastal\u0131k gibi sair nedenlerle hayatlar\u0131n\u0131 kaybedenler, Balkanlar, Kafkaslar ve Arap yar\u0131madas\u0131ndaki topraklar\u0131ndan s\u00fcr\u00fclenler, Anadolu\u2019nun d\u00f6rt bir k\u00f6\u015fesinde evlerine ate\u015f d\u00fc\u015fen t\u00fcm Osmanl\u0131 halklar\u0131 derin ac\u0131lar \u00e7ekmi\u015ftir.<\/p>\n\n\n\n<p>Osmanl\u0131 \u0130mparatorlu\u011fu idaresi alt\u0131nda be\u015fer\u00ee hayat\u0131n her alan\u0131nda var olmu\u015f ve de\u011ferli katk\u0131larda bulunmu\u015f Osmanl\u0131 vatanda\u015f\u0131 Ermeniler aras\u0131nda da ne yaz\u0131k ki b\u00fcy\u00fck ac\u0131lar ya\u015fayanlar olmu\u015ftur.<\/p>\n\n\n\n<p>T\u00fcrkiye Cumhuriyeti\u2019ni bu ac\u0131lar\u0131 unutmadan, ama bunlarla ba\u015f etmesini bilerek kurmay\u0131 ba\u015fard\u0131k. Huzur, bar\u0131\u015f ve karde\u015flik temelinde daha g\u00fczel g\u00fcnlere ula\u015fmak i\u00e7in, etnik ve dini kimli\u011fine bakmaks\u0131z\u0131n t\u00fcm vatanda\u015flar\u0131m\u0131zla, dostlar\u0131m\u0131zla birlikte \u00e7al\u0131\u015f\u0131yor, m\u00fccadele ediyoruz.<\/p>\n\n\n\n<p>Gelecek nesillere k\u00f6t\u00fc hat\u0131ralar\u0131 de\u011fil, do\u011frular\u0131 vicdan diliyle bulu\u015fturdu\u011fumuz bir gelece\u011fi miras b\u0131rakman\u0131n gayreti i\u00e7indeyiz. Tarihten husumet \u00e7\u0131karmak isteyenlere kar\u015f\u0131 en g\u00fczel cevab\u0131, ideolojik kal\u0131plara hapsolmaks\u0131z\u0131n bar\u0131\u015f, empati ve diyalog dilini \u00fcst\u00fcn tutan, \u00e7at\u0131\u015fmay\u0131 de\u011fil, uzla\u015f\u0131y\u0131 temel alan bir yakla\u015f\u0131mla veriyoruz. 86 milyon olarak, istikbalimizi ve torunlar\u0131m\u0131za b\u0131rakaca\u011f\u0131m\u0131z miras\u0131m\u0131z\u0131 birlikte in\u015fa edece\u011fiz.<\/p>\n\n\n\n<p>Bu d\u00fc\u015f\u00fcncelerle, Ermeni toplumunun ge\u00e7mi\u015fte ya\u015fad\u0131\u011f\u0131 ac\u0131lar\u0131 payla\u015ft\u0131\u011f\u0131m\u0131 tekrarl\u0131yor, hayatlar\u0131n\u0131 kaybeden t\u00fcm Osmanl\u0131 vatanda\u015flar\u0131n\u0131 bir kez daha sayg\u0131yla y\u00e2d ediyorum.\u201d<\/p>\n\n\n\n<h2 class=\"wp-block-heading\"><strong>Ge\u00e7en y\u0131l da Erdo\u011fan ve MSB farkl\u0131 mesajlar payla\u015fm\u0131\u015ft\u0131<\/strong><\/h2>\n\n\n\n<p>Erdo\u011fan, ge\u00e7en y\u0131l 24 Nisan\u2019da da Ermeni toplumuna \u201cac\u0131lar\u0131 y\u00fcre\u011fimizde hissediyoruz\u201d ifadesine yer verdi\u011fi mesaj payla\u015f\u0131rken, Milli Savunma Bakanl\u0131\u011f\u0131\u2019ndan yine \u201c1915 olaylar\u0131nda Ermeniler taraf\u0131ndan katledilen savunmas\u0131z ve masum T\u00fcrkleri rahmetle yad ediyoruz\u201d mesaj\u0131 payla\u015f\u0131lm\u0131\u015ft\u0131.<\/p>\n\n\n\n<p><a href=\"https:\/\/serbestiyet.com\/haberler\/ankarada-yine-24-nisan-kararsizligi-erdogan-hayatlarini-kaybeden-osmanli-ermenilerini-msb-ermenilerin-katlettigi-masum-turkleri-andi-238430\"><strong><em>https:\/\/serbestiyet.com\/haberler\/ankarada-yine-24-nisan-kararsizligi-erdogan-hayatlarini-kaybeden-osmanli-ermenilerini-msb-ermenilerin-katlettigi-masum-turkleri-andi-238430<\/em><\/strong><\/a><\/p>\n","protected":false},"excerpt":{"rendered":"<p>Erdo\u011fan, 24 Nisan i\u00e7in Ermeni toplumuna hitaben, \u201cBirinci D\u00fcnya Sava\u015f\u0131\u2019n\u0131n zorlu \u015fartlar\u0131nda hayatlar\u0131n\u0131 kaybeden Osmanl\u0131 Ermenilerini bu y\u0131l da sayg\u0131yla an\u0131yor, torunlar\u0131na bir kez daha taziyelerimi iletiyorum\u201d ifadelerinin yer ald\u0131\u011f\u0131 taziye mesaj\u0131 payla\u015f\u0131rken; Milli Savunma Bakanl\u0131\u011f\u0131 da \u201c1915 olaylar\u0131nda Ermeniler taraf\u0131ndan ac\u0131mas\u0131zca katledilen savunmas\u0131z ve masum T\u00fcrkleri rahmetle y\u00e2d ediyoruz\u201d tweeti att\u0131. Cumhurba\u015fkan\u0131 Recep Tayyip [&hellip;]<\/p>\n","protected":false},"author":1,"featured_media":86133,"comment_status":"open","ping_status":"open","sticky":false,"template":"","format":"standard","meta":{"footnotes":""},"categories":[44,1],"tags":[],"class_list":["post-86132","post","type-post","status-publish","format-standard","has-post-thumbnail","hentry","category-ermeni-soykirimi","category-haberler"],"yoast_head":"<!-- This site is optimized with the Yoast SEO plugin v27.4 - https:\/\/yoast.com\/product\/yoast-seo-wordpress\/ -->\n<title>Ankara\u2019da yine 24 Nisan karars\u0131zl\u0131\u011f\u0131: Erdo\u011fan, \u201cHayatlar\u0131n\u0131 kaybeden Osmanl\u0131 Ermenilerini\u201d; MSB, \u201cErmenilerin katletti\u011fi masum T\u00fcrkler\u201di and\u0131 - Bati Ermenistan Ve Bati Ermenileri Sorunlari Ara\u015ftirmalar Merkezi<\/title>\n<meta name=\"robots\" content=\"index, follow, max-snippet:-1, max-image-preview:large, max-video-preview:-1\" \/>\n<link rel=\"canonical\" href=\"https:\/\/akunq.net\/tr\/?p=86132\" \/>\n<meta property=\"og:locale\" content=\"en_US\" \/>\n<meta property=\"og:type\" content=\"article\" \/>\n<meta property=\"og:title\" content=\"Ankara\u2019da yine 24 Nisan karars\u0131zl\u0131\u011f\u0131: Erdo\u011fan, \u201cHayatlar\u0131n\u0131 kaybeden Osmanl\u0131 Ermenilerini\u201d; MSB, \u201cErmenilerin katletti\u011fi masum T\u00fcrkler\u201di and\u0131 - Bati Ermenistan Ve Bati Ermenileri Sorunlari Ara\u015ftirmalar Merkezi\" \/>\n<meta property=\"og:description\" content=\"Erdo\u011fan, 24 Nisan i\u00e7in Ermeni toplumuna hitaben, \u201cBirinci D\u00fcnya Sava\u015f\u0131\u2019n\u0131n zorlu \u015fartlar\u0131nda hayatlar\u0131n\u0131 kaybeden Osmanl\u0131 Ermenilerini bu y\u0131l da sayg\u0131yla an\u0131yor, torunlar\u0131na bir kez daha taziyelerimi iletiyorum\u201d ifadelerinin yer ald\u0131\u011f\u0131 taziye mesaj\u0131 payla\u015f\u0131rken; Milli Savunma Bakanl\u0131\u011f\u0131 da \u201c1915 olaylar\u0131nda Ermeniler taraf\u0131ndan ac\u0131mas\u0131zca katledilen savunmas\u0131z ve masum T\u00fcrkleri rahmetle y\u00e2d ediyoruz\u201d tweeti att\u0131. Cumhurba\u015fkan\u0131 Recep Tayyip [&hellip;]\" \/>\n<meta property=\"og:url\" content=\"https:\/\/akunq.net\/tr\/?p=86132\" \/>\n<meta property=\"og:site_name\" content=\"Bati Ermenistan Ve Bati Ermenileri Sorunlari Ara\u015ftirmalar Merkezi\" \/>\n<meta property=\"article:published_time\" content=\"2026-04-26T06:47:15+00:00\" \/>\n<meta property=\"article:modified_time\" content=\"2026-04-26T06:47:16+00:00\" \/>\n<meta property=\"og:image\" content=\"https:\/\/akunq.net\/tr\/wp-content\/uploads\/sites\/6\/2026\/04\/24-Nisan-1.webp\" \/>\n\t<meta property=\"og:image:width\" content=\"454\" \/>\n\t<meta property=\"og:image:height\" content=\"302\" \/>\n\t<meta property=\"og:image:type\" content=\"image\/webp\" \/>\n<meta name=\"author\" content=\"admin\" \/>\n<meta name=\"twitter:card\" content=\"summary_large_image\" \/>\n<meta name=\"twitter:label1\" content=\"Written by\" \/>\n\t<meta name=\"twitter:data1\" content=\"admin\" \/>\n\t<meta name=\"twitter:label2\" content=\"Est. reading time\" \/>\n\t<meta name=\"twitter:data2\" content=\"3 minutes\" \/>\n<script type=\"application\/ld+json\" class=\"yoast-schema-graph\">{\"@context\":\"https:\\\/\\\/schema.org\",\"@graph\":[{\"@type\":\"Article\",\"@id\":\"https:\\\/\\\/akunq.net\\\/tr\\\/?p=86132#article\",\"isPartOf\":{\"@id\":\"https:\\\/\\\/akunq.net\\\/tr\\\/?p=86132\"},\"author\":{\"name\":\"admin\",\"@id\":\"https:\\\/\\\/akunq.net\\\/tr\\\/#\\\/schema\\\/person\\\/42a46675f00a8f1e84520e8c56500de3\"},\"headline\":\"Ankara\u2019da yine 24 Nisan karars\u0131zl\u0131\u011f\u0131: Erdo\u011fan, \u201cHayatlar\u0131n\u0131 kaybeden Osmanl\u0131 Ermenilerini\u201d; MSB, \u201cErmenilerin katletti\u011fi masum T\u00fcrkler\u201di and\u0131\",\"datePublished\":\"2026-04-26T06:47:15+00:00\",\"dateModified\":\"2026-04-26T06:47:16+00:00\",\"mainEntityOfPage\":{\"@id\":\"https:\\\/\\\/akunq.net\\\/tr\\\/?p=86132\"},\"wordCount\":637,\"commentCount\":0,\"image\":{\"@id\":\"https:\\\/\\\/akunq.net\\\/tr\\\/?p=86132#primaryimage\"},\"thumbnailUrl\":\"https:\\\/\\\/akunq.net\\\/tr\\\/wp-content\\\/uploads\\\/sites\\\/6\\\/2026\\\/04\\\/24-Nisan-1.webp\",\"articleSection\":[\"Ermeni Soyk\u0131r\u0131m\u0131\",\"Haberler\"],\"inLanguage\":\"en-US\",\"potentialAction\":[{\"@type\":\"CommentAction\",\"name\":\"Comment\",\"target\":[\"https:\\\/\\\/akunq.net\\\/tr\\\/?p=86132#respond\"]}]},{\"@type\":\"WebPage\",\"@id\":\"https:\\\/\\\/akunq.net\\\/tr\\\/?p=86132\",\"url\":\"https:\\\/\\\/akunq.net\\\/tr\\\/?p=86132\",\"name\":\"Ankara\u2019da yine 24 Nisan karars\u0131zl\u0131\u011f\u0131: Erdo\u011fan, \u201cHayatlar\u0131n\u0131 kaybeden Osmanl\u0131 Ermenilerini\u201d; MSB, \u201cErmenilerin katletti\u011fi masum T\u00fcrkler\u201di and\u0131 - Bati Ermenistan Ve Bati Ermenileri Sorunlari Ara\u015ftirmalar Merkezi\",\"isPartOf\":{\"@id\":\"https:\\\/\\\/akunq.net\\\/tr\\\/#website\"},\"primaryImageOfPage\":{\"@id\":\"https:\\\/\\\/akunq.net\\\/tr\\\/?p=86132#primaryimage\"},\"image\":{\"@id\":\"https:\\\/\\\/akunq.net\\\/tr\\\/?p=86132#primaryimage\"},\"thumbnailUrl\":\"https:\\\/\\\/akunq.net\\\/tr\\\/wp-content\\\/uploads\\\/sites\\\/6\\\/2026\\\/04\\\/24-Nisan-1.webp\",\"datePublished\":\"2026-04-26T06:47:15+00:00\",\"dateModified\":\"2026-04-26T06:47:16+00:00\",\"author\":{\"@id\":\"https:\\\/\\\/akunq.net\\\/tr\\\/#\\\/schema\\\/person\\\/42a46675f00a8f1e84520e8c56500de3\"},\"breadcrumb\":{\"@id\":\"https:\\\/\\\/akunq.net\\\/tr\\\/?p=86132#breadcrumb\"},\"inLanguage\":\"en-US\",\"potentialAction\":[{\"@type\":\"ReadAction\",\"target\":[\"https:\\\/\\\/akunq.net\\\/tr\\\/?p=86132\"]}]},{\"@type\":\"ImageObject\",\"inLanguage\":\"en-US\",\"@id\":\"https:\\\/\\\/akunq.net\\\/tr\\\/?p=86132#primaryimage\",\"url\":\"https:\\\/\\\/akunq.net\\\/tr\\\/wp-content\\\/uploads\\\/sites\\\/6\\\/2026\\\/04\\\/24-Nisan-1.webp\",\"contentUrl\":\"https:\\\/\\\/akunq.net\\\/tr\\\/wp-content\\\/uploads\\\/sites\\\/6\\\/2026\\\/04\\\/24-Nisan-1.webp\",\"width\":454,\"height\":302},{\"@type\":\"BreadcrumbList\",\"@id\":\"https:\\\/\\\/akunq.net\\\/tr\\\/?p=86132#breadcrumb\",\"itemListElement\":[{\"@type\":\"ListItem\",\"position\":1,\"name\":\"Home\",\"item\":\"https:\\\/\\\/akunq.net\\\/tr\"},{\"@type\":\"ListItem\",\"position\":2,\"name\":\"Ankara\u2019da yine 24 Nisan karars\u0131zl\u0131\u011f\u0131: Erdo\u011fan, \u201cHayatlar\u0131n\u0131 kaybeden Osmanl\u0131 Ermenilerini\u201d; MSB, \u201cErmenilerin katletti\u011fi masum T\u00fcrkler\u201di and\u0131\"}]},{\"@type\":\"WebSite\",\"@id\":\"https:\\\/\\\/akunq.net\\\/tr\\\/#website\",\"url\":\"https:\\\/\\\/akunq.net\\\/tr\\\/\",\"name\":\"Bati Ermenistan Ve Bati Ermenileri Sorunlari Ara\u015ftirmalar Merkezi\",\"description\":\"\",\"potentialAction\":[{\"@type\":\"SearchAction\",\"target\":{\"@type\":\"EntryPoint\",\"urlTemplate\":\"https:\\\/\\\/akunq.net\\\/tr\\\/?s={search_term_string}\"},\"query-input\":{\"@type\":\"PropertyValueSpecification\",\"valueRequired\":true,\"valueName\":\"search_term_string\"}}],\"inLanguage\":\"en-US\"},{\"@type\":\"Person\",\"@id\":\"https:\\\/\\\/akunq.net\\\/tr\\\/#\\\/schema\\\/person\\\/42a46675f00a8f1e84520e8c56500de3\",\"name\":\"admin\",\"url\":\"https:\\\/\\\/akunq.net\\\/tr\\\/?author=1\"}]}<\/script>\n<!-- \/ Yoast SEO plugin. -->","yoast_head_json":{"title":"Ankara\u2019da yine 24 Nisan karars\u0131zl\u0131\u011f\u0131: Erdo\u011fan, \u201cHayatlar\u0131n\u0131 kaybeden Osmanl\u0131 Ermenilerini\u201d; MSB, \u201cErmenilerin katletti\u011fi masum T\u00fcrkler\u201di and\u0131 - Bati Ermenistan Ve Bati Ermenileri Sorunlari Ara\u015ftirmalar Merkezi","robots":{"index":"index","follow":"follow","max-snippet":"max-snippet:-1","max-image-preview":"max-image-preview:large","max-video-preview":"max-video-preview:-1"},"canonical":"https:\/\/akunq.net\/tr\/?p=86132","og_locale":"en_US","og_type":"article","og_title":"Ankara\u2019da yine 24 Nisan karars\u0131zl\u0131\u011f\u0131: Erdo\u011fan, \u201cHayatlar\u0131n\u0131 kaybeden Osmanl\u0131 Ermenilerini\u201d; MSB, \u201cErmenilerin katletti\u011fi masum T\u00fcrkler\u201di and\u0131 - Bati Ermenistan Ve Bati Ermenileri Sorunlari Ara\u015ftirmalar Merkezi","og_description":"Erdo\u011fan, 24 Nisan i\u00e7in Ermeni toplumuna hitaben, \u201cBirinci D\u00fcnya Sava\u015f\u0131\u2019n\u0131n zorlu \u015fartlar\u0131nda hayatlar\u0131n\u0131 kaybeden Osmanl\u0131 Ermenilerini bu y\u0131l da sayg\u0131yla an\u0131yor, torunlar\u0131na bir kez daha taziyelerimi iletiyorum\u201d ifadelerinin yer ald\u0131\u011f\u0131 taziye mesaj\u0131 payla\u015f\u0131rken; Milli Savunma Bakanl\u0131\u011f\u0131 da \u201c1915 olaylar\u0131nda Ermeniler taraf\u0131ndan ac\u0131mas\u0131zca katledilen savunmas\u0131z ve masum T\u00fcrkleri rahmetle y\u00e2d ediyoruz\u201d tweeti att\u0131. Cumhurba\u015fkan\u0131 Recep Tayyip [&hellip;]","og_url":"https:\/\/akunq.net\/tr\/?p=86132","og_site_name":"Bati Ermenistan Ve Bati Ermenileri Sorunlari Ara\u015ftirmalar Merkezi","article_published_time":"2026-04-26T06:47:15+00:00","article_modified_time":"2026-04-26T06:47:16+00:00","og_image":[{"width":454,"height":302,"url":"https:\/\/akunq.net\/tr\/wp-content\/uploads\/sites\/6\/2026\/04\/24-Nisan-1.webp","type":"image\/webp"}],"author":"admin","twitter_card":"summary_large_image","twitter_misc":{"Written by":"admin","Est. reading time":"3 minutes"},"schema":{"@context":"https:\/\/schema.org","@graph":[{"@type":"Article","@id":"https:\/\/akunq.net\/tr\/?p=86132#article","isPartOf":{"@id":"https:\/\/akunq.net\/tr\/?p=86132"},"author":{"name":"admin","@id":"https:\/\/akunq.net\/tr\/#\/schema\/person\/42a46675f00a8f1e84520e8c56500de3"},"headline":"Ankara\u2019da yine 24 Nisan karars\u0131zl\u0131\u011f\u0131: Erdo\u011fan, \u201cHayatlar\u0131n\u0131 kaybeden Osmanl\u0131 Ermenilerini\u201d; MSB, \u201cErmenilerin katletti\u011fi masum T\u00fcrkler\u201di and\u0131","datePublished":"2026-04-26T06:47:15+00:00","dateModified":"2026-04-26T06:47:16+00:00","mainEntityOfPage":{"@id":"https:\/\/akunq.net\/tr\/?p=86132"},"wordCount":637,"commentCount":0,"image":{"@id":"https:\/\/akunq.net\/tr\/?p=86132#primaryimage"},"thumbnailUrl":"https:\/\/akunq.net\/tr\/wp-content\/uploads\/sites\/6\/2026\/04\/24-Nisan-1.webp","articleSection":["Ermeni Soyk\u0131r\u0131m\u0131","Haberler"],"inLanguage":"en-US","potentialAction":[{"@type":"CommentAction","name":"Comment","target":["https:\/\/akunq.net\/tr\/?p=86132#respond"]}]},{"@type":"WebPage","@id":"https:\/\/akunq.net\/tr\/?p=86132","url":"https:\/\/akunq.net\/tr\/?p=86132","name":"Ankara\u2019da yine 24 Nisan karars\u0131zl\u0131\u011f\u0131: Erdo\u011fan, \u201cHayatlar\u0131n\u0131 kaybeden Osmanl\u0131 Ermenilerini\u201d; MSB, \u201cErmenilerin katletti\u011fi masum T\u00fcrkler\u201di and\u0131 - Bati Ermenistan Ve Bati Ermenileri Sorunlari Ara\u015ftirmalar Merkezi","isPartOf":{"@id":"https:\/\/akunq.net\/tr\/#website"},"primaryImageOfPage":{"@id":"https:\/\/akunq.net\/tr\/?p=86132#primaryimage"},"image":{"@id":"https:\/\/akunq.net\/tr\/?p=86132#primaryimage"},"thumbnailUrl":"https:\/\/akunq.net\/tr\/wp-content\/uploads\/sites\/6\/2026\/04\/24-Nisan-1.webp","datePublished":"2026-04-26T06:47:15+00:00","dateModified":"2026-04-26T06:47:16+00:00","author":{"@id":"https:\/\/akunq.net\/tr\/#\/schema\/person\/42a46675f00a8f1e84520e8c56500de3"},"breadcrumb":{"@id":"https:\/\/akunq.net\/tr\/?p=86132#breadcrumb"},"inLanguage":"en-US","potentialAction":[{"@type":"ReadAction","target":["https:\/\/akunq.net\/tr\/?p=86132"]}]},{"@type":"ImageObject","inLanguage":"en-US","@id":"https:\/\/akunq.net\/tr\/?p=86132#primaryimage","url":"https:\/\/akunq.net\/tr\/wp-content\/uploads\/sites\/6\/2026\/04\/24-Nisan-1.webp","contentUrl":"https:\/\/akunq.net\/tr\/wp-content\/uploads\/sites\/6\/2026\/04\/24-Nisan-1.webp","width":454,"height":302},{"@type":"BreadcrumbList","@id":"https:\/\/akunq.net\/tr\/?p=86132#breadcrumb","itemListElement":[{"@type":"ListItem","position":1,"name":"Home","item":"https:\/\/akunq.net\/tr"},{"@type":"ListItem","position":2,"name":"Ankara\u2019da yine 24 Nisan karars\u0131zl\u0131\u011f\u0131: Erdo\u011fan, \u201cHayatlar\u0131n\u0131 kaybeden Osmanl\u0131 Ermenilerini\u201d; MSB, \u201cErmenilerin katletti\u011fi masum T\u00fcrkler\u201di and\u0131"}]},{"@type":"WebSite","@id":"https:\/\/akunq.net\/tr\/#website","url":"https:\/\/akunq.net\/tr\/","name":"Bati Ermenistan Ve Bati Ermenileri Sorunlari Ara\u015ftirmalar Merkezi","description":"","potentialAction":[{"@type":"SearchAction","target":{"@type":"EntryPoint","urlTemplate":"https:\/\/akunq.net\/tr\/?s={search_term_string}"},"query-input":{"@type":"PropertyValueSpecification","valueRequired":true,"valueName":"search_term_string"}}],"inLanguage":"en-US"},{"@type":"Person","@id":"https:\/\/akunq.net\/tr\/#\/schema\/person\/42a46675f00a8f1e84520e8c56500de3","name":"admin","url":"https:\/\/akunq.net\/tr\/?author=1"}]}},"_links":{"self":[{"href":"https:\/\/akunq.net\/tr\/index.php?rest_route=\/wp\/v2\/posts\/86132","targetHints":{"allow":["GET"]}}],"collection":[{"href":"https:\/\/akunq.net\/tr\/index.php?rest_route=\/wp\/v2\/posts"}],"about":[{"href":"https:\/\/akunq.net\/tr\/index.php?rest_route=\/wp\/v2\/types\/post"}],"author":[{"embeddable":true,"href":"https:\/\/akunq.net\/tr\/index.php?rest_route=\/wp\/v2\/users\/1"}],"replies":[{"embeddable":true,"href":"https:\/\/akunq.net\/tr\/index.php?rest_route=%2Fwp%2Fv2%2Fcomments&post=86132"}],"version-history":[{"count":1,"href":"https:\/\/akunq.net\/tr\/index.php?rest_route=\/wp\/v2\/posts\/86132\/revisions"}],"predecessor-version":[{"id":86134,"href":"https:\/\/akunq.net\/tr\/index.php?rest_route=\/wp\/v2\/posts\/86132\/revisions\/86134"}],"wp:featuredmedia":[{"embeddable":true,"href":"https:\/\/akunq.net\/tr\/index.php?rest_route=\/wp\/v2\/media\/86133"}],"wp:attachment":[{"href":"https:\/\/akunq.net\/tr\/index.php?rest_route=%2Fwp%2Fv2%2Fmedia&parent=86132"}],"wp:term":[{"taxonomy":"category","embeddable":true,"href":"https:\/\/akunq.net\/tr\/index.php?rest_route=%2Fwp%2Fv2%2Fcategories&post=86132"},{"taxonomy":"post_tag","embeddable":true,"href":"https:\/\/akunq.net\/tr\/index.php?rest_route=%2Fwp%2Fv2%2Ftags&post=86132"}],"curies":[{"name":"wp","href":"https:\/\/api.w.org\/{rel}","templated":true}]}}