{"id":86126,"date":"2026-04-26T01:38:58","date_gmt":"2026-04-26T06:38:58","guid":{"rendered":"https:\/\/akunq.net\/tr\/?p=86126"},"modified":"2026-04-26T01:38:58","modified_gmt":"2026-04-26T06:38:58","slug":"ermenilerin-direnisci-kadinlari-arminohi-ve-maro-sanatla-tanitiliyor","status":"publish","type":"post","link":"https:\/\/akunq.net\/tr\/?p=86126","title":{"rendered":"Ermenilerin direni\u015f\u00e7i kad\u0131nlar\u0131 \u2018Arm\u00eenoh\u00ee\u2019 ve \u2018Maro\u2019 sanatla tan\u0131t\u0131l\u0131yor"},"content":{"rendered":"\n<p><em><strong>Osmanl\u0131\u2019ya kar\u015f\u0131 m\u00fccadelede ya\u015fam\u0131n\u0131 yitiren, ancak tarihsel kay\u0131tlarda yeterince yer almayan Ermeni kad\u0131n direni\u015f\u00e7iler \u2018Arm\u00eenoh\u00ee\u2019 ve \u2018Maro\u2019, Hesek\u00ea\u2019de g\u00f6rsel-i\u015fitsel panorama t\u00fcr\u00fcndeki bir k\u00fclt\u00fcrel eserle tan\u0131t\u0131l\u0131yor<\/strong>.<\/em><\/p>\n\n\n\n<p>24 Nisan 1915, Ermeni soyk\u0131r\u0131m\u0131n\u0131n ba\u015flang\u0131\u00e7 g\u00fcn\u00fc olarak kabul edilmektedir. Bu soyk\u0131r\u0131m, I. D\u00fcnya Sava\u015f\u0131 y\u0131llar\u0131nda (1914-1918) Osmanl\u0131 \u0130mparatorlu\u011fu taraf\u0131ndan Ermenilere, S\u00fcryanilere, Asurilere ve Keldanilere kar\u015f\u0131 ger\u00e7ekle\u015ftirildi. Bu s\u00fcrecin hedefi, Ermeni toplumunun kendi topraklar\u0131ndan zorla \u00e7\u0131kar\u0131lmas\u0131 ve yok edilmesiydi. \u00c7ok say\u0131da \u00fclke ve uluslararas\u0131 kurulu\u015f bu olay\u0131 \u201csoyk\u0131r\u0131m\u201d olarak tan\u0131rken, T\u00fcrkiye bu ger\u00e7e\u011fi kabul etmiyor ve resmi olarak tan\u0131m\u0131yor.<\/p>\n\n\n\n<p><strong>Direni\u015f\u00e7i Ermeni kad\u0131nlar\u0131n unutulmamas\u0131 i\u00e7in<\/strong><\/p>\n\n\n\n<p>Hesek\u00ea\u2019deki Ermeni K\u00fclt\u00fcr Merkezi, g\u00f6rsel-i\u015fitsel panorama t\u00fcr\u00fcnde bir sanat eseri haz\u0131rlad\u0131. Eser; tiyatro, sinema, ses ve dans performanslar\u0131n\u0131 bir araya getiren \u00e7ok disiplinli bir \u00e7al\u0131\u015fma niteli\u011fi ta\u015f\u0131yor.<\/p>\n\n\n\n<p><strong>Arm\u00eenoh\u00ee: Osmanl\u0131\u2019ya ba\u015fkald\u0131ran bir kad\u0131n<\/strong><\/p>\n\n\n\n<p>Eserin ad\u0131 soyk\u0131r\u0131m d\u00f6neminde Osmanl\u0131 \u0130mparatorlu\u011fu\u2019na kar\u015f\u0131 direnen ve hayat\u0131n\u0131 kaybeden Ermeni bir kad\u0131n devrimci \u201cArm\u00eenoh\u00ee\u201d nin ismini ta\u015f\u0131yor.<\/p>\n\n\n\n<p>\u00c7\u00fcnk\u00fc Arm\u00eenoh\u00ee, Ermeni halk\u0131n\u0131n davas\u0131 i\u00e7in b\u00fcy\u00fck emek vermi\u015f, ancak hikayesi yaz\u0131l\u0131 Ermeni tarihinde yeteri kadar yer almam\u0131\u015f, bu nedenle g\u00fcn\u00fcm\u00fcze kadar s\u00f6zl\u00fc olarak aktar\u0131lm\u0131\u015ft\u0131r. Ermeni K\u00fclt\u00fcr Merkezi, bu hikayeyi sanat eseriyle yeniden yorumlayarak de\u011ferli bir yap\u0131m ortaya koymu\u015ftur.<\/p>\n\n\n\n<p>Ermeni K\u00fclt\u00fcr Merkezi Tiyatro Grubu \u00fcyesi \u0130zd\u00eehar Tahir, ajans\u0131m\u0131za bu \u00e7al\u0131\u015fma hakk\u0131nda bilgi verdi.<\/p>\n\n\n\n<p>\u0130zd\u00eehar Tahir, haz\u0131rlad\u0131klar\u0131 sanat eserinin Ermeni kad\u0131n Khanum Ketenciyan\u2019\u0131n (Arm\u00eenoh\u00ee) hikayesini anlatt\u0131\u011f\u0131n\u0131 belirterek, \u201cArm\u00eenoh\u00ee, 1915 y\u0131l\u0131nda Kuzey K\u00fcrdistan\u2019\u0131n Riha (Urfa) kentinde Osmanl\u0131 askerleri ile girdi\u011fi \u00e7at\u0131\u015fmada ya\u015fam\u0131n\u0131 yitirdi. O, direni\u015fte \u00f6nc\u00fc bir rol \u00fcstlenmi\u015ftir. Osmanl\u0131\u2019ya kar\u015f\u0131 m\u00fccadele amac\u0131yla kad\u0131nlardan olu\u015fan bir birlik kurarak onurlar\u0131 i\u00e7in direnmi\u015ftir\u201d dedi.<\/p>\n\n\n\n<p>\u0130zd\u00eehar Tahir ayr\u0131ca, sadece Arm\u00eenoh\u00ee de\u011fil, tarih boyunca benzer \u015fekilde \u00f6nc\u00fc rol \u00fcstlenmi\u015f bir\u00e7ok kad\u0131n\u0131n da hikayesinin yaz\u0131l\u0131 tarihe ge\u00e7medi\u011fini ve bu ki\u015filerin kim olduklar\u0131n\u0131n \u00e7o\u011funlukla bilinmedi\u011fini s\u00f6yledi.<\/p>\n\n\n\n<p>\u0130zd\u00eehar Tahir, s\u00f6zlerinin devam\u0131nda, Ermeni kad\u0131nlardan Maro\u2019nun da (Maryam \u00c7ilingiryan) soyk\u0131r\u0131m d\u00f6neminde kurulan kad\u0131n birli\u011finde yer ald\u0131\u011f\u0131n\u0131 hat\u0131rlatt\u0131.<\/p>\n\n\n\n<p>Maro\u2019nun kad\u0131n birli\u011finde yer ald\u0131\u011f\u0131n\u0131 ifade eden \u0130zd\u00eehar Tahir, \u201cTarihimiz uzun s\u00fcre bast\u0131r\u0131lm\u0131\u015f ve ciddi sald\u0131r\u0131lara maruz kalm\u0131\u015ft\u0131r. Biz de sanat eserlerimizle bu kad\u0131nlar\u0131 g\u00f6r\u00fcn\u00fcr k\u0131lmaya ve tarihin onlar\u0131 unutmamas\u0131n\u0131 sa\u011flamaya \u00e7al\u0131\u015f\u0131yoruz\u201d ifadelerinde bulundu.<\/p>\n\n\n\n<p>Maro, Osmanl\u0131\u2019ya kar\u015f\u0131 ger\u00e7ekle\u015ftirdi\u011fi fedai eylem ile biliniyor.<\/p>\n\n\n\n<p><strong>\u2018T\u00fcrkiye soyk\u0131r\u0131m ger\u00e7e\u011fini kabul etmiyor\u2019<\/strong><\/p>\n\n\n\n<p>Ermeni soyk\u0131r\u0131m\u0131n\u0131n bir\u00e7ok \u00fclke taraf\u0131ndan tan\u0131nd\u0131\u011f\u0131n\u0131, ancak T\u00fcrkiye\u2019nin bu ger\u00e7e\u011fi hala kabul etmedi\u011fini ve sorumlular\u0131n yarg\u0131lanmad\u0131\u011f\u0131n\u0131 kaydeden \u0130zd\u00eehar Tahir, \u201cDo\u011frudur, Osmanl\u0131lar Ermeni halk\u0131n\u0131n b\u00fcy\u00fck bir b\u00f6l\u00fcm\u00fcn\u00fc katletti. Ancak T\u00fcrkiye bug\u00fcn kendi tarihsel ger\u00e7e\u011fini inkar ediyor. Bu inkar edilse bile, Ermeniler ve onlar\u0131n torunlar\u0131 bu ya\u015fananlar\u0131 unutmad\u0131. Bizim talebimiz adaletin sa\u011flanmas\u0131 ve soyk\u0131r\u0131ma u\u011frayan halk\u0131m\u0131z\u0131n haklar\u0131n\u0131n iade edilmesidir. Ayr\u0131ca temel talebimiz, t\u00fcm Ermenilerin topraklar\u0131na d\u00f6nmesidir. Suriye\u2019de ya\u015f\u0131yor olsak da, insan\u0131n k\u00f6klerine, do\u011fdu\u011fu ve ait oldu\u011fu topraklara d\u00f6nmesi en do\u011fal hakt\u0131r\u201d \u015feklinde konu\u015ftu.<\/p>\n\n\n\n<p>\u0130zd\u00eehar Tahir, Suriye\u2019deki Ermenilerin durumuna ve hak ve k\u00fclt\u00fcrlerinin tan\u0131nmamas\u0131na ili\u015fkin olarak, \u201cGe\u00e7ici y\u00f6netimden beklentimiz, Ermenilerin haklar\u0131n\u0131, tarihini ve dilini tan\u0131mas\u0131d\u0131r. \u00c7\u00fcnk\u00fc burada t\u00fcm halklar birlikte ya\u015f\u0131yoruz ve y\u00f6netim t\u00fcm topluluklar\u0131n haklar\u0131n\u0131 g\u00fcvence alt\u0131na almal\u0131d\u0131r. Halklar\u0131n birbirine kar\u015f\u0131 k\u0131\u015fk\u0131rt\u0131lmamas\u0131 ve tarihin bast\u0131r\u0131lmamas\u0131 gerekir\u201d diyerek s\u00f6zlerini noktalad\u0131.<\/p>\n\n\n\n<p><strong>Kaynak: N\u00fbJINHA<\/strong><\/p>\n\n\n\n<figure class=\"wp-block-embed is-type-wp-embed is-provider-yeni-ya-am-gazetesi-yeni-ya-am wp-block-embed-yeni-ya-am-gazetesi-yeni-ya-am\"><div class=\"wp-block-embed__wrapper\">\n<blockquote class=\"wp-embedded-content\" data-secret=\"IdEn8YGI5D\"><a href=\"https:\/\/yeniyasamgazetesi9.com\/ermenilerin-direnisci-kadinlari-arminohi-ve-maro-sanatla-tanitiliyor\/\">Ermenilerin direni\u015f\u00e7i kad\u0131nlar\u0131 \u2018Arm\u00eenoh\u00ee\u2019 ve \u2018Maro\u2019 sanatla tan\u0131t\u0131l\u0131yor<\/a><\/blockquote><iframe loading=\"lazy\" class=\"wp-embedded-content\" sandbox=\"allow-scripts\" security=\"restricted\" style=\"position: absolute; visibility: hidden;\" title=\"&#8220;Ermenilerin direni\u015f\u00e7i kad\u0131nlar\u0131 \u2018Arm\u00eenoh\u00ee\u2019 ve \u2018Maro\u2019 sanatla tan\u0131t\u0131l\u0131yor&#8221; &#8212; Yeni Ya\u015fam Gazetesi | Yeni Ya\u015fam\" src=\"https:\/\/yeniyasamgazetesi9.com\/ermenilerin-direnisci-kadinlari-arminohi-ve-maro-sanatla-tanitiliyor\/embed\/#?secret=EM9Z0kDiP6#?secret=IdEn8YGI5D\" data-secret=\"IdEn8YGI5D\" width=\"500\" height=\"282\" frameborder=\"0\" marginwidth=\"0\" marginheight=\"0\" scrolling=\"no\"><\/iframe>\n<\/div><\/figure>\n","protected":false},"excerpt":{"rendered":"<p>Osmanl\u0131\u2019ya kar\u015f\u0131 m\u00fccadelede ya\u015fam\u0131n\u0131 yitiren, ancak tarihsel kay\u0131tlarda yeterince yer almayan Ermeni kad\u0131n direni\u015f\u00e7iler \u2018Arm\u00eenoh\u00ee\u2019 ve \u2018Maro\u2019, Hesek\u00ea\u2019de g\u00f6rsel-i\u015fitsel panorama t\u00fcr\u00fcndeki bir k\u00fclt\u00fcrel eserle tan\u0131t\u0131l\u0131yor. 24 Nisan 1915, Ermeni soyk\u0131r\u0131m\u0131n\u0131n ba\u015flang\u0131\u00e7 g\u00fcn\u00fc olarak kabul edilmektedir. Bu soyk\u0131r\u0131m, I. D\u00fcnya Sava\u015f\u0131 y\u0131llar\u0131nda (1914-1918) Osmanl\u0131 \u0130mparatorlu\u011fu taraf\u0131ndan Ermenilere, S\u00fcryanilere, Asurilere ve Keldanilere kar\u015f\u0131 ger\u00e7ekle\u015ftirildi. Bu s\u00fcrecin hedefi, [&hellip;]<\/p>\n","protected":false},"author":1,"featured_media":86127,"comment_status":"open","ping_status":"open","sticky":false,"template":"","format":"standard","meta":{"footnotes":""},"categories":[44,1],"tags":[],"class_list":["post-86126","post","type-post","status-publish","format-standard","has-post-thumbnail","hentry","category-ermeni-soykirimi","category-haberler"],"yoast_head":"<!-- This site is optimized with the Yoast SEO plugin v27.4 - https:\/\/yoast.com\/product\/yoast-seo-wordpress\/ -->\n<title>Ermenilerin direni\u015f\u00e7i kad\u0131nlar\u0131 \u2018Arm\u00eenoh\u00ee\u2019 ve \u2018Maro\u2019 sanatla tan\u0131t\u0131l\u0131yor - Bati Ermenistan Ve Bati Ermenileri Sorunlari Ara\u015ftirmalar Merkezi<\/title>\n<meta name=\"robots\" content=\"index, follow, max-snippet:-1, max-image-preview:large, max-video-preview:-1\" \/>\n<link rel=\"canonical\" href=\"https:\/\/akunq.net\/tr\/?p=86126\" \/>\n<meta property=\"og:locale\" content=\"en_US\" \/>\n<meta property=\"og:type\" content=\"article\" \/>\n<meta property=\"og:title\" content=\"Ermenilerin direni\u015f\u00e7i kad\u0131nlar\u0131 \u2018Arm\u00eenoh\u00ee\u2019 ve \u2018Maro\u2019 sanatla tan\u0131t\u0131l\u0131yor - Bati Ermenistan Ve Bati Ermenileri Sorunlari Ara\u015ftirmalar Merkezi\" \/>\n<meta property=\"og:description\" content=\"Osmanl\u0131\u2019ya kar\u015f\u0131 m\u00fccadelede ya\u015fam\u0131n\u0131 yitiren, ancak tarihsel kay\u0131tlarda yeterince yer almayan Ermeni kad\u0131n direni\u015f\u00e7iler \u2018Arm\u00eenoh\u00ee\u2019 ve \u2018Maro\u2019, Hesek\u00ea\u2019de g\u00f6rsel-i\u015fitsel panorama t\u00fcr\u00fcndeki bir k\u00fclt\u00fcrel eserle tan\u0131t\u0131l\u0131yor. 24 Nisan 1915, Ermeni soyk\u0131r\u0131m\u0131n\u0131n ba\u015flang\u0131\u00e7 g\u00fcn\u00fc olarak kabul edilmektedir. Bu soyk\u0131r\u0131m, I. D\u00fcnya Sava\u015f\u0131 y\u0131llar\u0131nda (1914-1918) Osmanl\u0131 \u0130mparatorlu\u011fu taraf\u0131ndan Ermenilere, S\u00fcryanilere, Asurilere ve Keldanilere kar\u015f\u0131 ger\u00e7ekle\u015ftirildi. Bu s\u00fcrecin hedefi, [&hellip;]\" \/>\n<meta property=\"og:url\" content=\"https:\/\/akunq.net\/tr\/?p=86126\" \/>\n<meta property=\"og:site_name\" content=\"Bati Ermenistan Ve Bati Ermenileri Sorunlari Ara\u015ftirmalar Merkezi\" \/>\n<meta property=\"article:published_time\" content=\"2026-04-26T06:38:58+00:00\" \/>\n<meta property=\"og:image\" content=\"https:\/\/akunq.net\/tr\/wp-content\/uploads\/sites\/6\/2026\/04\/Ermenilerin-direnisci-kadinlari.webp\" \/>\n\t<meta property=\"og:image:width\" content=\"750\" \/>\n\t<meta property=\"og:image:height\" content=\"375\" \/>\n\t<meta property=\"og:image:type\" content=\"image\/webp\" \/>\n<meta name=\"author\" content=\"admin\" \/>\n<meta name=\"twitter:card\" content=\"summary_large_image\" \/>\n<meta name=\"twitter:label1\" content=\"Written by\" \/>\n\t<meta name=\"twitter:data1\" content=\"admin\" \/>\n\t<meta name=\"twitter:label2\" content=\"Est. reading time\" \/>\n\t<meta name=\"twitter:data2\" content=\"3 minutes\" \/>\n<script type=\"application\/ld+json\" class=\"yoast-schema-graph\">{\"@context\":\"https:\\\/\\\/schema.org\",\"@graph\":[{\"@type\":\"Article\",\"@id\":\"https:\\\/\\\/akunq.net\\\/tr\\\/?p=86126#article\",\"isPartOf\":{\"@id\":\"https:\\\/\\\/akunq.net\\\/tr\\\/?p=86126\"},\"author\":{\"name\":\"admin\",\"@id\":\"https:\\\/\\\/akunq.net\\\/tr\\\/#\\\/schema\\\/person\\\/42a46675f00a8f1e84520e8c56500de3\"},\"headline\":\"Ermenilerin direni\u015f\u00e7i kad\u0131nlar\u0131 \u2018Arm\u00eenoh\u00ee\u2019 ve \u2018Maro\u2019 sanatla tan\u0131t\u0131l\u0131yor\",\"datePublished\":\"2026-04-26T06:38:58+00:00\",\"mainEntityOfPage\":{\"@id\":\"https:\\\/\\\/akunq.net\\\/tr\\\/?p=86126\"},\"wordCount\":748,\"commentCount\":0,\"image\":{\"@id\":\"https:\\\/\\\/akunq.net\\\/tr\\\/?p=86126#primaryimage\"},\"thumbnailUrl\":\"https:\\\/\\\/akunq.net\\\/tr\\\/wp-content\\\/uploads\\\/sites\\\/6\\\/2026\\\/04\\\/Ermenilerin-direnisci-kadinlari.webp\",\"articleSection\":[\"Ermeni Soyk\u0131r\u0131m\u0131\",\"Haberler\"],\"inLanguage\":\"en-US\",\"potentialAction\":[{\"@type\":\"CommentAction\",\"name\":\"Comment\",\"target\":[\"https:\\\/\\\/akunq.net\\\/tr\\\/?p=86126#respond\"]}]},{\"@type\":\"WebPage\",\"@id\":\"https:\\\/\\\/akunq.net\\\/tr\\\/?p=86126\",\"url\":\"https:\\\/\\\/akunq.net\\\/tr\\\/?p=86126\",\"name\":\"Ermenilerin direni\u015f\u00e7i kad\u0131nlar\u0131 \u2018Arm\u00eenoh\u00ee\u2019 ve \u2018Maro\u2019 sanatla tan\u0131t\u0131l\u0131yor - Bati Ermenistan Ve Bati Ermenileri Sorunlari Ara\u015ftirmalar Merkezi\",\"isPartOf\":{\"@id\":\"https:\\\/\\\/akunq.net\\\/tr\\\/#website\"},\"primaryImageOfPage\":{\"@id\":\"https:\\\/\\\/akunq.net\\\/tr\\\/?p=86126#primaryimage\"},\"image\":{\"@id\":\"https:\\\/\\\/akunq.net\\\/tr\\\/?p=86126#primaryimage\"},\"thumbnailUrl\":\"https:\\\/\\\/akunq.net\\\/tr\\\/wp-content\\\/uploads\\\/sites\\\/6\\\/2026\\\/04\\\/Ermenilerin-direnisci-kadinlari.webp\",\"datePublished\":\"2026-04-26T06:38:58+00:00\",\"author\":{\"@id\":\"https:\\\/\\\/akunq.net\\\/tr\\\/#\\\/schema\\\/person\\\/42a46675f00a8f1e84520e8c56500de3\"},\"breadcrumb\":{\"@id\":\"https:\\\/\\\/akunq.net\\\/tr\\\/?p=86126#breadcrumb\"},\"inLanguage\":\"en-US\",\"potentialAction\":[{\"@type\":\"ReadAction\",\"target\":[\"https:\\\/\\\/akunq.net\\\/tr\\\/?p=86126\"]}]},{\"@type\":\"ImageObject\",\"inLanguage\":\"en-US\",\"@id\":\"https:\\\/\\\/akunq.net\\\/tr\\\/?p=86126#primaryimage\",\"url\":\"https:\\\/\\\/akunq.net\\\/tr\\\/wp-content\\\/uploads\\\/sites\\\/6\\\/2026\\\/04\\\/Ermenilerin-direnisci-kadinlari.webp\",\"contentUrl\":\"https:\\\/\\\/akunq.net\\\/tr\\\/wp-content\\\/uploads\\\/sites\\\/6\\\/2026\\\/04\\\/Ermenilerin-direnisci-kadinlari.webp\",\"width\":750,\"height\":375},{\"@type\":\"BreadcrumbList\",\"@id\":\"https:\\\/\\\/akunq.net\\\/tr\\\/?p=86126#breadcrumb\",\"itemListElement\":[{\"@type\":\"ListItem\",\"position\":1,\"name\":\"Home\",\"item\":\"https:\\\/\\\/akunq.net\\\/tr\"},{\"@type\":\"ListItem\",\"position\":2,\"name\":\"Ermenilerin direni\u015f\u00e7i kad\u0131nlar\u0131 \u2018Arm\u00eenoh\u00ee\u2019 ve \u2018Maro\u2019 sanatla tan\u0131t\u0131l\u0131yor\"}]},{\"@type\":\"WebSite\",\"@id\":\"https:\\\/\\\/akunq.net\\\/tr\\\/#website\",\"url\":\"https:\\\/\\\/akunq.net\\\/tr\\\/\",\"name\":\"Bati Ermenistan Ve Bati Ermenileri Sorunlari Ara\u015ftirmalar Merkezi\",\"description\":\"\",\"potentialAction\":[{\"@type\":\"SearchAction\",\"target\":{\"@type\":\"EntryPoint\",\"urlTemplate\":\"https:\\\/\\\/akunq.net\\\/tr\\\/?s={search_term_string}\"},\"query-input\":{\"@type\":\"PropertyValueSpecification\",\"valueRequired\":true,\"valueName\":\"search_term_string\"}}],\"inLanguage\":\"en-US\"},{\"@type\":\"Person\",\"@id\":\"https:\\\/\\\/akunq.net\\\/tr\\\/#\\\/schema\\\/person\\\/42a46675f00a8f1e84520e8c56500de3\",\"name\":\"admin\",\"url\":\"https:\\\/\\\/akunq.net\\\/tr\\\/?author=1\"}]}<\/script>\n<!-- \/ Yoast SEO plugin. -->","yoast_head_json":{"title":"Ermenilerin direni\u015f\u00e7i kad\u0131nlar\u0131 \u2018Arm\u00eenoh\u00ee\u2019 ve \u2018Maro\u2019 sanatla tan\u0131t\u0131l\u0131yor - Bati Ermenistan Ve Bati Ermenileri Sorunlari Ara\u015ftirmalar Merkezi","robots":{"index":"index","follow":"follow","max-snippet":"max-snippet:-1","max-image-preview":"max-image-preview:large","max-video-preview":"max-video-preview:-1"},"canonical":"https:\/\/akunq.net\/tr\/?p=86126","og_locale":"en_US","og_type":"article","og_title":"Ermenilerin direni\u015f\u00e7i kad\u0131nlar\u0131 \u2018Arm\u00eenoh\u00ee\u2019 ve \u2018Maro\u2019 sanatla tan\u0131t\u0131l\u0131yor - Bati Ermenistan Ve Bati Ermenileri Sorunlari Ara\u015ftirmalar Merkezi","og_description":"Osmanl\u0131\u2019ya kar\u015f\u0131 m\u00fccadelede ya\u015fam\u0131n\u0131 yitiren, ancak tarihsel kay\u0131tlarda yeterince yer almayan Ermeni kad\u0131n direni\u015f\u00e7iler \u2018Arm\u00eenoh\u00ee\u2019 ve \u2018Maro\u2019, Hesek\u00ea\u2019de g\u00f6rsel-i\u015fitsel panorama t\u00fcr\u00fcndeki bir k\u00fclt\u00fcrel eserle tan\u0131t\u0131l\u0131yor. 24 Nisan 1915, Ermeni soyk\u0131r\u0131m\u0131n\u0131n ba\u015flang\u0131\u00e7 g\u00fcn\u00fc olarak kabul edilmektedir. Bu soyk\u0131r\u0131m, I. D\u00fcnya Sava\u015f\u0131 y\u0131llar\u0131nda (1914-1918) Osmanl\u0131 \u0130mparatorlu\u011fu taraf\u0131ndan Ermenilere, S\u00fcryanilere, Asurilere ve Keldanilere kar\u015f\u0131 ger\u00e7ekle\u015ftirildi. Bu s\u00fcrecin hedefi, [&hellip;]","og_url":"https:\/\/akunq.net\/tr\/?p=86126","og_site_name":"Bati Ermenistan Ve Bati Ermenileri Sorunlari Ara\u015ftirmalar Merkezi","article_published_time":"2026-04-26T06:38:58+00:00","og_image":[{"width":750,"height":375,"url":"https:\/\/akunq.net\/tr\/wp-content\/uploads\/sites\/6\/2026\/04\/Ermenilerin-direnisci-kadinlari.webp","type":"image\/webp"}],"author":"admin","twitter_card":"summary_large_image","twitter_misc":{"Written by":"admin","Est. reading time":"3 minutes"},"schema":{"@context":"https:\/\/schema.org","@graph":[{"@type":"Article","@id":"https:\/\/akunq.net\/tr\/?p=86126#article","isPartOf":{"@id":"https:\/\/akunq.net\/tr\/?p=86126"},"author":{"name":"admin","@id":"https:\/\/akunq.net\/tr\/#\/schema\/person\/42a46675f00a8f1e84520e8c56500de3"},"headline":"Ermenilerin direni\u015f\u00e7i kad\u0131nlar\u0131 \u2018Arm\u00eenoh\u00ee\u2019 ve \u2018Maro\u2019 sanatla tan\u0131t\u0131l\u0131yor","datePublished":"2026-04-26T06:38:58+00:00","mainEntityOfPage":{"@id":"https:\/\/akunq.net\/tr\/?p=86126"},"wordCount":748,"commentCount":0,"image":{"@id":"https:\/\/akunq.net\/tr\/?p=86126#primaryimage"},"thumbnailUrl":"https:\/\/akunq.net\/tr\/wp-content\/uploads\/sites\/6\/2026\/04\/Ermenilerin-direnisci-kadinlari.webp","articleSection":["Ermeni Soyk\u0131r\u0131m\u0131","Haberler"],"inLanguage":"en-US","potentialAction":[{"@type":"CommentAction","name":"Comment","target":["https:\/\/akunq.net\/tr\/?p=86126#respond"]}]},{"@type":"WebPage","@id":"https:\/\/akunq.net\/tr\/?p=86126","url":"https:\/\/akunq.net\/tr\/?p=86126","name":"Ermenilerin direni\u015f\u00e7i kad\u0131nlar\u0131 \u2018Arm\u00eenoh\u00ee\u2019 ve \u2018Maro\u2019 sanatla tan\u0131t\u0131l\u0131yor - Bati Ermenistan Ve Bati Ermenileri Sorunlari Ara\u015ftirmalar Merkezi","isPartOf":{"@id":"https:\/\/akunq.net\/tr\/#website"},"primaryImageOfPage":{"@id":"https:\/\/akunq.net\/tr\/?p=86126#primaryimage"},"image":{"@id":"https:\/\/akunq.net\/tr\/?p=86126#primaryimage"},"thumbnailUrl":"https:\/\/akunq.net\/tr\/wp-content\/uploads\/sites\/6\/2026\/04\/Ermenilerin-direnisci-kadinlari.webp","datePublished":"2026-04-26T06:38:58+00:00","author":{"@id":"https:\/\/akunq.net\/tr\/#\/schema\/person\/42a46675f00a8f1e84520e8c56500de3"},"breadcrumb":{"@id":"https:\/\/akunq.net\/tr\/?p=86126#breadcrumb"},"inLanguage":"en-US","potentialAction":[{"@type":"ReadAction","target":["https:\/\/akunq.net\/tr\/?p=86126"]}]},{"@type":"ImageObject","inLanguage":"en-US","@id":"https:\/\/akunq.net\/tr\/?p=86126#primaryimage","url":"https:\/\/akunq.net\/tr\/wp-content\/uploads\/sites\/6\/2026\/04\/Ermenilerin-direnisci-kadinlari.webp","contentUrl":"https:\/\/akunq.net\/tr\/wp-content\/uploads\/sites\/6\/2026\/04\/Ermenilerin-direnisci-kadinlari.webp","width":750,"height":375},{"@type":"BreadcrumbList","@id":"https:\/\/akunq.net\/tr\/?p=86126#breadcrumb","itemListElement":[{"@type":"ListItem","position":1,"name":"Home","item":"https:\/\/akunq.net\/tr"},{"@type":"ListItem","position":2,"name":"Ermenilerin direni\u015f\u00e7i kad\u0131nlar\u0131 \u2018Arm\u00eenoh\u00ee\u2019 ve \u2018Maro\u2019 sanatla tan\u0131t\u0131l\u0131yor"}]},{"@type":"WebSite","@id":"https:\/\/akunq.net\/tr\/#website","url":"https:\/\/akunq.net\/tr\/","name":"Bati Ermenistan Ve Bati Ermenileri Sorunlari Ara\u015ftirmalar Merkezi","description":"","potentialAction":[{"@type":"SearchAction","target":{"@type":"EntryPoint","urlTemplate":"https:\/\/akunq.net\/tr\/?s={search_term_string}"},"query-input":{"@type":"PropertyValueSpecification","valueRequired":true,"valueName":"search_term_string"}}],"inLanguage":"en-US"},{"@type":"Person","@id":"https:\/\/akunq.net\/tr\/#\/schema\/person\/42a46675f00a8f1e84520e8c56500de3","name":"admin","url":"https:\/\/akunq.net\/tr\/?author=1"}]}},"_links":{"self":[{"href":"https:\/\/akunq.net\/tr\/index.php?rest_route=\/wp\/v2\/posts\/86126","targetHints":{"allow":["GET"]}}],"collection":[{"href":"https:\/\/akunq.net\/tr\/index.php?rest_route=\/wp\/v2\/posts"}],"about":[{"href":"https:\/\/akunq.net\/tr\/index.php?rest_route=\/wp\/v2\/types\/post"}],"author":[{"embeddable":true,"href":"https:\/\/akunq.net\/tr\/index.php?rest_route=\/wp\/v2\/users\/1"}],"replies":[{"embeddable":true,"href":"https:\/\/akunq.net\/tr\/index.php?rest_route=%2Fwp%2Fv2%2Fcomments&post=86126"}],"version-history":[{"count":1,"href":"https:\/\/akunq.net\/tr\/index.php?rest_route=\/wp\/v2\/posts\/86126\/revisions"}],"predecessor-version":[{"id":86128,"href":"https:\/\/akunq.net\/tr\/index.php?rest_route=\/wp\/v2\/posts\/86126\/revisions\/86128"}],"wp:featuredmedia":[{"embeddable":true,"href":"https:\/\/akunq.net\/tr\/index.php?rest_route=\/wp\/v2\/media\/86127"}],"wp:attachment":[{"href":"https:\/\/akunq.net\/tr\/index.php?rest_route=%2Fwp%2Fv2%2Fmedia&parent=86126"}],"wp:term":[{"taxonomy":"category","embeddable":true,"href":"https:\/\/akunq.net\/tr\/index.php?rest_route=%2Fwp%2Fv2%2Fcategories&post=86126"},{"taxonomy":"post_tag","embeddable":true,"href":"https:\/\/akunq.net\/tr\/index.php?rest_route=%2Fwp%2Fv2%2Ftags&post=86126"}],"curies":[{"name":"wp","href":"https:\/\/api.w.org\/{rel}","templated":true}]}}