{"id":86123,"date":"2026-04-26T01:32:59","date_gmt":"2026-04-26T06:32:59","guid":{"rendered":"https:\/\/akunq.net\/tr\/?p=86123"},"modified":"2026-04-26T01:33:26","modified_gmt":"2026-04-26T06:33:26","slug":"izmirde-hrant-dink-anisina-heykel-acildi","status":"publish","type":"post","link":"https:\/\/akunq.net\/tr\/?p=86123","title":{"rendered":"\u0130zmir\u2019de Hrant Dink an\u0131s\u0131na heykel a\u00e7\u0131ld\u0131"},"content":{"rendered":"\n<h2 class=\"wp-block-heading\"><em>Halklar\u0131n K\u00f6pr\u00fcs\u00fc Derne\u011fi, katledilen gazeteci Hrant Dink an\u0131s\u0131na haz\u0131rlanan heykelin a\u00e7\u0131l\u0131\u015f\u0131n\u0131, d\u00fczenlenen bir t\u00f6renle ger\u00e7ekle\u015ftirdi. Heykel, Dernek salonunda ziyaret\u00e7ilere a\u00e7\u0131ld\u0131.<\/em><\/h2>\n\n\n\n<p><a href=\"https:\/\/egedesonsozcom.teimg.com\/crop\/1280x720\/egedesonsoz-com\/uploads\/2026\/04\/heykel-2.jpeg\"><\/a>Heykelt\u0131ra\u015f \u00c7a\u011fda\u015f Er\u00e7elik imzas\u0131n\u0131 ta\u015f\u0131yan eserde, Dink\u2019in simgesel anlat\u0131m\u0131 dikkat \u00e7ekiyor. Er\u00e7elik, heykelde g\u00fcvercin fig\u00fcr\u00fcn\u00fc Hrant Dink\u2019in ceketinde konumland\u0131rd\u0131\u011f\u0131n\u0131 ve bu g\u00fcvercinin g\u00f6\u011fs\u00fcnden havalan\u0131r bi\u00e7imde tasarland\u0131\u011f\u0131n\u0131 ifade ederek, \u00e7al\u0131\u015fman\u0131n haf\u0131za ve \u00f6zg\u00fcrl\u00fck fikrine g\u00f6nderme yapt\u0131\u011f\u0131n\u0131 belirtti.<\/p>\n\n\n\n<p>T\u00f6rende konu\u015fan Halklar\u0131n K\u00f6pr\u00fcs\u00fc Derne\u011fi Kurucusu Cem Terzi, heykellerin toplumsal haf\u0131zadaki rol\u00fcne dikkat \u00e7ekerek, bu heykelin yaln\u0131zca bir anma de\u011fil, ink\u00e2ra kar\u015f\u0131 bir duru\u015f anlam\u0131 ta\u015f\u0131d\u0131\u011f\u0131n\u0131 vurgulad\u0131<\/p>\n\n\n\n<p>A\u00e7\u0131l\u0131\u015fa kat\u0131lan \u0130zmir Gazeteciler Cemiyeti Ba\u015fkan\u0131 Dilek Gappi ise konu\u015fmas\u0131nda Hrant Dink\u2019in gazetecili\u011fine de\u011finerek, \u201cKalemini satmayan, d\u00fcr\u00fcst, diyalog ve bar\u0131\u015ftan yana bir gazeteciydi. Ki\u015fisel \u00e7\u0131karlar\u0131n\u0131 de\u011fil, meslek onurunu g\u00f6zeterek \u00e7al\u0131\u015fan k\u0131ymetli bir meslekta\u015f\u0131m\u0131zd\u0131\u201d ifadelerini kulland\u0131.<\/p>\n\n\n\n<p>T\u00f6rene ayr\u0131ca Agos Gazetesi\u2019nden Pakrat Estukyan ve \u00e7ok say\u0131da davetli kat\u0131ld\u0131.<a href=\"https:\/\/www.egedesonsoz.com\/mehmet-ali-erbilin-aci-gunu-annesi-hayatini-kaybetti\"><\/a><\/p>\n\n\n\n<p>Hrant Dink heykeli, haf\u0131za, y\u00fczle\u015fme ve birlikte ya\u015fama iradesini simgeleyen g\u00fc\u00e7l\u00fc bir an\u0131t olarak \u0130zmir\u2019de yerini ald\u0131.<\/p>\n\n\n\n<p><a href=\"https:\/\/www.egedesonsoz.com\/izmirde-hrant-dink-anisina-heykel-acildi\"><em><strong>https:\/\/www.egedesonsoz.com\/izmirde-hrant-dink-anisina-heykel-acildi<\/strong><\/em><\/a><\/p>\n","protected":false},"excerpt":{"rendered":"<p>Halklar\u0131n K\u00f6pr\u00fcs\u00fc Derne\u011fi, katledilen gazeteci Hrant Dink an\u0131s\u0131na haz\u0131rlanan heykelin a\u00e7\u0131l\u0131\u015f\u0131n\u0131, d\u00fczenlenen bir t\u00f6renle ger\u00e7ekle\u015ftirdi. Heykel, Dernek salonunda ziyaret\u00e7ilere a\u00e7\u0131ld\u0131. Heykelt\u0131ra\u015f \u00c7a\u011fda\u015f Er\u00e7elik imzas\u0131n\u0131 ta\u015f\u0131yan eserde, Dink\u2019in simgesel anlat\u0131m\u0131 dikkat \u00e7ekiyor. Er\u00e7elik, heykelde g\u00fcvercin fig\u00fcr\u00fcn\u00fc Hrant Dink\u2019in ceketinde konumland\u0131rd\u0131\u011f\u0131n\u0131 ve bu g\u00fcvercinin g\u00f6\u011fs\u00fcnden havalan\u0131r bi\u00e7imde tasarland\u0131\u011f\u0131n\u0131 ifade ederek, \u00e7al\u0131\u015fman\u0131n haf\u0131za ve \u00f6zg\u00fcrl\u00fck fikrine g\u00f6nderme yapt\u0131\u011f\u0131n\u0131 [&hellip;]<\/p>\n","protected":false},"author":1,"featured_media":86124,"comment_status":"open","ping_status":"open","sticky":false,"template":"","format":"standard","meta":{"footnotes":""},"categories":[1,33],"tags":[],"class_list":["post-86123","post","type-post","status-publish","format-standard","has-post-thumbnail","hentry","category-haberler","category-izmir"],"yoast_head":"<!-- This site is optimized with the Yoast SEO plugin v27.4 - https:\/\/yoast.com\/product\/yoast-seo-wordpress\/ -->\n<title>\u0130zmir\u2019de Hrant Dink an\u0131s\u0131na heykel a\u00e7\u0131ld\u0131 - Bati Ermenistan Ve Bati Ermenileri Sorunlari Ara\u015ftirmalar Merkezi<\/title>\n<meta name=\"robots\" content=\"index, follow, max-snippet:-1, max-image-preview:large, max-video-preview:-1\" \/>\n<link rel=\"canonical\" href=\"https:\/\/akunq.net\/tr\/?p=86123\" \/>\n<meta property=\"og:locale\" content=\"en_US\" \/>\n<meta property=\"og:type\" content=\"article\" \/>\n<meta property=\"og:title\" content=\"\u0130zmir\u2019de Hrant Dink an\u0131s\u0131na heykel a\u00e7\u0131ld\u0131 - Bati Ermenistan Ve Bati Ermenileri Sorunlari Ara\u015ftirmalar Merkezi\" \/>\n<meta property=\"og:description\" content=\"Halklar\u0131n K\u00f6pr\u00fcs\u00fc Derne\u011fi, katledilen gazeteci Hrant Dink an\u0131s\u0131na haz\u0131rlanan heykelin a\u00e7\u0131l\u0131\u015f\u0131n\u0131, d\u00fczenlenen bir t\u00f6renle ger\u00e7ekle\u015ftirdi. Heykel, Dernek salonunda ziyaret\u00e7ilere a\u00e7\u0131ld\u0131. Heykelt\u0131ra\u015f \u00c7a\u011fda\u015f Er\u00e7elik imzas\u0131n\u0131 ta\u015f\u0131yan eserde, Dink\u2019in simgesel anlat\u0131m\u0131 dikkat \u00e7ekiyor. Er\u00e7elik, heykelde g\u00fcvercin fig\u00fcr\u00fcn\u00fc Hrant Dink\u2019in ceketinde konumland\u0131rd\u0131\u011f\u0131n\u0131 ve bu g\u00fcvercinin g\u00f6\u011fs\u00fcnden havalan\u0131r bi\u00e7imde tasarland\u0131\u011f\u0131n\u0131 ifade ederek, \u00e7al\u0131\u015fman\u0131n haf\u0131za ve \u00f6zg\u00fcrl\u00fck fikrine g\u00f6nderme yapt\u0131\u011f\u0131n\u0131 [&hellip;]\" \/>\n<meta property=\"og:url\" content=\"https:\/\/akunq.net\/tr\/?p=86123\" \/>\n<meta property=\"og:site_name\" content=\"Bati Ermenistan Ve Bati Ermenileri Sorunlari Ara\u015ftirmalar Merkezi\" \/>\n<meta property=\"article:published_time\" content=\"2026-04-26T06:32:59+00:00\" \/>\n<meta property=\"article:modified_time\" content=\"2026-04-26T06:33:26+00:00\" \/>\n<meta property=\"og:image\" content=\"https:\/\/akunq.net\/tr\/wp-content\/uploads\/sites\/6\/2026\/04\/\u0540\u0580\u0561\u0576\u0564-\u054f\u056b\u0576\u0584\u056b-\u0561\u0580\u0571\u0561\u0576.jpg\" \/>\n\t<meta property=\"og:image:width\" content=\"1200\" \/>\n\t<meta property=\"og:image:height\" content=\"675\" \/>\n\t<meta property=\"og:image:type\" content=\"image\/jpeg\" \/>\n<meta name=\"author\" content=\"admin\" \/>\n<meta name=\"twitter:card\" content=\"summary_large_image\" \/>\n<meta name=\"twitter:label1\" content=\"Written by\" \/>\n\t<meta name=\"twitter:data1\" content=\"admin\" \/>\n\t<meta name=\"twitter:label2\" content=\"Est. reading time\" \/>\n\t<meta name=\"twitter:data2\" content=\"1 minute\" \/>\n<script type=\"application\/ld+json\" class=\"yoast-schema-graph\">{\"@context\":\"https:\\\/\\\/schema.org\",\"@graph\":[{\"@type\":\"Article\",\"@id\":\"https:\\\/\\\/akunq.net\\\/tr\\\/?p=86123#article\",\"isPartOf\":{\"@id\":\"https:\\\/\\\/akunq.net\\\/tr\\\/?p=86123\"},\"author\":{\"name\":\"admin\",\"@id\":\"https:\\\/\\\/akunq.net\\\/tr\\\/#\\\/schema\\\/person\\\/42a46675f00a8f1e84520e8c56500de3\"},\"headline\":\"\u0130zmir\u2019de Hrant Dink an\u0131s\u0131na heykel a\u00e7\u0131ld\u0131\",\"datePublished\":\"2026-04-26T06:32:59+00:00\",\"dateModified\":\"2026-04-26T06:33:26+00:00\",\"mainEntityOfPage\":{\"@id\":\"https:\\\/\\\/akunq.net\\\/tr\\\/?p=86123\"},\"wordCount\":248,\"commentCount\":0,\"image\":{\"@id\":\"https:\\\/\\\/akunq.net\\\/tr\\\/?p=86123#primaryimage\"},\"thumbnailUrl\":\"https:\\\/\\\/akunq.net\\\/tr\\\/wp-content\\\/uploads\\\/sites\\\/6\\\/2026\\\/04\\\/\u0540\u0580\u0561\u0576\u0564-\u054f\u056b\u0576\u0584\u056b-\u0561\u0580\u0571\u0561\u0576.jpg\",\"articleSection\":[\"Haberler\",\"\u0130zmir\"],\"inLanguage\":\"en-US\",\"potentialAction\":[{\"@type\":\"CommentAction\",\"name\":\"Comment\",\"target\":[\"https:\\\/\\\/akunq.net\\\/tr\\\/?p=86123#respond\"]}]},{\"@type\":\"WebPage\",\"@id\":\"https:\\\/\\\/akunq.net\\\/tr\\\/?p=86123\",\"url\":\"https:\\\/\\\/akunq.net\\\/tr\\\/?p=86123\",\"name\":\"\u0130zmir\u2019de Hrant Dink an\u0131s\u0131na heykel a\u00e7\u0131ld\u0131 - Bati Ermenistan Ve Bati Ermenileri Sorunlari Ara\u015ftirmalar Merkezi\",\"isPartOf\":{\"@id\":\"https:\\\/\\\/akunq.net\\\/tr\\\/#website\"},\"primaryImageOfPage\":{\"@id\":\"https:\\\/\\\/akunq.net\\\/tr\\\/?p=86123#primaryimage\"},\"image\":{\"@id\":\"https:\\\/\\\/akunq.net\\\/tr\\\/?p=86123#primaryimage\"},\"thumbnailUrl\":\"https:\\\/\\\/akunq.net\\\/tr\\\/wp-content\\\/uploads\\\/sites\\\/6\\\/2026\\\/04\\\/\u0540\u0580\u0561\u0576\u0564-\u054f\u056b\u0576\u0584\u056b-\u0561\u0580\u0571\u0561\u0576.jpg\",\"datePublished\":\"2026-04-26T06:32:59+00:00\",\"dateModified\":\"2026-04-26T06:33:26+00:00\",\"author\":{\"@id\":\"https:\\\/\\\/akunq.net\\\/tr\\\/#\\\/schema\\\/person\\\/42a46675f00a8f1e84520e8c56500de3\"},\"breadcrumb\":{\"@id\":\"https:\\\/\\\/akunq.net\\\/tr\\\/?p=86123#breadcrumb\"},\"inLanguage\":\"en-US\",\"potentialAction\":[{\"@type\":\"ReadAction\",\"target\":[\"https:\\\/\\\/akunq.net\\\/tr\\\/?p=86123\"]}]},{\"@type\":\"ImageObject\",\"inLanguage\":\"en-US\",\"@id\":\"https:\\\/\\\/akunq.net\\\/tr\\\/?p=86123#primaryimage\",\"url\":\"https:\\\/\\\/akunq.net\\\/tr\\\/wp-content\\\/uploads\\\/sites\\\/6\\\/2026\\\/04\\\/\u0540\u0580\u0561\u0576\u0564-\u054f\u056b\u0576\u0584\u056b-\u0561\u0580\u0571\u0561\u0576.jpg\",\"contentUrl\":\"https:\\\/\\\/akunq.net\\\/tr\\\/wp-content\\\/uploads\\\/sites\\\/6\\\/2026\\\/04\\\/\u0540\u0580\u0561\u0576\u0564-\u054f\u056b\u0576\u0584\u056b-\u0561\u0580\u0571\u0561\u0576.jpg\",\"width\":1200,\"height\":675},{\"@type\":\"BreadcrumbList\",\"@id\":\"https:\\\/\\\/akunq.net\\\/tr\\\/?p=86123#breadcrumb\",\"itemListElement\":[{\"@type\":\"ListItem\",\"position\":1,\"name\":\"Home\",\"item\":\"https:\\\/\\\/akunq.net\\\/tr\"},{\"@type\":\"ListItem\",\"position\":2,\"name\":\"\u0130zmir\u2019de Hrant Dink an\u0131s\u0131na heykel a\u00e7\u0131ld\u0131\"}]},{\"@type\":\"WebSite\",\"@id\":\"https:\\\/\\\/akunq.net\\\/tr\\\/#website\",\"url\":\"https:\\\/\\\/akunq.net\\\/tr\\\/\",\"name\":\"Bati Ermenistan Ve Bati Ermenileri Sorunlari Ara\u015ftirmalar Merkezi\",\"description\":\"\",\"potentialAction\":[{\"@type\":\"SearchAction\",\"target\":{\"@type\":\"EntryPoint\",\"urlTemplate\":\"https:\\\/\\\/akunq.net\\\/tr\\\/?s={search_term_string}\"},\"query-input\":{\"@type\":\"PropertyValueSpecification\",\"valueRequired\":true,\"valueName\":\"search_term_string\"}}],\"inLanguage\":\"en-US\"},{\"@type\":\"Person\",\"@id\":\"https:\\\/\\\/akunq.net\\\/tr\\\/#\\\/schema\\\/person\\\/42a46675f00a8f1e84520e8c56500de3\",\"name\":\"admin\",\"url\":\"https:\\\/\\\/akunq.net\\\/tr\\\/?author=1\"}]}<\/script>\n<!-- \/ Yoast SEO plugin. -->","yoast_head_json":{"title":"\u0130zmir\u2019de Hrant Dink an\u0131s\u0131na heykel a\u00e7\u0131ld\u0131 - Bati Ermenistan Ve Bati Ermenileri Sorunlari Ara\u015ftirmalar Merkezi","robots":{"index":"index","follow":"follow","max-snippet":"max-snippet:-1","max-image-preview":"max-image-preview:large","max-video-preview":"max-video-preview:-1"},"canonical":"https:\/\/akunq.net\/tr\/?p=86123","og_locale":"en_US","og_type":"article","og_title":"\u0130zmir\u2019de Hrant Dink an\u0131s\u0131na heykel a\u00e7\u0131ld\u0131 - Bati Ermenistan Ve Bati Ermenileri Sorunlari Ara\u015ftirmalar Merkezi","og_description":"Halklar\u0131n K\u00f6pr\u00fcs\u00fc Derne\u011fi, katledilen gazeteci Hrant Dink an\u0131s\u0131na haz\u0131rlanan heykelin a\u00e7\u0131l\u0131\u015f\u0131n\u0131, d\u00fczenlenen bir t\u00f6renle ger\u00e7ekle\u015ftirdi. Heykel, Dernek salonunda ziyaret\u00e7ilere a\u00e7\u0131ld\u0131. Heykelt\u0131ra\u015f \u00c7a\u011fda\u015f Er\u00e7elik imzas\u0131n\u0131 ta\u015f\u0131yan eserde, Dink\u2019in simgesel anlat\u0131m\u0131 dikkat \u00e7ekiyor. Er\u00e7elik, heykelde g\u00fcvercin fig\u00fcr\u00fcn\u00fc Hrant Dink\u2019in ceketinde konumland\u0131rd\u0131\u011f\u0131n\u0131 ve bu g\u00fcvercinin g\u00f6\u011fs\u00fcnden havalan\u0131r bi\u00e7imde tasarland\u0131\u011f\u0131n\u0131 ifade ederek, \u00e7al\u0131\u015fman\u0131n haf\u0131za ve \u00f6zg\u00fcrl\u00fck fikrine g\u00f6nderme yapt\u0131\u011f\u0131n\u0131 [&hellip;]","og_url":"https:\/\/akunq.net\/tr\/?p=86123","og_site_name":"Bati Ermenistan Ve Bati Ermenileri Sorunlari Ara\u015ftirmalar Merkezi","article_published_time":"2026-04-26T06:32:59+00:00","article_modified_time":"2026-04-26T06:33:26+00:00","og_image":[{"width":1200,"height":675,"url":"https:\/\/akunq.net\/tr\/wp-content\/uploads\/sites\/6\/2026\/04\/\u0540\u0580\u0561\u0576\u0564-\u054f\u056b\u0576\u0584\u056b-\u0561\u0580\u0571\u0561\u0576.jpg","type":"image\/jpeg"}],"author":"admin","twitter_card":"summary_large_image","twitter_misc":{"Written by":"admin","Est. reading time":"1 minute"},"schema":{"@context":"https:\/\/schema.org","@graph":[{"@type":"Article","@id":"https:\/\/akunq.net\/tr\/?p=86123#article","isPartOf":{"@id":"https:\/\/akunq.net\/tr\/?p=86123"},"author":{"name":"admin","@id":"https:\/\/akunq.net\/tr\/#\/schema\/person\/42a46675f00a8f1e84520e8c56500de3"},"headline":"\u0130zmir\u2019de Hrant Dink an\u0131s\u0131na heykel a\u00e7\u0131ld\u0131","datePublished":"2026-04-26T06:32:59+00:00","dateModified":"2026-04-26T06:33:26+00:00","mainEntityOfPage":{"@id":"https:\/\/akunq.net\/tr\/?p=86123"},"wordCount":248,"commentCount":0,"image":{"@id":"https:\/\/akunq.net\/tr\/?p=86123#primaryimage"},"thumbnailUrl":"https:\/\/akunq.net\/tr\/wp-content\/uploads\/sites\/6\/2026\/04\/\u0540\u0580\u0561\u0576\u0564-\u054f\u056b\u0576\u0584\u056b-\u0561\u0580\u0571\u0561\u0576.jpg","articleSection":["Haberler","\u0130zmir"],"inLanguage":"en-US","potentialAction":[{"@type":"CommentAction","name":"Comment","target":["https:\/\/akunq.net\/tr\/?p=86123#respond"]}]},{"@type":"WebPage","@id":"https:\/\/akunq.net\/tr\/?p=86123","url":"https:\/\/akunq.net\/tr\/?p=86123","name":"\u0130zmir\u2019de Hrant Dink an\u0131s\u0131na heykel a\u00e7\u0131ld\u0131 - Bati Ermenistan Ve Bati Ermenileri Sorunlari Ara\u015ftirmalar Merkezi","isPartOf":{"@id":"https:\/\/akunq.net\/tr\/#website"},"primaryImageOfPage":{"@id":"https:\/\/akunq.net\/tr\/?p=86123#primaryimage"},"image":{"@id":"https:\/\/akunq.net\/tr\/?p=86123#primaryimage"},"thumbnailUrl":"https:\/\/akunq.net\/tr\/wp-content\/uploads\/sites\/6\/2026\/04\/\u0540\u0580\u0561\u0576\u0564-\u054f\u056b\u0576\u0584\u056b-\u0561\u0580\u0571\u0561\u0576.jpg","datePublished":"2026-04-26T06:32:59+00:00","dateModified":"2026-04-26T06:33:26+00:00","author":{"@id":"https:\/\/akunq.net\/tr\/#\/schema\/person\/42a46675f00a8f1e84520e8c56500de3"},"breadcrumb":{"@id":"https:\/\/akunq.net\/tr\/?p=86123#breadcrumb"},"inLanguage":"en-US","potentialAction":[{"@type":"ReadAction","target":["https:\/\/akunq.net\/tr\/?p=86123"]}]},{"@type":"ImageObject","inLanguage":"en-US","@id":"https:\/\/akunq.net\/tr\/?p=86123#primaryimage","url":"https:\/\/akunq.net\/tr\/wp-content\/uploads\/sites\/6\/2026\/04\/\u0540\u0580\u0561\u0576\u0564-\u054f\u056b\u0576\u0584\u056b-\u0561\u0580\u0571\u0561\u0576.jpg","contentUrl":"https:\/\/akunq.net\/tr\/wp-content\/uploads\/sites\/6\/2026\/04\/\u0540\u0580\u0561\u0576\u0564-\u054f\u056b\u0576\u0584\u056b-\u0561\u0580\u0571\u0561\u0576.jpg","width":1200,"height":675},{"@type":"BreadcrumbList","@id":"https:\/\/akunq.net\/tr\/?p=86123#breadcrumb","itemListElement":[{"@type":"ListItem","position":1,"name":"Home","item":"https:\/\/akunq.net\/tr"},{"@type":"ListItem","position":2,"name":"\u0130zmir\u2019de Hrant Dink an\u0131s\u0131na heykel a\u00e7\u0131ld\u0131"}]},{"@type":"WebSite","@id":"https:\/\/akunq.net\/tr\/#website","url":"https:\/\/akunq.net\/tr\/","name":"Bati Ermenistan Ve Bati Ermenileri Sorunlari Ara\u015ftirmalar Merkezi","description":"","potentialAction":[{"@type":"SearchAction","target":{"@type":"EntryPoint","urlTemplate":"https:\/\/akunq.net\/tr\/?s={search_term_string}"},"query-input":{"@type":"PropertyValueSpecification","valueRequired":true,"valueName":"search_term_string"}}],"inLanguage":"en-US"},{"@type":"Person","@id":"https:\/\/akunq.net\/tr\/#\/schema\/person\/42a46675f00a8f1e84520e8c56500de3","name":"admin","url":"https:\/\/akunq.net\/tr\/?author=1"}]}},"_links":{"self":[{"href":"https:\/\/akunq.net\/tr\/index.php?rest_route=\/wp\/v2\/posts\/86123","targetHints":{"allow":["GET"]}}],"collection":[{"href":"https:\/\/akunq.net\/tr\/index.php?rest_route=\/wp\/v2\/posts"}],"about":[{"href":"https:\/\/akunq.net\/tr\/index.php?rest_route=\/wp\/v2\/types\/post"}],"author":[{"embeddable":true,"href":"https:\/\/akunq.net\/tr\/index.php?rest_route=\/wp\/v2\/users\/1"}],"replies":[{"embeddable":true,"href":"https:\/\/akunq.net\/tr\/index.php?rest_route=%2Fwp%2Fv2%2Fcomments&post=86123"}],"version-history":[{"count":1,"href":"https:\/\/akunq.net\/tr\/index.php?rest_route=\/wp\/v2\/posts\/86123\/revisions"}],"predecessor-version":[{"id":86125,"href":"https:\/\/akunq.net\/tr\/index.php?rest_route=\/wp\/v2\/posts\/86123\/revisions\/86125"}],"wp:featuredmedia":[{"embeddable":true,"href":"https:\/\/akunq.net\/tr\/index.php?rest_route=\/wp\/v2\/media\/86124"}],"wp:attachment":[{"href":"https:\/\/akunq.net\/tr\/index.php?rest_route=%2Fwp%2Fv2%2Fmedia&parent=86123"}],"wp:term":[{"taxonomy":"category","embeddable":true,"href":"https:\/\/akunq.net\/tr\/index.php?rest_route=%2Fwp%2Fv2%2Fcategories&post=86123"},{"taxonomy":"post_tag","embeddable":true,"href":"https:\/\/akunq.net\/tr\/index.php?rest_route=%2Fwp%2Fv2%2Ftags&post=86123"}],"curies":[{"name":"wp","href":"https:\/\/api.w.org\/{rel}","templated":true}]}}