{"id":86120,"date":"2026-04-26T01:24:25","date_gmt":"2026-04-26T06:24:25","guid":{"rendered":"https:\/\/akunq.net\/tr\/?p=86120"},"modified":"2026-04-26T01:24:26","modified_gmt":"2026-04-26T06:24:26","slug":"aksor-kucuk-lusin-nasil-kadriye-oldu","status":"publish","type":"post","link":"https:\/\/akunq.net\/tr\/?p=86120","title":{"rendered":"Aksor: K\u00fc\u00e7\u00fck Lusin nas\u0131l Kadriye oldu?"},"content":{"rendered":"\n<p><strong><em>\u00d6nce gizli bir emirle kar\u015f\u0131 \u00e7\u0131kabilecek erkeklerin kafileden ay\u0131klanmalar\u0131n\u0131n ard\u0131ndan, yaln\u0131zca kad\u0131nlar, \u00e7oluk \u00e7ocuk ve ya\u015fl\u0131 erkeklerin F\u0131rat boyunca \u00f6l\u00fcm\u00fcne y\u00fcr\u00fct\u00fclmesine kimileri \u201cTehcir\u201d, kimileri \u201cSoyk\u0131r\u0131m\u201d dese de, Zaruhi bu felaketin ad\u0131n\u0131 \u00e7oktan \u201cAksor\u201d, yani \u201cS\u00fcrg\u00fcn\u201d koymu\u015ftu bir kere.<\/em><\/strong><\/p>\n\n\n\n<p><strong>Sarkis Seropyan<\/strong><\/p>\n\n\n\n<p>30\u2019unu yeni bitirmi\u015fti Zaruhi \u201cyerin dibine ge\u00e7esi\u201d o u\u011fursuz 1915 y\u0131l\u0131n\u0131n ilkbahar\u0131 gelip \u00e7att\u0131\u011f\u0131nda. \u00d6nce evinin dire\u011fini, orduda y\u00fczba\u015f\u0131 r\u00fctbesiyle g\u00f6rev yapan Tabip Parunak Avedisyan\u2019\u0131 al\u0131p g\u00f6t\u00fcrd\u00fcler. Gece olup da Doktor eve gelmeyince tan\u0131d\u0131\u011f\u0131 \u201chat\u0131r\u0131 say\u0131lan\u201d ki\u015filere ba\u015fvurdu Zaruhi. Birileri G\u00fcm\u00fc\u015fhane \u00e7\u0131k\u0131\u015f\u0131ndaki vadide cesetler g\u00f6rd\u00fc\u011f\u00fcn\u00fc, doktorun da onlar\u0131n aras\u0131nda olabilece\u011fini f\u0131s\u0131ldad\u0131 kula\u011f\u0131na. \u0130nanmad\u0131 Zaruhi s\u00f6ylenenlere. Olmazd\u0131 \u00f6yle \u015fey. Olmamas\u0131 gerekirdi. Y\u00fczba\u015f\u0131 r\u00fctbeli askeri tabipti Doktor, devlet memuruydu. Kimileri onu \u00e7ekemese bile b\u00f6yle bir \u015fey yapamaz, yapt\u0131ramazd\u0131\u2026<\/p>\n\n\n\n<p>Ancak bir daha geri d\u00f6nmedi Doktor, d\u00f6nemedi\u2026<\/p>\n\n\n\n<blockquote class=\"wp-block-quote is-layout-flow wp-block-quote-is-layout-flow\">\n<p>Mum gibi bembeyaz y\u00fczleri nehire d\u00f6n\u00fck y\u00fczlerce insan ifadesiz g\u00f6zlerle izledi kad\u0131n\u0131n \u00f6l\u00fcme atlay\u0131\u015f\u0131n\u0131. \u00c7ocuklar f\u0131rf\u0131rl\u0131 eteklerinin para\u015f\u00fct gibi a\u00e7\u0131l\u0131p bir an i\u00e7in suyun \u00fczerinde kalan Horakur\u2019un oyun oynad\u0131\u011f\u0131n\u0131 sand\u0131lar. Gelin gibi s\u00fcz\u00fclerek uzakla\u015fan kad\u0131na el sallad\u0131lar. Bir tek Ba\u011fdik, \u00e7aresizlik i\u00e7inde belki de ya\u015fam\u0131n\u0131n son duas\u0131n\u0131 m\u0131r\u0131ldan\u0131yordu<\/p>\n<\/blockquote>\n\n\n\n<p>Ermeni kafileleri birer iki\u015fer yola \u00e7\u0131k\u0131yordu. Bir o\u011flu, \u00fc\u00e7 k\u0131z\u0131, ya\u015fl\u0131 kay\u0131nvalidesi S\u0131rpuhi Han\u0131m ve ad\u0131 sadece Horakur olarak an\u0131lan hala ile birlikte sonunu bilmedi\u011fi yollara d\u00fc\u015fm\u00fc\u015ft\u00fc Zaruhi. F\u0131rat boyunca y\u00fcr\u00fcyeceklerdi; E\u011fin olacakt\u0131 ilk duraklar\u0131, \u00f6yle demi\u015flerdi yola \u00e7\u0131karken. Gerekebilecek baz\u0131 e\u015fyalarla y\u00fcr\u00fcyemeyecek kadar k\u00fc\u00e7\u00fck \u00e7ocuklar iki merkebe y\u00fcklenmi\u015f; kendileri yayan gidiyor, arada bir dinlendiriliyorlard\u0131.<\/p>\n\n\n\n<p>\u00d6nce gizli bir emirle kar\u015f\u0131 \u00e7\u0131kabilecek erkeklerin kafileden ay\u0131klanmalar\u0131n\u0131n ard\u0131ndan, yaln\u0131zca kad\u0131nlar, \u00e7oluk \u00e7ocuk ve ya\u015fl\u0131 erkeklerin F\u0131rat boyunca \u00f6l\u00fcm\u00fcne y\u00fcr\u00fct\u00fclmesine kimileri \u201cTehcir\u201d, kimileri \u201cSoyk\u0131r\u0131m\u201d dese de, Zaruhi bu felaketin ad\u0131n\u0131 \u00e7oktan \u201cAksor\u201d, yani \u201cS\u00fcrg\u00fcn\u201d koymu\u015ftu bir kere. Ya\u015fam\u0131n\u0131n sonuna kadar da \u201cAksor\u201d dedi \u201ck\u00f6rolas\u0131calar\u0131n\u201d yaln\u0131zca Ermenilere reva g\u00f6rd\u00fc\u011f\u00fc o b\u00fcy\u00fck felakete. Di\u011fer H\u0131ristiyanlar hatta bazen Katolik ve Protestan Ermeniler Aksor\u2019a \u00e7\u0131kar\u0131lm\u0131yordu. Zaruhi nereden bilebilirdi b\u00fcy\u00fck devletlerin konsolosluklar\u0131n\u0131n kendi mezheplerinden olanlara sahip \u00e7\u0131kt\u0131\u011f\u0131n\u0131\u2026<\/p>\n\n\n\n<p>\u0130\u015f ba\u015fa d\u00fc\u015fm\u00fc\u015f, ailenin tek erke\u011fi aileye sahip \u00e7\u0131kmak zorunda kalm\u0131\u015ft\u0131. On be\u015finde, ya\u015f\u0131ndan b\u00fcy\u00fck g\u00f6steren iri yap\u0131l\u0131 ve becerikli bir \u00e7ocuk olan Ba\u011fdik, yol boyu kah hastalanan bir k\u0131z karde\u015fini s\u0131rtl\u0131yor, kah yiyecek bir \u015feyler tedarik ediyor, arada ya\u015fl\u0131 ve hasta babaannesiyle Horakur\u2019a destek oluyordu, bitmez t\u00fckenmez Aksor yollar\u0131nda.<\/p>\n\n\n\n<h4 class=\"wp-block-heading\">Kafile y\u00fcr\u00fcrken k\u0131r\u0131l\u0131yordu<\/h4>\n\n\n\n<p>Y\u00fcr\u00fcrken k\u0131r\u0131l\u0131yordu kafile. Zay\u0131flar d\u00fc\u015f\u00fcyor, kalk\u0131yor, sonundaysa kalkmamacas\u0131na d\u00fc\u015f\u00fcyorlard\u0131. Babaanne S\u0131rpuhi de hastayd\u0131 asl\u0131nda. Zaten Zaruhi ve \u00e7ocuklarla birlikte hem hava de\u011fi\u015fimi, hem tedavi i\u00e7in \u0130stanbul\u2019dayd\u0131 o u\u011fursuz 1915 bahar\u0131nda. Ta ki o\u011flu Parunak Ermenilerin s\u00fcr\u00fclece\u011fi ile ilgili baz\u0131 duyumlar al\u0131p da, \u201cZaruhi ve \u00e7ocuklar\u0131 al, G\u00fcm\u00fc\u015fhane\u2019ye gel, hepimiz birarada olal\u0131m.\u201d diye telgraf \u00e7ekene kadar. Ger\u00e7i rahip e\u011fitimi almak i\u00e7in Kud\u00fcs\u2019e oradan da Kahire\u2019ye giden bir o\u011flu daha vard\u0131. Onun da yurda d\u00f6nd\u00fc\u011f\u00fc s\u00f6yleniyordu ama o art\u0131k kiliseye mal olmu\u015f, aileden kopmu\u015ftu zaten. \u015eimdiyse \u0130zmit\u2019tekilerden hi\u00e7bir haber alamaman\u0131n yan\u0131 s\u0131ra, \u00fczerine titredi\u011fi o\u011flunu yitirmenin ac\u0131s\u0131n\u0131 da y\u00fcklenmi\u015f, dayanacak takati kalmam\u0131\u015ft\u0131. Yan\u0131ba\u015flar\u0131nda at\u0131n\u0131 s\u00fcren muhaf\u0131za kendisini \u00f6ld\u00fcrmesi i\u00e7in yalvar\u0131yordu. Asker; \u201cOlmaz han\u0131m, yapamam, hem kur\u015fun bedava de\u011fil!\u201d dedik\u00e7e \u0131srar ediyordu zavall\u0131 kad\u0131n. Sonunda, koynundan kesesini \u00e7\u0131kar\u0131p \u201cO\u011flum, al, paras\u0131n\u0131 vereyim, s\u0131k bir kur\u015fun, sevdiklerinin ba\u015f\u0131 i\u00e7in\u2026\u201d demi\u015fti. Onlar\u0131 duyan bir garip kad\u0131nca\u011f\u0131z da, \u201cEvlad\u0131m, benim hi\u00e7 param yok, Allah a\u015fk\u0131na, arkas\u0131nda duray\u0131m, ikimizi bir kur\u015funla vur!\u201d diye yalvar\u0131yordu.<\/p>\n\n\n\n<h4 class=\"wp-block-heading\">\u201cAn\u0131nda \u00f6ld\u00fc merak etme\u201d<\/h4>\n\n\n\n<figure class=\"wp-block-image\"><img decoding=\"async\" src=\"https:\/\/i0.wp.com\/static.agos.com.tr\/2026\/04\/zarug-yaya-zaruhi-avedisyan-roza-yaya-nvart-roza-seropyan-sarkis-seropyan.png?ssl=1\" alt=\"\"\/><figcaption class=\"wp-element-caption\">Zaruhi Avedisyan, Nvart Roza Seropyan, Sarkis Seropyan<\/figcaption><\/figure>\n\n\n\n<p>Vadide mavzer kur\u015fununun sesi yank\u0131land\u0131\u011f\u0131nda, \u201cVah!\u201d diye hayk\u0131rd\u0131 Zaruhi, \u201cKimi vurdular yine?\u201d D\u00f6n\u00fcp bakmaya yeltendi ama yan\u0131ndan y\u00fcr\u00fcyen kad\u0131n \u00e7ekti kolundan; \u201cY\u00fcr\u00fc y\u00fcr\u00fc, bo\u015f ver!\u201d diye \u00e7\u0131k\u0131\u015ft\u0131 \u00f6nce, sonra da ekledi, \u201cKaynanand\u0131 i\u015fte\u2026\u201d. \u201c\u00d6ld\u00fc m\u00fc bari? Da\u011f ba\u015f\u0131nda sa\u011f kalmasayd\u0131!\u201d diye merakland\u0131 Zaruhi bu kez de, ama pe\u015flerinden y\u00fcr\u00fcyen kad\u0131nlardan birinin \u201cAn\u0131nda \u00f6ld\u00fc, merak etme!\u201d diye seslenmesiyle bir nebze rahatlad\u0131 y\u00fcre\u011fi\u2026<\/p>\n\n\n\n<p>Kader, sevdiklerinin \u00f6l\u00fcm\u00fcne sevindiriyordu insanlar\u0131\u2026<\/p>\n\n\n\n<p>Ve Zaruhi tekrarlad\u0131 o bildik bedduay\u0131 yine tekrarlad\u0131: \u201cSebep olan\u0131n g\u00f6z\u00fc k\u00f6r olsun!\u201d<\/p>\n\n\n\n<p>F\u0131rat \u00fczerindeki k\u00f6pr\u00fclerden birinin ba\u015f\u0131nda durduklar\u0131nda art\u0131k takat\u0131 kalmam\u0131\u015ft\u0131 Horakur\u2019un. Kemerinde alt\u0131n saklad\u0131\u011f\u0131 i\u00e7in bir muhaf\u0131z\u0131n s\u00fcng\u00fc darbesiyle cezaland\u0131r\u0131lm\u0131\u015f, yaras\u0131 bak\u0131ms\u0131zl\u0131ktan kurtlanm\u0131\u015ft\u0131. Art\u0131k karar\u0131n\u0131 verdi. Bu onun son molas\u0131 olacak, nihayet huzura kavu\u015facakt\u0131. \u00c7ocuklar\u0131 \u00f6pt\u00fc, s\u0131ms\u0131k\u0131 bast\u0131 Zaruhi\u2019yi ba\u011fr\u0131na. Ba\u011fdik\u2019e d\u00f6nd\u00fc \u201cBunlar sana emanet o\u011flum\u2026\u201d dedi, ard\u0131ndan ba\u015f\u0131n\u0131 g\u00f6\u011fe kald\u0131r\u0131p \u201cBeni affet Tanr\u0131m!\u201d diyerek att\u0131 kendini F\u0131rat\u2019a.<\/p>\n\n\n\n<p>Mum gibi bembeyaz y\u00fczleri nehire d\u00f6n\u00fck y\u00fczlerce insan ifadesiz g\u00f6zlerle izledi kad\u0131n\u0131n \u00f6l\u00fcme atlay\u0131\u015f\u0131n\u0131. \u00c7ocuklar f\u0131rf\u0131rl\u0131 eteklerinin para\u015f\u00fct gibi a\u00e7\u0131l\u0131pbir an i\u00e7in suyun \u00fczerinde kalan Horakur\u2019un oyun oynad\u0131\u011f\u0131n\u0131 sand\u0131lar. Gelin gibi s\u00fcz\u00fclerek uzakla\u015fan kad\u0131na el sallad\u0131lar. Bir tek Ba\u011fdik, \u00e7aresizlik i\u00e7inde belki de ya\u015fam\u0131n\u0131n son duas\u0131n\u0131 m\u0131r\u0131ldan\u0131yordu. Zep\u00fcr ise olan bitenden habersiz, ablas\u0131n\u0131n ete\u011fini \u00e7ekti: \u201cBak bak Roza, Horakur ne g\u00fczel y\u00fcz\u00fcyor\u2026\u201d<\/p>\n\n\n\n<p>O anda belki de kafilede y\u00fcr\u00fcyenlerin ve de jandarman\u0131n d\u00fc\u015f\u00fcncesi birle\u015fti ayn\u0131 noktada: Hastayd\u0131 zaten, kurtuldu\u2026<\/p>\n\n\n\n<p>Hi\u00e7 kimse yeltenmedi kad\u0131n\u0131 nehirden \u00e7\u0131karmaya. F\u0131rat suyu Horakur\u2019u da g\u00f6t\u00fcrd\u00fc.<\/p>\n\n\n\n<p>Ve Ba\u011fdik o g\u00fcnden sonra bir daha hi\u00e7 dua etmedi.<\/p>\n\n\n\n<p>E\u011fin\u2019e vard\u0131klar\u0131nda ceviz ve dut a\u011fa\u00e7lar\u0131yla kapl\u0131 sahipsiz bir bah\u00e7eye yerle\u015fmelerine izin verildi. Yemekleri E\u011finliler\u2019in geleneksel dut kurusu ve cevizden ibaretti. Burada Zaruhi\u2019nin akl\u0131na bir kurnazl\u0131k geldi ya da biri ona \u00f6yle bir \u00f6\u011f\u00fct verdi: Rumlar, Katolikler, Protestanlar, hatta S\u00fcryaniler s\u00fcrg\u00fcn edilmiyorlar diye. G\u00fcm\u00fc\u015fhane\u2019de onun Rum oldu\u011funu herkes bilmiyor muydu? Rum oldu\u011funu kan\u0131tlayabilirse belki de kendini ve \u00e7ocuklar\u0131n\u0131 kurtarabilirdi. O halde\u2026? Karakola gidip \u201cBiz Rum\u2019uz!\u201d diye ba\u015fvuruda bulunacakt\u0131 Zaruhi.<\/p>\n\n\n\n<p>Ba\u015fvurdular da. Ama bu i\u015f o kadar basit de\u011fildi. Ger\u00e7i karakolda Ba\u011fdik\u2019i sevmi\u015flerdi. Bu becerikli \u00e7ocu\u011fa eski bir polis elbisesi uydurup Faik diye isim de takm\u0131\u015f, orta i\u015fleri yapt\u0131r\u0131yorlard\u0131. Ancak ailenin Rum oldu\u011funu geldikleri yerden belgelenmesi, bunun i\u00e7in de telgraf \u00e7ekip cevap beklemeleri gerekiyordu. Bu da onlar\u0131n en az\u0131ndan kafileden ayr\u0131l\u0131p E\u011fin\u2019de kalmalar\u0131n\u0131 sa\u011flad\u0131.<\/p>\n\n\n\n<h4 class=\"wp-block-heading\">G\u00fcm\u00fc\u015fhane\u2019ye telgraf<\/h4>\n\n\n\n<p>Telgraf \u00e7ekildi ancak cevap gelmedi. Biri yine ak\u0131l verdi \u201cCevapl\u0131 telgraf \u00e7ekin.\u201d diye. Y\u00fckl\u00fc bir \u00fccret daha \u00f6dediler cevapl\u0131 telgraf i\u00e7in ve G\u00fcm\u00fc\u015fhane\u2019ye tekrar soruldu \u201cDoktor Parunak Avedisyan\u2019\u0131n ailesinin Rum oldu\u011funun i\u015f\u2019ar\u0131\u201d diye. Cevap gecikti ama paras\u0131n\u0131 pe\u015fin \u00f6dediklerinden sonunda olumlu cevap geldi. B\u00f6ylece ge\u00e7mi\u015fteki masum bir \u015faka Zaruhi ile \u00e7ocuklar\u0131n\u0131 Der Zor yollar\u0131ndan kurtarm\u0131\u015ft\u0131.<\/p>\n\n\n\n<p>Evler basamak basamakt\u0131r E\u011fin\u2019de. Bir evin \u00f6n\u00fcndeki bo\u015flu\u011fu ya da teras\u0131 bir sonrakinin \u201certik\u201d denilen toprak dam\u0131d\u0131r. Sokaklar\u0131 ise kald\u0131r\u0131m kald\u0131r\u0131m iner tepeden F\u0131rat\u2019a kadar.<\/p>\n\n\n\n<p>E\u011fin\u2019de durumu iyidir \u201cFaik\u201din. Karakoldaki i\u015fleri bitti\u011finde polis k\u0131yafetiyle etrafa caka satar, hatta zaman zaman annesinin erzak veya kap kacak ihtiyac\u0131n\u0131 da sa\u011flar m\u00fch\u00fcrl\u00fc Ermeni evlerinden. Eee, polis ya\u2026 Bir de \u00e7akmak uydurmu\u015f. Kap\u0131daki balmumu m\u00fch\u00fcr\u00fc eritti mi, evin birinden tencere-tabak, di\u011ferinden bir k\u00fclek ya\u011f, bulgur, art\u0131k Allah ne verdiyse\u2026 Karakolda g\u00f6z yumarlar Faik\u2019in bu hallerine. Anas\u0131 korkar \u201cO\u011flum, seni de g\u00f6t\u00fcrseler ben ne yapar\u0131m? Hem ne yapaca\u011f\u0131z bunlar\u0131? Biz muhaciriz.\u201d Ama Ba\u011fdik bu, dinler mi? Dahas\u0131 \u201cH\u0131rs\u0131zl\u0131k soysuzluk yapm\u0131yorum ya kendi mal\u0131m\u0131z\u0131 al\u0131yorum!\u201d diye kendince adil bir nedeni bile vard\u0131r onun.<\/p>\n\n\n\n<h4 class=\"wp-block-heading\">E\u011fin\u2019de ya\u015fananlar<\/h4>\n\n\n\n<figure class=\"wp-block-image\"><img decoding=\"async\" src=\"https:\/\/i0.wp.com\/static.agos.com.tr\/2026\/04\/roza-yaya-zarug-zaruhi-yaya.png?ssl=1\" alt=\"\"\/><figcaption class=\"wp-element-caption\">Roza Yaya, Zarug (Zaruhi) Yaya<\/figcaption><\/figure>\n\n\n\n<p>Bu arada, sa\u011fda solda kal\u0131p s\u0131cakta koku\u015fan \u00f6l\u00fcleri kald\u0131rma i\u015fi Erzurum taraflar\u0131ndan \u201caksor\u201d edilen Ermeni muhacirlere verilmi\u015ftir. Bunlar i\u015f g\u00fcc\u00fc olarak kullan\u0131lmak i\u00e7in E\u011fin\u2019de al\u0131konan iri k\u0131y\u0131m, g\u00fc\u00e7l\u00fc kuvvetli adamlard\u0131r. Cesetlerin ayaklar\u0131ndan kement ge\u00e7irip s\u00fcr\u00fckleye s\u00fcr\u00fckleye F\u0131rat\u2019a atmaktad\u0131rlar. Bunu yaparken basamaklara \u00e7arpan kafalar\u0131n\u0131n par\u00e7alanmas\u0131na Faik fena halde bozulur. \u201c\u015eu ipi \u00f6l\u00fcn\u00fcn kafas\u0131ndan ge\u00e7irin!\u201d diye defalarca s\u00f6yler. Ancak adamlar inat\u00e7\u0131d\u0131r,\u201dEmir b\u00f6yle!\u201d der, bildiklerini okurlar. \u015eiveleri de bir tuhaf olan bu insanlarla \u201cSiz Hay (Ermeni) de\u011fil misiniz?\u201d diye \u00e7at\u0131\u015fman\u0131n, hatta polis \u00fcniformas\u0131n\u0131n yarar\u0131 olmaz. B\u00f6ylece Erzurumlular \u201cm\u0131nt\u0131ka temizli\u011fi\u201dni emir ald\u0131klar\u0131 gibi s\u00fcrd\u00fcr\u00fcrler. Ermeni de olsalar Ba\u011fdik o g\u00fcnden sonra sevmez, d\u00fc\u015fman beller Erzurumlular\u2019\u0131.<\/p>\n\n\n\n<blockquote class=\"wp-block-quote is-layout-flow wp-block-quote-is-layout-flow\">\n<p>G\u00fcn\u00fcn birinde, yeniden yola d\u00fc\u015fecekleri zaman, \u201cVer \u00e7ocu\u011fu bize Madam, g\u00f6z\u00fcn arkada kalmas\u0131n, kendi k\u0131z\u0131m\u0131z gibi bakar\u0131z. Dayanamaz yollarda \u00f6l\u00fcr bu zavall\u0131.\u201d derler Zaruhi\u2019ye. \u0130ster istemez kopar \u201cyavru\u201dsundan Zaruhi. Ve Lusincik art\u0131k Kadriye olur.<\/p>\n<\/blockquote>\n\n\n\n<p>G\u00fcnlerden bir g\u00fcn, gecenin karanl\u0131\u011f\u0131nda Lusin hastalan\u0131r, a\u011flayarak uyan\u0131r ve kusar. Zaruhi eline ge\u00e7irdi\u011fi bir pa\u00e7avrayla kusmuklar\u0131 temizler, pencereden d\u0131\u015far\u0131 atar. O gece a\u00e7 bila\u00e7 \u00e7ocuk sabaha kadar uyumaz. \u201c\u00c7e\u00e7er guzem, hatzik guzem (\u015feker isterim, ekmek isterim)\u2026\u201d diye \u00e7ocuk diliyle say\u0131klar durur. Anne \u00fcz\u00fcnt\u00fcden kahrolur, ne ekmek var ortada verecek ne de \u015feker\u2026 \u201cYavrum, ardu \u0131lla, arev\u0131 ella bidi dam.\u201d der, (Sabah olsun, g\u00fcne\u015f \u00e7\u0131ks\u0131n, verece\u011fim) ama \u00e7ocuk bu, durur mu? Az sonra yeniden ba\u015flar \u201cArev alla, \u00e7e\u00e7er guzem, hatzig guzem\u2026\u201d diye, ve de s\u00fcrd\u00fcr\u00fcr, \u201cArev meg ga, meg \u00e7iga\u2026\u201d (G\u00fcne\u015f bir var, bir yok). Anlamaz bir \u015fey Zaruhi, bast\u0131r\u0131r yavrusunu g\u00f6\u011fs\u00fcne, uyutur.<\/p>\n\n\n\n<p>Sabah uyan\u0131nca, ne g\u00f6rs\u00fcnler? Ertikte bak\u0131r tencere, tabak, ne var ne yok, h\u0131rs\u0131z g\u00f6t\u00fcrm\u00fc\u015f. Zaruhi ac\u0131 ac\u0131 g\u00fcl\u00fcmser: \u201c\u00c7ocuk dedi de ben say\u0131klad\u0131\u011f\u0131n\u0131 sand\u0131m, h\u0131rs\u0131z\u0131n yakt\u0131\u011f\u0131 mum alevini g\u00fcne\u015f sanm\u0131\u015f zavall\u0131m.\u201d<\/p>\n\n\n\n<p>Ama \u201cPolis Faik\u201d i\u015fin ucunu b\u0131rakmaz. H\u0131rs\u0131z\u0131n izini s\u00fcrer ve birka\u00e7 g\u00fcn sonra Lusin\u2019in f\u0131rf\u0131rl\u0131 dantelal\u0131 elbisesini y\u0131kan\u0131p kurumak \u00fczere serilmi\u015f olarak Erzurumlular\u2019\u0131n birinin erti\u011finde bulur. Ortal\u0131\u011f\u0131 birbirine katar, koca adam\u0131 d\u00f6ver, a\u011fz\u0131n\u0131 burnunu da\u011f\u0131t\u0131r. Ard\u0131ndan da hem su\u00e7lu hem g\u00fc\u00e7l\u00fc misali, adam\u0131 karakola \u00e7ektirir. \u201cZavall\u0131 adamla u\u011fra\u015fma, o\u011flum, g\u00fcnaht\u0131r, onlar da bizden!\u201d diye bo\u015funa yalvar\u0131r Zaruhi. \u00dcstelik o elbiseyi de gece karanl\u0131kta kusmuklar\u0131 sildikten sonra kendi asm\u0131\u015ft\u0131r. Zaten adam da buldu\u011funu, y\u0131kay\u0131p \u00e7ocu\u011funa giydirmek i\u00e7in ald\u0131\u011f\u0131n\u0131 s\u00f6yler, ancak Faik inad\u0131ndan d\u00f6nmez.<\/p>\n\n\n\n<p>\u201cKusmuk musmuk anlamam ben. \u00c7almasayd\u0131, hem onlar \u00f6l\u00fclerin kafalar\u0131n\u0131 yara yara g\u00f6t\u00fcrmeselerdi!\u201d der ve adamca\u011f\u0131z\u0131n E\u011fin\u2019den giden ilk kafileyle s\u00fcrg\u00fcne g\u00f6nderilmesine neden olur.<\/p>\n\n\n\n<h4 class=\"wp-block-heading\">Kopar yavrusundan Zaruhi<\/h4>\n\n\n\n<p>Elbiseyi yeniden bulan Zaruhi katlay\u0131p kald\u0131r\u0131rken kemerindeki sertli\u011fi fark eder. Diki\u015fi s\u00f6ker ki, farbelayla kuma\u015f aras\u0131nda \u201cYolda laz\u0131m olur\u201d d\u00fc\u015f\u00fcncesiyle Horakur\u2019un \u00e7ocu\u011fun elbisesine dikti\u011fi \u00e7il \u00e7il alt\u0131nlar\u0131 bulur. Bunu \u00f6\u011frendi\u011finde yeniden k\u00fckrer Ba\u011fdik: \u201cBak, bir de koruyordun h\u0131rs\u0131zlar\u0131, g\u00f6rd\u00fcn m\u00fc, ben olmasam gidiyordu alt\u0131nlar i\u015fte!\u201d diye. Annesi bo\u015funa \u00e7abalar o\u011flunu yat\u0131\u015ft\u0131rmak i\u00e7in: \u201cO\u011flum, evlad\u0131m, ben bilmiyordum ki onlar bilsin\u2026 G\u00fcnah\u0131n\u0131 alma zavall\u0131lar\u0131n!\u201d diye, ama Faik bu, laf dinler mi\u2026<\/p>\n\n\n\n<p>E\u011fin\u2019de bir de Vanl\u0131 kom\u015fular\u0131 var Zaruhiler\u2019in. Erzincan muhacirlerinden teka\u00fct ba\u015fgedikli (emekli astsubay) Celal Bey ve e\u015fi, Allah i\u00e7in iyi insanlard\u0131r. Yard\u0131m\u0131 esirgemezler muhacirlerden, aras\u0131ra yiyecek ve giyecek g\u00f6nderirler. Ba\u015fefendi\u2019nin e\u015fi g\u00fczel Lusin\u2019i \u00e7ok sever. Evine al\u0131r, yedirir i\u00e7irir, ho\u015f tutar yetimi. \u201c\u00c7e\u00e7er\u201din tad\u0131n\u0131 orda \u00f6\u011frenir Lusincik. Ve anas\u0131ndan daha \u00e7ok sever \u00e7e\u00e7er veren \u201cteyze\u201dsini, \u00e7\u0131kmaz evlerinden. G\u00fcn\u00fcn birinde, yeniden yola d\u00fc\u015fecekleri zaman, \u201cVer \u00e7ocu\u011fu bize Madam, g\u00f6z\u00fcn arkada kalmas\u0131n, kendi k\u0131z\u0131m\u0131z gibi bakar\u0131z. Dayanamaz yollarda \u00f6l\u00fcr bu zavall\u0131.\u201d derler Zaruhi\u2019ye.<\/p>\n\n\n\n<p>\u0130ster istemez kopar \u201cyavru\u201dsundan Zaruhi.<\/p>\n\n\n\n<p>Ve Lusincik art\u0131k Kadriye olur.<\/p>\n\n\n\n<p>Y\u0131llar sonra (1956-57) \u0130stanbul Radyosu\u2019nun \u201ckay\u0131p aran\u0131yor\u201d veya benzeri bir program arac\u0131l\u0131\u011f\u0131yla, yeni ailesinin ad\u0131-san\u0131yla,&nbsp; bo\u015funa arar Zaruhi \u201cevlatl\u0131k\u201d verdi\u011fi Lusin-Kadriye\u2019yi \u201cBir umut, belki duyar\u201d diye\u2026<\/p>\n\n\n\n<p>\u015eeker ve s\u0131cak yuva \u00f6zlemi Lusinci\u011fi belki de hi\u00e7 bitiremeyece\u011fi aksor yolundan al\u0131koymas\u0131na al\u0131kor da, aradan onlarca y\u0131l ge\u00e7tikten sonra o kara g\u00fcn\u00fc an\u0131msad\u0131\u011f\u0131nda g\u00f6zleri dolar ve \u201cyavrum-yavrum\u201d diye inler Zaruhi\u2026<\/p>\n\n\n\n<p><em>Not: Zaruhi, Sarkis Seropyan\u2019\u0131n anneannesidir. \u0130\u015fbu yaz\u0131, Sarkis Seropyan taraf\u0131ndan 2007 senesinde kaleme al\u0131nm\u0131\u015f ancak hi\u00e7 yay\u0131nlanmam\u0131\u015ft\u0131r.&nbsp; Zaman zaman \u00e7e\u015fitli vesilelerle dillendirdi\u011fi kendi aile hikayesidir. Bu hik\u00e2yeden Celal Ba\u015flang\u0131\u00e7 daha \u00f6nce \u201cSarkis\u2019in anlatamad\u0131\u011f\u0131 g\u00f6\u00e7 masal\u0131\u201d ba\u015fl\u0131\u011f\u0131 ile 2004\u2019te Radikal\u2019de yay\u0131mlanan yaz\u0131s\u0131nda ve Seropyan\u2019\u0131n \u00f6l\u00fcm\u00fcn\u00fcn ard\u0131ndan \u201cHep soyk\u0131r\u0131m \u00fczerineydi Sarkis Seropyan\u2019\u0131n \u00e7ocukluk masallar\u0131\u201d ba\u015fl\u0131\u011f\u0131 ile de 2015 Nisan\u2019\u0131nda T24\u2019te yay\u0131mlanan yaz\u0131s\u0131nda bahsetmi\u015ftir. Yaz\u0131 ve foto\u011fraflar i\u00e7in Garine Seropyan\u2019a te\u015fekk\u00fcr ederiz.&nbsp;<\/em><\/p>\n\n\n\n<p><em>AGOS<\/em><\/p>\n\n\n\n<p><a href=\"https:\/\/www.agos.com.tr\/tr\/haber\/aksor-kucuk-lusin-nasil-kadriye-oldu-40227\"><strong><em>https:\/\/www.agos.com.tr\/tr\/haber\/aksor-kucuk-lusin-nasil-kadriye-oldu-40227<\/em><\/strong><\/a><\/p>\n","protected":false},"excerpt":{"rendered":"<p>\u00d6nce gizli bir emirle kar\u015f\u0131 \u00e7\u0131kabilecek erkeklerin kafileden ay\u0131klanmalar\u0131n\u0131n ard\u0131ndan, yaln\u0131zca kad\u0131nlar, \u00e7oluk \u00e7ocuk ve ya\u015fl\u0131 erkeklerin F\u0131rat boyunca \u00f6l\u00fcm\u00fcne y\u00fcr\u00fct\u00fclmesine kimileri \u201cTehcir\u201d, kimileri \u201cSoyk\u0131r\u0131m\u201d dese de, Zaruhi bu felaketin ad\u0131n\u0131 \u00e7oktan \u201cAksor\u201d, yani \u201cS\u00fcrg\u00fcn\u201d koymu\u015ftu bir kere. Sarkis Seropyan 30\u2019unu yeni bitirmi\u015fti Zaruhi \u201cyerin dibine ge\u00e7esi\u201d o u\u011fursuz 1915 y\u0131l\u0131n\u0131n ilkbahar\u0131 gelip \u00e7att\u0131\u011f\u0131nda. \u00d6nce [&hellip;]<\/p>\n","protected":false},"author":1,"featured_media":86121,"comment_status":"open","ping_status":"open","sticky":false,"template":"","format":"standard","meta":{"footnotes":""},"categories":[44,21,1,70,20],"tags":[],"class_list":["post-86120","post","type-post","status-publish","format-standard","has-post-thumbnail","hentry","category-ermeni-soykirimi","category-gunumuzde-bati-ermenileri","category-haberler","category-makaleler","category-tarih-sayfalari"],"yoast_head":"<!-- This site is optimized with the Yoast SEO plugin v27.4 - https:\/\/yoast.com\/product\/yoast-seo-wordpress\/ -->\n<title>Aksor: K\u00fc\u00e7\u00fck Lusin nas\u0131l Kadriye oldu? - Bati Ermenistan Ve Bati Ermenileri Sorunlari Ara\u015ftirmalar Merkezi<\/title>\n<meta name=\"robots\" content=\"index, follow, max-snippet:-1, max-image-preview:large, max-video-preview:-1\" \/>\n<link rel=\"canonical\" href=\"https:\/\/akunq.net\/tr\/?p=86120\" \/>\n<meta property=\"og:locale\" content=\"en_US\" \/>\n<meta property=\"og:type\" content=\"article\" \/>\n<meta property=\"og:title\" content=\"Aksor: K\u00fc\u00e7\u00fck Lusin nas\u0131l Kadriye oldu? - Bati Ermenistan Ve Bati Ermenileri Sorunlari Ara\u015ftirmalar Merkezi\" \/>\n<meta property=\"og:description\" content=\"\u00d6nce gizli bir emirle kar\u015f\u0131 \u00e7\u0131kabilecek erkeklerin kafileden ay\u0131klanmalar\u0131n\u0131n ard\u0131ndan, yaln\u0131zca kad\u0131nlar, \u00e7oluk \u00e7ocuk ve ya\u015fl\u0131 erkeklerin F\u0131rat boyunca \u00f6l\u00fcm\u00fcne y\u00fcr\u00fct\u00fclmesine kimileri \u201cTehcir\u201d, kimileri \u201cSoyk\u0131r\u0131m\u201d dese de, Zaruhi bu felaketin ad\u0131n\u0131 \u00e7oktan \u201cAksor\u201d, yani \u201cS\u00fcrg\u00fcn\u201d koymu\u015ftu bir kere. Sarkis Seropyan 30\u2019unu yeni bitirmi\u015fti Zaruhi \u201cyerin dibine ge\u00e7esi\u201d o u\u011fursuz 1915 y\u0131l\u0131n\u0131n ilkbahar\u0131 gelip \u00e7att\u0131\u011f\u0131nda. \u00d6nce [&hellip;]\" \/>\n<meta property=\"og:url\" content=\"https:\/\/akunq.net\/tr\/?p=86120\" \/>\n<meta property=\"og:site_name\" content=\"Bati Ermenistan Ve Bati Ermenileri Sorunlari Ara\u015ftirmalar Merkezi\" \/>\n<meta property=\"article:published_time\" content=\"2026-04-26T06:24:25+00:00\" \/>\n<meta property=\"article:modified_time\" content=\"2026-04-26T06:24:26+00:00\" \/>\n<meta property=\"og:image\" content=\"https:\/\/akunq.net\/tr\/wp-content\/uploads\/sites\/6\/2026\/04\/Kucuk-Lusin-nasil-Kadriye-oldu.webp\" \/>\n\t<meta property=\"og:image:width\" content=\"1200\" \/>\n\t<meta property=\"og:image:height\" content=\"674\" \/>\n\t<meta property=\"og:image:type\" content=\"image\/webp\" \/>\n<meta name=\"author\" content=\"admin\" \/>\n<meta name=\"twitter:card\" content=\"summary_large_image\" \/>\n<meta name=\"twitter:label1\" content=\"Written by\" \/>\n\t<meta name=\"twitter:data1\" content=\"admin\" \/>\n\t<meta name=\"twitter:label2\" content=\"Est. reading time\" \/>\n\t<meta name=\"twitter:data2\" content=\"8 minutes\" \/>\n<script type=\"application\/ld+json\" class=\"yoast-schema-graph\">{\"@context\":\"https:\\\/\\\/schema.org\",\"@graph\":[{\"@type\":\"Article\",\"@id\":\"https:\\\/\\\/akunq.net\\\/tr\\\/?p=86120#article\",\"isPartOf\":{\"@id\":\"https:\\\/\\\/akunq.net\\\/tr\\\/?p=86120\"},\"author\":{\"name\":\"admin\",\"@id\":\"https:\\\/\\\/akunq.net\\\/tr\\\/#\\\/schema\\\/person\\\/42a46675f00a8f1e84520e8c56500de3\"},\"headline\":\"Aksor: K\u00fc\u00e7\u00fck Lusin nas\u0131l Kadriye oldu?\",\"datePublished\":\"2026-04-26T06:24:25+00:00\",\"dateModified\":\"2026-04-26T06:24:26+00:00\",\"mainEntityOfPage\":{\"@id\":\"https:\\\/\\\/akunq.net\\\/tr\\\/?p=86120\"},\"wordCount\":2524,\"commentCount\":0,\"image\":{\"@id\":\"https:\\\/\\\/akunq.net\\\/tr\\\/?p=86120#primaryimage\"},\"thumbnailUrl\":\"https:\\\/\\\/akunq.net\\\/tr\\\/wp-content\\\/uploads\\\/sites\\\/6\\\/2026\\\/04\\\/Kucuk-Lusin-nasil-Kadriye-oldu.webp\",\"articleSection\":[\"Ermeni Soyk\u0131r\u0131m\u0131\",\"G\u00fcn\u00fcm\u00fczde Bat\u0131 Ermenileri\",\"Haberler\",\"Makaleler\",\"Tarih Sayfalar\u0131\"],\"inLanguage\":\"en-US\",\"potentialAction\":[{\"@type\":\"CommentAction\",\"name\":\"Comment\",\"target\":[\"https:\\\/\\\/akunq.net\\\/tr\\\/?p=86120#respond\"]}]},{\"@type\":\"WebPage\",\"@id\":\"https:\\\/\\\/akunq.net\\\/tr\\\/?p=86120\",\"url\":\"https:\\\/\\\/akunq.net\\\/tr\\\/?p=86120\",\"name\":\"Aksor: K\u00fc\u00e7\u00fck Lusin nas\u0131l Kadriye oldu? - Bati Ermenistan Ve Bati Ermenileri Sorunlari Ara\u015ftirmalar Merkezi\",\"isPartOf\":{\"@id\":\"https:\\\/\\\/akunq.net\\\/tr\\\/#website\"},\"primaryImageOfPage\":{\"@id\":\"https:\\\/\\\/akunq.net\\\/tr\\\/?p=86120#primaryimage\"},\"image\":{\"@id\":\"https:\\\/\\\/akunq.net\\\/tr\\\/?p=86120#primaryimage\"},\"thumbnailUrl\":\"https:\\\/\\\/akunq.net\\\/tr\\\/wp-content\\\/uploads\\\/sites\\\/6\\\/2026\\\/04\\\/Kucuk-Lusin-nasil-Kadriye-oldu.webp\",\"datePublished\":\"2026-04-26T06:24:25+00:00\",\"dateModified\":\"2026-04-26T06:24:26+00:00\",\"author\":{\"@id\":\"https:\\\/\\\/akunq.net\\\/tr\\\/#\\\/schema\\\/person\\\/42a46675f00a8f1e84520e8c56500de3\"},\"breadcrumb\":{\"@id\":\"https:\\\/\\\/akunq.net\\\/tr\\\/?p=86120#breadcrumb\"},\"inLanguage\":\"en-US\",\"potentialAction\":[{\"@type\":\"ReadAction\",\"target\":[\"https:\\\/\\\/akunq.net\\\/tr\\\/?p=86120\"]}]},{\"@type\":\"ImageObject\",\"inLanguage\":\"en-US\",\"@id\":\"https:\\\/\\\/akunq.net\\\/tr\\\/?p=86120#primaryimage\",\"url\":\"https:\\\/\\\/akunq.net\\\/tr\\\/wp-content\\\/uploads\\\/sites\\\/6\\\/2026\\\/04\\\/Kucuk-Lusin-nasil-Kadriye-oldu.webp\",\"contentUrl\":\"https:\\\/\\\/akunq.net\\\/tr\\\/wp-content\\\/uploads\\\/sites\\\/6\\\/2026\\\/04\\\/Kucuk-Lusin-nasil-Kadriye-oldu.webp\",\"width\":1200,\"height\":674},{\"@type\":\"BreadcrumbList\",\"@id\":\"https:\\\/\\\/akunq.net\\\/tr\\\/?p=86120#breadcrumb\",\"itemListElement\":[{\"@type\":\"ListItem\",\"position\":1,\"name\":\"Home\",\"item\":\"https:\\\/\\\/akunq.net\\\/tr\"},{\"@type\":\"ListItem\",\"position\":2,\"name\":\"Aksor: K\u00fc\u00e7\u00fck Lusin nas\u0131l Kadriye oldu?\"}]},{\"@type\":\"WebSite\",\"@id\":\"https:\\\/\\\/akunq.net\\\/tr\\\/#website\",\"url\":\"https:\\\/\\\/akunq.net\\\/tr\\\/\",\"name\":\"Bati Ermenistan Ve Bati Ermenileri Sorunlari Ara\u015ftirmalar Merkezi\",\"description\":\"\",\"potentialAction\":[{\"@type\":\"SearchAction\",\"target\":{\"@type\":\"EntryPoint\",\"urlTemplate\":\"https:\\\/\\\/akunq.net\\\/tr\\\/?s={search_term_string}\"},\"query-input\":{\"@type\":\"PropertyValueSpecification\",\"valueRequired\":true,\"valueName\":\"search_term_string\"}}],\"inLanguage\":\"en-US\"},{\"@type\":\"Person\",\"@id\":\"https:\\\/\\\/akunq.net\\\/tr\\\/#\\\/schema\\\/person\\\/42a46675f00a8f1e84520e8c56500de3\",\"name\":\"admin\",\"url\":\"https:\\\/\\\/akunq.net\\\/tr\\\/?author=1\"}]}<\/script>\n<!-- \/ Yoast SEO plugin. -->","yoast_head_json":{"title":"Aksor: K\u00fc\u00e7\u00fck Lusin nas\u0131l Kadriye oldu? - Bati Ermenistan Ve Bati Ermenileri Sorunlari Ara\u015ftirmalar Merkezi","robots":{"index":"index","follow":"follow","max-snippet":"max-snippet:-1","max-image-preview":"max-image-preview:large","max-video-preview":"max-video-preview:-1"},"canonical":"https:\/\/akunq.net\/tr\/?p=86120","og_locale":"en_US","og_type":"article","og_title":"Aksor: K\u00fc\u00e7\u00fck Lusin nas\u0131l Kadriye oldu? - Bati Ermenistan Ve Bati Ermenileri Sorunlari Ara\u015ftirmalar Merkezi","og_description":"\u00d6nce gizli bir emirle kar\u015f\u0131 \u00e7\u0131kabilecek erkeklerin kafileden ay\u0131klanmalar\u0131n\u0131n ard\u0131ndan, yaln\u0131zca kad\u0131nlar, \u00e7oluk \u00e7ocuk ve ya\u015fl\u0131 erkeklerin F\u0131rat boyunca \u00f6l\u00fcm\u00fcne y\u00fcr\u00fct\u00fclmesine kimileri \u201cTehcir\u201d, kimileri \u201cSoyk\u0131r\u0131m\u201d dese de, Zaruhi bu felaketin ad\u0131n\u0131 \u00e7oktan \u201cAksor\u201d, yani \u201cS\u00fcrg\u00fcn\u201d koymu\u015ftu bir kere. Sarkis Seropyan 30\u2019unu yeni bitirmi\u015fti Zaruhi \u201cyerin dibine ge\u00e7esi\u201d o u\u011fursuz 1915 y\u0131l\u0131n\u0131n ilkbahar\u0131 gelip \u00e7att\u0131\u011f\u0131nda. \u00d6nce [&hellip;]","og_url":"https:\/\/akunq.net\/tr\/?p=86120","og_site_name":"Bati Ermenistan Ve Bati Ermenileri Sorunlari Ara\u015ftirmalar Merkezi","article_published_time":"2026-04-26T06:24:25+00:00","article_modified_time":"2026-04-26T06:24:26+00:00","og_image":[{"width":1200,"height":674,"url":"https:\/\/akunq.net\/tr\/wp-content\/uploads\/sites\/6\/2026\/04\/Kucuk-Lusin-nasil-Kadriye-oldu.webp","type":"image\/webp"}],"author":"admin","twitter_card":"summary_large_image","twitter_misc":{"Written by":"admin","Est. reading time":"8 minutes"},"schema":{"@context":"https:\/\/schema.org","@graph":[{"@type":"Article","@id":"https:\/\/akunq.net\/tr\/?p=86120#article","isPartOf":{"@id":"https:\/\/akunq.net\/tr\/?p=86120"},"author":{"name":"admin","@id":"https:\/\/akunq.net\/tr\/#\/schema\/person\/42a46675f00a8f1e84520e8c56500de3"},"headline":"Aksor: K\u00fc\u00e7\u00fck Lusin nas\u0131l Kadriye oldu?","datePublished":"2026-04-26T06:24:25+00:00","dateModified":"2026-04-26T06:24:26+00:00","mainEntityOfPage":{"@id":"https:\/\/akunq.net\/tr\/?p=86120"},"wordCount":2524,"commentCount":0,"image":{"@id":"https:\/\/akunq.net\/tr\/?p=86120#primaryimage"},"thumbnailUrl":"https:\/\/akunq.net\/tr\/wp-content\/uploads\/sites\/6\/2026\/04\/Kucuk-Lusin-nasil-Kadriye-oldu.webp","articleSection":["Ermeni Soyk\u0131r\u0131m\u0131","G\u00fcn\u00fcm\u00fczde Bat\u0131 Ermenileri","Haberler","Makaleler","Tarih Sayfalar\u0131"],"inLanguage":"en-US","potentialAction":[{"@type":"CommentAction","name":"Comment","target":["https:\/\/akunq.net\/tr\/?p=86120#respond"]}]},{"@type":"WebPage","@id":"https:\/\/akunq.net\/tr\/?p=86120","url":"https:\/\/akunq.net\/tr\/?p=86120","name":"Aksor: K\u00fc\u00e7\u00fck Lusin nas\u0131l Kadriye oldu? - Bati Ermenistan Ve Bati Ermenileri Sorunlari Ara\u015ftirmalar Merkezi","isPartOf":{"@id":"https:\/\/akunq.net\/tr\/#website"},"primaryImageOfPage":{"@id":"https:\/\/akunq.net\/tr\/?p=86120#primaryimage"},"image":{"@id":"https:\/\/akunq.net\/tr\/?p=86120#primaryimage"},"thumbnailUrl":"https:\/\/akunq.net\/tr\/wp-content\/uploads\/sites\/6\/2026\/04\/Kucuk-Lusin-nasil-Kadriye-oldu.webp","datePublished":"2026-04-26T06:24:25+00:00","dateModified":"2026-04-26T06:24:26+00:00","author":{"@id":"https:\/\/akunq.net\/tr\/#\/schema\/person\/42a46675f00a8f1e84520e8c56500de3"},"breadcrumb":{"@id":"https:\/\/akunq.net\/tr\/?p=86120#breadcrumb"},"inLanguage":"en-US","potentialAction":[{"@type":"ReadAction","target":["https:\/\/akunq.net\/tr\/?p=86120"]}]},{"@type":"ImageObject","inLanguage":"en-US","@id":"https:\/\/akunq.net\/tr\/?p=86120#primaryimage","url":"https:\/\/akunq.net\/tr\/wp-content\/uploads\/sites\/6\/2026\/04\/Kucuk-Lusin-nasil-Kadriye-oldu.webp","contentUrl":"https:\/\/akunq.net\/tr\/wp-content\/uploads\/sites\/6\/2026\/04\/Kucuk-Lusin-nasil-Kadriye-oldu.webp","width":1200,"height":674},{"@type":"BreadcrumbList","@id":"https:\/\/akunq.net\/tr\/?p=86120#breadcrumb","itemListElement":[{"@type":"ListItem","position":1,"name":"Home","item":"https:\/\/akunq.net\/tr"},{"@type":"ListItem","position":2,"name":"Aksor: K\u00fc\u00e7\u00fck Lusin nas\u0131l Kadriye oldu?"}]},{"@type":"WebSite","@id":"https:\/\/akunq.net\/tr\/#website","url":"https:\/\/akunq.net\/tr\/","name":"Bati Ermenistan Ve Bati Ermenileri Sorunlari Ara\u015ftirmalar Merkezi","description":"","potentialAction":[{"@type":"SearchAction","target":{"@type":"EntryPoint","urlTemplate":"https:\/\/akunq.net\/tr\/?s={search_term_string}"},"query-input":{"@type":"PropertyValueSpecification","valueRequired":true,"valueName":"search_term_string"}}],"inLanguage":"en-US"},{"@type":"Person","@id":"https:\/\/akunq.net\/tr\/#\/schema\/person\/42a46675f00a8f1e84520e8c56500de3","name":"admin","url":"https:\/\/akunq.net\/tr\/?author=1"}]}},"_links":{"self":[{"href":"https:\/\/akunq.net\/tr\/index.php?rest_route=\/wp\/v2\/posts\/86120","targetHints":{"allow":["GET"]}}],"collection":[{"href":"https:\/\/akunq.net\/tr\/index.php?rest_route=\/wp\/v2\/posts"}],"about":[{"href":"https:\/\/akunq.net\/tr\/index.php?rest_route=\/wp\/v2\/types\/post"}],"author":[{"embeddable":true,"href":"https:\/\/akunq.net\/tr\/index.php?rest_route=\/wp\/v2\/users\/1"}],"replies":[{"embeddable":true,"href":"https:\/\/akunq.net\/tr\/index.php?rest_route=%2Fwp%2Fv2%2Fcomments&post=86120"}],"version-history":[{"count":1,"href":"https:\/\/akunq.net\/tr\/index.php?rest_route=\/wp\/v2\/posts\/86120\/revisions"}],"predecessor-version":[{"id":86122,"href":"https:\/\/akunq.net\/tr\/index.php?rest_route=\/wp\/v2\/posts\/86120\/revisions\/86122"}],"wp:featuredmedia":[{"embeddable":true,"href":"https:\/\/akunq.net\/tr\/index.php?rest_route=\/wp\/v2\/media\/86121"}],"wp:attachment":[{"href":"https:\/\/akunq.net\/tr\/index.php?rest_route=%2Fwp%2Fv2%2Fmedia&parent=86120"}],"wp:term":[{"taxonomy":"category","embeddable":true,"href":"https:\/\/akunq.net\/tr\/index.php?rest_route=%2Fwp%2Fv2%2Fcategories&post=86120"},{"taxonomy":"post_tag","embeddable":true,"href":"https:\/\/akunq.net\/tr\/index.php?rest_route=%2Fwp%2Fv2%2Ftags&post=86120"}],"curies":[{"name":"wp","href":"https:\/\/api.w.org\/{rel}","templated":true}]}}