{"id":86117,"date":"2026-04-26T01:17:10","date_gmt":"2026-04-26T06:17:10","guid":{"rendered":"https:\/\/akunq.net\/tr\/?p=86117"},"modified":"2026-04-26T01:17:11","modified_gmt":"2026-04-26T06:17:11","slug":"dikkat-tokat-ve-sivasta-epeyce-ermeni-yigilmistir","status":"publish","type":"post","link":"https:\/\/akunq.net\/tr\/?p=86117","title":{"rendered":"\u201cDikkat: Tokat ve Sivas\u2019ta epeyce Ermeni y\u0131\u011f\u0131lm\u0131\u015ft\u0131r\u201d"},"content":{"rendered":"\n<p><strong><em>&#8220;Ermenilerin Tokat\u2019ta baz\u0131 kimselerin evlerinde saklanarak, bir k\u0131sm\u0131n\u0131n da Sivas\u2019a kadar giderek orada yine gizlenmek sureti ile kalarak m\u00fctarekeden sonra ortaya \u00e7\u0131kt\u0131klar\u0131 vurgusu da tesad\u00fcf de\u011fildir.&#8221;<\/em><\/strong><\/p>\n\n\n\n<p><strong>Mahsuni G\u00fcl <\/strong><\/p>\n\n\n\n<p>Bu makalede Ba\u015fkanl\u0131k Cumhuriyet Ar\u015fivi\u2019nde yer alan [1] Tokat ve Sivas\u2019ta \u00e7ok say\u0131da Ermeni\u2019nin bulundu\u011fu konusundaki iki belgeye de\u011finilecektir.<\/p>\n\n\n\n<p>Raymond Kevorkian, \u0130leti\u015fim Yay\u0131nlar\u0131 taraf\u0131ndan 2015 y\u0131l\u0131nda yay\u0131nlanan \u201cErmeni Soyk\u0131r\u0131m\u0131\u201d ba\u015fl\u0131kl\u0131 \u00e7al\u0131\u015fmas\u0131nda [2] Sivas\u2019ta 1914 y\u0131l\u0131nda 204.472 Ermeni ve yakla\u015f\u0131k olarak 100.000 Rum ve S\u00fcr\u00adyani dahil olmak \u00fczere toplam 1 milyon ki\u015finin ya\u015fad\u0131\u011f\u0131 bilgisini aktar\u0131r.<\/p>\n\n\n\n<p>Kevorkian, ayn\u0131 \u00e7al\u0131\u015fmas\u0131nda Tokat\u2019ta ise Patrikhane&#8217;nin tuttu\u011fu istatistikleri veri alarak 1914&#8217;te Tokat\u2019ta 32.281 Ermeni\u2019nin ya\u015fad\u0131\u011f\u0131 bilgisini aktar\u0131r.<\/p>\n\n\n\n<p>De\u011finece\u011fimiz belgelerde yer alan bilgiler her ne kadar i\u00e7erik olarak k\u0131sa olsa da 1895 ve 1915 y\u0131l\u0131nda yok edilen Ermenilerin 1938 ve 1940 y\u0131llar\u0131nda dahi tehlike olarak g\u00f6r\u00fcld\u00fckleri ve \u00f6nlem al\u0131nmas\u0131 gerekti\u011fi d\u00fc\u015f\u00fcncesinin ge\u00e7erli oldu\u011funu g\u00f6stermektedir.<\/p>\n\n\n\n<figure class=\"wp-block-image\"><img decoding=\"async\" src=\"https:\/\/static.agos.com.tr\/2026\/04\/mahsuni-belge-2.png\" alt=\"\"\/><\/figure>\n\n\n\n<p>Esasen bu k\u0131sa bilgilerin Ermenilere dair bir istihbarat raporu oldu\u011funu anlamak i\u00e7in alim olmaya gerek yoktur.<\/p>\n\n\n\n<p>Ermenilerin Tokat\u2019ta baz\u0131 kimselerin evlerinde saklanarak, bir k\u0131sm\u0131n\u0131n da Sivas\u2019a kadar giderek orada yine gizlenmek sureti ile kalarak m\u00fctarekeden sonra ortaya \u00e7\u0131kt\u0131klar\u0131 vurgusu da tesad\u00fcf de\u011fildir.<\/p>\n\n\n\n<p>CHP Sivas B\u00f6lgesi M\u00fcfetti\u015fi ve Kars Mebusu Z. Arhan, CHP Genel Sekreterli\u011fine g\u00f6nderdi\u011fi belgede, Tokat ve Sivas illerinde bilhassa iki \u015fehirde epeyce Ermeni y\u0131\u011f\u0131ld\u0131\u011f\u0131n\u0131, icab\u0131nda bunlar\u0131n 5. kol olabileceklerini ve illerin bu ciheti nazar\u0131 dikkate alm\u0131\u015f olacaklar\u0131n\u0131 \u015f\u00fcphesiz bilmekle beraber \u201cmakam\u0131 sanilerine\u201d de (y\u00fcksek makamlara) arz etti\u011fini belirtir.<\/p>\n\n\n\n<p>Tokat Valisi A. Ergun taraf\u0131ndan CHP Genel Sekreterli\u011fine g\u00f6nderilen belgenin ise 22.07.1938 g\u00fcnl\u00fc ve Emniyet Umum M\u00fcd\u00fcrl\u00fc\u011f\u00fc Polis tefti\u015f heyeti reisli\u011fi 31404 say\u0131l\u0131 buyru\u011fun kar\u015f\u0131l\u0131\u011f\u0131 oldu\u011fu belirtilmi\u015ftir.<\/p>\n\n\n\n<p>Ergun, belgede b\u00fcy\u00fck harpte vuku bulan tehcir s\u0131ras\u0131nda Ermenilerden bir k\u0131sm\u0131n\u0131n Tokat\u2019ta o zaman n\u00fcfuz sahibi olan baz\u0131 kimselerin evlerinde saklanarak ve bir k\u0131sm\u0131n\u0131n da Sivas\u2019a kadar giderek orada yine bu suretle gizlenmek sureti ile kalarak m\u00fctarekeden sonra ortaya \u00e7\u0131kt\u0131klar\u0131n\u0131, 1933 ve 1935 y\u0131llar\u0131nda toplam\u0131 700 ve 722\u2019ye bali\u011f olan ve bir k\u0131sm\u0131 kuyumculuk, demircilik, marangozluk gibi sanat sahibi olup ekserisi T\u00fcrklerin yan\u0131nda hizmetkarl\u0131k etmekle i\u015ftigal eden Ermenilerin o g\u00fcnk\u00fc toplam\u0131n\u0131n 798\u2019e \u00e7\u0131kt\u0131\u011f\u0131n\u0131 ifade eder.<\/p>\n\n\n\n<figure class=\"wp-block-image\"><img decoding=\"async\" src=\"https:\/\/static.agos.com.tr\/2026\/04\/mahsuni-belge-1.png\" alt=\"\"\/><\/figure>\n\n\n\n<p>Belgede \u201cG\u00f6r\u00fclen tezay\u00fcd\u00fcn (\u00e7o\u011falma) do\u011fumla ge\u00e7mi\u015f y\u0131llarda kazalara veya \u0130stanbul\u2019a gitmi\u015f olup da bilahare serbesti seyahattan istifade ederek Tokat\u2019a avdet etmelerinden ileri geldi\u011fi\u201d belirtilir ve \u201cBunlar \u00fczerinde nizami tekay\u00fcdatta (azaltma) bulunulmakta ve mevcut Ermenilerin halen \u015fehir n\u00fcfusunun otuzda biri nisbetinde oldu\u011fu\u201d vurgulan\u0131r.<\/p>\n\n\n\n<p>Bu iki belgeyi de orjinal halleriyle sunmakta ve tarihe not d\u00fc\u015fmekte fayda g\u00f6r\u00fcyoruz.<\/p>\n\n\n\n<p><em>[1] Ba\u015fkanl\u0131k Cumhuriyet Ar\u015fivi 490 1 0 0 607 103 22.<\/em><\/p>\n\n\n\n<p><em>[2] Raymond Kevorkian Ermeni Soyk\u0131r\u0131m\u0131 \u0130leti\u015fim Yay\u0131nc\u0131l\u0131k 2015 \u0130stanbul, Sayfa 605.<\/em><\/p>\n\n\n\n<p><a href=\"https:\/\/www.agos.com.tr\/tr\/haber\/dikkat-tokat-ve-sivasta-epeyce-ermeni-yigilmistir-40223\"><em><strong>https:\/\/www.agos.com.tr\/tr\/haber\/dikkat-tokat-ve-sivasta-epeyce-ermeni-yigilmistir-40223<\/strong><\/em><\/a><\/p>\n","protected":false},"excerpt":{"rendered":"<p>&#8220;Ermenilerin Tokat\u2019ta baz\u0131 kimselerin evlerinde saklanarak, bir k\u0131sm\u0131n\u0131n da Sivas\u2019a kadar giderek orada yine gizlenmek sureti ile kalarak m\u00fctarekeden sonra ortaya \u00e7\u0131kt\u0131klar\u0131 vurgusu da tesad\u00fcf de\u011fildir.&#8221; Mahsuni G\u00fcl Bu makalede Ba\u015fkanl\u0131k Cumhuriyet Ar\u015fivi\u2019nde yer alan [1] Tokat ve Sivas\u2019ta \u00e7ok say\u0131da Ermeni\u2019nin bulundu\u011fu konusundaki iki belgeye de\u011finilecektir. Raymond Kevorkian, \u0130leti\u015fim Yay\u0131nlar\u0131 taraf\u0131ndan 2015 y\u0131l\u0131nda yay\u0131nlanan [&hellip;]<\/p>\n","protected":false},"author":1,"featured_media":86118,"comment_status":"open","ping_status":"open","sticky":false,"template":"","format":"standard","meta":{"footnotes":""},"categories":[72,44,1,70,20],"tags":[],"class_list":["post-86117","post","type-post","status-publish","format-standard","has-post-thumbnail","hentry","category-belge","category-ermeni-soykirimi","category-haberler","category-makaleler","category-tarih-sayfalari"],"yoast_head":"<!-- This site is optimized with the Yoast SEO plugin v27.4 - https:\/\/yoast.com\/product\/yoast-seo-wordpress\/ -->\n<title>\u201cDikkat: Tokat ve Sivas\u2019ta epeyce Ermeni y\u0131\u011f\u0131lm\u0131\u015ft\u0131r\u201d - Bati Ermenistan Ve Bati Ermenileri Sorunlari Ara\u015ftirmalar Merkezi<\/title>\n<meta name=\"robots\" content=\"index, follow, max-snippet:-1, max-image-preview:large, max-video-preview:-1\" \/>\n<link rel=\"canonical\" href=\"https:\/\/akunq.net\/tr\/?p=86117\" \/>\n<meta property=\"og:locale\" content=\"en_US\" \/>\n<meta property=\"og:type\" content=\"article\" \/>\n<meta property=\"og:title\" content=\"\u201cDikkat: Tokat ve Sivas\u2019ta epeyce Ermeni y\u0131\u011f\u0131lm\u0131\u015ft\u0131r\u201d - Bati Ermenistan Ve Bati Ermenileri Sorunlari Ara\u015ftirmalar Merkezi\" \/>\n<meta property=\"og:description\" content=\"&#8220;Ermenilerin Tokat\u2019ta baz\u0131 kimselerin evlerinde saklanarak, bir k\u0131sm\u0131n\u0131n da Sivas\u2019a kadar giderek orada yine gizlenmek sureti ile kalarak m\u00fctarekeden sonra ortaya \u00e7\u0131kt\u0131klar\u0131 vurgusu da tesad\u00fcf de\u011fildir.&#8221; Mahsuni G\u00fcl Bu makalede Ba\u015fkanl\u0131k Cumhuriyet Ar\u015fivi\u2019nde yer alan [1] Tokat ve Sivas\u2019ta \u00e7ok say\u0131da Ermeni\u2019nin bulundu\u011fu konusundaki iki belgeye de\u011finilecektir. Raymond Kevorkian, \u0130leti\u015fim Yay\u0131nlar\u0131 taraf\u0131ndan 2015 y\u0131l\u0131nda yay\u0131nlanan [&hellip;]\" \/>\n<meta property=\"og:url\" content=\"https:\/\/akunq.net\/tr\/?p=86117\" \/>\n<meta property=\"og:site_name\" content=\"Bati Ermenistan Ve Bati Ermenileri Sorunlari Ara\u015ftirmalar Merkezi\" \/>\n<meta property=\"article:published_time\" content=\"2026-04-26T06:17:10+00:00\" \/>\n<meta property=\"article:modified_time\" content=\"2026-04-26T06:17:11+00:00\" \/>\n<meta property=\"og:image\" content=\"https:\/\/akunq.net\/tr\/wp-content\/uploads\/sites\/6\/2026\/04\/Sivas-Ermenileri.jpg\" \/>\n\t<meta property=\"og:image:width\" content=\"797\" \/>\n\t<meta property=\"og:image:height\" content=\"448\" \/>\n\t<meta property=\"og:image:type\" content=\"image\/jpeg\" \/>\n<meta name=\"author\" content=\"admin\" \/>\n<meta name=\"twitter:card\" content=\"summary_large_image\" \/>\n<meta name=\"twitter:label1\" content=\"Written by\" \/>\n\t<meta name=\"twitter:data1\" content=\"admin\" \/>\n\t<meta name=\"twitter:label2\" content=\"Est. reading time\" \/>\n\t<meta name=\"twitter:data2\" content=\"3 minutes\" \/>\n<script type=\"application\/ld+json\" class=\"yoast-schema-graph\">{\"@context\":\"https:\\\/\\\/schema.org\",\"@graph\":[{\"@type\":\"Article\",\"@id\":\"https:\\\/\\\/akunq.net\\\/tr\\\/?p=86117#article\",\"isPartOf\":{\"@id\":\"https:\\\/\\\/akunq.net\\\/tr\\\/?p=86117\"},\"author\":{\"name\":\"admin\",\"@id\":\"https:\\\/\\\/akunq.net\\\/tr\\\/#\\\/schema\\\/person\\\/42a46675f00a8f1e84520e8c56500de3\"},\"headline\":\"\u201cDikkat: Tokat ve Sivas\u2019ta epeyce Ermeni y\u0131\u011f\u0131lm\u0131\u015ft\u0131r\u201d\",\"datePublished\":\"2026-04-26T06:17:10+00:00\",\"dateModified\":\"2026-04-26T06:17:11+00:00\",\"mainEntityOfPage\":{\"@id\":\"https:\\\/\\\/akunq.net\\\/tr\\\/?p=86117\"},\"wordCount\":550,\"commentCount\":0,\"image\":{\"@id\":\"https:\\\/\\\/akunq.net\\\/tr\\\/?p=86117#primaryimage\"},\"thumbnailUrl\":\"https:\\\/\\\/akunq.net\\\/tr\\\/wp-content\\\/uploads\\\/sites\\\/6\\\/2026\\\/04\\\/Sivas-Ermenileri.jpg\",\"articleSection\":[\"Belge\",\"Ermeni Soyk\u0131r\u0131m\u0131\",\"Haberler\",\"Makaleler\",\"Tarih Sayfalar\u0131\"],\"inLanguage\":\"en-US\",\"potentialAction\":[{\"@type\":\"CommentAction\",\"name\":\"Comment\",\"target\":[\"https:\\\/\\\/akunq.net\\\/tr\\\/?p=86117#respond\"]}]},{\"@type\":\"WebPage\",\"@id\":\"https:\\\/\\\/akunq.net\\\/tr\\\/?p=86117\",\"url\":\"https:\\\/\\\/akunq.net\\\/tr\\\/?p=86117\",\"name\":\"\u201cDikkat: Tokat ve Sivas\u2019ta epeyce Ermeni y\u0131\u011f\u0131lm\u0131\u015ft\u0131r\u201d - Bati Ermenistan Ve Bati Ermenileri Sorunlari Ara\u015ftirmalar Merkezi\",\"isPartOf\":{\"@id\":\"https:\\\/\\\/akunq.net\\\/tr\\\/#website\"},\"primaryImageOfPage\":{\"@id\":\"https:\\\/\\\/akunq.net\\\/tr\\\/?p=86117#primaryimage\"},\"image\":{\"@id\":\"https:\\\/\\\/akunq.net\\\/tr\\\/?p=86117#primaryimage\"},\"thumbnailUrl\":\"https:\\\/\\\/akunq.net\\\/tr\\\/wp-content\\\/uploads\\\/sites\\\/6\\\/2026\\\/04\\\/Sivas-Ermenileri.jpg\",\"datePublished\":\"2026-04-26T06:17:10+00:00\",\"dateModified\":\"2026-04-26T06:17:11+00:00\",\"author\":{\"@id\":\"https:\\\/\\\/akunq.net\\\/tr\\\/#\\\/schema\\\/person\\\/42a46675f00a8f1e84520e8c56500de3\"},\"breadcrumb\":{\"@id\":\"https:\\\/\\\/akunq.net\\\/tr\\\/?p=86117#breadcrumb\"},\"inLanguage\":\"en-US\",\"potentialAction\":[{\"@type\":\"ReadAction\",\"target\":[\"https:\\\/\\\/akunq.net\\\/tr\\\/?p=86117\"]}]},{\"@type\":\"ImageObject\",\"inLanguage\":\"en-US\",\"@id\":\"https:\\\/\\\/akunq.net\\\/tr\\\/?p=86117#primaryimage\",\"url\":\"https:\\\/\\\/akunq.net\\\/tr\\\/wp-content\\\/uploads\\\/sites\\\/6\\\/2026\\\/04\\\/Sivas-Ermenileri.jpg\",\"contentUrl\":\"https:\\\/\\\/akunq.net\\\/tr\\\/wp-content\\\/uploads\\\/sites\\\/6\\\/2026\\\/04\\\/Sivas-Ermenileri.jpg\",\"width\":797,\"height\":448},{\"@type\":\"BreadcrumbList\",\"@id\":\"https:\\\/\\\/akunq.net\\\/tr\\\/?p=86117#breadcrumb\",\"itemListElement\":[{\"@type\":\"ListItem\",\"position\":1,\"name\":\"Home\",\"item\":\"https:\\\/\\\/akunq.net\\\/tr\"},{\"@type\":\"ListItem\",\"position\":2,\"name\":\"\u201cDikkat: Tokat ve Sivas\u2019ta epeyce Ermeni y\u0131\u011f\u0131lm\u0131\u015ft\u0131r\u201d\"}]},{\"@type\":\"WebSite\",\"@id\":\"https:\\\/\\\/akunq.net\\\/tr\\\/#website\",\"url\":\"https:\\\/\\\/akunq.net\\\/tr\\\/\",\"name\":\"Bati Ermenistan Ve Bati Ermenileri Sorunlari Ara\u015ftirmalar Merkezi\",\"description\":\"\",\"potentialAction\":[{\"@type\":\"SearchAction\",\"target\":{\"@type\":\"EntryPoint\",\"urlTemplate\":\"https:\\\/\\\/akunq.net\\\/tr\\\/?s={search_term_string}\"},\"query-input\":{\"@type\":\"PropertyValueSpecification\",\"valueRequired\":true,\"valueName\":\"search_term_string\"}}],\"inLanguage\":\"en-US\"},{\"@type\":\"Person\",\"@id\":\"https:\\\/\\\/akunq.net\\\/tr\\\/#\\\/schema\\\/person\\\/42a46675f00a8f1e84520e8c56500de3\",\"name\":\"admin\",\"url\":\"https:\\\/\\\/akunq.net\\\/tr\\\/?author=1\"}]}<\/script>\n<!-- \/ Yoast SEO plugin. -->","yoast_head_json":{"title":"\u201cDikkat: Tokat ve Sivas\u2019ta epeyce Ermeni y\u0131\u011f\u0131lm\u0131\u015ft\u0131r\u201d - Bati Ermenistan Ve Bati Ermenileri Sorunlari Ara\u015ftirmalar Merkezi","robots":{"index":"index","follow":"follow","max-snippet":"max-snippet:-1","max-image-preview":"max-image-preview:large","max-video-preview":"max-video-preview:-1"},"canonical":"https:\/\/akunq.net\/tr\/?p=86117","og_locale":"en_US","og_type":"article","og_title":"\u201cDikkat: Tokat ve Sivas\u2019ta epeyce Ermeni y\u0131\u011f\u0131lm\u0131\u015ft\u0131r\u201d - Bati Ermenistan Ve Bati Ermenileri Sorunlari Ara\u015ftirmalar Merkezi","og_description":"&#8220;Ermenilerin Tokat\u2019ta baz\u0131 kimselerin evlerinde saklanarak, bir k\u0131sm\u0131n\u0131n da Sivas\u2019a kadar giderek orada yine gizlenmek sureti ile kalarak m\u00fctarekeden sonra ortaya \u00e7\u0131kt\u0131klar\u0131 vurgusu da tesad\u00fcf de\u011fildir.&#8221; Mahsuni G\u00fcl Bu makalede Ba\u015fkanl\u0131k Cumhuriyet Ar\u015fivi\u2019nde yer alan [1] Tokat ve Sivas\u2019ta \u00e7ok say\u0131da Ermeni\u2019nin bulundu\u011fu konusundaki iki belgeye de\u011finilecektir. Raymond Kevorkian, \u0130leti\u015fim Yay\u0131nlar\u0131 taraf\u0131ndan 2015 y\u0131l\u0131nda yay\u0131nlanan [&hellip;]","og_url":"https:\/\/akunq.net\/tr\/?p=86117","og_site_name":"Bati Ermenistan Ve Bati Ermenileri Sorunlari Ara\u015ftirmalar Merkezi","article_published_time":"2026-04-26T06:17:10+00:00","article_modified_time":"2026-04-26T06:17:11+00:00","og_image":[{"width":797,"height":448,"url":"https:\/\/akunq.net\/tr\/wp-content\/uploads\/sites\/6\/2026\/04\/Sivas-Ermenileri.jpg","type":"image\/jpeg"}],"author":"admin","twitter_card":"summary_large_image","twitter_misc":{"Written by":"admin","Est. reading time":"3 minutes"},"schema":{"@context":"https:\/\/schema.org","@graph":[{"@type":"Article","@id":"https:\/\/akunq.net\/tr\/?p=86117#article","isPartOf":{"@id":"https:\/\/akunq.net\/tr\/?p=86117"},"author":{"name":"admin","@id":"https:\/\/akunq.net\/tr\/#\/schema\/person\/42a46675f00a8f1e84520e8c56500de3"},"headline":"\u201cDikkat: Tokat ve Sivas\u2019ta epeyce Ermeni y\u0131\u011f\u0131lm\u0131\u015ft\u0131r\u201d","datePublished":"2026-04-26T06:17:10+00:00","dateModified":"2026-04-26T06:17:11+00:00","mainEntityOfPage":{"@id":"https:\/\/akunq.net\/tr\/?p=86117"},"wordCount":550,"commentCount":0,"image":{"@id":"https:\/\/akunq.net\/tr\/?p=86117#primaryimage"},"thumbnailUrl":"https:\/\/akunq.net\/tr\/wp-content\/uploads\/sites\/6\/2026\/04\/Sivas-Ermenileri.jpg","articleSection":["Belge","Ermeni Soyk\u0131r\u0131m\u0131","Haberler","Makaleler","Tarih Sayfalar\u0131"],"inLanguage":"en-US","potentialAction":[{"@type":"CommentAction","name":"Comment","target":["https:\/\/akunq.net\/tr\/?p=86117#respond"]}]},{"@type":"WebPage","@id":"https:\/\/akunq.net\/tr\/?p=86117","url":"https:\/\/akunq.net\/tr\/?p=86117","name":"\u201cDikkat: Tokat ve Sivas\u2019ta epeyce Ermeni y\u0131\u011f\u0131lm\u0131\u015ft\u0131r\u201d - Bati Ermenistan Ve Bati Ermenileri Sorunlari Ara\u015ftirmalar Merkezi","isPartOf":{"@id":"https:\/\/akunq.net\/tr\/#website"},"primaryImageOfPage":{"@id":"https:\/\/akunq.net\/tr\/?p=86117#primaryimage"},"image":{"@id":"https:\/\/akunq.net\/tr\/?p=86117#primaryimage"},"thumbnailUrl":"https:\/\/akunq.net\/tr\/wp-content\/uploads\/sites\/6\/2026\/04\/Sivas-Ermenileri.jpg","datePublished":"2026-04-26T06:17:10+00:00","dateModified":"2026-04-26T06:17:11+00:00","author":{"@id":"https:\/\/akunq.net\/tr\/#\/schema\/person\/42a46675f00a8f1e84520e8c56500de3"},"breadcrumb":{"@id":"https:\/\/akunq.net\/tr\/?p=86117#breadcrumb"},"inLanguage":"en-US","potentialAction":[{"@type":"ReadAction","target":["https:\/\/akunq.net\/tr\/?p=86117"]}]},{"@type":"ImageObject","inLanguage":"en-US","@id":"https:\/\/akunq.net\/tr\/?p=86117#primaryimage","url":"https:\/\/akunq.net\/tr\/wp-content\/uploads\/sites\/6\/2026\/04\/Sivas-Ermenileri.jpg","contentUrl":"https:\/\/akunq.net\/tr\/wp-content\/uploads\/sites\/6\/2026\/04\/Sivas-Ermenileri.jpg","width":797,"height":448},{"@type":"BreadcrumbList","@id":"https:\/\/akunq.net\/tr\/?p=86117#breadcrumb","itemListElement":[{"@type":"ListItem","position":1,"name":"Home","item":"https:\/\/akunq.net\/tr"},{"@type":"ListItem","position":2,"name":"\u201cDikkat: Tokat ve Sivas\u2019ta epeyce Ermeni y\u0131\u011f\u0131lm\u0131\u015ft\u0131r\u201d"}]},{"@type":"WebSite","@id":"https:\/\/akunq.net\/tr\/#website","url":"https:\/\/akunq.net\/tr\/","name":"Bati Ermenistan Ve Bati Ermenileri Sorunlari Ara\u015ftirmalar Merkezi","description":"","potentialAction":[{"@type":"SearchAction","target":{"@type":"EntryPoint","urlTemplate":"https:\/\/akunq.net\/tr\/?s={search_term_string}"},"query-input":{"@type":"PropertyValueSpecification","valueRequired":true,"valueName":"search_term_string"}}],"inLanguage":"en-US"},{"@type":"Person","@id":"https:\/\/akunq.net\/tr\/#\/schema\/person\/42a46675f00a8f1e84520e8c56500de3","name":"admin","url":"https:\/\/akunq.net\/tr\/?author=1"}]}},"_links":{"self":[{"href":"https:\/\/akunq.net\/tr\/index.php?rest_route=\/wp\/v2\/posts\/86117","targetHints":{"allow":["GET"]}}],"collection":[{"href":"https:\/\/akunq.net\/tr\/index.php?rest_route=\/wp\/v2\/posts"}],"about":[{"href":"https:\/\/akunq.net\/tr\/index.php?rest_route=\/wp\/v2\/types\/post"}],"author":[{"embeddable":true,"href":"https:\/\/akunq.net\/tr\/index.php?rest_route=\/wp\/v2\/users\/1"}],"replies":[{"embeddable":true,"href":"https:\/\/akunq.net\/tr\/index.php?rest_route=%2Fwp%2Fv2%2Fcomments&post=86117"}],"version-history":[{"count":1,"href":"https:\/\/akunq.net\/tr\/index.php?rest_route=\/wp\/v2\/posts\/86117\/revisions"}],"predecessor-version":[{"id":86119,"href":"https:\/\/akunq.net\/tr\/index.php?rest_route=\/wp\/v2\/posts\/86117\/revisions\/86119"}],"wp:featuredmedia":[{"embeddable":true,"href":"https:\/\/akunq.net\/tr\/index.php?rest_route=\/wp\/v2\/media\/86118"}],"wp:attachment":[{"href":"https:\/\/akunq.net\/tr\/index.php?rest_route=%2Fwp%2Fv2%2Fmedia&parent=86117"}],"wp:term":[{"taxonomy":"category","embeddable":true,"href":"https:\/\/akunq.net\/tr\/index.php?rest_route=%2Fwp%2Fv2%2Fcategories&post=86117"},{"taxonomy":"post_tag","embeddable":true,"href":"https:\/\/akunq.net\/tr\/index.php?rest_route=%2Fwp%2Fv2%2Ftags&post=86117"}],"curies":[{"name":"wp","href":"https:\/\/api.w.org\/{rel}","templated":true}]}}