{"id":86114,"date":"2026-04-26T01:12:25","date_gmt":"2026-04-26T06:12:25","guid":{"rendered":"https:\/\/akunq.net\/tr\/?p=86114"},"modified":"2026-04-26T01:12:25","modified_gmt":"2026-04-26T06:12:25","slug":"isvec-parlamentosunda-ermeni-soykirimi-kurbanlari-anildi","status":"publish","type":"post","link":"https:\/\/akunq.net\/tr\/?p=86114","title":{"rendered":"\u0130sve\u00e7 Parlamentosu\u2019nda Ermeni Soyk\u0131r\u0131m\u0131 kurbanlar\u0131 an\u0131ld\u0131"},"content":{"rendered":"\n<p><em><strong> \u0130sve\u00e7 Parlamentosunda, Ermeni Soyk\u0131r\u0131m\u0131\u2019n\u0131n 111. y\u0131ld\u00f6n\u00fcm\u00fcne adanm\u0131\u015f bir anma t\u00f6reni ger\u00e7ekle\u015ftirildi.<\/strong><\/em><\/p>\n\n\n\n<figure class=\"wp-block-image\"><img decoding=\"async\" src=\"https:\/\/armenpress.am\/storage\/images\/articles\/2026\/04\/24\/tP1nbHyFbwQmPyqHjyokC7dny83GkLD9jEOYubEG.webp\" alt=\"\"\/><\/figure>\n\n\n\n<p>\u0130sve\u00e7 Parlamentosu milletvekili Bj\u00f6rn S\u00f6der Facebook hesab\u0131ndan yapt\u0131\u011f\u0131 payla\u015f\u0131mda, parlamentoda 1915 y\u0131l\u0131nda Osmanl\u0131 \u0130mparatorlu\u011fu\u2019nda ger\u00e7ekle\u015fen Ermeni Soyk\u0131r\u0131m\u0131\u2019n\u0131 and\u0131klar\u0131n\u0131 belirterek, soyk\u0131r\u0131m s\u0131ras\u0131nda yakla\u015f\u0131k 1,5 milyon Ermeni\u2019nin yan\u0131 s\u0131ra S\u00fcryaniler, Asuriler, Keldaniler ve Pontus Rumlar\u0131 gibi di\u011fer Hristiyan az\u0131nl\u0131klar\u0131n da \u00f6ld\u00fcr\u00fcld\u00fc\u011f\u00fcn\u00fc ifade etti.<\/p>\n\n\n\n<figure class=\"wp-block-image\"><img decoding=\"async\" src=\"https:\/\/armenpress.am\/storage\/images\/articles\/2026\/04\/24\/Mtr13Cs2az3b8Ui2sN6iaxCON01CTTqaX7G5WIvu.webp\" alt=\"\"\/><\/figure>\n\n\n\n<p>Milletvekili, kurbanlar\u0131n b\u00fcy\u00fck k\u0131sm\u0131n\u0131n 1915\u20131916 y\u0131llar\u0131 aras\u0131nda hayat\u0131n\u0131 kaybetti\u011fini, zulm\u00fcn ve katliamlar\u0131n ise 1923\u2019e kadar s\u00fcrd\u00fc\u011f\u00fcn\u00fc, hayatta kalanlar\u0131n ise b\u00fcy\u00fck oranda \u00fclkeyi terk etmek zorunda kald\u0131\u011f\u0131n\u0131 yazd\u0131.<\/p>\n\n\n\n<p>S\u00f6der ayr\u0131ca, 11 Mart 2010\u2019da \u0130sve\u00e7 Parlamentosu\u2019nun Ermeni Soyk\u0131r\u0131m\u0131\u2019n\u0131 resmen tan\u0131d\u0131\u011f\u0131n\u0131 hat\u0131rlatt\u0131.<\/p>\n\n\n\n<p>T\u00f6rende, \u0130sve\u00e7\u2019te Ermenistan B\u00fcy\u00fckel\u00e7isi Anna Aghajanyan ile \u0130sve\u00e7 Parlamentosu\u2019ndaki Ermeni k\u00f6kenli milletvekili Arin Karapet\u2019in de konu\u015fma yapt\u0131\u011f\u0131 belirtildi.<\/p>\n\n\n\n<p><strong><em> <a href=\"https:\/\/armenpress.am\/tr\/article\/1248365\">https:\/\/armenpress.am\/tr\/article\/1248365<\/a><\/em><\/strong><\/p>\n","protected":false},"excerpt":{"rendered":"<p>\u0130sve\u00e7 Parlamentosunda, Ermeni Soyk\u0131r\u0131m\u0131\u2019n\u0131n 111. y\u0131ld\u00f6n\u00fcm\u00fcne adanm\u0131\u015f bir anma t\u00f6reni ger\u00e7ekle\u015ftirildi. \u0130sve\u00e7 Parlamentosu milletvekili Bj\u00f6rn S\u00f6der Facebook hesab\u0131ndan yapt\u0131\u011f\u0131 payla\u015f\u0131mda, parlamentoda 1915 y\u0131l\u0131nda Osmanl\u0131 \u0130mparatorlu\u011fu\u2019nda ger\u00e7ekle\u015fen Ermeni Soyk\u0131r\u0131m\u0131\u2019n\u0131 and\u0131klar\u0131n\u0131 belirterek, soyk\u0131r\u0131m s\u0131ras\u0131nda yakla\u015f\u0131k 1,5 milyon Ermeni\u2019nin yan\u0131 s\u0131ra S\u00fcryaniler, Asuriler, Keldaniler ve Pontus Rumlar\u0131 gibi di\u011fer Hristiyan az\u0131nl\u0131klar\u0131n da \u00f6ld\u00fcr\u00fcld\u00fc\u011f\u00fcn\u00fc ifade etti. Milletvekili, kurbanlar\u0131n b\u00fcy\u00fck [&hellip;]<\/p>\n","protected":false},"author":1,"featured_media":86115,"comment_status":"open","ping_status":"open","sticky":false,"template":"","format":"standard","meta":{"footnotes":""},"categories":[44,1],"tags":[],"class_list":["post-86114","post","type-post","status-publish","format-standard","has-post-thumbnail","hentry","category-ermeni-soykirimi","category-haberler"],"yoast_head":"<!-- This site is optimized with the Yoast SEO plugin v27.4 - https:\/\/yoast.com\/product\/yoast-seo-wordpress\/ -->\n<title>\u0130sve\u00e7 Parlamentosu\u2019nda Ermeni Soyk\u0131r\u0131m\u0131 kurbanlar\u0131 an\u0131ld\u0131 - Bati Ermenistan Ve Bati Ermenileri Sorunlari Ara\u015ftirmalar Merkezi<\/title>\n<meta name=\"robots\" content=\"index, follow, max-snippet:-1, max-image-preview:large, max-video-preview:-1\" \/>\n<link rel=\"canonical\" href=\"https:\/\/akunq.net\/tr\/?p=86114\" \/>\n<meta property=\"og:locale\" content=\"en_US\" \/>\n<meta property=\"og:type\" content=\"article\" \/>\n<meta property=\"og:title\" content=\"\u0130sve\u00e7 Parlamentosu\u2019nda Ermeni Soyk\u0131r\u0131m\u0131 kurbanlar\u0131 an\u0131ld\u0131 - Bati Ermenistan Ve Bati Ermenileri Sorunlari Ara\u015ftirmalar Merkezi\" \/>\n<meta property=\"og:description\" content=\"\u0130sve\u00e7 Parlamentosunda, Ermeni Soyk\u0131r\u0131m\u0131\u2019n\u0131n 111. y\u0131ld\u00f6n\u00fcm\u00fcne adanm\u0131\u015f bir anma t\u00f6reni ger\u00e7ekle\u015ftirildi. \u0130sve\u00e7 Parlamentosu milletvekili Bj\u00f6rn S\u00f6der Facebook hesab\u0131ndan yapt\u0131\u011f\u0131 payla\u015f\u0131mda, parlamentoda 1915 y\u0131l\u0131nda Osmanl\u0131 \u0130mparatorlu\u011fu\u2019nda ger\u00e7ekle\u015fen Ermeni Soyk\u0131r\u0131m\u0131\u2019n\u0131 and\u0131klar\u0131n\u0131 belirterek, soyk\u0131r\u0131m s\u0131ras\u0131nda yakla\u015f\u0131k 1,5 milyon Ermeni\u2019nin yan\u0131 s\u0131ra S\u00fcryaniler, Asuriler, Keldaniler ve Pontus Rumlar\u0131 gibi di\u011fer Hristiyan az\u0131nl\u0131klar\u0131n da \u00f6ld\u00fcr\u00fcld\u00fc\u011f\u00fcn\u00fc ifade etti. Milletvekili, kurbanlar\u0131n b\u00fcy\u00fck [&hellip;]\" \/>\n<meta property=\"og:url\" content=\"https:\/\/akunq.net\/tr\/?p=86114\" \/>\n<meta property=\"og:site_name\" content=\"Bati Ermenistan Ve Bati Ermenileri Sorunlari Ara\u015ftirmalar Merkezi\" \/>\n<meta property=\"article:published_time\" content=\"2026-04-26T06:12:25+00:00\" \/>\n<meta property=\"og:image\" content=\"https:\/\/akunq.net\/tr\/wp-content\/uploads\/sites\/6\/2026\/04\/\u0547\u0578\u0582\u0567\u057f\u056b-\u053d\u0578\u0580\u0570\u0580\u0564\u0561\u0580\u0561\u0576.jpg\" \/>\n\t<meta property=\"og:image:width\" content=\"1235\" \/>\n\t<meta property=\"og:image:height\" content=\"720\" \/>\n\t<meta property=\"og:image:type\" content=\"image\/jpeg\" \/>\n<meta name=\"author\" content=\"admin\" \/>\n<meta name=\"twitter:card\" content=\"summary_large_image\" \/>\n<meta name=\"twitter:label1\" content=\"Written by\" \/>\n\t<meta name=\"twitter:data1\" content=\"admin\" \/>\n\t<meta name=\"twitter:label2\" content=\"Est. reading time\" \/>\n\t<meta name=\"twitter:data2\" content=\"2 minutes\" \/>\n<script type=\"application\/ld+json\" class=\"yoast-schema-graph\">{\"@context\":\"https:\\\/\\\/schema.org\",\"@graph\":[{\"@type\":\"Article\",\"@id\":\"https:\\\/\\\/akunq.net\\\/tr\\\/?p=86114#article\",\"isPartOf\":{\"@id\":\"https:\\\/\\\/akunq.net\\\/tr\\\/?p=86114\"},\"author\":{\"name\":\"admin\",\"@id\":\"https:\\\/\\\/akunq.net\\\/tr\\\/#\\\/schema\\\/person\\\/42a46675f00a8f1e84520e8c56500de3\"},\"headline\":\"\u0130sve\u00e7 Parlamentosu\u2019nda Ermeni Soyk\u0131r\u0131m\u0131 kurbanlar\u0131 an\u0131ld\u0131\",\"datePublished\":\"2026-04-26T06:12:25+00:00\",\"mainEntityOfPage\":{\"@id\":\"https:\\\/\\\/akunq.net\\\/tr\\\/?p=86114\"},\"wordCount\":196,\"commentCount\":0,\"image\":{\"@id\":\"https:\\\/\\\/akunq.net\\\/tr\\\/?p=86114#primaryimage\"},\"thumbnailUrl\":\"https:\\\/\\\/akunq.net\\\/tr\\\/wp-content\\\/uploads\\\/sites\\\/6\\\/2026\\\/04\\\/\u0547\u0578\u0582\u0567\u057f\u056b-\u053d\u0578\u0580\u0570\u0580\u0564\u0561\u0580\u0561\u0576.jpg\",\"articleSection\":[\"Ermeni Soyk\u0131r\u0131m\u0131\",\"Haberler\"],\"inLanguage\":\"en-US\",\"potentialAction\":[{\"@type\":\"CommentAction\",\"name\":\"Comment\",\"target\":[\"https:\\\/\\\/akunq.net\\\/tr\\\/?p=86114#respond\"]}]},{\"@type\":\"WebPage\",\"@id\":\"https:\\\/\\\/akunq.net\\\/tr\\\/?p=86114\",\"url\":\"https:\\\/\\\/akunq.net\\\/tr\\\/?p=86114\",\"name\":\"\u0130sve\u00e7 Parlamentosu\u2019nda Ermeni Soyk\u0131r\u0131m\u0131 kurbanlar\u0131 an\u0131ld\u0131 - Bati Ermenistan Ve Bati Ermenileri Sorunlari Ara\u015ftirmalar Merkezi\",\"isPartOf\":{\"@id\":\"https:\\\/\\\/akunq.net\\\/tr\\\/#website\"},\"primaryImageOfPage\":{\"@id\":\"https:\\\/\\\/akunq.net\\\/tr\\\/?p=86114#primaryimage\"},\"image\":{\"@id\":\"https:\\\/\\\/akunq.net\\\/tr\\\/?p=86114#primaryimage\"},\"thumbnailUrl\":\"https:\\\/\\\/akunq.net\\\/tr\\\/wp-content\\\/uploads\\\/sites\\\/6\\\/2026\\\/04\\\/\u0547\u0578\u0582\u0567\u057f\u056b-\u053d\u0578\u0580\u0570\u0580\u0564\u0561\u0580\u0561\u0576.jpg\",\"datePublished\":\"2026-04-26T06:12:25+00:00\",\"author\":{\"@id\":\"https:\\\/\\\/akunq.net\\\/tr\\\/#\\\/schema\\\/person\\\/42a46675f00a8f1e84520e8c56500de3\"},\"breadcrumb\":{\"@id\":\"https:\\\/\\\/akunq.net\\\/tr\\\/?p=86114#breadcrumb\"},\"inLanguage\":\"en-US\",\"potentialAction\":[{\"@type\":\"ReadAction\",\"target\":[\"https:\\\/\\\/akunq.net\\\/tr\\\/?p=86114\"]}]},{\"@type\":\"ImageObject\",\"inLanguage\":\"en-US\",\"@id\":\"https:\\\/\\\/akunq.net\\\/tr\\\/?p=86114#primaryimage\",\"url\":\"https:\\\/\\\/akunq.net\\\/tr\\\/wp-content\\\/uploads\\\/sites\\\/6\\\/2026\\\/04\\\/\u0547\u0578\u0582\u0567\u057f\u056b-\u053d\u0578\u0580\u0570\u0580\u0564\u0561\u0580\u0561\u0576.jpg\",\"contentUrl\":\"https:\\\/\\\/akunq.net\\\/tr\\\/wp-content\\\/uploads\\\/sites\\\/6\\\/2026\\\/04\\\/\u0547\u0578\u0582\u0567\u057f\u056b-\u053d\u0578\u0580\u0570\u0580\u0564\u0561\u0580\u0561\u0576.jpg\",\"width\":1235,\"height\":720},{\"@type\":\"BreadcrumbList\",\"@id\":\"https:\\\/\\\/akunq.net\\\/tr\\\/?p=86114#breadcrumb\",\"itemListElement\":[{\"@type\":\"ListItem\",\"position\":1,\"name\":\"Home\",\"item\":\"https:\\\/\\\/akunq.net\\\/tr\"},{\"@type\":\"ListItem\",\"position\":2,\"name\":\"\u0130sve\u00e7 Parlamentosu\u2019nda Ermeni Soyk\u0131r\u0131m\u0131 kurbanlar\u0131 an\u0131ld\u0131\"}]},{\"@type\":\"WebSite\",\"@id\":\"https:\\\/\\\/akunq.net\\\/tr\\\/#website\",\"url\":\"https:\\\/\\\/akunq.net\\\/tr\\\/\",\"name\":\"Bati Ermenistan Ve Bati Ermenileri Sorunlari Ara\u015ftirmalar Merkezi\",\"description\":\"\",\"potentialAction\":[{\"@type\":\"SearchAction\",\"target\":{\"@type\":\"EntryPoint\",\"urlTemplate\":\"https:\\\/\\\/akunq.net\\\/tr\\\/?s={search_term_string}\"},\"query-input\":{\"@type\":\"PropertyValueSpecification\",\"valueRequired\":true,\"valueName\":\"search_term_string\"}}],\"inLanguage\":\"en-US\"},{\"@type\":\"Person\",\"@id\":\"https:\\\/\\\/akunq.net\\\/tr\\\/#\\\/schema\\\/person\\\/42a46675f00a8f1e84520e8c56500de3\",\"name\":\"admin\",\"url\":\"https:\\\/\\\/akunq.net\\\/tr\\\/?author=1\"}]}<\/script>\n<!-- \/ Yoast SEO plugin. -->","yoast_head_json":{"title":"\u0130sve\u00e7 Parlamentosu\u2019nda Ermeni Soyk\u0131r\u0131m\u0131 kurbanlar\u0131 an\u0131ld\u0131 - Bati Ermenistan Ve Bati Ermenileri Sorunlari Ara\u015ftirmalar Merkezi","robots":{"index":"index","follow":"follow","max-snippet":"max-snippet:-1","max-image-preview":"max-image-preview:large","max-video-preview":"max-video-preview:-1"},"canonical":"https:\/\/akunq.net\/tr\/?p=86114","og_locale":"en_US","og_type":"article","og_title":"\u0130sve\u00e7 Parlamentosu\u2019nda Ermeni Soyk\u0131r\u0131m\u0131 kurbanlar\u0131 an\u0131ld\u0131 - Bati Ermenistan Ve Bati Ermenileri Sorunlari Ara\u015ftirmalar Merkezi","og_description":"\u0130sve\u00e7 Parlamentosunda, Ermeni Soyk\u0131r\u0131m\u0131\u2019n\u0131n 111. y\u0131ld\u00f6n\u00fcm\u00fcne adanm\u0131\u015f bir anma t\u00f6reni ger\u00e7ekle\u015ftirildi. \u0130sve\u00e7 Parlamentosu milletvekili Bj\u00f6rn S\u00f6der Facebook hesab\u0131ndan yapt\u0131\u011f\u0131 payla\u015f\u0131mda, parlamentoda 1915 y\u0131l\u0131nda Osmanl\u0131 \u0130mparatorlu\u011fu\u2019nda ger\u00e7ekle\u015fen Ermeni Soyk\u0131r\u0131m\u0131\u2019n\u0131 and\u0131klar\u0131n\u0131 belirterek, soyk\u0131r\u0131m s\u0131ras\u0131nda yakla\u015f\u0131k 1,5 milyon Ermeni\u2019nin yan\u0131 s\u0131ra S\u00fcryaniler, Asuriler, Keldaniler ve Pontus Rumlar\u0131 gibi di\u011fer Hristiyan az\u0131nl\u0131klar\u0131n da \u00f6ld\u00fcr\u00fcld\u00fc\u011f\u00fcn\u00fc ifade etti. Milletvekili, kurbanlar\u0131n b\u00fcy\u00fck [&hellip;]","og_url":"https:\/\/akunq.net\/tr\/?p=86114","og_site_name":"Bati Ermenistan Ve Bati Ermenileri Sorunlari Ara\u015ftirmalar Merkezi","article_published_time":"2026-04-26T06:12:25+00:00","og_image":[{"width":1235,"height":720,"url":"https:\/\/akunq.net\/tr\/wp-content\/uploads\/sites\/6\/2026\/04\/\u0547\u0578\u0582\u0567\u057f\u056b-\u053d\u0578\u0580\u0570\u0580\u0564\u0561\u0580\u0561\u0576.jpg","type":"image\/jpeg"}],"author":"admin","twitter_card":"summary_large_image","twitter_misc":{"Written by":"admin","Est. reading time":"2 minutes"},"schema":{"@context":"https:\/\/schema.org","@graph":[{"@type":"Article","@id":"https:\/\/akunq.net\/tr\/?p=86114#article","isPartOf":{"@id":"https:\/\/akunq.net\/tr\/?p=86114"},"author":{"name":"admin","@id":"https:\/\/akunq.net\/tr\/#\/schema\/person\/42a46675f00a8f1e84520e8c56500de3"},"headline":"\u0130sve\u00e7 Parlamentosu\u2019nda Ermeni Soyk\u0131r\u0131m\u0131 kurbanlar\u0131 an\u0131ld\u0131","datePublished":"2026-04-26T06:12:25+00:00","mainEntityOfPage":{"@id":"https:\/\/akunq.net\/tr\/?p=86114"},"wordCount":196,"commentCount":0,"image":{"@id":"https:\/\/akunq.net\/tr\/?p=86114#primaryimage"},"thumbnailUrl":"https:\/\/akunq.net\/tr\/wp-content\/uploads\/sites\/6\/2026\/04\/\u0547\u0578\u0582\u0567\u057f\u056b-\u053d\u0578\u0580\u0570\u0580\u0564\u0561\u0580\u0561\u0576.jpg","articleSection":["Ermeni Soyk\u0131r\u0131m\u0131","Haberler"],"inLanguage":"en-US","potentialAction":[{"@type":"CommentAction","name":"Comment","target":["https:\/\/akunq.net\/tr\/?p=86114#respond"]}]},{"@type":"WebPage","@id":"https:\/\/akunq.net\/tr\/?p=86114","url":"https:\/\/akunq.net\/tr\/?p=86114","name":"\u0130sve\u00e7 Parlamentosu\u2019nda Ermeni Soyk\u0131r\u0131m\u0131 kurbanlar\u0131 an\u0131ld\u0131 - Bati Ermenistan Ve Bati Ermenileri Sorunlari Ara\u015ftirmalar Merkezi","isPartOf":{"@id":"https:\/\/akunq.net\/tr\/#website"},"primaryImageOfPage":{"@id":"https:\/\/akunq.net\/tr\/?p=86114#primaryimage"},"image":{"@id":"https:\/\/akunq.net\/tr\/?p=86114#primaryimage"},"thumbnailUrl":"https:\/\/akunq.net\/tr\/wp-content\/uploads\/sites\/6\/2026\/04\/\u0547\u0578\u0582\u0567\u057f\u056b-\u053d\u0578\u0580\u0570\u0580\u0564\u0561\u0580\u0561\u0576.jpg","datePublished":"2026-04-26T06:12:25+00:00","author":{"@id":"https:\/\/akunq.net\/tr\/#\/schema\/person\/42a46675f00a8f1e84520e8c56500de3"},"breadcrumb":{"@id":"https:\/\/akunq.net\/tr\/?p=86114#breadcrumb"},"inLanguage":"en-US","potentialAction":[{"@type":"ReadAction","target":["https:\/\/akunq.net\/tr\/?p=86114"]}]},{"@type":"ImageObject","inLanguage":"en-US","@id":"https:\/\/akunq.net\/tr\/?p=86114#primaryimage","url":"https:\/\/akunq.net\/tr\/wp-content\/uploads\/sites\/6\/2026\/04\/\u0547\u0578\u0582\u0567\u057f\u056b-\u053d\u0578\u0580\u0570\u0580\u0564\u0561\u0580\u0561\u0576.jpg","contentUrl":"https:\/\/akunq.net\/tr\/wp-content\/uploads\/sites\/6\/2026\/04\/\u0547\u0578\u0582\u0567\u057f\u056b-\u053d\u0578\u0580\u0570\u0580\u0564\u0561\u0580\u0561\u0576.jpg","width":1235,"height":720},{"@type":"BreadcrumbList","@id":"https:\/\/akunq.net\/tr\/?p=86114#breadcrumb","itemListElement":[{"@type":"ListItem","position":1,"name":"Home","item":"https:\/\/akunq.net\/tr"},{"@type":"ListItem","position":2,"name":"\u0130sve\u00e7 Parlamentosu\u2019nda Ermeni Soyk\u0131r\u0131m\u0131 kurbanlar\u0131 an\u0131ld\u0131"}]},{"@type":"WebSite","@id":"https:\/\/akunq.net\/tr\/#website","url":"https:\/\/akunq.net\/tr\/","name":"Bati Ermenistan Ve Bati Ermenileri Sorunlari Ara\u015ftirmalar Merkezi","description":"","potentialAction":[{"@type":"SearchAction","target":{"@type":"EntryPoint","urlTemplate":"https:\/\/akunq.net\/tr\/?s={search_term_string}"},"query-input":{"@type":"PropertyValueSpecification","valueRequired":true,"valueName":"search_term_string"}}],"inLanguage":"en-US"},{"@type":"Person","@id":"https:\/\/akunq.net\/tr\/#\/schema\/person\/42a46675f00a8f1e84520e8c56500de3","name":"admin","url":"https:\/\/akunq.net\/tr\/?author=1"}]}},"_links":{"self":[{"href":"https:\/\/akunq.net\/tr\/index.php?rest_route=\/wp\/v2\/posts\/86114","targetHints":{"allow":["GET"]}}],"collection":[{"href":"https:\/\/akunq.net\/tr\/index.php?rest_route=\/wp\/v2\/posts"}],"about":[{"href":"https:\/\/akunq.net\/tr\/index.php?rest_route=\/wp\/v2\/types\/post"}],"author":[{"embeddable":true,"href":"https:\/\/akunq.net\/tr\/index.php?rest_route=\/wp\/v2\/users\/1"}],"replies":[{"embeddable":true,"href":"https:\/\/akunq.net\/tr\/index.php?rest_route=%2Fwp%2Fv2%2Fcomments&post=86114"}],"version-history":[{"count":1,"href":"https:\/\/akunq.net\/tr\/index.php?rest_route=\/wp\/v2\/posts\/86114\/revisions"}],"predecessor-version":[{"id":86116,"href":"https:\/\/akunq.net\/tr\/index.php?rest_route=\/wp\/v2\/posts\/86114\/revisions\/86116"}],"wp:featuredmedia":[{"embeddable":true,"href":"https:\/\/akunq.net\/tr\/index.php?rest_route=\/wp\/v2\/media\/86115"}],"wp:attachment":[{"href":"https:\/\/akunq.net\/tr\/index.php?rest_route=%2Fwp%2Fv2%2Fmedia&parent=86114"}],"wp:term":[{"taxonomy":"category","embeddable":true,"href":"https:\/\/akunq.net\/tr\/index.php?rest_route=%2Fwp%2Fv2%2Fcategories&post=86114"},{"taxonomy":"post_tag","embeddable":true,"href":"https:\/\/akunq.net\/tr\/index.php?rest_route=%2Fwp%2Fv2%2Ftags&post=86114"}],"curies":[{"name":"wp","href":"https:\/\/api.w.org\/{rel}","templated":true}]}}