{"id":86111,"date":"2026-04-26T01:08:35","date_gmt":"2026-04-26T06:08:35","guid":{"rendered":"https:\/\/akunq.net\/tr\/?p=86111"},"modified":"2026-04-26T01:08:36","modified_gmt":"2026-04-26T06:08:36","slug":"tahranda-ermeni-soykiriminin-111-yildonumu-dolayisiyla-anma-ayini-duzenlendi","status":"publish","type":"post","link":"https:\/\/akunq.net\/tr\/?p=86111","title":{"rendered":"Tahran\u2019da Ermeni Soyk\u0131r\u0131m\u0131\u2019n\u0131n 111. y\u0131ld\u00f6n\u00fcm\u00fc dolay\u0131s\u0131yla anma ayini d\u00fczenlendi"},"content":{"rendered":"\n<p><strong><em>Ermenistan\u2019\u0131n \u0130ran \u0130slam Cumhuriyeti B\u00fcy\u00fckel\u00e7isi Grigor Hakobyan ve b\u00fcy\u00fckel\u00e7ilik personeli, Ermeni Soyk\u0131r\u0131m\u0131\u2019n\u0131n 111. y\u0131ld\u00f6n\u00fcm\u00fc dolay\u0131s\u0131yla d\u00fczenlenen ruhani anma ayinine kat\u0131ld\u0131. \u0130ran\u2019daki Ermenistan B\u00fcy\u00fckel\u00e7ili\u011fi\u2019nin bildirdi\u011fine g\u00f6re, ayin, Tahran\u2019da bulunan Surp Sarkis Ermeni Kilisesi\u2019nde ger\u00e7ekle\u015ftirildi.<\/em><\/strong><\/p>\n\n\n\n<p>T\u00f6rene kat\u0131lanlar ayr\u0131ca, Ermeni Soyk\u0131r\u0131m\u0131\u2019\u0131n\u0131n kurbanlar\u0131n\u0131n an\u0131s\u0131na adanm\u0131\u015f an\u0131t \u00f6n\u00fcne \u00e7i\u00e7ek b\u0131rakt\u0131.<\/p>\n\n\n\n<p><strong><em>Kaynak:\u00a0<a href=\"https:\/\/ermenihaber.am\/kategori\/genocide\/\">Ermeni Haber<\/a><\/em><\/strong><\/p>\n","protected":false},"excerpt":{"rendered":"<p>Ermenistan\u2019\u0131n \u0130ran \u0130slam Cumhuriyeti B\u00fcy\u00fckel\u00e7isi Grigor Hakobyan ve b\u00fcy\u00fckel\u00e7ilik personeli, Ermeni Soyk\u0131r\u0131m\u0131\u2019n\u0131n 111. y\u0131ld\u00f6n\u00fcm\u00fc dolay\u0131s\u0131yla d\u00fczenlenen ruhani anma ayinine kat\u0131ld\u0131. \u0130ran\u2019daki Ermenistan B\u00fcy\u00fckel\u00e7ili\u011fi\u2019nin bildirdi\u011fine g\u00f6re, ayin, Tahran\u2019da bulunan Surp Sarkis Ermeni Kilisesi\u2019nde ger\u00e7ekle\u015ftirildi. T\u00f6rene kat\u0131lanlar ayr\u0131ca, Ermeni Soyk\u0131r\u0131m\u0131\u2019\u0131n\u0131n kurbanlar\u0131n\u0131n an\u0131s\u0131na adanm\u0131\u015f an\u0131t \u00f6n\u00fcne \u00e7i\u00e7ek b\u0131rakt\u0131. Kaynak:\u00a0Ermeni Haber<\/p>\n","protected":false},"author":1,"featured_media":86112,"comment_status":"open","ping_status":"open","sticky":false,"template":"","format":"standard","meta":{"footnotes":""},"categories":[44,1],"tags":[],"class_list":["post-86111","post","type-post","status-publish","format-standard","has-post-thumbnail","hentry","category-ermeni-soykirimi","category-haberler"],"yoast_head":"<!-- This site is optimized with the Yoast SEO plugin v27.4 - https:\/\/yoast.com\/product\/yoast-seo-wordpress\/ -->\n<title>Tahran\u2019da Ermeni Soyk\u0131r\u0131m\u0131\u2019n\u0131n 111. y\u0131ld\u00f6n\u00fcm\u00fc dolay\u0131s\u0131yla anma ayini d\u00fczenlendi - Bati Ermenistan Ve Bati Ermenileri Sorunlari Ara\u015ftirmalar Merkezi<\/title>\n<meta name=\"robots\" content=\"index, follow, max-snippet:-1, max-image-preview:large, max-video-preview:-1\" \/>\n<link rel=\"canonical\" href=\"https:\/\/akunq.net\/tr\/?p=86111\" \/>\n<meta property=\"og:locale\" content=\"en_US\" \/>\n<meta property=\"og:type\" content=\"article\" \/>\n<meta property=\"og:title\" content=\"Tahran\u2019da Ermeni Soyk\u0131r\u0131m\u0131\u2019n\u0131n 111. y\u0131ld\u00f6n\u00fcm\u00fc dolay\u0131s\u0131yla anma ayini d\u00fczenlendi - Bati Ermenistan Ve Bati Ermenileri Sorunlari Ara\u015ftirmalar Merkezi\" \/>\n<meta property=\"og:description\" content=\"Ermenistan\u2019\u0131n \u0130ran \u0130slam Cumhuriyeti B\u00fcy\u00fckel\u00e7isi Grigor Hakobyan ve b\u00fcy\u00fckel\u00e7ilik personeli, Ermeni Soyk\u0131r\u0131m\u0131\u2019n\u0131n 111. y\u0131ld\u00f6n\u00fcm\u00fc dolay\u0131s\u0131yla d\u00fczenlenen ruhani anma ayinine kat\u0131ld\u0131. \u0130ran\u2019daki Ermenistan B\u00fcy\u00fckel\u00e7ili\u011fi\u2019nin bildirdi\u011fine g\u00f6re, ayin, Tahran\u2019da bulunan Surp Sarkis Ermeni Kilisesi\u2019nde ger\u00e7ekle\u015ftirildi. T\u00f6rene kat\u0131lanlar ayr\u0131ca, Ermeni Soyk\u0131r\u0131m\u0131\u2019\u0131n\u0131n kurbanlar\u0131n\u0131n an\u0131s\u0131na adanm\u0131\u015f an\u0131t \u00f6n\u00fcne \u00e7i\u00e7ek b\u0131rakt\u0131. Kaynak:\u00a0Ermeni Haber\" \/>\n<meta property=\"og:url\" content=\"https:\/\/akunq.net\/tr\/?p=86111\" \/>\n<meta property=\"og:site_name\" content=\"Bati Ermenistan Ve Bati Ermenileri Sorunlari Ara\u015ftirmalar Merkezi\" \/>\n<meta property=\"article:published_time\" content=\"2026-04-26T06:08:35+00:00\" \/>\n<meta property=\"article:modified_time\" content=\"2026-04-26T06:08:36+00:00\" \/>\n<meta property=\"og:image\" content=\"https:\/\/akunq.net\/tr\/wp-content\/uploads\/sites\/6\/2026\/04\/Tahranda-Ermeni-Soykirimi.jpg\" \/>\n\t<meta property=\"og:image:width\" content=\"1024\" \/>\n\t<meta property=\"og:image:height\" content=\"682\" \/>\n\t<meta property=\"og:image:type\" content=\"image\/jpeg\" \/>\n<meta name=\"author\" content=\"admin\" \/>\n<meta name=\"twitter:card\" content=\"summary_large_image\" \/>\n<meta name=\"twitter:label1\" content=\"Written by\" \/>\n\t<meta name=\"twitter:data1\" content=\"admin\" \/>\n\t<meta name=\"twitter:label2\" content=\"Est. reading time\" \/>\n\t<meta name=\"twitter:data2\" content=\"1 minute\" \/>\n<script type=\"application\/ld+json\" class=\"yoast-schema-graph\">{\"@context\":\"https:\\\/\\\/schema.org\",\"@graph\":[{\"@type\":\"Article\",\"@id\":\"https:\\\/\\\/akunq.net\\\/tr\\\/?p=86111#article\",\"isPartOf\":{\"@id\":\"https:\\\/\\\/akunq.net\\\/tr\\\/?p=86111\"},\"author\":{\"name\":\"admin\",\"@id\":\"https:\\\/\\\/akunq.net\\\/tr\\\/#\\\/schema\\\/person\\\/42a46675f00a8f1e84520e8c56500de3\"},\"headline\":\"Tahran\u2019da Ermeni Soyk\u0131r\u0131m\u0131\u2019n\u0131n 111. y\u0131ld\u00f6n\u00fcm\u00fc dolay\u0131s\u0131yla anma ayini d\u00fczenlendi\",\"datePublished\":\"2026-04-26T06:08:35+00:00\",\"dateModified\":\"2026-04-26T06:08:36+00:00\",\"mainEntityOfPage\":{\"@id\":\"https:\\\/\\\/akunq.net\\\/tr\\\/?p=86111\"},\"wordCount\":111,\"commentCount\":0,\"image\":{\"@id\":\"https:\\\/\\\/akunq.net\\\/tr\\\/?p=86111#primaryimage\"},\"thumbnailUrl\":\"https:\\\/\\\/akunq.net\\\/tr\\\/wp-content\\\/uploads\\\/sites\\\/6\\\/2026\\\/04\\\/Tahranda-Ermeni-Soykirimi.jpg\",\"articleSection\":[\"Ermeni Soyk\u0131r\u0131m\u0131\",\"Haberler\"],\"inLanguage\":\"en-US\",\"potentialAction\":[{\"@type\":\"CommentAction\",\"name\":\"Comment\",\"target\":[\"https:\\\/\\\/akunq.net\\\/tr\\\/?p=86111#respond\"]}]},{\"@type\":\"WebPage\",\"@id\":\"https:\\\/\\\/akunq.net\\\/tr\\\/?p=86111\",\"url\":\"https:\\\/\\\/akunq.net\\\/tr\\\/?p=86111\",\"name\":\"Tahran\u2019da Ermeni Soyk\u0131r\u0131m\u0131\u2019n\u0131n 111. y\u0131ld\u00f6n\u00fcm\u00fc dolay\u0131s\u0131yla anma ayini d\u00fczenlendi - Bati Ermenistan Ve Bati Ermenileri Sorunlari Ara\u015ftirmalar Merkezi\",\"isPartOf\":{\"@id\":\"https:\\\/\\\/akunq.net\\\/tr\\\/#website\"},\"primaryImageOfPage\":{\"@id\":\"https:\\\/\\\/akunq.net\\\/tr\\\/?p=86111#primaryimage\"},\"image\":{\"@id\":\"https:\\\/\\\/akunq.net\\\/tr\\\/?p=86111#primaryimage\"},\"thumbnailUrl\":\"https:\\\/\\\/akunq.net\\\/tr\\\/wp-content\\\/uploads\\\/sites\\\/6\\\/2026\\\/04\\\/Tahranda-Ermeni-Soykirimi.jpg\",\"datePublished\":\"2026-04-26T06:08:35+00:00\",\"dateModified\":\"2026-04-26T06:08:36+00:00\",\"author\":{\"@id\":\"https:\\\/\\\/akunq.net\\\/tr\\\/#\\\/schema\\\/person\\\/42a46675f00a8f1e84520e8c56500de3\"},\"breadcrumb\":{\"@id\":\"https:\\\/\\\/akunq.net\\\/tr\\\/?p=86111#breadcrumb\"},\"inLanguage\":\"en-US\",\"potentialAction\":[{\"@type\":\"ReadAction\",\"target\":[\"https:\\\/\\\/akunq.net\\\/tr\\\/?p=86111\"]}]},{\"@type\":\"ImageObject\",\"inLanguage\":\"en-US\",\"@id\":\"https:\\\/\\\/akunq.net\\\/tr\\\/?p=86111#primaryimage\",\"url\":\"https:\\\/\\\/akunq.net\\\/tr\\\/wp-content\\\/uploads\\\/sites\\\/6\\\/2026\\\/04\\\/Tahranda-Ermeni-Soykirimi.jpg\",\"contentUrl\":\"https:\\\/\\\/akunq.net\\\/tr\\\/wp-content\\\/uploads\\\/sites\\\/6\\\/2026\\\/04\\\/Tahranda-Ermeni-Soykirimi.jpg\",\"width\":1024,\"height\":682},{\"@type\":\"BreadcrumbList\",\"@id\":\"https:\\\/\\\/akunq.net\\\/tr\\\/?p=86111#breadcrumb\",\"itemListElement\":[{\"@type\":\"ListItem\",\"position\":1,\"name\":\"Home\",\"item\":\"https:\\\/\\\/akunq.net\\\/tr\"},{\"@type\":\"ListItem\",\"position\":2,\"name\":\"Tahran\u2019da Ermeni Soyk\u0131r\u0131m\u0131\u2019n\u0131n 111. y\u0131ld\u00f6n\u00fcm\u00fc dolay\u0131s\u0131yla anma ayini d\u00fczenlendi\"}]},{\"@type\":\"WebSite\",\"@id\":\"https:\\\/\\\/akunq.net\\\/tr\\\/#website\",\"url\":\"https:\\\/\\\/akunq.net\\\/tr\\\/\",\"name\":\"Bati Ermenistan Ve Bati Ermenileri Sorunlari Ara\u015ftirmalar Merkezi\",\"description\":\"\",\"potentialAction\":[{\"@type\":\"SearchAction\",\"target\":{\"@type\":\"EntryPoint\",\"urlTemplate\":\"https:\\\/\\\/akunq.net\\\/tr\\\/?s={search_term_string}\"},\"query-input\":{\"@type\":\"PropertyValueSpecification\",\"valueRequired\":true,\"valueName\":\"search_term_string\"}}],\"inLanguage\":\"en-US\"},{\"@type\":\"Person\",\"@id\":\"https:\\\/\\\/akunq.net\\\/tr\\\/#\\\/schema\\\/person\\\/42a46675f00a8f1e84520e8c56500de3\",\"name\":\"admin\",\"url\":\"https:\\\/\\\/akunq.net\\\/tr\\\/?author=1\"}]}<\/script>\n<!-- \/ Yoast SEO plugin. -->","yoast_head_json":{"title":"Tahran\u2019da Ermeni Soyk\u0131r\u0131m\u0131\u2019n\u0131n 111. y\u0131ld\u00f6n\u00fcm\u00fc dolay\u0131s\u0131yla anma ayini d\u00fczenlendi - Bati Ermenistan Ve Bati Ermenileri Sorunlari Ara\u015ftirmalar Merkezi","robots":{"index":"index","follow":"follow","max-snippet":"max-snippet:-1","max-image-preview":"max-image-preview:large","max-video-preview":"max-video-preview:-1"},"canonical":"https:\/\/akunq.net\/tr\/?p=86111","og_locale":"en_US","og_type":"article","og_title":"Tahran\u2019da Ermeni Soyk\u0131r\u0131m\u0131\u2019n\u0131n 111. y\u0131ld\u00f6n\u00fcm\u00fc dolay\u0131s\u0131yla anma ayini d\u00fczenlendi - Bati Ermenistan Ve Bati Ermenileri Sorunlari Ara\u015ftirmalar Merkezi","og_description":"Ermenistan\u2019\u0131n \u0130ran \u0130slam Cumhuriyeti B\u00fcy\u00fckel\u00e7isi Grigor Hakobyan ve b\u00fcy\u00fckel\u00e7ilik personeli, Ermeni Soyk\u0131r\u0131m\u0131\u2019n\u0131n 111. y\u0131ld\u00f6n\u00fcm\u00fc dolay\u0131s\u0131yla d\u00fczenlenen ruhani anma ayinine kat\u0131ld\u0131. \u0130ran\u2019daki Ermenistan B\u00fcy\u00fckel\u00e7ili\u011fi\u2019nin bildirdi\u011fine g\u00f6re, ayin, Tahran\u2019da bulunan Surp Sarkis Ermeni Kilisesi\u2019nde ger\u00e7ekle\u015ftirildi. T\u00f6rene kat\u0131lanlar ayr\u0131ca, Ermeni Soyk\u0131r\u0131m\u0131\u2019\u0131n\u0131n kurbanlar\u0131n\u0131n an\u0131s\u0131na adanm\u0131\u015f an\u0131t \u00f6n\u00fcne \u00e7i\u00e7ek b\u0131rakt\u0131. Kaynak:\u00a0Ermeni Haber","og_url":"https:\/\/akunq.net\/tr\/?p=86111","og_site_name":"Bati Ermenistan Ve Bati Ermenileri Sorunlari Ara\u015ftirmalar Merkezi","article_published_time":"2026-04-26T06:08:35+00:00","article_modified_time":"2026-04-26T06:08:36+00:00","og_image":[{"width":1024,"height":682,"url":"https:\/\/akunq.net\/tr\/wp-content\/uploads\/sites\/6\/2026\/04\/Tahranda-Ermeni-Soykirimi.jpg","type":"image\/jpeg"}],"author":"admin","twitter_card":"summary_large_image","twitter_misc":{"Written by":"admin","Est. reading time":"1 minute"},"schema":{"@context":"https:\/\/schema.org","@graph":[{"@type":"Article","@id":"https:\/\/akunq.net\/tr\/?p=86111#article","isPartOf":{"@id":"https:\/\/akunq.net\/tr\/?p=86111"},"author":{"name":"admin","@id":"https:\/\/akunq.net\/tr\/#\/schema\/person\/42a46675f00a8f1e84520e8c56500de3"},"headline":"Tahran\u2019da Ermeni Soyk\u0131r\u0131m\u0131\u2019n\u0131n 111. y\u0131ld\u00f6n\u00fcm\u00fc dolay\u0131s\u0131yla anma ayini d\u00fczenlendi","datePublished":"2026-04-26T06:08:35+00:00","dateModified":"2026-04-26T06:08:36+00:00","mainEntityOfPage":{"@id":"https:\/\/akunq.net\/tr\/?p=86111"},"wordCount":111,"commentCount":0,"image":{"@id":"https:\/\/akunq.net\/tr\/?p=86111#primaryimage"},"thumbnailUrl":"https:\/\/akunq.net\/tr\/wp-content\/uploads\/sites\/6\/2026\/04\/Tahranda-Ermeni-Soykirimi.jpg","articleSection":["Ermeni Soyk\u0131r\u0131m\u0131","Haberler"],"inLanguage":"en-US","potentialAction":[{"@type":"CommentAction","name":"Comment","target":["https:\/\/akunq.net\/tr\/?p=86111#respond"]}]},{"@type":"WebPage","@id":"https:\/\/akunq.net\/tr\/?p=86111","url":"https:\/\/akunq.net\/tr\/?p=86111","name":"Tahran\u2019da Ermeni Soyk\u0131r\u0131m\u0131\u2019n\u0131n 111. y\u0131ld\u00f6n\u00fcm\u00fc dolay\u0131s\u0131yla anma ayini d\u00fczenlendi - Bati Ermenistan Ve Bati Ermenileri Sorunlari Ara\u015ftirmalar Merkezi","isPartOf":{"@id":"https:\/\/akunq.net\/tr\/#website"},"primaryImageOfPage":{"@id":"https:\/\/akunq.net\/tr\/?p=86111#primaryimage"},"image":{"@id":"https:\/\/akunq.net\/tr\/?p=86111#primaryimage"},"thumbnailUrl":"https:\/\/akunq.net\/tr\/wp-content\/uploads\/sites\/6\/2026\/04\/Tahranda-Ermeni-Soykirimi.jpg","datePublished":"2026-04-26T06:08:35+00:00","dateModified":"2026-04-26T06:08:36+00:00","author":{"@id":"https:\/\/akunq.net\/tr\/#\/schema\/person\/42a46675f00a8f1e84520e8c56500de3"},"breadcrumb":{"@id":"https:\/\/akunq.net\/tr\/?p=86111#breadcrumb"},"inLanguage":"en-US","potentialAction":[{"@type":"ReadAction","target":["https:\/\/akunq.net\/tr\/?p=86111"]}]},{"@type":"ImageObject","inLanguage":"en-US","@id":"https:\/\/akunq.net\/tr\/?p=86111#primaryimage","url":"https:\/\/akunq.net\/tr\/wp-content\/uploads\/sites\/6\/2026\/04\/Tahranda-Ermeni-Soykirimi.jpg","contentUrl":"https:\/\/akunq.net\/tr\/wp-content\/uploads\/sites\/6\/2026\/04\/Tahranda-Ermeni-Soykirimi.jpg","width":1024,"height":682},{"@type":"BreadcrumbList","@id":"https:\/\/akunq.net\/tr\/?p=86111#breadcrumb","itemListElement":[{"@type":"ListItem","position":1,"name":"Home","item":"https:\/\/akunq.net\/tr"},{"@type":"ListItem","position":2,"name":"Tahran\u2019da Ermeni Soyk\u0131r\u0131m\u0131\u2019n\u0131n 111. y\u0131ld\u00f6n\u00fcm\u00fc dolay\u0131s\u0131yla anma ayini d\u00fczenlendi"}]},{"@type":"WebSite","@id":"https:\/\/akunq.net\/tr\/#website","url":"https:\/\/akunq.net\/tr\/","name":"Bati Ermenistan Ve Bati Ermenileri Sorunlari Ara\u015ftirmalar Merkezi","description":"","potentialAction":[{"@type":"SearchAction","target":{"@type":"EntryPoint","urlTemplate":"https:\/\/akunq.net\/tr\/?s={search_term_string}"},"query-input":{"@type":"PropertyValueSpecification","valueRequired":true,"valueName":"search_term_string"}}],"inLanguage":"en-US"},{"@type":"Person","@id":"https:\/\/akunq.net\/tr\/#\/schema\/person\/42a46675f00a8f1e84520e8c56500de3","name":"admin","url":"https:\/\/akunq.net\/tr\/?author=1"}]}},"_links":{"self":[{"href":"https:\/\/akunq.net\/tr\/index.php?rest_route=\/wp\/v2\/posts\/86111","targetHints":{"allow":["GET"]}}],"collection":[{"href":"https:\/\/akunq.net\/tr\/index.php?rest_route=\/wp\/v2\/posts"}],"about":[{"href":"https:\/\/akunq.net\/tr\/index.php?rest_route=\/wp\/v2\/types\/post"}],"author":[{"embeddable":true,"href":"https:\/\/akunq.net\/tr\/index.php?rest_route=\/wp\/v2\/users\/1"}],"replies":[{"embeddable":true,"href":"https:\/\/akunq.net\/tr\/index.php?rest_route=%2Fwp%2Fv2%2Fcomments&post=86111"}],"version-history":[{"count":1,"href":"https:\/\/akunq.net\/tr\/index.php?rest_route=\/wp\/v2\/posts\/86111\/revisions"}],"predecessor-version":[{"id":86113,"href":"https:\/\/akunq.net\/tr\/index.php?rest_route=\/wp\/v2\/posts\/86111\/revisions\/86113"}],"wp:featuredmedia":[{"embeddable":true,"href":"https:\/\/akunq.net\/tr\/index.php?rest_route=\/wp\/v2\/media\/86112"}],"wp:attachment":[{"href":"https:\/\/akunq.net\/tr\/index.php?rest_route=%2Fwp%2Fv2%2Fmedia&parent=86111"}],"wp:term":[{"taxonomy":"category","embeddable":true,"href":"https:\/\/akunq.net\/tr\/index.php?rest_route=%2Fwp%2Fv2%2Fcategories&post=86111"},{"taxonomy":"post_tag","embeddable":true,"href":"https:\/\/akunq.net\/tr\/index.php?rest_route=%2Fwp%2Fv2%2Ftags&post=86111"}],"curies":[{"name":"wp","href":"https:\/\/api.w.org\/{rel}","templated":true}]}}