{"id":85791,"date":"2026-03-19T02:17:29","date_gmt":"2026-03-19T07:17:29","guid":{"rendered":"https:\/\/akunq.net\/tr\/?p=85791"},"modified":"2026-03-19T02:17:30","modified_gmt":"2026-03-19T07:17:30","slug":"ermenistan-buyukelcisi-ermeni-turkmen-iliskileri-istikrarli-bir-denge-icinde","status":"publish","type":"post","link":"https:\/\/akunq.net\/tr\/?p=85791","title":{"rendered":"Ermenistan B\u00fcy\u00fckel\u00e7isi: Ermeni-T\u00fcrkmen ili\u015fkileri istikrarl\u0131 bir denge i\u00e7inde"},"content":{"rendered":"\n<p><strong><em>T\u00fcrkmenistan\u2019daki Ermenistan B\u00fcy\u00fckel\u00e7isi Arsen Avagyan, Erivan ile A\u015fkabat aras\u0131ndaki mevcut ili\u015fkilerin kar\u015f\u0131l\u0131kl\u0131 sayg\u0131ya dayanan istikrarl\u0131 bir ortakl\u0131k \u00f6rne\u011fi oldu\u011funu belirtti.<\/em><\/strong><\/p>\n\n\n\n<p>News Central Asia\u2019ya verdi\u011fi r\u00f6portajda konu\u015fan Avagyan, ikili ili\u015fkilerin istikrar, \u00f6ng\u00f6r\u00fclebilirlik ve kar\u015f\u0131l\u0131kl\u0131 sayg\u0131 ile karakterize edildi\u011fini vurgulad\u0131. B\u00fcy\u00fckel\u00e7i, ili\u015fkilerin siyasi dalgalanmalardan uzak oldu\u011funu ve sa\u011flam bir hukuki \u00e7er\u00e7eve ile uluslararas\u0131 konularda kar\u015f\u0131l\u0131kl\u0131 anlay\u0131\u015f temelinde geli\u015fti\u011fini ifade etti.<\/p>\n\n\n\n<p>Avagyan\u2019a g\u00f6re Ermenistan ve T\u00fcrkmenistan, egemenli\u011fe sayg\u0131, i\u00e7 i\u015flerine kar\u0131\u015fmama ve devletlerin e\u015fitli\u011fi ilkelerine ba\u011fl\u0131l\u0131k g\u00f6steriyor. T\u00fcrkmenistan\u2019\u0131n uluslararas\u0131 alanda tan\u0131nan \u201cdaimi tarafs\u0131zl\u0131k\u201d stat\u00fcs\u00fcn\u00fcn de ikili ili\u015fkiler a\u00e7\u0131s\u0131ndan \u00f6zel bir \u00f6neme sahip oldu\u011fu belirtildi.<\/p>\n\n\n\n<p>B\u00fcy\u00fckel\u00e7i, siyasi diyalo\u011fun d\u00fczenli \u015fekilde s\u00fcrd\u00fc\u011f\u00fcn\u00fc, iki \u00fclke liderleri, parlamentolar ve d\u0131\u015fi\u015fleri bakanl\u0131klar\u0131 d\u00fczeyindeki temaslar\u0131n g\u00fcven ortam\u0131n\u0131 g\u00fc\u00e7lendirdi\u011fini kaydetti. Bu g\u00fcvenin ise ekonomik ve insani alanlardaki i\u015f birli\u011finin derinle\u015fmesi i\u00e7in temel olu\u015fturdu\u011funu dile getirdi.<\/p>\n\n\n\n<p>Ekonomik ili\u015fkilerin hen\u00fcz iki \u00fclkenin potansiyelini tam olarak yans\u0131tmad\u0131\u011f\u0131n\u0131 belirten Avagyan, d\u00fc\u015f\u00fck ticaret hacminin zay\u0131f ili\u015fkiler anlam\u0131na gelmedi\u011fini, bunun daha \u00e7ok lojistik ve co\u011frafi s\u0131n\u0131rlamalar ile i\u015f d\u00fcnyas\u0131yla daha sistemli i\u015f birli\u011fi ihtiyac\u0131ndan kaynakland\u0131\u011f\u0131n\u0131 ifade etti.<\/p>\n\n\n\n<p>Bununla birlikte ekonomik i\u015f birli\u011fini geli\u015ftirme y\u00f6n\u00fcnde siyasi iradenin mevcut oldu\u011funu vurgulayan b\u00fcy\u00fckel\u00e7i, bunun temel \u00f6nem ta\u015f\u0131d\u0131\u011f\u0131n\u0131 s\u00f6yledi.<\/p>\n\n\n\n<p>\u0130nsani ve k\u00fclt\u00fcrel ba\u011flar\u0131n da ili\u015fkilerde \u00f6zel bir yer tuttu\u011funu belirten Avagyan, bu alanlar\u0131n iyi niyet ve kar\u015f\u0131l\u0131kl\u0131 sayg\u0131 ortam\u0131n\u0131n g\u00fc\u00e7lenmesine katk\u0131 sa\u011flad\u0131\u011f\u0131n\u0131 ifade etti.<\/p>\n\n\n\n<p>Son olarak Avagyan, Ermeni-T\u00fcrkmen ili\u015fkilerinin bug\u00fcn istikrarl\u0131 bir denge a\u015famas\u0131nda bulundu\u011funu ve daha dinamik bir geli\u015fim evresine ge\u00e7me potansiyeli ta\u015f\u0131d\u0131\u011f\u0131n\u0131 belirterek, ticaret, ula\u015ft\u0131rma, enerji, inovasyon ve bilim alanlar\u0131nda i\u015f birli\u011finin derinle\u015ftirilmesi i\u00e7in uygun ko\u015fullar\u0131n mevcut oldu\u011funu s\u00f6yledi.<\/p>\n\n\n\n<p>B\u00fcy\u00fckel\u00e7i, \u201cBir sonraki mant\u0131kl\u0131 ad\u0131m, siyasi g\u00fcvenin daha b\u00fcy\u00fck \u00f6l\u00e7ekli ekonomik ve teknolojik projelere d\u00f6n\u00fc\u015ft\u00fcr\u00fclmesidir\u201d ifadelerini kulland\u0131.<\/p>\n\n\n\n<p><a href=\"https:\/\/armenpress.am\/tr\/article\/1245026\/amp\"><strong><em>https:\/\/armenpress.am\/tr\/article\/1245026\/amp<\/em><\/strong><\/a><\/p>\n","protected":false},"excerpt":{"rendered":"<p>T\u00fcrkmenistan\u2019daki Ermenistan B\u00fcy\u00fckel\u00e7isi Arsen Avagyan, Erivan ile A\u015fkabat aras\u0131ndaki mevcut ili\u015fkilerin kar\u015f\u0131l\u0131kl\u0131 sayg\u0131ya dayanan istikrarl\u0131 bir ortakl\u0131k \u00f6rne\u011fi oldu\u011funu belirtti. News Central Asia\u2019ya verdi\u011fi r\u00f6portajda konu\u015fan Avagyan, ikili ili\u015fkilerin istikrar, \u00f6ng\u00f6r\u00fclebilirlik ve kar\u015f\u0131l\u0131kl\u0131 sayg\u0131 ile karakterize edildi\u011fini vurgulad\u0131. B\u00fcy\u00fckel\u00e7i, ili\u015fkilerin siyasi dalgalanmalardan uzak oldu\u011funu ve sa\u011flam bir hukuki \u00e7er\u00e7eve ile uluslararas\u0131 konularda kar\u015f\u0131l\u0131kl\u0131 anlay\u0131\u015f temelinde [&hellip;]<\/p>\n","protected":false},"author":1,"featured_media":85792,"comment_status":"open","ping_status":"open","sticky":false,"template":"","format":"standard","meta":{"footnotes":""},"categories":[1],"tags":[],"class_list":["post-85791","post","type-post","status-publish","format-standard","has-post-thumbnail","hentry","category-haberler"],"yoast_head":"<!-- This site is optimized with the Yoast SEO plugin v27.4 - https:\/\/yoast.com\/product\/yoast-seo-wordpress\/ -->\n<title>Ermenistan B\u00fcy\u00fckel\u00e7isi: Ermeni-T\u00fcrkmen ili\u015fkileri istikrarl\u0131 bir denge i\u00e7inde - Bati Ermenistan Ve Bati Ermenileri Sorunlari Ara\u015ftirmalar Merkezi<\/title>\n<meta name=\"robots\" content=\"index, follow, max-snippet:-1, max-image-preview:large, max-video-preview:-1\" \/>\n<link rel=\"canonical\" href=\"https:\/\/akunq.net\/tr\/?p=85791\" \/>\n<meta property=\"og:locale\" content=\"en_US\" \/>\n<meta property=\"og:type\" content=\"article\" \/>\n<meta property=\"og:title\" content=\"Ermenistan B\u00fcy\u00fckel\u00e7isi: Ermeni-T\u00fcrkmen ili\u015fkileri istikrarl\u0131 bir denge i\u00e7inde - Bati Ermenistan Ve Bati Ermenileri Sorunlari Ara\u015ftirmalar Merkezi\" \/>\n<meta property=\"og:description\" content=\"T\u00fcrkmenistan\u2019daki Ermenistan B\u00fcy\u00fckel\u00e7isi Arsen Avagyan, Erivan ile A\u015fkabat aras\u0131ndaki mevcut ili\u015fkilerin kar\u015f\u0131l\u0131kl\u0131 sayg\u0131ya dayanan istikrarl\u0131 bir ortakl\u0131k \u00f6rne\u011fi oldu\u011funu belirtti. News Central Asia\u2019ya verdi\u011fi r\u00f6portajda konu\u015fan Avagyan, ikili ili\u015fkilerin istikrar, \u00f6ng\u00f6r\u00fclebilirlik ve kar\u015f\u0131l\u0131kl\u0131 sayg\u0131 ile karakterize edildi\u011fini vurgulad\u0131. B\u00fcy\u00fckel\u00e7i, ili\u015fkilerin siyasi dalgalanmalardan uzak oldu\u011funu ve sa\u011flam bir hukuki \u00e7er\u00e7eve ile uluslararas\u0131 konularda kar\u015f\u0131l\u0131kl\u0131 anlay\u0131\u015f temelinde [&hellip;]\" \/>\n<meta property=\"og:url\" content=\"https:\/\/akunq.net\/tr\/?p=85791\" \/>\n<meta property=\"og:site_name\" content=\"Bati Ermenistan Ve Bati Ermenileri Sorunlari Ara\u015ftirmalar Merkezi\" \/>\n<meta property=\"article:published_time\" content=\"2026-03-19T07:17:29+00:00\" \/>\n<meta property=\"article:modified_time\" content=\"2026-03-19T07:17:30+00:00\" \/>\n<meta property=\"og:image\" content=\"https:\/\/akunq.net\/tr\/wp-content\/uploads\/sites\/6\/2026\/03\/Arsen-Avagyan.jpg\" \/>\n\t<meta property=\"og:image:width\" content=\"1600\" \/>\n\t<meta property=\"og:image:height\" content=\"1600\" \/>\n\t<meta property=\"og:image:type\" content=\"image\/jpeg\" \/>\n<meta name=\"author\" content=\"admin\" \/>\n<meta name=\"twitter:card\" content=\"summary_large_image\" \/>\n<meta name=\"twitter:label1\" content=\"Written by\" \/>\n\t<meta name=\"twitter:data1\" content=\"admin\" \/>\n\t<meta name=\"twitter:label2\" content=\"Est. reading time\" \/>\n\t<meta name=\"twitter:data2\" content=\"2 minutes\" \/>\n<script type=\"application\/ld+json\" class=\"yoast-schema-graph\">{\"@context\":\"https:\\\/\\\/schema.org\",\"@graph\":[{\"@type\":\"Article\",\"@id\":\"https:\\\/\\\/akunq.net\\\/tr\\\/?p=85791#article\",\"isPartOf\":{\"@id\":\"https:\\\/\\\/akunq.net\\\/tr\\\/?p=85791\"},\"author\":{\"name\":\"admin\",\"@id\":\"https:\\\/\\\/akunq.net\\\/tr\\\/#\\\/schema\\\/person\\\/42a46675f00a8f1e84520e8c56500de3\"},\"headline\":\"Ermenistan B\u00fcy\u00fckel\u00e7isi: Ermeni-T\u00fcrkmen ili\u015fkileri istikrarl\u0131 bir denge i\u00e7inde\",\"datePublished\":\"2026-03-19T07:17:29+00:00\",\"dateModified\":\"2026-03-19T07:17:30+00:00\",\"mainEntityOfPage\":{\"@id\":\"https:\\\/\\\/akunq.net\\\/tr\\\/?p=85791\"},\"wordCount\":434,\"commentCount\":0,\"image\":{\"@id\":\"https:\\\/\\\/akunq.net\\\/tr\\\/?p=85791#primaryimage\"},\"thumbnailUrl\":\"https:\\\/\\\/akunq.net\\\/tr\\\/wp-content\\\/uploads\\\/sites\\\/6\\\/2026\\\/03\\\/Arsen-Avagyan.jpg\",\"articleSection\":[\"Haberler\"],\"inLanguage\":\"en-US\",\"potentialAction\":[{\"@type\":\"CommentAction\",\"name\":\"Comment\",\"target\":[\"https:\\\/\\\/akunq.net\\\/tr\\\/?p=85791#respond\"]}]},{\"@type\":\"WebPage\",\"@id\":\"https:\\\/\\\/akunq.net\\\/tr\\\/?p=85791\",\"url\":\"https:\\\/\\\/akunq.net\\\/tr\\\/?p=85791\",\"name\":\"Ermenistan B\u00fcy\u00fckel\u00e7isi: Ermeni-T\u00fcrkmen ili\u015fkileri istikrarl\u0131 bir denge i\u00e7inde - Bati Ermenistan Ve Bati Ermenileri Sorunlari Ara\u015ftirmalar Merkezi\",\"isPartOf\":{\"@id\":\"https:\\\/\\\/akunq.net\\\/tr\\\/#website\"},\"primaryImageOfPage\":{\"@id\":\"https:\\\/\\\/akunq.net\\\/tr\\\/?p=85791#primaryimage\"},\"image\":{\"@id\":\"https:\\\/\\\/akunq.net\\\/tr\\\/?p=85791#primaryimage\"},\"thumbnailUrl\":\"https:\\\/\\\/akunq.net\\\/tr\\\/wp-content\\\/uploads\\\/sites\\\/6\\\/2026\\\/03\\\/Arsen-Avagyan.jpg\",\"datePublished\":\"2026-03-19T07:17:29+00:00\",\"dateModified\":\"2026-03-19T07:17:30+00:00\",\"author\":{\"@id\":\"https:\\\/\\\/akunq.net\\\/tr\\\/#\\\/schema\\\/person\\\/42a46675f00a8f1e84520e8c56500de3\"},\"breadcrumb\":{\"@id\":\"https:\\\/\\\/akunq.net\\\/tr\\\/?p=85791#breadcrumb\"},\"inLanguage\":\"en-US\",\"potentialAction\":[{\"@type\":\"ReadAction\",\"target\":[\"https:\\\/\\\/akunq.net\\\/tr\\\/?p=85791\"]}]},{\"@type\":\"ImageObject\",\"inLanguage\":\"en-US\",\"@id\":\"https:\\\/\\\/akunq.net\\\/tr\\\/?p=85791#primaryimage\",\"url\":\"https:\\\/\\\/akunq.net\\\/tr\\\/wp-content\\\/uploads\\\/sites\\\/6\\\/2026\\\/03\\\/Arsen-Avagyan.jpg\",\"contentUrl\":\"https:\\\/\\\/akunq.net\\\/tr\\\/wp-content\\\/uploads\\\/sites\\\/6\\\/2026\\\/03\\\/Arsen-Avagyan.jpg\",\"width\":1600,\"height\":1600},{\"@type\":\"BreadcrumbList\",\"@id\":\"https:\\\/\\\/akunq.net\\\/tr\\\/?p=85791#breadcrumb\",\"itemListElement\":[{\"@type\":\"ListItem\",\"position\":1,\"name\":\"Home\",\"item\":\"https:\\\/\\\/akunq.net\\\/tr\"},{\"@type\":\"ListItem\",\"position\":2,\"name\":\"Ermenistan B\u00fcy\u00fckel\u00e7isi: Ermeni-T\u00fcrkmen ili\u015fkileri istikrarl\u0131 bir denge i\u00e7inde\"}]},{\"@type\":\"WebSite\",\"@id\":\"https:\\\/\\\/akunq.net\\\/tr\\\/#website\",\"url\":\"https:\\\/\\\/akunq.net\\\/tr\\\/\",\"name\":\"Bati Ermenistan Ve Bati Ermenileri Sorunlari Ara\u015ftirmalar Merkezi\",\"description\":\"\",\"potentialAction\":[{\"@type\":\"SearchAction\",\"target\":{\"@type\":\"EntryPoint\",\"urlTemplate\":\"https:\\\/\\\/akunq.net\\\/tr\\\/?s={search_term_string}\"},\"query-input\":{\"@type\":\"PropertyValueSpecification\",\"valueRequired\":true,\"valueName\":\"search_term_string\"}}],\"inLanguage\":\"en-US\"},{\"@type\":\"Person\",\"@id\":\"https:\\\/\\\/akunq.net\\\/tr\\\/#\\\/schema\\\/person\\\/42a46675f00a8f1e84520e8c56500de3\",\"name\":\"admin\",\"url\":\"https:\\\/\\\/akunq.net\\\/tr\\\/?author=1\"}]}<\/script>\n<!-- \/ Yoast SEO plugin. -->","yoast_head_json":{"title":"Ermenistan B\u00fcy\u00fckel\u00e7isi: Ermeni-T\u00fcrkmen ili\u015fkileri istikrarl\u0131 bir denge i\u00e7inde - Bati Ermenistan Ve Bati Ermenileri Sorunlari Ara\u015ftirmalar Merkezi","robots":{"index":"index","follow":"follow","max-snippet":"max-snippet:-1","max-image-preview":"max-image-preview:large","max-video-preview":"max-video-preview:-1"},"canonical":"https:\/\/akunq.net\/tr\/?p=85791","og_locale":"en_US","og_type":"article","og_title":"Ermenistan B\u00fcy\u00fckel\u00e7isi: Ermeni-T\u00fcrkmen ili\u015fkileri istikrarl\u0131 bir denge i\u00e7inde - Bati Ermenistan Ve Bati Ermenileri Sorunlari Ara\u015ftirmalar Merkezi","og_description":"T\u00fcrkmenistan\u2019daki Ermenistan B\u00fcy\u00fckel\u00e7isi Arsen Avagyan, Erivan ile A\u015fkabat aras\u0131ndaki mevcut ili\u015fkilerin kar\u015f\u0131l\u0131kl\u0131 sayg\u0131ya dayanan istikrarl\u0131 bir ortakl\u0131k \u00f6rne\u011fi oldu\u011funu belirtti. News Central Asia\u2019ya verdi\u011fi r\u00f6portajda konu\u015fan Avagyan, ikili ili\u015fkilerin istikrar, \u00f6ng\u00f6r\u00fclebilirlik ve kar\u015f\u0131l\u0131kl\u0131 sayg\u0131 ile karakterize edildi\u011fini vurgulad\u0131. B\u00fcy\u00fckel\u00e7i, ili\u015fkilerin siyasi dalgalanmalardan uzak oldu\u011funu ve sa\u011flam bir hukuki \u00e7er\u00e7eve ile uluslararas\u0131 konularda kar\u015f\u0131l\u0131kl\u0131 anlay\u0131\u015f temelinde [&hellip;]","og_url":"https:\/\/akunq.net\/tr\/?p=85791","og_site_name":"Bati Ermenistan Ve Bati Ermenileri Sorunlari Ara\u015ftirmalar Merkezi","article_published_time":"2026-03-19T07:17:29+00:00","article_modified_time":"2026-03-19T07:17:30+00:00","og_image":[{"width":1600,"height":1600,"url":"https:\/\/akunq.net\/tr\/wp-content\/uploads\/sites\/6\/2026\/03\/Arsen-Avagyan.jpg","type":"image\/jpeg"}],"author":"admin","twitter_card":"summary_large_image","twitter_misc":{"Written by":"admin","Est. reading time":"2 minutes"},"schema":{"@context":"https:\/\/schema.org","@graph":[{"@type":"Article","@id":"https:\/\/akunq.net\/tr\/?p=85791#article","isPartOf":{"@id":"https:\/\/akunq.net\/tr\/?p=85791"},"author":{"name":"admin","@id":"https:\/\/akunq.net\/tr\/#\/schema\/person\/42a46675f00a8f1e84520e8c56500de3"},"headline":"Ermenistan B\u00fcy\u00fckel\u00e7isi: Ermeni-T\u00fcrkmen ili\u015fkileri istikrarl\u0131 bir denge i\u00e7inde","datePublished":"2026-03-19T07:17:29+00:00","dateModified":"2026-03-19T07:17:30+00:00","mainEntityOfPage":{"@id":"https:\/\/akunq.net\/tr\/?p=85791"},"wordCount":434,"commentCount":0,"image":{"@id":"https:\/\/akunq.net\/tr\/?p=85791#primaryimage"},"thumbnailUrl":"https:\/\/akunq.net\/tr\/wp-content\/uploads\/sites\/6\/2026\/03\/Arsen-Avagyan.jpg","articleSection":["Haberler"],"inLanguage":"en-US","potentialAction":[{"@type":"CommentAction","name":"Comment","target":["https:\/\/akunq.net\/tr\/?p=85791#respond"]}]},{"@type":"WebPage","@id":"https:\/\/akunq.net\/tr\/?p=85791","url":"https:\/\/akunq.net\/tr\/?p=85791","name":"Ermenistan B\u00fcy\u00fckel\u00e7isi: Ermeni-T\u00fcrkmen ili\u015fkileri istikrarl\u0131 bir denge i\u00e7inde - Bati Ermenistan Ve Bati Ermenileri Sorunlari Ara\u015ftirmalar Merkezi","isPartOf":{"@id":"https:\/\/akunq.net\/tr\/#website"},"primaryImageOfPage":{"@id":"https:\/\/akunq.net\/tr\/?p=85791#primaryimage"},"image":{"@id":"https:\/\/akunq.net\/tr\/?p=85791#primaryimage"},"thumbnailUrl":"https:\/\/akunq.net\/tr\/wp-content\/uploads\/sites\/6\/2026\/03\/Arsen-Avagyan.jpg","datePublished":"2026-03-19T07:17:29+00:00","dateModified":"2026-03-19T07:17:30+00:00","author":{"@id":"https:\/\/akunq.net\/tr\/#\/schema\/person\/42a46675f00a8f1e84520e8c56500de3"},"breadcrumb":{"@id":"https:\/\/akunq.net\/tr\/?p=85791#breadcrumb"},"inLanguage":"en-US","potentialAction":[{"@type":"ReadAction","target":["https:\/\/akunq.net\/tr\/?p=85791"]}]},{"@type":"ImageObject","inLanguage":"en-US","@id":"https:\/\/akunq.net\/tr\/?p=85791#primaryimage","url":"https:\/\/akunq.net\/tr\/wp-content\/uploads\/sites\/6\/2026\/03\/Arsen-Avagyan.jpg","contentUrl":"https:\/\/akunq.net\/tr\/wp-content\/uploads\/sites\/6\/2026\/03\/Arsen-Avagyan.jpg","width":1600,"height":1600},{"@type":"BreadcrumbList","@id":"https:\/\/akunq.net\/tr\/?p=85791#breadcrumb","itemListElement":[{"@type":"ListItem","position":1,"name":"Home","item":"https:\/\/akunq.net\/tr"},{"@type":"ListItem","position":2,"name":"Ermenistan B\u00fcy\u00fckel\u00e7isi: Ermeni-T\u00fcrkmen ili\u015fkileri istikrarl\u0131 bir denge i\u00e7inde"}]},{"@type":"WebSite","@id":"https:\/\/akunq.net\/tr\/#website","url":"https:\/\/akunq.net\/tr\/","name":"Bati Ermenistan Ve Bati Ermenileri Sorunlari Ara\u015ftirmalar Merkezi","description":"","potentialAction":[{"@type":"SearchAction","target":{"@type":"EntryPoint","urlTemplate":"https:\/\/akunq.net\/tr\/?s={search_term_string}"},"query-input":{"@type":"PropertyValueSpecification","valueRequired":true,"valueName":"search_term_string"}}],"inLanguage":"en-US"},{"@type":"Person","@id":"https:\/\/akunq.net\/tr\/#\/schema\/person\/42a46675f00a8f1e84520e8c56500de3","name":"admin","url":"https:\/\/akunq.net\/tr\/?author=1"}]}},"_links":{"self":[{"href":"https:\/\/akunq.net\/tr\/index.php?rest_route=\/wp\/v2\/posts\/85791","targetHints":{"allow":["GET"]}}],"collection":[{"href":"https:\/\/akunq.net\/tr\/index.php?rest_route=\/wp\/v2\/posts"}],"about":[{"href":"https:\/\/akunq.net\/tr\/index.php?rest_route=\/wp\/v2\/types\/post"}],"author":[{"embeddable":true,"href":"https:\/\/akunq.net\/tr\/index.php?rest_route=\/wp\/v2\/users\/1"}],"replies":[{"embeddable":true,"href":"https:\/\/akunq.net\/tr\/index.php?rest_route=%2Fwp%2Fv2%2Fcomments&post=85791"}],"version-history":[{"count":1,"href":"https:\/\/akunq.net\/tr\/index.php?rest_route=\/wp\/v2\/posts\/85791\/revisions"}],"predecessor-version":[{"id":85794,"href":"https:\/\/akunq.net\/tr\/index.php?rest_route=\/wp\/v2\/posts\/85791\/revisions\/85794"}],"wp:featuredmedia":[{"embeddable":true,"href":"https:\/\/akunq.net\/tr\/index.php?rest_route=\/wp\/v2\/media\/85792"}],"wp:attachment":[{"href":"https:\/\/akunq.net\/tr\/index.php?rest_route=%2Fwp%2Fv2%2Fmedia&parent=85791"}],"wp:term":[{"taxonomy":"category","embeddable":true,"href":"https:\/\/akunq.net\/tr\/index.php?rest_route=%2Fwp%2Fv2%2Fcategories&post=85791"},{"taxonomy":"post_tag","embeddable":true,"href":"https:\/\/akunq.net\/tr\/index.php?rest_route=%2Fwp%2Fv2%2Ftags&post=85791"}],"curies":[{"name":"wp","href":"https:\/\/api.w.org\/{rel}","templated":true}]}}