{"id":85771,"date":"2026-03-17T02:48:14","date_gmt":"2026-03-17T07:48:14","guid":{"rendered":"https:\/\/akunq.net\/tr\/?p=85771"},"modified":"2026-03-17T02:48:15","modified_gmt":"2026-03-17T07:48:15","slug":"turk-ortodoks-patrikhanesinden-sikayet-emniyetten-suc-duyurusu","status":"publish","type":"post","link":"https:\/\/akunq.net\/tr\/?p=85771","title":{"rendered":"T\u00fcrk Ortodoks Patrikhanesi&#8217;nden \u015fikayet, Emniyet&#8217;ten su\u00e7 duyurusu"},"content":{"rendered":"\n<p><strong><em>Hrant Dink cinayetinin 20. y\u0131l\u0131na girilirken, Hrant&#8217;\u0131n Arkada\u015flar\u0131, Neden Hedef Se\u00e7ildim sosyal medya hesaplar\u0131ndan cinayete giden yolu ve atmosferi, dijital payla\u015f\u0131mlarla anlat\u0131yor. Bu hafta Neden Hedef Se\u00e7ildim hesaplar\u0131nda, T\u00fcrk Ortodoks Patrikhanesi S\u00f6zc\u00fcs\u00fc verdi\u011fi \u015fikayet dilek\u00e7esi ve \u0130stanbul Emniyeti G\u00fcvenlik \u015eube M\u00fcd\u00fcr\u00fcn\u00fcn su\u00e7 duyurusu anlat\u0131l\u0131yor.<\/em><\/strong><\/p>\n\n\n\n<p>Hrant Dink cinayetinin 20. y\u0131l\u0131 yakla\u015f\u0131rken, Hrant&#8217;\u0131n Arkada\u015flar\u0131 taraf\u0131ndan organize edilen haf\u0131za \u00e7al\u0131\u015fmas\u0131&nbsp;<a href=\"https:\/\/x.com\/hedefsecildim\" target=\"_blank\" rel=\"noreferrer noopener\">X<\/a>,<a href=\"https:\/\/www.instagram.com\/nedenhedefsecildim?igsh=MTZjdDM2MjA3ZXAzbA%3D%3D\" target=\"_blank\" rel=\"noreferrer noopener\">&nbsp;Instagram<\/a>&nbsp;ve<a href=\"https:\/\/www.facebook.com\/profile.php?id=61588194547423\" target=\"_blank\" rel=\"noreferrer noopener\">&nbsp;Facebook<\/a>&#8216;taki&nbsp;<a href=\"https:\/\/www.agos.com.tr\/tr\/haber\/neden-hedef-secildim-39533\" target=\"_blank\" rel=\"noreferrer noopener\">Neden Hedef Se\u00e7ildim&nbsp;<\/a>hesaplar\u0131 arac\u0131l\u0131\u011f\u0131yla devam ediyor.<\/p>\n\n\n\n<p>19 Ocak 2007&#8217;deki suikaste giden yolu a\u015fama a\u015fama anlatan payla\u015f\u0131mlarda bu hafta, daha \u00f6nce ba\u015fka ki\u015filer taraf\u0131ndan Hrant Dink&#8217;in yaz\u0131lar\u0131 hakk\u0131nda verilen \u015fikayet dilek\u00e7elerine ek olarak T\u00fcrk Ortodoks Patrikhanesi Bas\u0131n S\u00f6zc\u00fcs\u00fc Sevgi Erenerol&#8217;un verdi\u011fi \u015fikayet dilek\u00e7esi ve<strong>&nbsp;<\/strong>\u0130stanbul Emniyeti G\u00fcvenlik \u015eube M\u00fcd\u00fcr\u00fc Avni Usta&#8217;n\u0131n \u015ei\u015fli Cumhuriyet Ba\u015fsavc\u0131l\u0131\u011f\u0131na yapt\u0131\u011f\u0131 su\u00e7 duyurusu hat\u0131rlat\u0131l\u0131yor. Ayr\u0131ca \u015ei\u015fli Bas\u0131n Savc\u0131s\u0131 Turgay Evsen, Ba\u015fsavc\u0131l\u0131\u011fa soru\u015fturmay\u0131 ba\u015flatt\u0131\u011f\u0131na dair yaz\u0131s\u0131 da g\u00fcndeme getirilerek, bunun s\u0131k rastlanan bir durum olmad\u0131\u011f\u0131n\u0131n alt\u0131 \u00e7iziliyor.<\/p>\n\n\n\n<p>Neden Hedef Se\u00e7ildim hesaplar\u0131ndan 14 Mart Cumartesi g\u00fcn\u00fc yay\u0131nlanan g\u00f6nderi \u015f\u00f6yle:<\/p>\n\n\n\n<p>Tarih: 1 Mart 2004 Pazartesi<\/p>\n\n\n\n<p><strong>Hrant Dink hakk\u0131nda bir \u015fikayet dilek\u00e7esi daha!<\/strong><\/p>\n\n\n\n<p>T\u00fcrk Ortodoks Patrikhanesi Bas\u0131n S\u00f6zc\u00fcs\u00fc Sevgi Erenerol, Hrant Dink\u2019in 13 \u015eubat 2004\u2019te Agos\u2019ta yay\u0131mlanan yaz\u0131s\u0131yla ilgili savc\u0131l\u0131\u011fa \u015fikayet dilek\u00e7esi verir.<\/p>\n\n\n\n<p>Hafta boyunca Hrant Dink\u2019e y\u00f6nelik k\u00f6\u015fe yaz\u0131lar\u0131 yay\u0131nlanmaya devam eder.<\/p>\n\n\n\n<p><strong>Tehdit eylemi medyada g\u00f6r\u00fclmez<\/strong><\/p>\n\n\n\n<p>26 \u015eubat 2004\u2019te Agos Gazetesi \u00f6n\u00fcnde \u00fclk\u00fcc\u00fclerin ger\u00e7ekle\u015ftirdi\u011fi tehdit i\u00e7erikli eylem&nbsp;bir iki istisna d\u0131\u015f\u0131nda, olay\u0131 izleyen medya taraf\u0131ndan haberle\u015ftirilmez.<\/p>\n\n\n\n<p><strong>Hafta boyunca ulusal medyada:<\/strong><\/p>\n\n\n\n<ul class=\"wp-block-list\">\n<li>\u201cAgos d\u00fczenimizi bozamaz\u201d, H\u00fcseyin \u00c7olak, Yeni\u00e7a\u011f Gazetesi (27 \u015eubat 2004)<\/li>\n\n\n\n<li>\u201cAgos\u2019un a\u00e7\u0131klamas\u0131\u201d, Muharrem Bayraktar, Yeni Mesaj Gazetesi (27 \u015eubat 2004)<\/li>\n\n\n\n<li>\u201cErmenistan\u2019la tan\u0131\u015fmak\u201d, Deniz Som, Cumhuriyet Gazetesi (27 \u015eubat 2004)<\/li>\n\n\n\n<li>\u201c\u00dclk\u00fcc\u00fclerden Dink\u2019e tehdit\u201d, \u00d6zg\u00fcr G\u00fcndem (27 \u015eubat 2004)<\/li>\n\n\n\n<li>\u201cErkek \u00fclkenin milli kabaday\u0131lar\u0131\u201d, Ay\u015fe \u00d6nal, Ak\u015fam Gazetesi (28 \u015eubat 2004)<\/li>\n\n\n\n<li>\u201c\u00c7ayelinden \u00f6teye\u201d, Arslan Bulut, Yeni\u00e7a\u011f Gazetesi (28 \u015eubat 2004)<\/li>\n\n\n\n<li>\u201cSabiha G\u00f6k\u00e7en\u2019in 80 y\u0131ll\u0131k s\u0131rr\u0131\u201d, \u015eahin Alpay, Zaman Gazetesi (28 \u015eubat 2004)<\/li>\n\n\n\n<li>\u201cUfak ufak, yava\u015f yava\u015f\u2026\u201d, Emin \u00c7\u00f6la\u015fan, H\u00fcrriyet Gazetesi (28 \u015eubat 2004)<\/li>\n\n\n\n<li>\u201cK\u0131br\u0131s model olacak\u201d, Abdurrahman Dilipak, Vakit Gazetesi\u00a0 (28 \u015eubat 2004)<\/li>\n\n\n\n<li>\u201cO da m\u0131 Ermeni \u00e7\u0131kt\u0131?\u201d, Y\u0131ld\u0131r\u0131m T\u00fcrker, Radikal Gazetesi (29 \u015eubat 2004)<\/li>\n\n\n\n<li>\u201cSabiha G\u00f6k\u00e7en ve Ermeni olmak\u201d, Reha \u00c7amuro\u011flu, Vatan Gazetesi (29 \u015eubat 2004)<\/li>\n\n\n\n<li>\u201cPa\u015fal\u0131&#8217;lar\u0131n T\u00fcrkiyesi\u2026\u201d, Sad\u0131k albayrak, Yeni \u015eafak Gazetesi (29 \u015eubat 2004)<\/li>\n\n\n\n<li>\u201cSabiha G\u00f6k\u00e7en haberi\u201d, H\u00fcrriyet Gazetesi, (1 Mart 2004)<\/li>\n\n\n\n<li>\u201cAK Parti&#8217;den Cesaret alan Ermeniler Kin Kusmaya Devam Ediyor&#8230;\u201d, Yeni Bat\u0131 Trakya Dergisi, Say\u0131 183<\/li>\n<\/ul>\n\n\n\n<p>Hrant&#8217;\u0131n Arkada\u015flar\u0131n\u0131n 15 Mart Pazar g\u00fcnk\u00fc payla\u015f\u0131mlar\u0131 \u015f\u00f6yle:<\/p>\n\n\n\n<p><strong>Emniyet de Hrant Dink\u2019ten \u015fikayet\u00e7i!<\/strong><\/p>\n\n\n\n<p>\u0130stanbul Emniyeti G\u00fcvenlik \u015eube M\u00fcd\u00fcr\u00fc Avni Usta, \u015ei\u015fli Cumhuriyet Ba\u015fsavc\u0131l\u0131\u011f\u0131na Hrant Dink&#8217;in 13 \u015eubat 2004 tarihli yaz\u0131s\u0131yla ilgili su\u00e7 duyurusunda bulunur.<\/p>\n\n\n\n<p><strong>Savc\u0131dan al\u0131\u015f\u0131lmad\u0131k bir yaz\u0131<\/strong><\/p>\n\n\n\n<p>\u015ei\u015fli Bas\u0131n Savc\u0131s\u0131 Turgay Evsen, Ba\u015fsavc\u0131l\u0131\u011fa soru\u015fturmay\u0131 ba\u015flatt\u0131\u011f\u0131na dair bir yaz\u0131 yazar. Bu s\u0131k rastlanan bir durum de\u011fildir. Savc\u0131l\u0131\u011f\u0131n bask\u0131 alt\u0131nda olabilece\u011finin bir ba\u015fka g\u00f6stergesidir.<\/p>\n\n\n\n<p><strong>O esnada ulusal medyada<\/strong><\/p>\n\n\n\n<ul class=\"wp-block-list\">\n<li>\u201cErmeni \u0130\u015fbirlik\u00e7ileri rahats\u0131z\u201d, Abdullah Akosman, \u00d6nce Vatan Gazetesi (3 Mart 2004)<br><\/li>\n\n\n\n<li>\u201cBize benzeyip bizden olmayanlar\u201d, Orhan Karata\u015f, \u00d6nce Vatan Gazetesi (3 Mart 2004)<br><\/li>\n\n\n\n<li>\u201cAgos\u2019a tehdit\u201d, Murat \u00c7elikkan, Radikal Gazetesi (3 Mart 2004)<br><\/li>\n\n\n\n<li>\u201cSabiha G\u00f6k\u00e7en\u2019 sahip \u00e7\u0131kal\u0131m\u201d, Refik Durba\u015f, Sabah Gazetesi (3 Mart 2004)<br><\/li>\n\n\n\n<li>\u201cT\u00fcrk olmak\u201d, G\u00fcler Kazmac\u0131, Posta Gazetesi (3 Mart 2004)<br><br> <\/li>\n<\/ul>\n\n\n\n<p><a href=\"https:\/\/www.agos.com.tr\/tr\/haber\/turk-ortodoks-patrikhanesi-nden-sikayet-emniyet-ten-suc-duyurusu-39808\"><strong><em>https:\/\/www.agos.com.tr\/tr\/haber\/turk-ortodoks-patrikhanesi-nden-sikayet-emniyet-ten-suc-duyurusu-39808<\/em><\/strong><\/a><\/p>\n","protected":false},"excerpt":{"rendered":"<p>Hrant Dink cinayetinin 20. y\u0131l\u0131na girilirken, Hrant&#8217;\u0131n Arkada\u015flar\u0131, Neden Hedef Se\u00e7ildim sosyal medya hesaplar\u0131ndan cinayete giden yolu ve atmosferi, dijital payla\u015f\u0131mlarla anlat\u0131yor. Bu hafta Neden Hedef Se\u00e7ildim hesaplar\u0131nda, T\u00fcrk Ortodoks Patrikhanesi S\u00f6zc\u00fcs\u00fc verdi\u011fi \u015fikayet dilek\u00e7esi ve \u0130stanbul Emniyeti G\u00fcvenlik \u015eube M\u00fcd\u00fcr\u00fcn\u00fcn su\u00e7 duyurusu anlat\u0131l\u0131yor. Hrant Dink cinayetinin 20. y\u0131l\u0131 yakla\u015f\u0131rken, Hrant&#8217;\u0131n Arkada\u015flar\u0131 taraf\u0131ndan organize edilen [&hellip;]<\/p>\n","protected":false},"author":1,"featured_media":85772,"comment_status":"open","ping_status":"open","sticky":false,"template":"","format":"standard","meta":{"footnotes":""},"categories":[1],"tags":[],"class_list":["post-85771","post","type-post","status-publish","format-standard","has-post-thumbnail","hentry","category-haberler"],"yoast_head":"<!-- This site is optimized with the Yoast SEO plugin v27.4 - https:\/\/yoast.com\/product\/yoast-seo-wordpress\/ -->\n<title>T\u00fcrk Ortodoks Patrikhanesi&#039;nden \u015fikayet, Emniyet&#039;ten su\u00e7 duyurusu - Bati Ermenistan Ve Bati Ermenileri Sorunlari Ara\u015ftirmalar Merkezi<\/title>\n<meta name=\"robots\" content=\"index, follow, max-snippet:-1, max-image-preview:large, max-video-preview:-1\" \/>\n<link rel=\"canonical\" href=\"https:\/\/akunq.net\/tr\/?p=85771\" \/>\n<meta property=\"og:locale\" content=\"en_US\" \/>\n<meta property=\"og:type\" content=\"article\" \/>\n<meta property=\"og:title\" content=\"T\u00fcrk Ortodoks Patrikhanesi&#039;nden \u015fikayet, Emniyet&#039;ten su\u00e7 duyurusu - Bati Ermenistan Ve Bati Ermenileri Sorunlari Ara\u015ftirmalar Merkezi\" \/>\n<meta property=\"og:description\" content=\"Hrant Dink cinayetinin 20. y\u0131l\u0131na girilirken, Hrant&#8217;\u0131n Arkada\u015flar\u0131, Neden Hedef Se\u00e7ildim sosyal medya hesaplar\u0131ndan cinayete giden yolu ve atmosferi, dijital payla\u015f\u0131mlarla anlat\u0131yor. Bu hafta Neden Hedef Se\u00e7ildim hesaplar\u0131nda, T\u00fcrk Ortodoks Patrikhanesi S\u00f6zc\u00fcs\u00fc verdi\u011fi \u015fikayet dilek\u00e7esi ve \u0130stanbul Emniyeti G\u00fcvenlik \u015eube M\u00fcd\u00fcr\u00fcn\u00fcn su\u00e7 duyurusu anlat\u0131l\u0131yor. Hrant Dink cinayetinin 20. y\u0131l\u0131 yakla\u015f\u0131rken, Hrant&#8217;\u0131n Arkada\u015flar\u0131 taraf\u0131ndan organize edilen [&hellip;]\" \/>\n<meta property=\"og:url\" content=\"https:\/\/akunq.net\/tr\/?p=85771\" \/>\n<meta property=\"og:site_name\" content=\"Bati Ermenistan Ve Bati Ermenileri Sorunlari Ara\u015ftirmalar Merkezi\" \/>\n<meta property=\"article:published_time\" content=\"2026-03-17T07:48:14+00:00\" \/>\n<meta property=\"article:modified_time\" content=\"2026-03-17T07:48:15+00:00\" \/>\n<meta property=\"og:image\" content=\"https:\/\/akunq.net\/tr\/wp-content\/uploads\/sites\/6\/2026\/03\/Dink-1.webp\" \/>\n\t<meta property=\"og:image:width\" content=\"933\" \/>\n\t<meta property=\"og:image:height\" content=\"525\" \/>\n\t<meta property=\"og:image:type\" content=\"image\/webp\" \/>\n<meta name=\"author\" content=\"admin\" \/>\n<meta name=\"twitter:card\" content=\"summary_large_image\" \/>\n<meta name=\"twitter:label1\" content=\"Written by\" \/>\n\t<meta name=\"twitter:data1\" content=\"admin\" \/>\n\t<meta name=\"twitter:label2\" content=\"Est. reading time\" \/>\n\t<meta name=\"twitter:data2\" content=\"3 minutes\" \/>\n<script type=\"application\/ld+json\" class=\"yoast-schema-graph\">{\"@context\":\"https:\\\/\\\/schema.org\",\"@graph\":[{\"@type\":\"Article\",\"@id\":\"https:\\\/\\\/akunq.net\\\/tr\\\/?p=85771#article\",\"isPartOf\":{\"@id\":\"https:\\\/\\\/akunq.net\\\/tr\\\/?p=85771\"},\"author\":{\"name\":\"admin\",\"@id\":\"https:\\\/\\\/akunq.net\\\/tr\\\/#\\\/schema\\\/person\\\/42a46675f00a8f1e84520e8c56500de3\"},\"headline\":\"T\u00fcrk Ortodoks Patrikhanesi&#8217;nden \u015fikayet, Emniyet&#8217;ten su\u00e7 duyurusu\",\"datePublished\":\"2026-03-17T07:48:14+00:00\",\"dateModified\":\"2026-03-17T07:48:15+00:00\",\"mainEntityOfPage\":{\"@id\":\"https:\\\/\\\/akunq.net\\\/tr\\\/?p=85771\"},\"wordCount\":658,\"commentCount\":0,\"image\":{\"@id\":\"https:\\\/\\\/akunq.net\\\/tr\\\/?p=85771#primaryimage\"},\"thumbnailUrl\":\"https:\\\/\\\/akunq.net\\\/tr\\\/wp-content\\\/uploads\\\/sites\\\/6\\\/2026\\\/03\\\/Dink-1.webp\",\"articleSection\":[\"Haberler\"],\"inLanguage\":\"en-US\",\"potentialAction\":[{\"@type\":\"CommentAction\",\"name\":\"Comment\",\"target\":[\"https:\\\/\\\/akunq.net\\\/tr\\\/?p=85771#respond\"]}]},{\"@type\":\"WebPage\",\"@id\":\"https:\\\/\\\/akunq.net\\\/tr\\\/?p=85771\",\"url\":\"https:\\\/\\\/akunq.net\\\/tr\\\/?p=85771\",\"name\":\"T\u00fcrk Ortodoks Patrikhanesi'nden \u015fikayet, Emniyet'ten su\u00e7 duyurusu - Bati Ermenistan Ve Bati Ermenileri Sorunlari Ara\u015ftirmalar Merkezi\",\"isPartOf\":{\"@id\":\"https:\\\/\\\/akunq.net\\\/tr\\\/#website\"},\"primaryImageOfPage\":{\"@id\":\"https:\\\/\\\/akunq.net\\\/tr\\\/?p=85771#primaryimage\"},\"image\":{\"@id\":\"https:\\\/\\\/akunq.net\\\/tr\\\/?p=85771#primaryimage\"},\"thumbnailUrl\":\"https:\\\/\\\/akunq.net\\\/tr\\\/wp-content\\\/uploads\\\/sites\\\/6\\\/2026\\\/03\\\/Dink-1.webp\",\"datePublished\":\"2026-03-17T07:48:14+00:00\",\"dateModified\":\"2026-03-17T07:48:15+00:00\",\"author\":{\"@id\":\"https:\\\/\\\/akunq.net\\\/tr\\\/#\\\/schema\\\/person\\\/42a46675f00a8f1e84520e8c56500de3\"},\"breadcrumb\":{\"@id\":\"https:\\\/\\\/akunq.net\\\/tr\\\/?p=85771#breadcrumb\"},\"inLanguage\":\"en-US\",\"potentialAction\":[{\"@type\":\"ReadAction\",\"target\":[\"https:\\\/\\\/akunq.net\\\/tr\\\/?p=85771\"]}]},{\"@type\":\"ImageObject\",\"inLanguage\":\"en-US\",\"@id\":\"https:\\\/\\\/akunq.net\\\/tr\\\/?p=85771#primaryimage\",\"url\":\"https:\\\/\\\/akunq.net\\\/tr\\\/wp-content\\\/uploads\\\/sites\\\/6\\\/2026\\\/03\\\/Dink-1.webp\",\"contentUrl\":\"https:\\\/\\\/akunq.net\\\/tr\\\/wp-content\\\/uploads\\\/sites\\\/6\\\/2026\\\/03\\\/Dink-1.webp\",\"width\":933,\"height\":525},{\"@type\":\"BreadcrumbList\",\"@id\":\"https:\\\/\\\/akunq.net\\\/tr\\\/?p=85771#breadcrumb\",\"itemListElement\":[{\"@type\":\"ListItem\",\"position\":1,\"name\":\"Home\",\"item\":\"https:\\\/\\\/akunq.net\\\/tr\"},{\"@type\":\"ListItem\",\"position\":2,\"name\":\"T\u00fcrk Ortodoks Patrikhanesi&#8217;nden \u015fikayet, Emniyet&#8217;ten su\u00e7 duyurusu\"}]},{\"@type\":\"WebSite\",\"@id\":\"https:\\\/\\\/akunq.net\\\/tr\\\/#website\",\"url\":\"https:\\\/\\\/akunq.net\\\/tr\\\/\",\"name\":\"Bati Ermenistan Ve Bati Ermenileri Sorunlari Ara\u015ftirmalar Merkezi\",\"description\":\"\",\"potentialAction\":[{\"@type\":\"SearchAction\",\"target\":{\"@type\":\"EntryPoint\",\"urlTemplate\":\"https:\\\/\\\/akunq.net\\\/tr\\\/?s={search_term_string}\"},\"query-input\":{\"@type\":\"PropertyValueSpecification\",\"valueRequired\":true,\"valueName\":\"search_term_string\"}}],\"inLanguage\":\"en-US\"},{\"@type\":\"Person\",\"@id\":\"https:\\\/\\\/akunq.net\\\/tr\\\/#\\\/schema\\\/person\\\/42a46675f00a8f1e84520e8c56500de3\",\"name\":\"admin\",\"url\":\"https:\\\/\\\/akunq.net\\\/tr\\\/?author=1\"}]}<\/script>\n<!-- \/ Yoast SEO plugin. -->","yoast_head_json":{"title":"T\u00fcrk Ortodoks Patrikhanesi'nden \u015fikayet, Emniyet'ten su\u00e7 duyurusu - Bati Ermenistan Ve Bati Ermenileri Sorunlari Ara\u015ftirmalar Merkezi","robots":{"index":"index","follow":"follow","max-snippet":"max-snippet:-1","max-image-preview":"max-image-preview:large","max-video-preview":"max-video-preview:-1"},"canonical":"https:\/\/akunq.net\/tr\/?p=85771","og_locale":"en_US","og_type":"article","og_title":"T\u00fcrk Ortodoks Patrikhanesi'nden \u015fikayet, Emniyet'ten su\u00e7 duyurusu - Bati Ermenistan Ve Bati Ermenileri Sorunlari Ara\u015ftirmalar Merkezi","og_description":"Hrant Dink cinayetinin 20. y\u0131l\u0131na girilirken, Hrant&#8217;\u0131n Arkada\u015flar\u0131, Neden Hedef Se\u00e7ildim sosyal medya hesaplar\u0131ndan cinayete giden yolu ve atmosferi, dijital payla\u015f\u0131mlarla anlat\u0131yor. Bu hafta Neden Hedef Se\u00e7ildim hesaplar\u0131nda, T\u00fcrk Ortodoks Patrikhanesi S\u00f6zc\u00fcs\u00fc verdi\u011fi \u015fikayet dilek\u00e7esi ve \u0130stanbul Emniyeti G\u00fcvenlik \u015eube M\u00fcd\u00fcr\u00fcn\u00fcn su\u00e7 duyurusu anlat\u0131l\u0131yor. Hrant Dink cinayetinin 20. y\u0131l\u0131 yakla\u015f\u0131rken, Hrant&#8217;\u0131n Arkada\u015flar\u0131 taraf\u0131ndan organize edilen [&hellip;]","og_url":"https:\/\/akunq.net\/tr\/?p=85771","og_site_name":"Bati Ermenistan Ve Bati Ermenileri Sorunlari Ara\u015ftirmalar Merkezi","article_published_time":"2026-03-17T07:48:14+00:00","article_modified_time":"2026-03-17T07:48:15+00:00","og_image":[{"width":933,"height":525,"url":"https:\/\/akunq.net\/tr\/wp-content\/uploads\/sites\/6\/2026\/03\/Dink-1.webp","type":"image\/webp"}],"author":"admin","twitter_card":"summary_large_image","twitter_misc":{"Written by":"admin","Est. reading time":"3 minutes"},"schema":{"@context":"https:\/\/schema.org","@graph":[{"@type":"Article","@id":"https:\/\/akunq.net\/tr\/?p=85771#article","isPartOf":{"@id":"https:\/\/akunq.net\/tr\/?p=85771"},"author":{"name":"admin","@id":"https:\/\/akunq.net\/tr\/#\/schema\/person\/42a46675f00a8f1e84520e8c56500de3"},"headline":"T\u00fcrk Ortodoks Patrikhanesi&#8217;nden \u015fikayet, Emniyet&#8217;ten su\u00e7 duyurusu","datePublished":"2026-03-17T07:48:14+00:00","dateModified":"2026-03-17T07:48:15+00:00","mainEntityOfPage":{"@id":"https:\/\/akunq.net\/tr\/?p=85771"},"wordCount":658,"commentCount":0,"image":{"@id":"https:\/\/akunq.net\/tr\/?p=85771#primaryimage"},"thumbnailUrl":"https:\/\/akunq.net\/tr\/wp-content\/uploads\/sites\/6\/2026\/03\/Dink-1.webp","articleSection":["Haberler"],"inLanguage":"en-US","potentialAction":[{"@type":"CommentAction","name":"Comment","target":["https:\/\/akunq.net\/tr\/?p=85771#respond"]}]},{"@type":"WebPage","@id":"https:\/\/akunq.net\/tr\/?p=85771","url":"https:\/\/akunq.net\/tr\/?p=85771","name":"T\u00fcrk Ortodoks Patrikhanesi'nden \u015fikayet, Emniyet'ten su\u00e7 duyurusu - Bati Ermenistan Ve Bati Ermenileri Sorunlari Ara\u015ftirmalar Merkezi","isPartOf":{"@id":"https:\/\/akunq.net\/tr\/#website"},"primaryImageOfPage":{"@id":"https:\/\/akunq.net\/tr\/?p=85771#primaryimage"},"image":{"@id":"https:\/\/akunq.net\/tr\/?p=85771#primaryimage"},"thumbnailUrl":"https:\/\/akunq.net\/tr\/wp-content\/uploads\/sites\/6\/2026\/03\/Dink-1.webp","datePublished":"2026-03-17T07:48:14+00:00","dateModified":"2026-03-17T07:48:15+00:00","author":{"@id":"https:\/\/akunq.net\/tr\/#\/schema\/person\/42a46675f00a8f1e84520e8c56500de3"},"breadcrumb":{"@id":"https:\/\/akunq.net\/tr\/?p=85771#breadcrumb"},"inLanguage":"en-US","potentialAction":[{"@type":"ReadAction","target":["https:\/\/akunq.net\/tr\/?p=85771"]}]},{"@type":"ImageObject","inLanguage":"en-US","@id":"https:\/\/akunq.net\/tr\/?p=85771#primaryimage","url":"https:\/\/akunq.net\/tr\/wp-content\/uploads\/sites\/6\/2026\/03\/Dink-1.webp","contentUrl":"https:\/\/akunq.net\/tr\/wp-content\/uploads\/sites\/6\/2026\/03\/Dink-1.webp","width":933,"height":525},{"@type":"BreadcrumbList","@id":"https:\/\/akunq.net\/tr\/?p=85771#breadcrumb","itemListElement":[{"@type":"ListItem","position":1,"name":"Home","item":"https:\/\/akunq.net\/tr"},{"@type":"ListItem","position":2,"name":"T\u00fcrk Ortodoks Patrikhanesi&#8217;nden \u015fikayet, Emniyet&#8217;ten su\u00e7 duyurusu"}]},{"@type":"WebSite","@id":"https:\/\/akunq.net\/tr\/#website","url":"https:\/\/akunq.net\/tr\/","name":"Bati Ermenistan Ve Bati Ermenileri Sorunlari Ara\u015ftirmalar Merkezi","description":"","potentialAction":[{"@type":"SearchAction","target":{"@type":"EntryPoint","urlTemplate":"https:\/\/akunq.net\/tr\/?s={search_term_string}"},"query-input":{"@type":"PropertyValueSpecification","valueRequired":true,"valueName":"search_term_string"}}],"inLanguage":"en-US"},{"@type":"Person","@id":"https:\/\/akunq.net\/tr\/#\/schema\/person\/42a46675f00a8f1e84520e8c56500de3","name":"admin","url":"https:\/\/akunq.net\/tr\/?author=1"}]}},"_links":{"self":[{"href":"https:\/\/akunq.net\/tr\/index.php?rest_route=\/wp\/v2\/posts\/85771","targetHints":{"allow":["GET"]}}],"collection":[{"href":"https:\/\/akunq.net\/tr\/index.php?rest_route=\/wp\/v2\/posts"}],"about":[{"href":"https:\/\/akunq.net\/tr\/index.php?rest_route=\/wp\/v2\/types\/post"}],"author":[{"embeddable":true,"href":"https:\/\/akunq.net\/tr\/index.php?rest_route=\/wp\/v2\/users\/1"}],"replies":[{"embeddable":true,"href":"https:\/\/akunq.net\/tr\/index.php?rest_route=%2Fwp%2Fv2%2Fcomments&post=85771"}],"version-history":[{"count":1,"href":"https:\/\/akunq.net\/tr\/index.php?rest_route=\/wp\/v2\/posts\/85771\/revisions"}],"predecessor-version":[{"id":85773,"href":"https:\/\/akunq.net\/tr\/index.php?rest_route=\/wp\/v2\/posts\/85771\/revisions\/85773"}],"wp:featuredmedia":[{"embeddable":true,"href":"https:\/\/akunq.net\/tr\/index.php?rest_route=\/wp\/v2\/media\/85772"}],"wp:attachment":[{"href":"https:\/\/akunq.net\/tr\/index.php?rest_route=%2Fwp%2Fv2%2Fmedia&parent=85771"}],"wp:term":[{"taxonomy":"category","embeddable":true,"href":"https:\/\/akunq.net\/tr\/index.php?rest_route=%2Fwp%2Fv2%2Fcategories&post=85771"},{"taxonomy":"post_tag","embeddable":true,"href":"https:\/\/akunq.net\/tr\/index.php?rest_route=%2Fwp%2Fv2%2Ftags&post=85771"}],"curies":[{"name":"wp","href":"https:\/\/api.w.org\/{rel}","templated":true}]}}