{"id":85768,"date":"2026-03-17T02:38:09","date_gmt":"2026-03-17T07:38:09","guid":{"rendered":"https:\/\/akunq.net\/tr\/?p=85768"},"modified":"2026-03-17T02:38:09","modified_gmt":"2026-03-17T07:38:09","slug":"ruben-vardanyanin-azerbaycan-ombudsmanina-basvurmasina-izin-verilmedi","status":"publish","type":"post","link":"https:\/\/akunq.net\/tr\/?p=85768","title":{"rendered":"Ruben Vardanyan\u2019\u0131n Azerbaycan ombudsman\u0131na ba\u015fvurmas\u0131na izin verilmedi"},"content":{"rendered":"\n<p><strong><em>Azerbaycan\u2019da \u201csahte su\u00e7lamalarla\u201d mahk\u00fbm edildi\u011fi belirtilen, Da\u011fl\u0131k Karaba\u011f\u2019\u0131n eski devlet bakan\u0131 Ruben Vardanyan\u2019\u0131n Azerbaycan Ombudsman\u0131 Sabina Aliyeva\u2019ya ba\u015fvurmas\u0131na izin verilmedi\u011fi bildirildi.<\/em><\/strong><\/p>\n\n\n\n<p>Vardanyan\u2019\u0131n ailesi taraf\u0131ndan yay\u0131mlanan a\u00e7\u0131klamada, 13 Mart\u2019ta ailesiyle yapt\u0131\u011f\u0131 telefon g\u00f6r\u00fc\u015fmesi s\u0131ras\u0131nda Vardanyan\u2019\u0131n kamuya a\u00e7\u0131k bir \u00e7a\u011fr\u0131 yaparak Azerbaycan ombudsman\u0131na ba\u015fvurmak istedi\u011fi, ancak telefon g\u00f6r\u00fc\u015fmesinin zorla kesildi\u011fi ifade edildi.<\/p>\n\n\n\n<p>A\u00e7\u0131klamada, Vardanyan\u2019\u0131n bu ad\u0131m\u0131 atmak zorunda kald\u0131\u011f\u0131, \u00e7\u00fcnk\u00fc \u00f6nceki 10 g\u00fcn i\u00e7inde avukat\u0131 arac\u0131l\u0131\u011f\u0131yla yaz\u0131l\u0131 ba\u015fvurular ve telefon g\u00f6r\u00fc\u015fmeleri yoluyla ombudsmanla ileti\u015fime ge\u00e7me giri\u015fimlerinin sonu\u00e7suz kald\u0131\u011f\u0131 belirtildi.<\/p>\n\n\n\n<p>Aile ayr\u0131ca davalar\u0131n bir ay \u00f6nce sonu\u00e7land\u0131\u011f\u0131n\u0131, ancak Vardanyan\u2019\u0131n ve edindikleri bilgilere g\u00f6re di\u011fer Ermeni tutuklular\u0131n resmi mahkeme kararlar\u0131n\u0131n metnini hen\u00fcz hi\u00e7bir dilde \u2013 Rus\u00e7a, Ermenice ya da Azerbaycan T\u00fcrk\u00e7esinde \u2013 almad\u0131klar\u0131n\u0131 ifade etti. Bu nedenle hangi maddelerden mahk\u00fbm edildiklerini ve ne zaman ya da nereye nakledileceklerini bilmedikleri kaydedildi.<\/p>\n\n\n\n<p>Vardanyan\u2019\u0131n ailesi mevcut durumdan derin endi\u015fe duyduklar\u0131n\u0131 belirterek, Vardanyan ve di\u011fer Ermeni tutuklular\u0131n durumuna ili\u015fkin g\u00fcvenilir bilgi eksikli\u011finin ve Azerbaycan\u2019da ba\u011f\u0131ms\u0131z insan haklar\u0131 mekanizmalar\u0131n\u0131n ortadan kalkmas\u0131n\u0131n ciddi bir sorun oldu\u011funu vurgulad\u0131. A\u00e7\u0131klamada ayr\u0131ca Uluslararas\u0131 K\u0131z\u0131lha\u00e7 Komitesi\u2019nin \u00fclkeden ayr\u0131lmas\u0131n\u0131n da tutuklular\u0131n kurumsal korumadan yoksun kalmas\u0131na yol a\u00e7t\u0131\u011f\u0131 ifade edildi.<\/p>\n\n\n\n<p>Aile, \u015fu anda ileti\u015fim i\u00e7in tek yol olan k\u0131sa telefon g\u00f6r\u00fc\u015fmelerinin bile kesilebilece\u011finden endi\u015fe duyduklar\u0131n\u0131 da belirtti.<br><em><br><strong>Kaynak:\u00a0<a href=\"https:\/\/ermenihaber.am\/kategori\/law\/\">Ermeni Haber<\/a><\/strong><\/em><\/p>\n","protected":false},"excerpt":{"rendered":"<p>Azerbaycan\u2019da \u201csahte su\u00e7lamalarla\u201d mahk\u00fbm edildi\u011fi belirtilen, Da\u011fl\u0131k Karaba\u011f\u2019\u0131n eski devlet bakan\u0131 Ruben Vardanyan\u2019\u0131n Azerbaycan Ombudsman\u0131 Sabina Aliyeva\u2019ya ba\u015fvurmas\u0131na izin verilmedi\u011fi bildirildi. Vardanyan\u2019\u0131n ailesi taraf\u0131ndan yay\u0131mlanan a\u00e7\u0131klamada, 13 Mart\u2019ta ailesiyle yapt\u0131\u011f\u0131 telefon g\u00f6r\u00fc\u015fmesi s\u0131ras\u0131nda Vardanyan\u2019\u0131n kamuya a\u00e7\u0131k bir \u00e7a\u011fr\u0131 yaparak Azerbaycan ombudsman\u0131na ba\u015fvurmak istedi\u011fi, ancak telefon g\u00f6r\u00fc\u015fmesinin zorla kesildi\u011fi ifade edildi. A\u00e7\u0131klamada, Vardanyan\u2019\u0131n bu ad\u0131m\u0131 atmak [&hellip;]<\/p>\n","protected":false},"author":1,"featured_media":85769,"comment_status":"open","ping_status":"open","sticky":false,"template":"","format":"standard","meta":{"footnotes":""},"categories":[1],"tags":[],"class_list":["post-85768","post","type-post","status-publish","format-standard","has-post-thumbnail","hentry","category-haberler"],"yoast_head":"<!-- This site is optimized with the Yoast SEO plugin v27.4 - https:\/\/yoast.com\/product\/yoast-seo-wordpress\/ -->\n<title>Ruben Vardanyan\u2019\u0131n Azerbaycan ombudsman\u0131na ba\u015fvurmas\u0131na izin verilmedi - Bati Ermenistan Ve Bati Ermenileri Sorunlari Ara\u015ftirmalar Merkezi<\/title>\n<meta name=\"robots\" content=\"index, follow, max-snippet:-1, max-image-preview:large, max-video-preview:-1\" \/>\n<link rel=\"canonical\" href=\"https:\/\/akunq.net\/tr\/?p=85768\" \/>\n<meta property=\"og:locale\" content=\"en_US\" \/>\n<meta property=\"og:type\" content=\"article\" \/>\n<meta property=\"og:title\" content=\"Ruben Vardanyan\u2019\u0131n Azerbaycan ombudsman\u0131na ba\u015fvurmas\u0131na izin verilmedi - Bati Ermenistan Ve Bati Ermenileri Sorunlari Ara\u015ftirmalar Merkezi\" \/>\n<meta property=\"og:description\" content=\"Azerbaycan\u2019da \u201csahte su\u00e7lamalarla\u201d mahk\u00fbm edildi\u011fi belirtilen, Da\u011fl\u0131k Karaba\u011f\u2019\u0131n eski devlet bakan\u0131 Ruben Vardanyan\u2019\u0131n Azerbaycan Ombudsman\u0131 Sabina Aliyeva\u2019ya ba\u015fvurmas\u0131na izin verilmedi\u011fi bildirildi. Vardanyan\u2019\u0131n ailesi taraf\u0131ndan yay\u0131mlanan a\u00e7\u0131klamada, 13 Mart\u2019ta ailesiyle yapt\u0131\u011f\u0131 telefon g\u00f6r\u00fc\u015fmesi s\u0131ras\u0131nda Vardanyan\u2019\u0131n kamuya a\u00e7\u0131k bir \u00e7a\u011fr\u0131 yaparak Azerbaycan ombudsman\u0131na ba\u015fvurmak istedi\u011fi, ancak telefon g\u00f6r\u00fc\u015fmesinin zorla kesildi\u011fi ifade edildi. A\u00e7\u0131klamada, Vardanyan\u2019\u0131n bu ad\u0131m\u0131 atmak [&hellip;]\" \/>\n<meta property=\"og:url\" content=\"https:\/\/akunq.net\/tr\/?p=85768\" \/>\n<meta property=\"og:site_name\" content=\"Bati Ermenistan Ve Bati Ermenileri Sorunlari Ara\u015ftirmalar Merkezi\" \/>\n<meta property=\"article:published_time\" content=\"2026-03-17T07:38:09+00:00\" \/>\n<meta property=\"og:image\" content=\"https:\/\/akunq.net\/tr\/wp-content\/uploads\/sites\/6\/2026\/03\/Ruben-Vardanyan.jpg\" \/>\n\t<meta property=\"og:image:width\" content=\"770\" \/>\n\t<meta property=\"og:image:height\" content=\"446\" \/>\n\t<meta property=\"og:image:type\" content=\"image\/jpeg\" \/>\n<meta name=\"author\" content=\"admin\" \/>\n<meta name=\"twitter:card\" content=\"summary_large_image\" \/>\n<meta name=\"twitter:label1\" content=\"Written by\" \/>\n\t<meta name=\"twitter:data1\" content=\"admin\" \/>\n\t<meta name=\"twitter:label2\" content=\"Est. reading time\" \/>\n\t<meta name=\"twitter:data2\" content=\"1 minute\" \/>\n<script type=\"application\/ld+json\" class=\"yoast-schema-graph\">{\"@context\":\"https:\\\/\\\/schema.org\",\"@graph\":[{\"@type\":\"Article\",\"@id\":\"https:\\\/\\\/akunq.net\\\/tr\\\/?p=85768#article\",\"isPartOf\":{\"@id\":\"https:\\\/\\\/akunq.net\\\/tr\\\/?p=85768\"},\"author\":{\"name\":\"admin\",\"@id\":\"https:\\\/\\\/akunq.net\\\/tr\\\/#\\\/schema\\\/person\\\/42a46675f00a8f1e84520e8c56500de3\"},\"headline\":\"Ruben Vardanyan\u2019\u0131n Azerbaycan ombudsman\u0131na ba\u015fvurmas\u0131na izin verilmedi\",\"datePublished\":\"2026-03-17T07:38:09+00:00\",\"mainEntityOfPage\":{\"@id\":\"https:\\\/\\\/akunq.net\\\/tr\\\/?p=85768\"},\"wordCount\":299,\"commentCount\":0,\"image\":{\"@id\":\"https:\\\/\\\/akunq.net\\\/tr\\\/?p=85768#primaryimage\"},\"thumbnailUrl\":\"https:\\\/\\\/akunq.net\\\/tr\\\/wp-content\\\/uploads\\\/sites\\\/6\\\/2026\\\/03\\\/Ruben-Vardanyan.jpg\",\"articleSection\":[\"Haberler\"],\"inLanguage\":\"en-US\",\"potentialAction\":[{\"@type\":\"CommentAction\",\"name\":\"Comment\",\"target\":[\"https:\\\/\\\/akunq.net\\\/tr\\\/?p=85768#respond\"]}]},{\"@type\":\"WebPage\",\"@id\":\"https:\\\/\\\/akunq.net\\\/tr\\\/?p=85768\",\"url\":\"https:\\\/\\\/akunq.net\\\/tr\\\/?p=85768\",\"name\":\"Ruben Vardanyan\u2019\u0131n Azerbaycan ombudsman\u0131na ba\u015fvurmas\u0131na izin verilmedi - Bati Ermenistan Ve Bati Ermenileri Sorunlari Ara\u015ftirmalar Merkezi\",\"isPartOf\":{\"@id\":\"https:\\\/\\\/akunq.net\\\/tr\\\/#website\"},\"primaryImageOfPage\":{\"@id\":\"https:\\\/\\\/akunq.net\\\/tr\\\/?p=85768#primaryimage\"},\"image\":{\"@id\":\"https:\\\/\\\/akunq.net\\\/tr\\\/?p=85768#primaryimage\"},\"thumbnailUrl\":\"https:\\\/\\\/akunq.net\\\/tr\\\/wp-content\\\/uploads\\\/sites\\\/6\\\/2026\\\/03\\\/Ruben-Vardanyan.jpg\",\"datePublished\":\"2026-03-17T07:38:09+00:00\",\"author\":{\"@id\":\"https:\\\/\\\/akunq.net\\\/tr\\\/#\\\/schema\\\/person\\\/42a46675f00a8f1e84520e8c56500de3\"},\"breadcrumb\":{\"@id\":\"https:\\\/\\\/akunq.net\\\/tr\\\/?p=85768#breadcrumb\"},\"inLanguage\":\"en-US\",\"potentialAction\":[{\"@type\":\"ReadAction\",\"target\":[\"https:\\\/\\\/akunq.net\\\/tr\\\/?p=85768\"]}]},{\"@type\":\"ImageObject\",\"inLanguage\":\"en-US\",\"@id\":\"https:\\\/\\\/akunq.net\\\/tr\\\/?p=85768#primaryimage\",\"url\":\"https:\\\/\\\/akunq.net\\\/tr\\\/wp-content\\\/uploads\\\/sites\\\/6\\\/2026\\\/03\\\/Ruben-Vardanyan.jpg\",\"contentUrl\":\"https:\\\/\\\/akunq.net\\\/tr\\\/wp-content\\\/uploads\\\/sites\\\/6\\\/2026\\\/03\\\/Ruben-Vardanyan.jpg\",\"width\":770,\"height\":446},{\"@type\":\"BreadcrumbList\",\"@id\":\"https:\\\/\\\/akunq.net\\\/tr\\\/?p=85768#breadcrumb\",\"itemListElement\":[{\"@type\":\"ListItem\",\"position\":1,\"name\":\"Home\",\"item\":\"https:\\\/\\\/akunq.net\\\/tr\"},{\"@type\":\"ListItem\",\"position\":2,\"name\":\"Ruben Vardanyan\u2019\u0131n Azerbaycan ombudsman\u0131na ba\u015fvurmas\u0131na izin verilmedi\"}]},{\"@type\":\"WebSite\",\"@id\":\"https:\\\/\\\/akunq.net\\\/tr\\\/#website\",\"url\":\"https:\\\/\\\/akunq.net\\\/tr\\\/\",\"name\":\"Bati Ermenistan Ve Bati Ermenileri Sorunlari Ara\u015ftirmalar Merkezi\",\"description\":\"\",\"potentialAction\":[{\"@type\":\"SearchAction\",\"target\":{\"@type\":\"EntryPoint\",\"urlTemplate\":\"https:\\\/\\\/akunq.net\\\/tr\\\/?s={search_term_string}\"},\"query-input\":{\"@type\":\"PropertyValueSpecification\",\"valueRequired\":true,\"valueName\":\"search_term_string\"}}],\"inLanguage\":\"en-US\"},{\"@type\":\"Person\",\"@id\":\"https:\\\/\\\/akunq.net\\\/tr\\\/#\\\/schema\\\/person\\\/42a46675f00a8f1e84520e8c56500de3\",\"name\":\"admin\",\"url\":\"https:\\\/\\\/akunq.net\\\/tr\\\/?author=1\"}]}<\/script>\n<!-- \/ Yoast SEO plugin. -->","yoast_head_json":{"title":"Ruben Vardanyan\u2019\u0131n Azerbaycan ombudsman\u0131na ba\u015fvurmas\u0131na izin verilmedi - Bati Ermenistan Ve Bati Ermenileri Sorunlari Ara\u015ftirmalar Merkezi","robots":{"index":"index","follow":"follow","max-snippet":"max-snippet:-1","max-image-preview":"max-image-preview:large","max-video-preview":"max-video-preview:-1"},"canonical":"https:\/\/akunq.net\/tr\/?p=85768","og_locale":"en_US","og_type":"article","og_title":"Ruben Vardanyan\u2019\u0131n Azerbaycan ombudsman\u0131na ba\u015fvurmas\u0131na izin verilmedi - Bati Ermenistan Ve Bati Ermenileri Sorunlari Ara\u015ftirmalar Merkezi","og_description":"Azerbaycan\u2019da \u201csahte su\u00e7lamalarla\u201d mahk\u00fbm edildi\u011fi belirtilen, Da\u011fl\u0131k Karaba\u011f\u2019\u0131n eski devlet bakan\u0131 Ruben Vardanyan\u2019\u0131n Azerbaycan Ombudsman\u0131 Sabina Aliyeva\u2019ya ba\u015fvurmas\u0131na izin verilmedi\u011fi bildirildi. Vardanyan\u2019\u0131n ailesi taraf\u0131ndan yay\u0131mlanan a\u00e7\u0131klamada, 13 Mart\u2019ta ailesiyle yapt\u0131\u011f\u0131 telefon g\u00f6r\u00fc\u015fmesi s\u0131ras\u0131nda Vardanyan\u2019\u0131n kamuya a\u00e7\u0131k bir \u00e7a\u011fr\u0131 yaparak Azerbaycan ombudsman\u0131na ba\u015fvurmak istedi\u011fi, ancak telefon g\u00f6r\u00fc\u015fmesinin zorla kesildi\u011fi ifade edildi. A\u00e7\u0131klamada, Vardanyan\u2019\u0131n bu ad\u0131m\u0131 atmak [&hellip;]","og_url":"https:\/\/akunq.net\/tr\/?p=85768","og_site_name":"Bati Ermenistan Ve Bati Ermenileri Sorunlari Ara\u015ftirmalar Merkezi","article_published_time":"2026-03-17T07:38:09+00:00","og_image":[{"width":770,"height":446,"url":"https:\/\/akunq.net\/tr\/wp-content\/uploads\/sites\/6\/2026\/03\/Ruben-Vardanyan.jpg","type":"image\/jpeg"}],"author":"admin","twitter_card":"summary_large_image","twitter_misc":{"Written by":"admin","Est. reading time":"1 minute"},"schema":{"@context":"https:\/\/schema.org","@graph":[{"@type":"Article","@id":"https:\/\/akunq.net\/tr\/?p=85768#article","isPartOf":{"@id":"https:\/\/akunq.net\/tr\/?p=85768"},"author":{"name":"admin","@id":"https:\/\/akunq.net\/tr\/#\/schema\/person\/42a46675f00a8f1e84520e8c56500de3"},"headline":"Ruben Vardanyan\u2019\u0131n Azerbaycan ombudsman\u0131na ba\u015fvurmas\u0131na izin verilmedi","datePublished":"2026-03-17T07:38:09+00:00","mainEntityOfPage":{"@id":"https:\/\/akunq.net\/tr\/?p=85768"},"wordCount":299,"commentCount":0,"image":{"@id":"https:\/\/akunq.net\/tr\/?p=85768#primaryimage"},"thumbnailUrl":"https:\/\/akunq.net\/tr\/wp-content\/uploads\/sites\/6\/2026\/03\/Ruben-Vardanyan.jpg","articleSection":["Haberler"],"inLanguage":"en-US","potentialAction":[{"@type":"CommentAction","name":"Comment","target":["https:\/\/akunq.net\/tr\/?p=85768#respond"]}]},{"@type":"WebPage","@id":"https:\/\/akunq.net\/tr\/?p=85768","url":"https:\/\/akunq.net\/tr\/?p=85768","name":"Ruben Vardanyan\u2019\u0131n Azerbaycan ombudsman\u0131na ba\u015fvurmas\u0131na izin verilmedi - Bati Ermenistan Ve Bati Ermenileri Sorunlari Ara\u015ftirmalar Merkezi","isPartOf":{"@id":"https:\/\/akunq.net\/tr\/#website"},"primaryImageOfPage":{"@id":"https:\/\/akunq.net\/tr\/?p=85768#primaryimage"},"image":{"@id":"https:\/\/akunq.net\/tr\/?p=85768#primaryimage"},"thumbnailUrl":"https:\/\/akunq.net\/tr\/wp-content\/uploads\/sites\/6\/2026\/03\/Ruben-Vardanyan.jpg","datePublished":"2026-03-17T07:38:09+00:00","author":{"@id":"https:\/\/akunq.net\/tr\/#\/schema\/person\/42a46675f00a8f1e84520e8c56500de3"},"breadcrumb":{"@id":"https:\/\/akunq.net\/tr\/?p=85768#breadcrumb"},"inLanguage":"en-US","potentialAction":[{"@type":"ReadAction","target":["https:\/\/akunq.net\/tr\/?p=85768"]}]},{"@type":"ImageObject","inLanguage":"en-US","@id":"https:\/\/akunq.net\/tr\/?p=85768#primaryimage","url":"https:\/\/akunq.net\/tr\/wp-content\/uploads\/sites\/6\/2026\/03\/Ruben-Vardanyan.jpg","contentUrl":"https:\/\/akunq.net\/tr\/wp-content\/uploads\/sites\/6\/2026\/03\/Ruben-Vardanyan.jpg","width":770,"height":446},{"@type":"BreadcrumbList","@id":"https:\/\/akunq.net\/tr\/?p=85768#breadcrumb","itemListElement":[{"@type":"ListItem","position":1,"name":"Home","item":"https:\/\/akunq.net\/tr"},{"@type":"ListItem","position":2,"name":"Ruben Vardanyan\u2019\u0131n Azerbaycan ombudsman\u0131na ba\u015fvurmas\u0131na izin verilmedi"}]},{"@type":"WebSite","@id":"https:\/\/akunq.net\/tr\/#website","url":"https:\/\/akunq.net\/tr\/","name":"Bati Ermenistan Ve Bati Ermenileri Sorunlari Ara\u015ftirmalar Merkezi","description":"","potentialAction":[{"@type":"SearchAction","target":{"@type":"EntryPoint","urlTemplate":"https:\/\/akunq.net\/tr\/?s={search_term_string}"},"query-input":{"@type":"PropertyValueSpecification","valueRequired":true,"valueName":"search_term_string"}}],"inLanguage":"en-US"},{"@type":"Person","@id":"https:\/\/akunq.net\/tr\/#\/schema\/person\/42a46675f00a8f1e84520e8c56500de3","name":"admin","url":"https:\/\/akunq.net\/tr\/?author=1"}]}},"_links":{"self":[{"href":"https:\/\/akunq.net\/tr\/index.php?rest_route=\/wp\/v2\/posts\/85768","targetHints":{"allow":["GET"]}}],"collection":[{"href":"https:\/\/akunq.net\/tr\/index.php?rest_route=\/wp\/v2\/posts"}],"about":[{"href":"https:\/\/akunq.net\/tr\/index.php?rest_route=\/wp\/v2\/types\/post"}],"author":[{"embeddable":true,"href":"https:\/\/akunq.net\/tr\/index.php?rest_route=\/wp\/v2\/users\/1"}],"replies":[{"embeddable":true,"href":"https:\/\/akunq.net\/tr\/index.php?rest_route=%2Fwp%2Fv2%2Fcomments&post=85768"}],"version-history":[{"count":1,"href":"https:\/\/akunq.net\/tr\/index.php?rest_route=\/wp\/v2\/posts\/85768\/revisions"}],"predecessor-version":[{"id":85770,"href":"https:\/\/akunq.net\/tr\/index.php?rest_route=\/wp\/v2\/posts\/85768\/revisions\/85770"}],"wp:featuredmedia":[{"embeddable":true,"href":"https:\/\/akunq.net\/tr\/index.php?rest_route=\/wp\/v2\/media\/85769"}],"wp:attachment":[{"href":"https:\/\/akunq.net\/tr\/index.php?rest_route=%2Fwp%2Fv2%2Fmedia&parent=85768"}],"wp:term":[{"taxonomy":"category","embeddable":true,"href":"https:\/\/akunq.net\/tr\/index.php?rest_route=%2Fwp%2Fv2%2Fcategories&post=85768"},{"taxonomy":"post_tag","embeddable":true,"href":"https:\/\/akunq.net\/tr\/index.php?rest_route=%2Fwp%2Fv2%2Ftags&post=85768"}],"curies":[{"name":"wp","href":"https:\/\/api.w.org\/{rel}","templated":true}]}}