{"id":85759,"date":"2026-03-16T02:53:21","date_gmt":"2026-03-16T07:53:21","guid":{"rendered":"https:\/\/akunq.net\/tr\/?p=85759"},"modified":"2026-03-16T02:53:21","modified_gmt":"2026-03-16T07:53:21","slug":"tarihi-alanda-sanayi-plani-2","status":"publish","type":"post","link":"https:\/\/akunq.net\/tr\/?p=85759","title":{"rendered":"Tarihi alanda sanayi plan\u0131!"},"content":{"rendered":"\n<p><em><strong>Yeni\u015fehir\u2019de planlanan G\u0131da \u0130htisas OSB projesinin yap\u0131lmas\u0131 istenen alanda Bizans d\u00f6nemine ait arkeolojik kal\u0131nt\u0131lar ortaya \u00e7\u0131kt\u0131. B\u00f6lge halk\u0131 projeye tepkili: \u201cTarihi de\u011ferler riske at\u0131l\u0131yor. Bu tablo kar\u015f\u0131s\u0131nda planlar\u0131n yeniden g\u00f6zden ge\u00e7irilmesi gerekiyor.\u201d<\/strong><\/em><\/p>\n\n\n\n<p>Bursa Yeni\u015fehir\u2019de kurulmas\u0131 planlanan G\u0131da \u0130htisas Organize Sanayi B\u00f6lgesi\u2019ne (OSB) ili\u015fkin tart\u0131\u015fmalar, proje alan\u0131nda arkeolojik kal\u0131nt\u0131lar\u0131n tespit edilmesiyle yeniden g\u00fcndeme geldi. Bursa K\u00fclt\u00fcr Varl\u0131klar\u0131n\u0131 Koruma B\u00f6lge Kurulu\u2019nun 16 \u015eubat 2026 tarihinde verdi\u011fi kararla Derek\u00f6y ve Mente\u015fe mahalleleri s\u0131n\u0131rlar\u0131nda bulunan baz\u0131 parseller birinci ve ikinci derece arkeolojik sit alan\u0131 olarak tescil edildi.<\/p>\n\n\n\n<p>Bizans d\u00f6nemine ait kal\u0131nt\u0131lar\u0131n ve nekropol (antik mezarl\u0131k) alanlar\u0131n\u0131n bulundu\u011fu belirtilen b\u00f6lgede \u00f6zellikle birinci derece sit stat\u00fcs\u00fcndeki alanlarda her t\u00fcrl\u00fc yap\u0131la\u015fma yasaklan\u0131yor. Bu alanlarda yaln\u0131zca bilimsel kaz\u0131 ve ara\u015ft\u0131rma \u00e7al\u0131\u015fmalar\u0131na izin veriliyor. Bu durum, planlanan sanayi projesinin ak\u0131betini de tart\u0131\u015fma konusu haline getirdi. Koruma Kurulu karar\u0131na g\u00f6re Derek\u00f6y ve Mente\u015fe mahallelerinde yap\u0131lan incelemelerde Bizans d\u00f6nemine ait arkeolojik kal\u0131nt\u0131lar ile nekropol alanlar\u0131n\u0131n bulundu\u011fu belirlendi. Bu kapsamda proje alan\u0131 i\u00e7inde ve \u00e7evresinde yer alan baz\u0131 parseller birinci ve ikinci derece arkeolojik sit alan\u0131 olarak tescil edildi.<\/p>\n\n\n\n<p>Birinci derece arkeolojik sit stat\u00fcs\u00fcndeki alanlarda her t\u00fcrl\u00fc yap\u0131la\u015fma yasaklan\u0131yor. Yaln\u0131zca bilimsel kaz\u0131 ve ara\u015ft\u0131rma \u00e7al\u0131\u015fmalar\u0131na izin veriliyor. Bu nedenle s\u00f6z konusu karar\u0131n, b\u00f6lgede planlanan G\u0131da \u0130htisas OSB projesinin mevcut planlar\u0131 \u00fczerinde do\u011frudan etkili olabilece\u011fi de\u011ferlendiriliyor.<\/p>\n\n\n\n<p>\u201cPLANLAR YEN\u0130DEN DE\u011eERLEND\u0130R\u0130LMEL\u0130\u201d<\/p>\n\n\n\n<p>Konuyu g\u00fcndeme ta\u015f\u0131yan Yeni\u015fehir \u00c7evre Platformu S\u00f6zc\u00fcs\u00fc Erkan Erdem, al\u0131nan karar\u0131n ard\u0131ndan projenin yeniden ele al\u0131nmas\u0131 gerekti\u011fini s\u00f6yledi. Erdem, Karacaali b\u00f6lgesinde verimli tar\u0131m arazilerinin sanayiye a\u00e7\u0131lmas\u0131n\u0131n uzun s\u00fcredir tart\u0131\u015fma yaratt\u0131\u011f\u0131n\u0131 hat\u0131rlatt\u0131. Arkeolojik sit karar\u0131n\u0131n bu tart\u0131\u015fmay\u0131 daha da b\u00fcy\u00fctt\u00fc\u011f\u00fcn\u00fc ifade etti.<\/p>\n\n\n\n<p>Erdem \u015funlar\u0131 dile getirdi: \u201cG\u0131da \u0130htisas OSB proje alan\u0131 i\u00e7inde yer alan Derek\u00f6y Mahallesi\u2019ndeki baz\u0131 parseller arkeolojik sit alan\u0131 oldu\u011fu i\u00e7in birinci derece arkeolojik sit alan\u0131 olarak tescilleniyor. Bu karar, b\u00f6lgede planlanan sanayi projesinin yeniden de\u011ferlendirilmesini zorunlu k\u0131l\u0131yor.\u201d<\/p>\n\n\n\n<p>Erdem, b\u00f6lgede yaln\u0131zca arkeolojik miras\u0131n de\u011fil ayn\u0131 zamanda verimli tar\u0131m arazilerinin de risk alt\u0131nda oldu\u011funu belirtti. Erdem \u015funlar\u0131 ifade etti: \u201cKaracaali\u2019de verimli tar\u0131m topraklar\u0131n\u0131n sanayiye a\u00e7\u0131lmas\u0131 zaten kamuoyunda ciddi tart\u0131\u015fmalara yol a\u00e7m\u0131\u015ft\u0131. \u015eimdi ise proje alan\u0131 i\u00e7inde ve s\u0131n\u0131r\u0131nda birinci derece arkeolojik sit alanlar\u0131 tescillenmi\u015f durumda. Hem tar\u0131m alanlar\u0131 hem de tarihi de\u011ferler risk alt\u0131na giriyor.\u201d<\/p>\n\n\n\n<p>Erdem son olarak yetkililere \u015fu soruyu y\u00f6neltti: \u201cBirinci derece arkeolojik sit alan\u0131nda \u00e7ivi bile \u00e7ak\u0131lamazken Ticaret Bakanl\u0131\u011f\u0131 bu b\u00f6lgede fabrika m\u0131 kurmay\u0131 planl\u0131yor?\u201d<\/p>\n\n\n\n<hr class=\"wp-block-separator has-alpha-channel-opacity\"\/>\n\n\n\n<p><a href=\"https:\/\/www.birgun.net\/haber\/tarihi-alanda-sanayi-plani-699137\" target=\"_blank\" rel=\"noreferrer noopener\"><strong><em>BirG\u00fcn Gazetesi<\/em><\/strong><\/a><\/p>\n","protected":false},"excerpt":{"rendered":"<p>Yeni\u015fehir\u2019de planlanan G\u0131da \u0130htisas OSB projesinin yap\u0131lmas\u0131 istenen alanda Bizans d\u00f6nemine ait arkeolojik kal\u0131nt\u0131lar ortaya \u00e7\u0131kt\u0131. B\u00f6lge halk\u0131 projeye tepkili: \u201cTarihi de\u011ferler riske at\u0131l\u0131yor. Bu tablo kar\u015f\u0131s\u0131nda planlar\u0131n yeniden g\u00f6zden ge\u00e7irilmesi gerekiyor.\u201d Bursa Yeni\u015fehir\u2019de kurulmas\u0131 planlanan G\u0131da \u0130htisas Organize Sanayi B\u00f6lgesi\u2019ne (OSB) ili\u015fkin tart\u0131\u015fmalar, proje alan\u0131nda arkeolojik kal\u0131nt\u0131lar\u0131n tespit edilmesiyle yeniden g\u00fcndeme geldi. Bursa K\u00fclt\u00fcr [&hellip;]<\/p>\n","protected":false},"author":1,"featured_media":85760,"comment_status":"open","ping_status":"open","sticky":false,"template":"","format":"standard","meta":{"footnotes":""},"categories":[1],"tags":[],"class_list":["post-85759","post","type-post","status-publish","format-standard","has-post-thumbnail","hentry","category-haberler"],"yoast_head":"<!-- This site is optimized with the Yoast SEO plugin v27.4 - https:\/\/yoast.com\/product\/yoast-seo-wordpress\/ -->\n<title>Tarihi alanda sanayi plan\u0131! - Bati Ermenistan Ve Bati Ermenileri Sorunlari Ara\u015ftirmalar Merkezi<\/title>\n<meta name=\"robots\" content=\"index, follow, max-snippet:-1, max-image-preview:large, max-video-preview:-1\" \/>\n<link rel=\"canonical\" href=\"https:\/\/akunq.net\/tr\/?p=85759\" \/>\n<meta property=\"og:locale\" content=\"en_US\" \/>\n<meta property=\"og:type\" content=\"article\" \/>\n<meta property=\"og:title\" content=\"Tarihi alanda sanayi plan\u0131! - Bati Ermenistan Ve Bati Ermenileri Sorunlari Ara\u015ftirmalar Merkezi\" \/>\n<meta property=\"og:description\" content=\"Yeni\u015fehir\u2019de planlanan G\u0131da \u0130htisas OSB projesinin yap\u0131lmas\u0131 istenen alanda Bizans d\u00f6nemine ait arkeolojik kal\u0131nt\u0131lar ortaya \u00e7\u0131kt\u0131. B\u00f6lge halk\u0131 projeye tepkili: \u201cTarihi de\u011ferler riske at\u0131l\u0131yor. Bu tablo kar\u015f\u0131s\u0131nda planlar\u0131n yeniden g\u00f6zden ge\u00e7irilmesi gerekiyor.\u201d Bursa Yeni\u015fehir\u2019de kurulmas\u0131 planlanan G\u0131da \u0130htisas Organize Sanayi B\u00f6lgesi\u2019ne (OSB) ili\u015fkin tart\u0131\u015fmalar, proje alan\u0131nda arkeolojik kal\u0131nt\u0131lar\u0131n tespit edilmesiyle yeniden g\u00fcndeme geldi. Bursa K\u00fclt\u00fcr [&hellip;]\" \/>\n<meta property=\"og:url\" content=\"https:\/\/akunq.net\/tr\/?p=85759\" \/>\n<meta property=\"og:site_name\" content=\"Bati Ermenistan Ve Bati Ermenileri Sorunlari Ara\u015ftirmalar Merkezi\" \/>\n<meta property=\"article:published_time\" content=\"2026-03-16T07:53:21+00:00\" \/>\n<meta property=\"og:image\" content=\"https:\/\/akunq.net\/tr\/wp-content\/uploads\/sites\/6\/2026\/03\/Tarihi-alan-1.webp\" \/>\n\t<meta property=\"og:image:width\" content=\"1280\" \/>\n\t<meta property=\"og:image:height\" content=\"720\" \/>\n\t<meta property=\"og:image:type\" content=\"image\/webp\" \/>\n<meta name=\"author\" content=\"admin\" \/>\n<meta name=\"twitter:card\" content=\"summary_large_image\" \/>\n<meta name=\"twitter:label1\" content=\"Written by\" \/>\n\t<meta name=\"twitter:data1\" content=\"admin\" \/>\n\t<meta name=\"twitter:label2\" content=\"Est. reading time\" \/>\n\t<meta name=\"twitter:data2\" content=\"2 minutes\" \/>\n<script type=\"application\/ld+json\" class=\"yoast-schema-graph\">{\"@context\":\"https:\\\/\\\/schema.org\",\"@graph\":[{\"@type\":\"Article\",\"@id\":\"https:\\\/\\\/akunq.net\\\/tr\\\/?p=85759#article\",\"isPartOf\":{\"@id\":\"https:\\\/\\\/akunq.net\\\/tr\\\/?p=85759\"},\"author\":{\"name\":\"admin\",\"@id\":\"https:\\\/\\\/akunq.net\\\/tr\\\/#\\\/schema\\\/person\\\/42a46675f00a8f1e84520e8c56500de3\"},\"headline\":\"Tarihi alanda sanayi plan\u0131!\",\"datePublished\":\"2026-03-16T07:53:21+00:00\",\"mainEntityOfPage\":{\"@id\":\"https:\\\/\\\/akunq.net\\\/tr\\\/?p=85759\"},\"wordCount\":528,\"commentCount\":0,\"image\":{\"@id\":\"https:\\\/\\\/akunq.net\\\/tr\\\/?p=85759#primaryimage\"},\"thumbnailUrl\":\"https:\\\/\\\/akunq.net\\\/tr\\\/wp-content\\\/uploads\\\/sites\\\/6\\\/2026\\\/03\\\/Tarihi-alan-1.webp\",\"articleSection\":[\"Haberler\"],\"inLanguage\":\"en-US\",\"potentialAction\":[{\"@type\":\"CommentAction\",\"name\":\"Comment\",\"target\":[\"https:\\\/\\\/akunq.net\\\/tr\\\/?p=85759#respond\"]}]},{\"@type\":\"WebPage\",\"@id\":\"https:\\\/\\\/akunq.net\\\/tr\\\/?p=85759\",\"url\":\"https:\\\/\\\/akunq.net\\\/tr\\\/?p=85759\",\"name\":\"Tarihi alanda sanayi plan\u0131! - Bati Ermenistan Ve Bati Ermenileri Sorunlari Ara\u015ftirmalar Merkezi\",\"isPartOf\":{\"@id\":\"https:\\\/\\\/akunq.net\\\/tr\\\/#website\"},\"primaryImageOfPage\":{\"@id\":\"https:\\\/\\\/akunq.net\\\/tr\\\/?p=85759#primaryimage\"},\"image\":{\"@id\":\"https:\\\/\\\/akunq.net\\\/tr\\\/?p=85759#primaryimage\"},\"thumbnailUrl\":\"https:\\\/\\\/akunq.net\\\/tr\\\/wp-content\\\/uploads\\\/sites\\\/6\\\/2026\\\/03\\\/Tarihi-alan-1.webp\",\"datePublished\":\"2026-03-16T07:53:21+00:00\",\"author\":{\"@id\":\"https:\\\/\\\/akunq.net\\\/tr\\\/#\\\/schema\\\/person\\\/42a46675f00a8f1e84520e8c56500de3\"},\"breadcrumb\":{\"@id\":\"https:\\\/\\\/akunq.net\\\/tr\\\/?p=85759#breadcrumb\"},\"inLanguage\":\"en-US\",\"potentialAction\":[{\"@type\":\"ReadAction\",\"target\":[\"https:\\\/\\\/akunq.net\\\/tr\\\/?p=85759\"]}]},{\"@type\":\"ImageObject\",\"inLanguage\":\"en-US\",\"@id\":\"https:\\\/\\\/akunq.net\\\/tr\\\/?p=85759#primaryimage\",\"url\":\"https:\\\/\\\/akunq.net\\\/tr\\\/wp-content\\\/uploads\\\/sites\\\/6\\\/2026\\\/03\\\/Tarihi-alan-1.webp\",\"contentUrl\":\"https:\\\/\\\/akunq.net\\\/tr\\\/wp-content\\\/uploads\\\/sites\\\/6\\\/2026\\\/03\\\/Tarihi-alan-1.webp\",\"width\":1280,\"height\":720},{\"@type\":\"BreadcrumbList\",\"@id\":\"https:\\\/\\\/akunq.net\\\/tr\\\/?p=85759#breadcrumb\",\"itemListElement\":[{\"@type\":\"ListItem\",\"position\":1,\"name\":\"Home\",\"item\":\"https:\\\/\\\/akunq.net\\\/tr\"},{\"@type\":\"ListItem\",\"position\":2,\"name\":\"Tarihi alanda sanayi plan\u0131!\"}]},{\"@type\":\"WebSite\",\"@id\":\"https:\\\/\\\/akunq.net\\\/tr\\\/#website\",\"url\":\"https:\\\/\\\/akunq.net\\\/tr\\\/\",\"name\":\"Bati Ermenistan Ve Bati Ermenileri Sorunlari Ara\u015ftirmalar Merkezi\",\"description\":\"\",\"potentialAction\":[{\"@type\":\"SearchAction\",\"target\":{\"@type\":\"EntryPoint\",\"urlTemplate\":\"https:\\\/\\\/akunq.net\\\/tr\\\/?s={search_term_string}\"},\"query-input\":{\"@type\":\"PropertyValueSpecification\",\"valueRequired\":true,\"valueName\":\"search_term_string\"}}],\"inLanguage\":\"en-US\"},{\"@type\":\"Person\",\"@id\":\"https:\\\/\\\/akunq.net\\\/tr\\\/#\\\/schema\\\/person\\\/42a46675f00a8f1e84520e8c56500de3\",\"name\":\"admin\",\"url\":\"https:\\\/\\\/akunq.net\\\/tr\\\/?author=1\"}]}<\/script>\n<!-- \/ Yoast SEO plugin. -->","yoast_head_json":{"title":"Tarihi alanda sanayi plan\u0131! - Bati Ermenistan Ve Bati Ermenileri Sorunlari Ara\u015ftirmalar Merkezi","robots":{"index":"index","follow":"follow","max-snippet":"max-snippet:-1","max-image-preview":"max-image-preview:large","max-video-preview":"max-video-preview:-1"},"canonical":"https:\/\/akunq.net\/tr\/?p=85759","og_locale":"en_US","og_type":"article","og_title":"Tarihi alanda sanayi plan\u0131! - Bati Ermenistan Ve Bati Ermenileri Sorunlari Ara\u015ftirmalar Merkezi","og_description":"Yeni\u015fehir\u2019de planlanan G\u0131da \u0130htisas OSB projesinin yap\u0131lmas\u0131 istenen alanda Bizans d\u00f6nemine ait arkeolojik kal\u0131nt\u0131lar ortaya \u00e7\u0131kt\u0131. B\u00f6lge halk\u0131 projeye tepkili: \u201cTarihi de\u011ferler riske at\u0131l\u0131yor. Bu tablo kar\u015f\u0131s\u0131nda planlar\u0131n yeniden g\u00f6zden ge\u00e7irilmesi gerekiyor.\u201d Bursa Yeni\u015fehir\u2019de kurulmas\u0131 planlanan G\u0131da \u0130htisas Organize Sanayi B\u00f6lgesi\u2019ne (OSB) ili\u015fkin tart\u0131\u015fmalar, proje alan\u0131nda arkeolojik kal\u0131nt\u0131lar\u0131n tespit edilmesiyle yeniden g\u00fcndeme geldi. Bursa K\u00fclt\u00fcr [&hellip;]","og_url":"https:\/\/akunq.net\/tr\/?p=85759","og_site_name":"Bati Ermenistan Ve Bati Ermenileri Sorunlari Ara\u015ftirmalar Merkezi","article_published_time":"2026-03-16T07:53:21+00:00","og_image":[{"width":1280,"height":720,"url":"https:\/\/akunq.net\/tr\/wp-content\/uploads\/sites\/6\/2026\/03\/Tarihi-alan-1.webp","type":"image\/webp"}],"author":"admin","twitter_card":"summary_large_image","twitter_misc":{"Written by":"admin","Est. reading time":"2 minutes"},"schema":{"@context":"https:\/\/schema.org","@graph":[{"@type":"Article","@id":"https:\/\/akunq.net\/tr\/?p=85759#article","isPartOf":{"@id":"https:\/\/akunq.net\/tr\/?p=85759"},"author":{"name":"admin","@id":"https:\/\/akunq.net\/tr\/#\/schema\/person\/42a46675f00a8f1e84520e8c56500de3"},"headline":"Tarihi alanda sanayi plan\u0131!","datePublished":"2026-03-16T07:53:21+00:00","mainEntityOfPage":{"@id":"https:\/\/akunq.net\/tr\/?p=85759"},"wordCount":528,"commentCount":0,"image":{"@id":"https:\/\/akunq.net\/tr\/?p=85759#primaryimage"},"thumbnailUrl":"https:\/\/akunq.net\/tr\/wp-content\/uploads\/sites\/6\/2026\/03\/Tarihi-alan-1.webp","articleSection":["Haberler"],"inLanguage":"en-US","potentialAction":[{"@type":"CommentAction","name":"Comment","target":["https:\/\/akunq.net\/tr\/?p=85759#respond"]}]},{"@type":"WebPage","@id":"https:\/\/akunq.net\/tr\/?p=85759","url":"https:\/\/akunq.net\/tr\/?p=85759","name":"Tarihi alanda sanayi plan\u0131! - Bati Ermenistan Ve Bati Ermenileri Sorunlari Ara\u015ftirmalar Merkezi","isPartOf":{"@id":"https:\/\/akunq.net\/tr\/#website"},"primaryImageOfPage":{"@id":"https:\/\/akunq.net\/tr\/?p=85759#primaryimage"},"image":{"@id":"https:\/\/akunq.net\/tr\/?p=85759#primaryimage"},"thumbnailUrl":"https:\/\/akunq.net\/tr\/wp-content\/uploads\/sites\/6\/2026\/03\/Tarihi-alan-1.webp","datePublished":"2026-03-16T07:53:21+00:00","author":{"@id":"https:\/\/akunq.net\/tr\/#\/schema\/person\/42a46675f00a8f1e84520e8c56500de3"},"breadcrumb":{"@id":"https:\/\/akunq.net\/tr\/?p=85759#breadcrumb"},"inLanguage":"en-US","potentialAction":[{"@type":"ReadAction","target":["https:\/\/akunq.net\/tr\/?p=85759"]}]},{"@type":"ImageObject","inLanguage":"en-US","@id":"https:\/\/akunq.net\/tr\/?p=85759#primaryimage","url":"https:\/\/akunq.net\/tr\/wp-content\/uploads\/sites\/6\/2026\/03\/Tarihi-alan-1.webp","contentUrl":"https:\/\/akunq.net\/tr\/wp-content\/uploads\/sites\/6\/2026\/03\/Tarihi-alan-1.webp","width":1280,"height":720},{"@type":"BreadcrumbList","@id":"https:\/\/akunq.net\/tr\/?p=85759#breadcrumb","itemListElement":[{"@type":"ListItem","position":1,"name":"Home","item":"https:\/\/akunq.net\/tr"},{"@type":"ListItem","position":2,"name":"Tarihi alanda sanayi plan\u0131!"}]},{"@type":"WebSite","@id":"https:\/\/akunq.net\/tr\/#website","url":"https:\/\/akunq.net\/tr\/","name":"Bati Ermenistan Ve Bati Ermenileri Sorunlari Ara\u015ftirmalar Merkezi","description":"","potentialAction":[{"@type":"SearchAction","target":{"@type":"EntryPoint","urlTemplate":"https:\/\/akunq.net\/tr\/?s={search_term_string}"},"query-input":{"@type":"PropertyValueSpecification","valueRequired":true,"valueName":"search_term_string"}}],"inLanguage":"en-US"},{"@type":"Person","@id":"https:\/\/akunq.net\/tr\/#\/schema\/person\/42a46675f00a8f1e84520e8c56500de3","name":"admin","url":"https:\/\/akunq.net\/tr\/?author=1"}]}},"_links":{"self":[{"href":"https:\/\/akunq.net\/tr\/index.php?rest_route=\/wp\/v2\/posts\/85759","targetHints":{"allow":["GET"]}}],"collection":[{"href":"https:\/\/akunq.net\/tr\/index.php?rest_route=\/wp\/v2\/posts"}],"about":[{"href":"https:\/\/akunq.net\/tr\/index.php?rest_route=\/wp\/v2\/types\/post"}],"author":[{"embeddable":true,"href":"https:\/\/akunq.net\/tr\/index.php?rest_route=\/wp\/v2\/users\/1"}],"replies":[{"embeddable":true,"href":"https:\/\/akunq.net\/tr\/index.php?rest_route=%2Fwp%2Fv2%2Fcomments&post=85759"}],"version-history":[{"count":1,"href":"https:\/\/akunq.net\/tr\/index.php?rest_route=\/wp\/v2\/posts\/85759\/revisions"}],"predecessor-version":[{"id":85761,"href":"https:\/\/akunq.net\/tr\/index.php?rest_route=\/wp\/v2\/posts\/85759\/revisions\/85761"}],"wp:featuredmedia":[{"embeddable":true,"href":"https:\/\/akunq.net\/tr\/index.php?rest_route=\/wp\/v2\/media\/85760"}],"wp:attachment":[{"href":"https:\/\/akunq.net\/tr\/index.php?rest_route=%2Fwp%2Fv2%2Fmedia&parent=85759"}],"wp:term":[{"taxonomy":"category","embeddable":true,"href":"https:\/\/akunq.net\/tr\/index.php?rest_route=%2Fwp%2Fv2%2Fcategories&post=85759"},{"taxonomy":"post_tag","embeddable":true,"href":"https:\/\/akunq.net\/tr\/index.php?rest_route=%2Fwp%2Fv2%2Ftags&post=85759"}],"curies":[{"name":"wp","href":"https:\/\/api.w.org\/{rel}","templated":true}]}}