{"id":85756,"date":"2026-03-16T02:43:55","date_gmt":"2026-03-16T07:43:55","guid":{"rendered":"https:\/\/akunq.net\/tr\/?p=85756"},"modified":"2026-03-16T02:43:56","modified_gmt":"2026-03-16T07:43:56","slug":"patrik-masalyan-iskenderun-kilisesinin-restorasyonu-icin-destek-istedi","status":"publish","type":"post","link":"https:\/\/akunq.net\/tr\/?p=85756","title":{"rendered":"Patrik Ma\u015falyan \u0130skenderun Kilisesi\u2019nin restorasyonu i\u00e7in destek istedi"},"content":{"rendered":"\n<p><em><strong>Paskalya \u00f6ncesindeki B\u00fcy\u00fck Oru\u00e7 d\u00f6nemine \u00f6zg\u00fc geleneksel hac ziyaretleri \u00e7er\u00e7evesinde T\u00fcrkiye Ermenileri Patri\u011fi Sahak Ma\u015falyan Anadolu\u2019daki Ermeni kiliselerini ziyaret ediyor.\u00a0Patrik Ma\u015falyan hac gezisi\u00a0 kapsam\u0131nda \u0130skenderun\u2019da Karasun Manuk Ermeni Kilisesi\u2019nin \u2018\u0130sim G\u00fcn\u00fc\u2019nde d\u00fczenlene ayine kat\u0131ld\u0131.\u00a0 6 \u015eubat depremlerinde hasar g\u00f6ren kilise i\u00e7in restorasyon \u00e7al\u0131\u015fmalar\u0131 da s\u00fcr\u00fcyor. K\u00fclt\u00fcr ve Turizm Bakanl\u0131\u011f\u0131 destekte bulunacak ancak restorasyonun tamamlanmas\u0131 i\u00e7in ek meddi deste\u011fe ihtiya\u00e7 var.<\/strong><\/em><\/p>\n\n\n\n<p>14 Mart Cumartesi sabah\u0131 ger\u00e7ekle\u015fen ayine Antakya, \u0130skenderun ve \u00e7evre illerden toplum \u00fcyeleri de kat\u0131ld\u0131. Ayinde sava\u015flar\u0131n sona ermesi ve bar\u0131\u015f i\u00e7in mum yak\u0131p dua edildi.<\/p>\n\n\n\n<p>Patrik Ma\u015falyan\u2019\u0131n riyaset etti\u011fi, \u00dcstrahip&nbsp; Harutyun Damadyan&#8217;\u0131n y\u00f6netti\u011fi ayinde 6 \u015eubat Kahramanmara\u015f merkezli depremde hasar g\u00f6ren \u0130skenderun Karasun Manuk Ermeni Kilisesi\u2019nin yeniden aya\u011fa kald\u0131r\u0131lmas\u0131 i\u00e7in destek ve dua da istendi.<\/p>\n\n\n\n<p>Vaaz\u0131nda, her y\u0131l hac &nbsp;yolculu\u011funda ilk duraklar\u0131n\u0131n Kayseri, ard\u0131ndan \u0130skenderun ve Hatay oldu\u011funu s\u00f6yleyen Patrik Ma\u015falyan, \u201c\u0130nsanlar\u0131 zor bir d\u00f6nem bekliyor. Duam\u0131z o ki; y\u00fcce Allah y\u00f6neticilere bilgelik ruhu versin. Sava\u015flar\u0131 ba\u015flatman\u0131n kolay, ama bitirmenin zor oldu\u011funu onlara g\u00f6stersin\u201d dedi.<\/p>\n\n\n\n<p>Karasun Manuk Ermeni Kilisesinin g\u00fc\u00e7lendirilmesi i\u00e7in sa\u011flanacak desteklere de\u011finen &nbsp;Patrik Ma\u015falyan, \u201cKiliselerimiz bize kutsiyeti an\u0131msat\u0131r; kokusu ve mimarisiyle. \u0130skenderun Karasun Manuk Ermeni Kilisemiz de depremde hasar ald\u0131. \u00c7evresindeki m\u00fc\u015ftemilat\u0131 y\u0131k\u0131ld\u0131 ve kilisemizin i\u00e7indeki horanlar (sunaklar) zarar g\u00f6rd\u00fc. Kilisemizin g\u00fc\u00e7lendirilmesi i\u00e7in Ankara\u2019ya giderek Turizm ve K\u00fclt\u00fcr Bakan\u0131m\u0131zla biraraya geldik. Devletimizin deste\u011fini kilisemiz i\u00e7in istedik. Kendileri de yard\u0131m konusunda bize destek olacaklar\u0131n\u0131 ifade ettiler. Fakat bu destek kilisemizin ihtiya\u00e7lar\u0131n\u0131n yar\u0131s\u0131n\u0131 kar\u015f\u0131lamakta. Geri kalan desteklerimiz \u0130stanbul\u2019daki vak\u0131flar\u0131m\u0131zdan, yurti\u00e7i ve yurtd\u0131\u015f\u0131 kaynaklardan edinece\u011fimiz yard\u0131mlarla sa\u011flanacak\u201d dedi.<\/p>\n\n\n\n<p>T\u00fcrkiye Ermenileri Patri\u011fi Sahak Ma\u015falyan, vaaz\u0131n ard\u0131ndan Anadolu Ermeni Cemaatleri G\u00f6zetmeni ve Hatay Kilisesi Din G\u00f6revlisi Peder Avedis Taba\u015fyan\u2019a peder olmas\u0131n\u0131n 15. y\u0131ld\u00f6n\u00fcm\u00fc dolay\u0131s\u0131yla &nbsp;c\u00fcbbesini takdim etti. Ayinde ayr\u0131ca kilise gen\u00e7lerinden Ohannes Taba\u015f ve Minas Taba\u015f\u2019\u0131n r\u00fctbeleri de y\u00fckseltilerek kilise okuyucular\u0131 ilan edildi.<\/p>\n\n\n\n<p>Ayine T\u00fcrkiye Ermenileri Patri\u011fi Ma\u015falyan\u2019\u0131n yan\u0131s\u0131ra Patrik Vekili K\u0131demli Peder Kirkor Damadyan, Anadolu Papal\u0131k Temsilcisi Mons. Antuan Ilg\u0131t, Ad\u0131yaman ve \u00e7evresi S\u00fcryani Metropoliti Seyitne Melki \u00dcrek, \u0130skenderun Karasun Manuk Ermeni Kilisesi Vakf\u0131 Y\u00f6netim Kurulu Ba\u015fkan\u0131 Yusuf Taba\u015f, \u0130skenderun ve Antakya Ortodoks Kiliseleri Y\u00f6netim Kurulu Ba\u015fkanlar\u0131 Can Teymur ve Fadi Hurigil, \u0130skenderun Rum Ortodoks Kiliseleri Pederi Nicholas Papaso\u011flu, Dimitri Do\u011fum ve kilise cemaati kat\u0131ld\u0131. &nbsp;Ayin ilahilerle son buldu.<\/p>\n\n\n\n<p>Patrik Ma\u015falyan 15 Mart sabah\u0131 da Hatay Vak\u0131fk\u00f6y Ermeni Kililesi\u2019ndeki ayini y\u00f6netti, T\u00fcrkiye\u2019nin tek Ermeni k\u00f6y\u00fcn\u00fcn sakinleriyle biraraya geldi. Patrik Ma\u015falyan bu ziyaretten sonra \u0130stanbul\u2019a d\u00f6necek.<\/p>\n\n\n\n<p>Patrik Ma\u015falyan\u2019a ziyaretinde &nbsp;\u00dcstrahip Hovagim Seropyan, Rahip \u015eirvan M\u00fcrzyan, Rahip Nathan Arabyan da e\u015flik ediyor.<\/p>\n\n\n\n<p><strong><em>(Patrikhane Bas\u0131n B\u00fclteni, ajanslar, Agos)<\/em><\/strong><\/p>\n\n\n\n<p><a href=\"https:\/\/www.agos.com.tr\/tr\/haber\/patrik-masalyan-iskenderun-kilisesinin-restorasyonu-icin-destek-istedi-39819\"><strong><em>https:\/\/www.agos.com.tr\/tr\/haber\/patrik-masalyan-iskenderun-kilisesinin-restorasyonu-icin-destek-istedi-39819<\/em><\/strong><\/a><\/p>\n","protected":false},"excerpt":{"rendered":"<p>Paskalya \u00f6ncesindeki B\u00fcy\u00fck Oru\u00e7 d\u00f6nemine \u00f6zg\u00fc geleneksel hac ziyaretleri \u00e7er\u00e7evesinde T\u00fcrkiye Ermenileri Patri\u011fi Sahak Ma\u015falyan Anadolu\u2019daki Ermeni kiliselerini ziyaret ediyor.\u00a0Patrik Ma\u015falyan hac gezisi\u00a0 kapsam\u0131nda \u0130skenderun\u2019da Karasun Manuk Ermeni Kilisesi\u2019nin \u2018\u0130sim G\u00fcn\u00fc\u2019nde d\u00fczenlene ayine kat\u0131ld\u0131.\u00a0 6 \u015eubat depremlerinde hasar g\u00f6ren kilise i\u00e7in restorasyon \u00e7al\u0131\u015fmalar\u0131 da s\u00fcr\u00fcyor. K\u00fclt\u00fcr ve Turizm Bakanl\u0131\u011f\u0131 destekte bulunacak ancak restorasyonun tamamlanmas\u0131 i\u00e7in [&hellip;]<\/p>\n","protected":false},"author":1,"featured_media":85757,"comment_status":"open","ping_status":"open","sticky":false,"template":"","format":"standard","meta":{"footnotes":""},"categories":[1],"tags":[],"class_list":["post-85756","post","type-post","status-publish","format-standard","has-post-thumbnail","hentry","category-haberler"],"yoast_head":"<!-- This site is optimized with the Yoast SEO plugin v27.4 - https:\/\/yoast.com\/product\/yoast-seo-wordpress\/ -->\n<title>Patrik Ma\u015falyan \u0130skenderun Kilisesi\u2019nin restorasyonu i\u00e7in destek istedi - Bati Ermenistan Ve Bati Ermenileri Sorunlari Ara\u015ftirmalar Merkezi<\/title>\n<meta name=\"robots\" content=\"index, follow, max-snippet:-1, max-image-preview:large, max-video-preview:-1\" \/>\n<link rel=\"canonical\" href=\"https:\/\/akunq.net\/tr\/?p=85756\" \/>\n<meta property=\"og:locale\" content=\"en_US\" \/>\n<meta property=\"og:type\" content=\"article\" \/>\n<meta property=\"og:title\" content=\"Patrik Ma\u015falyan \u0130skenderun Kilisesi\u2019nin restorasyonu i\u00e7in destek istedi - Bati Ermenistan Ve Bati Ermenileri Sorunlari Ara\u015ftirmalar Merkezi\" \/>\n<meta property=\"og:description\" content=\"Paskalya \u00f6ncesindeki B\u00fcy\u00fck Oru\u00e7 d\u00f6nemine \u00f6zg\u00fc geleneksel hac ziyaretleri \u00e7er\u00e7evesinde T\u00fcrkiye Ermenileri Patri\u011fi Sahak Ma\u015falyan Anadolu\u2019daki Ermeni kiliselerini ziyaret ediyor.\u00a0Patrik Ma\u015falyan hac gezisi\u00a0 kapsam\u0131nda \u0130skenderun\u2019da Karasun Manuk Ermeni Kilisesi\u2019nin \u2018\u0130sim G\u00fcn\u00fc\u2019nde d\u00fczenlene ayine kat\u0131ld\u0131.\u00a0 6 \u015eubat depremlerinde hasar g\u00f6ren kilise i\u00e7in restorasyon \u00e7al\u0131\u015fmalar\u0131 da s\u00fcr\u00fcyor. K\u00fclt\u00fcr ve Turizm Bakanl\u0131\u011f\u0131 destekte bulunacak ancak restorasyonun tamamlanmas\u0131 i\u00e7in [&hellip;]\" \/>\n<meta property=\"og:url\" content=\"https:\/\/akunq.net\/tr\/?p=85756\" \/>\n<meta property=\"og:site_name\" content=\"Bati Ermenistan Ve Bati Ermenileri Sorunlari Ara\u015ftirmalar Merkezi\" \/>\n<meta property=\"article:published_time\" content=\"2026-03-16T07:43:55+00:00\" \/>\n<meta property=\"article:modified_time\" content=\"2026-03-16T07:43:56+00:00\" \/>\n<meta property=\"og:image\" content=\"https:\/\/akunq.net\/tr\/wp-content\/uploads\/sites\/6\/2026\/03\/Iskenderun-Kilisesinin-restorasyonu.jpg\" \/>\n\t<meta property=\"og:image:width\" content=\"1200\" \/>\n\t<meta property=\"og:image:height\" content=\"566\" \/>\n\t<meta property=\"og:image:type\" content=\"image\/jpeg\" \/>\n<meta name=\"author\" content=\"admin\" \/>\n<meta name=\"twitter:card\" content=\"summary_large_image\" \/>\n<meta name=\"twitter:label1\" content=\"Written by\" \/>\n\t<meta name=\"twitter:data1\" content=\"admin\" \/>\n\t<meta name=\"twitter:label2\" content=\"Est. reading time\" \/>\n\t<meta name=\"twitter:data2\" content=\"2 minutes\" \/>\n<script type=\"application\/ld+json\" class=\"yoast-schema-graph\">{\"@context\":\"https:\\\/\\\/schema.org\",\"@graph\":[{\"@type\":\"Article\",\"@id\":\"https:\\\/\\\/akunq.net\\\/tr\\\/?p=85756#article\",\"isPartOf\":{\"@id\":\"https:\\\/\\\/akunq.net\\\/tr\\\/?p=85756\"},\"author\":{\"name\":\"admin\",\"@id\":\"https:\\\/\\\/akunq.net\\\/tr\\\/#\\\/schema\\\/person\\\/42a46675f00a8f1e84520e8c56500de3\"},\"headline\":\"Patrik Ma\u015falyan \u0130skenderun Kilisesi\u2019nin restorasyonu i\u00e7in destek istedi\",\"datePublished\":\"2026-03-16T07:43:55+00:00\",\"dateModified\":\"2026-03-16T07:43:56+00:00\",\"mainEntityOfPage\":{\"@id\":\"https:\\\/\\\/akunq.net\\\/tr\\\/?p=85756\"},\"wordCount\":573,\"commentCount\":0,\"image\":{\"@id\":\"https:\\\/\\\/akunq.net\\\/tr\\\/?p=85756#primaryimage\"},\"thumbnailUrl\":\"https:\\\/\\\/akunq.net\\\/tr\\\/wp-content\\\/uploads\\\/sites\\\/6\\\/2026\\\/03\\\/Iskenderun-Kilisesinin-restorasyonu.jpg\",\"articleSection\":[\"Haberler\"],\"inLanguage\":\"en-US\",\"potentialAction\":[{\"@type\":\"CommentAction\",\"name\":\"Comment\",\"target\":[\"https:\\\/\\\/akunq.net\\\/tr\\\/?p=85756#respond\"]}]},{\"@type\":\"WebPage\",\"@id\":\"https:\\\/\\\/akunq.net\\\/tr\\\/?p=85756\",\"url\":\"https:\\\/\\\/akunq.net\\\/tr\\\/?p=85756\",\"name\":\"Patrik Ma\u015falyan \u0130skenderun Kilisesi\u2019nin restorasyonu i\u00e7in destek istedi - Bati Ermenistan Ve Bati Ermenileri Sorunlari Ara\u015ftirmalar Merkezi\",\"isPartOf\":{\"@id\":\"https:\\\/\\\/akunq.net\\\/tr\\\/#website\"},\"primaryImageOfPage\":{\"@id\":\"https:\\\/\\\/akunq.net\\\/tr\\\/?p=85756#primaryimage\"},\"image\":{\"@id\":\"https:\\\/\\\/akunq.net\\\/tr\\\/?p=85756#primaryimage\"},\"thumbnailUrl\":\"https:\\\/\\\/akunq.net\\\/tr\\\/wp-content\\\/uploads\\\/sites\\\/6\\\/2026\\\/03\\\/Iskenderun-Kilisesinin-restorasyonu.jpg\",\"datePublished\":\"2026-03-16T07:43:55+00:00\",\"dateModified\":\"2026-03-16T07:43:56+00:00\",\"author\":{\"@id\":\"https:\\\/\\\/akunq.net\\\/tr\\\/#\\\/schema\\\/person\\\/42a46675f00a8f1e84520e8c56500de3\"},\"breadcrumb\":{\"@id\":\"https:\\\/\\\/akunq.net\\\/tr\\\/?p=85756#breadcrumb\"},\"inLanguage\":\"en-US\",\"potentialAction\":[{\"@type\":\"ReadAction\",\"target\":[\"https:\\\/\\\/akunq.net\\\/tr\\\/?p=85756\"]}]},{\"@type\":\"ImageObject\",\"inLanguage\":\"en-US\",\"@id\":\"https:\\\/\\\/akunq.net\\\/tr\\\/?p=85756#primaryimage\",\"url\":\"https:\\\/\\\/akunq.net\\\/tr\\\/wp-content\\\/uploads\\\/sites\\\/6\\\/2026\\\/03\\\/Iskenderun-Kilisesinin-restorasyonu.jpg\",\"contentUrl\":\"https:\\\/\\\/akunq.net\\\/tr\\\/wp-content\\\/uploads\\\/sites\\\/6\\\/2026\\\/03\\\/Iskenderun-Kilisesinin-restorasyonu.jpg\",\"width\":1200,\"height\":566},{\"@type\":\"BreadcrumbList\",\"@id\":\"https:\\\/\\\/akunq.net\\\/tr\\\/?p=85756#breadcrumb\",\"itemListElement\":[{\"@type\":\"ListItem\",\"position\":1,\"name\":\"Home\",\"item\":\"https:\\\/\\\/akunq.net\\\/tr\"},{\"@type\":\"ListItem\",\"position\":2,\"name\":\"Patrik Ma\u015falyan \u0130skenderun Kilisesi\u2019nin restorasyonu i\u00e7in destek istedi\"}]},{\"@type\":\"WebSite\",\"@id\":\"https:\\\/\\\/akunq.net\\\/tr\\\/#website\",\"url\":\"https:\\\/\\\/akunq.net\\\/tr\\\/\",\"name\":\"Bati Ermenistan Ve Bati Ermenileri Sorunlari Ara\u015ftirmalar Merkezi\",\"description\":\"\",\"potentialAction\":[{\"@type\":\"SearchAction\",\"target\":{\"@type\":\"EntryPoint\",\"urlTemplate\":\"https:\\\/\\\/akunq.net\\\/tr\\\/?s={search_term_string}\"},\"query-input\":{\"@type\":\"PropertyValueSpecification\",\"valueRequired\":true,\"valueName\":\"search_term_string\"}}],\"inLanguage\":\"en-US\"},{\"@type\":\"Person\",\"@id\":\"https:\\\/\\\/akunq.net\\\/tr\\\/#\\\/schema\\\/person\\\/42a46675f00a8f1e84520e8c56500de3\",\"name\":\"admin\",\"url\":\"https:\\\/\\\/akunq.net\\\/tr\\\/?author=1\"}]}<\/script>\n<!-- \/ Yoast SEO plugin. -->","yoast_head_json":{"title":"Patrik Ma\u015falyan \u0130skenderun Kilisesi\u2019nin restorasyonu i\u00e7in destek istedi - Bati Ermenistan Ve Bati Ermenileri Sorunlari Ara\u015ftirmalar Merkezi","robots":{"index":"index","follow":"follow","max-snippet":"max-snippet:-1","max-image-preview":"max-image-preview:large","max-video-preview":"max-video-preview:-1"},"canonical":"https:\/\/akunq.net\/tr\/?p=85756","og_locale":"en_US","og_type":"article","og_title":"Patrik Ma\u015falyan \u0130skenderun Kilisesi\u2019nin restorasyonu i\u00e7in destek istedi - Bati Ermenistan Ve Bati Ermenileri Sorunlari Ara\u015ftirmalar Merkezi","og_description":"Paskalya \u00f6ncesindeki B\u00fcy\u00fck Oru\u00e7 d\u00f6nemine \u00f6zg\u00fc geleneksel hac ziyaretleri \u00e7er\u00e7evesinde T\u00fcrkiye Ermenileri Patri\u011fi Sahak Ma\u015falyan Anadolu\u2019daki Ermeni kiliselerini ziyaret ediyor.\u00a0Patrik Ma\u015falyan hac gezisi\u00a0 kapsam\u0131nda \u0130skenderun\u2019da Karasun Manuk Ermeni Kilisesi\u2019nin \u2018\u0130sim G\u00fcn\u00fc\u2019nde d\u00fczenlene ayine kat\u0131ld\u0131.\u00a0 6 \u015eubat depremlerinde hasar g\u00f6ren kilise i\u00e7in restorasyon \u00e7al\u0131\u015fmalar\u0131 da s\u00fcr\u00fcyor. K\u00fclt\u00fcr ve Turizm Bakanl\u0131\u011f\u0131 destekte bulunacak ancak restorasyonun tamamlanmas\u0131 i\u00e7in [&hellip;]","og_url":"https:\/\/akunq.net\/tr\/?p=85756","og_site_name":"Bati Ermenistan Ve Bati Ermenileri Sorunlari Ara\u015ftirmalar Merkezi","article_published_time":"2026-03-16T07:43:55+00:00","article_modified_time":"2026-03-16T07:43:56+00:00","og_image":[{"width":1200,"height":566,"url":"https:\/\/akunq.net\/tr\/wp-content\/uploads\/sites\/6\/2026\/03\/Iskenderun-Kilisesinin-restorasyonu.jpg","type":"image\/jpeg"}],"author":"admin","twitter_card":"summary_large_image","twitter_misc":{"Written by":"admin","Est. reading time":"2 minutes"},"schema":{"@context":"https:\/\/schema.org","@graph":[{"@type":"Article","@id":"https:\/\/akunq.net\/tr\/?p=85756#article","isPartOf":{"@id":"https:\/\/akunq.net\/tr\/?p=85756"},"author":{"name":"admin","@id":"https:\/\/akunq.net\/tr\/#\/schema\/person\/42a46675f00a8f1e84520e8c56500de3"},"headline":"Patrik Ma\u015falyan \u0130skenderun Kilisesi\u2019nin restorasyonu i\u00e7in destek istedi","datePublished":"2026-03-16T07:43:55+00:00","dateModified":"2026-03-16T07:43:56+00:00","mainEntityOfPage":{"@id":"https:\/\/akunq.net\/tr\/?p=85756"},"wordCount":573,"commentCount":0,"image":{"@id":"https:\/\/akunq.net\/tr\/?p=85756#primaryimage"},"thumbnailUrl":"https:\/\/akunq.net\/tr\/wp-content\/uploads\/sites\/6\/2026\/03\/Iskenderun-Kilisesinin-restorasyonu.jpg","articleSection":["Haberler"],"inLanguage":"en-US","potentialAction":[{"@type":"CommentAction","name":"Comment","target":["https:\/\/akunq.net\/tr\/?p=85756#respond"]}]},{"@type":"WebPage","@id":"https:\/\/akunq.net\/tr\/?p=85756","url":"https:\/\/akunq.net\/tr\/?p=85756","name":"Patrik Ma\u015falyan \u0130skenderun Kilisesi\u2019nin restorasyonu i\u00e7in destek istedi - Bati Ermenistan Ve Bati Ermenileri Sorunlari Ara\u015ftirmalar Merkezi","isPartOf":{"@id":"https:\/\/akunq.net\/tr\/#website"},"primaryImageOfPage":{"@id":"https:\/\/akunq.net\/tr\/?p=85756#primaryimage"},"image":{"@id":"https:\/\/akunq.net\/tr\/?p=85756#primaryimage"},"thumbnailUrl":"https:\/\/akunq.net\/tr\/wp-content\/uploads\/sites\/6\/2026\/03\/Iskenderun-Kilisesinin-restorasyonu.jpg","datePublished":"2026-03-16T07:43:55+00:00","dateModified":"2026-03-16T07:43:56+00:00","author":{"@id":"https:\/\/akunq.net\/tr\/#\/schema\/person\/42a46675f00a8f1e84520e8c56500de3"},"breadcrumb":{"@id":"https:\/\/akunq.net\/tr\/?p=85756#breadcrumb"},"inLanguage":"en-US","potentialAction":[{"@type":"ReadAction","target":["https:\/\/akunq.net\/tr\/?p=85756"]}]},{"@type":"ImageObject","inLanguage":"en-US","@id":"https:\/\/akunq.net\/tr\/?p=85756#primaryimage","url":"https:\/\/akunq.net\/tr\/wp-content\/uploads\/sites\/6\/2026\/03\/Iskenderun-Kilisesinin-restorasyonu.jpg","contentUrl":"https:\/\/akunq.net\/tr\/wp-content\/uploads\/sites\/6\/2026\/03\/Iskenderun-Kilisesinin-restorasyonu.jpg","width":1200,"height":566},{"@type":"BreadcrumbList","@id":"https:\/\/akunq.net\/tr\/?p=85756#breadcrumb","itemListElement":[{"@type":"ListItem","position":1,"name":"Home","item":"https:\/\/akunq.net\/tr"},{"@type":"ListItem","position":2,"name":"Patrik Ma\u015falyan \u0130skenderun Kilisesi\u2019nin restorasyonu i\u00e7in destek istedi"}]},{"@type":"WebSite","@id":"https:\/\/akunq.net\/tr\/#website","url":"https:\/\/akunq.net\/tr\/","name":"Bati Ermenistan Ve Bati Ermenileri Sorunlari Ara\u015ftirmalar Merkezi","description":"","potentialAction":[{"@type":"SearchAction","target":{"@type":"EntryPoint","urlTemplate":"https:\/\/akunq.net\/tr\/?s={search_term_string}"},"query-input":{"@type":"PropertyValueSpecification","valueRequired":true,"valueName":"search_term_string"}}],"inLanguage":"en-US"},{"@type":"Person","@id":"https:\/\/akunq.net\/tr\/#\/schema\/person\/42a46675f00a8f1e84520e8c56500de3","name":"admin","url":"https:\/\/akunq.net\/tr\/?author=1"}]}},"_links":{"self":[{"href":"https:\/\/akunq.net\/tr\/index.php?rest_route=\/wp\/v2\/posts\/85756","targetHints":{"allow":["GET"]}}],"collection":[{"href":"https:\/\/akunq.net\/tr\/index.php?rest_route=\/wp\/v2\/posts"}],"about":[{"href":"https:\/\/akunq.net\/tr\/index.php?rest_route=\/wp\/v2\/types\/post"}],"author":[{"embeddable":true,"href":"https:\/\/akunq.net\/tr\/index.php?rest_route=\/wp\/v2\/users\/1"}],"replies":[{"embeddable":true,"href":"https:\/\/akunq.net\/tr\/index.php?rest_route=%2Fwp%2Fv2%2Fcomments&post=85756"}],"version-history":[{"count":1,"href":"https:\/\/akunq.net\/tr\/index.php?rest_route=\/wp\/v2\/posts\/85756\/revisions"}],"predecessor-version":[{"id":85758,"href":"https:\/\/akunq.net\/tr\/index.php?rest_route=\/wp\/v2\/posts\/85756\/revisions\/85758"}],"wp:featuredmedia":[{"embeddable":true,"href":"https:\/\/akunq.net\/tr\/index.php?rest_route=\/wp\/v2\/media\/85757"}],"wp:attachment":[{"href":"https:\/\/akunq.net\/tr\/index.php?rest_route=%2Fwp%2Fv2%2Fmedia&parent=85756"}],"wp:term":[{"taxonomy":"category","embeddable":true,"href":"https:\/\/akunq.net\/tr\/index.php?rest_route=%2Fwp%2Fv2%2Fcategories&post=85756"},{"taxonomy":"post_tag","embeddable":true,"href":"https:\/\/akunq.net\/tr\/index.php?rest_route=%2Fwp%2Fv2%2Ftags&post=85756"}],"curies":[{"name":"wp","href":"https:\/\/api.w.org\/{rel}","templated":true}]}}