{"id":85750,"date":"2026-03-16T02:11:09","date_gmt":"2026-03-16T07:11:09","guid":{"rendered":"https:\/\/akunq.net\/tr\/?p=85750"},"modified":"2026-03-16T02:11:09","modified_gmt":"2026-03-16T07:11:09","slug":"ermenistan-ve-iran-sinirda-ikinci-kopru-projesi-uzerinde-calisiyor","status":"publish","type":"post","link":"https:\/\/akunq.net\/tr\/?p=85750","title":{"rendered":"Ermenistan ve \u0130ran, s\u0131n\u0131rda ikinci k\u00f6pr\u00fc projesi \u00fczerinde \u00e7al\u0131\u015f\u0131yor"},"content":{"rendered":"\n<p><strong><em>Ermenistan B\u00f6lgesel Y\u00f6netim ve Altyap\u0131 Bakan\u0131 Davit Khudatyan S\u00fcnik b\u00f6lgesine yapt\u0131\u011f\u0131 ziyarette Ba\u015fbakan Nikol Pa\u015finyan ile g\u00f6r\u00fc\u015fmesi s\u0131ras\u0131nda, \u201cErmenistan, \u0130ran\u2019l\u0131 ortaklarla Ermenistan-\u0130ran s\u0131n\u0131r\u0131nda \u0130kinci K\u00f6pr\u00fc projesi \u00fczerinde \u00e7al\u0131\u015f\u0131yor\u201d duyurdu.<\/em><\/strong><\/p>\n\n\n\n<p>Khudatyan, ayr\u0131ca, Kacaran-Agarak 32 km kuzey-g\u00fcney yolu in\u015faat \u00e7al\u0131\u015fmalar\u0131n\u0131 yerinde incelediklerini belirtti.<\/p>\n\n\n\n<p>Pa\u015finyan, Agarak s\u0131n\u0131r kap\u0131s\u0131n\u0131n tamamen yeniden in\u015fa edildi\u011fini ve s\u0131f\u0131rdan yeni bir g\u00fcmr\u00fck noktas\u0131 ile altyap\u0131s\u0131n\u0131n olu\u015fturuldu\u011funu ifade etti.<\/p>\n\n\n\n<p><strong><em>Kaynak:\u00a0<a href=\"https:\/\/ermenihaber.am\/\">Ermeni Haber<\/a><\/em><\/strong><\/p>\n","protected":false},"excerpt":{"rendered":"<p>Ermenistan B\u00f6lgesel Y\u00f6netim ve Altyap\u0131 Bakan\u0131 Davit Khudatyan S\u00fcnik b\u00f6lgesine yapt\u0131\u011f\u0131 ziyarette Ba\u015fbakan Nikol Pa\u015finyan ile g\u00f6r\u00fc\u015fmesi s\u0131ras\u0131nda, \u201cErmenistan, \u0130ran\u2019l\u0131 ortaklarla Ermenistan-\u0130ran s\u0131n\u0131r\u0131nda \u0130kinci K\u00f6pr\u00fc projesi \u00fczerinde \u00e7al\u0131\u015f\u0131yor\u201d duyurdu. Khudatyan, ayr\u0131ca, Kacaran-Agarak 32 km kuzey-g\u00fcney yolu in\u015faat \u00e7al\u0131\u015fmalar\u0131n\u0131 yerinde incelediklerini belirtti. Pa\u015finyan, Agarak s\u0131n\u0131r kap\u0131s\u0131n\u0131n tamamen yeniden in\u015fa edildi\u011fini ve s\u0131f\u0131rdan yeni bir g\u00fcmr\u00fck noktas\u0131 [&hellip;]<\/p>\n","protected":false},"author":1,"featured_media":85751,"comment_status":"open","ping_status":"open","sticky":false,"template":"","format":"standard","meta":{"footnotes":""},"categories":[1],"tags":[],"class_list":["post-85750","post","type-post","status-publish","format-standard","has-post-thumbnail","hentry","category-haberler"],"yoast_head":"<!-- This site is optimized with the Yoast SEO plugin v27.4 - https:\/\/yoast.com\/product\/yoast-seo-wordpress\/ -->\n<title>Ermenistan ve \u0130ran, s\u0131n\u0131rda ikinci k\u00f6pr\u00fc projesi \u00fczerinde \u00e7al\u0131\u015f\u0131yor - Bati Ermenistan Ve Bati Ermenileri Sorunlari Ara\u015ftirmalar Merkezi<\/title>\n<meta name=\"robots\" content=\"index, follow, max-snippet:-1, max-image-preview:large, max-video-preview:-1\" \/>\n<link rel=\"canonical\" href=\"https:\/\/akunq.net\/tr\/?p=85750\" \/>\n<meta property=\"og:locale\" content=\"en_US\" \/>\n<meta property=\"og:type\" content=\"article\" \/>\n<meta property=\"og:title\" content=\"Ermenistan ve \u0130ran, s\u0131n\u0131rda ikinci k\u00f6pr\u00fc projesi \u00fczerinde \u00e7al\u0131\u015f\u0131yor - Bati Ermenistan Ve Bati Ermenileri Sorunlari Ara\u015ftirmalar Merkezi\" \/>\n<meta property=\"og:description\" content=\"Ermenistan B\u00f6lgesel Y\u00f6netim ve Altyap\u0131 Bakan\u0131 Davit Khudatyan S\u00fcnik b\u00f6lgesine yapt\u0131\u011f\u0131 ziyarette Ba\u015fbakan Nikol Pa\u015finyan ile g\u00f6r\u00fc\u015fmesi s\u0131ras\u0131nda, \u201cErmenistan, \u0130ran\u2019l\u0131 ortaklarla Ermenistan-\u0130ran s\u0131n\u0131r\u0131nda \u0130kinci K\u00f6pr\u00fc projesi \u00fczerinde \u00e7al\u0131\u015f\u0131yor\u201d duyurdu. Khudatyan, ayr\u0131ca, Kacaran-Agarak 32 km kuzey-g\u00fcney yolu in\u015faat \u00e7al\u0131\u015fmalar\u0131n\u0131 yerinde incelediklerini belirtti. Pa\u015finyan, Agarak s\u0131n\u0131r kap\u0131s\u0131n\u0131n tamamen yeniden in\u015fa edildi\u011fini ve s\u0131f\u0131rdan yeni bir g\u00fcmr\u00fck noktas\u0131 [&hellip;]\" \/>\n<meta property=\"og:url\" content=\"https:\/\/akunq.net\/tr\/?p=85750\" \/>\n<meta property=\"og:site_name\" content=\"Bati Ermenistan Ve Bati Ermenileri Sorunlari Ara\u015ftirmalar Merkezi\" \/>\n<meta property=\"article:published_time\" content=\"2026-03-16T07:11:09+00:00\" \/>\n<meta property=\"og:image\" content=\"https:\/\/akunq.net\/tr\/wp-content\/uploads\/sites\/6\/2026\/03\/Ermenistan-Iran.png\" \/>\n\t<meta property=\"og:image:width\" content=\"988\" \/>\n\t<meta property=\"og:image:height\" content=\"595\" \/>\n\t<meta property=\"og:image:type\" content=\"image\/png\" \/>\n<meta name=\"author\" content=\"admin\" \/>\n<meta name=\"twitter:card\" content=\"summary_large_image\" \/>\n<meta name=\"twitter:label1\" content=\"Written by\" \/>\n\t<meta name=\"twitter:data1\" content=\"admin\" \/>\n\t<meta name=\"twitter:label2\" content=\"Est. reading time\" \/>\n\t<meta name=\"twitter:data2\" content=\"1 minute\" \/>\n<script type=\"application\/ld+json\" class=\"yoast-schema-graph\">{\"@context\":\"https:\\\/\\\/schema.org\",\"@graph\":[{\"@type\":\"Article\",\"@id\":\"https:\\\/\\\/akunq.net\\\/tr\\\/?p=85750#article\",\"isPartOf\":{\"@id\":\"https:\\\/\\\/akunq.net\\\/tr\\\/?p=85750\"},\"author\":{\"name\":\"admin\",\"@id\":\"https:\\\/\\\/akunq.net\\\/tr\\\/#\\\/schema\\\/person\\\/42a46675f00a8f1e84520e8c56500de3\"},\"headline\":\"Ermenistan ve \u0130ran, s\u0131n\u0131rda ikinci k\u00f6pr\u00fc projesi \u00fczerinde \u00e7al\u0131\u015f\u0131yor\",\"datePublished\":\"2026-03-16T07:11:09+00:00\",\"mainEntityOfPage\":{\"@id\":\"https:\\\/\\\/akunq.net\\\/tr\\\/?p=85750\"},\"wordCount\":114,\"commentCount\":0,\"image\":{\"@id\":\"https:\\\/\\\/akunq.net\\\/tr\\\/?p=85750#primaryimage\"},\"thumbnailUrl\":\"https:\\\/\\\/akunq.net\\\/tr\\\/wp-content\\\/uploads\\\/sites\\\/6\\\/2026\\\/03\\\/Ermenistan-Iran.png\",\"articleSection\":[\"Haberler\"],\"inLanguage\":\"en-US\",\"potentialAction\":[{\"@type\":\"CommentAction\",\"name\":\"Comment\",\"target\":[\"https:\\\/\\\/akunq.net\\\/tr\\\/?p=85750#respond\"]}]},{\"@type\":\"WebPage\",\"@id\":\"https:\\\/\\\/akunq.net\\\/tr\\\/?p=85750\",\"url\":\"https:\\\/\\\/akunq.net\\\/tr\\\/?p=85750\",\"name\":\"Ermenistan ve \u0130ran, s\u0131n\u0131rda ikinci k\u00f6pr\u00fc projesi \u00fczerinde \u00e7al\u0131\u015f\u0131yor - Bati Ermenistan Ve Bati Ermenileri Sorunlari Ara\u015ftirmalar Merkezi\",\"isPartOf\":{\"@id\":\"https:\\\/\\\/akunq.net\\\/tr\\\/#website\"},\"primaryImageOfPage\":{\"@id\":\"https:\\\/\\\/akunq.net\\\/tr\\\/?p=85750#primaryimage\"},\"image\":{\"@id\":\"https:\\\/\\\/akunq.net\\\/tr\\\/?p=85750#primaryimage\"},\"thumbnailUrl\":\"https:\\\/\\\/akunq.net\\\/tr\\\/wp-content\\\/uploads\\\/sites\\\/6\\\/2026\\\/03\\\/Ermenistan-Iran.png\",\"datePublished\":\"2026-03-16T07:11:09+00:00\",\"author\":{\"@id\":\"https:\\\/\\\/akunq.net\\\/tr\\\/#\\\/schema\\\/person\\\/42a46675f00a8f1e84520e8c56500de3\"},\"breadcrumb\":{\"@id\":\"https:\\\/\\\/akunq.net\\\/tr\\\/?p=85750#breadcrumb\"},\"inLanguage\":\"en-US\",\"potentialAction\":[{\"@type\":\"ReadAction\",\"target\":[\"https:\\\/\\\/akunq.net\\\/tr\\\/?p=85750\"]}]},{\"@type\":\"ImageObject\",\"inLanguage\":\"en-US\",\"@id\":\"https:\\\/\\\/akunq.net\\\/tr\\\/?p=85750#primaryimage\",\"url\":\"https:\\\/\\\/akunq.net\\\/tr\\\/wp-content\\\/uploads\\\/sites\\\/6\\\/2026\\\/03\\\/Ermenistan-Iran.png\",\"contentUrl\":\"https:\\\/\\\/akunq.net\\\/tr\\\/wp-content\\\/uploads\\\/sites\\\/6\\\/2026\\\/03\\\/Ermenistan-Iran.png\",\"width\":988,\"height\":595},{\"@type\":\"BreadcrumbList\",\"@id\":\"https:\\\/\\\/akunq.net\\\/tr\\\/?p=85750#breadcrumb\",\"itemListElement\":[{\"@type\":\"ListItem\",\"position\":1,\"name\":\"Home\",\"item\":\"https:\\\/\\\/akunq.net\\\/tr\"},{\"@type\":\"ListItem\",\"position\":2,\"name\":\"Ermenistan ve \u0130ran, s\u0131n\u0131rda ikinci k\u00f6pr\u00fc projesi \u00fczerinde \u00e7al\u0131\u015f\u0131yor\"}]},{\"@type\":\"WebSite\",\"@id\":\"https:\\\/\\\/akunq.net\\\/tr\\\/#website\",\"url\":\"https:\\\/\\\/akunq.net\\\/tr\\\/\",\"name\":\"Bati Ermenistan Ve Bati Ermenileri Sorunlari Ara\u015ftirmalar Merkezi\",\"description\":\"\",\"potentialAction\":[{\"@type\":\"SearchAction\",\"target\":{\"@type\":\"EntryPoint\",\"urlTemplate\":\"https:\\\/\\\/akunq.net\\\/tr\\\/?s={search_term_string}\"},\"query-input\":{\"@type\":\"PropertyValueSpecification\",\"valueRequired\":true,\"valueName\":\"search_term_string\"}}],\"inLanguage\":\"en-US\"},{\"@type\":\"Person\",\"@id\":\"https:\\\/\\\/akunq.net\\\/tr\\\/#\\\/schema\\\/person\\\/42a46675f00a8f1e84520e8c56500de3\",\"name\":\"admin\",\"url\":\"https:\\\/\\\/akunq.net\\\/tr\\\/?author=1\"}]}<\/script>\n<!-- \/ Yoast SEO plugin. -->","yoast_head_json":{"title":"Ermenistan ve \u0130ran, s\u0131n\u0131rda ikinci k\u00f6pr\u00fc projesi \u00fczerinde \u00e7al\u0131\u015f\u0131yor - Bati Ermenistan Ve Bati Ermenileri Sorunlari Ara\u015ftirmalar Merkezi","robots":{"index":"index","follow":"follow","max-snippet":"max-snippet:-1","max-image-preview":"max-image-preview:large","max-video-preview":"max-video-preview:-1"},"canonical":"https:\/\/akunq.net\/tr\/?p=85750","og_locale":"en_US","og_type":"article","og_title":"Ermenistan ve \u0130ran, s\u0131n\u0131rda ikinci k\u00f6pr\u00fc projesi \u00fczerinde \u00e7al\u0131\u015f\u0131yor - Bati Ermenistan Ve Bati Ermenileri Sorunlari Ara\u015ftirmalar Merkezi","og_description":"Ermenistan B\u00f6lgesel Y\u00f6netim ve Altyap\u0131 Bakan\u0131 Davit Khudatyan S\u00fcnik b\u00f6lgesine yapt\u0131\u011f\u0131 ziyarette Ba\u015fbakan Nikol Pa\u015finyan ile g\u00f6r\u00fc\u015fmesi s\u0131ras\u0131nda, \u201cErmenistan, \u0130ran\u2019l\u0131 ortaklarla Ermenistan-\u0130ran s\u0131n\u0131r\u0131nda \u0130kinci K\u00f6pr\u00fc projesi \u00fczerinde \u00e7al\u0131\u015f\u0131yor\u201d duyurdu. Khudatyan, ayr\u0131ca, Kacaran-Agarak 32 km kuzey-g\u00fcney yolu in\u015faat \u00e7al\u0131\u015fmalar\u0131n\u0131 yerinde incelediklerini belirtti. Pa\u015finyan, Agarak s\u0131n\u0131r kap\u0131s\u0131n\u0131n tamamen yeniden in\u015fa edildi\u011fini ve s\u0131f\u0131rdan yeni bir g\u00fcmr\u00fck noktas\u0131 [&hellip;]","og_url":"https:\/\/akunq.net\/tr\/?p=85750","og_site_name":"Bati Ermenistan Ve Bati Ermenileri Sorunlari Ara\u015ftirmalar Merkezi","article_published_time":"2026-03-16T07:11:09+00:00","og_image":[{"width":988,"height":595,"url":"https:\/\/akunq.net\/tr\/wp-content\/uploads\/sites\/6\/2026\/03\/Ermenistan-Iran.png","type":"image\/png"}],"author":"admin","twitter_card":"summary_large_image","twitter_misc":{"Written by":"admin","Est. reading time":"1 minute"},"schema":{"@context":"https:\/\/schema.org","@graph":[{"@type":"Article","@id":"https:\/\/akunq.net\/tr\/?p=85750#article","isPartOf":{"@id":"https:\/\/akunq.net\/tr\/?p=85750"},"author":{"name":"admin","@id":"https:\/\/akunq.net\/tr\/#\/schema\/person\/42a46675f00a8f1e84520e8c56500de3"},"headline":"Ermenistan ve \u0130ran, s\u0131n\u0131rda ikinci k\u00f6pr\u00fc projesi \u00fczerinde \u00e7al\u0131\u015f\u0131yor","datePublished":"2026-03-16T07:11:09+00:00","mainEntityOfPage":{"@id":"https:\/\/akunq.net\/tr\/?p=85750"},"wordCount":114,"commentCount":0,"image":{"@id":"https:\/\/akunq.net\/tr\/?p=85750#primaryimage"},"thumbnailUrl":"https:\/\/akunq.net\/tr\/wp-content\/uploads\/sites\/6\/2026\/03\/Ermenistan-Iran.png","articleSection":["Haberler"],"inLanguage":"en-US","potentialAction":[{"@type":"CommentAction","name":"Comment","target":["https:\/\/akunq.net\/tr\/?p=85750#respond"]}]},{"@type":"WebPage","@id":"https:\/\/akunq.net\/tr\/?p=85750","url":"https:\/\/akunq.net\/tr\/?p=85750","name":"Ermenistan ve \u0130ran, s\u0131n\u0131rda ikinci k\u00f6pr\u00fc projesi \u00fczerinde \u00e7al\u0131\u015f\u0131yor - Bati Ermenistan Ve Bati Ermenileri Sorunlari Ara\u015ftirmalar Merkezi","isPartOf":{"@id":"https:\/\/akunq.net\/tr\/#website"},"primaryImageOfPage":{"@id":"https:\/\/akunq.net\/tr\/?p=85750#primaryimage"},"image":{"@id":"https:\/\/akunq.net\/tr\/?p=85750#primaryimage"},"thumbnailUrl":"https:\/\/akunq.net\/tr\/wp-content\/uploads\/sites\/6\/2026\/03\/Ermenistan-Iran.png","datePublished":"2026-03-16T07:11:09+00:00","author":{"@id":"https:\/\/akunq.net\/tr\/#\/schema\/person\/42a46675f00a8f1e84520e8c56500de3"},"breadcrumb":{"@id":"https:\/\/akunq.net\/tr\/?p=85750#breadcrumb"},"inLanguage":"en-US","potentialAction":[{"@type":"ReadAction","target":["https:\/\/akunq.net\/tr\/?p=85750"]}]},{"@type":"ImageObject","inLanguage":"en-US","@id":"https:\/\/akunq.net\/tr\/?p=85750#primaryimage","url":"https:\/\/akunq.net\/tr\/wp-content\/uploads\/sites\/6\/2026\/03\/Ermenistan-Iran.png","contentUrl":"https:\/\/akunq.net\/tr\/wp-content\/uploads\/sites\/6\/2026\/03\/Ermenistan-Iran.png","width":988,"height":595},{"@type":"BreadcrumbList","@id":"https:\/\/akunq.net\/tr\/?p=85750#breadcrumb","itemListElement":[{"@type":"ListItem","position":1,"name":"Home","item":"https:\/\/akunq.net\/tr"},{"@type":"ListItem","position":2,"name":"Ermenistan ve \u0130ran, s\u0131n\u0131rda ikinci k\u00f6pr\u00fc projesi \u00fczerinde \u00e7al\u0131\u015f\u0131yor"}]},{"@type":"WebSite","@id":"https:\/\/akunq.net\/tr\/#website","url":"https:\/\/akunq.net\/tr\/","name":"Bati Ermenistan Ve Bati Ermenileri Sorunlari Ara\u015ftirmalar Merkezi","description":"","potentialAction":[{"@type":"SearchAction","target":{"@type":"EntryPoint","urlTemplate":"https:\/\/akunq.net\/tr\/?s={search_term_string}"},"query-input":{"@type":"PropertyValueSpecification","valueRequired":true,"valueName":"search_term_string"}}],"inLanguage":"en-US"},{"@type":"Person","@id":"https:\/\/akunq.net\/tr\/#\/schema\/person\/42a46675f00a8f1e84520e8c56500de3","name":"admin","url":"https:\/\/akunq.net\/tr\/?author=1"}]}},"_links":{"self":[{"href":"https:\/\/akunq.net\/tr\/index.php?rest_route=\/wp\/v2\/posts\/85750","targetHints":{"allow":["GET"]}}],"collection":[{"href":"https:\/\/akunq.net\/tr\/index.php?rest_route=\/wp\/v2\/posts"}],"about":[{"href":"https:\/\/akunq.net\/tr\/index.php?rest_route=\/wp\/v2\/types\/post"}],"author":[{"embeddable":true,"href":"https:\/\/akunq.net\/tr\/index.php?rest_route=\/wp\/v2\/users\/1"}],"replies":[{"embeddable":true,"href":"https:\/\/akunq.net\/tr\/index.php?rest_route=%2Fwp%2Fv2%2Fcomments&post=85750"}],"version-history":[{"count":1,"href":"https:\/\/akunq.net\/tr\/index.php?rest_route=\/wp\/v2\/posts\/85750\/revisions"}],"predecessor-version":[{"id":85752,"href":"https:\/\/akunq.net\/tr\/index.php?rest_route=\/wp\/v2\/posts\/85750\/revisions\/85752"}],"wp:featuredmedia":[{"embeddable":true,"href":"https:\/\/akunq.net\/tr\/index.php?rest_route=\/wp\/v2\/media\/85751"}],"wp:attachment":[{"href":"https:\/\/akunq.net\/tr\/index.php?rest_route=%2Fwp%2Fv2%2Fmedia&parent=85750"}],"wp:term":[{"taxonomy":"category","embeddable":true,"href":"https:\/\/akunq.net\/tr\/index.php?rest_route=%2Fwp%2Fv2%2Fcategories&post=85750"},{"taxonomy":"post_tag","embeddable":true,"href":"https:\/\/akunq.net\/tr\/index.php?rest_route=%2Fwp%2Fv2%2Ftags&post=85750"}],"curies":[{"name":"wp","href":"https:\/\/api.w.org\/{rel}","templated":true}]}}