{"id":85746,"date":"2026-03-13T03:15:09","date_gmt":"2026-03-13T08:15:09","guid":{"rendered":"https:\/\/akunq.net\/tr\/?p=85746"},"modified":"2026-03-13T03:15:09","modified_gmt":"2026-03-13T08:15:09","slug":"malatyali-ermeniler-micink-sofrasinda-bulustu","status":"publish","type":"post","link":"https:\/\/akunq.net\/tr\/?p=85746","title":{"rendered":"Malatyal\u0131 Ermeniler &#8216;Mi\u00e7ink Sofras\u0131&#8217;nda Bulu\u015ftu"},"content":{"rendered":"\n<p><strong><em>Malatyal\u0131 Hay\u0131rsever Ermeniler K\u00fclt\u00fcr ve Dayan\u0131\u015fma Derne\u011fi\u00a0(Malatya HayDer)\u00a0geleneksel Mi\u00e7ink Sofras\u0131 bulu\u015fmas\u0131n\u0131 \u0130stanbul Narl\u0131kap\u0131\u2019da bulunan Surp Hovhannes Ermeni Salonunda ger\u00e7ekle\u015ftirdi.\u00a0<\/em><\/strong><\/p>\n\n\n\n<p>Malatya HayDer yeni d\u00f6nem ba\u015fkan\u0131 Nubar Opan&nbsp;<em>(\u00fcstteki foto\u011frafta)<\/em>&nbsp;ve y\u00f6netim kurulunun ev sahipli\u011finde d\u00fczenlenen gecede \u0130stanbul\u2019un farkl\u0131 semtlerinden gelen yakla\u015f\u0131k 200 davetli ayn\u0131 sofrada bulu\u015farak Malatya hat\u0131ralar\u0131n\u0131 tazeledi, geleneklerini yeniden ya\u015fad\u0131.&nbsp;<\/p>\n\n\n\n<p>Mi\u00e7ink<em>&nbsp;(veya micing)<\/em>&nbsp;Ermeni cemaatinin &#8220;B\u00fcy\u00fck Oru\u00e7&#8221;&nbsp;<em>(Arajavor)&nbsp;<\/em>d\u00f6neminin tam ortas\u0131na denk gelen \u00e7ar\u015famba g\u00fcn\u00fc kutlanan, perhiz yemeklerinin (<em>\u00f6zellikle Mi\u00e7ink k\u00f6ftesi)&nbsp;<\/em>yenildi\u011fi ve \u00e7e\u015fitli manilerin s\u00f6ylendi\u011fi geleneksel bir ayin ve oru\u00e7 ortas\u0131 rit\u00fceli. Kelime anlam\u0131 olarak &#8220;orta&#8221; anlam\u0131na geliyor ve perhizin yar\u0131s\u0131n\u0131n tamamland\u0131\u011f\u0131n\u0131 simgeliyor.&nbsp;<\/p>\n\n\n\n<p><img decoding=\"async\" src=\"https:\/\/malatyahaber.com\/fotolar\/haber\/haber-20260312225415-337608.jpg\">Mi\u00e7ing\u2019e kat\u0131lan ara\u015ft\u0131rmac\u0131-yazar Fikri Demirta\u015f izlenimlerini aktar\u0131rken \u201cMalatya Ermenilerinin Mi\u00e7ink gelene\u011finde ise sofran\u0131n ba\u015f tac\u0131, etsiz haz\u0131rlanan \u00f6zel Mi\u00e7ink i\u00e7li k\u00f6ftesidir. Bulgurdan yap\u0131lan bu k\u00f6ftenin i\u00e7i; so\u011fan, tahin, ceviz, maydanoz ve susamla haz\u0131rlan\u0131r. B\u00fcy\u00fck Oru\u00e7\u2019a uygun olarak tamamen hayvansal g\u0131dadan ar\u0131nd\u0131r\u0131lm\u0131\u015ft\u0131r. Bu k\u00f6ftelerin en dikkat \u00e7ekici y\u00f6n\u00fc ise i\u00e7lerinden birine gizlenen k\u00fc\u00e7\u00fck bir \u201c\u015fans paras\u0131\u201dd\u0131r. Ailedeki ki\u015fi say\u0131s\u0131 kadar haz\u0131rlanan k\u00f6ftelerden paran\u0131n \u00e7\u0131kt\u0131\u011f\u0131 ki\u015fi, o y\u0131l\u0131n \u015fansl\u0131s\u0131 kabul edilir ve iyi dileklerle kutlan\u0131r. Bu gelenek, yaln\u0131zca bir oyun de\u011fil; umut, bereket ve payla\u015f\u0131m\u0131n sembol\u00fcd\u00fcr.\u201d ifadelerini kulland\u0131.&nbsp;<\/p>\n\n\n\n<p><strong>Daha fazlas\u0131n\u0131 ke\u015ffedin<\/strong><\/p>\n\n\n\n<p>Malatya<strong><\/strong><\/p>\n\n\n\n<p>gazeteden<strong><\/strong><\/p>\n\n\n\n<p>Spor giyim<strong><\/strong><\/p>\n\n\n\n<p>Kat\u0131l\u0131mc\u0131lar\u0131n Mi\u00e7ink bulu\u015fmas\u0131nda Malatya sohbeti ettiklerini aktaran Demirta\u015f, hem\u015ferilerimizin T\u00fcrk, K\u00fcrt, Alevi, S\u00fcnni fark etmeksizin kom\u015fular\u0131yla payla\u015ft\u0131klar\u0131 bayramlar\u0131, beraber e\u011flenilen d\u00fc\u011f\u00fcnleri, g\u00fcndelik hayat\u0131n s\u0131cak kom\u015fuluk ili\u015fkilerini and\u0131klar\u0131n\u0131 aktard\u0131.&nbsp;<\/p>\n\n\n\n<p><img decoding=\"async\" src=\"https:\/\/malatyahaber.com\/fotolar\/haber\/haber-20260312225435-278278.jpg\">6 \u015eubat\u2019\u0131n ac\u0131s\u0131n\u0131n bulu\u015fmada dillendirildi\u011fini belirten Demirta\u015f \u015f\u00f6yle devam etti:&nbsp;<\/p>\n\n\n\n<p>\u201cO depremde sadece evler de\u011fil, nice hat\u0131ra da enkaz alt\u0131nda kalm\u0131\u015ft\u0131. Atalar\u0131n\u0131n ya\u015fad\u0131\u011f\u0131 evlerin, \u00e7ocukluklar\u0131n\u0131n ge\u00e7ti\u011fi sokaklar\u0131n, kom\u015fular\u0131yla birlikte b\u00fcy\u00fctt\u00fckleri mahallelerin y\u0131k\u0131l\u0131\u015f\u0131n\u0131 anlat\u0131rken sesler titredi. Her biri, Malatya\u2019da kalan bir kap\u0131n\u0131n, bir avlunun, bir dut a\u011fac\u0131n\u0131n hat\u0131ras\u0131n\u0131 y\u00fcre\u011finde ta\u015f\u0131yordu. Sohbetlerde Asbuzu ba\u011flar\u0131, k\u00f6yler ve dereler bir bir an\u0131ld\u0131: Derme suyu, Kernek, Bab\u0131ktu, \u00c7avu\u015fo\u011flu Mahallesi\u2026 \u015eehrin kadim haf\u0131zas\u0131n\u0131 ta\u015f\u0131yan Ta\u015fhoran \u2013 \u00dc\u00e7 Horan Kilisesi ve Venk \u015eapeli de konu\u015fmalarda sayg\u0131yla yad edildi.<\/p>\n\n\n\n<p>S\u00f6z d\u00f6n\u00fcp dola\u015f\u0131p yine Malatya\u2019n\u0131n bereketine geldi.<\/p>\n\n\n\n<figure class=\"wp-block-image\"><img decoding=\"async\" src=\"https:\/\/malatyahaber.com\/fotolar\/haber\/haber-20260312225454-334429.jpg\" alt=\"\"\/><\/figure>\n\n\n\n<p>Kunduru bu\u011fday\u0131, kay\u0131s\u0131 bah\u00e7eleri, elma, k\u0131z\u0131lc\u0131k, \u015feftali ve armut a\u011fa\u00e7lar\u0131; Orduzu ile \u00c7armuzu\u2019nun dillere destan nahnalar\u0131 hat\u0131rland\u0131. Nahna k\u00f6ftesi, kiraz yapra\u011f\u0131 k\u00f6ftesi ve anal\u0131 k\u0131zl\u0131 gibi y\u00f6resel lezzetler sohbetlerin vazge\u00e7ilmez konusu oldu.<\/p>\n\n\n\n<p>Ayr\u0131ca ge\u00e7mi\u015fte Malatya\u2019da Ermeni ustalar\u0131n; yemenicilikten bak\u0131rc\u0131l\u0131\u011fa, kuyumculuktan ta\u015f ustal\u0131\u011f\u0131na kadar bir\u00e7ok zanaatta T\u00fcrk ve K\u00fcrt \u00e7\u0131raklar yeti\u015ftirerek \u015fehir ekonomisine katt\u0131klar\u0131 de\u011fer de gururla hat\u0131rland\u0131. Bu anlat\u0131lar, Malatya\u2019n\u0131n sadece bir \u015fehir de\u011fil; ortak eme\u011fin, birlikte ya\u015faman\u0131n ve payla\u015f\u0131lan k\u00fclt\u00fcr\u00fcn birikimi oldu\u011funu bir kez daha hat\u0131rlatt\u0131.\u201d<\/p>\n\n\n\n<p>Malatyal\u0131 din adam\u0131 Zakar Kopar\u2019\u0131n okudu\u011fu Ermenice duayla ba\u015flayan gecede ba\u015fkan Opar ve y\u00f6neticiler tek tek misafirlerle sohbet etti; foto\u011fraf \u00e7ektirdi.<\/p>\n\n\n\n<p>Etkinlik ile ilgili di\u011fer ayr\u0131nt\u0131 ve foto\u011fraflara a\u015fa\u011f\u0131daki linkten ula\u015fabilirsiniz:<\/p>\n\n\n\n<p><a href=\"https:\/\/fikridemirtas44.blogspot.com\/2026\/03\/malatyal-ermenilerin-kadim-sofras.html\"><em>https:\/\/fikridemirtas44.blogspot.com\/2026\/03\/malatyal-ermenilerin-kadim-sofras.html<\/em><\/a><\/p>\n\n\n\n<p><em><strong>Fikri DEM\u0130RTA\u015e<\/strong><\/em><\/p>\n\n\n\n<p><a href=\"https:\/\/malatyahaber.com\/haber\/malatyal-ermeniler-micink-sofrasnda-bulustu\"><strong><em>https:\/\/malatyahaber.com\/haber\/malatyal-ermeniler-micink-sofrasnda-bulustu<\/em><\/strong><\/a><\/p>\n","protected":false},"excerpt":{"rendered":"<p>Malatyal\u0131 Hay\u0131rsever Ermeniler K\u00fclt\u00fcr ve Dayan\u0131\u015fma Derne\u011fi\u00a0(Malatya HayDer)\u00a0geleneksel Mi\u00e7ink Sofras\u0131 bulu\u015fmas\u0131n\u0131 \u0130stanbul Narl\u0131kap\u0131\u2019da bulunan Surp Hovhannes Ermeni Salonunda ger\u00e7ekle\u015ftirdi.\u00a0 Malatya HayDer yeni d\u00f6nem ba\u015fkan\u0131 Nubar Opan&nbsp;(\u00fcstteki foto\u011frafta)&nbsp;ve y\u00f6netim kurulunun ev sahipli\u011finde d\u00fczenlenen gecede \u0130stanbul\u2019un farkl\u0131 semtlerinden gelen yakla\u015f\u0131k 200 davetli ayn\u0131 sofrada bulu\u015farak Malatya hat\u0131ralar\u0131n\u0131 tazeledi, geleneklerini yeniden ya\u015fad\u0131.&nbsp; Mi\u00e7ink&nbsp;(veya micing)&nbsp;Ermeni cemaatinin &#8220;B\u00fcy\u00fck Oru\u00e7&#8221;&nbsp;(Arajavor)&nbsp;d\u00f6neminin tam [&hellip;]<\/p>\n","protected":false},"author":1,"featured_media":85747,"comment_status":"open","ping_status":"open","sticky":false,"template":"","format":"standard","meta":{"footnotes":""},"categories":[21,1],"tags":[],"class_list":["post-85746","post","type-post","status-publish","format-standard","has-post-thumbnail","hentry","category-gunumuzde-bati-ermenileri","category-haberler"],"yoast_head":"<!-- This site is optimized with the Yoast SEO plugin v27.4 - https:\/\/yoast.com\/product\/yoast-seo-wordpress\/ -->\n<title>Malatyal\u0131 Ermeniler &#039;Mi\u00e7ink Sofras\u0131&#039;nda Bulu\u015ftu - Bati Ermenistan Ve Bati Ermenileri Sorunlari Ara\u015ftirmalar Merkezi<\/title>\n<meta name=\"robots\" content=\"index, follow, max-snippet:-1, max-image-preview:large, max-video-preview:-1\" \/>\n<link rel=\"canonical\" href=\"https:\/\/akunq.net\/tr\/?p=85746\" \/>\n<meta property=\"og:locale\" content=\"en_US\" \/>\n<meta property=\"og:type\" content=\"article\" \/>\n<meta property=\"og:title\" content=\"Malatyal\u0131 Ermeniler &#039;Mi\u00e7ink Sofras\u0131&#039;nda Bulu\u015ftu - Bati Ermenistan Ve Bati Ermenileri Sorunlari Ara\u015ftirmalar Merkezi\" \/>\n<meta property=\"og:description\" content=\"Malatyal\u0131 Hay\u0131rsever Ermeniler K\u00fclt\u00fcr ve Dayan\u0131\u015fma Derne\u011fi\u00a0(Malatya HayDer)\u00a0geleneksel Mi\u00e7ink Sofras\u0131 bulu\u015fmas\u0131n\u0131 \u0130stanbul Narl\u0131kap\u0131\u2019da bulunan Surp Hovhannes Ermeni Salonunda ger\u00e7ekle\u015ftirdi.\u00a0 Malatya HayDer yeni d\u00f6nem ba\u015fkan\u0131 Nubar Opan&nbsp;(\u00fcstteki foto\u011frafta)&nbsp;ve y\u00f6netim kurulunun ev sahipli\u011finde d\u00fczenlenen gecede \u0130stanbul\u2019un farkl\u0131 semtlerinden gelen yakla\u015f\u0131k 200 davetli ayn\u0131 sofrada bulu\u015farak Malatya hat\u0131ralar\u0131n\u0131 tazeledi, geleneklerini yeniden ya\u015fad\u0131.&nbsp; Mi\u00e7ink&nbsp;(veya micing)&nbsp;Ermeni cemaatinin &#8220;B\u00fcy\u00fck Oru\u00e7&#8221;&nbsp;(Arajavor)&nbsp;d\u00f6neminin tam [&hellip;]\" \/>\n<meta property=\"og:url\" content=\"https:\/\/akunq.net\/tr\/?p=85746\" \/>\n<meta property=\"og:site_name\" content=\"Bati Ermenistan Ve Bati Ermenileri Sorunlari Ara\u015ftirmalar Merkezi\" \/>\n<meta property=\"article:published_time\" content=\"2026-03-13T08:15:09+00:00\" \/>\n<meta property=\"og:image\" content=\"https:\/\/akunq.net\/tr\/wp-content\/uploads\/sites\/6\/2026\/03\/Malatyali-Ermeniler.jpg\" \/>\n\t<meta property=\"og:image:width\" content=\"990\" \/>\n\t<meta property=\"og:image:height\" content=\"560\" \/>\n\t<meta property=\"og:image:type\" content=\"image\/jpeg\" \/>\n<meta name=\"author\" content=\"admin\" \/>\n<meta name=\"twitter:card\" content=\"summary_large_image\" \/>\n<meta name=\"twitter:label1\" content=\"Written by\" \/>\n\t<meta name=\"twitter:data1\" content=\"admin\" \/>\n\t<meta name=\"twitter:label2\" content=\"Est. reading time\" \/>\n\t<meta name=\"twitter:data2\" content=\"3 minutes\" \/>\n<script type=\"application\/ld+json\" class=\"yoast-schema-graph\">{\"@context\":\"https:\\\/\\\/schema.org\",\"@graph\":[{\"@type\":\"Article\",\"@id\":\"https:\\\/\\\/akunq.net\\\/tr\\\/?p=85746#article\",\"isPartOf\":{\"@id\":\"https:\\\/\\\/akunq.net\\\/tr\\\/?p=85746\"},\"author\":{\"name\":\"admin\",\"@id\":\"https:\\\/\\\/akunq.net\\\/tr\\\/#\\\/schema\\\/person\\\/42a46675f00a8f1e84520e8c56500de3\"},\"headline\":\"Malatyal\u0131 Ermeniler &#8216;Mi\u00e7ink Sofras\u0131&#8217;nda Bulu\u015ftu\",\"datePublished\":\"2026-03-13T08:15:09+00:00\",\"mainEntityOfPage\":{\"@id\":\"https:\\\/\\\/akunq.net\\\/tr\\\/?p=85746\"},\"wordCount\":676,\"commentCount\":0,\"image\":{\"@id\":\"https:\\\/\\\/akunq.net\\\/tr\\\/?p=85746#primaryimage\"},\"thumbnailUrl\":\"https:\\\/\\\/akunq.net\\\/tr\\\/wp-content\\\/uploads\\\/sites\\\/6\\\/2026\\\/03\\\/Malatyali-Ermeniler.jpg\",\"articleSection\":[\"G\u00fcn\u00fcm\u00fczde Bat\u0131 Ermenileri\",\"Haberler\"],\"inLanguage\":\"en-US\",\"potentialAction\":[{\"@type\":\"CommentAction\",\"name\":\"Comment\",\"target\":[\"https:\\\/\\\/akunq.net\\\/tr\\\/?p=85746#respond\"]}]},{\"@type\":\"WebPage\",\"@id\":\"https:\\\/\\\/akunq.net\\\/tr\\\/?p=85746\",\"url\":\"https:\\\/\\\/akunq.net\\\/tr\\\/?p=85746\",\"name\":\"Malatyal\u0131 Ermeniler 'Mi\u00e7ink Sofras\u0131'nda Bulu\u015ftu - Bati Ermenistan Ve Bati Ermenileri Sorunlari Ara\u015ftirmalar Merkezi\",\"isPartOf\":{\"@id\":\"https:\\\/\\\/akunq.net\\\/tr\\\/#website\"},\"primaryImageOfPage\":{\"@id\":\"https:\\\/\\\/akunq.net\\\/tr\\\/?p=85746#primaryimage\"},\"image\":{\"@id\":\"https:\\\/\\\/akunq.net\\\/tr\\\/?p=85746#primaryimage\"},\"thumbnailUrl\":\"https:\\\/\\\/akunq.net\\\/tr\\\/wp-content\\\/uploads\\\/sites\\\/6\\\/2026\\\/03\\\/Malatyali-Ermeniler.jpg\",\"datePublished\":\"2026-03-13T08:15:09+00:00\",\"author\":{\"@id\":\"https:\\\/\\\/akunq.net\\\/tr\\\/#\\\/schema\\\/person\\\/42a46675f00a8f1e84520e8c56500de3\"},\"breadcrumb\":{\"@id\":\"https:\\\/\\\/akunq.net\\\/tr\\\/?p=85746#breadcrumb\"},\"inLanguage\":\"en-US\",\"potentialAction\":[{\"@type\":\"ReadAction\",\"target\":[\"https:\\\/\\\/akunq.net\\\/tr\\\/?p=85746\"]}]},{\"@type\":\"ImageObject\",\"inLanguage\":\"en-US\",\"@id\":\"https:\\\/\\\/akunq.net\\\/tr\\\/?p=85746#primaryimage\",\"url\":\"https:\\\/\\\/akunq.net\\\/tr\\\/wp-content\\\/uploads\\\/sites\\\/6\\\/2026\\\/03\\\/Malatyali-Ermeniler.jpg\",\"contentUrl\":\"https:\\\/\\\/akunq.net\\\/tr\\\/wp-content\\\/uploads\\\/sites\\\/6\\\/2026\\\/03\\\/Malatyali-Ermeniler.jpg\",\"width\":990,\"height\":560},{\"@type\":\"BreadcrumbList\",\"@id\":\"https:\\\/\\\/akunq.net\\\/tr\\\/?p=85746#breadcrumb\",\"itemListElement\":[{\"@type\":\"ListItem\",\"position\":1,\"name\":\"Home\",\"item\":\"https:\\\/\\\/akunq.net\\\/tr\"},{\"@type\":\"ListItem\",\"position\":2,\"name\":\"Malatyal\u0131 Ermeniler &#8216;Mi\u00e7ink Sofras\u0131&#8217;nda Bulu\u015ftu\"}]},{\"@type\":\"WebSite\",\"@id\":\"https:\\\/\\\/akunq.net\\\/tr\\\/#website\",\"url\":\"https:\\\/\\\/akunq.net\\\/tr\\\/\",\"name\":\"Bati Ermenistan Ve Bati Ermenileri Sorunlari Ara\u015ftirmalar Merkezi\",\"description\":\"\",\"potentialAction\":[{\"@type\":\"SearchAction\",\"target\":{\"@type\":\"EntryPoint\",\"urlTemplate\":\"https:\\\/\\\/akunq.net\\\/tr\\\/?s={search_term_string}\"},\"query-input\":{\"@type\":\"PropertyValueSpecification\",\"valueRequired\":true,\"valueName\":\"search_term_string\"}}],\"inLanguage\":\"en-US\"},{\"@type\":\"Person\",\"@id\":\"https:\\\/\\\/akunq.net\\\/tr\\\/#\\\/schema\\\/person\\\/42a46675f00a8f1e84520e8c56500de3\",\"name\":\"admin\",\"url\":\"https:\\\/\\\/akunq.net\\\/tr\\\/?author=1\"}]}<\/script>\n<!-- \/ Yoast SEO plugin. -->","yoast_head_json":{"title":"Malatyal\u0131 Ermeniler 'Mi\u00e7ink Sofras\u0131'nda Bulu\u015ftu - Bati Ermenistan Ve Bati Ermenileri Sorunlari Ara\u015ftirmalar Merkezi","robots":{"index":"index","follow":"follow","max-snippet":"max-snippet:-1","max-image-preview":"max-image-preview:large","max-video-preview":"max-video-preview:-1"},"canonical":"https:\/\/akunq.net\/tr\/?p=85746","og_locale":"en_US","og_type":"article","og_title":"Malatyal\u0131 Ermeniler 'Mi\u00e7ink Sofras\u0131'nda Bulu\u015ftu - Bati Ermenistan Ve Bati Ermenileri Sorunlari Ara\u015ftirmalar Merkezi","og_description":"Malatyal\u0131 Hay\u0131rsever Ermeniler K\u00fclt\u00fcr ve Dayan\u0131\u015fma Derne\u011fi\u00a0(Malatya HayDer)\u00a0geleneksel Mi\u00e7ink Sofras\u0131 bulu\u015fmas\u0131n\u0131 \u0130stanbul Narl\u0131kap\u0131\u2019da bulunan Surp Hovhannes Ermeni Salonunda ger\u00e7ekle\u015ftirdi.\u00a0 Malatya HayDer yeni d\u00f6nem ba\u015fkan\u0131 Nubar Opan&nbsp;(\u00fcstteki foto\u011frafta)&nbsp;ve y\u00f6netim kurulunun ev sahipli\u011finde d\u00fczenlenen gecede \u0130stanbul\u2019un farkl\u0131 semtlerinden gelen yakla\u015f\u0131k 200 davetli ayn\u0131 sofrada bulu\u015farak Malatya hat\u0131ralar\u0131n\u0131 tazeledi, geleneklerini yeniden ya\u015fad\u0131.&nbsp; Mi\u00e7ink&nbsp;(veya micing)&nbsp;Ermeni cemaatinin &#8220;B\u00fcy\u00fck Oru\u00e7&#8221;&nbsp;(Arajavor)&nbsp;d\u00f6neminin tam [&hellip;]","og_url":"https:\/\/akunq.net\/tr\/?p=85746","og_site_name":"Bati Ermenistan Ve Bati Ermenileri Sorunlari Ara\u015ftirmalar Merkezi","article_published_time":"2026-03-13T08:15:09+00:00","og_image":[{"width":990,"height":560,"url":"https:\/\/akunq.net\/tr\/wp-content\/uploads\/sites\/6\/2026\/03\/Malatyali-Ermeniler.jpg","type":"image\/jpeg"}],"author":"admin","twitter_card":"summary_large_image","twitter_misc":{"Written by":"admin","Est. reading time":"3 minutes"},"schema":{"@context":"https:\/\/schema.org","@graph":[{"@type":"Article","@id":"https:\/\/akunq.net\/tr\/?p=85746#article","isPartOf":{"@id":"https:\/\/akunq.net\/tr\/?p=85746"},"author":{"name":"admin","@id":"https:\/\/akunq.net\/tr\/#\/schema\/person\/42a46675f00a8f1e84520e8c56500de3"},"headline":"Malatyal\u0131 Ermeniler &#8216;Mi\u00e7ink Sofras\u0131&#8217;nda Bulu\u015ftu","datePublished":"2026-03-13T08:15:09+00:00","mainEntityOfPage":{"@id":"https:\/\/akunq.net\/tr\/?p=85746"},"wordCount":676,"commentCount":0,"image":{"@id":"https:\/\/akunq.net\/tr\/?p=85746#primaryimage"},"thumbnailUrl":"https:\/\/akunq.net\/tr\/wp-content\/uploads\/sites\/6\/2026\/03\/Malatyali-Ermeniler.jpg","articleSection":["G\u00fcn\u00fcm\u00fczde Bat\u0131 Ermenileri","Haberler"],"inLanguage":"en-US","potentialAction":[{"@type":"CommentAction","name":"Comment","target":["https:\/\/akunq.net\/tr\/?p=85746#respond"]}]},{"@type":"WebPage","@id":"https:\/\/akunq.net\/tr\/?p=85746","url":"https:\/\/akunq.net\/tr\/?p=85746","name":"Malatyal\u0131 Ermeniler 'Mi\u00e7ink Sofras\u0131'nda Bulu\u015ftu - Bati Ermenistan Ve Bati Ermenileri Sorunlari Ara\u015ftirmalar Merkezi","isPartOf":{"@id":"https:\/\/akunq.net\/tr\/#website"},"primaryImageOfPage":{"@id":"https:\/\/akunq.net\/tr\/?p=85746#primaryimage"},"image":{"@id":"https:\/\/akunq.net\/tr\/?p=85746#primaryimage"},"thumbnailUrl":"https:\/\/akunq.net\/tr\/wp-content\/uploads\/sites\/6\/2026\/03\/Malatyali-Ermeniler.jpg","datePublished":"2026-03-13T08:15:09+00:00","author":{"@id":"https:\/\/akunq.net\/tr\/#\/schema\/person\/42a46675f00a8f1e84520e8c56500de3"},"breadcrumb":{"@id":"https:\/\/akunq.net\/tr\/?p=85746#breadcrumb"},"inLanguage":"en-US","potentialAction":[{"@type":"ReadAction","target":["https:\/\/akunq.net\/tr\/?p=85746"]}]},{"@type":"ImageObject","inLanguage":"en-US","@id":"https:\/\/akunq.net\/tr\/?p=85746#primaryimage","url":"https:\/\/akunq.net\/tr\/wp-content\/uploads\/sites\/6\/2026\/03\/Malatyali-Ermeniler.jpg","contentUrl":"https:\/\/akunq.net\/tr\/wp-content\/uploads\/sites\/6\/2026\/03\/Malatyali-Ermeniler.jpg","width":990,"height":560},{"@type":"BreadcrumbList","@id":"https:\/\/akunq.net\/tr\/?p=85746#breadcrumb","itemListElement":[{"@type":"ListItem","position":1,"name":"Home","item":"https:\/\/akunq.net\/tr"},{"@type":"ListItem","position":2,"name":"Malatyal\u0131 Ermeniler &#8216;Mi\u00e7ink Sofras\u0131&#8217;nda Bulu\u015ftu"}]},{"@type":"WebSite","@id":"https:\/\/akunq.net\/tr\/#website","url":"https:\/\/akunq.net\/tr\/","name":"Bati Ermenistan Ve Bati Ermenileri Sorunlari Ara\u015ftirmalar Merkezi","description":"","potentialAction":[{"@type":"SearchAction","target":{"@type":"EntryPoint","urlTemplate":"https:\/\/akunq.net\/tr\/?s={search_term_string}"},"query-input":{"@type":"PropertyValueSpecification","valueRequired":true,"valueName":"search_term_string"}}],"inLanguage":"en-US"},{"@type":"Person","@id":"https:\/\/akunq.net\/tr\/#\/schema\/person\/42a46675f00a8f1e84520e8c56500de3","name":"admin","url":"https:\/\/akunq.net\/tr\/?author=1"}]}},"_links":{"self":[{"href":"https:\/\/akunq.net\/tr\/index.php?rest_route=\/wp\/v2\/posts\/85746","targetHints":{"allow":["GET"]}}],"collection":[{"href":"https:\/\/akunq.net\/tr\/index.php?rest_route=\/wp\/v2\/posts"}],"about":[{"href":"https:\/\/akunq.net\/tr\/index.php?rest_route=\/wp\/v2\/types\/post"}],"author":[{"embeddable":true,"href":"https:\/\/akunq.net\/tr\/index.php?rest_route=\/wp\/v2\/users\/1"}],"replies":[{"embeddable":true,"href":"https:\/\/akunq.net\/tr\/index.php?rest_route=%2Fwp%2Fv2%2Fcomments&post=85746"}],"version-history":[{"count":1,"href":"https:\/\/akunq.net\/tr\/index.php?rest_route=\/wp\/v2\/posts\/85746\/revisions"}],"predecessor-version":[{"id":85748,"href":"https:\/\/akunq.net\/tr\/index.php?rest_route=\/wp\/v2\/posts\/85746\/revisions\/85748"}],"wp:featuredmedia":[{"embeddable":true,"href":"https:\/\/akunq.net\/tr\/index.php?rest_route=\/wp\/v2\/media\/85747"}],"wp:attachment":[{"href":"https:\/\/akunq.net\/tr\/index.php?rest_route=%2Fwp%2Fv2%2Fmedia&parent=85746"}],"wp:term":[{"taxonomy":"category","embeddable":true,"href":"https:\/\/akunq.net\/tr\/index.php?rest_route=%2Fwp%2Fv2%2Fcategories&post=85746"},{"taxonomy":"post_tag","embeddable":true,"href":"https:\/\/akunq.net\/tr\/index.php?rest_route=%2Fwp%2Fv2%2Ftags&post=85746"}],"curies":[{"name":"wp","href":"https:\/\/api.w.org\/{rel}","templated":true}]}}