{"id":85740,"date":"2026-03-13T02:48:52","date_gmt":"2026-03-13T07:48:52","guid":{"rendered":"https:\/\/akunq.net\/tr\/?p=85740"},"modified":"2026-03-13T02:48:52","modified_gmt":"2026-03-13T07:48:52","slug":"giritten-oteye-gecen-yalniz-insanlar-degil-hafizadir","status":"publish","type":"post","link":"https:\/\/akunq.net\/tr\/?p=85740","title":{"rendered":"Girit\u2019ten \u00f6teye ge\u00e7en yaln\u0131z insanlar de\u011fil, haf\u0131zad\u0131r"},"content":{"rendered":"\n<p><strong><em>Mediha Selda Avc\u0131, Remzi Kitabevi taraf\u0131ndan yay\u0131mlanan bu ilk roman\u0131nda, g\u00f6\u00e7\u00fcn yaln\u0131zca topra\u011f\u0131 de\u011fil, insan\u0131n kalbini, evini ve belle\u011fini de yerinden etti\u011fini anlat\u0131yor.<\/em><\/strong><\/p>\n\n\n\n<p>Baz\u0131 romanlar vard\u0131r; daha ilk sayfalarda okura yaln\u0131zca bir hik\u00e2ye de\u011fil, bir evin i\u00e7ini, bir d\u00f6nemin ruhunu, bir ailenin ta\u015f\u0131d\u0131\u011f\u0131 g\u00f6r\u00fcnmez y\u00fck\u00fc de duyurur. Mediha Selda Avc\u0131\u2019n\u0131n Hayat\u0131n R\u00fczg\u00e2r\u0131nda Bulu\u015fmak: Girit\u2019ten \u00d6teye\u2026 adl\u0131 roman\u0131 b\u00f6yle a\u00e7\u0131l\u0131yor. M\u00fcbadele gibi tarihsel a\u011f\u0131rl\u0131\u011f\u0131 b\u00fcy\u00fck bir k\u0131r\u0131lmay\u0131, belgelerin ve resm\u00ee anlat\u0131lar\u0131n so\u011fuk y\u00fcz\u00fcnden de\u011fil, hayat\u0131n i\u00e7inden, g\u00fcndelik olan\u0131n i\u00e7 burkan ayr\u0131nt\u0131lar\u0131ndan anlatmay\u0131 se\u00e7iyor. Bu y\u00fczden kitap, yaln\u0131zca ge\u00e7mi\u015fe bakan bir d\u00f6nem roman\u0131 de\u011fil; aile belle\u011finin i\u00e7inde y\u0131llarca dola\u015fan ac\u0131lar\u0131n da roman\u0131 h\u00e2line geliyor.<\/p>\n\n\n\n<p>Roman\u0131n merkezinde Eleana var. M\u00fcsl\u00fcman ve Hristiyan iki ailenin gen\u00e7leri aras\u0131nda ya\u015fanan imk\u00e2ns\u0131z bir a\u015fk\u0131n istenmeyen \u00e7ocu\u011fu olarak d\u00fcnyaya gelen Eleana, daha do\u011fdu\u011fu anda hayat\u0131n sertli\u011fiyle kar\u015f\u0131 kar\u015f\u0131ya kal\u0131yor. Onun hik\u00e2yesi zamanla tek bir insan\u0131n kaderi olmaktan \u00e7\u0131k\u0131yor; ait olamaman\u0131n, d\u0131\u015far\u0131da b\u0131rak\u0131lman\u0131n, susarak b\u00fcy\u00fcmenin ve kendine bir yer a\u00e7maya \u00e7al\u0131\u015fman\u0131n hik\u00e2yesine d\u00f6n\u00fc\u015f\u00fcyor. Eleana, bu roman\u0131n yaln\u0131zca ba\u015fki\u015fisi de\u011fil; kendinden \u00f6nce ya\u015fanm\u0131\u015f k\u0131r\u0131lmalar\u0131n, bast\u0131r\u0131lm\u0131\u015f duygular\u0131n ve ku\u015faklar boyunca ta\u015f\u0131nan eksikli\u011fin de ta\u015f\u0131y\u0131c\u0131s\u0131 gibi duruyor.<\/p>\n\n\n\n<p>Mediha Selda Avc\u0131\u2019n\u0131n roman\u0131 g\u00fc\u00e7l\u00fc k\u0131lan yan, m\u00fcbadelenin b\u00fcy\u00fck tarihini k\u00fc\u00e7\u00fck ayr\u0131nt\u0131larda duyurabilmesi. Seccadenin astar\u0131na gizlenmi\u015f bir dua, \u00e7eyiz sand\u0131klar\u0131, mutfakta kaynayan yemekler, ev i\u00e7indeki g\u00f6r\u00fcnmez gerilimler, anneli\u011fin yorgunlu\u011fu, kom\u015fu kap\u0131s\u0131ndan gelen sesler, kalabal\u0131k aile hayat\u0131n\u0131n daralan nefesi\u2026 Bunlar\u0131n hi\u00e7biri romanda s\u00fcs olsun diye yer alm\u0131yor. Tam tersine, anlat\u0131n\u0131n as\u0131l y\u00fck\u00fcn\u00fc bunlar ta\u015f\u0131yor. \u00c7\u00fcnk\u00fc g\u00f6\u00e7 bazen yaln\u0131zca bir yerden ayr\u0131lmak de\u011fildir; bir evin d\u00fczeninin, bir sofran\u0131n tad\u0131n\u0131n, bir mahallenin al\u0131\u015fkanl\u0131klar\u0131n\u0131n, hatta insan\u0131n d\u00fcnyaya bak\u0131\u015f\u0131n\u0131n da yerinden oynamas\u0131d\u0131r. Roman tam da bunu hissettiriyor.<\/p>\n\n\n\n<p>Kitab\u0131n ilk b\u00f6l\u00fcmlerinde kurulan aile d\u00fcnyas\u0131 ayr\u0131ca dikkat \u00e7ekici. Nesibe, Bekir, G\u00fczin Han\u0131m, \u0130hsan Bey ve \u00e7evrelerindeki hayatlar arac\u0131l\u0131\u011f\u0131yla yaln\u0131zca bir aileyi de\u011fil, bir ya\u015fam bi\u00e7imini g\u00f6r\u00fcyoruz. Kaynana ile gelin aras\u0131nda gidip gelen o ince gerilim, ev i\u00e7inde kimsenin y\u00fcksek sesle s\u00f6ylemedi\u011fi hesapla\u015fmalar, sevginin yer yer k\u0131rg\u0131nl\u0131kla, yorgunlukla, k\u0131skan\u00e7l\u0131kla i\u00e7 i\u00e7e ge\u00e7mesi romana sahicilik kazand\u0131r\u0131yor. \u00d6zellikle kad\u0131n karakterlerin \u00e7izili\u015finde hissedilen s\u0131cakl\u0131k \u00f6nemli. Bu kad\u0131nlar yaln\u0131zca evin y\u00fck\u00fcn\u00fc ta\u015f\u0131yan fig\u00fcrler olarak kalm\u0131yor; arzular\u0131, k\u0131rg\u0131nl\u0131klar\u0131, beklentileri, i\u00e7lerinden ge\u00e7irdikleri ve sustuklar\u0131yla birlikte ya\u015f\u0131yorlar. Roman\u0131n duygusal derinli\u011fi biraz da buradan g\u00fc\u00e7 al\u0131yor.<\/p>\n\n\n\n<p>Mediha Selda Avc\u0131, Girit\u2019te M\u00fcsl\u00fcmanlarla Rumlar\u0131n bir arada kurdu\u011fu hayat\u0131 da tek boyutlu bir nostaljiye d\u00fc\u015fmeden anlat\u0131yor. Bayramlar, yortular, \u00e7ocukluk arkada\u015fl\u0131klar\u0131, kar\u015f\u0131l\u0131kl\u0131 ikramlar, ayn\u0131 mahallede yan yana s\u00fcren hayatlar\u2026 B\u00fct\u00fcn bunlar yakla\u015fan kopu\u015fun a\u011f\u0131rl\u0131\u011f\u0131n\u0131 daha da art\u0131r\u0131yor. \u00c7\u00fcnk\u00fc kaybedilen \u015fey yaln\u0131zca bir toprak par\u00e7as\u0131 de\u011fil burada; birlikte ya\u015faman\u0131n dili, kom\u015fulu\u011fun haf\u0131zas\u0131, g\u00fcndelik hayat\u0131n kurulmu\u015f dengesi de da\u011f\u0131l\u0131yor. Roman\u0131n h\u00fczn\u00fc biraz da bu ortak d\u00fcnyan\u0131n sessizce \u00e7\u00f6z\u00fcl\u00fc\u015f\u00fcnden geliyor.<\/p>\n\n\n\n<p>Eleana\u2019n\u0131n hik\u00e2yesi roman\u0131n merkezinde dursa da anlat\u0131 tek bir hayat \u00e7evresinde daralm\u0131yor. Onun yolu \u00fczerinde beliren insanlar, aile ge\u00e7mi\u015finin b\u0131rakt\u0131\u011f\u0131 g\u00f6lgeler ve kar\u015f\u0131la\u015fmalar\u0131n a\u00e7t\u0131\u011f\u0131 yeni yar\u0131klar roman\u0131 daha geni\u015f bir insanl\u0131k h\u00e2line a\u00e7\u0131yor. Burada \u00e7aresizlik kadar direnme g\u00fcc\u00fc de var; k\u0131rg\u0131nl\u0131k kadar hayata tutunma iste\u011fi de. Roman\u0131n dikkat \u00e7ekici taraflar\u0131ndan biri de umut duygusunu b\u00fcy\u00fck s\u00f6zlerle kurmamas\u0131. Umut burada daha \u00e7ok, insan\u0131n b\u00fct\u00fcn eksikliklere ra\u011fmen yeniden aya\u011fa kalkmas\u0131nda, yeniden ba\u011f kurmay\u0131 denemesinde, yaral\u0131 da olsa yoluna devam etmesinde beliriyor. Bu da metne g\u00f6steri\u015fsiz ama etkili bir duygu veriyor.<\/p>\n\n\n\n<p>Yazar\u0131n dili yer yer anlat\u0131c\u0131 bir s\u0131cakl\u0131k ta\u015f\u0131yor. \u00d6zellikle ev i\u00e7i sahnelerde, aile bireyleri aras\u0131ndaki ili\u015fkilerde ve g\u00fcndelik hayat\u0131n ak\u0131\u015f\u0131nda bu s\u0131cakl\u0131k belirginle\u015fiyor. Roman\u0131 okurken insan\u0131n akl\u0131nda yaln\u0131zca olaylar kalm\u0131yor; bir iklim kal\u0131yor. Daralan evler, b\u00fcy\u00fcyen \u00e7ocuklar, gen\u00e7li\u011fin i\u00e7te kalan hevesleri, annelerin t\u00fckeni\u015fi, erkeklerin omuzlar\u0131na \u00e7\u00f6ken sorumluluk, kom\u015fulu\u011fun s\u0131cakl\u0131\u011f\u0131 ve yakla\u015fan kayb\u0131n a\u011f\u0131r g\u00f6lgesi\u2026 Bu duygu iklimi, kitab\u0131n haf\u0131zada yer etmesini sa\u011flayan temel \u015feylerden biri.<\/p>\n\n\n\n<p>Hayat\u0131n R\u00fczg\u00e2r\u0131nda Bulu\u015fmak: Girit\u2019ten \u00d6teye\u2026, ilk roman olmas\u0131na kar\u015f\u0131n sahici bir duygunun pe\u015fine d\u00fc\u015f\u00fcyor. M\u00fcbadeleyi bir tarih ba\u015fl\u0131\u011f\u0131 olarak b\u0131rakm\u0131yor; onu evin i\u00e7ine, insan\u0131n kalbine, aile ili\u015fkilerine ve ku\u015faktan ku\u015fa\u011fa ta\u015f\u0131nan eksikli\u011fe yerle\u015ftiriyor. Roman bitti\u011finde geriye yaln\u0131zca anlat\u0131lan olaylar kalm\u0131yor; ta\u015f\u0131namayan e\u015fyalar, s\u00f6ylenemeyen s\u00f6zler, yar\u0131m kalm\u0131\u015f sevdalar ve i\u00e7te b\u00fcy\u00fcyen gurbet duygusu da kal\u0131yor.<\/p>\n\n\n\n<p>Mediha Selda Avc\u0131, Remzi Kitabevi etiketiyle yay\u0131mlanan bu ilk roman\u0131nda, m\u00fcbadelenin b\u00fcy\u00fck tarihini insan \u00f6l\u00e7e\u011fine indiriyor. Orada, hayat\u0131n i\u00e7inden gelen ayr\u0131nt\u0131larla b\u00fcy\u00fcyen, yer yer h\u00fcz\u00fcnlenen, yer yer insan\u0131n i\u00e7ine i\u015fleyen bir anlat\u0131 kuruyor. Belki de kitab\u0131n as\u0131l g\u00fcc\u00fc burada. \u00c7\u00fcnk\u00fc baz\u0131 g\u00f6\u00e7ler, bir vapurla, bir tren yolculu\u011fuyla, bir s\u0131n\u0131r \u00e7izgisiyle bitmez. \u0130nsan\u0131n i\u00e7inde s\u00fcrer. Bir bak\u0131\u015fta, bir eksiklikte, bir susu\u015fta yeniden ortaya \u00e7\u0131kar. Hayat\u0131n R\u00fczg\u00e2r\u0131nda Bulu\u015fmak: Girit\u2019ten \u00d6teye\u2026 tam da bu uzun i\u00e7 s\u0131z\u0131s\u0131n\u0131 g\u00f6r\u00fcn\u00fcr k\u0131lan bir roman.<\/p>\n\n\n\n<hr class=\"wp-block-separator has-alpha-channel-opacity\"\/>\n\n\n\n<p><a href=\"https:\/\/www.cumhuriyet.com.tr\/kultur-sanat\/girit-ten-oteye-gecen-yalniz-insanlar-degil-hafizadir-2485905\" target=\"_blank\" rel=\"noreferrer noopener\"><strong><em>Cumhuriyet Gazetesi<\/em><\/strong><\/a><\/p>\n\n\n\n<h3 class=\"wp-block-heading\"> <\/h3>\n","protected":false},"excerpt":{"rendered":"<p>Mediha Selda Avc\u0131, Remzi Kitabevi taraf\u0131ndan yay\u0131mlanan bu ilk roman\u0131nda, g\u00f6\u00e7\u00fcn yaln\u0131zca topra\u011f\u0131 de\u011fil, insan\u0131n kalbini, evini ve belle\u011fini de yerinden etti\u011fini anlat\u0131yor. Baz\u0131 romanlar vard\u0131r; daha ilk sayfalarda okura yaln\u0131zca bir hik\u00e2ye de\u011fil, bir evin i\u00e7ini, bir d\u00f6nemin ruhunu, bir ailenin ta\u015f\u0131d\u0131\u011f\u0131 g\u00f6r\u00fcnmez y\u00fck\u00fc de duyurur. Mediha Selda Avc\u0131\u2019n\u0131n Hayat\u0131n R\u00fczg\u00e2r\u0131nda Bulu\u015fmak: Girit\u2019ten \u00d6teye\u2026 [&hellip;]<\/p>\n","protected":false},"author":1,"featured_media":85741,"comment_status":"open","ping_status":"open","sticky":false,"template":"","format":"standard","meta":{"footnotes":""},"categories":[1],"tags":[],"class_list":["post-85740","post","type-post","status-publish","format-standard","has-post-thumbnail","hentry","category-haberler"],"yoast_head":"<!-- This site is optimized with the Yoast SEO plugin v27.4 - https:\/\/yoast.com\/product\/yoast-seo-wordpress\/ -->\n<title>Girit\u2019ten \u00f6teye ge\u00e7en yaln\u0131z insanlar de\u011fil, haf\u0131zad\u0131r - Bati Ermenistan Ve Bati Ermenileri Sorunlari Ara\u015ftirmalar Merkezi<\/title>\n<meta name=\"robots\" content=\"index, follow, max-snippet:-1, max-image-preview:large, max-video-preview:-1\" \/>\n<link rel=\"canonical\" href=\"https:\/\/akunq.net\/tr\/?p=85740\" \/>\n<meta property=\"og:locale\" content=\"en_US\" \/>\n<meta property=\"og:type\" content=\"article\" \/>\n<meta property=\"og:title\" content=\"Girit\u2019ten \u00f6teye ge\u00e7en yaln\u0131z insanlar de\u011fil, haf\u0131zad\u0131r - Bati Ermenistan Ve Bati Ermenileri Sorunlari Ara\u015ftirmalar Merkezi\" \/>\n<meta property=\"og:description\" content=\"Mediha Selda Avc\u0131, Remzi Kitabevi taraf\u0131ndan yay\u0131mlanan bu ilk roman\u0131nda, g\u00f6\u00e7\u00fcn yaln\u0131zca topra\u011f\u0131 de\u011fil, insan\u0131n kalbini, evini ve belle\u011fini de yerinden etti\u011fini anlat\u0131yor. Baz\u0131 romanlar vard\u0131r; daha ilk sayfalarda okura yaln\u0131zca bir hik\u00e2ye de\u011fil, bir evin i\u00e7ini, bir d\u00f6nemin ruhunu, bir ailenin ta\u015f\u0131d\u0131\u011f\u0131 g\u00f6r\u00fcnmez y\u00fck\u00fc de duyurur. Mediha Selda Avc\u0131\u2019n\u0131n Hayat\u0131n R\u00fczg\u00e2r\u0131nda Bulu\u015fmak: Girit\u2019ten \u00d6teye\u2026 [&hellip;]\" \/>\n<meta property=\"og:url\" content=\"https:\/\/akunq.net\/tr\/?p=85740\" \/>\n<meta property=\"og:site_name\" content=\"Bati Ermenistan Ve Bati Ermenileri Sorunlari Ara\u015ftirmalar Merkezi\" \/>\n<meta property=\"article:published_time\" content=\"2026-03-13T07:48:52+00:00\" \/>\n<meta property=\"og:image\" content=\"https:\/\/akunq.net\/tr\/wp-content\/uploads\/sites\/6\/2026\/03\/Girit.webp\" \/>\n\t<meta property=\"og:image:width\" content=\"1280\" \/>\n\t<meta property=\"og:image:height\" content=\"720\" \/>\n\t<meta property=\"og:image:type\" content=\"image\/webp\" \/>\n<meta name=\"author\" content=\"admin\" \/>\n<meta name=\"twitter:card\" content=\"summary_large_image\" \/>\n<meta name=\"twitter:label1\" content=\"Written by\" \/>\n\t<meta name=\"twitter:data1\" content=\"admin\" \/>\n\t<meta name=\"twitter:label2\" content=\"Est. reading time\" \/>\n\t<meta name=\"twitter:data2\" content=\"4 minutes\" \/>\n<script type=\"application\/ld+json\" class=\"yoast-schema-graph\">{\"@context\":\"https:\\\/\\\/schema.org\",\"@graph\":[{\"@type\":\"Article\",\"@id\":\"https:\\\/\\\/akunq.net\\\/tr\\\/?p=85740#article\",\"isPartOf\":{\"@id\":\"https:\\\/\\\/akunq.net\\\/tr\\\/?p=85740\"},\"author\":{\"name\":\"admin\",\"@id\":\"https:\\\/\\\/akunq.net\\\/tr\\\/#\\\/schema\\\/person\\\/42a46675f00a8f1e84520e8c56500de3\"},\"headline\":\"Girit\u2019ten \u00f6teye ge\u00e7en yaln\u0131z insanlar de\u011fil, haf\u0131zad\u0131r\",\"datePublished\":\"2026-03-13T07:48:52+00:00\",\"mainEntityOfPage\":{\"@id\":\"https:\\\/\\\/akunq.net\\\/tr\\\/?p=85740\"},\"wordCount\":1120,\"commentCount\":0,\"image\":{\"@id\":\"https:\\\/\\\/akunq.net\\\/tr\\\/?p=85740#primaryimage\"},\"thumbnailUrl\":\"https:\\\/\\\/akunq.net\\\/tr\\\/wp-content\\\/uploads\\\/sites\\\/6\\\/2026\\\/03\\\/Girit.webp\",\"articleSection\":[\"Haberler\"],\"inLanguage\":\"en-US\",\"potentialAction\":[{\"@type\":\"CommentAction\",\"name\":\"Comment\",\"target\":[\"https:\\\/\\\/akunq.net\\\/tr\\\/?p=85740#respond\"]}]},{\"@type\":\"WebPage\",\"@id\":\"https:\\\/\\\/akunq.net\\\/tr\\\/?p=85740\",\"url\":\"https:\\\/\\\/akunq.net\\\/tr\\\/?p=85740\",\"name\":\"Girit\u2019ten \u00f6teye ge\u00e7en yaln\u0131z insanlar de\u011fil, haf\u0131zad\u0131r - Bati Ermenistan Ve Bati Ermenileri Sorunlari Ara\u015ftirmalar Merkezi\",\"isPartOf\":{\"@id\":\"https:\\\/\\\/akunq.net\\\/tr\\\/#website\"},\"primaryImageOfPage\":{\"@id\":\"https:\\\/\\\/akunq.net\\\/tr\\\/?p=85740#primaryimage\"},\"image\":{\"@id\":\"https:\\\/\\\/akunq.net\\\/tr\\\/?p=85740#primaryimage\"},\"thumbnailUrl\":\"https:\\\/\\\/akunq.net\\\/tr\\\/wp-content\\\/uploads\\\/sites\\\/6\\\/2026\\\/03\\\/Girit.webp\",\"datePublished\":\"2026-03-13T07:48:52+00:00\",\"author\":{\"@id\":\"https:\\\/\\\/akunq.net\\\/tr\\\/#\\\/schema\\\/person\\\/42a46675f00a8f1e84520e8c56500de3\"},\"breadcrumb\":{\"@id\":\"https:\\\/\\\/akunq.net\\\/tr\\\/?p=85740#breadcrumb\"},\"inLanguage\":\"en-US\",\"potentialAction\":[{\"@type\":\"ReadAction\",\"target\":[\"https:\\\/\\\/akunq.net\\\/tr\\\/?p=85740\"]}]},{\"@type\":\"ImageObject\",\"inLanguage\":\"en-US\",\"@id\":\"https:\\\/\\\/akunq.net\\\/tr\\\/?p=85740#primaryimage\",\"url\":\"https:\\\/\\\/akunq.net\\\/tr\\\/wp-content\\\/uploads\\\/sites\\\/6\\\/2026\\\/03\\\/Girit.webp\",\"contentUrl\":\"https:\\\/\\\/akunq.net\\\/tr\\\/wp-content\\\/uploads\\\/sites\\\/6\\\/2026\\\/03\\\/Girit.webp\",\"width\":1280,\"height\":720},{\"@type\":\"BreadcrumbList\",\"@id\":\"https:\\\/\\\/akunq.net\\\/tr\\\/?p=85740#breadcrumb\",\"itemListElement\":[{\"@type\":\"ListItem\",\"position\":1,\"name\":\"Home\",\"item\":\"https:\\\/\\\/akunq.net\\\/tr\"},{\"@type\":\"ListItem\",\"position\":2,\"name\":\"Girit\u2019ten \u00f6teye ge\u00e7en yaln\u0131z insanlar de\u011fil, haf\u0131zad\u0131r\"}]},{\"@type\":\"WebSite\",\"@id\":\"https:\\\/\\\/akunq.net\\\/tr\\\/#website\",\"url\":\"https:\\\/\\\/akunq.net\\\/tr\\\/\",\"name\":\"Bati Ermenistan Ve Bati Ermenileri Sorunlari Ara\u015ftirmalar Merkezi\",\"description\":\"\",\"potentialAction\":[{\"@type\":\"SearchAction\",\"target\":{\"@type\":\"EntryPoint\",\"urlTemplate\":\"https:\\\/\\\/akunq.net\\\/tr\\\/?s={search_term_string}\"},\"query-input\":{\"@type\":\"PropertyValueSpecification\",\"valueRequired\":true,\"valueName\":\"search_term_string\"}}],\"inLanguage\":\"en-US\"},{\"@type\":\"Person\",\"@id\":\"https:\\\/\\\/akunq.net\\\/tr\\\/#\\\/schema\\\/person\\\/42a46675f00a8f1e84520e8c56500de3\",\"name\":\"admin\",\"url\":\"https:\\\/\\\/akunq.net\\\/tr\\\/?author=1\"}]}<\/script>\n<!-- \/ Yoast SEO plugin. -->","yoast_head_json":{"title":"Girit\u2019ten \u00f6teye ge\u00e7en yaln\u0131z insanlar de\u011fil, haf\u0131zad\u0131r - Bati Ermenistan Ve Bati Ermenileri Sorunlari Ara\u015ftirmalar Merkezi","robots":{"index":"index","follow":"follow","max-snippet":"max-snippet:-1","max-image-preview":"max-image-preview:large","max-video-preview":"max-video-preview:-1"},"canonical":"https:\/\/akunq.net\/tr\/?p=85740","og_locale":"en_US","og_type":"article","og_title":"Girit\u2019ten \u00f6teye ge\u00e7en yaln\u0131z insanlar de\u011fil, haf\u0131zad\u0131r - Bati Ermenistan Ve Bati Ermenileri Sorunlari Ara\u015ftirmalar Merkezi","og_description":"Mediha Selda Avc\u0131, Remzi Kitabevi taraf\u0131ndan yay\u0131mlanan bu ilk roman\u0131nda, g\u00f6\u00e7\u00fcn yaln\u0131zca topra\u011f\u0131 de\u011fil, insan\u0131n kalbini, evini ve belle\u011fini de yerinden etti\u011fini anlat\u0131yor. Baz\u0131 romanlar vard\u0131r; daha ilk sayfalarda okura yaln\u0131zca bir hik\u00e2ye de\u011fil, bir evin i\u00e7ini, bir d\u00f6nemin ruhunu, bir ailenin ta\u015f\u0131d\u0131\u011f\u0131 g\u00f6r\u00fcnmez y\u00fck\u00fc de duyurur. Mediha Selda Avc\u0131\u2019n\u0131n Hayat\u0131n R\u00fczg\u00e2r\u0131nda Bulu\u015fmak: Girit\u2019ten \u00d6teye\u2026 [&hellip;]","og_url":"https:\/\/akunq.net\/tr\/?p=85740","og_site_name":"Bati Ermenistan Ve Bati Ermenileri Sorunlari Ara\u015ftirmalar Merkezi","article_published_time":"2026-03-13T07:48:52+00:00","og_image":[{"width":1280,"height":720,"url":"https:\/\/akunq.net\/tr\/wp-content\/uploads\/sites\/6\/2026\/03\/Girit.webp","type":"image\/webp"}],"author":"admin","twitter_card":"summary_large_image","twitter_misc":{"Written by":"admin","Est. reading time":"4 minutes"},"schema":{"@context":"https:\/\/schema.org","@graph":[{"@type":"Article","@id":"https:\/\/akunq.net\/tr\/?p=85740#article","isPartOf":{"@id":"https:\/\/akunq.net\/tr\/?p=85740"},"author":{"name":"admin","@id":"https:\/\/akunq.net\/tr\/#\/schema\/person\/42a46675f00a8f1e84520e8c56500de3"},"headline":"Girit\u2019ten \u00f6teye ge\u00e7en yaln\u0131z insanlar de\u011fil, haf\u0131zad\u0131r","datePublished":"2026-03-13T07:48:52+00:00","mainEntityOfPage":{"@id":"https:\/\/akunq.net\/tr\/?p=85740"},"wordCount":1120,"commentCount":0,"image":{"@id":"https:\/\/akunq.net\/tr\/?p=85740#primaryimage"},"thumbnailUrl":"https:\/\/akunq.net\/tr\/wp-content\/uploads\/sites\/6\/2026\/03\/Girit.webp","articleSection":["Haberler"],"inLanguage":"en-US","potentialAction":[{"@type":"CommentAction","name":"Comment","target":["https:\/\/akunq.net\/tr\/?p=85740#respond"]}]},{"@type":"WebPage","@id":"https:\/\/akunq.net\/tr\/?p=85740","url":"https:\/\/akunq.net\/tr\/?p=85740","name":"Girit\u2019ten \u00f6teye ge\u00e7en yaln\u0131z insanlar de\u011fil, haf\u0131zad\u0131r - Bati Ermenistan Ve Bati Ermenileri Sorunlari Ara\u015ftirmalar Merkezi","isPartOf":{"@id":"https:\/\/akunq.net\/tr\/#website"},"primaryImageOfPage":{"@id":"https:\/\/akunq.net\/tr\/?p=85740#primaryimage"},"image":{"@id":"https:\/\/akunq.net\/tr\/?p=85740#primaryimage"},"thumbnailUrl":"https:\/\/akunq.net\/tr\/wp-content\/uploads\/sites\/6\/2026\/03\/Girit.webp","datePublished":"2026-03-13T07:48:52+00:00","author":{"@id":"https:\/\/akunq.net\/tr\/#\/schema\/person\/42a46675f00a8f1e84520e8c56500de3"},"breadcrumb":{"@id":"https:\/\/akunq.net\/tr\/?p=85740#breadcrumb"},"inLanguage":"en-US","potentialAction":[{"@type":"ReadAction","target":["https:\/\/akunq.net\/tr\/?p=85740"]}]},{"@type":"ImageObject","inLanguage":"en-US","@id":"https:\/\/akunq.net\/tr\/?p=85740#primaryimage","url":"https:\/\/akunq.net\/tr\/wp-content\/uploads\/sites\/6\/2026\/03\/Girit.webp","contentUrl":"https:\/\/akunq.net\/tr\/wp-content\/uploads\/sites\/6\/2026\/03\/Girit.webp","width":1280,"height":720},{"@type":"BreadcrumbList","@id":"https:\/\/akunq.net\/tr\/?p=85740#breadcrumb","itemListElement":[{"@type":"ListItem","position":1,"name":"Home","item":"https:\/\/akunq.net\/tr"},{"@type":"ListItem","position":2,"name":"Girit\u2019ten \u00f6teye ge\u00e7en yaln\u0131z insanlar de\u011fil, haf\u0131zad\u0131r"}]},{"@type":"WebSite","@id":"https:\/\/akunq.net\/tr\/#website","url":"https:\/\/akunq.net\/tr\/","name":"Bati Ermenistan Ve Bati Ermenileri Sorunlari Ara\u015ftirmalar Merkezi","description":"","potentialAction":[{"@type":"SearchAction","target":{"@type":"EntryPoint","urlTemplate":"https:\/\/akunq.net\/tr\/?s={search_term_string}"},"query-input":{"@type":"PropertyValueSpecification","valueRequired":true,"valueName":"search_term_string"}}],"inLanguage":"en-US"},{"@type":"Person","@id":"https:\/\/akunq.net\/tr\/#\/schema\/person\/42a46675f00a8f1e84520e8c56500de3","name":"admin","url":"https:\/\/akunq.net\/tr\/?author=1"}]}},"_links":{"self":[{"href":"https:\/\/akunq.net\/tr\/index.php?rest_route=\/wp\/v2\/posts\/85740","targetHints":{"allow":["GET"]}}],"collection":[{"href":"https:\/\/akunq.net\/tr\/index.php?rest_route=\/wp\/v2\/posts"}],"about":[{"href":"https:\/\/akunq.net\/tr\/index.php?rest_route=\/wp\/v2\/types\/post"}],"author":[{"embeddable":true,"href":"https:\/\/akunq.net\/tr\/index.php?rest_route=\/wp\/v2\/users\/1"}],"replies":[{"embeddable":true,"href":"https:\/\/akunq.net\/tr\/index.php?rest_route=%2Fwp%2Fv2%2Fcomments&post=85740"}],"version-history":[{"count":1,"href":"https:\/\/akunq.net\/tr\/index.php?rest_route=\/wp\/v2\/posts\/85740\/revisions"}],"predecessor-version":[{"id":85742,"href":"https:\/\/akunq.net\/tr\/index.php?rest_route=\/wp\/v2\/posts\/85740\/revisions\/85742"}],"wp:featuredmedia":[{"embeddable":true,"href":"https:\/\/akunq.net\/tr\/index.php?rest_route=\/wp\/v2\/media\/85741"}],"wp:attachment":[{"href":"https:\/\/akunq.net\/tr\/index.php?rest_route=%2Fwp%2Fv2%2Fmedia&parent=85740"}],"wp:term":[{"taxonomy":"category","embeddable":true,"href":"https:\/\/akunq.net\/tr\/index.php?rest_route=%2Fwp%2Fv2%2Fcategories&post=85740"},{"taxonomy":"post_tag","embeddable":true,"href":"https:\/\/akunq.net\/tr\/index.php?rest_route=%2Fwp%2Fv2%2Ftags&post=85740"}],"curies":[{"name":"wp","href":"https:\/\/api.w.org\/{rel}","templated":true}]}}