{"id":85734,"date":"2026-03-13T02:33:37","date_gmt":"2026-03-13T07:33:37","guid":{"rendered":"https:\/\/akunq.net\/tr\/?p=85734"},"modified":"2026-03-13T02:33:37","modified_gmt":"2026-03-13T07:33:37","slug":"ermenistan-ulusal-meclisi-baskani-turkiyeye-gidecek","status":"publish","type":"post","link":"https:\/\/akunq.net\/tr\/?p=85734","title":{"rendered":"Ermenistan Ulusal Meclisi Ba\u015fkan\u0131 T\u00fcrkiye&#8217;ye gidecek"},"content":{"rendered":"\n<p> <strong><em>Ermenistan Ulusal Meclisi Ba\u015fkan\u0131 Alen Simonyan ba\u015fkanl\u0131\u011f\u0131ndaki heyet, Parlamentolar Aras\u0131 Birlik\u2019in (PAB) 152. Genel Kurulu\u2019na kat\u0131lmak \u00fczere 16-19 Nisan tarihleri aras\u0131nda \u0130stanbul\u2019a gidecek.<\/em><\/strong><\/p>\n\n\n\n<p>Ulusal Meclis Ba\u015fkan\u0131\u2019n\u0131n ba\u015fkanl\u0131k etti\u011fi heyette ayr\u0131ca \u015fu isimler yer al\u0131yor:<\/p>\n\n\n\n<p>Ulusal Meclis D\u0131\u015f \u0130li\u015fkiler Daimi Komisyonu Ba\u015fkan\u0131 Sargis Khandanyan (14-20 Nisan),<\/p>\n\n\n\n<p>Ulusal Meclis Mali-Kredi ve B\u00fct\u00e7e \u0130\u015fleri Daimi Komisyonu Ba\u015fkan\u0131 Tsovinar Vardanyan (14-20 Nisan),<\/p>\n\n\n\n<p>Ulusal Meclis \u201cSivil S\u00f6zle\u015fme\u201d Partisi milletvekili Hasmik Hakobyan (14-20 Nisan).<\/p>\n\n\n\n<p><a href=\"https:\/\/armenpress.am\/tr\/article\/1244609\"><strong><em>https:\/\/armenpress.am\/tr\/article\/1244609<\/em><\/strong><\/a><\/p>\n","protected":false},"excerpt":{"rendered":"<p>Ermenistan Ulusal Meclisi Ba\u015fkan\u0131 Alen Simonyan ba\u015fkanl\u0131\u011f\u0131ndaki heyet, Parlamentolar Aras\u0131 Birlik\u2019in (PAB) 152. Genel Kurulu\u2019na kat\u0131lmak \u00fczere 16-19 Nisan tarihleri aras\u0131nda \u0130stanbul\u2019a gidecek. Ulusal Meclis Ba\u015fkan\u0131\u2019n\u0131n ba\u015fkanl\u0131k etti\u011fi heyette ayr\u0131ca \u015fu isimler yer al\u0131yor: Ulusal Meclis D\u0131\u015f \u0130li\u015fkiler Daimi Komisyonu Ba\u015fkan\u0131 Sargis Khandanyan (14-20 Nisan), Ulusal Meclis Mali-Kredi ve B\u00fct\u00e7e \u0130\u015fleri Daimi Komisyonu Ba\u015fkan\u0131 Tsovinar [&hellip;]<\/p>\n","protected":false},"author":1,"featured_media":85735,"comment_status":"open","ping_status":"open","sticky":false,"template":"","format":"standard","meta":{"footnotes":""},"categories":[55,1],"tags":[],"class_list":["post-85734","post","type-post","status-publish","format-standard","has-post-thumbnail","hentry","category-ermenistan-turkiye","category-haberler"],"yoast_head":"<!-- This site is optimized with the Yoast SEO plugin v27.4 - https:\/\/yoast.com\/product\/yoast-seo-wordpress\/ -->\n<title>Ermenistan Ulusal Meclisi Ba\u015fkan\u0131 T\u00fcrkiye&#039;ye gidecek - Bati Ermenistan Ve Bati Ermenileri Sorunlari Ara\u015ftirmalar Merkezi<\/title>\n<meta name=\"robots\" content=\"index, follow, max-snippet:-1, max-image-preview:large, max-video-preview:-1\" \/>\n<link rel=\"canonical\" href=\"https:\/\/akunq.net\/tr\/?p=85734\" \/>\n<meta property=\"og:locale\" content=\"en_US\" \/>\n<meta property=\"og:type\" content=\"article\" \/>\n<meta property=\"og:title\" content=\"Ermenistan Ulusal Meclisi Ba\u015fkan\u0131 T\u00fcrkiye&#039;ye gidecek - Bati Ermenistan Ve Bati Ermenileri Sorunlari Ara\u015ftirmalar Merkezi\" \/>\n<meta property=\"og:description\" content=\"Ermenistan Ulusal Meclisi Ba\u015fkan\u0131 Alen Simonyan ba\u015fkanl\u0131\u011f\u0131ndaki heyet, Parlamentolar Aras\u0131 Birlik\u2019in (PAB) 152. Genel Kurulu\u2019na kat\u0131lmak \u00fczere 16-19 Nisan tarihleri aras\u0131nda \u0130stanbul\u2019a gidecek. Ulusal Meclis Ba\u015fkan\u0131\u2019n\u0131n ba\u015fkanl\u0131k etti\u011fi heyette ayr\u0131ca \u015fu isimler yer al\u0131yor: Ulusal Meclis D\u0131\u015f \u0130li\u015fkiler Daimi Komisyonu Ba\u015fkan\u0131 Sargis Khandanyan (14-20 Nisan), Ulusal Meclis Mali-Kredi ve B\u00fct\u00e7e \u0130\u015fleri Daimi Komisyonu Ba\u015fkan\u0131 Tsovinar [&hellip;]\" \/>\n<meta property=\"og:url\" content=\"https:\/\/akunq.net\/tr\/?p=85734\" \/>\n<meta property=\"og:site_name\" content=\"Bati Ermenistan Ve Bati Ermenileri Sorunlari Ara\u015ftirmalar Merkezi\" \/>\n<meta property=\"article:published_time\" content=\"2026-03-13T07:33:37+00:00\" \/>\n<meta property=\"og:image\" content=\"https:\/\/akunq.net\/tr\/wp-content\/uploads\/sites\/6\/2026\/03\/hayvan.jpg\" \/>\n\t<meta property=\"og:image:width\" content=\"1600\" \/>\n\t<meta property=\"og:image:height\" content=\"1066\" \/>\n\t<meta property=\"og:image:type\" content=\"image\/jpeg\" \/>\n<meta name=\"author\" content=\"admin\" \/>\n<meta name=\"twitter:card\" content=\"summary_large_image\" \/>\n<meta name=\"twitter:label1\" content=\"Written by\" \/>\n\t<meta name=\"twitter:data1\" content=\"admin\" \/>\n\t<meta name=\"twitter:label2\" content=\"Est. reading time\" \/>\n\t<meta name=\"twitter:data2\" content=\"1 minute\" \/>\n<script type=\"application\/ld+json\" class=\"yoast-schema-graph\">{\"@context\":\"https:\\\/\\\/schema.org\",\"@graph\":[{\"@type\":\"Article\",\"@id\":\"https:\\\/\\\/akunq.net\\\/tr\\\/?p=85734#article\",\"isPartOf\":{\"@id\":\"https:\\\/\\\/akunq.net\\\/tr\\\/?p=85734\"},\"author\":{\"name\":\"admin\",\"@id\":\"https:\\\/\\\/akunq.net\\\/tr\\\/#\\\/schema\\\/person\\\/42a46675f00a8f1e84520e8c56500de3\"},\"headline\":\"Ermenistan Ulusal Meclisi Ba\u015fkan\u0131 T\u00fcrkiye&#8217;ye gidecek\",\"datePublished\":\"2026-03-13T07:33:37+00:00\",\"mainEntityOfPage\":{\"@id\":\"https:\\\/\\\/akunq.net\\\/tr\\\/?p=85734\"},\"wordCount\":103,\"commentCount\":0,\"image\":{\"@id\":\"https:\\\/\\\/akunq.net\\\/tr\\\/?p=85734#primaryimage\"},\"thumbnailUrl\":\"https:\\\/\\\/akunq.net\\\/tr\\\/wp-content\\\/uploads\\\/sites\\\/6\\\/2026\\\/03\\\/hayvan.jpg\",\"articleSection\":[\"Ermenistan-T\u00fcrkiye\",\"Haberler\"],\"inLanguage\":\"en-US\",\"potentialAction\":[{\"@type\":\"CommentAction\",\"name\":\"Comment\",\"target\":[\"https:\\\/\\\/akunq.net\\\/tr\\\/?p=85734#respond\"]}]},{\"@type\":\"WebPage\",\"@id\":\"https:\\\/\\\/akunq.net\\\/tr\\\/?p=85734\",\"url\":\"https:\\\/\\\/akunq.net\\\/tr\\\/?p=85734\",\"name\":\"Ermenistan Ulusal Meclisi Ba\u015fkan\u0131 T\u00fcrkiye'ye gidecek - Bati Ermenistan Ve Bati Ermenileri Sorunlari Ara\u015ftirmalar Merkezi\",\"isPartOf\":{\"@id\":\"https:\\\/\\\/akunq.net\\\/tr\\\/#website\"},\"primaryImageOfPage\":{\"@id\":\"https:\\\/\\\/akunq.net\\\/tr\\\/?p=85734#primaryimage\"},\"image\":{\"@id\":\"https:\\\/\\\/akunq.net\\\/tr\\\/?p=85734#primaryimage\"},\"thumbnailUrl\":\"https:\\\/\\\/akunq.net\\\/tr\\\/wp-content\\\/uploads\\\/sites\\\/6\\\/2026\\\/03\\\/hayvan.jpg\",\"datePublished\":\"2026-03-13T07:33:37+00:00\",\"author\":{\"@id\":\"https:\\\/\\\/akunq.net\\\/tr\\\/#\\\/schema\\\/person\\\/42a46675f00a8f1e84520e8c56500de3\"},\"breadcrumb\":{\"@id\":\"https:\\\/\\\/akunq.net\\\/tr\\\/?p=85734#breadcrumb\"},\"inLanguage\":\"en-US\",\"potentialAction\":[{\"@type\":\"ReadAction\",\"target\":[\"https:\\\/\\\/akunq.net\\\/tr\\\/?p=85734\"]}]},{\"@type\":\"ImageObject\",\"inLanguage\":\"en-US\",\"@id\":\"https:\\\/\\\/akunq.net\\\/tr\\\/?p=85734#primaryimage\",\"url\":\"https:\\\/\\\/akunq.net\\\/tr\\\/wp-content\\\/uploads\\\/sites\\\/6\\\/2026\\\/03\\\/hayvan.jpg\",\"contentUrl\":\"https:\\\/\\\/akunq.net\\\/tr\\\/wp-content\\\/uploads\\\/sites\\\/6\\\/2026\\\/03\\\/hayvan.jpg\",\"width\":1600,\"height\":1066},{\"@type\":\"BreadcrumbList\",\"@id\":\"https:\\\/\\\/akunq.net\\\/tr\\\/?p=85734#breadcrumb\",\"itemListElement\":[{\"@type\":\"ListItem\",\"position\":1,\"name\":\"Home\",\"item\":\"https:\\\/\\\/akunq.net\\\/tr\"},{\"@type\":\"ListItem\",\"position\":2,\"name\":\"Ermenistan Ulusal Meclisi Ba\u015fkan\u0131 T\u00fcrkiye&#8217;ye gidecek\"}]},{\"@type\":\"WebSite\",\"@id\":\"https:\\\/\\\/akunq.net\\\/tr\\\/#website\",\"url\":\"https:\\\/\\\/akunq.net\\\/tr\\\/\",\"name\":\"Bati Ermenistan Ve Bati Ermenileri Sorunlari Ara\u015ftirmalar Merkezi\",\"description\":\"\",\"potentialAction\":[{\"@type\":\"SearchAction\",\"target\":{\"@type\":\"EntryPoint\",\"urlTemplate\":\"https:\\\/\\\/akunq.net\\\/tr\\\/?s={search_term_string}\"},\"query-input\":{\"@type\":\"PropertyValueSpecification\",\"valueRequired\":true,\"valueName\":\"search_term_string\"}}],\"inLanguage\":\"en-US\"},{\"@type\":\"Person\",\"@id\":\"https:\\\/\\\/akunq.net\\\/tr\\\/#\\\/schema\\\/person\\\/42a46675f00a8f1e84520e8c56500de3\",\"name\":\"admin\",\"url\":\"https:\\\/\\\/akunq.net\\\/tr\\\/?author=1\"}]}<\/script>\n<!-- \/ Yoast SEO plugin. -->","yoast_head_json":{"title":"Ermenistan Ulusal Meclisi Ba\u015fkan\u0131 T\u00fcrkiye'ye gidecek - Bati Ermenistan Ve Bati Ermenileri Sorunlari Ara\u015ftirmalar Merkezi","robots":{"index":"index","follow":"follow","max-snippet":"max-snippet:-1","max-image-preview":"max-image-preview:large","max-video-preview":"max-video-preview:-1"},"canonical":"https:\/\/akunq.net\/tr\/?p=85734","og_locale":"en_US","og_type":"article","og_title":"Ermenistan Ulusal Meclisi Ba\u015fkan\u0131 T\u00fcrkiye'ye gidecek - Bati Ermenistan Ve Bati Ermenileri Sorunlari Ara\u015ftirmalar Merkezi","og_description":"Ermenistan Ulusal Meclisi Ba\u015fkan\u0131 Alen Simonyan ba\u015fkanl\u0131\u011f\u0131ndaki heyet, Parlamentolar Aras\u0131 Birlik\u2019in (PAB) 152. Genel Kurulu\u2019na kat\u0131lmak \u00fczere 16-19 Nisan tarihleri aras\u0131nda \u0130stanbul\u2019a gidecek. Ulusal Meclis Ba\u015fkan\u0131\u2019n\u0131n ba\u015fkanl\u0131k etti\u011fi heyette ayr\u0131ca \u015fu isimler yer al\u0131yor: Ulusal Meclis D\u0131\u015f \u0130li\u015fkiler Daimi Komisyonu Ba\u015fkan\u0131 Sargis Khandanyan (14-20 Nisan), Ulusal Meclis Mali-Kredi ve B\u00fct\u00e7e \u0130\u015fleri Daimi Komisyonu Ba\u015fkan\u0131 Tsovinar [&hellip;]","og_url":"https:\/\/akunq.net\/tr\/?p=85734","og_site_name":"Bati Ermenistan Ve Bati Ermenileri Sorunlari Ara\u015ftirmalar Merkezi","article_published_time":"2026-03-13T07:33:37+00:00","og_image":[{"width":1600,"height":1066,"url":"https:\/\/akunq.net\/tr\/wp-content\/uploads\/sites\/6\/2026\/03\/hayvan.jpg","type":"image\/jpeg"}],"author":"admin","twitter_card":"summary_large_image","twitter_misc":{"Written by":"admin","Est. reading time":"1 minute"},"schema":{"@context":"https:\/\/schema.org","@graph":[{"@type":"Article","@id":"https:\/\/akunq.net\/tr\/?p=85734#article","isPartOf":{"@id":"https:\/\/akunq.net\/tr\/?p=85734"},"author":{"name":"admin","@id":"https:\/\/akunq.net\/tr\/#\/schema\/person\/42a46675f00a8f1e84520e8c56500de3"},"headline":"Ermenistan Ulusal Meclisi Ba\u015fkan\u0131 T\u00fcrkiye&#8217;ye gidecek","datePublished":"2026-03-13T07:33:37+00:00","mainEntityOfPage":{"@id":"https:\/\/akunq.net\/tr\/?p=85734"},"wordCount":103,"commentCount":0,"image":{"@id":"https:\/\/akunq.net\/tr\/?p=85734#primaryimage"},"thumbnailUrl":"https:\/\/akunq.net\/tr\/wp-content\/uploads\/sites\/6\/2026\/03\/hayvan.jpg","articleSection":["Ermenistan-T\u00fcrkiye","Haberler"],"inLanguage":"en-US","potentialAction":[{"@type":"CommentAction","name":"Comment","target":["https:\/\/akunq.net\/tr\/?p=85734#respond"]}]},{"@type":"WebPage","@id":"https:\/\/akunq.net\/tr\/?p=85734","url":"https:\/\/akunq.net\/tr\/?p=85734","name":"Ermenistan Ulusal Meclisi Ba\u015fkan\u0131 T\u00fcrkiye'ye gidecek - Bati Ermenistan Ve Bati Ermenileri Sorunlari Ara\u015ftirmalar Merkezi","isPartOf":{"@id":"https:\/\/akunq.net\/tr\/#website"},"primaryImageOfPage":{"@id":"https:\/\/akunq.net\/tr\/?p=85734#primaryimage"},"image":{"@id":"https:\/\/akunq.net\/tr\/?p=85734#primaryimage"},"thumbnailUrl":"https:\/\/akunq.net\/tr\/wp-content\/uploads\/sites\/6\/2026\/03\/hayvan.jpg","datePublished":"2026-03-13T07:33:37+00:00","author":{"@id":"https:\/\/akunq.net\/tr\/#\/schema\/person\/42a46675f00a8f1e84520e8c56500de3"},"breadcrumb":{"@id":"https:\/\/akunq.net\/tr\/?p=85734#breadcrumb"},"inLanguage":"en-US","potentialAction":[{"@type":"ReadAction","target":["https:\/\/akunq.net\/tr\/?p=85734"]}]},{"@type":"ImageObject","inLanguage":"en-US","@id":"https:\/\/akunq.net\/tr\/?p=85734#primaryimage","url":"https:\/\/akunq.net\/tr\/wp-content\/uploads\/sites\/6\/2026\/03\/hayvan.jpg","contentUrl":"https:\/\/akunq.net\/tr\/wp-content\/uploads\/sites\/6\/2026\/03\/hayvan.jpg","width":1600,"height":1066},{"@type":"BreadcrumbList","@id":"https:\/\/akunq.net\/tr\/?p=85734#breadcrumb","itemListElement":[{"@type":"ListItem","position":1,"name":"Home","item":"https:\/\/akunq.net\/tr"},{"@type":"ListItem","position":2,"name":"Ermenistan Ulusal Meclisi Ba\u015fkan\u0131 T\u00fcrkiye&#8217;ye gidecek"}]},{"@type":"WebSite","@id":"https:\/\/akunq.net\/tr\/#website","url":"https:\/\/akunq.net\/tr\/","name":"Bati Ermenistan Ve Bati Ermenileri Sorunlari Ara\u015ftirmalar Merkezi","description":"","potentialAction":[{"@type":"SearchAction","target":{"@type":"EntryPoint","urlTemplate":"https:\/\/akunq.net\/tr\/?s={search_term_string}"},"query-input":{"@type":"PropertyValueSpecification","valueRequired":true,"valueName":"search_term_string"}}],"inLanguage":"en-US"},{"@type":"Person","@id":"https:\/\/akunq.net\/tr\/#\/schema\/person\/42a46675f00a8f1e84520e8c56500de3","name":"admin","url":"https:\/\/akunq.net\/tr\/?author=1"}]}},"_links":{"self":[{"href":"https:\/\/akunq.net\/tr\/index.php?rest_route=\/wp\/v2\/posts\/85734","targetHints":{"allow":["GET"]}}],"collection":[{"href":"https:\/\/akunq.net\/tr\/index.php?rest_route=\/wp\/v2\/posts"}],"about":[{"href":"https:\/\/akunq.net\/tr\/index.php?rest_route=\/wp\/v2\/types\/post"}],"author":[{"embeddable":true,"href":"https:\/\/akunq.net\/tr\/index.php?rest_route=\/wp\/v2\/users\/1"}],"replies":[{"embeddable":true,"href":"https:\/\/akunq.net\/tr\/index.php?rest_route=%2Fwp%2Fv2%2Fcomments&post=85734"}],"version-history":[{"count":1,"href":"https:\/\/akunq.net\/tr\/index.php?rest_route=\/wp\/v2\/posts\/85734\/revisions"}],"predecessor-version":[{"id":85736,"href":"https:\/\/akunq.net\/tr\/index.php?rest_route=\/wp\/v2\/posts\/85734\/revisions\/85736"}],"wp:featuredmedia":[{"embeddable":true,"href":"https:\/\/akunq.net\/tr\/index.php?rest_route=\/wp\/v2\/media\/85735"}],"wp:attachment":[{"href":"https:\/\/akunq.net\/tr\/index.php?rest_route=%2Fwp%2Fv2%2Fmedia&parent=85734"}],"wp:term":[{"taxonomy":"category","embeddable":true,"href":"https:\/\/akunq.net\/tr\/index.php?rest_route=%2Fwp%2Fv2%2Fcategories&post=85734"},{"taxonomy":"post_tag","embeddable":true,"href":"https:\/\/akunq.net\/tr\/index.php?rest_route=%2Fwp%2Fv2%2Ftags&post=85734"}],"curies":[{"name":"wp","href":"https:\/\/api.w.org\/{rel}","templated":true}]}}