{"id":85731,"date":"2026-03-13T02:26:00","date_gmt":"2026-03-13T07:26:00","guid":{"rendered":"https:\/\/akunq.net\/tr\/?p=85731"},"modified":"2026-03-13T02:26:01","modified_gmt":"2026-03-13T07:26:01","slug":"yerevanda-fransanin-ulusal-kahramani-ermeni-devrimci-misak-manusyanin-bustu-dikilecek","status":"publish","type":"post","link":"https:\/\/akunq.net\/tr\/?p=85731","title":{"rendered":"Yerevan\u2019da Fransa\u2019n\u0131n ulusal kahraman\u0131, Ermeni devrimci Misak Manu\u015fyan\u2019\u0131n b\u00fcst\u00fc dikilecek"},"content":{"rendered":"\n<p><strong><em>Frans\u0131z Direni\u015fi\u2019nin sava\u015f\u00e7\u0131lar\u0131ndan ve Fransa\u2019n\u0131n ulusal kahramanlar\u0131ndan Ermeni devrimci Misak Manu\u015fyan\u2019\u0131n b\u00fcst\u00fc Yerevan\u2019\u0131n merkezindeki parklardan birine yerle\u015ftirilecek. S\u00f6z konusu park da Manu\u015fyan\u2019\u0131n ad\u0131n\u0131 ta\u015f\u0131yor.<\/em><\/strong><\/p>\n\n\n\n<p>Karar, 12 Mart\u2019ta yap\u0131lan Yerevan Belediye Meclisi toplant\u0131s\u0131nda kabul edildi.<\/p>\n\n\n\n<p>Kararla ilgili konu\u015fan Yerevan Belediye Ba\u015fkan\u0131 Tigran Avinyan, \u201cBu, yar\u0131\u015fma s\u00fcreci sonucunda se\u00e7ilen olduk\u00e7a ilgin\u00e7 bir eser. B\u00fcst\u00fc Misak Manu\u015fyan\u2019\u0131n ad\u0131n\u0131 ta\u015f\u0131yan parkta yerle\u015ftirece\u011fiz\u201d dedi.<\/p>\n\n\n\n<p>Ermeni \u015fair, Frans\u0131z Direni\u015fi\u2019nin sava\u015f\u00e7\u0131s\u0131, antifa\u015fist ve Fransa\u2019n\u0131n ulusal kahraman\u0131 olan Misak Manu\u015fyan, \u0130kinci D\u00fcnya Sava\u015f\u0131 s\u0131ras\u0131nda Avrupa\u2019n\u0131n farkl\u0131 \u00fclkelerinden gelen g\u00f6\u00e7menlerden, aralar\u0131nda \u00e7ok say\u0131da Yahudi\u2019nin de bulundu\u011fu bir direni\u015f grubunun liderli\u011fini yapt\u0131. Bu grup Nazi i\u015fgaline kar\u015f\u0131 sabotaj eylemleri ger\u00e7ekle\u015ftirdi.<\/p>\n\n\n\n<p>Manu\u015fyan\u2019\u0131n grubunun Frans\u0131z Direni\u015fi i\u00e7indeki en aktif gruplardan biri oldu\u011fu kabul ediliyor. Manu\u015fyan ve bir\u00e7ok arkada\u015f\u0131 Kas\u0131m 1943\u2019te tutukland\u0131 ve 21 \u015eubat 1944\u2019te Naziler taraf\u0131ndan idam edildi. Manu\u015fyan, Frans\u0131z Direni\u015fi\u2019nin kahramanlar\u0131ndan biri olarak kabul ediliyor.<\/p>\n\n\n\n<p><strong><em>Kaynak:\u00a0<a href=\"https:\/\/ermenihaber.am\/kategori\/social\/\">Ermeni Haber<\/a><\/em><\/strong><\/p>\n","protected":false},"excerpt":{"rendered":"<p>Frans\u0131z Direni\u015fi\u2019nin sava\u015f\u00e7\u0131lar\u0131ndan ve Fransa\u2019n\u0131n ulusal kahramanlar\u0131ndan Ermeni devrimci Misak Manu\u015fyan\u2019\u0131n b\u00fcst\u00fc Yerevan\u2019\u0131n merkezindeki parklardan birine yerle\u015ftirilecek. S\u00f6z konusu park da Manu\u015fyan\u2019\u0131n ad\u0131n\u0131 ta\u015f\u0131yor. Karar, 12 Mart\u2019ta yap\u0131lan Yerevan Belediye Meclisi toplant\u0131s\u0131nda kabul edildi. Kararla ilgili konu\u015fan Yerevan Belediye Ba\u015fkan\u0131 Tigran Avinyan, \u201cBu, yar\u0131\u015fma s\u00fcreci sonucunda se\u00e7ilen olduk\u00e7a ilgin\u00e7 bir eser. B\u00fcst\u00fc Misak Manu\u015fyan\u2019\u0131n ad\u0131n\u0131 [&hellip;]<\/p>\n","protected":false},"author":1,"featured_media":85732,"comment_status":"open","ping_status":"open","sticky":false,"template":"","format":"standard","meta":{"footnotes":""},"categories":[1],"tags":[],"class_list":["post-85731","post","type-post","status-publish","format-standard","has-post-thumbnail","hentry","category-haberler"],"yoast_head":"<!-- This site is optimized with the Yoast SEO plugin v27.4 - https:\/\/yoast.com\/product\/yoast-seo-wordpress\/ -->\n<title>Yerevan\u2019da Fransa\u2019n\u0131n ulusal kahraman\u0131, Ermeni devrimci Misak Manu\u015fyan\u2019\u0131n b\u00fcst\u00fc dikilecek - Bati Ermenistan Ve Bati Ermenileri Sorunlari Ara\u015ftirmalar Merkezi<\/title>\n<meta name=\"robots\" content=\"index, follow, max-snippet:-1, max-image-preview:large, max-video-preview:-1\" \/>\n<link rel=\"canonical\" href=\"https:\/\/akunq.net\/tr\/?p=85731\" \/>\n<meta property=\"og:locale\" content=\"en_US\" \/>\n<meta property=\"og:type\" content=\"article\" \/>\n<meta property=\"og:title\" content=\"Yerevan\u2019da Fransa\u2019n\u0131n ulusal kahraman\u0131, Ermeni devrimci Misak Manu\u015fyan\u2019\u0131n b\u00fcst\u00fc dikilecek - Bati Ermenistan Ve Bati Ermenileri Sorunlari Ara\u015ftirmalar Merkezi\" \/>\n<meta property=\"og:description\" content=\"Frans\u0131z Direni\u015fi\u2019nin sava\u015f\u00e7\u0131lar\u0131ndan ve Fransa\u2019n\u0131n ulusal kahramanlar\u0131ndan Ermeni devrimci Misak Manu\u015fyan\u2019\u0131n b\u00fcst\u00fc Yerevan\u2019\u0131n merkezindeki parklardan birine yerle\u015ftirilecek. S\u00f6z konusu park da Manu\u015fyan\u2019\u0131n ad\u0131n\u0131 ta\u015f\u0131yor. Karar, 12 Mart\u2019ta yap\u0131lan Yerevan Belediye Meclisi toplant\u0131s\u0131nda kabul edildi. Kararla ilgili konu\u015fan Yerevan Belediye Ba\u015fkan\u0131 Tigran Avinyan, \u201cBu, yar\u0131\u015fma s\u00fcreci sonucunda se\u00e7ilen olduk\u00e7a ilgin\u00e7 bir eser. B\u00fcst\u00fc Misak Manu\u015fyan\u2019\u0131n ad\u0131n\u0131 [&hellip;]\" \/>\n<meta property=\"og:url\" content=\"https:\/\/akunq.net\/tr\/?p=85731\" \/>\n<meta property=\"og:site_name\" content=\"Bati Ermenistan Ve Bati Ermenileri Sorunlari Ara\u015ftirmalar Merkezi\" \/>\n<meta property=\"article:published_time\" content=\"2026-03-13T07:26:00+00:00\" \/>\n<meta property=\"article:modified_time\" content=\"2026-03-13T07:26:01+00:00\" \/>\n<meta property=\"og:image\" content=\"https:\/\/akunq.net\/tr\/wp-content\/uploads\/sites\/6\/2026\/03\/Misak-Manusyan.jpg\" \/>\n\t<meta property=\"og:image:width\" content=\"1140\" \/>\n\t<meta property=\"og:image:height\" content=\"760\" \/>\n\t<meta property=\"og:image:type\" content=\"image\/jpeg\" \/>\n<meta name=\"author\" content=\"admin\" \/>\n<meta name=\"twitter:card\" content=\"summary_large_image\" \/>\n<meta name=\"twitter:label1\" content=\"Written by\" \/>\n\t<meta name=\"twitter:data1\" content=\"admin\" \/>\n\t<meta name=\"twitter:label2\" content=\"Est. reading time\" \/>\n\t<meta name=\"twitter:data2\" content=\"1 minute\" \/>\n<script type=\"application\/ld+json\" class=\"yoast-schema-graph\">{\"@context\":\"https:\\\/\\\/schema.org\",\"@graph\":[{\"@type\":\"Article\",\"@id\":\"https:\\\/\\\/akunq.net\\\/tr\\\/?p=85731#article\",\"isPartOf\":{\"@id\":\"https:\\\/\\\/akunq.net\\\/tr\\\/?p=85731\"},\"author\":{\"name\":\"admin\",\"@id\":\"https:\\\/\\\/akunq.net\\\/tr\\\/#\\\/schema\\\/person\\\/42a46675f00a8f1e84520e8c56500de3\"},\"headline\":\"Yerevan\u2019da Fransa\u2019n\u0131n ulusal kahraman\u0131, Ermeni devrimci Misak Manu\u015fyan\u2019\u0131n b\u00fcst\u00fc dikilecek\",\"datePublished\":\"2026-03-13T07:26:00+00:00\",\"dateModified\":\"2026-03-13T07:26:01+00:00\",\"mainEntityOfPage\":{\"@id\":\"https:\\\/\\\/akunq.net\\\/tr\\\/?p=85731\"},\"wordCount\":224,\"commentCount\":0,\"image\":{\"@id\":\"https:\\\/\\\/akunq.net\\\/tr\\\/?p=85731#primaryimage\"},\"thumbnailUrl\":\"https:\\\/\\\/akunq.net\\\/tr\\\/wp-content\\\/uploads\\\/sites\\\/6\\\/2026\\\/03\\\/Misak-Manusyan.jpg\",\"articleSection\":[\"Haberler\"],\"inLanguage\":\"en-US\",\"potentialAction\":[{\"@type\":\"CommentAction\",\"name\":\"Comment\",\"target\":[\"https:\\\/\\\/akunq.net\\\/tr\\\/?p=85731#respond\"]}]},{\"@type\":\"WebPage\",\"@id\":\"https:\\\/\\\/akunq.net\\\/tr\\\/?p=85731\",\"url\":\"https:\\\/\\\/akunq.net\\\/tr\\\/?p=85731\",\"name\":\"Yerevan\u2019da Fransa\u2019n\u0131n ulusal kahraman\u0131, Ermeni devrimci Misak Manu\u015fyan\u2019\u0131n b\u00fcst\u00fc dikilecek - Bati Ermenistan Ve Bati Ermenileri Sorunlari Ara\u015ftirmalar Merkezi\",\"isPartOf\":{\"@id\":\"https:\\\/\\\/akunq.net\\\/tr\\\/#website\"},\"primaryImageOfPage\":{\"@id\":\"https:\\\/\\\/akunq.net\\\/tr\\\/?p=85731#primaryimage\"},\"image\":{\"@id\":\"https:\\\/\\\/akunq.net\\\/tr\\\/?p=85731#primaryimage\"},\"thumbnailUrl\":\"https:\\\/\\\/akunq.net\\\/tr\\\/wp-content\\\/uploads\\\/sites\\\/6\\\/2026\\\/03\\\/Misak-Manusyan.jpg\",\"datePublished\":\"2026-03-13T07:26:00+00:00\",\"dateModified\":\"2026-03-13T07:26:01+00:00\",\"author\":{\"@id\":\"https:\\\/\\\/akunq.net\\\/tr\\\/#\\\/schema\\\/person\\\/42a46675f00a8f1e84520e8c56500de3\"},\"breadcrumb\":{\"@id\":\"https:\\\/\\\/akunq.net\\\/tr\\\/?p=85731#breadcrumb\"},\"inLanguage\":\"en-US\",\"potentialAction\":[{\"@type\":\"ReadAction\",\"target\":[\"https:\\\/\\\/akunq.net\\\/tr\\\/?p=85731\"]}]},{\"@type\":\"ImageObject\",\"inLanguage\":\"en-US\",\"@id\":\"https:\\\/\\\/akunq.net\\\/tr\\\/?p=85731#primaryimage\",\"url\":\"https:\\\/\\\/akunq.net\\\/tr\\\/wp-content\\\/uploads\\\/sites\\\/6\\\/2026\\\/03\\\/Misak-Manusyan.jpg\",\"contentUrl\":\"https:\\\/\\\/akunq.net\\\/tr\\\/wp-content\\\/uploads\\\/sites\\\/6\\\/2026\\\/03\\\/Misak-Manusyan.jpg\",\"width\":1140,\"height\":760},{\"@type\":\"BreadcrumbList\",\"@id\":\"https:\\\/\\\/akunq.net\\\/tr\\\/?p=85731#breadcrumb\",\"itemListElement\":[{\"@type\":\"ListItem\",\"position\":1,\"name\":\"Home\",\"item\":\"https:\\\/\\\/akunq.net\\\/tr\"},{\"@type\":\"ListItem\",\"position\":2,\"name\":\"Yerevan\u2019da Fransa\u2019n\u0131n ulusal kahraman\u0131, Ermeni devrimci Misak Manu\u015fyan\u2019\u0131n b\u00fcst\u00fc dikilecek\"}]},{\"@type\":\"WebSite\",\"@id\":\"https:\\\/\\\/akunq.net\\\/tr\\\/#website\",\"url\":\"https:\\\/\\\/akunq.net\\\/tr\\\/\",\"name\":\"Bati Ermenistan Ve Bati Ermenileri Sorunlari Ara\u015ftirmalar Merkezi\",\"description\":\"\",\"potentialAction\":[{\"@type\":\"SearchAction\",\"target\":{\"@type\":\"EntryPoint\",\"urlTemplate\":\"https:\\\/\\\/akunq.net\\\/tr\\\/?s={search_term_string}\"},\"query-input\":{\"@type\":\"PropertyValueSpecification\",\"valueRequired\":true,\"valueName\":\"search_term_string\"}}],\"inLanguage\":\"en-US\"},{\"@type\":\"Person\",\"@id\":\"https:\\\/\\\/akunq.net\\\/tr\\\/#\\\/schema\\\/person\\\/42a46675f00a8f1e84520e8c56500de3\",\"name\":\"admin\",\"url\":\"https:\\\/\\\/akunq.net\\\/tr\\\/?author=1\"}]}<\/script>\n<!-- \/ Yoast SEO plugin. -->","yoast_head_json":{"title":"Yerevan\u2019da Fransa\u2019n\u0131n ulusal kahraman\u0131, Ermeni devrimci Misak Manu\u015fyan\u2019\u0131n b\u00fcst\u00fc dikilecek - Bati Ermenistan Ve Bati Ermenileri Sorunlari Ara\u015ftirmalar Merkezi","robots":{"index":"index","follow":"follow","max-snippet":"max-snippet:-1","max-image-preview":"max-image-preview:large","max-video-preview":"max-video-preview:-1"},"canonical":"https:\/\/akunq.net\/tr\/?p=85731","og_locale":"en_US","og_type":"article","og_title":"Yerevan\u2019da Fransa\u2019n\u0131n ulusal kahraman\u0131, Ermeni devrimci Misak Manu\u015fyan\u2019\u0131n b\u00fcst\u00fc dikilecek - Bati Ermenistan Ve Bati Ermenileri Sorunlari Ara\u015ftirmalar Merkezi","og_description":"Frans\u0131z Direni\u015fi\u2019nin sava\u015f\u00e7\u0131lar\u0131ndan ve Fransa\u2019n\u0131n ulusal kahramanlar\u0131ndan Ermeni devrimci Misak Manu\u015fyan\u2019\u0131n b\u00fcst\u00fc Yerevan\u2019\u0131n merkezindeki parklardan birine yerle\u015ftirilecek. S\u00f6z konusu park da Manu\u015fyan\u2019\u0131n ad\u0131n\u0131 ta\u015f\u0131yor. Karar, 12 Mart\u2019ta yap\u0131lan Yerevan Belediye Meclisi toplant\u0131s\u0131nda kabul edildi. Kararla ilgili konu\u015fan Yerevan Belediye Ba\u015fkan\u0131 Tigran Avinyan, \u201cBu, yar\u0131\u015fma s\u00fcreci sonucunda se\u00e7ilen olduk\u00e7a ilgin\u00e7 bir eser. B\u00fcst\u00fc Misak Manu\u015fyan\u2019\u0131n ad\u0131n\u0131 [&hellip;]","og_url":"https:\/\/akunq.net\/tr\/?p=85731","og_site_name":"Bati Ermenistan Ve Bati Ermenileri Sorunlari Ara\u015ftirmalar Merkezi","article_published_time":"2026-03-13T07:26:00+00:00","article_modified_time":"2026-03-13T07:26:01+00:00","og_image":[{"width":1140,"height":760,"url":"https:\/\/akunq.net\/tr\/wp-content\/uploads\/sites\/6\/2026\/03\/Misak-Manusyan.jpg","type":"image\/jpeg"}],"author":"admin","twitter_card":"summary_large_image","twitter_misc":{"Written by":"admin","Est. reading time":"1 minute"},"schema":{"@context":"https:\/\/schema.org","@graph":[{"@type":"Article","@id":"https:\/\/akunq.net\/tr\/?p=85731#article","isPartOf":{"@id":"https:\/\/akunq.net\/tr\/?p=85731"},"author":{"name":"admin","@id":"https:\/\/akunq.net\/tr\/#\/schema\/person\/42a46675f00a8f1e84520e8c56500de3"},"headline":"Yerevan\u2019da Fransa\u2019n\u0131n ulusal kahraman\u0131, Ermeni devrimci Misak Manu\u015fyan\u2019\u0131n b\u00fcst\u00fc dikilecek","datePublished":"2026-03-13T07:26:00+00:00","dateModified":"2026-03-13T07:26:01+00:00","mainEntityOfPage":{"@id":"https:\/\/akunq.net\/tr\/?p=85731"},"wordCount":224,"commentCount":0,"image":{"@id":"https:\/\/akunq.net\/tr\/?p=85731#primaryimage"},"thumbnailUrl":"https:\/\/akunq.net\/tr\/wp-content\/uploads\/sites\/6\/2026\/03\/Misak-Manusyan.jpg","articleSection":["Haberler"],"inLanguage":"en-US","potentialAction":[{"@type":"CommentAction","name":"Comment","target":["https:\/\/akunq.net\/tr\/?p=85731#respond"]}]},{"@type":"WebPage","@id":"https:\/\/akunq.net\/tr\/?p=85731","url":"https:\/\/akunq.net\/tr\/?p=85731","name":"Yerevan\u2019da Fransa\u2019n\u0131n ulusal kahraman\u0131, Ermeni devrimci Misak Manu\u015fyan\u2019\u0131n b\u00fcst\u00fc dikilecek - Bati Ermenistan Ve Bati Ermenileri Sorunlari Ara\u015ftirmalar Merkezi","isPartOf":{"@id":"https:\/\/akunq.net\/tr\/#website"},"primaryImageOfPage":{"@id":"https:\/\/akunq.net\/tr\/?p=85731#primaryimage"},"image":{"@id":"https:\/\/akunq.net\/tr\/?p=85731#primaryimage"},"thumbnailUrl":"https:\/\/akunq.net\/tr\/wp-content\/uploads\/sites\/6\/2026\/03\/Misak-Manusyan.jpg","datePublished":"2026-03-13T07:26:00+00:00","dateModified":"2026-03-13T07:26:01+00:00","author":{"@id":"https:\/\/akunq.net\/tr\/#\/schema\/person\/42a46675f00a8f1e84520e8c56500de3"},"breadcrumb":{"@id":"https:\/\/akunq.net\/tr\/?p=85731#breadcrumb"},"inLanguage":"en-US","potentialAction":[{"@type":"ReadAction","target":["https:\/\/akunq.net\/tr\/?p=85731"]}]},{"@type":"ImageObject","inLanguage":"en-US","@id":"https:\/\/akunq.net\/tr\/?p=85731#primaryimage","url":"https:\/\/akunq.net\/tr\/wp-content\/uploads\/sites\/6\/2026\/03\/Misak-Manusyan.jpg","contentUrl":"https:\/\/akunq.net\/tr\/wp-content\/uploads\/sites\/6\/2026\/03\/Misak-Manusyan.jpg","width":1140,"height":760},{"@type":"BreadcrumbList","@id":"https:\/\/akunq.net\/tr\/?p=85731#breadcrumb","itemListElement":[{"@type":"ListItem","position":1,"name":"Home","item":"https:\/\/akunq.net\/tr"},{"@type":"ListItem","position":2,"name":"Yerevan\u2019da Fransa\u2019n\u0131n ulusal kahraman\u0131, Ermeni devrimci Misak Manu\u015fyan\u2019\u0131n b\u00fcst\u00fc dikilecek"}]},{"@type":"WebSite","@id":"https:\/\/akunq.net\/tr\/#website","url":"https:\/\/akunq.net\/tr\/","name":"Bati Ermenistan Ve Bati Ermenileri Sorunlari Ara\u015ftirmalar Merkezi","description":"","potentialAction":[{"@type":"SearchAction","target":{"@type":"EntryPoint","urlTemplate":"https:\/\/akunq.net\/tr\/?s={search_term_string}"},"query-input":{"@type":"PropertyValueSpecification","valueRequired":true,"valueName":"search_term_string"}}],"inLanguage":"en-US"},{"@type":"Person","@id":"https:\/\/akunq.net\/tr\/#\/schema\/person\/42a46675f00a8f1e84520e8c56500de3","name":"admin","url":"https:\/\/akunq.net\/tr\/?author=1"}]}},"_links":{"self":[{"href":"https:\/\/akunq.net\/tr\/index.php?rest_route=\/wp\/v2\/posts\/85731","targetHints":{"allow":["GET"]}}],"collection":[{"href":"https:\/\/akunq.net\/tr\/index.php?rest_route=\/wp\/v2\/posts"}],"about":[{"href":"https:\/\/akunq.net\/tr\/index.php?rest_route=\/wp\/v2\/types\/post"}],"author":[{"embeddable":true,"href":"https:\/\/akunq.net\/tr\/index.php?rest_route=\/wp\/v2\/users\/1"}],"replies":[{"embeddable":true,"href":"https:\/\/akunq.net\/tr\/index.php?rest_route=%2Fwp%2Fv2%2Fcomments&post=85731"}],"version-history":[{"count":1,"href":"https:\/\/akunq.net\/tr\/index.php?rest_route=\/wp\/v2\/posts\/85731\/revisions"}],"predecessor-version":[{"id":85733,"href":"https:\/\/akunq.net\/tr\/index.php?rest_route=\/wp\/v2\/posts\/85731\/revisions\/85733"}],"wp:featuredmedia":[{"embeddable":true,"href":"https:\/\/akunq.net\/tr\/index.php?rest_route=\/wp\/v2\/media\/85732"}],"wp:attachment":[{"href":"https:\/\/akunq.net\/tr\/index.php?rest_route=%2Fwp%2Fv2%2Fmedia&parent=85731"}],"wp:term":[{"taxonomy":"category","embeddable":true,"href":"https:\/\/akunq.net\/tr\/index.php?rest_route=%2Fwp%2Fv2%2Fcategories&post=85731"},{"taxonomy":"post_tag","embeddable":true,"href":"https:\/\/akunq.net\/tr\/index.php?rest_route=%2Fwp%2Fv2%2Ftags&post=85731"}],"curies":[{"name":"wp","href":"https:\/\/api.w.org\/{rel}","templated":true}]}}