{"id":85727,"date":"2026-03-12T01:14:41","date_gmt":"2026-03-12T06:14:41","guid":{"rendered":"https:\/\/akunq.net\/tr\/?p=85727"},"modified":"2026-03-12T01:14:41","modified_gmt":"2026-03-12T06:14:41","slug":"okullarda-dini-gunlerin-dili-kultur-ve-toplumsal-degerler","status":"publish","type":"post","link":"https:\/\/akunq.net\/tr\/?p=85727","title":{"rendered":"Okullarda dini g\u00fcnlerin dili: K\u00fclt\u00fcr ve toplumsal de\u011ferler"},"content":{"rendered":"\n<p><strong><em>Ramazan ay\u0131 \u00f6ncesinde Mill\u00ee E\u011fitim Bakanl\u0131\u011f\u0131\u2019n\u0131n okullara g\u00f6nderdi\u011fi etkinlik yaz\u0131s\u0131, baz\u0131 \u00e7evreler taraf\u0131ndan ele\u015ftirilirken, tart\u0131\u015fman\u0131n merkezine \u201cokullarda dini i\u00e7erik\u201d ba\u015fl\u0131\u011f\u0131 yerle\u015fti. Okullarda dini g\u00fcnlere ili\u015fkin uygulamalar, ibadet y\u00f6nlendirmesinden ziyade k\u00fclt\u00fcrel aktar\u0131m ve toplumsal de\u011ferler oda\u011f\u0131nda y\u00fcr\u00fct\u00fcl\u00fcyor. Az\u0131nl\u0131k okullar\u0131 ve uluslararas\u0131 \u00f6rnekler, bu yakla\u015f\u0131m\u0131n e\u011fitim sistemlerinde yeni olmad\u0131\u011f\u0131n\u0131 ortaya koyuyor.<\/em><\/strong><\/p>\n\n\n\n<p><strong>CEYDA KARAASLAN<\/strong><\/p>\n\n\n\n<p>T\u00fcrkiye\u2019deki az\u0131nl\u0131k okullar\u0131, \u00f6zel bir stat\u00fcye sahip olmadan, di\u011fer t\u00fcm okullar gibi MEB mevzuat\u0131na ba\u011fl\u0131 olarak e\u011fitim veriyor. E\u011fitim-\u00f6\u011fretim takvimi, resm\u00ee tatiller, \u00f6l\u00e7me ve de\u011ferlendirme s\u00fcre\u00e7leri bu okullarda da ayn\u0131 \u015fekilde uygulan\u0131yor. Ramazan ve Kurban Bayram\u0131, az\u0131nl\u0131k okullar\u0131nda da resm\u00ee tatil olarak kabul ediliyor. Buna kar\u015f\u0131l\u0131k, cemaatlere \u00f6zg\u00fc dini bayramlar MEB takviminde tatil g\u00fcn\u00fc olarak yer alm\u0131yor. Ancak uygulamada \u00f6\u011frenciler bu g\u00fcnlerde izinli say\u0131l\u0131yor, s\u0131nav ve devams\u0131zl\u0131k konusunda telafi imk\u00e2n\u0131 tan\u0131n\u0131yor. Bu yakla\u015f\u0131m, \u201ctatil de\u011fil, esneklik\u201d modeli olarak \u00f6ne \u00e7\u0131k\u0131yor.<\/p>\n\n\n\n<p><strong>K\u00dcLT\u00dcR VAR, ZORUNLULUK YOK<\/strong><\/p>\n\n\n\n<p>Ermeni okullar\u0131nda Surp Dz\u0131nunt (\u0130sa\u2019n\u0131n Do\u011fu\u015fu) ve Surp Zadig (Paskalya), Rum okullar\u0131nda Noel ve Paskalya, Musevi okullar\u0131nda ise Ro\u015f A\u015fana, Yom Kipur ve Pesah gibi dini g\u00fcnler; ders program\u0131 i\u00e7ine ibadet i\u00e7eri\u011fiyle al\u0131nm\u0131yor. Bu g\u00fcnler, daha \u00e7ok dil, tarih ve k\u00fclt\u00fcr dersleri kapsam\u0131nda, cemaatlerin k\u00fclt\u00fcrel haf\u0131zas\u0131n\u0131n bir par\u00e7as\u0131 olarak ele al\u0131n\u0131yor. Okul i\u00e7inde zorunlu t\u00f6ren ya da ayinsel uygulamalar yap\u0131lm\u0131yor. Etkinlikler g\u00f6n\u00fcll\u00fcl\u00fck esas\u0131na dayan\u0131yor; bilgilendirici sunumlar, k\u00fclt\u00fcrel panolar veya sembolik anlat\u0131mlarla s\u0131n\u0131rl\u0131 tutuluyor. Dini rit\u00fceller ise okul d\u0131\u015f\u0131ndaki cemaat mek\u00e2nlar\u0131nda ger\u00e7ekle\u015ftiriliyor.<\/p>\n\n\n\n<p><strong>D\u00dcNYADA NASIL?<\/strong><\/p>\n\n\n\n<p>Farkl\u0131 \u00fclkelerde devlet okullar\u0131nda dini g\u00fcnlere yakla\u015f\u0131m e\u011fitim sisteminin yap\u0131s\u0131na ve laiklik anlay\u0131\u015f\u0131na g\u00f6re de\u011fi\u015fiyor.<\/p>\n\n\n\n<p>-\u0130ngiltere\u2019de mevzuata g\u00f6re devlet okullar\u0131nda \u00f6\u011frenciler i\u00e7in g\u00fcnl\u00fck \u201ckolektif ibadet\u201d denilen geleneksel toplu dua uygulamas\u0131 bulunuyor. Uygulama \u00e7o\u011funlukla Hristiyan gelenekleri \u00e7er\u00e7evesinde y\u00fcr\u00fct\u00fcl\u00fcyor, ancak veliler \u00e7ocuklar\u0131n\u0131 bu etkinlikten muaf tutabiliyor.<\/p>\n\n\n\n<p>-\u0130srail\u2019de devlet okullar\u0131nda Yahudi dini bayramlar\u0131 e\u011fitim takviminin do\u011fal bir par\u00e7as\u0131 kabul ediliyor. Bayram d\u00f6nemlerinde derslerde tarihsel ve k\u00fclt\u00fcrel anlat\u0131mlar yap\u0131l\u0131rken baz\u0131 okullarda dini geleneklere ili\u015fkin sembolik uygulamalar da yer alabiliyor.<\/p>\n\n\n\n<p>-Yunanistan gibi Ortodoks gelene\u011fin g\u00fc\u00e7l\u00fc oldu\u011fu \u00fclkelerde ise baz\u0131 okullarda y\u0131l\u0131n belirli d\u00f6nemlerinde dini t\u00f6renler yap\u0131labiliyor.<\/p>\n\n\n\n<p>-Fransa\u2019da ise kat\u0131 laiklik modeli nedeniyle devlet okullar\u0131nda dini rit\u00fcellere yer verilmiyor; dini g\u00fcnler daha \u00e7ok k\u00fclt\u00fcrel bilgi kapsam\u0131nda ele al\u0131n\u0131yor.<\/p>\n\n\n\n<p>-Suudi Arabistan\u2019da e\u011fitim sistemi \u0130slami kurallar temelinde yap\u0131land\u0131r\u0131lm\u0131\u015ft\u0131r. G\u00fcnl\u00fck namaz vakitlerinde derslere ara veriliyor. K\u0131z ve erkek \u00f6\u011frenciler ayr\u0131 okullarda e\u011fitim g\u00f6r\u00fcyor.<\/p>\n\n\n\n<p><strong>LA\u0130KL\u0130K TARTI\u015eMASI NEREDE DURUYOR?<\/strong><\/p>\n\n\n\n<p>E\u011fitim hukuk\u00e7ular\u0131, laikli\u011fin dinin tamamen yok say\u0131lmas\u0131 anlam\u0131na gelmedi\u011fine dikkat \u00e7ekiyor. Devletin farkl\u0131 inan\u00e7lara e\u015fit mesafede durmas\u0131, bu \u00e7er\u00e7evede k\u00fclt\u00fcrel anlat\u0131mlara alan a\u00e7\u0131lmas\u0131, bir\u00e7ok \u00fclkede e\u011fitim sisteminin par\u00e7as\u0131 olarak g\u00f6r\u00fcl\u00fcyor.<\/p>\n\n\n\n<hr class=\"wp-block-separator has-alpha-channel-opacity\"\/>\n\n\n\n<p><a href=\"https:\/\/www.sabah.com.tr\/yasam\/okullarda-dini-gunlerin-dili-kultur-ve-toplumsal-degerler-7539579\" target=\"_blank\" rel=\"noreferrer noopener\"><strong><em>Sabah Gazetesi<\/em><\/strong><\/a><\/p>\n\n\n\n<p><\/p>\n","protected":false},"excerpt":{"rendered":"<p>Ramazan ay\u0131 \u00f6ncesinde Mill\u00ee E\u011fitim Bakanl\u0131\u011f\u0131\u2019n\u0131n okullara g\u00f6nderdi\u011fi etkinlik yaz\u0131s\u0131, baz\u0131 \u00e7evreler taraf\u0131ndan ele\u015ftirilirken, tart\u0131\u015fman\u0131n merkezine \u201cokullarda dini i\u00e7erik\u201d ba\u015fl\u0131\u011f\u0131 yerle\u015fti. Okullarda dini g\u00fcnlere ili\u015fkin uygulamalar, ibadet y\u00f6nlendirmesinden ziyade k\u00fclt\u00fcrel aktar\u0131m ve toplumsal de\u011ferler oda\u011f\u0131nda y\u00fcr\u00fct\u00fcl\u00fcyor. Az\u0131nl\u0131k okullar\u0131 ve uluslararas\u0131 \u00f6rnekler, bu yakla\u015f\u0131m\u0131n e\u011fitim sistemlerinde yeni olmad\u0131\u011f\u0131n\u0131 ortaya koyuyor. CEYDA KARAASLAN T\u00fcrkiye\u2019deki az\u0131nl\u0131k okullar\u0131, \u00f6zel [&hellip;]<\/p>\n","protected":false},"author":1,"featured_media":85728,"comment_status":"open","ping_status":"open","sticky":false,"template":"","format":"standard","meta":{"footnotes":""},"categories":[1,92],"tags":[],"class_list":["post-85727","post","type-post","status-publish","format-standard","has-post-thumbnail","hentry","category-haberler","category-turkiyede-azinliklar"],"yoast_head":"<!-- This site is optimized with the Yoast SEO plugin v27.4 - https:\/\/yoast.com\/product\/yoast-seo-wordpress\/ -->\n<title>Okullarda dini g\u00fcnlerin dili: K\u00fclt\u00fcr ve toplumsal de\u011ferler - Bati Ermenistan Ve Bati Ermenileri Sorunlari Ara\u015ftirmalar Merkezi<\/title>\n<meta name=\"robots\" content=\"index, follow, max-snippet:-1, max-image-preview:large, max-video-preview:-1\" \/>\n<link rel=\"canonical\" href=\"https:\/\/akunq.net\/tr\/?p=85727\" \/>\n<meta property=\"og:locale\" content=\"en_US\" \/>\n<meta property=\"og:type\" content=\"article\" \/>\n<meta property=\"og:title\" content=\"Okullarda dini g\u00fcnlerin dili: K\u00fclt\u00fcr ve toplumsal de\u011ferler - Bati Ermenistan Ve Bati Ermenileri Sorunlari Ara\u015ftirmalar Merkezi\" \/>\n<meta property=\"og:description\" content=\"Ramazan ay\u0131 \u00f6ncesinde Mill\u00ee E\u011fitim Bakanl\u0131\u011f\u0131\u2019n\u0131n okullara g\u00f6nderdi\u011fi etkinlik yaz\u0131s\u0131, baz\u0131 \u00e7evreler taraf\u0131ndan ele\u015ftirilirken, tart\u0131\u015fman\u0131n merkezine \u201cokullarda dini i\u00e7erik\u201d ba\u015fl\u0131\u011f\u0131 yerle\u015fti. Okullarda dini g\u00fcnlere ili\u015fkin uygulamalar, ibadet y\u00f6nlendirmesinden ziyade k\u00fclt\u00fcrel aktar\u0131m ve toplumsal de\u011ferler oda\u011f\u0131nda y\u00fcr\u00fct\u00fcl\u00fcyor. Az\u0131nl\u0131k okullar\u0131 ve uluslararas\u0131 \u00f6rnekler, bu yakla\u015f\u0131m\u0131n e\u011fitim sistemlerinde yeni olmad\u0131\u011f\u0131n\u0131 ortaya koyuyor. CEYDA KARAASLAN T\u00fcrkiye\u2019deki az\u0131nl\u0131k okullar\u0131, \u00f6zel [&hellip;]\" \/>\n<meta property=\"og:url\" content=\"https:\/\/akunq.net\/tr\/?p=85727\" \/>\n<meta property=\"og:site_name\" content=\"Bati Ermenistan Ve Bati Ermenileri Sorunlari Ara\u015ftirmalar Merkezi\" \/>\n<meta property=\"article:published_time\" content=\"2026-03-12T06:14:41+00:00\" \/>\n<meta property=\"og:image\" content=\"https:\/\/akunq.net\/tr\/wp-content\/uploads\/sites\/6\/2026\/03\/Okullar.webp\" \/>\n\t<meta property=\"og:image:width\" content=\"752\" \/>\n\t<meta property=\"og:image:height\" content=\"395\" \/>\n\t<meta property=\"og:image:type\" content=\"image\/webp\" \/>\n<meta name=\"author\" content=\"admin\" \/>\n<meta name=\"twitter:card\" content=\"summary_large_image\" \/>\n<meta name=\"twitter:label1\" content=\"Written by\" \/>\n\t<meta name=\"twitter:data1\" content=\"admin\" \/>\n\t<meta name=\"twitter:label2\" content=\"Est. reading time\" \/>\n\t<meta name=\"twitter:data2\" content=\"2 minutes\" \/>\n<script type=\"application\/ld+json\" class=\"yoast-schema-graph\">{\"@context\":\"https:\\\/\\\/schema.org\",\"@graph\":[{\"@type\":\"Article\",\"@id\":\"https:\\\/\\\/akunq.net\\\/tr\\\/?p=85727#article\",\"isPartOf\":{\"@id\":\"https:\\\/\\\/akunq.net\\\/tr\\\/?p=85727\"},\"author\":{\"name\":\"admin\",\"@id\":\"https:\\\/\\\/akunq.net\\\/tr\\\/#\\\/schema\\\/person\\\/42a46675f00a8f1e84520e8c56500de3\"},\"headline\":\"Okullarda dini g\u00fcnlerin dili: K\u00fclt\u00fcr ve toplumsal de\u011ferler\",\"datePublished\":\"2026-03-12T06:14:41+00:00\",\"mainEntityOfPage\":{\"@id\":\"https:\\\/\\\/akunq.net\\\/tr\\\/?p=85727\"},\"wordCount\":607,\"commentCount\":0,\"image\":{\"@id\":\"https:\\\/\\\/akunq.net\\\/tr\\\/?p=85727#primaryimage\"},\"thumbnailUrl\":\"https:\\\/\\\/akunq.net\\\/tr\\\/wp-content\\\/uploads\\\/sites\\\/6\\\/2026\\\/03\\\/Okullar.webp\",\"articleSection\":[\"Haberler\",\"T\u00fcrkiye\u2019de Az\u0131nl\u0131klar\"],\"inLanguage\":\"en-US\",\"potentialAction\":[{\"@type\":\"CommentAction\",\"name\":\"Comment\",\"target\":[\"https:\\\/\\\/akunq.net\\\/tr\\\/?p=85727#respond\"]}]},{\"@type\":\"WebPage\",\"@id\":\"https:\\\/\\\/akunq.net\\\/tr\\\/?p=85727\",\"url\":\"https:\\\/\\\/akunq.net\\\/tr\\\/?p=85727\",\"name\":\"Okullarda dini g\u00fcnlerin dili: K\u00fclt\u00fcr ve toplumsal de\u011ferler - Bati Ermenistan Ve Bati Ermenileri Sorunlari Ara\u015ftirmalar Merkezi\",\"isPartOf\":{\"@id\":\"https:\\\/\\\/akunq.net\\\/tr\\\/#website\"},\"primaryImageOfPage\":{\"@id\":\"https:\\\/\\\/akunq.net\\\/tr\\\/?p=85727#primaryimage\"},\"image\":{\"@id\":\"https:\\\/\\\/akunq.net\\\/tr\\\/?p=85727#primaryimage\"},\"thumbnailUrl\":\"https:\\\/\\\/akunq.net\\\/tr\\\/wp-content\\\/uploads\\\/sites\\\/6\\\/2026\\\/03\\\/Okullar.webp\",\"datePublished\":\"2026-03-12T06:14:41+00:00\",\"author\":{\"@id\":\"https:\\\/\\\/akunq.net\\\/tr\\\/#\\\/schema\\\/person\\\/42a46675f00a8f1e84520e8c56500de3\"},\"breadcrumb\":{\"@id\":\"https:\\\/\\\/akunq.net\\\/tr\\\/?p=85727#breadcrumb\"},\"inLanguage\":\"en-US\",\"potentialAction\":[{\"@type\":\"ReadAction\",\"target\":[\"https:\\\/\\\/akunq.net\\\/tr\\\/?p=85727\"]}]},{\"@type\":\"ImageObject\",\"inLanguage\":\"en-US\",\"@id\":\"https:\\\/\\\/akunq.net\\\/tr\\\/?p=85727#primaryimage\",\"url\":\"https:\\\/\\\/akunq.net\\\/tr\\\/wp-content\\\/uploads\\\/sites\\\/6\\\/2026\\\/03\\\/Okullar.webp\",\"contentUrl\":\"https:\\\/\\\/akunq.net\\\/tr\\\/wp-content\\\/uploads\\\/sites\\\/6\\\/2026\\\/03\\\/Okullar.webp\",\"width\":752,\"height\":395},{\"@type\":\"BreadcrumbList\",\"@id\":\"https:\\\/\\\/akunq.net\\\/tr\\\/?p=85727#breadcrumb\",\"itemListElement\":[{\"@type\":\"ListItem\",\"position\":1,\"name\":\"Home\",\"item\":\"https:\\\/\\\/akunq.net\\\/tr\"},{\"@type\":\"ListItem\",\"position\":2,\"name\":\"Okullarda dini g\u00fcnlerin dili: K\u00fclt\u00fcr ve toplumsal de\u011ferler\"}]},{\"@type\":\"WebSite\",\"@id\":\"https:\\\/\\\/akunq.net\\\/tr\\\/#website\",\"url\":\"https:\\\/\\\/akunq.net\\\/tr\\\/\",\"name\":\"Bati Ermenistan Ve Bati Ermenileri Sorunlari Ara\u015ftirmalar Merkezi\",\"description\":\"\",\"potentialAction\":[{\"@type\":\"SearchAction\",\"target\":{\"@type\":\"EntryPoint\",\"urlTemplate\":\"https:\\\/\\\/akunq.net\\\/tr\\\/?s={search_term_string}\"},\"query-input\":{\"@type\":\"PropertyValueSpecification\",\"valueRequired\":true,\"valueName\":\"search_term_string\"}}],\"inLanguage\":\"en-US\"},{\"@type\":\"Person\",\"@id\":\"https:\\\/\\\/akunq.net\\\/tr\\\/#\\\/schema\\\/person\\\/42a46675f00a8f1e84520e8c56500de3\",\"name\":\"admin\",\"url\":\"https:\\\/\\\/akunq.net\\\/tr\\\/?author=1\"}]}<\/script>\n<!-- \/ Yoast SEO plugin. -->","yoast_head_json":{"title":"Okullarda dini g\u00fcnlerin dili: K\u00fclt\u00fcr ve toplumsal de\u011ferler - Bati Ermenistan Ve Bati Ermenileri Sorunlari Ara\u015ftirmalar Merkezi","robots":{"index":"index","follow":"follow","max-snippet":"max-snippet:-1","max-image-preview":"max-image-preview:large","max-video-preview":"max-video-preview:-1"},"canonical":"https:\/\/akunq.net\/tr\/?p=85727","og_locale":"en_US","og_type":"article","og_title":"Okullarda dini g\u00fcnlerin dili: K\u00fclt\u00fcr ve toplumsal de\u011ferler - Bati Ermenistan Ve Bati Ermenileri Sorunlari Ara\u015ftirmalar Merkezi","og_description":"Ramazan ay\u0131 \u00f6ncesinde Mill\u00ee E\u011fitim Bakanl\u0131\u011f\u0131\u2019n\u0131n okullara g\u00f6nderdi\u011fi etkinlik yaz\u0131s\u0131, baz\u0131 \u00e7evreler taraf\u0131ndan ele\u015ftirilirken, tart\u0131\u015fman\u0131n merkezine \u201cokullarda dini i\u00e7erik\u201d ba\u015fl\u0131\u011f\u0131 yerle\u015fti. Okullarda dini g\u00fcnlere ili\u015fkin uygulamalar, ibadet y\u00f6nlendirmesinden ziyade k\u00fclt\u00fcrel aktar\u0131m ve toplumsal de\u011ferler oda\u011f\u0131nda y\u00fcr\u00fct\u00fcl\u00fcyor. Az\u0131nl\u0131k okullar\u0131 ve uluslararas\u0131 \u00f6rnekler, bu yakla\u015f\u0131m\u0131n e\u011fitim sistemlerinde yeni olmad\u0131\u011f\u0131n\u0131 ortaya koyuyor. CEYDA KARAASLAN T\u00fcrkiye\u2019deki az\u0131nl\u0131k okullar\u0131, \u00f6zel [&hellip;]","og_url":"https:\/\/akunq.net\/tr\/?p=85727","og_site_name":"Bati Ermenistan Ve Bati Ermenileri Sorunlari Ara\u015ftirmalar Merkezi","article_published_time":"2026-03-12T06:14:41+00:00","og_image":[{"width":752,"height":395,"url":"https:\/\/akunq.net\/tr\/wp-content\/uploads\/sites\/6\/2026\/03\/Okullar.webp","type":"image\/webp"}],"author":"admin","twitter_card":"summary_large_image","twitter_misc":{"Written by":"admin","Est. reading time":"2 minutes"},"schema":{"@context":"https:\/\/schema.org","@graph":[{"@type":"Article","@id":"https:\/\/akunq.net\/tr\/?p=85727#article","isPartOf":{"@id":"https:\/\/akunq.net\/tr\/?p=85727"},"author":{"name":"admin","@id":"https:\/\/akunq.net\/tr\/#\/schema\/person\/42a46675f00a8f1e84520e8c56500de3"},"headline":"Okullarda dini g\u00fcnlerin dili: K\u00fclt\u00fcr ve toplumsal de\u011ferler","datePublished":"2026-03-12T06:14:41+00:00","mainEntityOfPage":{"@id":"https:\/\/akunq.net\/tr\/?p=85727"},"wordCount":607,"commentCount":0,"image":{"@id":"https:\/\/akunq.net\/tr\/?p=85727#primaryimage"},"thumbnailUrl":"https:\/\/akunq.net\/tr\/wp-content\/uploads\/sites\/6\/2026\/03\/Okullar.webp","articleSection":["Haberler","T\u00fcrkiye\u2019de Az\u0131nl\u0131klar"],"inLanguage":"en-US","potentialAction":[{"@type":"CommentAction","name":"Comment","target":["https:\/\/akunq.net\/tr\/?p=85727#respond"]}]},{"@type":"WebPage","@id":"https:\/\/akunq.net\/tr\/?p=85727","url":"https:\/\/akunq.net\/tr\/?p=85727","name":"Okullarda dini g\u00fcnlerin dili: K\u00fclt\u00fcr ve toplumsal de\u011ferler - Bati Ermenistan Ve Bati Ermenileri Sorunlari Ara\u015ftirmalar Merkezi","isPartOf":{"@id":"https:\/\/akunq.net\/tr\/#website"},"primaryImageOfPage":{"@id":"https:\/\/akunq.net\/tr\/?p=85727#primaryimage"},"image":{"@id":"https:\/\/akunq.net\/tr\/?p=85727#primaryimage"},"thumbnailUrl":"https:\/\/akunq.net\/tr\/wp-content\/uploads\/sites\/6\/2026\/03\/Okullar.webp","datePublished":"2026-03-12T06:14:41+00:00","author":{"@id":"https:\/\/akunq.net\/tr\/#\/schema\/person\/42a46675f00a8f1e84520e8c56500de3"},"breadcrumb":{"@id":"https:\/\/akunq.net\/tr\/?p=85727#breadcrumb"},"inLanguage":"en-US","potentialAction":[{"@type":"ReadAction","target":["https:\/\/akunq.net\/tr\/?p=85727"]}]},{"@type":"ImageObject","inLanguage":"en-US","@id":"https:\/\/akunq.net\/tr\/?p=85727#primaryimage","url":"https:\/\/akunq.net\/tr\/wp-content\/uploads\/sites\/6\/2026\/03\/Okullar.webp","contentUrl":"https:\/\/akunq.net\/tr\/wp-content\/uploads\/sites\/6\/2026\/03\/Okullar.webp","width":752,"height":395},{"@type":"BreadcrumbList","@id":"https:\/\/akunq.net\/tr\/?p=85727#breadcrumb","itemListElement":[{"@type":"ListItem","position":1,"name":"Home","item":"https:\/\/akunq.net\/tr"},{"@type":"ListItem","position":2,"name":"Okullarda dini g\u00fcnlerin dili: K\u00fclt\u00fcr ve toplumsal de\u011ferler"}]},{"@type":"WebSite","@id":"https:\/\/akunq.net\/tr\/#website","url":"https:\/\/akunq.net\/tr\/","name":"Bati Ermenistan Ve Bati Ermenileri Sorunlari Ara\u015ftirmalar Merkezi","description":"","potentialAction":[{"@type":"SearchAction","target":{"@type":"EntryPoint","urlTemplate":"https:\/\/akunq.net\/tr\/?s={search_term_string}"},"query-input":{"@type":"PropertyValueSpecification","valueRequired":true,"valueName":"search_term_string"}}],"inLanguage":"en-US"},{"@type":"Person","@id":"https:\/\/akunq.net\/tr\/#\/schema\/person\/42a46675f00a8f1e84520e8c56500de3","name":"admin","url":"https:\/\/akunq.net\/tr\/?author=1"}]}},"_links":{"self":[{"href":"https:\/\/akunq.net\/tr\/index.php?rest_route=\/wp\/v2\/posts\/85727","targetHints":{"allow":["GET"]}}],"collection":[{"href":"https:\/\/akunq.net\/tr\/index.php?rest_route=\/wp\/v2\/posts"}],"about":[{"href":"https:\/\/akunq.net\/tr\/index.php?rest_route=\/wp\/v2\/types\/post"}],"author":[{"embeddable":true,"href":"https:\/\/akunq.net\/tr\/index.php?rest_route=\/wp\/v2\/users\/1"}],"replies":[{"embeddable":true,"href":"https:\/\/akunq.net\/tr\/index.php?rest_route=%2Fwp%2Fv2%2Fcomments&post=85727"}],"version-history":[{"count":1,"href":"https:\/\/akunq.net\/tr\/index.php?rest_route=\/wp\/v2\/posts\/85727\/revisions"}],"predecessor-version":[{"id":85729,"href":"https:\/\/akunq.net\/tr\/index.php?rest_route=\/wp\/v2\/posts\/85727\/revisions\/85729"}],"wp:featuredmedia":[{"embeddable":true,"href":"https:\/\/akunq.net\/tr\/index.php?rest_route=\/wp\/v2\/media\/85728"}],"wp:attachment":[{"href":"https:\/\/akunq.net\/tr\/index.php?rest_route=%2Fwp%2Fv2%2Fmedia&parent=85727"}],"wp:term":[{"taxonomy":"category","embeddable":true,"href":"https:\/\/akunq.net\/tr\/index.php?rest_route=%2Fwp%2Fv2%2Fcategories&post=85727"},{"taxonomy":"post_tag","embeddable":true,"href":"https:\/\/akunq.net\/tr\/index.php?rest_route=%2Fwp%2Fv2%2Ftags&post=85727"}],"curies":[{"name":"wp","href":"https:\/\/api.w.org\/{rel}","templated":true}]}}