{"id":85724,"date":"2026-03-12T01:00:52","date_gmt":"2026-03-12T06:00:52","guid":{"rendered":"https:\/\/akunq.net\/tr\/?p=85724"},"modified":"2026-03-12T01:00:52","modified_gmt":"2026-03-12T06:00:52","slug":"erdogan-hiristiyan-ve-musevi-temsilciler-ile-bulustu","status":"publish","type":"post","link":"https:\/\/akunq.net\/tr\/?p=85724","title":{"rendered":"Erdo\u011fan, H\u0131ristiyan ve Musevi temsilciler ile bulu\u015ftu"},"content":{"rendered":"\n<p><strong><em>K\u00fclliye\u2019de H\u0131ristiyan ve Musevi liderler ile temsilcileriyle iftar yeme\u011finde bir araya gelen Cumhurba\u015fkan\u0131 Tayyip Erdo\u011fan, &#8220;Farkl\u0131 inan\u00e7lara mensup vatanda\u015flar\u0131m\u0131z\u0131n akademide, b\u00fcrokraside, i\u015f d\u00fcnyas\u0131 ve siyasette aktif olmalar\u0131ndan b\u00fcy\u00fck bir memnuniyet duyuyoruz. \u0130n\u015fallah \u00f6n\u00fcm\u00fczdeki d\u00f6nemde sizlerle el birli\u011fi ve g\u00f6n\u00fcl birli\u011fi i\u00e7erisinde bu iklimi daha da g\u00fczelle\u015ftirmeye devam edece\u011fiz\u201d dedi.<\/em><\/strong><\/p>\n\n\n\n<p>AKP\u2019li Cumhurba\u015fkan\u0131 Tayyip Erdo\u011fan Erdo\u011fan, 10 Mart ak\u015fam\u0131 Cumhurba\u015fkanl\u0131\u011f\u0131 K\u00fclliyesi&#8217;nde T\u00fcrkiye\u2019deki H\u0131ristiyan ve Musevi ruhaniler ile iftar program\u0131nda bir araya geldi.<\/p>\n\n\n\n<h4 class=\"wp-block-heading\">Etkinli\u011fe kat\u0131lan 21 ruhani ve temsilcilerin isimleri \u015f\u00f6yle:<\/h4>\n\n\n\n<p>Fener Rum Patri\u011fi Bartholomeos, T\u00fcrkiye Ermenileri Patri\u011fi Sahak Ma\u015falyan, T\u00fcrkiye Musevileri Hahamba\u015f\u0131s\u0131 Rav David Sevi, \u0130stanbul ve Ankara S\u00fcryani Ortodoks Cemaati Ruhani Lideri ve Patrik Vekili Mor Fil\u00fcksinos Yusuf \u00c7etin, Turabdin ve Mor Gabriel Manast\u0131r\u0131 Metropoliti Mor Timotheos Samuel Akta\u015f, \u0130stanbul Latin Katolik Cemaati Episkoposu ve Papal\u0131k Vekili Sn.Massimiliano Palinuro, \u0130zmir Metropolitli\u011fi Ba\u015fpiskoposu Monseny\u00f6r Martin Kmetec, T\u00fcrkiye S\u00fcryani Katolik Cemaati Ruhani Lideri Orhan \u00c7anl\u0131, T\u00fcrkiye Ermeni Katolik Cemaati Ruhani Reisi Kerabaydzar Vartan Kirakos Kazanc\u0131yan, Kad\u0131k\u00f6y Rum Ortodoks Metropoliti Emanuel Adamakis, Hatay Anadolu Havarisel Vekilli\u011fi Yard\u0131mc\u0131 Episkopos Antuan Ilg\u0131t, T\u00fcrkiye Keldanileri Ruhani Lideri Mgr. Sabri Anar, Ermeni Vak\u0131flar Birli\u011fi (ERVAB) Ba\u015fkan\u0131 Bedros \u015eirino\u011flu, Bal\u0131kl\u0131 Rum Hastanesi Vakf\u0131 Ba\u015fkan\u0131 Konstantin Yuvanidis, T\u00fcrk Musevi Toplumu E\u015fba\u015fkan\u0131 Erol Kohen, T\u00fcrk Yahudi Cemaati Ba\u015fkan\u0131 \u0130sak \u0130brahimzadeh, S\u00fcryani Kadim Vakf\u0131 Ba\u015fkan\u0131 Kenan G\u00fcrdal, Mor Gabriel Manast\u0131r\u0131 Vakf\u0131 Ba\u015fkan\u0131 Kuryakus Erg\u00fcn, Kad\u0131k\u00f6y Rum Vakf\u0131 Ba\u015fkan Vekili Lena Ka\u00e7i A\u00e7\u0131k, Ermeni Katolik Cemaati Vakf\u0131 Ba\u015fkan\u0131 Antuan Sultano\u011flu ve \u0130stanbul S\u00fcryani Katolik Vak\u0131f Ba\u015fkan\u0131 M\u00fcnir \u00dc\u00e7karde\u015f.<\/p>\n\n\n\n<p>Ayr\u0131ca Cumhurba\u015fkan\u0131 Yard\u0131mc\u0131s\u0131 Cevdet Y\u0131lmaz, \u0130\u00e7i\u015fleri, K\u00fclt\u00fcr ve Turizm, Diyanet \u0130\u015fleri, Ba\u015fkanlar\u0131, Cumhurba\u015fkanl\u0131\u011f\u0131 \u00d6zel Kalem M\u00fcd\u00fcr\u00fc, Cumhurba\u015fkanl\u0131\u011f\u0131 Genel Sekreteri, Cumhurba\u015fkanl\u0131\u011f\u0131 \u0130leti\u015fim Ba\u015fkan\u0131, Cumhurba\u015fkan\u0131 D\u0131\u015f Politika ve G\u00fcvenlik Ba\u015fdan\u0131\u015fman\u0131, Cumhurba\u015fkanl\u0131\u011f\u0131 K\u00fclt\u00fcr ve Sanat Politikalar\u0131 Kurul \u00fcyesi, Vak\u0131flar Genel M\u00fcd\u00fcr\u00fc, AKP MKYK \u00fcyesi Sevan S\u0131vac\u0131o\u011flu da etkinlikte yer ald\u0131.<\/p>\n\n\n\n<p><img loading=\"lazy\" decoding=\"async\" width=\"563\" height=\"366\" src=\"https:\/\/static.agos.com.tr\/2026\/03\/2026-03-10032026-erdogan2.jpeg\" alt=\"\"><\/p>\n\n\n\n<p>Programda konu\u015fan Erdo\u011fan, &#8220;Sava\u015flar\u0131n, \u00e7at\u0131\u015fmalar\u0131n, ayr\u0131\u015fmalar\u0131n, ac\u0131lar\u0131n, zul\u00fcmlerin, insanl\u0131\u011f\u0131n g\u00fcndemini belirledi\u011fi g\u00fcn\u00fcm\u00fczde burada verilen birlik, beraberlik ve dayan\u0131\u015fma g\u00f6r\u00fcnt\u00fcs\u00fcn\u00fcn \u00e7ok anlaml\u0131 oldu\u011funa inan\u0131yorum&#8221; ifadelerini kulland\u0131.<\/p>\n\n\n\n<p>Erdo\u011fan, Anadolu\u2019nun medeniyetlerin bulu\u015ftu\u011fu, farkl\u0131 inan\u00e7lar\u0131n kayna\u015ft\u0131\u011f\u0131, ayn\u0131 sokakta yer alan camilerin, kiliselerin, sinagoglar\u0131n birbirine yak\u0131\u015ft\u0131\u011f\u0131 bir co\u011frafya oldu\u011funu dile getirerek, \u015funlar\u0131 s\u00f6yledi: \u201cBu ak\u015fam da ayn\u0131 sofran\u0131n etraf\u0131nda Rum Ortodoks, Ermeni, Musevi, S\u00fcryani, Katolik ve farkl\u0131 cemaatlerin k\u0131ymetli temsilcileri bulu\u015fuyor. Davetimize icabet etti\u011finiz i\u00e7in her birinize ayr\u0131 ayr\u0131 te\u015fekk\u00fcr ediyorum. Burada \u015funu \u00f6zellikle ifade etmek istiyorum, sizler sadece kendi cemaatlerinizin de\u011fil ayn\u0131 zamanda T\u00fcrkiye&#8217;nin \u00e7ok k\u00fclt\u00fcrl\u00fc ve \u00e7ok inan\u00e7l\u0131 toplumsal yap\u0131s\u0131n\u0131n da temsilcilerisiniz.<\/p>\n\n\n\n<p>Bu topraklar\u0131n mayas\u0131nda birlikte ya\u015fama k\u00fclt\u00fcr\u00fc vard\u0131r. Bu topraklar\u0131n ruhunda kar\u015f\u0131l\u0131kl\u0131 sayg\u0131 vard\u0131r. Bu topraklar\u0131n haf\u0131zas\u0131nda karde\u015flik vard\u0131r. Yunus Emre bunu o ar\u0131, duru T\u00fcrk\u00e7esiyle \u015f\u00f6yle ifade ediyor: &#8216;D\u00f6rt kitab\u0131n manas\u0131n\u0131 okudum. Ezber ettim, a\u015fka gelince g\u00f6rd\u00fcm bir uzun heceymi\u015f.&#8217; Meselenin \u00f6z\u00fc, \u00f6zeti, esas\u0131 i\u015fte budur: Mesele yarat\u0131lan\u0131 yaratandan \u00f6t\u00fcr\u00fc sevebilmektir. Allah&#8217;\u0131n yaratt\u0131\u011f\u0131 insanlar\u0131 kategorilere ay\u0131rmak, \u0131rk\u00e7\u0131l\u0131k yapmak, mezhep ve me\u015frebine g\u00f6re \u00f6tekile\u015ftirmek kimsenin haddi de hakk\u0131 da de\u011fildir.&#8221;<\/p>\n\n\n\n<h4 class=\"wp-block-heading\">\u201cCumhuriyet tarihinde ilk kez yeni bir in\u015fa edildi\u201d<\/h4>\n\n\n\n<p>Bu kapsamda son 23 y\u0131lda \u00e7ok kapsaml\u0131 ad\u0131mlar att\u0131klar\u0131n\u0131 s\u00f6yleyen Erdo\u011fan, &#8220;Cemaat vak\u0131flar\u0131n\u0131n ge\u00e7mi\u015ften gelen m\u00fclklerinin iadesi konusunda \u00f6nemli d\u00fczenlemeler yapt\u0131k. Vak\u0131flar mevzuat\u0131nda ger\u00e7ekle\u015ftirdi\u011fimiz reformlarla cemaat vak\u0131flar\u0131n\u0131n haklar\u0131n\u0131 geni\u015flettik. Uzun y\u0131llar ihmal edilmi\u015f pek \u00e7ok kilise ve ibadethaneyi restore ederek yeniden cemaatlerin hizmetine sunduk. Cemaatlerin ihtiya\u00e7 duydu\u011fu din g\u00f6revlileri konusunda da ciddi kolayl\u0131klar sa\u011flad\u0131k. Cumhuriyet tarihinde ilk kez yeni bir kilise bizim d\u00f6nemimizde in\u015fa edildi&#8221; diye konu\u015ftu.<\/p>\n\n\n\n<p>\u0130stanbul Ye\u015filk\u00f6y&#8217;de ibadete a\u00e7\u0131lan Mor Afrem S\u00fcryani Ortodoks Kilisesi&#8217;nin, T\u00fcrkiye&#8217;deki dini \u00f6zg\u00fcrl\u00fck ortam\u0131n\u0131n g\u00fc\u00e7l\u00fc bir sembol\u00fc oldu\u011funu dile getiren Erdo\u011fan, &#8220;Farkl\u0131 inan\u00e7lara mensup vatanda\u015flar\u0131m\u0131z\u0131n akademide, b\u00fcrokraside, i\u015f d\u00fcnyas\u0131 ve siyasette aktif olmalar\u0131ndan b\u00fcy\u00fck bir memnuniyet duyuyoruz. Yak\u0131n zamanda Ermeni k\u00f6kenli bir vatanda\u015f\u0131m\u0131z\u0131n kaymakam olarak atanmas\u0131 ve Ermeni milletvekillerimizin T\u00fcrkiye B\u00fcy\u00fck Millet Meclisi&#8217;nde uzun s\u00fcredir g\u00f6revde bulunmas\u0131, bunun en g\u00fczel \u00f6rneklerinden biridir. \u0130n\u015fallah \u00f6n\u00fcm\u00fczdeki d\u00f6nemde sizlerle el birli\u011fi ve g\u00f6n\u00fcl birli\u011fi i\u00e7erisinde bu iklimi daha da g\u00fczelle\u015ftirmeye devam edece\u011fiz&#8221; s\u00f6zlerini kulland\u0131.<\/p>\n\n\n\n<p>\u201cBaz\u0131 uluslararas\u0131 \u00e7evrelerin dini \u00f6zg\u00fcrl\u00fckler konusunda T\u00fcrkiye&#8217;yi haks\u0131zca ele\u015ftirdi\u011fini\u201d s\u00f6yleyen Erdo\u011fan, &#8220;T\u00fcrkiye kar\u015f\u0131tl\u0131\u011f\u0131n\u0131 siyasetlerinin merkezine yerle\u015ftirenlerin s\u00f6ylediklerinin bizim nazar\u0131m\u0131zda hi\u00e7bir k\u0131ymeti yoktur. T\u00fcrkiye, herkesin din ve vicdan h\u00fcrriyetine sahip oldu\u011fu, inan\u00e7lar\u0131n\u0131 \u00f6zg\u00fcrce yerine getirebildi\u011fi, cemaatlerin kendi kurumlar\u0131n\u0131 ya\u015fatabildi\u011fi ve kar\u015f\u0131l\u0131kl\u0131 sayg\u0131n\u0131n hakim oldu\u011fu \u00f6rnek bir \u00fclkedir. Katolik d\u00fcnyas\u0131n\u0131n ruhani lideri Papa 14. Leo\u2019nun T\u00fcrkiye&#8217;yi ziyareti s\u0131ras\u0131nda ya\u015fananlar, bunun \u00f6nemli bir g\u00f6stergesidir. Gerek \u0130znik&#8217;teki dua program\u0131 gerekse \u0130stanbul&#8217;da ger\u00e7ekle\u015ftirilen ayin, devletimizin sa\u011flad\u0131\u011f\u0131 imkanlar sayesinde icra edilmi\u015ftir&#8221; dedi.<\/p>\n\n\n\n<h4 class=\"wp-block-heading\">\u201cAntisemitizm su\u00e7tur, me\u015fru g\u00f6r\u00fclemez bir k\u00f6t\u00fcl\u00fckt\u00fcr\u201d<\/h4>\n\n\n\n<p>D\u00fcnyan\u0131n bug\u00fcn ayr\u0131mc\u0131l\u0131k, nefret s\u00f6ylemi ve \u00f6tekile\u015ftirme gibi ciddi sorunlarla kar\u015f\u0131 kar\u015f\u0131ya oldu\u011funu aktaran Erdo\u011fan, &#8220;\u00d6zellikle son y\u0131llarda t\u0131rmanan \u0130slam d\u00fc\u015fmanl\u0131\u011f\u0131, hem bizim insanlar\u0131m\u0131z\u0131 hem de bir arada ya\u015fama k\u00fclt\u00fcr\u00fcn\u00fc a\u00e7\u0131k\u00e7a tehdit ediyor. T\u00fcrkiye olarak her t\u00fcrl\u00fc ayr\u0131mc\u0131l\u0131\u011fa kar\u015f\u0131y\u0131z. Bunun da m\u00fccadelesini i\u00e7eride ve d\u0131\u015far\u0131da kararl\u0131l\u0131kla veriyoruz. Ayn\u0131 \u015fekilde cami, kilise, havra demeden bombalayan, ibadethanelere dahi sayg\u0131s\u0131 olmayan DEA\u015e vari karanl\u0131k yap\u0131lara da m\u00fcsamaham\u0131z yoktur. Hep s\u00f6yledi\u011fim gibi \u0130slam d\u00fc\u015fmanl\u0131\u011f\u0131 nas\u0131l bir insanl\u0131k su\u00e7uysa antisemitizm de su\u00e7tur, makul ve me\u015fru g\u00f6r\u00fclemez bir k\u00f6t\u00fcl\u00fckt\u00fcr. Bizim hedefimiz a\u00e7\u0131kt\u0131r. Bu topraklarda ya\u015fayan herkesin kendini e\u015fit, \u00f6zg\u00fcr ve g\u00fcvende hissetti\u011fi bir T\u00fcrkiye&#8217;yi hep birlikte in\u015fa ettik, in\u015fa edece\u011fiz in\u015fallah&#8221; \u015feklinde konu\u015ftu.<\/p>\n\n\n\n<p>\u0130ftar davetine kat\u0131lan ruhanilere te\u015fekk\u00fcr eden Erdo\u011fan, Ramazan\u0131n \u00fclkeye, millete ve t\u00fcm insanl\u0131\u011fa bar\u0131\u015f, huzur ve bereket getirmesini diledi.<\/p>\n\n\n\n<p><a href=\"https:\/\/www.agos.com.tr\/tr\/haber\/erdogan-hiristiyan-ve-musevi-temsilciler-ile-bulustu-39770\"><strong><em>https:\/\/www.agos.com.tr\/tr\/haber\/erdogan-hiristiyan-ve-musevi-temsilciler-ile-bulustu-39770<\/em><\/strong><\/a><\/p>\n","protected":false},"excerpt":{"rendered":"<p>K\u00fclliye\u2019de H\u0131ristiyan ve Musevi liderler ile temsilcileriyle iftar yeme\u011finde bir araya gelen Cumhurba\u015fkan\u0131 Tayyip Erdo\u011fan, &#8220;Farkl\u0131 inan\u00e7lara mensup vatanda\u015flar\u0131m\u0131z\u0131n akademide, b\u00fcrokraside, i\u015f d\u00fcnyas\u0131 ve siyasette aktif olmalar\u0131ndan b\u00fcy\u00fck bir memnuniyet duyuyoruz. \u0130n\u015fallah \u00f6n\u00fcm\u00fczdeki d\u00f6nemde sizlerle el birli\u011fi ve g\u00f6n\u00fcl birli\u011fi i\u00e7erisinde bu iklimi daha da g\u00fczelle\u015ftirmeye devam edece\u011fiz\u201d dedi. AKP\u2019li Cumhurba\u015fkan\u0131 Tayyip Erdo\u011fan Erdo\u011fan, 10 [&hellip;]<\/p>\n","protected":false},"author":1,"featured_media":85725,"comment_status":"open","ping_status":"open","sticky":false,"template":"","format":"standard","meta":{"footnotes":""},"categories":[1],"tags":[],"class_list":["post-85724","post","type-post","status-publish","format-standard","has-post-thumbnail","hentry","category-haberler"],"yoast_head":"<!-- This site is optimized with the Yoast SEO plugin v27.4 - https:\/\/yoast.com\/product\/yoast-seo-wordpress\/ -->\n<title>Erdo\u011fan, H\u0131ristiyan ve Musevi temsilciler ile bulu\u015ftu - Bati Ermenistan Ve Bati Ermenileri Sorunlari Ara\u015ftirmalar Merkezi<\/title>\n<meta name=\"robots\" content=\"index, follow, max-snippet:-1, max-image-preview:large, max-video-preview:-1\" \/>\n<link rel=\"canonical\" href=\"https:\/\/akunq.net\/tr\/?p=85724\" \/>\n<meta property=\"og:locale\" content=\"en_US\" \/>\n<meta property=\"og:type\" content=\"article\" \/>\n<meta property=\"og:title\" content=\"Erdo\u011fan, H\u0131ristiyan ve Musevi temsilciler ile bulu\u015ftu - Bati Ermenistan Ve Bati Ermenileri Sorunlari Ara\u015ftirmalar Merkezi\" \/>\n<meta property=\"og:description\" content=\"K\u00fclliye\u2019de H\u0131ristiyan ve Musevi liderler ile temsilcileriyle iftar yeme\u011finde bir araya gelen Cumhurba\u015fkan\u0131 Tayyip Erdo\u011fan, &#8220;Farkl\u0131 inan\u00e7lara mensup vatanda\u015flar\u0131m\u0131z\u0131n akademide, b\u00fcrokraside, i\u015f d\u00fcnyas\u0131 ve siyasette aktif olmalar\u0131ndan b\u00fcy\u00fck bir memnuniyet duyuyoruz. \u0130n\u015fallah \u00f6n\u00fcm\u00fczdeki d\u00f6nemde sizlerle el birli\u011fi ve g\u00f6n\u00fcl birli\u011fi i\u00e7erisinde bu iklimi daha da g\u00fczelle\u015ftirmeye devam edece\u011fiz\u201d dedi. AKP\u2019li Cumhurba\u015fkan\u0131 Tayyip Erdo\u011fan Erdo\u011fan, 10 [&hellip;]\" \/>\n<meta property=\"og:url\" content=\"https:\/\/akunq.net\/tr\/?p=85724\" \/>\n<meta property=\"og:site_name\" content=\"Bati Ermenistan Ve Bati Ermenileri Sorunlari Ara\u015ftirmalar Merkezi\" \/>\n<meta property=\"article:published_time\" content=\"2026-03-12T06:00:52+00:00\" \/>\n<meta property=\"og:image\" content=\"https:\/\/akunq.net\/tr\/wp-content\/uploads\/sites\/6\/2026\/03\/Erdogan.jpg\" \/>\n\t<meta property=\"og:image:width\" content=\"750\" \/>\n\t<meta property=\"og:image:height\" content=\"421\" \/>\n\t<meta property=\"og:image:type\" content=\"image\/jpeg\" \/>\n<meta name=\"author\" content=\"admin\" \/>\n<meta name=\"twitter:card\" content=\"summary_large_image\" \/>\n<meta name=\"twitter:label1\" content=\"Written by\" \/>\n\t<meta name=\"twitter:data1\" content=\"admin\" \/>\n\t<meta name=\"twitter:label2\" content=\"Est. reading time\" \/>\n\t<meta name=\"twitter:data2\" content=\"4 minutes\" \/>\n<script type=\"application\/ld+json\" class=\"yoast-schema-graph\">{\"@context\":\"https:\\\/\\\/schema.org\",\"@graph\":[{\"@type\":\"Article\",\"@id\":\"https:\\\/\\\/akunq.net\\\/tr\\\/?p=85724#article\",\"isPartOf\":{\"@id\":\"https:\\\/\\\/akunq.net\\\/tr\\\/?p=85724\"},\"author\":{\"name\":\"admin\",\"@id\":\"https:\\\/\\\/akunq.net\\\/tr\\\/#\\\/schema\\\/person\\\/42a46675f00a8f1e84520e8c56500de3\"},\"headline\":\"Erdo\u011fan, H\u0131ristiyan ve Musevi temsilciler ile bulu\u015ftu\",\"datePublished\":\"2026-03-12T06:00:52+00:00\",\"mainEntityOfPage\":{\"@id\":\"https:\\\/\\\/akunq.net\\\/tr\\\/?p=85724\"},\"wordCount\":1246,\"commentCount\":0,\"image\":{\"@id\":\"https:\\\/\\\/akunq.net\\\/tr\\\/?p=85724#primaryimage\"},\"thumbnailUrl\":\"https:\\\/\\\/akunq.net\\\/tr\\\/wp-content\\\/uploads\\\/sites\\\/6\\\/2026\\\/03\\\/Erdogan.jpg\",\"articleSection\":[\"Haberler\"],\"inLanguage\":\"en-US\",\"potentialAction\":[{\"@type\":\"CommentAction\",\"name\":\"Comment\",\"target\":[\"https:\\\/\\\/akunq.net\\\/tr\\\/?p=85724#respond\"]}]},{\"@type\":\"WebPage\",\"@id\":\"https:\\\/\\\/akunq.net\\\/tr\\\/?p=85724\",\"url\":\"https:\\\/\\\/akunq.net\\\/tr\\\/?p=85724\",\"name\":\"Erdo\u011fan, H\u0131ristiyan ve Musevi temsilciler ile bulu\u015ftu - Bati Ermenistan Ve Bati Ermenileri Sorunlari Ara\u015ftirmalar Merkezi\",\"isPartOf\":{\"@id\":\"https:\\\/\\\/akunq.net\\\/tr\\\/#website\"},\"primaryImageOfPage\":{\"@id\":\"https:\\\/\\\/akunq.net\\\/tr\\\/?p=85724#primaryimage\"},\"image\":{\"@id\":\"https:\\\/\\\/akunq.net\\\/tr\\\/?p=85724#primaryimage\"},\"thumbnailUrl\":\"https:\\\/\\\/akunq.net\\\/tr\\\/wp-content\\\/uploads\\\/sites\\\/6\\\/2026\\\/03\\\/Erdogan.jpg\",\"datePublished\":\"2026-03-12T06:00:52+00:00\",\"author\":{\"@id\":\"https:\\\/\\\/akunq.net\\\/tr\\\/#\\\/schema\\\/person\\\/42a46675f00a8f1e84520e8c56500de3\"},\"breadcrumb\":{\"@id\":\"https:\\\/\\\/akunq.net\\\/tr\\\/?p=85724#breadcrumb\"},\"inLanguage\":\"en-US\",\"potentialAction\":[{\"@type\":\"ReadAction\",\"target\":[\"https:\\\/\\\/akunq.net\\\/tr\\\/?p=85724\"]}]},{\"@type\":\"ImageObject\",\"inLanguage\":\"en-US\",\"@id\":\"https:\\\/\\\/akunq.net\\\/tr\\\/?p=85724#primaryimage\",\"url\":\"https:\\\/\\\/akunq.net\\\/tr\\\/wp-content\\\/uploads\\\/sites\\\/6\\\/2026\\\/03\\\/Erdogan.jpg\",\"contentUrl\":\"https:\\\/\\\/akunq.net\\\/tr\\\/wp-content\\\/uploads\\\/sites\\\/6\\\/2026\\\/03\\\/Erdogan.jpg\",\"width\":750,\"height\":421},{\"@type\":\"BreadcrumbList\",\"@id\":\"https:\\\/\\\/akunq.net\\\/tr\\\/?p=85724#breadcrumb\",\"itemListElement\":[{\"@type\":\"ListItem\",\"position\":1,\"name\":\"Home\",\"item\":\"https:\\\/\\\/akunq.net\\\/tr\"},{\"@type\":\"ListItem\",\"position\":2,\"name\":\"Erdo\u011fan, H\u0131ristiyan ve Musevi temsilciler ile bulu\u015ftu\"}]},{\"@type\":\"WebSite\",\"@id\":\"https:\\\/\\\/akunq.net\\\/tr\\\/#website\",\"url\":\"https:\\\/\\\/akunq.net\\\/tr\\\/\",\"name\":\"Bati Ermenistan Ve Bati Ermenileri Sorunlari Ara\u015ftirmalar Merkezi\",\"description\":\"\",\"potentialAction\":[{\"@type\":\"SearchAction\",\"target\":{\"@type\":\"EntryPoint\",\"urlTemplate\":\"https:\\\/\\\/akunq.net\\\/tr\\\/?s={search_term_string}\"},\"query-input\":{\"@type\":\"PropertyValueSpecification\",\"valueRequired\":true,\"valueName\":\"search_term_string\"}}],\"inLanguage\":\"en-US\"},{\"@type\":\"Person\",\"@id\":\"https:\\\/\\\/akunq.net\\\/tr\\\/#\\\/schema\\\/person\\\/42a46675f00a8f1e84520e8c56500de3\",\"name\":\"admin\",\"url\":\"https:\\\/\\\/akunq.net\\\/tr\\\/?author=1\"}]}<\/script>\n<!-- \/ Yoast SEO plugin. -->","yoast_head_json":{"title":"Erdo\u011fan, H\u0131ristiyan ve Musevi temsilciler ile bulu\u015ftu - Bati Ermenistan Ve Bati Ermenileri Sorunlari Ara\u015ftirmalar Merkezi","robots":{"index":"index","follow":"follow","max-snippet":"max-snippet:-1","max-image-preview":"max-image-preview:large","max-video-preview":"max-video-preview:-1"},"canonical":"https:\/\/akunq.net\/tr\/?p=85724","og_locale":"en_US","og_type":"article","og_title":"Erdo\u011fan, H\u0131ristiyan ve Musevi temsilciler ile bulu\u015ftu - Bati Ermenistan Ve Bati Ermenileri Sorunlari Ara\u015ftirmalar Merkezi","og_description":"K\u00fclliye\u2019de H\u0131ristiyan ve Musevi liderler ile temsilcileriyle iftar yeme\u011finde bir araya gelen Cumhurba\u015fkan\u0131 Tayyip Erdo\u011fan, &#8220;Farkl\u0131 inan\u00e7lara mensup vatanda\u015flar\u0131m\u0131z\u0131n akademide, b\u00fcrokraside, i\u015f d\u00fcnyas\u0131 ve siyasette aktif olmalar\u0131ndan b\u00fcy\u00fck bir memnuniyet duyuyoruz. \u0130n\u015fallah \u00f6n\u00fcm\u00fczdeki d\u00f6nemde sizlerle el birli\u011fi ve g\u00f6n\u00fcl birli\u011fi i\u00e7erisinde bu iklimi daha da g\u00fczelle\u015ftirmeye devam edece\u011fiz\u201d dedi. AKP\u2019li Cumhurba\u015fkan\u0131 Tayyip Erdo\u011fan Erdo\u011fan, 10 [&hellip;]","og_url":"https:\/\/akunq.net\/tr\/?p=85724","og_site_name":"Bati Ermenistan Ve Bati Ermenileri Sorunlari Ara\u015ftirmalar Merkezi","article_published_time":"2026-03-12T06:00:52+00:00","og_image":[{"width":750,"height":421,"url":"https:\/\/akunq.net\/tr\/wp-content\/uploads\/sites\/6\/2026\/03\/Erdogan.jpg","type":"image\/jpeg"}],"author":"admin","twitter_card":"summary_large_image","twitter_misc":{"Written by":"admin","Est. reading time":"4 minutes"},"schema":{"@context":"https:\/\/schema.org","@graph":[{"@type":"Article","@id":"https:\/\/akunq.net\/tr\/?p=85724#article","isPartOf":{"@id":"https:\/\/akunq.net\/tr\/?p=85724"},"author":{"name":"admin","@id":"https:\/\/akunq.net\/tr\/#\/schema\/person\/42a46675f00a8f1e84520e8c56500de3"},"headline":"Erdo\u011fan, H\u0131ristiyan ve Musevi temsilciler ile bulu\u015ftu","datePublished":"2026-03-12T06:00:52+00:00","mainEntityOfPage":{"@id":"https:\/\/akunq.net\/tr\/?p=85724"},"wordCount":1246,"commentCount":0,"image":{"@id":"https:\/\/akunq.net\/tr\/?p=85724#primaryimage"},"thumbnailUrl":"https:\/\/akunq.net\/tr\/wp-content\/uploads\/sites\/6\/2026\/03\/Erdogan.jpg","articleSection":["Haberler"],"inLanguage":"en-US","potentialAction":[{"@type":"CommentAction","name":"Comment","target":["https:\/\/akunq.net\/tr\/?p=85724#respond"]}]},{"@type":"WebPage","@id":"https:\/\/akunq.net\/tr\/?p=85724","url":"https:\/\/akunq.net\/tr\/?p=85724","name":"Erdo\u011fan, H\u0131ristiyan ve Musevi temsilciler ile bulu\u015ftu - Bati Ermenistan Ve Bati Ermenileri Sorunlari Ara\u015ftirmalar Merkezi","isPartOf":{"@id":"https:\/\/akunq.net\/tr\/#website"},"primaryImageOfPage":{"@id":"https:\/\/akunq.net\/tr\/?p=85724#primaryimage"},"image":{"@id":"https:\/\/akunq.net\/tr\/?p=85724#primaryimage"},"thumbnailUrl":"https:\/\/akunq.net\/tr\/wp-content\/uploads\/sites\/6\/2026\/03\/Erdogan.jpg","datePublished":"2026-03-12T06:00:52+00:00","author":{"@id":"https:\/\/akunq.net\/tr\/#\/schema\/person\/42a46675f00a8f1e84520e8c56500de3"},"breadcrumb":{"@id":"https:\/\/akunq.net\/tr\/?p=85724#breadcrumb"},"inLanguage":"en-US","potentialAction":[{"@type":"ReadAction","target":["https:\/\/akunq.net\/tr\/?p=85724"]}]},{"@type":"ImageObject","inLanguage":"en-US","@id":"https:\/\/akunq.net\/tr\/?p=85724#primaryimage","url":"https:\/\/akunq.net\/tr\/wp-content\/uploads\/sites\/6\/2026\/03\/Erdogan.jpg","contentUrl":"https:\/\/akunq.net\/tr\/wp-content\/uploads\/sites\/6\/2026\/03\/Erdogan.jpg","width":750,"height":421},{"@type":"BreadcrumbList","@id":"https:\/\/akunq.net\/tr\/?p=85724#breadcrumb","itemListElement":[{"@type":"ListItem","position":1,"name":"Home","item":"https:\/\/akunq.net\/tr"},{"@type":"ListItem","position":2,"name":"Erdo\u011fan, H\u0131ristiyan ve Musevi temsilciler ile bulu\u015ftu"}]},{"@type":"WebSite","@id":"https:\/\/akunq.net\/tr\/#website","url":"https:\/\/akunq.net\/tr\/","name":"Bati Ermenistan Ve Bati Ermenileri Sorunlari Ara\u015ftirmalar Merkezi","description":"","potentialAction":[{"@type":"SearchAction","target":{"@type":"EntryPoint","urlTemplate":"https:\/\/akunq.net\/tr\/?s={search_term_string}"},"query-input":{"@type":"PropertyValueSpecification","valueRequired":true,"valueName":"search_term_string"}}],"inLanguage":"en-US"},{"@type":"Person","@id":"https:\/\/akunq.net\/tr\/#\/schema\/person\/42a46675f00a8f1e84520e8c56500de3","name":"admin","url":"https:\/\/akunq.net\/tr\/?author=1"}]}},"_links":{"self":[{"href":"https:\/\/akunq.net\/tr\/index.php?rest_route=\/wp\/v2\/posts\/85724","targetHints":{"allow":["GET"]}}],"collection":[{"href":"https:\/\/akunq.net\/tr\/index.php?rest_route=\/wp\/v2\/posts"}],"about":[{"href":"https:\/\/akunq.net\/tr\/index.php?rest_route=\/wp\/v2\/types\/post"}],"author":[{"embeddable":true,"href":"https:\/\/akunq.net\/tr\/index.php?rest_route=\/wp\/v2\/users\/1"}],"replies":[{"embeddable":true,"href":"https:\/\/akunq.net\/tr\/index.php?rest_route=%2Fwp%2Fv2%2Fcomments&post=85724"}],"version-history":[{"count":1,"href":"https:\/\/akunq.net\/tr\/index.php?rest_route=\/wp\/v2\/posts\/85724\/revisions"}],"predecessor-version":[{"id":85726,"href":"https:\/\/akunq.net\/tr\/index.php?rest_route=\/wp\/v2\/posts\/85724\/revisions\/85726"}],"wp:featuredmedia":[{"embeddable":true,"href":"https:\/\/akunq.net\/tr\/index.php?rest_route=\/wp\/v2\/media\/85725"}],"wp:attachment":[{"href":"https:\/\/akunq.net\/tr\/index.php?rest_route=%2Fwp%2Fv2%2Fmedia&parent=85724"}],"wp:term":[{"taxonomy":"category","embeddable":true,"href":"https:\/\/akunq.net\/tr\/index.php?rest_route=%2Fwp%2Fv2%2Fcategories&post=85724"},{"taxonomy":"post_tag","embeddable":true,"href":"https:\/\/akunq.net\/tr\/index.php?rest_route=%2Fwp%2Fv2%2Ftags&post=85724"}],"curies":[{"name":"wp","href":"https:\/\/api.w.org\/{rel}","templated":true}]}}