{"id":85721,"date":"2026-03-12T00:54:19","date_gmt":"2026-03-12T05:54:19","guid":{"rendered":"https:\/\/akunq.net\/tr\/?p=85721"},"modified":"2026-03-12T00:54:19","modified_gmt":"2026-03-12T05:54:19","slug":"turkish-airlines-istanbul-yerevan-seferlerine-basladi","status":"publish","type":"post","link":"https:\/\/akunq.net\/tr\/?p=85721","title":{"rendered":"Turkish Airlines \u0130stanbul\u2013Yerevan seferlerine ba\u015flad\u0131"},"content":{"rendered":"\n<p><strong><em> T\u00fcrk Hava Yollar\u0131\u2019n\u0131n \u0130stanbul\u2013Yerevan\u2013\u0130stanbul hatt\u0131ndaki ilk u\u00e7u\u015fu 11 Mart\u2019ta \u0130stanbul Havaliman\u0131\u2019ndan kalkarak Yerevan\u2019daki Zvartnots Uluslararas\u0131 Havaliman\u0131\u2019na indi.<\/em><\/strong><\/p>\n\n\n\n<p>Kar\u015f\u0131lama t\u00f6renine Ermenistan Sivil Havac\u0131l\u0131k Komitesi Ba\u015fkan Yard\u0131mc\u0131s\u0131 Stepan Payaslyan, \u201cArmenia International Airports\u201d \u015firketinin direkt\u00f6r\u00fc Marcelo Wende ve genel m\u00fcd\u00fcr\u00fc Sergey Avetisyan, Turkish Airlines\u2019\u0131n Do\u011fu Avrupa sat\u0131\u015flardan sorumlu genel m\u00fcd\u00fcr yard\u0131mc\u0131s\u0131 H\u00fcseyin \u00d6zbek ile G\u00fcrcistan ve Ermenistan\u2019dan sorumlu genel m\u00fcd\u00fcr\u00fc Kenan \u0130nce ve di\u011fer yetkililer kat\u0131ld\u0131.<\/p>\n\n\n\n<p>Armenpress\u2019in aktard\u0131\u011f\u0131na g\u00f6re \u0130stanbul\u2013Yerevan\u2013\u0130stanbul hatt\u0131ndaki u\u00e7u\u015flar her g\u00fcn ger\u00e7ekle\u015ftirilecek. 14 May\u0131s\u2019tan itibaren haftal\u0131k u\u00e7u\u015f say\u0131s\u0131 10\u2019a, 15 Haziran\u2019dan itibaren ise haftada 14 sefere \u00e7\u0131kar\u0131lacak.<\/p>\n\n\n\n<p><a href=\"https:\/\/armenpress.am\/tr\/article\/1244441\"><strong><em>https:\/\/armenpress.am\/tr\/article\/1244441<\/em><\/strong><\/a><\/p>\n","protected":false},"excerpt":{"rendered":"<p>T\u00fcrk Hava Yollar\u0131\u2019n\u0131n \u0130stanbul\u2013Yerevan\u2013\u0130stanbul hatt\u0131ndaki ilk u\u00e7u\u015fu 11 Mart\u2019ta \u0130stanbul Havaliman\u0131\u2019ndan kalkarak Yerevan\u2019daki Zvartnots Uluslararas\u0131 Havaliman\u0131\u2019na indi. Kar\u015f\u0131lama t\u00f6renine Ermenistan Sivil Havac\u0131l\u0131k Komitesi Ba\u015fkan Yard\u0131mc\u0131s\u0131 Stepan Payaslyan, \u201cArmenia International Airports\u201d \u015firketinin direkt\u00f6r\u00fc Marcelo Wende ve genel m\u00fcd\u00fcr\u00fc Sergey Avetisyan, Turkish Airlines\u2019\u0131n Do\u011fu Avrupa sat\u0131\u015flardan sorumlu genel m\u00fcd\u00fcr yard\u0131mc\u0131s\u0131 H\u00fcseyin \u00d6zbek ile G\u00fcrcistan ve Ermenistan\u2019dan sorumlu [&hellip;]<\/p>\n","protected":false},"author":1,"featured_media":85722,"comment_status":"open","ping_status":"open","sticky":false,"template":"","format":"standard","meta":{"footnotes":""},"categories":[55,1],"tags":[],"class_list":["post-85721","post","type-post","status-publish","format-standard","has-post-thumbnail","hentry","category-ermenistan-turkiye","category-haberler"],"yoast_head":"<!-- This site is optimized with the Yoast SEO plugin v27.4 - https:\/\/yoast.com\/product\/yoast-seo-wordpress\/ -->\n<title>Turkish Airlines \u0130stanbul\u2013Yerevan seferlerine ba\u015flad\u0131 - Bati Ermenistan Ve Bati Ermenileri Sorunlari Ara\u015ftirmalar Merkezi<\/title>\n<meta name=\"robots\" content=\"index, follow, max-snippet:-1, max-image-preview:large, max-video-preview:-1\" \/>\n<link rel=\"canonical\" href=\"https:\/\/akunq.net\/tr\/?p=85721\" \/>\n<meta property=\"og:locale\" content=\"en_US\" \/>\n<meta property=\"og:type\" content=\"article\" \/>\n<meta property=\"og:title\" content=\"Turkish Airlines \u0130stanbul\u2013Yerevan seferlerine ba\u015flad\u0131 - Bati Ermenistan Ve Bati Ermenileri Sorunlari Ara\u015ftirmalar Merkezi\" \/>\n<meta property=\"og:description\" content=\"T\u00fcrk Hava Yollar\u0131\u2019n\u0131n \u0130stanbul\u2013Yerevan\u2013\u0130stanbul hatt\u0131ndaki ilk u\u00e7u\u015fu 11 Mart\u2019ta \u0130stanbul Havaliman\u0131\u2019ndan kalkarak Yerevan\u2019daki Zvartnots Uluslararas\u0131 Havaliman\u0131\u2019na indi. Kar\u015f\u0131lama t\u00f6renine Ermenistan Sivil Havac\u0131l\u0131k Komitesi Ba\u015fkan Yard\u0131mc\u0131s\u0131 Stepan Payaslyan, \u201cArmenia International Airports\u201d \u015firketinin direkt\u00f6r\u00fc Marcelo Wende ve genel m\u00fcd\u00fcr\u00fc Sergey Avetisyan, Turkish Airlines\u2019\u0131n Do\u011fu Avrupa sat\u0131\u015flardan sorumlu genel m\u00fcd\u00fcr yard\u0131mc\u0131s\u0131 H\u00fcseyin \u00d6zbek ile G\u00fcrcistan ve Ermenistan\u2019dan sorumlu [&hellip;]\" \/>\n<meta property=\"og:url\" content=\"https:\/\/akunq.net\/tr\/?p=85721\" \/>\n<meta property=\"og:site_name\" content=\"Bati Ermenistan Ve Bati Ermenileri Sorunlari Ara\u015ftirmalar Merkezi\" \/>\n<meta property=\"article:published_time\" content=\"2026-03-12T05:54:19+00:00\" \/>\n<meta property=\"og:image\" content=\"https:\/\/akunq.net\/tr\/wp-content\/uploads\/sites\/6\/2026\/03\/\u0569\u0578\u0582\u0580\u0584-\u0585\u0564\u0561\u0576\u0561\u057e.webp\" \/>\n\t<meta property=\"og:image:width\" content=\"400\" \/>\n\t<meta property=\"og:image:height\" content=\"300\" \/>\n\t<meta property=\"og:image:type\" content=\"image\/webp\" \/>\n<meta name=\"author\" content=\"admin\" \/>\n<meta name=\"twitter:card\" content=\"summary_large_image\" \/>\n<meta name=\"twitter:label1\" content=\"Written by\" \/>\n\t<meta name=\"twitter:data1\" content=\"admin\" \/>\n\t<meta name=\"twitter:label2\" content=\"Est. reading time\" \/>\n\t<meta name=\"twitter:data2\" content=\"1 minute\" \/>\n<script type=\"application\/ld+json\" class=\"yoast-schema-graph\">{\"@context\":\"https:\\\/\\\/schema.org\",\"@graph\":[{\"@type\":\"Article\",\"@id\":\"https:\\\/\\\/akunq.net\\\/tr\\\/?p=85721#article\",\"isPartOf\":{\"@id\":\"https:\\\/\\\/akunq.net\\\/tr\\\/?p=85721\"},\"author\":{\"name\":\"admin\",\"@id\":\"https:\\\/\\\/akunq.net\\\/tr\\\/#\\\/schema\\\/person\\\/42a46675f00a8f1e84520e8c56500de3\"},\"headline\":\"Turkish Airlines \u0130stanbul\u2013Yerevan seferlerine ba\u015flad\u0131\",\"datePublished\":\"2026-03-12T05:54:19+00:00\",\"mainEntityOfPage\":{\"@id\":\"https:\\\/\\\/akunq.net\\\/tr\\\/?p=85721\"},\"wordCount\":149,\"commentCount\":0,\"image\":{\"@id\":\"https:\\\/\\\/akunq.net\\\/tr\\\/?p=85721#primaryimage\"},\"thumbnailUrl\":\"https:\\\/\\\/akunq.net\\\/tr\\\/wp-content\\\/uploads\\\/sites\\\/6\\\/2026\\\/03\\\/\u0569\u0578\u0582\u0580\u0584-\u0585\u0564\u0561\u0576\u0561\u057e.webp\",\"articleSection\":[\"Ermenistan-T\u00fcrkiye\",\"Haberler\"],\"inLanguage\":\"en-US\",\"potentialAction\":[{\"@type\":\"CommentAction\",\"name\":\"Comment\",\"target\":[\"https:\\\/\\\/akunq.net\\\/tr\\\/?p=85721#respond\"]}]},{\"@type\":\"WebPage\",\"@id\":\"https:\\\/\\\/akunq.net\\\/tr\\\/?p=85721\",\"url\":\"https:\\\/\\\/akunq.net\\\/tr\\\/?p=85721\",\"name\":\"Turkish Airlines \u0130stanbul\u2013Yerevan seferlerine ba\u015flad\u0131 - Bati Ermenistan Ve Bati Ermenileri Sorunlari Ara\u015ftirmalar Merkezi\",\"isPartOf\":{\"@id\":\"https:\\\/\\\/akunq.net\\\/tr\\\/#website\"},\"primaryImageOfPage\":{\"@id\":\"https:\\\/\\\/akunq.net\\\/tr\\\/?p=85721#primaryimage\"},\"image\":{\"@id\":\"https:\\\/\\\/akunq.net\\\/tr\\\/?p=85721#primaryimage\"},\"thumbnailUrl\":\"https:\\\/\\\/akunq.net\\\/tr\\\/wp-content\\\/uploads\\\/sites\\\/6\\\/2026\\\/03\\\/\u0569\u0578\u0582\u0580\u0584-\u0585\u0564\u0561\u0576\u0561\u057e.webp\",\"datePublished\":\"2026-03-12T05:54:19+00:00\",\"author\":{\"@id\":\"https:\\\/\\\/akunq.net\\\/tr\\\/#\\\/schema\\\/person\\\/42a46675f00a8f1e84520e8c56500de3\"},\"breadcrumb\":{\"@id\":\"https:\\\/\\\/akunq.net\\\/tr\\\/?p=85721#breadcrumb\"},\"inLanguage\":\"en-US\",\"potentialAction\":[{\"@type\":\"ReadAction\",\"target\":[\"https:\\\/\\\/akunq.net\\\/tr\\\/?p=85721\"]}]},{\"@type\":\"ImageObject\",\"inLanguage\":\"en-US\",\"@id\":\"https:\\\/\\\/akunq.net\\\/tr\\\/?p=85721#primaryimage\",\"url\":\"https:\\\/\\\/akunq.net\\\/tr\\\/wp-content\\\/uploads\\\/sites\\\/6\\\/2026\\\/03\\\/\u0569\u0578\u0582\u0580\u0584-\u0585\u0564\u0561\u0576\u0561\u057e.webp\",\"contentUrl\":\"https:\\\/\\\/akunq.net\\\/tr\\\/wp-content\\\/uploads\\\/sites\\\/6\\\/2026\\\/03\\\/\u0569\u0578\u0582\u0580\u0584-\u0585\u0564\u0561\u0576\u0561\u057e.webp\",\"width\":400,\"height\":300},{\"@type\":\"BreadcrumbList\",\"@id\":\"https:\\\/\\\/akunq.net\\\/tr\\\/?p=85721#breadcrumb\",\"itemListElement\":[{\"@type\":\"ListItem\",\"position\":1,\"name\":\"Home\",\"item\":\"https:\\\/\\\/akunq.net\\\/tr\"},{\"@type\":\"ListItem\",\"position\":2,\"name\":\"Turkish Airlines \u0130stanbul\u2013Yerevan seferlerine ba\u015flad\u0131\"}]},{\"@type\":\"WebSite\",\"@id\":\"https:\\\/\\\/akunq.net\\\/tr\\\/#website\",\"url\":\"https:\\\/\\\/akunq.net\\\/tr\\\/\",\"name\":\"Bati Ermenistan Ve Bati Ermenileri Sorunlari Ara\u015ftirmalar Merkezi\",\"description\":\"\",\"potentialAction\":[{\"@type\":\"SearchAction\",\"target\":{\"@type\":\"EntryPoint\",\"urlTemplate\":\"https:\\\/\\\/akunq.net\\\/tr\\\/?s={search_term_string}\"},\"query-input\":{\"@type\":\"PropertyValueSpecification\",\"valueRequired\":true,\"valueName\":\"search_term_string\"}}],\"inLanguage\":\"en-US\"},{\"@type\":\"Person\",\"@id\":\"https:\\\/\\\/akunq.net\\\/tr\\\/#\\\/schema\\\/person\\\/42a46675f00a8f1e84520e8c56500de3\",\"name\":\"admin\",\"url\":\"https:\\\/\\\/akunq.net\\\/tr\\\/?author=1\"}]}<\/script>\n<!-- \/ Yoast SEO plugin. -->","yoast_head_json":{"title":"Turkish Airlines \u0130stanbul\u2013Yerevan seferlerine ba\u015flad\u0131 - Bati Ermenistan Ve Bati Ermenileri Sorunlari Ara\u015ftirmalar Merkezi","robots":{"index":"index","follow":"follow","max-snippet":"max-snippet:-1","max-image-preview":"max-image-preview:large","max-video-preview":"max-video-preview:-1"},"canonical":"https:\/\/akunq.net\/tr\/?p=85721","og_locale":"en_US","og_type":"article","og_title":"Turkish Airlines \u0130stanbul\u2013Yerevan seferlerine ba\u015flad\u0131 - Bati Ermenistan Ve Bati Ermenileri Sorunlari Ara\u015ftirmalar Merkezi","og_description":"T\u00fcrk Hava Yollar\u0131\u2019n\u0131n \u0130stanbul\u2013Yerevan\u2013\u0130stanbul hatt\u0131ndaki ilk u\u00e7u\u015fu 11 Mart\u2019ta \u0130stanbul Havaliman\u0131\u2019ndan kalkarak Yerevan\u2019daki Zvartnots Uluslararas\u0131 Havaliman\u0131\u2019na indi. Kar\u015f\u0131lama t\u00f6renine Ermenistan Sivil Havac\u0131l\u0131k Komitesi Ba\u015fkan Yard\u0131mc\u0131s\u0131 Stepan Payaslyan, \u201cArmenia International Airports\u201d \u015firketinin direkt\u00f6r\u00fc Marcelo Wende ve genel m\u00fcd\u00fcr\u00fc Sergey Avetisyan, Turkish Airlines\u2019\u0131n Do\u011fu Avrupa sat\u0131\u015flardan sorumlu genel m\u00fcd\u00fcr yard\u0131mc\u0131s\u0131 H\u00fcseyin \u00d6zbek ile G\u00fcrcistan ve Ermenistan\u2019dan sorumlu [&hellip;]","og_url":"https:\/\/akunq.net\/tr\/?p=85721","og_site_name":"Bati Ermenistan Ve Bati Ermenileri Sorunlari Ara\u015ftirmalar Merkezi","article_published_time":"2026-03-12T05:54:19+00:00","og_image":[{"width":400,"height":300,"url":"https:\/\/akunq.net\/tr\/wp-content\/uploads\/sites\/6\/2026\/03\/\u0569\u0578\u0582\u0580\u0584-\u0585\u0564\u0561\u0576\u0561\u057e.webp","type":"image\/webp"}],"author":"admin","twitter_card":"summary_large_image","twitter_misc":{"Written by":"admin","Est. reading time":"1 minute"},"schema":{"@context":"https:\/\/schema.org","@graph":[{"@type":"Article","@id":"https:\/\/akunq.net\/tr\/?p=85721#article","isPartOf":{"@id":"https:\/\/akunq.net\/tr\/?p=85721"},"author":{"name":"admin","@id":"https:\/\/akunq.net\/tr\/#\/schema\/person\/42a46675f00a8f1e84520e8c56500de3"},"headline":"Turkish Airlines \u0130stanbul\u2013Yerevan seferlerine ba\u015flad\u0131","datePublished":"2026-03-12T05:54:19+00:00","mainEntityOfPage":{"@id":"https:\/\/akunq.net\/tr\/?p=85721"},"wordCount":149,"commentCount":0,"image":{"@id":"https:\/\/akunq.net\/tr\/?p=85721#primaryimage"},"thumbnailUrl":"https:\/\/akunq.net\/tr\/wp-content\/uploads\/sites\/6\/2026\/03\/\u0569\u0578\u0582\u0580\u0584-\u0585\u0564\u0561\u0576\u0561\u057e.webp","articleSection":["Ermenistan-T\u00fcrkiye","Haberler"],"inLanguage":"en-US","potentialAction":[{"@type":"CommentAction","name":"Comment","target":["https:\/\/akunq.net\/tr\/?p=85721#respond"]}]},{"@type":"WebPage","@id":"https:\/\/akunq.net\/tr\/?p=85721","url":"https:\/\/akunq.net\/tr\/?p=85721","name":"Turkish Airlines \u0130stanbul\u2013Yerevan seferlerine ba\u015flad\u0131 - Bati Ermenistan Ve Bati Ermenileri Sorunlari Ara\u015ftirmalar Merkezi","isPartOf":{"@id":"https:\/\/akunq.net\/tr\/#website"},"primaryImageOfPage":{"@id":"https:\/\/akunq.net\/tr\/?p=85721#primaryimage"},"image":{"@id":"https:\/\/akunq.net\/tr\/?p=85721#primaryimage"},"thumbnailUrl":"https:\/\/akunq.net\/tr\/wp-content\/uploads\/sites\/6\/2026\/03\/\u0569\u0578\u0582\u0580\u0584-\u0585\u0564\u0561\u0576\u0561\u057e.webp","datePublished":"2026-03-12T05:54:19+00:00","author":{"@id":"https:\/\/akunq.net\/tr\/#\/schema\/person\/42a46675f00a8f1e84520e8c56500de3"},"breadcrumb":{"@id":"https:\/\/akunq.net\/tr\/?p=85721#breadcrumb"},"inLanguage":"en-US","potentialAction":[{"@type":"ReadAction","target":["https:\/\/akunq.net\/tr\/?p=85721"]}]},{"@type":"ImageObject","inLanguage":"en-US","@id":"https:\/\/akunq.net\/tr\/?p=85721#primaryimage","url":"https:\/\/akunq.net\/tr\/wp-content\/uploads\/sites\/6\/2026\/03\/\u0569\u0578\u0582\u0580\u0584-\u0585\u0564\u0561\u0576\u0561\u057e.webp","contentUrl":"https:\/\/akunq.net\/tr\/wp-content\/uploads\/sites\/6\/2026\/03\/\u0569\u0578\u0582\u0580\u0584-\u0585\u0564\u0561\u0576\u0561\u057e.webp","width":400,"height":300},{"@type":"BreadcrumbList","@id":"https:\/\/akunq.net\/tr\/?p=85721#breadcrumb","itemListElement":[{"@type":"ListItem","position":1,"name":"Home","item":"https:\/\/akunq.net\/tr"},{"@type":"ListItem","position":2,"name":"Turkish Airlines \u0130stanbul\u2013Yerevan seferlerine ba\u015flad\u0131"}]},{"@type":"WebSite","@id":"https:\/\/akunq.net\/tr\/#website","url":"https:\/\/akunq.net\/tr\/","name":"Bati Ermenistan Ve Bati Ermenileri Sorunlari Ara\u015ftirmalar Merkezi","description":"","potentialAction":[{"@type":"SearchAction","target":{"@type":"EntryPoint","urlTemplate":"https:\/\/akunq.net\/tr\/?s={search_term_string}"},"query-input":{"@type":"PropertyValueSpecification","valueRequired":true,"valueName":"search_term_string"}}],"inLanguage":"en-US"},{"@type":"Person","@id":"https:\/\/akunq.net\/tr\/#\/schema\/person\/42a46675f00a8f1e84520e8c56500de3","name":"admin","url":"https:\/\/akunq.net\/tr\/?author=1"}]}},"_links":{"self":[{"href":"https:\/\/akunq.net\/tr\/index.php?rest_route=\/wp\/v2\/posts\/85721","targetHints":{"allow":["GET"]}}],"collection":[{"href":"https:\/\/akunq.net\/tr\/index.php?rest_route=\/wp\/v2\/posts"}],"about":[{"href":"https:\/\/akunq.net\/tr\/index.php?rest_route=\/wp\/v2\/types\/post"}],"author":[{"embeddable":true,"href":"https:\/\/akunq.net\/tr\/index.php?rest_route=\/wp\/v2\/users\/1"}],"replies":[{"embeddable":true,"href":"https:\/\/akunq.net\/tr\/index.php?rest_route=%2Fwp%2Fv2%2Fcomments&post=85721"}],"version-history":[{"count":1,"href":"https:\/\/akunq.net\/tr\/index.php?rest_route=\/wp\/v2\/posts\/85721\/revisions"}],"predecessor-version":[{"id":85723,"href":"https:\/\/akunq.net\/tr\/index.php?rest_route=\/wp\/v2\/posts\/85721\/revisions\/85723"}],"wp:featuredmedia":[{"embeddable":true,"href":"https:\/\/akunq.net\/tr\/index.php?rest_route=\/wp\/v2\/media\/85722"}],"wp:attachment":[{"href":"https:\/\/akunq.net\/tr\/index.php?rest_route=%2Fwp%2Fv2%2Fmedia&parent=85721"}],"wp:term":[{"taxonomy":"category","embeddable":true,"href":"https:\/\/akunq.net\/tr\/index.php?rest_route=%2Fwp%2Fv2%2Fcategories&post=85721"},{"taxonomy":"post_tag","embeddable":true,"href":"https:\/\/akunq.net\/tr\/index.php?rest_route=%2Fwp%2Fv2%2Ftags&post=85721"}],"curies":[{"name":"wp","href":"https:\/\/api.w.org\/{rel}","templated":true}]}}