{"id":85718,"date":"2026-03-12T00:35:27","date_gmt":"2026-03-12T05:35:27","guid":{"rendered":"https:\/\/akunq.net\/tr\/?p=85718"},"modified":"2026-03-12T00:35:27","modified_gmt":"2026-03-12T05:35:27","slug":"strasbourgda-avrupa-parlamentosu-binasinin-yakinindaki-alanda-ermeni-alfabesi-aniti-acildi","status":"publish","type":"post","link":"https:\/\/akunq.net\/tr\/?p=85718","title":{"rendered":"Strasbourg\u2019da, Avrupa Parlamentosu binas\u0131n\u0131n yak\u0131n\u0131ndaki alanda Ermeni alfabesi an\u0131t\u0131 a\u00e7\u0131ld\u0131"},"content":{"rendered":"\n<p><strong><em>Strasbourg\u2019da, Avrupa Parlamentosu idari binas\u0131n\u0131n yak\u0131n\u0131ndaki alanda, Nikol Pa\u015finyan ve Roberta Metsola\u2019n\u0131n kat\u0131l\u0131m\u0131yla Ermeni alfabesi an\u0131t\u0131n\u0131n a\u00e7\u0131l\u0131\u015f\u0131 ger\u00e7ekle\u015ftirildi.<\/em><\/strong><\/p>\n\n\n\n<p>Armenpress\u2019in Strasbourg muhabirinin bildirdi\u011fine g\u00f6re, \u201cArmatagir \u2013 Diyalo\u011fun G\u00fcc\u00fc\u201d ba\u015fl\u0131kl\u0131 an\u0131t, Avrupa Parlamentosu\u2019nun Ermenistan\u2019a y\u00f6nelik s\u00fcrekli ve ko\u015fulsuz deste\u011fine te\u015fekk\u00fcr g\u00f6stergesi olarak Ermenistan taraf\u0131ndan yerle\u015ftirildi. An\u0131t, Ermeni alfabesinin harflerinden olu\u015fuyor.<\/p>\n\n\n\n<p>AP Ba\u015fkan\u0131 Roberta Metsola konu\u015fmas\u0131nda diyalo\u011fun demokrasinin temel ta\u015f\u0131 oldu\u011funu belirterek, bunun insanlar\u0131 birle\u015ftirdi\u011fini ve ilerlemeye ta\u015f\u0131d\u0131\u011f\u0131n\u0131 s\u00f6yledi. \u201cAsl\u0131nda Avrupa Parlamentosu\u2019nun \u00f6z\u00fc de budur: birbirimizle, vatanda\u015flarla ve \u00e7evremizdeki d\u00fcnya ile diyalog kurmak. Bu g\u00fczel eserle, Ermeni alfabesinin bu temsili sayesinde Ermenice, Avrupa denilen zengin ve \u00e7e\u015fitli diyalog i\u00e7inde kendi yerini sa\u011flamla\u015ft\u0131r\u0131yor\u201d dedi.<\/p>\n\n\n\n<p>Metsola ayr\u0131ca Ermeni \u015fair Silva Kaputikyan\u2019dan \u015fu s\u00f6zleri aktard\u0131: \u201cNerede olursan ol, bu ay\u0131n alt\u0131nda nereye gidersen git, ana dilini unutma.\u201d<\/p>\n\n\n\n<p>Ba\u015fbakan Nikol Pa\u015finyan ise konu\u015fmas\u0131nda Ermeni alfabesinin icad\u0131n\u0131n 5. y\u00fczy\u0131la dayand\u0131\u011f\u0131n\u0131 ve Ermeni kimli\u011finin en \u00f6nemli temel ta\u015flar\u0131ndan biri oldu\u011funu vurgulad\u0131.<\/p>\n\n\n\n<p>\u201cBu heykelin Ermeni kimli\u011fi ile Avrupa kimli\u011fi aras\u0131ndaki \u00f6nemli ba\u011f\u0131 vurgulayacak olmas\u0131 son derece semboliktir. S\u00f6z\u00fcn, bilginin ve metnin demokrasinin en g\u00fc\u00e7l\u00fc sembollerinden biri oldu\u011funa inan\u0131yorum. \u00c7\u00fcnk\u00fc metin olmadan, ileti\u015fim olmadan, yaz\u0131 olmadan, konu\u015fmalar ve yasalar olmadan demokrasi m\u00fcmk\u00fcn de\u011fildir\u201d diye konu\u015ftu.<\/p>\n\n\n\n<figure class=\"wp-block-embed is-type-video is-provider-youtube wp-block-embed-youtube wp-embed-aspect-16-9 wp-has-aspect-ratio\"><div class=\"wp-block-embed__wrapper\">\n<iframe loading=\"lazy\" title=\"\u054d\u057f\u0580\u0561\u057d\u0562\u0578\u0582\u0580\u0563\u0578\u0582\u0574\u055d \u0535\u053d \u057e\u0561\u0580\u0579\u0561\u056f\u0561\u0576 \u0577\u0565\u0576\u0584\u056b \u0570\u0561\u0580\u0561\u056f\u056b\u0581 \u057f\u0561\u0580\u0561\u056e\u0584\u0578\u0582\u0574 \u0562\u0561\u0581\u057e\u0565\u0581 \u0540\u0561\u0575\u0578\u0581 \u0561\u0575\u0562\u0578\u0582\u0562\u0565\u0576\u056b \u0570\u0578\u0582\u0577\u0561\u0580\u0571\u0561\u0576\u0568\" width=\"500\" height=\"281\" src=\"https:\/\/www.youtube.com\/embed\/chgspatPYSo?feature=oembed\" frameborder=\"0\" allow=\"accelerometer; autoplay; clipboard-write; encrypted-media; gyroscope; picture-in-picture; web-share\" referrerpolicy=\"strict-origin-when-cross-origin\" allowfullscreen><\/iframe>\n<\/div><\/figure>\n\n\n\n<figure class=\"wp-block-embed is-type-wp-embed is-provider-ermeni-haber-ajans wp-block-embed-ermeni-haber-ajans\"><div class=\"wp-block-embed__wrapper\">\n<blockquote class=\"wp-embedded-content\" data-secret=\"HiH3IJiS9b\"><a href=\"https:\/\/ermenihaber.am\/culture\/25127\/\">Strasbourg\u2019da, Avrupa Parlamentosu binas\u0131n\u0131n yak\u0131n\u0131ndaki alanda Ermeni alfabesi an\u0131t\u0131 a\u00e7\u0131ld\u0131<\/a><\/blockquote><iframe loading=\"lazy\" class=\"wp-embedded-content\" sandbox=\"allow-scripts\" security=\"restricted\" style=\"position: absolute; visibility: hidden;\" title=\"&#8220;Strasbourg\u2019da, Avrupa Parlamentosu binas\u0131n\u0131n yak\u0131n\u0131ndaki alanda Ermeni alfabesi an\u0131t\u0131 a\u00e7\u0131ld\u0131&#8221; &#8212; Ermeni haber ajans\u0131\" src=\"https:\/\/ermenihaber.am\/culture\/25127\/embed\/#?secret=GEjXZhLY07#?secret=HiH3IJiS9b\" data-secret=\"HiH3IJiS9b\" width=\"500\" height=\"282\" frameborder=\"0\" marginwidth=\"0\" marginheight=\"0\" scrolling=\"no\"><\/iframe>\n<\/div><\/figure>\n","protected":false},"excerpt":{"rendered":"<p>Strasbourg\u2019da, Avrupa Parlamentosu idari binas\u0131n\u0131n yak\u0131n\u0131ndaki alanda, Nikol Pa\u015finyan ve Roberta Metsola\u2019n\u0131n kat\u0131l\u0131m\u0131yla Ermeni alfabesi an\u0131t\u0131n\u0131n a\u00e7\u0131l\u0131\u015f\u0131 ger\u00e7ekle\u015ftirildi. Armenpress\u2019in Strasbourg muhabirinin bildirdi\u011fine g\u00f6re, \u201cArmatagir \u2013 Diyalo\u011fun G\u00fcc\u00fc\u201d ba\u015fl\u0131kl\u0131 an\u0131t, Avrupa Parlamentosu\u2019nun Ermenistan\u2019a y\u00f6nelik s\u00fcrekli ve ko\u015fulsuz deste\u011fine te\u015fekk\u00fcr g\u00f6stergesi olarak Ermenistan taraf\u0131ndan yerle\u015ftirildi. An\u0131t, Ermeni alfabesinin harflerinden olu\u015fuyor. AP Ba\u015fkan\u0131 Roberta Metsola konu\u015fmas\u0131nda diyalo\u011fun demokrasinin [&hellip;]<\/p>\n","protected":false},"author":1,"featured_media":85719,"comment_status":"open","ping_status":"open","sticky":false,"template":"","format":"standard","meta":{"footnotes":""},"categories":[1],"tags":[],"class_list":["post-85718","post","type-post","status-publish","format-standard","has-post-thumbnail","hentry","category-haberler"],"yoast_head":"<!-- This site is optimized with the Yoast SEO plugin v27.4 - https:\/\/yoast.com\/product\/yoast-seo-wordpress\/ -->\n<title>Strasbourg\u2019da, Avrupa Parlamentosu binas\u0131n\u0131n yak\u0131n\u0131ndaki alanda Ermeni alfabesi an\u0131t\u0131 a\u00e7\u0131ld\u0131 - Bati Ermenistan Ve Bati Ermenileri Sorunlari Ara\u015ftirmalar Merkezi<\/title>\n<meta name=\"robots\" content=\"index, follow, max-snippet:-1, max-image-preview:large, max-video-preview:-1\" \/>\n<link rel=\"canonical\" href=\"https:\/\/akunq.net\/tr\/?p=85718\" \/>\n<meta property=\"og:locale\" content=\"en_US\" \/>\n<meta property=\"og:type\" content=\"article\" \/>\n<meta property=\"og:title\" content=\"Strasbourg\u2019da, Avrupa Parlamentosu binas\u0131n\u0131n yak\u0131n\u0131ndaki alanda Ermeni alfabesi an\u0131t\u0131 a\u00e7\u0131ld\u0131 - Bati Ermenistan Ve Bati Ermenileri Sorunlari Ara\u015ftirmalar Merkezi\" \/>\n<meta property=\"og:description\" content=\"Strasbourg\u2019da, Avrupa Parlamentosu idari binas\u0131n\u0131n yak\u0131n\u0131ndaki alanda, Nikol Pa\u015finyan ve Roberta Metsola\u2019n\u0131n kat\u0131l\u0131m\u0131yla Ermeni alfabesi an\u0131t\u0131n\u0131n a\u00e7\u0131l\u0131\u015f\u0131 ger\u00e7ekle\u015ftirildi. Armenpress\u2019in Strasbourg muhabirinin bildirdi\u011fine g\u00f6re, \u201cArmatagir \u2013 Diyalo\u011fun G\u00fcc\u00fc\u201d ba\u015fl\u0131kl\u0131 an\u0131t, Avrupa Parlamentosu\u2019nun Ermenistan\u2019a y\u00f6nelik s\u00fcrekli ve ko\u015fulsuz deste\u011fine te\u015fekk\u00fcr g\u00f6stergesi olarak Ermenistan taraf\u0131ndan yerle\u015ftirildi. An\u0131t, Ermeni alfabesinin harflerinden olu\u015fuyor. AP Ba\u015fkan\u0131 Roberta Metsola konu\u015fmas\u0131nda diyalo\u011fun demokrasinin [&hellip;]\" \/>\n<meta property=\"og:url\" content=\"https:\/\/akunq.net\/tr\/?p=85718\" \/>\n<meta property=\"og:site_name\" content=\"Bati Ermenistan Ve Bati Ermenileri Sorunlari Ara\u015ftirmalar Merkezi\" \/>\n<meta property=\"article:published_time\" content=\"2026-03-12T05:35:27+00:00\" \/>\n<meta property=\"og:image\" content=\"https:\/\/akunq.net\/tr\/wp-content\/uploads\/sites\/6\/2026\/03\/Ermeni-alfabesi-aniti.jpg\" \/>\n\t<meta property=\"og:image:width\" content=\"1140\" \/>\n\t<meta property=\"og:image:height\" content=\"760\" \/>\n\t<meta property=\"og:image:type\" content=\"image\/jpeg\" \/>\n<meta name=\"author\" content=\"admin\" \/>\n<meta name=\"twitter:card\" content=\"summary_large_image\" \/>\n<meta name=\"twitter:label1\" content=\"Written by\" \/>\n\t<meta name=\"twitter:data1\" content=\"admin\" \/>\n\t<meta name=\"twitter:label2\" content=\"Est. reading time\" \/>\n\t<meta name=\"twitter:data2\" content=\"1 minute\" \/>\n<script type=\"application\/ld+json\" class=\"yoast-schema-graph\">{\"@context\":\"https:\\\/\\\/schema.org\",\"@graph\":[{\"@type\":\"Article\",\"@id\":\"https:\\\/\\\/akunq.net\\\/tr\\\/?p=85718#article\",\"isPartOf\":{\"@id\":\"https:\\\/\\\/akunq.net\\\/tr\\\/?p=85718\"},\"author\":{\"name\":\"admin\",\"@id\":\"https:\\\/\\\/akunq.net\\\/tr\\\/#\\\/schema\\\/person\\\/42a46675f00a8f1e84520e8c56500de3\"},\"headline\":\"Strasbourg\u2019da, Avrupa Parlamentosu binas\u0131n\u0131n yak\u0131n\u0131ndaki alanda Ermeni alfabesi an\u0131t\u0131 a\u00e7\u0131ld\u0131\",\"datePublished\":\"2026-03-12T05:35:27+00:00\",\"mainEntityOfPage\":{\"@id\":\"https:\\\/\\\/akunq.net\\\/tr\\\/?p=85718\"},\"wordCount\":317,\"commentCount\":0,\"image\":{\"@id\":\"https:\\\/\\\/akunq.net\\\/tr\\\/?p=85718#primaryimage\"},\"thumbnailUrl\":\"https:\\\/\\\/akunq.net\\\/tr\\\/wp-content\\\/uploads\\\/sites\\\/6\\\/2026\\\/03\\\/Ermeni-alfabesi-aniti.jpg\",\"articleSection\":[\"Haberler\"],\"inLanguage\":\"en-US\",\"potentialAction\":[{\"@type\":\"CommentAction\",\"name\":\"Comment\",\"target\":[\"https:\\\/\\\/akunq.net\\\/tr\\\/?p=85718#respond\"]}]},{\"@type\":\"WebPage\",\"@id\":\"https:\\\/\\\/akunq.net\\\/tr\\\/?p=85718\",\"url\":\"https:\\\/\\\/akunq.net\\\/tr\\\/?p=85718\",\"name\":\"Strasbourg\u2019da, Avrupa Parlamentosu binas\u0131n\u0131n yak\u0131n\u0131ndaki alanda Ermeni alfabesi an\u0131t\u0131 a\u00e7\u0131ld\u0131 - Bati Ermenistan Ve Bati Ermenileri Sorunlari Ara\u015ftirmalar Merkezi\",\"isPartOf\":{\"@id\":\"https:\\\/\\\/akunq.net\\\/tr\\\/#website\"},\"primaryImageOfPage\":{\"@id\":\"https:\\\/\\\/akunq.net\\\/tr\\\/?p=85718#primaryimage\"},\"image\":{\"@id\":\"https:\\\/\\\/akunq.net\\\/tr\\\/?p=85718#primaryimage\"},\"thumbnailUrl\":\"https:\\\/\\\/akunq.net\\\/tr\\\/wp-content\\\/uploads\\\/sites\\\/6\\\/2026\\\/03\\\/Ermeni-alfabesi-aniti.jpg\",\"datePublished\":\"2026-03-12T05:35:27+00:00\",\"author\":{\"@id\":\"https:\\\/\\\/akunq.net\\\/tr\\\/#\\\/schema\\\/person\\\/42a46675f00a8f1e84520e8c56500de3\"},\"breadcrumb\":{\"@id\":\"https:\\\/\\\/akunq.net\\\/tr\\\/?p=85718#breadcrumb\"},\"inLanguage\":\"en-US\",\"potentialAction\":[{\"@type\":\"ReadAction\",\"target\":[\"https:\\\/\\\/akunq.net\\\/tr\\\/?p=85718\"]}]},{\"@type\":\"ImageObject\",\"inLanguage\":\"en-US\",\"@id\":\"https:\\\/\\\/akunq.net\\\/tr\\\/?p=85718#primaryimage\",\"url\":\"https:\\\/\\\/akunq.net\\\/tr\\\/wp-content\\\/uploads\\\/sites\\\/6\\\/2026\\\/03\\\/Ermeni-alfabesi-aniti.jpg\",\"contentUrl\":\"https:\\\/\\\/akunq.net\\\/tr\\\/wp-content\\\/uploads\\\/sites\\\/6\\\/2026\\\/03\\\/Ermeni-alfabesi-aniti.jpg\",\"width\":1140,\"height\":760},{\"@type\":\"BreadcrumbList\",\"@id\":\"https:\\\/\\\/akunq.net\\\/tr\\\/?p=85718#breadcrumb\",\"itemListElement\":[{\"@type\":\"ListItem\",\"position\":1,\"name\":\"Home\",\"item\":\"https:\\\/\\\/akunq.net\\\/tr\"},{\"@type\":\"ListItem\",\"position\":2,\"name\":\"Strasbourg\u2019da, Avrupa Parlamentosu binas\u0131n\u0131n yak\u0131n\u0131ndaki alanda Ermeni alfabesi an\u0131t\u0131 a\u00e7\u0131ld\u0131\"}]},{\"@type\":\"WebSite\",\"@id\":\"https:\\\/\\\/akunq.net\\\/tr\\\/#website\",\"url\":\"https:\\\/\\\/akunq.net\\\/tr\\\/\",\"name\":\"Bati Ermenistan Ve Bati Ermenileri Sorunlari Ara\u015ftirmalar Merkezi\",\"description\":\"\",\"potentialAction\":[{\"@type\":\"SearchAction\",\"target\":{\"@type\":\"EntryPoint\",\"urlTemplate\":\"https:\\\/\\\/akunq.net\\\/tr\\\/?s={search_term_string}\"},\"query-input\":{\"@type\":\"PropertyValueSpecification\",\"valueRequired\":true,\"valueName\":\"search_term_string\"}}],\"inLanguage\":\"en-US\"},{\"@type\":\"Person\",\"@id\":\"https:\\\/\\\/akunq.net\\\/tr\\\/#\\\/schema\\\/person\\\/42a46675f00a8f1e84520e8c56500de3\",\"name\":\"admin\",\"url\":\"https:\\\/\\\/akunq.net\\\/tr\\\/?author=1\"}]}<\/script>\n<!-- \/ Yoast SEO plugin. -->","yoast_head_json":{"title":"Strasbourg\u2019da, Avrupa Parlamentosu binas\u0131n\u0131n yak\u0131n\u0131ndaki alanda Ermeni alfabesi an\u0131t\u0131 a\u00e7\u0131ld\u0131 - Bati Ermenistan Ve Bati Ermenileri Sorunlari Ara\u015ftirmalar Merkezi","robots":{"index":"index","follow":"follow","max-snippet":"max-snippet:-1","max-image-preview":"max-image-preview:large","max-video-preview":"max-video-preview:-1"},"canonical":"https:\/\/akunq.net\/tr\/?p=85718","og_locale":"en_US","og_type":"article","og_title":"Strasbourg\u2019da, Avrupa Parlamentosu binas\u0131n\u0131n yak\u0131n\u0131ndaki alanda Ermeni alfabesi an\u0131t\u0131 a\u00e7\u0131ld\u0131 - Bati Ermenistan Ve Bati Ermenileri Sorunlari Ara\u015ftirmalar Merkezi","og_description":"Strasbourg\u2019da, Avrupa Parlamentosu idari binas\u0131n\u0131n yak\u0131n\u0131ndaki alanda, Nikol Pa\u015finyan ve Roberta Metsola\u2019n\u0131n kat\u0131l\u0131m\u0131yla Ermeni alfabesi an\u0131t\u0131n\u0131n a\u00e7\u0131l\u0131\u015f\u0131 ger\u00e7ekle\u015ftirildi. Armenpress\u2019in Strasbourg muhabirinin bildirdi\u011fine g\u00f6re, \u201cArmatagir \u2013 Diyalo\u011fun G\u00fcc\u00fc\u201d ba\u015fl\u0131kl\u0131 an\u0131t, Avrupa Parlamentosu\u2019nun Ermenistan\u2019a y\u00f6nelik s\u00fcrekli ve ko\u015fulsuz deste\u011fine te\u015fekk\u00fcr g\u00f6stergesi olarak Ermenistan taraf\u0131ndan yerle\u015ftirildi. An\u0131t, Ermeni alfabesinin harflerinden olu\u015fuyor. AP Ba\u015fkan\u0131 Roberta Metsola konu\u015fmas\u0131nda diyalo\u011fun demokrasinin [&hellip;]","og_url":"https:\/\/akunq.net\/tr\/?p=85718","og_site_name":"Bati Ermenistan Ve Bati Ermenileri Sorunlari Ara\u015ftirmalar Merkezi","article_published_time":"2026-03-12T05:35:27+00:00","og_image":[{"width":1140,"height":760,"url":"https:\/\/akunq.net\/tr\/wp-content\/uploads\/sites\/6\/2026\/03\/Ermeni-alfabesi-aniti.jpg","type":"image\/jpeg"}],"author":"admin","twitter_card":"summary_large_image","twitter_misc":{"Written by":"admin","Est. reading time":"1 minute"},"schema":{"@context":"https:\/\/schema.org","@graph":[{"@type":"Article","@id":"https:\/\/akunq.net\/tr\/?p=85718#article","isPartOf":{"@id":"https:\/\/akunq.net\/tr\/?p=85718"},"author":{"name":"admin","@id":"https:\/\/akunq.net\/tr\/#\/schema\/person\/42a46675f00a8f1e84520e8c56500de3"},"headline":"Strasbourg\u2019da, Avrupa Parlamentosu binas\u0131n\u0131n yak\u0131n\u0131ndaki alanda Ermeni alfabesi an\u0131t\u0131 a\u00e7\u0131ld\u0131","datePublished":"2026-03-12T05:35:27+00:00","mainEntityOfPage":{"@id":"https:\/\/akunq.net\/tr\/?p=85718"},"wordCount":317,"commentCount":0,"image":{"@id":"https:\/\/akunq.net\/tr\/?p=85718#primaryimage"},"thumbnailUrl":"https:\/\/akunq.net\/tr\/wp-content\/uploads\/sites\/6\/2026\/03\/Ermeni-alfabesi-aniti.jpg","articleSection":["Haberler"],"inLanguage":"en-US","potentialAction":[{"@type":"CommentAction","name":"Comment","target":["https:\/\/akunq.net\/tr\/?p=85718#respond"]}]},{"@type":"WebPage","@id":"https:\/\/akunq.net\/tr\/?p=85718","url":"https:\/\/akunq.net\/tr\/?p=85718","name":"Strasbourg\u2019da, Avrupa Parlamentosu binas\u0131n\u0131n yak\u0131n\u0131ndaki alanda Ermeni alfabesi an\u0131t\u0131 a\u00e7\u0131ld\u0131 - Bati Ermenistan Ve Bati Ermenileri Sorunlari Ara\u015ftirmalar Merkezi","isPartOf":{"@id":"https:\/\/akunq.net\/tr\/#website"},"primaryImageOfPage":{"@id":"https:\/\/akunq.net\/tr\/?p=85718#primaryimage"},"image":{"@id":"https:\/\/akunq.net\/tr\/?p=85718#primaryimage"},"thumbnailUrl":"https:\/\/akunq.net\/tr\/wp-content\/uploads\/sites\/6\/2026\/03\/Ermeni-alfabesi-aniti.jpg","datePublished":"2026-03-12T05:35:27+00:00","author":{"@id":"https:\/\/akunq.net\/tr\/#\/schema\/person\/42a46675f00a8f1e84520e8c56500de3"},"breadcrumb":{"@id":"https:\/\/akunq.net\/tr\/?p=85718#breadcrumb"},"inLanguage":"en-US","potentialAction":[{"@type":"ReadAction","target":["https:\/\/akunq.net\/tr\/?p=85718"]}]},{"@type":"ImageObject","inLanguage":"en-US","@id":"https:\/\/akunq.net\/tr\/?p=85718#primaryimage","url":"https:\/\/akunq.net\/tr\/wp-content\/uploads\/sites\/6\/2026\/03\/Ermeni-alfabesi-aniti.jpg","contentUrl":"https:\/\/akunq.net\/tr\/wp-content\/uploads\/sites\/6\/2026\/03\/Ermeni-alfabesi-aniti.jpg","width":1140,"height":760},{"@type":"BreadcrumbList","@id":"https:\/\/akunq.net\/tr\/?p=85718#breadcrumb","itemListElement":[{"@type":"ListItem","position":1,"name":"Home","item":"https:\/\/akunq.net\/tr"},{"@type":"ListItem","position":2,"name":"Strasbourg\u2019da, Avrupa Parlamentosu binas\u0131n\u0131n yak\u0131n\u0131ndaki alanda Ermeni alfabesi an\u0131t\u0131 a\u00e7\u0131ld\u0131"}]},{"@type":"WebSite","@id":"https:\/\/akunq.net\/tr\/#website","url":"https:\/\/akunq.net\/tr\/","name":"Bati Ermenistan Ve Bati Ermenileri Sorunlari Ara\u015ftirmalar Merkezi","description":"","potentialAction":[{"@type":"SearchAction","target":{"@type":"EntryPoint","urlTemplate":"https:\/\/akunq.net\/tr\/?s={search_term_string}"},"query-input":{"@type":"PropertyValueSpecification","valueRequired":true,"valueName":"search_term_string"}}],"inLanguage":"en-US"},{"@type":"Person","@id":"https:\/\/akunq.net\/tr\/#\/schema\/person\/42a46675f00a8f1e84520e8c56500de3","name":"admin","url":"https:\/\/akunq.net\/tr\/?author=1"}]}},"_links":{"self":[{"href":"https:\/\/akunq.net\/tr\/index.php?rest_route=\/wp\/v2\/posts\/85718","targetHints":{"allow":["GET"]}}],"collection":[{"href":"https:\/\/akunq.net\/tr\/index.php?rest_route=\/wp\/v2\/posts"}],"about":[{"href":"https:\/\/akunq.net\/tr\/index.php?rest_route=\/wp\/v2\/types\/post"}],"author":[{"embeddable":true,"href":"https:\/\/akunq.net\/tr\/index.php?rest_route=\/wp\/v2\/users\/1"}],"replies":[{"embeddable":true,"href":"https:\/\/akunq.net\/tr\/index.php?rest_route=%2Fwp%2Fv2%2Fcomments&post=85718"}],"version-history":[{"count":1,"href":"https:\/\/akunq.net\/tr\/index.php?rest_route=\/wp\/v2\/posts\/85718\/revisions"}],"predecessor-version":[{"id":85720,"href":"https:\/\/akunq.net\/tr\/index.php?rest_route=\/wp\/v2\/posts\/85718\/revisions\/85720"}],"wp:featuredmedia":[{"embeddable":true,"href":"https:\/\/akunq.net\/tr\/index.php?rest_route=\/wp\/v2\/media\/85719"}],"wp:attachment":[{"href":"https:\/\/akunq.net\/tr\/index.php?rest_route=%2Fwp%2Fv2%2Fmedia&parent=85718"}],"wp:term":[{"taxonomy":"category","embeddable":true,"href":"https:\/\/akunq.net\/tr\/index.php?rest_route=%2Fwp%2Fv2%2Fcategories&post=85718"},{"taxonomy":"post_tag","embeddable":true,"href":"https:\/\/akunq.net\/tr\/index.php?rest_route=%2Fwp%2Fv2%2Ftags&post=85718"}],"curies":[{"name":"wp","href":"https:\/\/api.w.org\/{rel}","templated":true}]}}