{"id":85331,"date":"2026-02-02T02:19:34","date_gmt":"2026-02-02T07:19:34","guid":{"rendered":"https:\/\/akunq.net\/tr\/?p=85331"},"modified":"2026-02-02T02:19:34","modified_gmt":"2026-02-02T07:19:34","slug":"ermeni-toplumunda-nufus-erimesi-devam-ediyor-527-vefat-183-vaftiz","status":"publish","type":"post","link":"https:\/\/akunq.net\/tr\/?p=85331","title":{"rendered":"Ermeni toplumunda n\u00fcfus erimesi devam ediyor: 527 vefat, 183 vaftiz"},"content":{"rendered":"\n<p><strong><em>T\u00fcrkiye Ermeni toplumunda ekonomik krizin yan\u0131 s\u0131ra n\u00fcfus say\u0131s\u0131n\u0131n her y\u0131l azalmas\u0131 g\u00fcndemdeki yerini koruyor. T\u00fcrkiye Ermeni Patrikli\u011fi\u2019nden elde etti\u011fimiz verilere g\u00f6re, 2025 y\u0131l\u0131nda 183 \u00e7ocuk vaftiz olurken, 527 cenaze t\u00f6reni yap\u0131ld\u0131. \u00dccretsiz olarak yap\u0131lan cenaze t\u00f6renlerinde de art\u0131\u015f var. Kimi aileler cenaze t\u00f6renlerinin masraflar\u0131n\u0131 kar\u015f\u0131lamakta zorland\u0131\u011f\u0131 i\u00e7in kiliseler yerine mezarl\u0131k \u015fapellerinde cenaze t\u00f6reni d\u00fczenlemek durumunda kal\u0131yor.<\/em><\/strong><\/p>\n\n\n\n<p><a href=\"https:\/\/www.agos.com.tr\/tr\/yazar\/ishan-erdinc-264\"><strong>\u0130\u015fhan Erdin\u00e7<\/strong><\/a><\/p>\n\n\n\n<p>T\u00fcrkiye Ermenileri Patrikli\u011fi, cenaze, vaftiz ve d\u00fc\u011f\u00fcn t\u00f6renlerine ili\u015fkin verileri ilk olarak ge\u00e7ti\u011fimiz y\u0131l kamuoyuna duyurmu\u015ftu. 2024 verilerine g\u00f6re toplumda do\u011fum say\u0131s\u0131nda d\u00fc\u015f\u00fc\u015f ya\u015fand\u0131\u011f\u0131, vefat say\u0131s\u0131nda ise art\u0131\u015f ya\u015fand\u0131\u011f\u0131 g\u00f6r\u00fclm\u00fc\u015ft\u00fc. Bu tablo 2025 y\u0131l\u0131 verilerinde de tekrarland\u0131.&nbsp; 2025 y\u0131l\u0131nda 183 \u00e7ocuk vaftiz olurken, 527 cenaze t\u00f6reni yap\u0131ld\u0131. Patrikhane kaynaklar\u0131, 2021-2025 tarihleri aras\u0131 vaftiz ve cenaze say\u0131lar\u0131n\u0131; ge\u00e7ti\u011fimiz y\u0131l Ermeni toplumunda \u00fccretsiz olarak yap\u0131lan d\u00fc\u011f\u00fcn, cenaze, vaftiz ve ayin-i ruhani (hokehankist) t\u00f6renlerine ili\u015fkin verileri de payla\u015ft\u0131.&nbsp;<\/p>\n\n\n\n<p>Buna g\u00f6re 2021\u2019de vaftiz t\u00f6reni say\u0131s\u0131 276, 2022\u2019de 271, 2023\u2019te 237, 2024 ve 2025\u2019te 183 olarak ger\u00e7ekle\u015fti. Cenaze t\u00f6renleri veri al\u0131narak hesaplanan vefatlar ise 2021\u2019de 613 iken, 2022\u2019de 593, 2023\u2019te 565, 2024\u2019te 547 ve 2025\u2019te 527 olarak rapor edildi.&nbsp;<\/p>\n\n\n\n<p>Patriklik makam\u0131, d\u00fc\u011f\u00fcn say\u0131lar\u0131n\u0131 2022\u2019de 132, 2023\u2019te 101 ve 2024\u2019te ise 85 olarak&nbsp; duyurmu\u015ftu. Bu say\u0131larda da \u00f6nemli dir d\u00fc\u015f\u00fc\u015f e\u011filimi g\u00f6zlense de 2025 i\u00e7in d\u00fc\u011f\u00fcn say\u0131lar\u0131na dair bir veri payla\u015f\u0131lmad\u0131.&nbsp;<\/p>\n\n\n\n<p>T\u00fcrkiye Ermeni toplumunda etkisini hissettiren ekonomik kriz, \u00fccretsiz t\u00f6ren say\u0131lar\u0131n\u0131n artmas\u0131na da neden oldu. 2024\u2019te 6 d\u00fc\u011f\u00fcn \u00fccretsiz yap\u0131l\u0131rken, 2025\u2019te bu say\u0131 9\u2019a y\u00fckseldi. 2024\u2019te 62 vaftiz t\u00f6reni \u00fccretsiz yap\u0131l\u0131rken, 2025\u2019te bu say\u0131 58\u2019e do\u011fru geriledi. 2024\u2019te&nbsp; 68 vefat&nbsp; i\u00e7in \u00fccretsiz cenaze t\u00f6reni d\u00fczenlenirken, 2025\u2019te ise 78 vefat i\u00e7in \u00fccretsiz cenaze t\u00f6reni d\u00fczenlendi. 2024\u2019te 86 ki\u015fi i\u00e7in \u00fccretsiz ayin-i ruhani t\u00f6reni d\u00fczenlenmi\u015fti. 2025\u2019te 103 ki\u015fi i\u00e7in&nbsp; \u00fccretsiz ayin-i ruhani d\u00fczenlendi.<\/p>\n\n\n\n<p>Kimi aileler cenaze t\u00f6renlerinin masraflar\u0131n\u0131 kar\u015f\u0131lamakta zorland\u0131\u011f\u0131 i\u00e7in kiliseler yerine mezarl\u0131k \u015fapellerinde cenaze t\u00f6reni d\u00fczenlemek durumunda kal\u0131yor.&nbsp;<\/p>\n\n\n\n<p>Vaftiz ve cenaze t\u00f6renleri aras\u0131ndaki b\u00fcy\u00fck fark ise T\u00fcrkiye Ermeni toplumundaki n\u00fcfus erimesinin s\u00fcrd\u00fc\u011f\u00fcn\u00fc ve ne yaz\u0131k ki kal\u0131c\u0131 hale gelme e\u011filiminde oldu\u011funu g\u00f6steriyor.&nbsp;<\/p>\n\n\n\n<p>Patrik Ma\u015falyan 2 Kas\u0131m 2025\u2019te Ferik\u00f6y Okulu i\u00e7in d\u00fczenlene sevgi sofras\u0131nda bu tabloya&nbsp; dikkat \u00e7ekmi\u015f ve \u201cGiderek azal\u0131yoruz, \u00e7o\u011falm\u0131yoruz 10 binlere do\u011fru yakla\u015f\u0131yoruz, bir okulda 50 \u00f6\u011frenci g\u00f6rd\u00fc\u011f\u00fcm\u00fczde kalabal\u0131k diyece\u011fiz. N\u00fcfusu iyi anlamam\u0131z laz\u0131m, evlilikleri \u00e7o\u011faltamazsak hayat\u0131n ger\u00e7e\u011fine katlanmak durumunda kal\u0131r\u0131z. Bu konuda pek \u00fcmidim yok\u201d demi\u015fti. T\u00fcrkiye Ermeni toplumunun yakla\u015f\u0131k 40 bin ki\u015fii civar\u0131nda oldu\u011fu tahmin ediliyor.&nbsp;<\/p>\n\n\n\n<p><a href=\"https:\/\/www.agos.com.tr\/tr\/haber\/ermeni-toplumunda-nufus-erimesi-devam-ediyor-527-vefat-183-vaftiz-39303\"><strong><em>https:\/\/www.agos.com.tr\/tr\/haber\/ermeni-toplumunda-nufus-erimesi-devam-ediyor-527-vefat-183-vaftiz-39303<\/em><\/strong><\/a><\/p>\n","protected":false},"excerpt":{"rendered":"<p>T\u00fcrkiye Ermeni toplumunda ekonomik krizin yan\u0131 s\u0131ra n\u00fcfus say\u0131s\u0131n\u0131n her y\u0131l azalmas\u0131 g\u00fcndemdeki yerini koruyor. T\u00fcrkiye Ermeni Patrikli\u011fi\u2019nden elde etti\u011fimiz verilere g\u00f6re, 2025 y\u0131l\u0131nda 183 \u00e7ocuk vaftiz olurken, 527 cenaze t\u00f6reni yap\u0131ld\u0131. \u00dccretsiz olarak yap\u0131lan cenaze t\u00f6renlerinde de art\u0131\u015f var. Kimi aileler cenaze t\u00f6renlerinin masraflar\u0131n\u0131 kar\u015f\u0131lamakta zorland\u0131\u011f\u0131 i\u00e7in kiliseler yerine mezarl\u0131k \u015fapellerinde cenaze t\u00f6reni d\u00fczenlemek [&hellip;]<\/p>\n","protected":false},"author":1,"featured_media":85332,"comment_status":"open","ping_status":"open","sticky":false,"template":"","format":"standard","meta":{"footnotes":""},"categories":[1],"tags":[],"class_list":["post-85331","post","type-post","status-publish","format-standard","has-post-thumbnail","hentry","category-haberler"],"yoast_head":"<!-- This site is optimized with the Yoast SEO plugin v27.4 - https:\/\/yoast.com\/product\/yoast-seo-wordpress\/ -->\n<title>Ermeni toplumunda n\u00fcfus erimesi devam ediyor: 527 vefat, 183 vaftiz - Bati Ermenistan Ve Bati Ermenileri Sorunlari Ara\u015ftirmalar Merkezi<\/title>\n<meta name=\"robots\" content=\"index, follow, max-snippet:-1, max-image-preview:large, max-video-preview:-1\" \/>\n<link rel=\"canonical\" href=\"https:\/\/akunq.net\/tr\/?p=85331\" \/>\n<meta property=\"og:locale\" content=\"en_US\" \/>\n<meta property=\"og:type\" content=\"article\" \/>\n<meta property=\"og:title\" content=\"Ermeni toplumunda n\u00fcfus erimesi devam ediyor: 527 vefat, 183 vaftiz - Bati Ermenistan Ve Bati Ermenileri Sorunlari Ara\u015ftirmalar Merkezi\" \/>\n<meta property=\"og:description\" content=\"T\u00fcrkiye Ermeni toplumunda ekonomik krizin yan\u0131 s\u0131ra n\u00fcfus say\u0131s\u0131n\u0131n her y\u0131l azalmas\u0131 g\u00fcndemdeki yerini koruyor. T\u00fcrkiye Ermeni Patrikli\u011fi\u2019nden elde etti\u011fimiz verilere g\u00f6re, 2025 y\u0131l\u0131nda 183 \u00e7ocuk vaftiz olurken, 527 cenaze t\u00f6reni yap\u0131ld\u0131. \u00dccretsiz olarak yap\u0131lan cenaze t\u00f6renlerinde de art\u0131\u015f var. Kimi aileler cenaze t\u00f6renlerinin masraflar\u0131n\u0131 kar\u015f\u0131lamakta zorland\u0131\u011f\u0131 i\u00e7in kiliseler yerine mezarl\u0131k \u015fapellerinde cenaze t\u00f6reni d\u00fczenlemek [&hellip;]\" \/>\n<meta property=\"og:url\" content=\"https:\/\/akunq.net\/tr\/?p=85331\" \/>\n<meta property=\"og:site_name\" content=\"Bati Ermenistan Ve Bati Ermenileri Sorunlari Ara\u015ftirmalar Merkezi\" \/>\n<meta property=\"article:published_time\" content=\"2026-02-02T07:19:34+00:00\" \/>\n<meta property=\"og:image\" content=\"https:\/\/akunq.net\/tr\/wp-content\/uploads\/sites\/6\/2026\/02\/Ermeni-toplumu.webp\" \/>\n\t<meta property=\"og:image:width\" content=\"1200\" \/>\n\t<meta property=\"og:image:height\" content=\"800\" \/>\n\t<meta property=\"og:image:type\" content=\"image\/webp\" \/>\n<meta name=\"author\" content=\"admin\" \/>\n<meta name=\"twitter:card\" content=\"summary_large_image\" \/>\n<meta name=\"twitter:label1\" content=\"Written by\" \/>\n\t<meta name=\"twitter:data1\" content=\"admin\" \/>\n\t<meta name=\"twitter:label2\" content=\"Est. reading time\" \/>\n\t<meta name=\"twitter:data2\" content=\"2 minutes\" \/>\n<script type=\"application\/ld+json\" class=\"yoast-schema-graph\">{\"@context\":\"https:\\\/\\\/schema.org\",\"@graph\":[{\"@type\":\"Article\",\"@id\":\"https:\\\/\\\/akunq.net\\\/tr\\\/?p=85331#article\",\"isPartOf\":{\"@id\":\"https:\\\/\\\/akunq.net\\\/tr\\\/?p=85331\"},\"author\":{\"name\":\"admin\",\"@id\":\"https:\\\/\\\/akunq.net\\\/tr\\\/#\\\/schema\\\/person\\\/42a46675f00a8f1e84520e8c56500de3\"},\"headline\":\"Ermeni toplumunda n\u00fcfus erimesi devam ediyor: 527 vefat, 183 vaftiz\",\"datePublished\":\"2026-02-02T07:19:34+00:00\",\"mainEntityOfPage\":{\"@id\":\"https:\\\/\\\/akunq.net\\\/tr\\\/?p=85331\"},\"wordCount\":533,\"commentCount\":0,\"image\":{\"@id\":\"https:\\\/\\\/akunq.net\\\/tr\\\/?p=85331#primaryimage\"},\"thumbnailUrl\":\"https:\\\/\\\/akunq.net\\\/tr\\\/wp-content\\\/uploads\\\/sites\\\/6\\\/2026\\\/02\\\/Ermeni-toplumu.webp\",\"articleSection\":[\"Haberler\"],\"inLanguage\":\"en-US\",\"potentialAction\":[{\"@type\":\"CommentAction\",\"name\":\"Comment\",\"target\":[\"https:\\\/\\\/akunq.net\\\/tr\\\/?p=85331#respond\"]}]},{\"@type\":\"WebPage\",\"@id\":\"https:\\\/\\\/akunq.net\\\/tr\\\/?p=85331\",\"url\":\"https:\\\/\\\/akunq.net\\\/tr\\\/?p=85331\",\"name\":\"Ermeni toplumunda n\u00fcfus erimesi devam ediyor: 527 vefat, 183 vaftiz - Bati Ermenistan Ve Bati Ermenileri Sorunlari Ara\u015ftirmalar Merkezi\",\"isPartOf\":{\"@id\":\"https:\\\/\\\/akunq.net\\\/tr\\\/#website\"},\"primaryImageOfPage\":{\"@id\":\"https:\\\/\\\/akunq.net\\\/tr\\\/?p=85331#primaryimage\"},\"image\":{\"@id\":\"https:\\\/\\\/akunq.net\\\/tr\\\/?p=85331#primaryimage\"},\"thumbnailUrl\":\"https:\\\/\\\/akunq.net\\\/tr\\\/wp-content\\\/uploads\\\/sites\\\/6\\\/2026\\\/02\\\/Ermeni-toplumu.webp\",\"datePublished\":\"2026-02-02T07:19:34+00:00\",\"author\":{\"@id\":\"https:\\\/\\\/akunq.net\\\/tr\\\/#\\\/schema\\\/person\\\/42a46675f00a8f1e84520e8c56500de3\"},\"breadcrumb\":{\"@id\":\"https:\\\/\\\/akunq.net\\\/tr\\\/?p=85331#breadcrumb\"},\"inLanguage\":\"en-US\",\"potentialAction\":[{\"@type\":\"ReadAction\",\"target\":[\"https:\\\/\\\/akunq.net\\\/tr\\\/?p=85331\"]}]},{\"@type\":\"ImageObject\",\"inLanguage\":\"en-US\",\"@id\":\"https:\\\/\\\/akunq.net\\\/tr\\\/?p=85331#primaryimage\",\"url\":\"https:\\\/\\\/akunq.net\\\/tr\\\/wp-content\\\/uploads\\\/sites\\\/6\\\/2026\\\/02\\\/Ermeni-toplumu.webp\",\"contentUrl\":\"https:\\\/\\\/akunq.net\\\/tr\\\/wp-content\\\/uploads\\\/sites\\\/6\\\/2026\\\/02\\\/Ermeni-toplumu.webp\",\"width\":1200,\"height\":800},{\"@type\":\"BreadcrumbList\",\"@id\":\"https:\\\/\\\/akunq.net\\\/tr\\\/?p=85331#breadcrumb\",\"itemListElement\":[{\"@type\":\"ListItem\",\"position\":1,\"name\":\"Home\",\"item\":\"https:\\\/\\\/akunq.net\\\/tr\"},{\"@type\":\"ListItem\",\"position\":2,\"name\":\"Ermeni toplumunda n\u00fcfus erimesi devam ediyor: 527 vefat, 183 vaftiz\"}]},{\"@type\":\"WebSite\",\"@id\":\"https:\\\/\\\/akunq.net\\\/tr\\\/#website\",\"url\":\"https:\\\/\\\/akunq.net\\\/tr\\\/\",\"name\":\"Bati Ermenistan Ve Bati Ermenileri Sorunlari Ara\u015ftirmalar Merkezi\",\"description\":\"\",\"potentialAction\":[{\"@type\":\"SearchAction\",\"target\":{\"@type\":\"EntryPoint\",\"urlTemplate\":\"https:\\\/\\\/akunq.net\\\/tr\\\/?s={search_term_string}\"},\"query-input\":{\"@type\":\"PropertyValueSpecification\",\"valueRequired\":true,\"valueName\":\"search_term_string\"}}],\"inLanguage\":\"en-US\"},{\"@type\":\"Person\",\"@id\":\"https:\\\/\\\/akunq.net\\\/tr\\\/#\\\/schema\\\/person\\\/42a46675f00a8f1e84520e8c56500de3\",\"name\":\"admin\",\"url\":\"https:\\\/\\\/akunq.net\\\/tr\\\/?author=1\"}]}<\/script>\n<!-- \/ Yoast SEO plugin. -->","yoast_head_json":{"title":"Ermeni toplumunda n\u00fcfus erimesi devam ediyor: 527 vefat, 183 vaftiz - Bati Ermenistan Ve Bati Ermenileri Sorunlari Ara\u015ftirmalar Merkezi","robots":{"index":"index","follow":"follow","max-snippet":"max-snippet:-1","max-image-preview":"max-image-preview:large","max-video-preview":"max-video-preview:-1"},"canonical":"https:\/\/akunq.net\/tr\/?p=85331","og_locale":"en_US","og_type":"article","og_title":"Ermeni toplumunda n\u00fcfus erimesi devam ediyor: 527 vefat, 183 vaftiz - Bati Ermenistan Ve Bati Ermenileri Sorunlari Ara\u015ftirmalar Merkezi","og_description":"T\u00fcrkiye Ermeni toplumunda ekonomik krizin yan\u0131 s\u0131ra n\u00fcfus say\u0131s\u0131n\u0131n her y\u0131l azalmas\u0131 g\u00fcndemdeki yerini koruyor. T\u00fcrkiye Ermeni Patrikli\u011fi\u2019nden elde etti\u011fimiz verilere g\u00f6re, 2025 y\u0131l\u0131nda 183 \u00e7ocuk vaftiz olurken, 527 cenaze t\u00f6reni yap\u0131ld\u0131. \u00dccretsiz olarak yap\u0131lan cenaze t\u00f6renlerinde de art\u0131\u015f var. Kimi aileler cenaze t\u00f6renlerinin masraflar\u0131n\u0131 kar\u015f\u0131lamakta zorland\u0131\u011f\u0131 i\u00e7in kiliseler yerine mezarl\u0131k \u015fapellerinde cenaze t\u00f6reni d\u00fczenlemek [&hellip;]","og_url":"https:\/\/akunq.net\/tr\/?p=85331","og_site_name":"Bati Ermenistan Ve Bati Ermenileri Sorunlari Ara\u015ftirmalar Merkezi","article_published_time":"2026-02-02T07:19:34+00:00","og_image":[{"width":1200,"height":800,"url":"https:\/\/akunq.net\/tr\/wp-content\/uploads\/sites\/6\/2026\/02\/Ermeni-toplumu.webp","type":"image\/webp"}],"author":"admin","twitter_card":"summary_large_image","twitter_misc":{"Written by":"admin","Est. reading time":"2 minutes"},"schema":{"@context":"https:\/\/schema.org","@graph":[{"@type":"Article","@id":"https:\/\/akunq.net\/tr\/?p=85331#article","isPartOf":{"@id":"https:\/\/akunq.net\/tr\/?p=85331"},"author":{"name":"admin","@id":"https:\/\/akunq.net\/tr\/#\/schema\/person\/42a46675f00a8f1e84520e8c56500de3"},"headline":"Ermeni toplumunda n\u00fcfus erimesi devam ediyor: 527 vefat, 183 vaftiz","datePublished":"2026-02-02T07:19:34+00:00","mainEntityOfPage":{"@id":"https:\/\/akunq.net\/tr\/?p=85331"},"wordCount":533,"commentCount":0,"image":{"@id":"https:\/\/akunq.net\/tr\/?p=85331#primaryimage"},"thumbnailUrl":"https:\/\/akunq.net\/tr\/wp-content\/uploads\/sites\/6\/2026\/02\/Ermeni-toplumu.webp","articleSection":["Haberler"],"inLanguage":"en-US","potentialAction":[{"@type":"CommentAction","name":"Comment","target":["https:\/\/akunq.net\/tr\/?p=85331#respond"]}]},{"@type":"WebPage","@id":"https:\/\/akunq.net\/tr\/?p=85331","url":"https:\/\/akunq.net\/tr\/?p=85331","name":"Ermeni toplumunda n\u00fcfus erimesi devam ediyor: 527 vefat, 183 vaftiz - Bati Ermenistan Ve Bati Ermenileri Sorunlari Ara\u015ftirmalar Merkezi","isPartOf":{"@id":"https:\/\/akunq.net\/tr\/#website"},"primaryImageOfPage":{"@id":"https:\/\/akunq.net\/tr\/?p=85331#primaryimage"},"image":{"@id":"https:\/\/akunq.net\/tr\/?p=85331#primaryimage"},"thumbnailUrl":"https:\/\/akunq.net\/tr\/wp-content\/uploads\/sites\/6\/2026\/02\/Ermeni-toplumu.webp","datePublished":"2026-02-02T07:19:34+00:00","author":{"@id":"https:\/\/akunq.net\/tr\/#\/schema\/person\/42a46675f00a8f1e84520e8c56500de3"},"breadcrumb":{"@id":"https:\/\/akunq.net\/tr\/?p=85331#breadcrumb"},"inLanguage":"en-US","potentialAction":[{"@type":"ReadAction","target":["https:\/\/akunq.net\/tr\/?p=85331"]}]},{"@type":"ImageObject","inLanguage":"en-US","@id":"https:\/\/akunq.net\/tr\/?p=85331#primaryimage","url":"https:\/\/akunq.net\/tr\/wp-content\/uploads\/sites\/6\/2026\/02\/Ermeni-toplumu.webp","contentUrl":"https:\/\/akunq.net\/tr\/wp-content\/uploads\/sites\/6\/2026\/02\/Ermeni-toplumu.webp","width":1200,"height":800},{"@type":"BreadcrumbList","@id":"https:\/\/akunq.net\/tr\/?p=85331#breadcrumb","itemListElement":[{"@type":"ListItem","position":1,"name":"Home","item":"https:\/\/akunq.net\/tr"},{"@type":"ListItem","position":2,"name":"Ermeni toplumunda n\u00fcfus erimesi devam ediyor: 527 vefat, 183 vaftiz"}]},{"@type":"WebSite","@id":"https:\/\/akunq.net\/tr\/#website","url":"https:\/\/akunq.net\/tr\/","name":"Bati Ermenistan Ve Bati Ermenileri Sorunlari Ara\u015ftirmalar Merkezi","description":"","potentialAction":[{"@type":"SearchAction","target":{"@type":"EntryPoint","urlTemplate":"https:\/\/akunq.net\/tr\/?s={search_term_string}"},"query-input":{"@type":"PropertyValueSpecification","valueRequired":true,"valueName":"search_term_string"}}],"inLanguage":"en-US"},{"@type":"Person","@id":"https:\/\/akunq.net\/tr\/#\/schema\/person\/42a46675f00a8f1e84520e8c56500de3","name":"admin","url":"https:\/\/akunq.net\/tr\/?author=1"}]}},"_links":{"self":[{"href":"https:\/\/akunq.net\/tr\/index.php?rest_route=\/wp\/v2\/posts\/85331","targetHints":{"allow":["GET"]}}],"collection":[{"href":"https:\/\/akunq.net\/tr\/index.php?rest_route=\/wp\/v2\/posts"}],"about":[{"href":"https:\/\/akunq.net\/tr\/index.php?rest_route=\/wp\/v2\/types\/post"}],"author":[{"embeddable":true,"href":"https:\/\/akunq.net\/tr\/index.php?rest_route=\/wp\/v2\/users\/1"}],"replies":[{"embeddable":true,"href":"https:\/\/akunq.net\/tr\/index.php?rest_route=%2Fwp%2Fv2%2Fcomments&post=85331"}],"version-history":[{"count":1,"href":"https:\/\/akunq.net\/tr\/index.php?rest_route=\/wp\/v2\/posts\/85331\/revisions"}],"predecessor-version":[{"id":85333,"href":"https:\/\/akunq.net\/tr\/index.php?rest_route=\/wp\/v2\/posts\/85331\/revisions\/85333"}],"wp:featuredmedia":[{"embeddable":true,"href":"https:\/\/akunq.net\/tr\/index.php?rest_route=\/wp\/v2\/media\/85332"}],"wp:attachment":[{"href":"https:\/\/akunq.net\/tr\/index.php?rest_route=%2Fwp%2Fv2%2Fmedia&parent=85331"}],"wp:term":[{"taxonomy":"category","embeddable":true,"href":"https:\/\/akunq.net\/tr\/index.php?rest_route=%2Fwp%2Fv2%2Fcategories&post=85331"},{"taxonomy":"post_tag","embeddable":true,"href":"https:\/\/akunq.net\/tr\/index.php?rest_route=%2Fwp%2Fv2%2Ftags&post=85331"}],"curies":[{"name":"wp","href":"https:\/\/api.w.org\/{rel}","templated":true}]}}