{"id":85328,"date":"2026-02-02T02:15:21","date_gmt":"2026-02-02T07:15:21","guid":{"rendered":"https:\/\/akunq.net\/tr\/?p=85328"},"modified":"2026-02-02T02:15:21","modified_gmt":"2026-02-02T07:15:21","slug":"yoksulluk-meselesini-ne-yapacagiz","status":"publish","type":"post","link":"https:\/\/akunq.net\/tr\/?p=85328","title":{"rendered":"Yoksulluk meselesini ne yapaca\u011f\u0131z?"},"content":{"rendered":"\n<p><em><strong>T\u00fcrkiye Ermeni toplumunda yoksulluk meselesi ne zamand\u0131r g\u00fcndemde. O zamandan beri toplum olarak bu konuda neler yap\u0131labilece\u011fini konu\u015fuyoruz. Ancak biz T\u00fcrkiye Ermeni toplumu olarak ne\u00a0 yap\u0131yoruz, ne yapabiliriz? Bu sorulara acilen yan\u0131t bulmak zorunday\u0131z.<\/strong><\/em><\/p>\n\n\n\n<p><strong>Yetvart Danzikyan<\/strong><\/p>\n\n\n\n<p>T\u00fcrkiye Ermeni toplumunda yoksulluk meselesi ne zamand\u0131r g\u00fcndemde. Patrik Ma\u015falyan ge\u00e7ti\u011fimiz y\u0131l\u0131n sonlar\u0131na do\u011fru Sahakyan Okulu\u2019nun sevgi sofras\u0131n\u0131n kapan\u0131\u015f konu\u015fmas\u0131nda T\u00fcrkiye Ermeni toplumundaki yoksullu\u011fa dikkat \u00e7ekmi\u015f ve 803 ailenin ekme\u011fe muhta\u00e7 oldu\u011funu, ailelerin kiralar\u0131n\u0131 dahi \u00f6demekte zorland\u0131\u011f\u0131n\u0131 a\u00e7\u0131klam\u0131\u015ft\u0131.<\/p>\n\n\n\n<p>O zamandan beri toplum olarak bu konuda neler yap\u0131labilece\u011fini konu\u015fuyoruz. Bu sorunla ilgilenen \u00e7e\u015fitli kurumlar var. Patrikhane Sosyal Yard\u0131m Komisyonu (PSYK) pandemi d\u00f6neminde zor durumda olan ailelere erzak yard\u0131m\u0131 yapma amac\u0131yla kurulmu\u015f olsa da faaliyetlerini devam ettiriyor. PSYK Ba\u015fkan\u0131 Herman Kavafyan 2025\u2019in Ekim ay\u0131nda gazetemize yapt\u0131\u011f\u0131 a\u00e7\u0131klamada \u015funlar\u0131 demi\u015fti: \u201cKiralar art\u0131k \u00f6denebilir seviyelerin \u00e7ok \u00fczerine \u00e7\u0131kt\u0131; neredeyse her g\u00fcn bir aile vak\u0131f evlerinde yer olup olmad\u0131\u011f\u0131n\u0131 soruyor. Ne yaz\u0131k ki, bu konuda kaynaklar\u0131m\u0131z s\u0131n\u0131rl\u0131. Komisyonumuz, baz\u0131 vak\u0131flar\u0131n ve hay\u0131rseverlerin katk\u0131lar\u0131yla bu alanlarda elinden geleni yap\u0131yor; ancak mevcut kaynaklar t\u00fcm bu ihtiya\u00e7lar\u0131 kar\u015f\u0131lamaya yetmiyor.\u201d<\/p>\n\n\n\n<p>Mer Hayer (Bizim Ermeniler) \u0130nisiyatifi ise yeni bir model \u00fczerinde \u00e7al\u0131\u015ft\u0131\u011f\u0131n\u0131 yine gazetemize yapt\u0131\u011f\u0131 a\u00e7\u0131klamada duyurmu\u015ftu.&nbsp; Mer Hayer \u015fu noktalar \u00fczerinde durmu\u015ftu: \u201cBirlikte Sosyal Dayan\u0131\u015fma Modeli, uzun y\u0131llard\u0131r toplumda konu\u015fulan; ancak bug\u00fcne kadar somut, planl\u0131 ve s\u00fcrd\u00fcr\u00fclebilir bir yap\u0131ya kavu\u015famam\u0131\u015f bir ihtiyac\u0131n ad\u0131d\u0131r. Biz Mer Hayer olarak sahada \u015funu \u00e7ok net g\u00f6rd\u00fck: Toplumumuzda as\u0131l eksik olan \u015fey iyi niyet ya da dayan\u0131\u015fma duygusu de\u011fil; bu dayan\u0131\u015fmay\u0131 kal\u0131c\u0131 ve adil k\u0131lacak d\u00fczenin bug\u00fcne kadar kurulamam\u0131\u015f olmas\u0131.\u201d<\/p>\n\n\n\n<p>6 Ocak\u2019taki Kutsal Do\u011fu\u015f Yortusu resepsiyonunda Ermeni Vak\u0131flar Birli\u011fi (ERVAB) Genel Sekreteri Levon Kuziko\u011flu birlik olarak bu konuda bir komisyon kuracaklar\u0131n\u0131 s\u00f6ylemi\u015fti. Kiliselerin fakirler kollar\u0131 da bu konuda \u00e7al\u0131\u015fmalar y\u00fcr\u00fct\u00fcyor. Biz de resepsiyonda Patrik Ma\u015falyan\u2019a t\u00fcm bu \u00e7al\u0131\u015fmalar\u0131 koordine edecek bir yap\u0131lanmaya ihtiya\u00e7 olup olmad\u0131\u011f\u0131n\u0131 sormu\u015ftuk. Daha do\u011frusu b\u00f6yle bir yap\u0131lanman\u0131n gereklili\u011fine dikkat \u00e7ekmi\u015ftik. Resepsiyon s\u0131ras\u0131nda sordu\u011fumuz soruya net bir yan\u0131t alamad\u0131k. Dolay\u0131s\u0131yla bu alanda neler yap\u0131ld\u0131\u011f\u0131n\u0131 tam olarak bilemiyoruz.<\/p>\n\n\n\n<p>Beri yandan sorun t\u00fcm yak\u0131c\u0131l\u0131\u011f\u0131yla devam ediyor. Bu hafta evini bo\u015faltmak zorunda kalan ya\u015fl\u0131 bir kad\u0131n\u0131n feryad\u0131na yer verdik. Benzer durumda olan ka\u00e7 ki\u015fi var? Yine ge\u00e7ti\u011fimiz y\u0131l Kurtulu\u015f\u2019ta sokakta ya\u015fayanlar\u0131n say\u0131s\u0131n\u0131n artt\u0131\u011f\u0131n\u0131 \u00f6\u011frenmi\u015ftik. Bu tabloda herhangi bir de\u011fi\u015fiklik var m\u0131? Her \u015feyden \u00f6nemlisi Patrik Ma\u015falyan \u201c803 aile\u201d say\u0131s\u0131n\u0131 hangi verilerden yola \u00e7\u0131karak telaffuz etti ve bu say\u0131da bir art\u0131\u015f ya da azal\u0131\u015f var m\u0131?<\/p>\n\n\n\n<p>Zor durumdakilerin en \u00f6nemli talebi bar\u0131nma. Do\u011fal olarak vak\u0131f evlerine yerle\u015fmek istiyorlar,&nbsp; hatta tek bir odaya bile yerle\u015fmeye de raz\u0131lar. Kimi vak\u0131f y\u00f6neticileri ise vak\u0131flar\u0131n bu \u00e7apta talebi kar\u015f\u0131layacak m\u00fclklere sahip olmad\u0131\u011f\u0131n\u0131 s\u00f6yl\u00fcyor.<\/p>\n\n\n\n<p>Peki b\u00f6yle talepleri ne oranda kar\u015f\u0131layabiliriz?&nbsp; Elimizde nas\u0131l bir envanter var? Bunlar\u0131 da bilmiyoruz. Kimi vak\u0131flar\u0131n tek geliri bu evlerden ald\u0131klar\u0131 kira. Bu da ayr\u0131 bir ger\u00e7eklik. Ancak \u015feffaf bir envanter \u00e7al\u0131\u015fmas\u0131yla ne durumda oldu\u011fumuz herhalde ortaya \u00e7\u0131kacakt\u0131r.<\/p>\n\n\n\n<p>Meselenin \u015f\u00fcphesiz \u015f\u00f6yle bir boyutu da var. Bar\u0131nma i\u00e7in yeterli geliri zar zor denkle\u015ftirenler de art\u0131k Kurtulu\u015f, Bak\u0131rk\u00f6y, \u00dcsk\u00fcdar gibi semtlerden ta\u015f\u0131nmak zorunda kal\u0131yorlar. Beylikd\u00fcz\u00fc, B. \u00c7ekmece, Avc\u0131lar gibi semtlere ta\u015f\u0131nanlar\u0131n say\u0131s\u0131 az de\u011fil. Dolay\u0131s\u0131yla geleneksel \u0130stanbul Ermeni toplumu demografisi de de\u011fi\u015fiyor.<\/p>\n\n\n\n<p>Bunlar T\u00fcrkiye\u2019de ya\u015fanan ekonomik krizin etkileri, b\u00fcy\u00fck \u00f6l\u00e7\u00fcde. Ayn\u0131 sorunu T\u00fcrkiye toplumunun b\u00fcy\u00fck bir kesimi de ya\u015f\u0131yor. Avrupa \u00f6l\u00e7e\u011finde kiralar\u0131n en \u00e7ok artt\u0131\u011f\u0131 \u015fehirlerin ba\u015f\u0131nda geliyor \u0130stanbul.<\/p>\n\n\n\n<p>Bunun i\u00e7in h\u00fck\u00fcmetin atmas\u0131 gereken ad\u0131mlar ayr\u0131 bir ba\u015fl\u0131k. Ancak biz T\u00fcrkiye Ermeni toplumu olarak ne&nbsp; yap\u0131yoruz, ne yapabiliriz?<\/p>\n\n\n\n<p>Bu sorulara acilen yan\u0131t bulmak zorunday\u0131z.<\/p>\n\n\n\n<p><a href=\"https:\/\/www.agos.com.tr\/tr\/yazi\/yoksulluk-meselesini-ne-yapacagiz-39307\"><strong><em>https:\/\/www.agos.com.tr\/tr\/yazi\/yoksulluk-meselesini-ne-yapacagiz-39307<\/em><\/strong><\/a><\/p>\n","protected":false},"excerpt":{"rendered":"<p>T\u00fcrkiye Ermeni toplumunda yoksulluk meselesi ne zamand\u0131r g\u00fcndemde. O zamandan beri toplum olarak bu konuda neler yap\u0131labilece\u011fini konu\u015fuyoruz. Ancak biz T\u00fcrkiye Ermeni toplumu olarak ne\u00a0 yap\u0131yoruz, ne yapabiliriz? Bu sorulara acilen yan\u0131t bulmak zorunday\u0131z. Yetvart Danzikyan T\u00fcrkiye Ermeni toplumunda yoksulluk meselesi ne zamand\u0131r g\u00fcndemde. Patrik Ma\u015falyan ge\u00e7ti\u011fimiz y\u0131l\u0131n sonlar\u0131na do\u011fru Sahakyan Okulu\u2019nun sevgi sofras\u0131n\u0131n kapan\u0131\u015f [&hellip;]<\/p>\n","protected":false},"author":1,"featured_media":85329,"comment_status":"open","ping_status":"open","sticky":false,"template":"","format":"standard","meta":{"footnotes":""},"categories":[1,70],"tags":[],"class_list":["post-85328","post","type-post","status-publish","format-standard","has-post-thumbnail","hentry","category-haberler","category-makaleler"],"yoast_head":"<!-- This site is optimized with the Yoast SEO plugin v27.4 - https:\/\/yoast.com\/product\/yoast-seo-wordpress\/ -->\n<title>Yoksulluk meselesini ne yapaca\u011f\u0131z? - Bati Ermenistan Ve Bati Ermenileri Sorunlari Ara\u015ftirmalar Merkezi<\/title>\n<meta name=\"robots\" content=\"index, follow, max-snippet:-1, max-image-preview:large, max-video-preview:-1\" \/>\n<link rel=\"canonical\" href=\"https:\/\/akunq.net\/tr\/?p=85328\" \/>\n<meta property=\"og:locale\" content=\"en_US\" \/>\n<meta property=\"og:type\" content=\"article\" \/>\n<meta property=\"og:title\" content=\"Yoksulluk meselesini ne yapaca\u011f\u0131z? - Bati Ermenistan Ve Bati Ermenileri Sorunlari Ara\u015ftirmalar Merkezi\" \/>\n<meta property=\"og:description\" content=\"T\u00fcrkiye Ermeni toplumunda yoksulluk meselesi ne zamand\u0131r g\u00fcndemde. O zamandan beri toplum olarak bu konuda neler yap\u0131labilece\u011fini konu\u015fuyoruz. Ancak biz T\u00fcrkiye Ermeni toplumu olarak ne\u00a0 yap\u0131yoruz, ne yapabiliriz? Bu sorulara acilen yan\u0131t bulmak zorunday\u0131z. Yetvart Danzikyan T\u00fcrkiye Ermeni toplumunda yoksulluk meselesi ne zamand\u0131r g\u00fcndemde. Patrik Ma\u015falyan ge\u00e7ti\u011fimiz y\u0131l\u0131n sonlar\u0131na do\u011fru Sahakyan Okulu\u2019nun sevgi sofras\u0131n\u0131n kapan\u0131\u015f [&hellip;]\" \/>\n<meta property=\"og:url\" content=\"https:\/\/akunq.net\/tr\/?p=85328\" \/>\n<meta property=\"og:site_name\" content=\"Bati Ermenistan Ve Bati Ermenileri Sorunlari Ara\u015ftirmalar Merkezi\" \/>\n<meta property=\"article:published_time\" content=\"2026-02-02T07:15:21+00:00\" \/>\n<meta property=\"og:image\" content=\"https:\/\/akunq.net\/tr\/wp-content\/uploads\/sites\/6\/2026\/02\/Danzikyan.webp\" \/>\n\t<meta property=\"og:image:width\" content=\"510\" \/>\n\t<meta property=\"og:image:height\" content=\"330\" \/>\n\t<meta property=\"og:image:type\" content=\"image\/webp\" \/>\n<meta name=\"author\" content=\"admin\" \/>\n<meta name=\"twitter:card\" content=\"summary_large_image\" \/>\n<meta name=\"twitter:label1\" content=\"Written by\" \/>\n\t<meta name=\"twitter:data1\" content=\"admin\" \/>\n\t<meta name=\"twitter:label2\" content=\"Est. reading time\" \/>\n\t<meta name=\"twitter:data2\" content=\"3 minutes\" \/>\n<script type=\"application\/ld+json\" class=\"yoast-schema-graph\">{\"@context\":\"https:\\\/\\\/schema.org\",\"@graph\":[{\"@type\":\"Article\",\"@id\":\"https:\\\/\\\/akunq.net\\\/tr\\\/?p=85328#article\",\"isPartOf\":{\"@id\":\"https:\\\/\\\/akunq.net\\\/tr\\\/?p=85328\"},\"author\":{\"name\":\"admin\",\"@id\":\"https:\\\/\\\/akunq.net\\\/tr\\\/#\\\/schema\\\/person\\\/42a46675f00a8f1e84520e8c56500de3\"},\"headline\":\"Yoksulluk meselesini ne yapaca\u011f\u0131z?\",\"datePublished\":\"2026-02-02T07:15:21+00:00\",\"mainEntityOfPage\":{\"@id\":\"https:\\\/\\\/akunq.net\\\/tr\\\/?p=85328\"},\"wordCount\":777,\"commentCount\":0,\"image\":{\"@id\":\"https:\\\/\\\/akunq.net\\\/tr\\\/?p=85328#primaryimage\"},\"thumbnailUrl\":\"https:\\\/\\\/akunq.net\\\/tr\\\/wp-content\\\/uploads\\\/sites\\\/6\\\/2026\\\/02\\\/Danzikyan.webp\",\"articleSection\":[\"Haberler\",\"Makaleler\"],\"inLanguage\":\"en-US\",\"potentialAction\":[{\"@type\":\"CommentAction\",\"name\":\"Comment\",\"target\":[\"https:\\\/\\\/akunq.net\\\/tr\\\/?p=85328#respond\"]}]},{\"@type\":\"WebPage\",\"@id\":\"https:\\\/\\\/akunq.net\\\/tr\\\/?p=85328\",\"url\":\"https:\\\/\\\/akunq.net\\\/tr\\\/?p=85328\",\"name\":\"Yoksulluk meselesini ne yapaca\u011f\u0131z? - Bati Ermenistan Ve Bati Ermenileri Sorunlari Ara\u015ftirmalar Merkezi\",\"isPartOf\":{\"@id\":\"https:\\\/\\\/akunq.net\\\/tr\\\/#website\"},\"primaryImageOfPage\":{\"@id\":\"https:\\\/\\\/akunq.net\\\/tr\\\/?p=85328#primaryimage\"},\"image\":{\"@id\":\"https:\\\/\\\/akunq.net\\\/tr\\\/?p=85328#primaryimage\"},\"thumbnailUrl\":\"https:\\\/\\\/akunq.net\\\/tr\\\/wp-content\\\/uploads\\\/sites\\\/6\\\/2026\\\/02\\\/Danzikyan.webp\",\"datePublished\":\"2026-02-02T07:15:21+00:00\",\"author\":{\"@id\":\"https:\\\/\\\/akunq.net\\\/tr\\\/#\\\/schema\\\/person\\\/42a46675f00a8f1e84520e8c56500de3\"},\"breadcrumb\":{\"@id\":\"https:\\\/\\\/akunq.net\\\/tr\\\/?p=85328#breadcrumb\"},\"inLanguage\":\"en-US\",\"potentialAction\":[{\"@type\":\"ReadAction\",\"target\":[\"https:\\\/\\\/akunq.net\\\/tr\\\/?p=85328\"]}]},{\"@type\":\"ImageObject\",\"inLanguage\":\"en-US\",\"@id\":\"https:\\\/\\\/akunq.net\\\/tr\\\/?p=85328#primaryimage\",\"url\":\"https:\\\/\\\/akunq.net\\\/tr\\\/wp-content\\\/uploads\\\/sites\\\/6\\\/2026\\\/02\\\/Danzikyan.webp\",\"contentUrl\":\"https:\\\/\\\/akunq.net\\\/tr\\\/wp-content\\\/uploads\\\/sites\\\/6\\\/2026\\\/02\\\/Danzikyan.webp\",\"width\":510,\"height\":330},{\"@type\":\"BreadcrumbList\",\"@id\":\"https:\\\/\\\/akunq.net\\\/tr\\\/?p=85328#breadcrumb\",\"itemListElement\":[{\"@type\":\"ListItem\",\"position\":1,\"name\":\"Home\",\"item\":\"https:\\\/\\\/akunq.net\\\/tr\"},{\"@type\":\"ListItem\",\"position\":2,\"name\":\"Yoksulluk meselesini ne yapaca\u011f\u0131z?\"}]},{\"@type\":\"WebSite\",\"@id\":\"https:\\\/\\\/akunq.net\\\/tr\\\/#website\",\"url\":\"https:\\\/\\\/akunq.net\\\/tr\\\/\",\"name\":\"Bati Ermenistan Ve Bati Ermenileri Sorunlari Ara\u015ftirmalar Merkezi\",\"description\":\"\",\"potentialAction\":[{\"@type\":\"SearchAction\",\"target\":{\"@type\":\"EntryPoint\",\"urlTemplate\":\"https:\\\/\\\/akunq.net\\\/tr\\\/?s={search_term_string}\"},\"query-input\":{\"@type\":\"PropertyValueSpecification\",\"valueRequired\":true,\"valueName\":\"search_term_string\"}}],\"inLanguage\":\"en-US\"},{\"@type\":\"Person\",\"@id\":\"https:\\\/\\\/akunq.net\\\/tr\\\/#\\\/schema\\\/person\\\/42a46675f00a8f1e84520e8c56500de3\",\"name\":\"admin\",\"url\":\"https:\\\/\\\/akunq.net\\\/tr\\\/?author=1\"}]}<\/script>\n<!-- \/ Yoast SEO plugin. -->","yoast_head_json":{"title":"Yoksulluk meselesini ne yapaca\u011f\u0131z? - Bati Ermenistan Ve Bati Ermenileri Sorunlari Ara\u015ftirmalar Merkezi","robots":{"index":"index","follow":"follow","max-snippet":"max-snippet:-1","max-image-preview":"max-image-preview:large","max-video-preview":"max-video-preview:-1"},"canonical":"https:\/\/akunq.net\/tr\/?p=85328","og_locale":"en_US","og_type":"article","og_title":"Yoksulluk meselesini ne yapaca\u011f\u0131z? - Bati Ermenistan Ve Bati Ermenileri Sorunlari Ara\u015ftirmalar Merkezi","og_description":"T\u00fcrkiye Ermeni toplumunda yoksulluk meselesi ne zamand\u0131r g\u00fcndemde. O zamandan beri toplum olarak bu konuda neler yap\u0131labilece\u011fini konu\u015fuyoruz. Ancak biz T\u00fcrkiye Ermeni toplumu olarak ne\u00a0 yap\u0131yoruz, ne yapabiliriz? Bu sorulara acilen yan\u0131t bulmak zorunday\u0131z. Yetvart Danzikyan T\u00fcrkiye Ermeni toplumunda yoksulluk meselesi ne zamand\u0131r g\u00fcndemde. Patrik Ma\u015falyan ge\u00e7ti\u011fimiz y\u0131l\u0131n sonlar\u0131na do\u011fru Sahakyan Okulu\u2019nun sevgi sofras\u0131n\u0131n kapan\u0131\u015f [&hellip;]","og_url":"https:\/\/akunq.net\/tr\/?p=85328","og_site_name":"Bati Ermenistan Ve Bati Ermenileri Sorunlari Ara\u015ftirmalar Merkezi","article_published_time":"2026-02-02T07:15:21+00:00","og_image":[{"width":510,"height":330,"url":"https:\/\/akunq.net\/tr\/wp-content\/uploads\/sites\/6\/2026\/02\/Danzikyan.webp","type":"image\/webp"}],"author":"admin","twitter_card":"summary_large_image","twitter_misc":{"Written by":"admin","Est. reading time":"3 minutes"},"schema":{"@context":"https:\/\/schema.org","@graph":[{"@type":"Article","@id":"https:\/\/akunq.net\/tr\/?p=85328#article","isPartOf":{"@id":"https:\/\/akunq.net\/tr\/?p=85328"},"author":{"name":"admin","@id":"https:\/\/akunq.net\/tr\/#\/schema\/person\/42a46675f00a8f1e84520e8c56500de3"},"headline":"Yoksulluk meselesini ne yapaca\u011f\u0131z?","datePublished":"2026-02-02T07:15:21+00:00","mainEntityOfPage":{"@id":"https:\/\/akunq.net\/tr\/?p=85328"},"wordCount":777,"commentCount":0,"image":{"@id":"https:\/\/akunq.net\/tr\/?p=85328#primaryimage"},"thumbnailUrl":"https:\/\/akunq.net\/tr\/wp-content\/uploads\/sites\/6\/2026\/02\/Danzikyan.webp","articleSection":["Haberler","Makaleler"],"inLanguage":"en-US","potentialAction":[{"@type":"CommentAction","name":"Comment","target":["https:\/\/akunq.net\/tr\/?p=85328#respond"]}]},{"@type":"WebPage","@id":"https:\/\/akunq.net\/tr\/?p=85328","url":"https:\/\/akunq.net\/tr\/?p=85328","name":"Yoksulluk meselesini ne yapaca\u011f\u0131z? - Bati Ermenistan Ve Bati Ermenileri Sorunlari Ara\u015ftirmalar Merkezi","isPartOf":{"@id":"https:\/\/akunq.net\/tr\/#website"},"primaryImageOfPage":{"@id":"https:\/\/akunq.net\/tr\/?p=85328#primaryimage"},"image":{"@id":"https:\/\/akunq.net\/tr\/?p=85328#primaryimage"},"thumbnailUrl":"https:\/\/akunq.net\/tr\/wp-content\/uploads\/sites\/6\/2026\/02\/Danzikyan.webp","datePublished":"2026-02-02T07:15:21+00:00","author":{"@id":"https:\/\/akunq.net\/tr\/#\/schema\/person\/42a46675f00a8f1e84520e8c56500de3"},"breadcrumb":{"@id":"https:\/\/akunq.net\/tr\/?p=85328#breadcrumb"},"inLanguage":"en-US","potentialAction":[{"@type":"ReadAction","target":["https:\/\/akunq.net\/tr\/?p=85328"]}]},{"@type":"ImageObject","inLanguage":"en-US","@id":"https:\/\/akunq.net\/tr\/?p=85328#primaryimage","url":"https:\/\/akunq.net\/tr\/wp-content\/uploads\/sites\/6\/2026\/02\/Danzikyan.webp","contentUrl":"https:\/\/akunq.net\/tr\/wp-content\/uploads\/sites\/6\/2026\/02\/Danzikyan.webp","width":510,"height":330},{"@type":"BreadcrumbList","@id":"https:\/\/akunq.net\/tr\/?p=85328#breadcrumb","itemListElement":[{"@type":"ListItem","position":1,"name":"Home","item":"https:\/\/akunq.net\/tr"},{"@type":"ListItem","position":2,"name":"Yoksulluk meselesini ne yapaca\u011f\u0131z?"}]},{"@type":"WebSite","@id":"https:\/\/akunq.net\/tr\/#website","url":"https:\/\/akunq.net\/tr\/","name":"Bati Ermenistan Ve Bati Ermenileri Sorunlari Ara\u015ftirmalar Merkezi","description":"","potentialAction":[{"@type":"SearchAction","target":{"@type":"EntryPoint","urlTemplate":"https:\/\/akunq.net\/tr\/?s={search_term_string}"},"query-input":{"@type":"PropertyValueSpecification","valueRequired":true,"valueName":"search_term_string"}}],"inLanguage":"en-US"},{"@type":"Person","@id":"https:\/\/akunq.net\/tr\/#\/schema\/person\/42a46675f00a8f1e84520e8c56500de3","name":"admin","url":"https:\/\/akunq.net\/tr\/?author=1"}]}},"_links":{"self":[{"href":"https:\/\/akunq.net\/tr\/index.php?rest_route=\/wp\/v2\/posts\/85328","targetHints":{"allow":["GET"]}}],"collection":[{"href":"https:\/\/akunq.net\/tr\/index.php?rest_route=\/wp\/v2\/posts"}],"about":[{"href":"https:\/\/akunq.net\/tr\/index.php?rest_route=\/wp\/v2\/types\/post"}],"author":[{"embeddable":true,"href":"https:\/\/akunq.net\/tr\/index.php?rest_route=\/wp\/v2\/users\/1"}],"replies":[{"embeddable":true,"href":"https:\/\/akunq.net\/tr\/index.php?rest_route=%2Fwp%2Fv2%2Fcomments&post=85328"}],"version-history":[{"count":1,"href":"https:\/\/akunq.net\/tr\/index.php?rest_route=\/wp\/v2\/posts\/85328\/revisions"}],"predecessor-version":[{"id":85330,"href":"https:\/\/akunq.net\/tr\/index.php?rest_route=\/wp\/v2\/posts\/85328\/revisions\/85330"}],"wp:featuredmedia":[{"embeddable":true,"href":"https:\/\/akunq.net\/tr\/index.php?rest_route=\/wp\/v2\/media\/85329"}],"wp:attachment":[{"href":"https:\/\/akunq.net\/tr\/index.php?rest_route=%2Fwp%2Fv2%2Fmedia&parent=85328"}],"wp:term":[{"taxonomy":"category","embeddable":true,"href":"https:\/\/akunq.net\/tr\/index.php?rest_route=%2Fwp%2Fv2%2Fcategories&post=85328"},{"taxonomy":"post_tag","embeddable":true,"href":"https:\/\/akunq.net\/tr\/index.php?rest_route=%2Fwp%2Fv2%2Ftags&post=85328"}],"curies":[{"name":"wp","href":"https:\/\/api.w.org\/{rel}","templated":true}]}}